{"id":113627,"date":"2021-10-28T14:59:14","date_gmt":"2021-10-28T12:59:14","guid":{"rendered":"http:\/\/fr.motocrossmag.be\/?p=113627"},"modified":"2021-10-28T14:59:14","modified_gmt":"2021-10-28T12:59:14","slug":"romain-febvre-le-championnat-est-a-nouveau-relance","status":"publish","type":"post","link":"https:\/\/fr.motocrossmag.be\/index.php\/2021\/10\/romain-febvre-le-championnat-est-a-nouveau-relance\/","title":{"rendered":"Romain Febvre : \u00ab\u00a0Le championnat est \u00e0 nouveau relanc\u00e9 !\u00a0\u00bb"},"content":{"rendered":"<p><strong>Quelle saison ! A l&rsquo;issue du 15\u00e8me round de la saison disput\u00e9 ce mercredi \u00e0 Trentino, seuls 3 petits points s\u00e9parent les 3 hommes forts du championnat. Herlings est toujours en t\u00eate mais le Hollandais ne compte plus qu&rsquo;un point d&rsquo;avance sur Febvre et trois sur le champion du monde en titre Gajser au moment d&rsquo;aborder les 3 derniers GP d&rsquo;une saison d\u00e9cid\u00e9ment plus ouverte que jamais dans la cat\u00e9gorie reine du motocross mondial.<\/strong><\/p>\n<p>\u00ab\u00a0La premi\u00e8re manche a \u00e9t\u00e9 vraiment bonne pour moi\u00a0\u00bb, commente Febvre. \u00ab\u00a0A mi-course, j&rsquo;ai fait une petite erreur qui m&rsquo;a co\u00fbt\u00e9 3 ou 4 secondes. Mais j&rsquo;\u00e9tais plus rapide \u00e0 quelques endroits sur le circuit et je savais que je pourrais r\u00e9cup\u00e9rer le temps perdu. Les cinq derniers tours ont \u00e9t\u00e9 vraiment tr\u00e8s intenses, on s&rsquo;est pass\u00e9 plusieurs fois et quand je suis parvenu \u00e0 prendre le meilleur, je ne savais pas que c&rsquo;\u00e9tait pour prendre le leadership du championnat, mais cela faisait du bien de gagner cette course-l\u00e0.\u00a0\u00bb<\/p>\n<p><img decoding=\"async\" class=\"lazyload size-full wp-image-113629 alignnone\" src=\"http:\/\/fr.motocrossmag.be\/wp-content\/uploads\/2021\/10\/FEBVRE_GP15_PH_0427.jpg\" data-orig-src=\"http:\/\/fr.motocrossmag.be\/wp-content\/uploads\/2021\/10\/FEBVRE_GP15_PH_0427.jpg\" alt=\"\" width=\"1000\" height=\"666\" srcset=\"data:image\/svg+xml,%3Csvg%20xmlns%3D%27http%3A%2F%2Fwww.w3.org%2F2000%2Fsvg%27%20width%3D%271000%27%20height%3D%27666%27%20viewBox%3D%270%200%201000%20666%27%3E%3Crect%20width%3D%271000%27%20height%3D%27666%27%20fill-opacity%3D%220%22%2F%3E%3C%2Fsvg%3E\" data-srcset=\"https:\/\/fr.motocrossmag.be\/wp-content\/uploads\/2021\/10\/FEBVRE_GP15_PH_0427-650x433.jpg 650w, https:\/\/fr.motocrossmag.be\/wp-content\/uploads\/2021\/10\/FEBVRE_GP15_PH_0427-768x511.jpg 768w, https:\/\/fr.motocrossmag.be\/wp-content\/uploads\/2021\/10\/FEBVRE_GP15_PH_0427.jpg 1000w\" data-sizes=\"auto\" data-orig-sizes=\"(max-width: 1000px) 100vw, 1000px\" \/><\/p>\n<p>La seconde manche laisse par contre un sentiment de d\u00e9ception \u00e0 l&rsquo;ancien champion MXGP. Celle-ci a en effet permis \u00e0 Herlings de conserver in extremis la plaque rouge. \u00ab\u00a0Je suis un peu d\u00e9\u00e7u, en effet\u00a0\u00bb, confirme l&rsquo;officiel Kawasaki. \u00ab\u00a0Encore une fois, je signe une bonne manche et une autre moins bonne. Je n&rsquo;ai pas pris un bon d\u00e9part alors que c&rsquo;est particuli\u00e8rement important \u00e0 Arco di Trento. Je suis parvenu \u00e0 passer Jeffrey mais il m&rsquo;a ensuite repass\u00e9.\u00a0\u00bb<\/p>\n<p>Plus que jamais, Febvre reste dans la course au titre et semble avoir toutes les cartes en main pour se battre jusqu&rsquo;au bout pour ce qui serait son deuxi\u00e8me titre mondial. \u00ab\u00a0Je vais me concentrer \u00e0 pr\u00e9sent sur les 3 derniers GP de la saison en tentant d&rsquo;y aligner \u00e0 chaque fois deux bonnes manches. Avec Jeffrey, Tim et moi-m\u00eame en trois points seulement \u00e0 pr\u00e9sent, le championnat est une nouvelle fois relanc\u00e9. A moi de donner le meilleur de moi-m\u00eame pour \u00eatre le premier des trois \u00e0 la fin du championnat !\u00a0\u00bb<\/p>\n","protected":false},"excerpt":{"rendered":"<p>Quelle saison ! A l&rsquo;issue du 15\u00e8me round de la saison disput\u00e9 ce mercredi \u00e0 Trentino, seuls 3 petits points s\u00e9parent les 3 hommes forts du championnat. Herlings est toujours [&#8230;]<\/p>\n","protected":false},"author":932,"featured_media":113628,"comment_status":"open","ping_status":"closed","sticky":false,"template":"","format":"standard","meta":{"footnotes":""},"categories":[54,7,58,4,5,55,65],"tags":[508,947,568,456],"class_list":["post-113627","post","type-post","status-publish","format-standard","has-post-thumbnail","hentry","category-actualite","category-interviews","category-interviews-actualite","category-motocross","category-news","category-news-actualite","category-slideshow","tag-arco-di-trento","tag-motocross","tag-mxgp","tag-romain-febvre"],"yoast_head":"<!-- This site is optimized with the Yoast SEO plugin v27.4 - https:\/\/yoast.com\/product\/yoast-seo-wordpress\/ -->\n<title>Romain Febvre : &quot;Le championnat est \u00e0 nouveau relanc\u00e9 !&quot; - Motocross - Enduro - Supermoto | MotocrossMag<\/title>\n<meta name=\"robots\" content=\"index, follow, max-snippet:-1, max-image-preview:large, max-video-preview:-1\" \/>\n<link rel=\"canonical\" href=\"https:\/\/fr.motocrossmag.be\/index.php\/2021\/10\/romain-febvre-le-championnat-est-a-nouveau-relance\/\" \/>\n<meta property=\"og:locale\" content=\"fr_FR\" \/>\n<meta property=\"og:type\" content=\"article\" \/>\n<meta property=\"og:title\" content=\"Romain Febvre : &quot;Le championnat est \u00e0 nouveau relanc\u00e9 !&quot; - Motocross - Enduro - Supermoto | MotocrossMag\" \/>\n<meta property=\"og:description\" content=\"Quelle saison ! A l&rsquo;issue du 15\u00e8me round de la saison disput\u00e9 ce mercredi \u00e0 Trentino, seuls 3 petits points s\u00e9parent les 3 hommes forts du championnat. Herlings est toujours [...]\" \/>\n<meta property=\"og:url\" content=\"https:\/\/fr.motocrossmag.be\/index.php\/2021\/10\/romain-febvre-le-championnat-est-a-nouveau-relance\/\" \/>\n<meta property=\"og:site_name\" content=\"Motocross - Enduro - Supermoto | MotocrossMag\" \/>\n<meta property=\"article:published_time\" content=\"2021-10-28T12:59:14+00:00\" \/>\n<meta property=\"og:image\" content=\"https:\/\/fr.motocrossmag.be\/wp-content\/uploads\/2021\/10\/FEBVRE_GP15_PH_3505.jpg\" \/>\n\t<meta property=\"og:image:width\" content=\"1000\" \/>\n\t<meta property=\"og:image:height\" content=\"666\" \/>\n\t<meta property=\"og:image:type\" content=\"image\/jpeg\" \/>\n<meta name=\"author\" content=\"oliviere\" \/>\n<meta name=\"twitter:card\" content=\"summary_large_image\" \/>\n<meta name=\"twitter:label1\" content=\"\u00c9crit par\" \/>\n\t<meta name=\"twitter:data1\" content=\"oliviere\" \/>\n\t<meta name=\"twitter:label2\" content=\"Dur\u00e9e de lecture estim\u00e9e\" \/>\n\t<meta name=\"twitter:data2\" content=\"2 minutes\" \/>\n<script type=\"application\/ld+json\" class=\"yoast-schema-graph\">{\"@context\":\"https:\\\/\\\/schema.org\",\"@graph\":[{\"@type\":\"Article\",\"@id\":\"https:\\\/\\\/fr.motocrossmag.be\\\/index.php\\\/2021\\\/10\\\/romain-febvre-le-championnat-est-a-nouveau-relance\\\/#article\",\"isPartOf\":{\"@id\":\"https:\\\/\\\/fr.motocrossmag.be\\\/index.php\\\/2021\\\/10\\\/romain-febvre-le-championnat-est-a-nouveau-relance\\\/\"},\"author\":{\"name\":\"oliviere\",\"@id\":\"https:\\\/\\\/fr.motocrossmag.be\\\/#\\\/schema\\\/person\\\/11b47143d9f755babca2c9110e03235c\"},\"headline\":\"Romain Febvre : \u00ab\u00a0Le championnat est \u00e0 nouveau relanc\u00e9 !\u00a0\u00bb\",\"datePublished\":\"2021-10-28T12:59:14+00:00\",\"mainEntityOfPage\":{\"@id\":\"https:\\\/\\\/fr.motocrossmag.be\\\/index.php\\\/2021\\\/10\\\/romain-febvre-le-championnat-est-a-nouveau-relance\\\/\"},\"wordCount\":358,\"commentCount\":0,\"image\":{\"@id\":\"https:\\\/\\\/fr.motocrossmag.be\\\/index.php\\\/2021\\\/10\\\/romain-febvre-le-championnat-est-a-nouveau-relance\\\/#primaryimage\"},\"thumbnailUrl\":\"https:\\\/\\\/fr.motocrossmag.be\\\/wp-content\\\/uploads\\\/2021\\\/10\\\/FEBVRE_GP15_PH_3505.jpg\",\"keywords\":[\"Arco Di Trento\",\"Motocross\",\"MXGP\",\"romain febvre\"],\"articleSection\":[\"Actualit\u00e9\",\"Interviews\",\"Interviews -all\",\"Motocross\",\"News\",\"News\",\"Slideshow\"],\"inLanguage\":\"fr-FR\",\"potentialAction\":[{\"@type\":\"CommentAction\",\"name\":\"Comment\",\"target\":[\"https:\\\/\\\/fr.motocrossmag.be\\\/index.php\\\/2021\\\/10\\\/romain-febvre-le-championnat-est-a-nouveau-relance\\\/#respond\"]}]},{\"@type\":\"WebPage\",\"@id\":\"https:\\\/\\\/fr.motocrossmag.be\\\/index.php\\\/2021\\\/10\\\/romain-febvre-le-championnat-est-a-nouveau-relance\\\/\",\"url\":\"https:\\\/\\\/fr.motocrossmag.be\\\/index.php\\\/2021\\\/10\\\/romain-febvre-le-championnat-est-a-nouveau-relance\\\/\",\"name\":\"Romain Febvre : \\\"Le championnat est \u00e0 nouveau relanc\u00e9 !\\\" - Motocross - Enduro - Supermoto | MotocrossMag\",\"isPartOf\":{\"@id\":\"https:\\\/\\\/fr.motocrossmag.be\\\/#website\"},\"primaryImageOfPage\":{\"@id\":\"https:\\\/\\\/fr.motocrossmag.be\\\/index.php\\\/2021\\\/10\\\/romain-febvre-le-championnat-est-a-nouveau-relance\\\/#primaryimage\"},\"image\":{\"@id\":\"https:\\\/\\\/fr.motocrossmag.be\\\/index.php\\\/2021\\\/10\\\/romain-febvre-le-championnat-est-a-nouveau-relance\\\/#primaryimage\"},\"thumbnailUrl\":\"https:\\\/\\\/fr.motocrossmag.be\\\/wp-content\\\/uploads\\\/2021\\\/10\\\/FEBVRE_GP15_PH_3505.jpg\",\"datePublished\":\"2021-10-28T12:59:14+00:00\",\"author\":{\"@id\":\"https:\\\/\\\/fr.motocrossmag.be\\\/#\\\/schema\\\/person\\\/11b47143d9f755babca2c9110e03235c\"},\"breadcrumb\":{\"@id\":\"https:\\\/\\\/fr.motocrossmag.be\\\/index.php\\\/2021\\\/10\\\/romain-febvre-le-championnat-est-a-nouveau-relance\\\/#breadcrumb\"},\"inLanguage\":\"fr-FR\",\"potentialAction\":[{\"@type\":\"ReadAction\",\"target\":[\"https:\\\/\\\/fr.motocrossmag.be\\\/index.php\\\/2021\\\/10\\\/romain-febvre-le-championnat-est-a-nouveau-relance\\\/\"]}]},{\"@type\":\"ImageObject\",\"inLanguage\":\"fr-FR\",\"@id\":\"https:\\\/\\\/fr.motocrossmag.be\\\/index.php\\\/2021\\\/10\\\/romain-febvre-le-championnat-est-a-nouveau-relance\\\/#primaryimage\",\"url\":\"https:\\\/\\\/fr.motocrossmag.be\\\/wp-content\\\/uploads\\\/2021\\\/10\\\/FEBVRE_GP15_PH_3505.jpg\",\"contentUrl\":\"https:\\\/\\\/fr.motocrossmag.be\\\/wp-content\\\/uploads\\\/2021\\\/10\\\/FEBVRE_GP15_PH_3505.jpg\",\"width\":1000,\"height\":666},{\"@type\":\"BreadcrumbList\",\"@id\":\"https:\\\/\\\/fr.motocrossmag.be\\\/index.php\\\/2021\\\/10\\\/romain-febvre-le-championnat-est-a-nouveau-relance\\\/#breadcrumb\",\"itemListElement\":[{\"@type\":\"ListItem\",\"position\":1,\"name\":\"Accueil\",\"item\":\"https:\\\/\\\/fr.motocrossmag.be\\\/\"},{\"@type\":\"ListItem\",\"position\":2,\"name\":\"Romain Febvre : \u00ab\u00a0Le championnat est \u00e0 nouveau relanc\u00e9 !\u00a0\u00bb\"}]},{\"@type\":\"WebSite\",\"@id\":\"https:\\\/\\\/fr.motocrossmag.be\\\/#website\",\"url\":\"https:\\\/\\\/fr.motocrossmag.be\\\/\",\"name\":\"Motocross - Enduro - Supermoto | MotocrossMag\",\"description\":\"L&#039;actualit\u00e9 du motocross, de l&#039;enduro et du Supermoto en ligne!\",\"potentialAction\":[{\"@type\":\"SearchAction\",\"target\":{\"@type\":\"EntryPoint\",\"urlTemplate\":\"https:\\\/\\\/fr.motocrossmag.be\\\/?s={search_term_string}\"},\"query-input\":{\"@type\":\"PropertyValueSpecification\",\"valueRequired\":true,\"valueName\":\"search_term_string\"}}],\"inLanguage\":\"fr-FR\"},{\"@type\":\"Person\",\"@id\":\"https:\\\/\\\/fr.motocrossmag.be\\\/#\\\/schema\\\/person\\\/11b47143d9f755babca2c9110e03235c\",\"name\":\"oliviere\",\"image\":{\"@type\":\"ImageObject\",\"inLanguage\":\"fr-FR\",\"@id\":\"https:\\\/\\\/secure.gravatar.com\\\/avatar\\\/907069e0b81d119452040469e4a7501da1100f54f7f80180ce77bfab718288f6?s=96&d=mm&r=g\",\"url\":\"https:\\\/\\\/secure.gravatar.com\\\/avatar\\\/907069e0b81d119452040469e4a7501da1100f54f7f80180ce77bfab718288f6?s=96&d=mm&r=g\",\"contentUrl\":\"https:\\\/\\\/secure.gravatar.com\\\/avatar\\\/907069e0b81d119452040469e4a7501da1100f54f7f80180ce77bfab718288f6?s=96&d=mm&r=g\",\"caption\":\"oliviere\"},\"sameAs\":[\"http:\\\/\\\/www.motocrossmag.be\"],\"url\":\"https:\\\/\\\/fr.motocrossmag.be\\\/index.php\\\/author\\\/oliviere\\\/\"}]}<\/script>\n<!-- \/ Yoast SEO plugin. -->","yoast_head_json":{"title":"Romain Febvre : \"Le championnat est \u00e0 nouveau relanc\u00e9 !\" - Motocross - Enduro - Supermoto | MotocrossMag","robots":{"index":"index","follow":"follow","max-snippet":"max-snippet:-1","max-image-preview":"max-image-preview:large","max-video-preview":"max-video-preview:-1"},"canonical":"https:\/\/fr.motocrossmag.be\/index.php\/2021\/10\/romain-febvre-le-championnat-est-a-nouveau-relance\/","og_locale":"fr_FR","og_type":"article","og_title":"Romain Febvre : \"Le championnat est \u00e0 nouveau relanc\u00e9 !\" - Motocross - Enduro - Supermoto | MotocrossMag","og_description":"Quelle saison ! A l&rsquo;issue du 15\u00e8me round de la saison disput\u00e9 ce mercredi \u00e0 Trentino, seuls 3 petits points s\u00e9parent les 3 hommes forts du championnat. Herlings est toujours [...]","og_url":"https:\/\/fr.motocrossmag.be\/index.php\/2021\/10\/romain-febvre-le-championnat-est-a-nouveau-relance\/","og_site_name":"Motocross - Enduro - Supermoto | MotocrossMag","article_published_time":"2021-10-28T12:59:14+00:00","og_image":[{"width":1000,"height":666,"url":"https:\/\/fr.motocrossmag.be\/wp-content\/uploads\/2021\/10\/FEBVRE_GP15_PH_3505.jpg","type":"image\/jpeg"}],"author":"oliviere","twitter_card":"summary_large_image","twitter_misc":{"\u00c9crit par":"oliviere","Dur\u00e9e de lecture estim\u00e9e":"2 minutes"},"schema":{"@context":"https:\/\/schema.org","@graph":[{"@type":"Article","@id":"https:\/\/fr.motocrossmag.be\/index.php\/2021\/10\/romain-febvre-le-championnat-est-a-nouveau-relance\/#article","isPartOf":{"@id":"https:\/\/fr.motocrossmag.be\/index.php\/2021\/10\/romain-febvre-le-championnat-est-a-nouveau-relance\/"},"author":{"name":"oliviere","@id":"https:\/\/fr.motocrossmag.be\/#\/schema\/person\/11b47143d9f755babca2c9110e03235c"},"headline":"Romain Febvre : \u00ab\u00a0Le championnat est \u00e0 nouveau relanc\u00e9 !\u00a0\u00bb","datePublished":"2021-10-28T12:59:14+00:00","mainEntityOfPage":{"@id":"https:\/\/fr.motocrossmag.be\/index.php\/2021\/10\/romain-febvre-le-championnat-est-a-nouveau-relance\/"},"wordCount":358,"commentCount":0,"image":{"@id":"https:\/\/fr.motocrossmag.be\/index.php\/2021\/10\/romain-febvre-le-championnat-est-a-nouveau-relance\/#primaryimage"},"thumbnailUrl":"https:\/\/fr.motocrossmag.be\/wp-content\/uploads\/2021\/10\/FEBVRE_GP15_PH_3505.jpg","keywords":["Arco Di Trento","Motocross","MXGP","romain febvre"],"articleSection":["Actualit\u00e9","Interviews","Interviews -all","Motocross","News","News","Slideshow"],"inLanguage":"fr-FR","potentialAction":[{"@type":"CommentAction","name":"Comment","target":["https:\/\/fr.motocrossmag.be\/index.php\/2021\/10\/romain-febvre-le-championnat-est-a-nouveau-relance\/#respond"]}]},{"@type":"WebPage","@id":"https:\/\/fr.motocrossmag.be\/index.php\/2021\/10\/romain-febvre-le-championnat-est-a-nouveau-relance\/","url":"https:\/\/fr.motocrossmag.be\/index.php\/2021\/10\/romain-febvre-le-championnat-est-a-nouveau-relance\/","name":"Romain Febvre : \"Le championnat est \u00e0 nouveau relanc\u00e9 !\" - Motocross - Enduro - Supermoto | MotocrossMag","isPartOf":{"@id":"https:\/\/fr.motocrossmag.be\/#website"},"primaryImageOfPage":{"@id":"https:\/\/fr.motocrossmag.be\/index.php\/2021\/10\/romain-febvre-le-championnat-est-a-nouveau-relance\/#primaryimage"},"image":{"@id":"https:\/\/fr.motocrossmag.be\/index.php\/2021\/10\/romain-febvre-le-championnat-est-a-nouveau-relance\/#primaryimage"},"thumbnailUrl":"https:\/\/fr.motocrossmag.be\/wp-content\/uploads\/2021\/10\/FEBVRE_GP15_PH_3505.jpg","datePublished":"2021-10-28T12:59:14+00:00","author":{"@id":"https:\/\/fr.motocrossmag.be\/#\/schema\/person\/11b47143d9f755babca2c9110e03235c"},"breadcrumb":{"@id":"https:\/\/fr.motocrossmag.be\/index.php\/2021\/10\/romain-febvre-le-championnat-est-a-nouveau-relance\/#breadcrumb"},"inLanguage":"fr-FR","potentialAction":[{"@type":"ReadAction","target":["https:\/\/fr.motocrossmag.be\/index.php\/2021\/10\/romain-febvre-le-championnat-est-a-nouveau-relance\/"]}]},{"@type":"ImageObject","inLanguage":"fr-FR","@id":"https:\/\/fr.motocrossmag.be\/index.php\/2021\/10\/romain-febvre-le-championnat-est-a-nouveau-relance\/#primaryimage","url":"https:\/\/fr.motocrossmag.be\/wp-content\/uploads\/2021\/10\/FEBVRE_GP15_PH_3505.jpg","contentUrl":"https:\/\/fr.motocrossmag.be\/wp-content\/uploads\/2021\/10\/FEBVRE_GP15_PH_3505.jpg","width":1000,"height":666},{"@type":"BreadcrumbList","@id":"https:\/\/fr.motocrossmag.be\/index.php\/2021\/10\/romain-febvre-le-championnat-est-a-nouveau-relance\/#breadcrumb","itemListElement":[{"@type":"ListItem","position":1,"name":"Accueil","item":"https:\/\/fr.motocrossmag.be\/"},{"@type":"ListItem","position":2,"name":"Romain Febvre : \u00ab\u00a0Le championnat est \u00e0 nouveau relanc\u00e9 !\u00a0\u00bb"}]},{"@type":"WebSite","@id":"https:\/\/fr.motocrossmag.be\/#website","url":"https:\/\/fr.motocrossmag.be\/","name":"Motocross - Enduro - Supermoto | MotocrossMag","description":"L&#039;actualit\u00e9 du motocross, de l&#039;enduro et du Supermoto en ligne!","potentialAction":[{"@type":"SearchAction","target":{"@type":"EntryPoint","urlTemplate":"https:\/\/fr.motocrossmag.be\/?s={search_term_string}"},"query-input":{"@type":"PropertyValueSpecification","valueRequired":true,"valueName":"search_term_string"}}],"inLanguage":"fr-FR"},{"@type":"Person","@id":"https:\/\/fr.motocrossmag.be\/#\/schema\/person\/11b47143d9f755babca2c9110e03235c","name":"oliviere","image":{"@type":"ImageObject","inLanguage":"fr-FR","@id":"https:\/\/secure.gravatar.com\/avatar\/907069e0b81d119452040469e4a7501da1100f54f7f80180ce77bfab718288f6?s=96&d=mm&r=g","url":"https:\/\/secure.gravatar.com\/avatar\/907069e0b81d119452040469e4a7501da1100f54f7f80180ce77bfab718288f6?s=96&d=mm&r=g","contentUrl":"https:\/\/secure.gravatar.com\/avatar\/907069e0b81d119452040469e4a7501da1100f54f7f80180ce77bfab718288f6?s=96&d=mm&r=g","caption":"oliviere"},"sameAs":["http:\/\/www.motocrossmag.be"],"url":"https:\/\/fr.motocrossmag.be\/index.php\/author\/oliviere\/"}]}},"_links":{"self":[{"href":"https:\/\/fr.motocrossmag.be\/index.php\/wp-json\/wp\/v2\/posts\/113627","targetHints":{"allow":["GET"]}}],"collection":[{"href":"https:\/\/fr.motocrossmag.be\/index.php\/wp-json\/wp\/v2\/posts"}],"about":[{"href":"https:\/\/fr.motocrossmag.be\/index.php\/wp-json\/wp\/v2\/types\/post"}],"author":[{"embeddable":true,"href":"https:\/\/fr.motocrossmag.be\/index.php\/wp-json\/wp\/v2\/users\/932"}],"replies":[{"embeddable":true,"href":"https:\/\/fr.motocrossmag.be\/index.php\/wp-json\/wp\/v2\/comments?post=113627"}],"version-history":[{"count":0,"href":"https:\/\/fr.motocrossmag.be\/index.php\/wp-json\/wp\/v2\/posts\/113627\/revisions"}],"wp:featuredmedia":[{"embeddable":true,"href":"https:\/\/fr.motocrossmag.be\/index.php\/wp-json\/wp\/v2\/media\/113628"}],"wp:attachment":[{"href":"https:\/\/fr.motocrossmag.be\/index.php\/wp-json\/wp\/v2\/media?parent=113627"}],"wp:term":[{"taxonomy":"category","embeddable":true,"href":"https:\/\/fr.motocrossmag.be\/index.php\/wp-json\/wp\/v2\/categories?post=113627"},{"taxonomy":"post_tag","embeddable":true,"href":"https:\/\/fr.motocrossmag.be\/index.php\/wp-json\/wp\/v2\/tags?post=113627"}],"curies":[{"name":"wp","href":"https:\/\/api.w.org\/{rel}","templated":true}]}}