{"id":113632,"date":"2021-10-28T15:36:47","date_gmt":"2021-10-28T13:36:47","guid":{"rendered":"http:\/\/fr.motocrossmag.be\/?p=113632"},"modified":"2021-10-28T15:36:47","modified_gmt":"2021-10-28T13:36:47","slug":"jeffrey-herlings-les-trois-prochains-gp-seront-interessants","status":"publish","type":"post","link":"https:\/\/fr.motocrossmag.be\/index.php\/2021\/10\/jeffrey-herlings-les-trois-prochains-gp-seront-interessants\/","title":{"rendered":"Jeffrey Herlings : \u00ab\u00a0Les trois prochains GP seront int\u00e9ressants !\u00a0\u00bb"},"content":{"rendered":"<p><strong>Les semaines se suivent et ne se ressemblent pas sur le championnat MXGP. Grand gagnant du GP d&rsquo;Espagne il y a 10 jours, Herlings avait confirm\u00e9 son statut d&rsquo;homme \u00e0 battre dans la cat\u00e9gorie reine du mondial de motocross dimanche dernier \u00e0 Arco di Trento. Ce mercredi, il a vu son avantage au classement provisoire du championnat fondre comme neige au soleil.<\/strong><\/p>\n<p><a href=\"http:\/\/fr.motocrossmag.be\/index.php\/2021\/10\/video-la-chute-de-jeffrey-herlings-au-depart-de-la-premiere-manche-a-arco-di-trento\/\">Contraint \u00e0 l&rsquo;abandon \u00e0 cause d&rsquo;une chute au d\u00e9part de la premi\u00e8re manche<\/a> pendant que son rival Romain Febvre remportait la course, Herlings a perdu en une seule fois pas moins de 25 points sur le Fran\u00e7ais. Apr\u00e8s une deuxi\u00e8me manche qui lui permettra de sauver de justesse son leadership au provisoire, il doit accepter de voir les compteurs pratiquement remis \u00e0 z\u00e9ro au moment d&rsquo;aborder les 3 derniers des 18 rounds du championnat. Ce dimanche, c&rsquo;est en effet avec un point d&rsquo;avance sur Febvre et 3 sur Gajser que le d\u00e9tenteur de la plaque rouge prendra le d\u00e9part \u00e0 Arco di Trento.<\/p>\n<p>\u00ab\u00a0C&rsquo;est d\u00e9cevant\u00a0\u00bb, r\u00e9agit le N\u00e9erlandais. \u00ab\u00a0J&rsquo;ai perdu l&rsquo;avant dans le premier virage et on a percut\u00e9 ma moto. Plusieurs \u00e9l\u00e9ments vitaux ont \u00e9t\u00e9 endommag\u00e9s sur ma KTM, mon guidon \u00e9tait pli\u00e9 et mon c\u00e2ble d&rsquo;acc\u00e9l\u00e9rateur cass\u00e9. Je ne pouvais pas continuer comme cela. Franchement, cela fait mal de voir mon avance r\u00e9duite \u00e0 n\u00e9ant. J&rsquo;ai d\u00fb prendre le d\u00e9part de la deuxi\u00e8me manche sans avoir particip\u00e9 \u00e0 la premi\u00e8re, ce qui n&rsquo;est pas un avantage, au contraire. Mes bras \u00e9taient un peu douloureux et je ne suis jamais parvenu \u00e0 prendre mon rythme. C&rsquo;\u00e9tait d\u00e9finitivement une mauvaise journ\u00e9e. Je ne sais vraiment pas quoi dire d&rsquo;autre \u00e0 ce sujet. Les 3 courses qui arrivent seront int\u00e9ressantes, c&rsquo;est certain. On verra comment \u00e7a se passe !\u00a0\u00bb<\/p>\n","protected":false},"excerpt":{"rendered":"<p>Les semaines se suivent et ne se ressemblent pas sur le championnat MXGP. Grand gagnant du GP d&rsquo;Espagne il y a 10 jours, Herlings avait confirm\u00e9 son statut d&rsquo;homme \u00e0 [&#8230;]<\/p>\n","protected":false},"author":932,"featured_media":113633,"comment_status":"open","ping_status":"closed","sticky":false,"template":"","format":"standard","meta":{"footnotes":""},"categories":[54,7,58,4,6,55,65],"tags":[508,77,947,568],"class_list":["post-113632","post","type-post","status-publish","format-standard","has-post-thumbnail","hentry","category-actualite","category-interviews","category-interviews-actualite","category-motocross","category-mx1mx2","category-news-actualite","category-slideshow","tag-arco-di-trento","tag-jeffrey-herlings","tag-motocross","tag-mxgp"],"yoast_head":"<!-- This site is optimized with the Yoast SEO plugin v27.4 - https:\/\/yoast.com\/product\/yoast-seo-wordpress\/ -->\n<title>Jeffrey Herlings : &quot;Les trois prochains GP seront int\u00e9ressants !&quot; - Motocross - Enduro - Supermoto | MotocrossMag<\/title>\n<meta name=\"robots\" content=\"index, follow, max-snippet:-1, max-image-preview:large, max-video-preview:-1\" \/>\n<link rel=\"canonical\" href=\"https:\/\/fr.motocrossmag.be\/index.php\/2021\/10\/jeffrey-herlings-les-trois-prochains-gp-seront-interessants\/\" \/>\n<meta property=\"og:locale\" content=\"fr_FR\" \/>\n<meta property=\"og:type\" content=\"article\" \/>\n<meta property=\"og:title\" content=\"Jeffrey Herlings : &quot;Les trois prochains GP seront int\u00e9ressants !&quot; - Motocross - Enduro - Supermoto | MotocrossMag\" \/>\n<meta property=\"og:description\" content=\"Les semaines se suivent et ne se ressemblent pas sur le championnat MXGP. Grand gagnant du GP d&rsquo;Espagne il y a 10 jours, Herlings avait confirm\u00e9 son statut d&rsquo;homme \u00e0 [...]\" \/>\n<meta property=\"og:url\" content=\"https:\/\/fr.motocrossmag.be\/index.php\/2021\/10\/jeffrey-herlings-les-trois-prochains-gp-seront-interessants\/\" \/>\n<meta property=\"og:site_name\" content=\"Motocross - Enduro - Supermoto | MotocrossMag\" \/>\n<meta property=\"article:published_time\" content=\"2021-10-28T13:36:47+00:00\" \/>\n<meta property=\"og:image\" content=\"https:\/\/fr.motocrossmag.be\/wp-content\/uploads\/2021\/10\/417632_Herlings_MXGP_2021_R15_ZA_4532.jpg\" \/>\n\t<meta property=\"og:image:width\" content=\"1000\" \/>\n\t<meta property=\"og:image:height\" content=\"666\" \/>\n\t<meta property=\"og:image:type\" content=\"image\/jpeg\" \/>\n<meta name=\"author\" content=\"oliviere\" \/>\n<meta name=\"twitter:card\" content=\"summary_large_image\" \/>\n<meta name=\"twitter:label1\" content=\"\u00c9crit par\" \/>\n\t<meta name=\"twitter:data1\" content=\"oliviere\" \/>\n\t<meta name=\"twitter:label2\" content=\"Dur\u00e9e de lecture estim\u00e9e\" \/>\n\t<meta name=\"twitter:data2\" content=\"1 minute\" \/>\n<script type=\"application\/ld+json\" class=\"yoast-schema-graph\">{\"@context\":\"https:\\\/\\\/schema.org\",\"@graph\":[{\"@type\":\"Article\",\"@id\":\"https:\\\/\\\/fr.motocrossmag.be\\\/index.php\\\/2021\\\/10\\\/jeffrey-herlings-les-trois-prochains-gp-seront-interessants\\\/#article\",\"isPartOf\":{\"@id\":\"https:\\\/\\\/fr.motocrossmag.be\\\/index.php\\\/2021\\\/10\\\/jeffrey-herlings-les-trois-prochains-gp-seront-interessants\\\/\"},\"author\":{\"name\":\"oliviere\",\"@id\":\"https:\\\/\\\/fr.motocrossmag.be\\\/#\\\/schema\\\/person\\\/11b47143d9f755babca2c9110e03235c\"},\"headline\":\"Jeffrey Herlings : \u00ab\u00a0Les trois prochains GP seront int\u00e9ressants !\u00a0\u00bb\",\"datePublished\":\"2021-10-28T13:36:47+00:00\",\"mainEntityOfPage\":{\"@id\":\"https:\\\/\\\/fr.motocrossmag.be\\\/index.php\\\/2021\\\/10\\\/jeffrey-herlings-les-trois-prochains-gp-seront-interessants\\\/\"},\"wordCount\":323,\"commentCount\":0,\"image\":{\"@id\":\"https:\\\/\\\/fr.motocrossmag.be\\\/index.php\\\/2021\\\/10\\\/jeffrey-herlings-les-trois-prochains-gp-seront-interessants\\\/#primaryimage\"},\"thumbnailUrl\":\"https:\\\/\\\/fr.motocrossmag.be\\\/wp-content\\\/uploads\\\/2021\\\/10\\\/417632_Herlings_MXGP_2021_R15_ZA_4532.jpg\",\"keywords\":[\"Arco Di Trento\",\"Jeffrey Herlings\",\"Motocross\",\"MXGP\"],\"articleSection\":[\"Actualit\u00e9\",\"Interviews\",\"Interviews -all\",\"Motocross\",\"Motocross MXGP\",\"News\",\"Slideshow\"],\"inLanguage\":\"fr-FR\",\"potentialAction\":[{\"@type\":\"CommentAction\",\"name\":\"Comment\",\"target\":[\"https:\\\/\\\/fr.motocrossmag.be\\\/index.php\\\/2021\\\/10\\\/jeffrey-herlings-les-trois-prochains-gp-seront-interessants\\\/#respond\"]}]},{\"@type\":\"WebPage\",\"@id\":\"https:\\\/\\\/fr.motocrossmag.be\\\/index.php\\\/2021\\\/10\\\/jeffrey-herlings-les-trois-prochains-gp-seront-interessants\\\/\",\"url\":\"https:\\\/\\\/fr.motocrossmag.be\\\/index.php\\\/2021\\\/10\\\/jeffrey-herlings-les-trois-prochains-gp-seront-interessants\\\/\",\"name\":\"Jeffrey Herlings : \\\"Les trois prochains GP seront int\u00e9ressants !\\\" - Motocross - Enduro - Supermoto | MotocrossMag\",\"isPartOf\":{\"@id\":\"https:\\\/\\\/fr.motocrossmag.be\\\/#website\"},\"primaryImageOfPage\":{\"@id\":\"https:\\\/\\\/fr.motocrossmag.be\\\/index.php\\\/2021\\\/10\\\/jeffrey-herlings-les-trois-prochains-gp-seront-interessants\\\/#primaryimage\"},\"image\":{\"@id\":\"https:\\\/\\\/fr.motocrossmag.be\\\/index.php\\\/2021\\\/10\\\/jeffrey-herlings-les-trois-prochains-gp-seront-interessants\\\/#primaryimage\"},\"thumbnailUrl\":\"https:\\\/\\\/fr.motocrossmag.be\\\/wp-content\\\/uploads\\\/2021\\\/10\\\/417632_Herlings_MXGP_2021_R15_ZA_4532.jpg\",\"datePublished\":\"2021-10-28T13:36:47+00:00\",\"author\":{\"@id\":\"https:\\\/\\\/fr.motocrossmag.be\\\/#\\\/schema\\\/person\\\/11b47143d9f755babca2c9110e03235c\"},\"breadcrumb\":{\"@id\":\"https:\\\/\\\/fr.motocrossmag.be\\\/index.php\\\/2021\\\/10\\\/jeffrey-herlings-les-trois-prochains-gp-seront-interessants\\\/#breadcrumb\"},\"inLanguage\":\"fr-FR\",\"potentialAction\":[{\"@type\":\"ReadAction\",\"target\":[\"https:\\\/\\\/fr.motocrossmag.be\\\/index.php\\\/2021\\\/10\\\/jeffrey-herlings-les-trois-prochains-gp-seront-interessants\\\/\"]}]},{\"@type\":\"ImageObject\",\"inLanguage\":\"fr-FR\",\"@id\":\"https:\\\/\\\/fr.motocrossmag.be\\\/index.php\\\/2021\\\/10\\\/jeffrey-herlings-les-trois-prochains-gp-seront-interessants\\\/#primaryimage\",\"url\":\"https:\\\/\\\/fr.motocrossmag.be\\\/wp-content\\\/uploads\\\/2021\\\/10\\\/417632_Herlings_MXGP_2021_R15_ZA_4532.jpg\",\"contentUrl\":\"https:\\\/\\\/fr.motocrossmag.be\\\/wp-content\\\/uploads\\\/2021\\\/10\\\/417632_Herlings_MXGP_2021_R15_ZA_4532.jpg\",\"width\":1000,\"height\":666},{\"@type\":\"BreadcrumbList\",\"@id\":\"https:\\\/\\\/fr.motocrossmag.be\\\/index.php\\\/2021\\\/10\\\/jeffrey-herlings-les-trois-prochains-gp-seront-interessants\\\/#breadcrumb\",\"itemListElement\":[{\"@type\":\"ListItem\",\"position\":1,\"name\":\"Accueil\",\"item\":\"https:\\\/\\\/fr.motocrossmag.be\\\/\"},{\"@type\":\"ListItem\",\"position\":2,\"name\":\"Jeffrey Herlings : \u00ab\u00a0Les trois prochains GP seront int\u00e9ressants !\u00a0\u00bb\"}]},{\"@type\":\"WebSite\",\"@id\":\"https:\\\/\\\/fr.motocrossmag.be\\\/#website\",\"url\":\"https:\\\/\\\/fr.motocrossmag.be\\\/\",\"name\":\"Motocross - Enduro - Supermoto | MotocrossMag\",\"description\":\"L&#039;actualit\u00e9 du motocross, de l&#039;enduro et du Supermoto en ligne!\",\"potentialAction\":[{\"@type\":\"SearchAction\",\"target\":{\"@type\":\"EntryPoint\",\"urlTemplate\":\"https:\\\/\\\/fr.motocrossmag.be\\\/?s={search_term_string}\"},\"query-input\":{\"@type\":\"PropertyValueSpecification\",\"valueRequired\":true,\"valueName\":\"search_term_string\"}}],\"inLanguage\":\"fr-FR\"},{\"@type\":\"Person\",\"@id\":\"https:\\\/\\\/fr.motocrossmag.be\\\/#\\\/schema\\\/person\\\/11b47143d9f755babca2c9110e03235c\",\"name\":\"oliviere\",\"image\":{\"@type\":\"ImageObject\",\"inLanguage\":\"fr-FR\",\"@id\":\"https:\\\/\\\/secure.gravatar.com\\\/avatar\\\/907069e0b81d119452040469e4a7501da1100f54f7f80180ce77bfab718288f6?s=96&d=mm&r=g\",\"url\":\"https:\\\/\\\/secure.gravatar.com\\\/avatar\\\/907069e0b81d119452040469e4a7501da1100f54f7f80180ce77bfab718288f6?s=96&d=mm&r=g\",\"contentUrl\":\"https:\\\/\\\/secure.gravatar.com\\\/avatar\\\/907069e0b81d119452040469e4a7501da1100f54f7f80180ce77bfab718288f6?s=96&d=mm&r=g\",\"caption\":\"oliviere\"},\"sameAs\":[\"http:\\\/\\\/www.motocrossmag.be\"],\"url\":\"https:\\\/\\\/fr.motocrossmag.be\\\/index.php\\\/author\\\/oliviere\\\/\"}]}<\/script>\n<!-- \/ Yoast SEO plugin. -->","yoast_head_json":{"title":"Jeffrey Herlings : \"Les trois prochains GP seront int\u00e9ressants !\" - Motocross - Enduro - Supermoto | MotocrossMag","robots":{"index":"index","follow":"follow","max-snippet":"max-snippet:-1","max-image-preview":"max-image-preview:large","max-video-preview":"max-video-preview:-1"},"canonical":"https:\/\/fr.motocrossmag.be\/index.php\/2021\/10\/jeffrey-herlings-les-trois-prochains-gp-seront-interessants\/","og_locale":"fr_FR","og_type":"article","og_title":"Jeffrey Herlings : \"Les trois prochains GP seront int\u00e9ressants !\" - Motocross - Enduro - Supermoto | MotocrossMag","og_description":"Les semaines se suivent et ne se ressemblent pas sur le championnat MXGP. Grand gagnant du GP d&rsquo;Espagne il y a 10 jours, Herlings avait confirm\u00e9 son statut d&rsquo;homme \u00e0 [...]","og_url":"https:\/\/fr.motocrossmag.be\/index.php\/2021\/10\/jeffrey-herlings-les-trois-prochains-gp-seront-interessants\/","og_site_name":"Motocross - Enduro - Supermoto | MotocrossMag","article_published_time":"2021-10-28T13:36:47+00:00","og_image":[{"width":1000,"height":666,"url":"https:\/\/fr.motocrossmag.be\/wp-content\/uploads\/2021\/10\/417632_Herlings_MXGP_2021_R15_ZA_4532.jpg","type":"image\/jpeg"}],"author":"oliviere","twitter_card":"summary_large_image","twitter_misc":{"\u00c9crit par":"oliviere","Dur\u00e9e de lecture estim\u00e9e":"1 minute"},"schema":{"@context":"https:\/\/schema.org","@graph":[{"@type":"Article","@id":"https:\/\/fr.motocrossmag.be\/index.php\/2021\/10\/jeffrey-herlings-les-trois-prochains-gp-seront-interessants\/#article","isPartOf":{"@id":"https:\/\/fr.motocrossmag.be\/index.php\/2021\/10\/jeffrey-herlings-les-trois-prochains-gp-seront-interessants\/"},"author":{"name":"oliviere","@id":"https:\/\/fr.motocrossmag.be\/#\/schema\/person\/11b47143d9f755babca2c9110e03235c"},"headline":"Jeffrey Herlings : \u00ab\u00a0Les trois prochains GP seront int\u00e9ressants !\u00a0\u00bb","datePublished":"2021-10-28T13:36:47+00:00","mainEntityOfPage":{"@id":"https:\/\/fr.motocrossmag.be\/index.php\/2021\/10\/jeffrey-herlings-les-trois-prochains-gp-seront-interessants\/"},"wordCount":323,"commentCount":0,"image":{"@id":"https:\/\/fr.motocrossmag.be\/index.php\/2021\/10\/jeffrey-herlings-les-trois-prochains-gp-seront-interessants\/#primaryimage"},"thumbnailUrl":"https:\/\/fr.motocrossmag.be\/wp-content\/uploads\/2021\/10\/417632_Herlings_MXGP_2021_R15_ZA_4532.jpg","keywords":["Arco Di Trento","Jeffrey Herlings","Motocross","MXGP"],"articleSection":["Actualit\u00e9","Interviews","Interviews -all","Motocross","Motocross MXGP","News","Slideshow"],"inLanguage":"fr-FR","potentialAction":[{"@type":"CommentAction","name":"Comment","target":["https:\/\/fr.motocrossmag.be\/index.php\/2021\/10\/jeffrey-herlings-les-trois-prochains-gp-seront-interessants\/#respond"]}]},{"@type":"WebPage","@id":"https:\/\/fr.motocrossmag.be\/index.php\/2021\/10\/jeffrey-herlings-les-trois-prochains-gp-seront-interessants\/","url":"https:\/\/fr.motocrossmag.be\/index.php\/2021\/10\/jeffrey-herlings-les-trois-prochains-gp-seront-interessants\/","name":"Jeffrey Herlings : \"Les trois prochains GP seront int\u00e9ressants !\" - Motocross - Enduro - Supermoto | MotocrossMag","isPartOf":{"@id":"https:\/\/fr.motocrossmag.be\/#website"},"primaryImageOfPage":{"@id":"https:\/\/fr.motocrossmag.be\/index.php\/2021\/10\/jeffrey-herlings-les-trois-prochains-gp-seront-interessants\/#primaryimage"},"image":{"@id":"https:\/\/fr.motocrossmag.be\/index.php\/2021\/10\/jeffrey-herlings-les-trois-prochains-gp-seront-interessants\/#primaryimage"},"thumbnailUrl":"https:\/\/fr.motocrossmag.be\/wp-content\/uploads\/2021\/10\/417632_Herlings_MXGP_2021_R15_ZA_4532.jpg","datePublished":"2021-10-28T13:36:47+00:00","author":{"@id":"https:\/\/fr.motocrossmag.be\/#\/schema\/person\/11b47143d9f755babca2c9110e03235c"},"breadcrumb":{"@id":"https:\/\/fr.motocrossmag.be\/index.php\/2021\/10\/jeffrey-herlings-les-trois-prochains-gp-seront-interessants\/#breadcrumb"},"inLanguage":"fr-FR","potentialAction":[{"@type":"ReadAction","target":["https:\/\/fr.motocrossmag.be\/index.php\/2021\/10\/jeffrey-herlings-les-trois-prochains-gp-seront-interessants\/"]}]},{"@type":"ImageObject","inLanguage":"fr-FR","@id":"https:\/\/fr.motocrossmag.be\/index.php\/2021\/10\/jeffrey-herlings-les-trois-prochains-gp-seront-interessants\/#primaryimage","url":"https:\/\/fr.motocrossmag.be\/wp-content\/uploads\/2021\/10\/417632_Herlings_MXGP_2021_R15_ZA_4532.jpg","contentUrl":"https:\/\/fr.motocrossmag.be\/wp-content\/uploads\/2021\/10\/417632_Herlings_MXGP_2021_R15_ZA_4532.jpg","width":1000,"height":666},{"@type":"BreadcrumbList","@id":"https:\/\/fr.motocrossmag.be\/index.php\/2021\/10\/jeffrey-herlings-les-trois-prochains-gp-seront-interessants\/#breadcrumb","itemListElement":[{"@type":"ListItem","position":1,"name":"Accueil","item":"https:\/\/fr.motocrossmag.be\/"},{"@type":"ListItem","position":2,"name":"Jeffrey Herlings : \u00ab\u00a0Les trois prochains GP seront int\u00e9ressants !\u00a0\u00bb"}]},{"@type":"WebSite","@id":"https:\/\/fr.motocrossmag.be\/#website","url":"https:\/\/fr.motocrossmag.be\/","name":"Motocross - Enduro - Supermoto | MotocrossMag","description":"L&#039;actualit\u00e9 du motocross, de l&#039;enduro et du Supermoto en ligne!","potentialAction":[{"@type":"SearchAction","target":{"@type":"EntryPoint","urlTemplate":"https:\/\/fr.motocrossmag.be\/?s={search_term_string}"},"query-input":{"@type":"PropertyValueSpecification","valueRequired":true,"valueName":"search_term_string"}}],"inLanguage":"fr-FR"},{"@type":"Person","@id":"https:\/\/fr.motocrossmag.be\/#\/schema\/person\/11b47143d9f755babca2c9110e03235c","name":"oliviere","image":{"@type":"ImageObject","inLanguage":"fr-FR","@id":"https:\/\/secure.gravatar.com\/avatar\/907069e0b81d119452040469e4a7501da1100f54f7f80180ce77bfab718288f6?s=96&d=mm&r=g","url":"https:\/\/secure.gravatar.com\/avatar\/907069e0b81d119452040469e4a7501da1100f54f7f80180ce77bfab718288f6?s=96&d=mm&r=g","contentUrl":"https:\/\/secure.gravatar.com\/avatar\/907069e0b81d119452040469e4a7501da1100f54f7f80180ce77bfab718288f6?s=96&d=mm&r=g","caption":"oliviere"},"sameAs":["http:\/\/www.motocrossmag.be"],"url":"https:\/\/fr.motocrossmag.be\/index.php\/author\/oliviere\/"}]}},"_links":{"self":[{"href":"https:\/\/fr.motocrossmag.be\/index.php\/wp-json\/wp\/v2\/posts\/113632","targetHints":{"allow":["GET"]}}],"collection":[{"href":"https:\/\/fr.motocrossmag.be\/index.php\/wp-json\/wp\/v2\/posts"}],"about":[{"href":"https:\/\/fr.motocrossmag.be\/index.php\/wp-json\/wp\/v2\/types\/post"}],"author":[{"embeddable":true,"href":"https:\/\/fr.motocrossmag.be\/index.php\/wp-json\/wp\/v2\/users\/932"}],"replies":[{"embeddable":true,"href":"https:\/\/fr.motocrossmag.be\/index.php\/wp-json\/wp\/v2\/comments?post=113632"}],"version-history":[{"count":0,"href":"https:\/\/fr.motocrossmag.be\/index.php\/wp-json\/wp\/v2\/posts\/113632\/revisions"}],"wp:featuredmedia":[{"embeddable":true,"href":"https:\/\/fr.motocrossmag.be\/index.php\/wp-json\/wp\/v2\/media\/113633"}],"wp:attachment":[{"href":"https:\/\/fr.motocrossmag.be\/index.php\/wp-json\/wp\/v2\/media?parent=113632"}],"wp:term":[{"taxonomy":"category","embeddable":true,"href":"https:\/\/fr.motocrossmag.be\/index.php\/wp-json\/wp\/v2\/categories?post=113632"},{"taxonomy":"post_tag","embeddable":true,"href":"https:\/\/fr.motocrossmag.be\/index.php\/wp-json\/wp\/v2\/tags?post=113632"}],"curies":[{"name":"wp","href":"https:\/\/api.w.org\/{rel}","templated":true}]}}