{"id":113687,"date":"2021-10-28T23:19:46","date_gmt":"2021-10-28T21:19:46","guid":{"rendered":"http:\/\/fr.motocrossmag.be\/?p=113687"},"modified":"2021-10-28T23:19:46","modified_gmt":"2021-10-28T21:19:46","slug":"le-salon-de-bruxelles-ce-sera-sans-les-motos","status":"publish","type":"post","link":"https:\/\/fr.motocrossmag.be\/index.php\/2021\/10\/le-salon-de-bruxelles-ce-sera-sans-les-motos\/","title":{"rendered":"Le Salon de Bruxelles, ce sera sans les motos"},"content":{"rendered":"<p><strong>On s&rsquo;y attendait, c&rsquo;est d\u00e9sormais officiel. Il n&rsquo;y aura pas de Salon de la moto cette ann\u00e9e en marge du Salon de l&rsquo;auto de Bruxelles. L&rsquo;\u00e9v\u00e9nement se concentrera donc sur les quatre roues.<\/strong><\/p>\n<p>Apr\u00e8s <a href=\"http:\/\/fr.motocrossmag.be\/index.php\/2021\/10\/yamaha-kawasaki-suzuki-les-geants-japonais-boudent-le-salon-de-bruxelles\/\">les annonces successives des g\u00e9ants japonais<\/a> qui ont renonc\u00e9 tour \u00e0 tour \u00e0 participer au salon bruxellois, on voyait mal comment l&rsquo;organisateur Febiac allait \u00eatre en mesure de proposer quelque chose qui tienne la route dans les palais du Heysel traditionnellement r\u00e9serv\u00e9s aux deux roues. Les rumeurs se faisaient de plus en plus pr\u00e9cises au sujet d&rsquo;une annulation pure et simple depuis quelques jours. On n&rsquo;y a pas \u00e9chapp\u00e9.<\/p>\n<p>L&rsquo;\u00e9v\u00e9nement dans son ensemble a lui-m\u00eame \u00e9t\u00e9 menac\u00e9 par la frilosit\u00e9 de quelques grands groupes automobiles, <a href=\"http:\/\/fr.motocrossmag.be\/index.php\/2021\/09\/il-y-aura-t-il-un-salon-a-bruxelles-en-janvier-2022\/\">ce qui a longtemps fait h\u00e9siter la Febiac <\/a>avant que celle-ci ne confirme l&rsquo;organisation du Salon en janvier prochain.<\/p>\n<p>Esp\u00e9rons voir les motos de retour sur le plateau du Heysel d\u00e8s 2023.<\/p>\n","protected":false},"excerpt":{"rendered":"<p>On s&rsquo;y attendait, c&rsquo;est d\u00e9sormais officiel. Il n&rsquo;y aura pas de Salon de la moto cette ann\u00e9e en marge du Salon de l&rsquo;auto de Bruxelles. L&rsquo;\u00e9v\u00e9nement se concentrera donc sur [&#8230;]<\/p>\n","protected":false},"author":932,"featured_media":55168,"comment_status":"open","ping_status":"closed","sticky":false,"template":"","format":"standard","meta":{"footnotes":""},"categories":[54,57,32,545,4,5,43,55,65,38],"tags":[951,947,1813],"class_list":["post-113687","post","type-post","status-publish","format-standard","has-post-thumbnail","hentry","category-actualite","category-calendriers","category-enduro","category-industrie","category-motocross","category-news","category-news-supermoto","category-news-actualite","category-slideshow","category-supermoto","tag-enduro","tag-motocross","tag-salon-de-bruxelles"],"yoast_head":"<!-- This site is optimized with the Yoast SEO plugin v27.4 - https:\/\/yoast.com\/product\/yoast-seo-wordpress\/ -->\n<title>Le Salon de Bruxelles, ce sera sans les motos - Motocross - Enduro - Supermoto | MotocrossMag<\/title>\n<meta name=\"robots\" content=\"index, follow, max-snippet:-1, max-image-preview:large, max-video-preview:-1\" \/>\n<link rel=\"canonical\" href=\"https:\/\/fr.motocrossmag.be\/index.php\/2021\/10\/le-salon-de-bruxelles-ce-sera-sans-les-motos\/\" \/>\n<meta property=\"og:locale\" content=\"fr_FR\" \/>\n<meta property=\"og:type\" content=\"article\" \/>\n<meta property=\"og:title\" content=\"Le Salon de Bruxelles, ce sera sans les motos - Motocross - Enduro - Supermoto | MotocrossMag\" \/>\n<meta property=\"og:description\" content=\"On s&rsquo;y attendait, c&rsquo;est d\u00e9sormais officiel. Il n&rsquo;y aura pas de Salon de la moto cette ann\u00e9e en marge du Salon de l&rsquo;auto de Bruxelles. L&rsquo;\u00e9v\u00e9nement se concentrera donc sur [...]\" \/>\n<meta property=\"og:url\" content=\"https:\/\/fr.motocrossmag.be\/index.php\/2021\/10\/le-salon-de-bruxelles-ce-sera-sans-les-motos\/\" \/>\n<meta property=\"og:site_name\" content=\"Motocross - Enduro - Supermoto | MotocrossMag\" \/>\n<meta property=\"article:published_time\" content=\"2021-10-28T21:19:46+00:00\" \/>\n<meta property=\"og:image\" content=\"https:\/\/fr.motocrossmag.be\/wp-content\/uploads\/2017\/01\/bruxelles-salon-2017-IMG_2853.jpg\" \/>\n\t<meta property=\"og:image:width\" content=\"1400\" \/>\n\t<meta property=\"og:image:height\" content=\"933\" \/>\n\t<meta property=\"og:image:type\" content=\"image\/jpeg\" \/>\n<meta name=\"author\" content=\"oliviere\" \/>\n<meta name=\"twitter:card\" content=\"summary_large_image\" \/>\n<meta name=\"twitter:label1\" content=\"\u00c9crit par\" \/>\n\t<meta name=\"twitter:data1\" content=\"oliviere\" \/>\n\t<meta name=\"twitter:label2\" content=\"Dur\u00e9e de lecture estim\u00e9e\" \/>\n\t<meta name=\"twitter:data2\" content=\"1 minute\" \/>\n<script type=\"application\/ld+json\" class=\"yoast-schema-graph\">{\"@context\":\"https:\\\/\\\/schema.org\",\"@graph\":[{\"@type\":\"Article\",\"@id\":\"https:\\\/\\\/fr.motocrossmag.be\\\/index.php\\\/2021\\\/10\\\/le-salon-de-bruxelles-ce-sera-sans-les-motos\\\/#article\",\"isPartOf\":{\"@id\":\"https:\\\/\\\/fr.motocrossmag.be\\\/index.php\\\/2021\\\/10\\\/le-salon-de-bruxelles-ce-sera-sans-les-motos\\\/\"},\"author\":{\"name\":\"oliviere\",\"@id\":\"https:\\\/\\\/fr.motocrossmag.be\\\/#\\\/schema\\\/person\\\/11b47143d9f755babca2c9110e03235c\"},\"headline\":\"Le Salon de Bruxelles, ce sera sans les motos\",\"datePublished\":\"2021-10-28T21:19:46+00:00\",\"mainEntityOfPage\":{\"@id\":\"https:\\\/\\\/fr.motocrossmag.be\\\/index.php\\\/2021\\\/10\\\/le-salon-de-bruxelles-ce-sera-sans-les-motos\\\/\"},\"wordCount\":180,\"commentCount\":0,\"image\":{\"@id\":\"https:\\\/\\\/fr.motocrossmag.be\\\/index.php\\\/2021\\\/10\\\/le-salon-de-bruxelles-ce-sera-sans-les-motos\\\/#primaryimage\"},\"thumbnailUrl\":\"https:\\\/\\\/fr.motocrossmag.be\\\/wp-content\\\/uploads\\\/2017\\\/01\\\/bruxelles-salon-2017-IMG_2853.jpg\",\"keywords\":[\"Enduro\",\"Motocross\",\"salon de bruxelles\"],\"articleSection\":[\"Actualit\u00e9\",\"Calendriers\",\"Enduro\",\"Industrie\",\"Motocross\",\"News\",\"News\",\"News\",\"Slideshow\",\"Supermoto\"],\"inLanguage\":\"fr-FR\",\"potentialAction\":[{\"@type\":\"CommentAction\",\"name\":\"Comment\",\"target\":[\"https:\\\/\\\/fr.motocrossmag.be\\\/index.php\\\/2021\\\/10\\\/le-salon-de-bruxelles-ce-sera-sans-les-motos\\\/#respond\"]}]},{\"@type\":\"WebPage\",\"@id\":\"https:\\\/\\\/fr.motocrossmag.be\\\/index.php\\\/2021\\\/10\\\/le-salon-de-bruxelles-ce-sera-sans-les-motos\\\/\",\"url\":\"https:\\\/\\\/fr.motocrossmag.be\\\/index.php\\\/2021\\\/10\\\/le-salon-de-bruxelles-ce-sera-sans-les-motos\\\/\",\"name\":\"Le Salon de Bruxelles, ce sera sans les motos - Motocross - Enduro - Supermoto | MotocrossMag\",\"isPartOf\":{\"@id\":\"https:\\\/\\\/fr.motocrossmag.be\\\/#website\"},\"primaryImageOfPage\":{\"@id\":\"https:\\\/\\\/fr.motocrossmag.be\\\/index.php\\\/2021\\\/10\\\/le-salon-de-bruxelles-ce-sera-sans-les-motos\\\/#primaryimage\"},\"image\":{\"@id\":\"https:\\\/\\\/fr.motocrossmag.be\\\/index.php\\\/2021\\\/10\\\/le-salon-de-bruxelles-ce-sera-sans-les-motos\\\/#primaryimage\"},\"thumbnailUrl\":\"https:\\\/\\\/fr.motocrossmag.be\\\/wp-content\\\/uploads\\\/2017\\\/01\\\/bruxelles-salon-2017-IMG_2853.jpg\",\"datePublished\":\"2021-10-28T21:19:46+00:00\",\"author\":{\"@id\":\"https:\\\/\\\/fr.motocrossmag.be\\\/#\\\/schema\\\/person\\\/11b47143d9f755babca2c9110e03235c\"},\"breadcrumb\":{\"@id\":\"https:\\\/\\\/fr.motocrossmag.be\\\/index.php\\\/2021\\\/10\\\/le-salon-de-bruxelles-ce-sera-sans-les-motos\\\/#breadcrumb\"},\"inLanguage\":\"fr-FR\",\"potentialAction\":[{\"@type\":\"ReadAction\",\"target\":[\"https:\\\/\\\/fr.motocrossmag.be\\\/index.php\\\/2021\\\/10\\\/le-salon-de-bruxelles-ce-sera-sans-les-motos\\\/\"]}]},{\"@type\":\"ImageObject\",\"inLanguage\":\"fr-FR\",\"@id\":\"https:\\\/\\\/fr.motocrossmag.be\\\/index.php\\\/2021\\\/10\\\/le-salon-de-bruxelles-ce-sera-sans-les-motos\\\/#primaryimage\",\"url\":\"https:\\\/\\\/fr.motocrossmag.be\\\/wp-content\\\/uploads\\\/2017\\\/01\\\/bruxelles-salon-2017-IMG_2853.jpg\",\"contentUrl\":\"https:\\\/\\\/fr.motocrossmag.be\\\/wp-content\\\/uploads\\\/2017\\\/01\\\/bruxelles-salon-2017-IMG_2853.jpg\",\"width\":1400,\"height\":933},{\"@type\":\"BreadcrumbList\",\"@id\":\"https:\\\/\\\/fr.motocrossmag.be\\\/index.php\\\/2021\\\/10\\\/le-salon-de-bruxelles-ce-sera-sans-les-motos\\\/#breadcrumb\",\"itemListElement\":[{\"@type\":\"ListItem\",\"position\":1,\"name\":\"Accueil\",\"item\":\"https:\\\/\\\/fr.motocrossmag.be\\\/\"},{\"@type\":\"ListItem\",\"position\":2,\"name\":\"Le Salon de Bruxelles, ce sera sans les motos\"}]},{\"@type\":\"WebSite\",\"@id\":\"https:\\\/\\\/fr.motocrossmag.be\\\/#website\",\"url\":\"https:\\\/\\\/fr.motocrossmag.be\\\/\",\"name\":\"Motocross - Enduro - Supermoto | MotocrossMag\",\"description\":\"L&#039;actualit\u00e9 du motocross, de l&#039;enduro et du Supermoto en ligne!\",\"potentialAction\":[{\"@type\":\"SearchAction\",\"target\":{\"@type\":\"EntryPoint\",\"urlTemplate\":\"https:\\\/\\\/fr.motocrossmag.be\\\/?s={search_term_string}\"},\"query-input\":{\"@type\":\"PropertyValueSpecification\",\"valueRequired\":true,\"valueName\":\"search_term_string\"}}],\"inLanguage\":\"fr-FR\"},{\"@type\":\"Person\",\"@id\":\"https:\\\/\\\/fr.motocrossmag.be\\\/#\\\/schema\\\/person\\\/11b47143d9f755babca2c9110e03235c\",\"name\":\"oliviere\",\"image\":{\"@type\":\"ImageObject\",\"inLanguage\":\"fr-FR\",\"@id\":\"https:\\\/\\\/secure.gravatar.com\\\/avatar\\\/907069e0b81d119452040469e4a7501da1100f54f7f80180ce77bfab718288f6?s=96&d=mm&r=g\",\"url\":\"https:\\\/\\\/secure.gravatar.com\\\/avatar\\\/907069e0b81d119452040469e4a7501da1100f54f7f80180ce77bfab718288f6?s=96&d=mm&r=g\",\"contentUrl\":\"https:\\\/\\\/secure.gravatar.com\\\/avatar\\\/907069e0b81d119452040469e4a7501da1100f54f7f80180ce77bfab718288f6?s=96&d=mm&r=g\",\"caption\":\"oliviere\"},\"sameAs\":[\"http:\\\/\\\/www.motocrossmag.be\"],\"url\":\"https:\\\/\\\/fr.motocrossmag.be\\\/index.php\\\/author\\\/oliviere\\\/\"}]}<\/script>\n<!-- \/ Yoast SEO plugin. -->","yoast_head_json":{"title":"Le Salon de Bruxelles, ce sera sans les motos - Motocross - Enduro - Supermoto | MotocrossMag","robots":{"index":"index","follow":"follow","max-snippet":"max-snippet:-1","max-image-preview":"max-image-preview:large","max-video-preview":"max-video-preview:-1"},"canonical":"https:\/\/fr.motocrossmag.be\/index.php\/2021\/10\/le-salon-de-bruxelles-ce-sera-sans-les-motos\/","og_locale":"fr_FR","og_type":"article","og_title":"Le Salon de Bruxelles, ce sera sans les motos - Motocross - Enduro - Supermoto | MotocrossMag","og_description":"On s&rsquo;y attendait, c&rsquo;est d\u00e9sormais officiel. Il n&rsquo;y aura pas de Salon de la moto cette ann\u00e9e en marge du Salon de l&rsquo;auto de Bruxelles. L&rsquo;\u00e9v\u00e9nement se concentrera donc sur [...]","og_url":"https:\/\/fr.motocrossmag.be\/index.php\/2021\/10\/le-salon-de-bruxelles-ce-sera-sans-les-motos\/","og_site_name":"Motocross - Enduro - Supermoto | MotocrossMag","article_published_time":"2021-10-28T21:19:46+00:00","og_image":[{"width":1400,"height":933,"url":"https:\/\/fr.motocrossmag.be\/wp-content\/uploads\/2017\/01\/bruxelles-salon-2017-IMG_2853.jpg","type":"image\/jpeg"}],"author":"oliviere","twitter_card":"summary_large_image","twitter_misc":{"\u00c9crit par":"oliviere","Dur\u00e9e de lecture estim\u00e9e":"1 minute"},"schema":{"@context":"https:\/\/schema.org","@graph":[{"@type":"Article","@id":"https:\/\/fr.motocrossmag.be\/index.php\/2021\/10\/le-salon-de-bruxelles-ce-sera-sans-les-motos\/#article","isPartOf":{"@id":"https:\/\/fr.motocrossmag.be\/index.php\/2021\/10\/le-salon-de-bruxelles-ce-sera-sans-les-motos\/"},"author":{"name":"oliviere","@id":"https:\/\/fr.motocrossmag.be\/#\/schema\/person\/11b47143d9f755babca2c9110e03235c"},"headline":"Le Salon de Bruxelles, ce sera sans les motos","datePublished":"2021-10-28T21:19:46+00:00","mainEntityOfPage":{"@id":"https:\/\/fr.motocrossmag.be\/index.php\/2021\/10\/le-salon-de-bruxelles-ce-sera-sans-les-motos\/"},"wordCount":180,"commentCount":0,"image":{"@id":"https:\/\/fr.motocrossmag.be\/index.php\/2021\/10\/le-salon-de-bruxelles-ce-sera-sans-les-motos\/#primaryimage"},"thumbnailUrl":"https:\/\/fr.motocrossmag.be\/wp-content\/uploads\/2017\/01\/bruxelles-salon-2017-IMG_2853.jpg","keywords":["Enduro","Motocross","salon de bruxelles"],"articleSection":["Actualit\u00e9","Calendriers","Enduro","Industrie","Motocross","News","News","News","Slideshow","Supermoto"],"inLanguage":"fr-FR","potentialAction":[{"@type":"CommentAction","name":"Comment","target":["https:\/\/fr.motocrossmag.be\/index.php\/2021\/10\/le-salon-de-bruxelles-ce-sera-sans-les-motos\/#respond"]}]},{"@type":"WebPage","@id":"https:\/\/fr.motocrossmag.be\/index.php\/2021\/10\/le-salon-de-bruxelles-ce-sera-sans-les-motos\/","url":"https:\/\/fr.motocrossmag.be\/index.php\/2021\/10\/le-salon-de-bruxelles-ce-sera-sans-les-motos\/","name":"Le Salon de Bruxelles, ce sera sans les motos - Motocross - Enduro - Supermoto | MotocrossMag","isPartOf":{"@id":"https:\/\/fr.motocrossmag.be\/#website"},"primaryImageOfPage":{"@id":"https:\/\/fr.motocrossmag.be\/index.php\/2021\/10\/le-salon-de-bruxelles-ce-sera-sans-les-motos\/#primaryimage"},"image":{"@id":"https:\/\/fr.motocrossmag.be\/index.php\/2021\/10\/le-salon-de-bruxelles-ce-sera-sans-les-motos\/#primaryimage"},"thumbnailUrl":"https:\/\/fr.motocrossmag.be\/wp-content\/uploads\/2017\/01\/bruxelles-salon-2017-IMG_2853.jpg","datePublished":"2021-10-28T21:19:46+00:00","author":{"@id":"https:\/\/fr.motocrossmag.be\/#\/schema\/person\/11b47143d9f755babca2c9110e03235c"},"breadcrumb":{"@id":"https:\/\/fr.motocrossmag.be\/index.php\/2021\/10\/le-salon-de-bruxelles-ce-sera-sans-les-motos\/#breadcrumb"},"inLanguage":"fr-FR","potentialAction":[{"@type":"ReadAction","target":["https:\/\/fr.motocrossmag.be\/index.php\/2021\/10\/le-salon-de-bruxelles-ce-sera-sans-les-motos\/"]}]},{"@type":"ImageObject","inLanguage":"fr-FR","@id":"https:\/\/fr.motocrossmag.be\/index.php\/2021\/10\/le-salon-de-bruxelles-ce-sera-sans-les-motos\/#primaryimage","url":"https:\/\/fr.motocrossmag.be\/wp-content\/uploads\/2017\/01\/bruxelles-salon-2017-IMG_2853.jpg","contentUrl":"https:\/\/fr.motocrossmag.be\/wp-content\/uploads\/2017\/01\/bruxelles-salon-2017-IMG_2853.jpg","width":1400,"height":933},{"@type":"BreadcrumbList","@id":"https:\/\/fr.motocrossmag.be\/index.php\/2021\/10\/le-salon-de-bruxelles-ce-sera-sans-les-motos\/#breadcrumb","itemListElement":[{"@type":"ListItem","position":1,"name":"Accueil","item":"https:\/\/fr.motocrossmag.be\/"},{"@type":"ListItem","position":2,"name":"Le Salon de Bruxelles, ce sera sans les motos"}]},{"@type":"WebSite","@id":"https:\/\/fr.motocrossmag.be\/#website","url":"https:\/\/fr.motocrossmag.be\/","name":"Motocross - Enduro - Supermoto | MotocrossMag","description":"L&#039;actualit\u00e9 du motocross, de l&#039;enduro et du Supermoto en ligne!","potentialAction":[{"@type":"SearchAction","target":{"@type":"EntryPoint","urlTemplate":"https:\/\/fr.motocrossmag.be\/?s={search_term_string}"},"query-input":{"@type":"PropertyValueSpecification","valueRequired":true,"valueName":"search_term_string"}}],"inLanguage":"fr-FR"},{"@type":"Person","@id":"https:\/\/fr.motocrossmag.be\/#\/schema\/person\/11b47143d9f755babca2c9110e03235c","name":"oliviere","image":{"@type":"ImageObject","inLanguage":"fr-FR","@id":"https:\/\/secure.gravatar.com\/avatar\/907069e0b81d119452040469e4a7501da1100f54f7f80180ce77bfab718288f6?s=96&d=mm&r=g","url":"https:\/\/secure.gravatar.com\/avatar\/907069e0b81d119452040469e4a7501da1100f54f7f80180ce77bfab718288f6?s=96&d=mm&r=g","contentUrl":"https:\/\/secure.gravatar.com\/avatar\/907069e0b81d119452040469e4a7501da1100f54f7f80180ce77bfab718288f6?s=96&d=mm&r=g","caption":"oliviere"},"sameAs":["http:\/\/www.motocrossmag.be"],"url":"https:\/\/fr.motocrossmag.be\/index.php\/author\/oliviere\/"}]}},"_links":{"self":[{"href":"https:\/\/fr.motocrossmag.be\/index.php\/wp-json\/wp\/v2\/posts\/113687","targetHints":{"allow":["GET"]}}],"collection":[{"href":"https:\/\/fr.motocrossmag.be\/index.php\/wp-json\/wp\/v2\/posts"}],"about":[{"href":"https:\/\/fr.motocrossmag.be\/index.php\/wp-json\/wp\/v2\/types\/post"}],"author":[{"embeddable":true,"href":"https:\/\/fr.motocrossmag.be\/index.php\/wp-json\/wp\/v2\/users\/932"}],"replies":[{"embeddable":true,"href":"https:\/\/fr.motocrossmag.be\/index.php\/wp-json\/wp\/v2\/comments?post=113687"}],"version-history":[{"count":0,"href":"https:\/\/fr.motocrossmag.be\/index.php\/wp-json\/wp\/v2\/posts\/113687\/revisions"}],"wp:featuredmedia":[{"embeddable":true,"href":"https:\/\/fr.motocrossmag.be\/index.php\/wp-json\/wp\/v2\/media\/55168"}],"wp:attachment":[{"href":"https:\/\/fr.motocrossmag.be\/index.php\/wp-json\/wp\/v2\/media?parent=113687"}],"wp:term":[{"taxonomy":"category","embeddable":true,"href":"https:\/\/fr.motocrossmag.be\/index.php\/wp-json\/wp\/v2\/categories?post=113687"},{"taxonomy":"post_tag","embeddable":true,"href":"https:\/\/fr.motocrossmag.be\/index.php\/wp-json\/wp\/v2\/tags?post=113687"}],"curies":[{"name":"wp","href":"https:\/\/api.w.org\/{rel}","templated":true}]}}