{"id":113708,"date":"2021-11-01T10:54:07","date_gmt":"2021-11-01T09:54:07","guid":{"rendered":"http:\/\/fr.motocrossmag.be\/?p=113708"},"modified":"2021-11-01T10:54:07","modified_gmt":"2021-11-01T09:54:07","slug":"romain-febvre-cest-bon-detre-la-ou-je-suis","status":"publish","type":"post","link":"https:\/\/fr.motocrossmag.be\/index.php\/2021\/11\/romain-febvre-cest-bon-detre-la-ou-je-suis\/","title":{"rendered":"Romain Febvre : \u00ab\u00a0C&rsquo;est bon d&rsquo;\u00eatre l\u00e0 o\u00f9 je suis !\u00a0\u00bb"},"content":{"rendered":"<p><strong>D&rsquo;ici 10 jours \u00e0 peine, le championnat MXGP 2022 aura v\u00e9cu. L&rsquo;un de ces trois hommes aura ajout\u00e9 \u00e0 son palmar\u00e8s personnel un titre mondial : Romain Febvre, Tim Gajser ou Jeffrey Herlings. Et bien qu&rsquo;il ne reste plus que quatre manches \u00e0 disputer et 100 points \u00e0 distribuer, c&rsquo;est pratiquement sur la m\u00eame ligne de d\u00e9part que les 3 leaders du classement provisoire aborderont les deux ultimes rounds de la saison. Trois points les s\u00e9parent pour arriver \u00e0 Mantova. Et pour la premi\u00e8re fois de la saison, c&rsquo;est Romain Febvre qui m\u00e8ne la danse.<\/strong><\/p>\n<p>\u00ab\u00a0Cela fait plusieurs ann\u00e9es que je n&rsquo;ai plus \u00e9t\u00e9 en pareille position\u00a0\u00bb, commente le pilote Kawasaki, \u00ab\u00a0mais je ne ressens pas la moindre pression. J&rsquo;ai toujours pris les choses comme elles viennent. C&rsquo;est bon d&rsquo;\u00eatre l\u00e0 ou je suis maintenant mais nous sommes tellement proches les uns des autres&#8230;. A la fin, il n&rsquo;y aura qu&rsquo;un seul champion. Cela sera l&rsquo;un de nous trois, les deux autres seront forc\u00e9ment d\u00e9\u00e7us. Je touche le titre du bout des doigts, je vais tout donner sur les derni\u00e8res manches, en esp\u00e9rant que cela soit suffisant. Si je chute et que j&rsquo;\u00e9choue, je l&rsquo;accepterai. Mais au moins, j&rsquo;aurai tout donn\u00e9.\u00a0\u00bb<\/p>\n","protected":false},"excerpt":{"rendered":"<p>D&rsquo;ici 10 jours \u00e0 peine, le championnat MXGP 2022 aura v\u00e9cu. L&rsquo;un de ces trois hommes aura ajout\u00e9 \u00e0 son palmar\u00e8s personnel un titre mondial : Romain Febvre, Tim Gajser [&#8230;]<\/p>\n","protected":false},"author":932,"featured_media":113710,"comment_status":"open","ping_status":"closed","sticky":false,"template":"","format":"standard","meta":{"footnotes":""},"categories":[58,4,6,5,55,65],"tags":[947,568,456],"class_list":["post-113708","post","type-post","status-publish","format-standard","has-post-thumbnail","hentry","category-interviews-actualite","category-motocross","category-mx1mx2","category-news","category-news-actualite","category-slideshow","tag-motocross","tag-mxgp","tag-romain-febvre"],"yoast_head":"<!-- This site is optimized with the Yoast SEO plugin v27.4 - https:\/\/yoast.com\/product\/yoast-seo-wordpress\/ -->\n<title>Romain Febvre : &quot;C&#039;est bon d&#039;\u00eatre l\u00e0 o\u00f9 je suis !&quot; - Motocross - Enduro - Supermoto | MotocrossMag<\/title>\n<meta name=\"robots\" content=\"index, follow, max-snippet:-1, max-image-preview:large, max-video-preview:-1\" \/>\n<link rel=\"canonical\" href=\"https:\/\/fr.motocrossmag.be\/index.php\/2021\/11\/romain-febvre-cest-bon-detre-la-ou-je-suis\/\" \/>\n<meta property=\"og:locale\" content=\"fr_FR\" \/>\n<meta property=\"og:type\" content=\"article\" \/>\n<meta property=\"og:title\" content=\"Romain Febvre : &quot;C&#039;est bon d&#039;\u00eatre l\u00e0 o\u00f9 je suis !&quot; - Motocross - Enduro - Supermoto | MotocrossMag\" \/>\n<meta property=\"og:description\" content=\"D&rsquo;ici 10 jours \u00e0 peine, le championnat MXGP 2022 aura v\u00e9cu. L&rsquo;un de ces trois hommes aura ajout\u00e9 \u00e0 son palmar\u00e8s personnel un titre mondial : Romain Febvre, Tim Gajser [...]\" \/>\n<meta property=\"og:url\" content=\"https:\/\/fr.motocrossmag.be\/index.php\/2021\/11\/romain-febvre-cest-bon-detre-la-ou-je-suis\/\" \/>\n<meta property=\"og:site_name\" content=\"Motocross - Enduro - Supermoto | MotocrossMag\" \/>\n<meta property=\"article:published_time\" content=\"2021-11-01T09:54:07+00:00\" \/>\n<meta property=\"og:image\" content=\"https:\/\/fr.motocrossmag.be\/wp-content\/uploads\/2021\/10\/FEBVRE_GP16_PH_1780.jpg\" \/>\n\t<meta property=\"og:image:width\" content=\"1000\" \/>\n\t<meta property=\"og:image:height\" content=\"666\" \/>\n\t<meta property=\"og:image:type\" content=\"image\/jpeg\" \/>\n<meta name=\"author\" content=\"oliviere\" \/>\n<meta name=\"twitter:card\" content=\"summary_large_image\" \/>\n<meta name=\"twitter:label1\" content=\"\u00c9crit par\" \/>\n\t<meta name=\"twitter:data1\" content=\"oliviere\" \/>\n\t<meta name=\"twitter:label2\" content=\"Dur\u00e9e de lecture estim\u00e9e\" \/>\n\t<meta name=\"twitter:data2\" content=\"1 minute\" \/>\n<script type=\"application\/ld+json\" class=\"yoast-schema-graph\">{\"@context\":\"https:\\\/\\\/schema.org\",\"@graph\":[{\"@type\":\"Article\",\"@id\":\"https:\\\/\\\/fr.motocrossmag.be\\\/index.php\\\/2021\\\/11\\\/romain-febvre-cest-bon-detre-la-ou-je-suis\\\/#article\",\"isPartOf\":{\"@id\":\"https:\\\/\\\/fr.motocrossmag.be\\\/index.php\\\/2021\\\/11\\\/romain-febvre-cest-bon-detre-la-ou-je-suis\\\/\"},\"author\":{\"name\":\"oliviere\",\"@id\":\"https:\\\/\\\/fr.motocrossmag.be\\\/#\\\/schema\\\/person\\\/11b47143d9f755babca2c9110e03235c\"},\"headline\":\"Romain Febvre : \u00ab\u00a0C&rsquo;est bon d&rsquo;\u00eatre l\u00e0 o\u00f9 je suis !\u00a0\u00bb\",\"datePublished\":\"2021-11-01T09:54:07+00:00\",\"mainEntityOfPage\":{\"@id\":\"https:\\\/\\\/fr.motocrossmag.be\\\/index.php\\\/2021\\\/11\\\/romain-febvre-cest-bon-detre-la-ou-je-suis\\\/\"},\"wordCount\":229,\"commentCount\":0,\"image\":{\"@id\":\"https:\\\/\\\/fr.motocrossmag.be\\\/index.php\\\/2021\\\/11\\\/romain-febvre-cest-bon-detre-la-ou-je-suis\\\/#primaryimage\"},\"thumbnailUrl\":\"https:\\\/\\\/fr.motocrossmag.be\\\/wp-content\\\/uploads\\\/2021\\\/10\\\/FEBVRE_GP16_PH_1780.jpg\",\"keywords\":[\"Motocross\",\"MXGP\",\"romain febvre\"],\"articleSection\":[\"Interviews -all\",\"Motocross\",\"Motocross MXGP\",\"News\",\"News\",\"Slideshow\"],\"inLanguage\":\"fr-FR\",\"potentialAction\":[{\"@type\":\"CommentAction\",\"name\":\"Comment\",\"target\":[\"https:\\\/\\\/fr.motocrossmag.be\\\/index.php\\\/2021\\\/11\\\/romain-febvre-cest-bon-detre-la-ou-je-suis\\\/#respond\"]}]},{\"@type\":\"WebPage\",\"@id\":\"https:\\\/\\\/fr.motocrossmag.be\\\/index.php\\\/2021\\\/11\\\/romain-febvre-cest-bon-detre-la-ou-je-suis\\\/\",\"url\":\"https:\\\/\\\/fr.motocrossmag.be\\\/index.php\\\/2021\\\/11\\\/romain-febvre-cest-bon-detre-la-ou-je-suis\\\/\",\"name\":\"Romain Febvre : \\\"C'est bon d'\u00eatre l\u00e0 o\u00f9 je suis !\\\" - Motocross - Enduro - Supermoto | MotocrossMag\",\"isPartOf\":{\"@id\":\"https:\\\/\\\/fr.motocrossmag.be\\\/#website\"},\"primaryImageOfPage\":{\"@id\":\"https:\\\/\\\/fr.motocrossmag.be\\\/index.php\\\/2021\\\/11\\\/romain-febvre-cest-bon-detre-la-ou-je-suis\\\/#primaryimage\"},\"image\":{\"@id\":\"https:\\\/\\\/fr.motocrossmag.be\\\/index.php\\\/2021\\\/11\\\/romain-febvre-cest-bon-detre-la-ou-je-suis\\\/#primaryimage\"},\"thumbnailUrl\":\"https:\\\/\\\/fr.motocrossmag.be\\\/wp-content\\\/uploads\\\/2021\\\/10\\\/FEBVRE_GP16_PH_1780.jpg\",\"datePublished\":\"2021-11-01T09:54:07+00:00\",\"author\":{\"@id\":\"https:\\\/\\\/fr.motocrossmag.be\\\/#\\\/schema\\\/person\\\/11b47143d9f755babca2c9110e03235c\"},\"breadcrumb\":{\"@id\":\"https:\\\/\\\/fr.motocrossmag.be\\\/index.php\\\/2021\\\/11\\\/romain-febvre-cest-bon-detre-la-ou-je-suis\\\/#breadcrumb\"},\"inLanguage\":\"fr-FR\",\"potentialAction\":[{\"@type\":\"ReadAction\",\"target\":[\"https:\\\/\\\/fr.motocrossmag.be\\\/index.php\\\/2021\\\/11\\\/romain-febvre-cest-bon-detre-la-ou-je-suis\\\/\"]}]},{\"@type\":\"ImageObject\",\"inLanguage\":\"fr-FR\",\"@id\":\"https:\\\/\\\/fr.motocrossmag.be\\\/index.php\\\/2021\\\/11\\\/romain-febvre-cest-bon-detre-la-ou-je-suis\\\/#primaryimage\",\"url\":\"https:\\\/\\\/fr.motocrossmag.be\\\/wp-content\\\/uploads\\\/2021\\\/10\\\/FEBVRE_GP16_PH_1780.jpg\",\"contentUrl\":\"https:\\\/\\\/fr.motocrossmag.be\\\/wp-content\\\/uploads\\\/2021\\\/10\\\/FEBVRE_GP16_PH_1780.jpg\",\"width\":1000,\"height\":666},{\"@type\":\"BreadcrumbList\",\"@id\":\"https:\\\/\\\/fr.motocrossmag.be\\\/index.php\\\/2021\\\/11\\\/romain-febvre-cest-bon-detre-la-ou-je-suis\\\/#breadcrumb\",\"itemListElement\":[{\"@type\":\"ListItem\",\"position\":1,\"name\":\"Accueil\",\"item\":\"https:\\\/\\\/fr.motocrossmag.be\\\/\"},{\"@type\":\"ListItem\",\"position\":2,\"name\":\"Romain Febvre : \u00ab\u00a0C&rsquo;est bon d&rsquo;\u00eatre l\u00e0 o\u00f9 je suis !\u00a0\u00bb\"}]},{\"@type\":\"WebSite\",\"@id\":\"https:\\\/\\\/fr.motocrossmag.be\\\/#website\",\"url\":\"https:\\\/\\\/fr.motocrossmag.be\\\/\",\"name\":\"Motocross - Enduro - Supermoto | MotocrossMag\",\"description\":\"L&#039;actualit\u00e9 du motocross, de l&#039;enduro et du Supermoto en ligne!\",\"potentialAction\":[{\"@type\":\"SearchAction\",\"target\":{\"@type\":\"EntryPoint\",\"urlTemplate\":\"https:\\\/\\\/fr.motocrossmag.be\\\/?s={search_term_string}\"},\"query-input\":{\"@type\":\"PropertyValueSpecification\",\"valueRequired\":true,\"valueName\":\"search_term_string\"}}],\"inLanguage\":\"fr-FR\"},{\"@type\":\"Person\",\"@id\":\"https:\\\/\\\/fr.motocrossmag.be\\\/#\\\/schema\\\/person\\\/11b47143d9f755babca2c9110e03235c\",\"name\":\"oliviere\",\"image\":{\"@type\":\"ImageObject\",\"inLanguage\":\"fr-FR\",\"@id\":\"https:\\\/\\\/secure.gravatar.com\\\/avatar\\\/907069e0b81d119452040469e4a7501da1100f54f7f80180ce77bfab718288f6?s=96&d=mm&r=g\",\"url\":\"https:\\\/\\\/secure.gravatar.com\\\/avatar\\\/907069e0b81d119452040469e4a7501da1100f54f7f80180ce77bfab718288f6?s=96&d=mm&r=g\",\"contentUrl\":\"https:\\\/\\\/secure.gravatar.com\\\/avatar\\\/907069e0b81d119452040469e4a7501da1100f54f7f80180ce77bfab718288f6?s=96&d=mm&r=g\",\"caption\":\"oliviere\"},\"sameAs\":[\"http:\\\/\\\/www.motocrossmag.be\"],\"url\":\"https:\\\/\\\/fr.motocrossmag.be\\\/index.php\\\/author\\\/oliviere\\\/\"}]}<\/script>\n<!-- \/ Yoast SEO plugin. -->","yoast_head_json":{"title":"Romain Febvre : \"C'est bon d'\u00eatre l\u00e0 o\u00f9 je suis !\" - Motocross - Enduro - Supermoto | MotocrossMag","robots":{"index":"index","follow":"follow","max-snippet":"max-snippet:-1","max-image-preview":"max-image-preview:large","max-video-preview":"max-video-preview:-1"},"canonical":"https:\/\/fr.motocrossmag.be\/index.php\/2021\/11\/romain-febvre-cest-bon-detre-la-ou-je-suis\/","og_locale":"fr_FR","og_type":"article","og_title":"Romain Febvre : \"C'est bon d'\u00eatre l\u00e0 o\u00f9 je suis !\" - Motocross - Enduro - Supermoto | MotocrossMag","og_description":"D&rsquo;ici 10 jours \u00e0 peine, le championnat MXGP 2022 aura v\u00e9cu. L&rsquo;un de ces trois hommes aura ajout\u00e9 \u00e0 son palmar\u00e8s personnel un titre mondial : Romain Febvre, Tim Gajser [...]","og_url":"https:\/\/fr.motocrossmag.be\/index.php\/2021\/11\/romain-febvre-cest-bon-detre-la-ou-je-suis\/","og_site_name":"Motocross - Enduro - Supermoto | MotocrossMag","article_published_time":"2021-11-01T09:54:07+00:00","og_image":[{"width":1000,"height":666,"url":"https:\/\/fr.motocrossmag.be\/wp-content\/uploads\/2021\/10\/FEBVRE_GP16_PH_1780.jpg","type":"image\/jpeg"}],"author":"oliviere","twitter_card":"summary_large_image","twitter_misc":{"\u00c9crit par":"oliviere","Dur\u00e9e de lecture estim\u00e9e":"1 minute"},"schema":{"@context":"https:\/\/schema.org","@graph":[{"@type":"Article","@id":"https:\/\/fr.motocrossmag.be\/index.php\/2021\/11\/romain-febvre-cest-bon-detre-la-ou-je-suis\/#article","isPartOf":{"@id":"https:\/\/fr.motocrossmag.be\/index.php\/2021\/11\/romain-febvre-cest-bon-detre-la-ou-je-suis\/"},"author":{"name":"oliviere","@id":"https:\/\/fr.motocrossmag.be\/#\/schema\/person\/11b47143d9f755babca2c9110e03235c"},"headline":"Romain Febvre : \u00ab\u00a0C&rsquo;est bon d&rsquo;\u00eatre l\u00e0 o\u00f9 je suis !\u00a0\u00bb","datePublished":"2021-11-01T09:54:07+00:00","mainEntityOfPage":{"@id":"https:\/\/fr.motocrossmag.be\/index.php\/2021\/11\/romain-febvre-cest-bon-detre-la-ou-je-suis\/"},"wordCount":229,"commentCount":0,"image":{"@id":"https:\/\/fr.motocrossmag.be\/index.php\/2021\/11\/romain-febvre-cest-bon-detre-la-ou-je-suis\/#primaryimage"},"thumbnailUrl":"https:\/\/fr.motocrossmag.be\/wp-content\/uploads\/2021\/10\/FEBVRE_GP16_PH_1780.jpg","keywords":["Motocross","MXGP","romain febvre"],"articleSection":["Interviews -all","Motocross","Motocross MXGP","News","News","Slideshow"],"inLanguage":"fr-FR","potentialAction":[{"@type":"CommentAction","name":"Comment","target":["https:\/\/fr.motocrossmag.be\/index.php\/2021\/11\/romain-febvre-cest-bon-detre-la-ou-je-suis\/#respond"]}]},{"@type":"WebPage","@id":"https:\/\/fr.motocrossmag.be\/index.php\/2021\/11\/romain-febvre-cest-bon-detre-la-ou-je-suis\/","url":"https:\/\/fr.motocrossmag.be\/index.php\/2021\/11\/romain-febvre-cest-bon-detre-la-ou-je-suis\/","name":"Romain Febvre : \"C'est bon d'\u00eatre l\u00e0 o\u00f9 je suis !\" - Motocross - Enduro - Supermoto | MotocrossMag","isPartOf":{"@id":"https:\/\/fr.motocrossmag.be\/#website"},"primaryImageOfPage":{"@id":"https:\/\/fr.motocrossmag.be\/index.php\/2021\/11\/romain-febvre-cest-bon-detre-la-ou-je-suis\/#primaryimage"},"image":{"@id":"https:\/\/fr.motocrossmag.be\/index.php\/2021\/11\/romain-febvre-cest-bon-detre-la-ou-je-suis\/#primaryimage"},"thumbnailUrl":"https:\/\/fr.motocrossmag.be\/wp-content\/uploads\/2021\/10\/FEBVRE_GP16_PH_1780.jpg","datePublished":"2021-11-01T09:54:07+00:00","author":{"@id":"https:\/\/fr.motocrossmag.be\/#\/schema\/person\/11b47143d9f755babca2c9110e03235c"},"breadcrumb":{"@id":"https:\/\/fr.motocrossmag.be\/index.php\/2021\/11\/romain-febvre-cest-bon-detre-la-ou-je-suis\/#breadcrumb"},"inLanguage":"fr-FR","potentialAction":[{"@type":"ReadAction","target":["https:\/\/fr.motocrossmag.be\/index.php\/2021\/11\/romain-febvre-cest-bon-detre-la-ou-je-suis\/"]}]},{"@type":"ImageObject","inLanguage":"fr-FR","@id":"https:\/\/fr.motocrossmag.be\/index.php\/2021\/11\/romain-febvre-cest-bon-detre-la-ou-je-suis\/#primaryimage","url":"https:\/\/fr.motocrossmag.be\/wp-content\/uploads\/2021\/10\/FEBVRE_GP16_PH_1780.jpg","contentUrl":"https:\/\/fr.motocrossmag.be\/wp-content\/uploads\/2021\/10\/FEBVRE_GP16_PH_1780.jpg","width":1000,"height":666},{"@type":"BreadcrumbList","@id":"https:\/\/fr.motocrossmag.be\/index.php\/2021\/11\/romain-febvre-cest-bon-detre-la-ou-je-suis\/#breadcrumb","itemListElement":[{"@type":"ListItem","position":1,"name":"Accueil","item":"https:\/\/fr.motocrossmag.be\/"},{"@type":"ListItem","position":2,"name":"Romain Febvre : \u00ab\u00a0C&rsquo;est bon d&rsquo;\u00eatre l\u00e0 o\u00f9 je suis !\u00a0\u00bb"}]},{"@type":"WebSite","@id":"https:\/\/fr.motocrossmag.be\/#website","url":"https:\/\/fr.motocrossmag.be\/","name":"Motocross - Enduro - Supermoto | MotocrossMag","description":"L&#039;actualit\u00e9 du motocross, de l&#039;enduro et du Supermoto en ligne!","potentialAction":[{"@type":"SearchAction","target":{"@type":"EntryPoint","urlTemplate":"https:\/\/fr.motocrossmag.be\/?s={search_term_string}"},"query-input":{"@type":"PropertyValueSpecification","valueRequired":true,"valueName":"search_term_string"}}],"inLanguage":"fr-FR"},{"@type":"Person","@id":"https:\/\/fr.motocrossmag.be\/#\/schema\/person\/11b47143d9f755babca2c9110e03235c","name":"oliviere","image":{"@type":"ImageObject","inLanguage":"fr-FR","@id":"https:\/\/secure.gravatar.com\/avatar\/907069e0b81d119452040469e4a7501da1100f54f7f80180ce77bfab718288f6?s=96&d=mm&r=g","url":"https:\/\/secure.gravatar.com\/avatar\/907069e0b81d119452040469e4a7501da1100f54f7f80180ce77bfab718288f6?s=96&d=mm&r=g","contentUrl":"https:\/\/secure.gravatar.com\/avatar\/907069e0b81d119452040469e4a7501da1100f54f7f80180ce77bfab718288f6?s=96&d=mm&r=g","caption":"oliviere"},"sameAs":["http:\/\/www.motocrossmag.be"],"url":"https:\/\/fr.motocrossmag.be\/index.php\/author\/oliviere\/"}]}},"_links":{"self":[{"href":"https:\/\/fr.motocrossmag.be\/index.php\/wp-json\/wp\/v2\/posts\/113708","targetHints":{"allow":["GET"]}}],"collection":[{"href":"https:\/\/fr.motocrossmag.be\/index.php\/wp-json\/wp\/v2\/posts"}],"about":[{"href":"https:\/\/fr.motocrossmag.be\/index.php\/wp-json\/wp\/v2\/types\/post"}],"author":[{"embeddable":true,"href":"https:\/\/fr.motocrossmag.be\/index.php\/wp-json\/wp\/v2\/users\/932"}],"replies":[{"embeddable":true,"href":"https:\/\/fr.motocrossmag.be\/index.php\/wp-json\/wp\/v2\/comments?post=113708"}],"version-history":[{"count":0,"href":"https:\/\/fr.motocrossmag.be\/index.php\/wp-json\/wp\/v2\/posts\/113708\/revisions"}],"wp:featuredmedia":[{"embeddable":true,"href":"https:\/\/fr.motocrossmag.be\/index.php\/wp-json\/wp\/v2\/media\/113710"}],"wp:attachment":[{"href":"https:\/\/fr.motocrossmag.be\/index.php\/wp-json\/wp\/v2\/media?parent=113708"}],"wp:term":[{"taxonomy":"category","embeddable":true,"href":"https:\/\/fr.motocrossmag.be\/index.php\/wp-json\/wp\/v2\/categories?post=113708"},{"taxonomy":"post_tag","embeddable":true,"href":"https:\/\/fr.motocrossmag.be\/index.php\/wp-json\/wp\/v2\/tags?post=113708"}],"curies":[{"name":"wp","href":"https:\/\/api.w.org\/{rel}","templated":true}]}}