{"id":113730,"date":"2021-11-04T13:13:58","date_gmt":"2021-11-04T12:13:58","guid":{"rendered":"http:\/\/fr.motocrossmag.be\/?p=113730"},"modified":"2021-11-04T13:13:58","modified_gmt":"2021-11-04T12:13:58","slug":"pit-beirer-je-ne-me-souviens-pas-dun-championnat-aussi-intense","status":"publish","type":"post","link":"https:\/\/fr.motocrossmag.be\/index.php\/2021\/11\/pit-beirer-je-ne-me-souviens-pas-dun-championnat-aussi-intense\/","title":{"rendered":"Pit Beirer : \u00ab\u00a0Je ne me souviens pas d&rsquo;un championnat aussi intense !\u00a0\u00bb"},"content":{"rendered":"<p><strong>Avec Jeffrey Herlings en lice dans la course au titre MXGP 2021 face \u00e0 Tim Gajser et Romain Febvre, Pit Beirer est \u00e9videmment aux premi\u00e8re loges pour vivre ce final qui s&rsquo;annonce exaltant entre les 3 hommes.<\/strong><\/p>\n<p>\u00ab\u00a0C&rsquo;est une excellente saison, c&rsquo;est du motocross au plus haut niveau, je ne me souviens pas d&rsquo;un championnat aussi excitant et intense\u00a0\u00bb, s&rsquo;enthousiasme le manager de la comp\u00e9tition chez KTM.<\/p>\n<p>\u00ab\u00a0Le motocross est un sport individuel et vous ne pouvez pas demander aux membres de votre team de rouler les uns pour les autres. Sauf dans une situation particuli\u00e8re lors de la toute derni\u00e8re course\u00a0\u00bb, r\u00e9agit Beirer interrog\u00e9 au sujet des relations entre Herlings et ses co\u00e9quipier Prado et Cairoli. \u00ab\u00a0Jorge (Prado) est un pilote tr\u00e8s difficile \u00e0 d\u00e9passer. Pour les pilotes KTM mais aussi pour tous les autres pilotes du monde. Non, nous n&rsquo;avons pas \u00e9chang\u00e9 un mot avec lui entre les manches. En tant que manager, il est moins amusant de voir ses propres pilotes se mener la vie dure \u00e0 ce point. Mais d&rsquo;un autre c\u00f4t\u00e9, Jorge a rendu la t\u00e2che tr\u00e8s difficile \u00e0 nos concurrents directs \u00e9galement, ce qui a fait le jeu de KTM. Jorge a une strat\u00e9gie tr\u00e8s claire pour sa course : \u00ab\u00a0Attrapez-moi, si vous le pouvez\u2026. \u00bb.<\/p>\n<p><img decoding=\"async\" class=\"lazyload aligncenter size-full wp-image-113707\" src=\"http:\/\/fr.motocrossmag.be\/wp-content\/uploads\/2021\/10\/FEBVRE_Herlings_GP16_PH_1478.jpg\" data-orig-src=\"http:\/\/fr.motocrossmag.be\/wp-content\/uploads\/2021\/10\/FEBVRE_Herlings_GP16_PH_1478.jpg\" alt=\"\" width=\"1000\" height=\"666\" srcset=\"data:image\/svg+xml,%3Csvg%20xmlns%3D%27http%3A%2F%2Fwww.w3.org%2F2000%2Fsvg%27%20width%3D%271000%27%20height%3D%27666%27%20viewBox%3D%270%200%201000%20666%27%3E%3Crect%20width%3D%271000%27%20height%3D%27666%27%20fill-opacity%3D%220%22%2F%3E%3C%2Fsvg%3E\" data-srcset=\"https:\/\/fr.motocrossmag.be\/wp-content\/uploads\/2021\/10\/FEBVRE_Herlings_GP16_PH_1478-650x433.jpg 650w, https:\/\/fr.motocrossmag.be\/wp-content\/uploads\/2021\/10\/FEBVRE_Herlings_GP16_PH_1478-768x511.jpg 768w, https:\/\/fr.motocrossmag.be\/wp-content\/uploads\/2021\/10\/FEBVRE_Herlings_GP16_PH_1478.jpg 1000w\" data-sizes=\"auto\" data-orig-sizes=\"(max-width: 1000px) 100vw, 1000px\" \/><\/p>\n<p>\u00ab\u00a0Apr\u00e8s la derni\u00e8re course d&rsquo;Arco di Trento, Jeffrey est plein d&rsquo;\u00e9nergie pour se battre pour le titre. C&rsquo;est un combattant acharn\u00e9\u00a0\u00bb, explique Beire. \u00ab\u00a0Nous avons travers\u00e9 beaucoup de hauts et de bas ensemble. Mais le travail qu&rsquo;il fait et la d\u00e9termination dont il fait preuve se situe \u00e0 un autre niveau. Il continuera \u00e0 lutter pour ce titre jusqu&rsquo;au tout dernier tour.\u00a0\u00bb<\/p>\n<p>\u00ab\u00a0Les deux derni\u00e8res courses seront tr\u00e8s excitantes \u00e0 regarder\u00a0\u00bb, se r\u00e9jouit l&rsquo;Allemand. \u00a0\u00bb En tant qu&rsquo;\u00e9quipe, nous voulons \u00e9videmment plus que tout gagner ce titre. Nous avan\u00e7ons \u00e0 toute vapeur vers ces deux derniers rounds d&rsquo;une saison qui restera quoi qu&rsquo;il advienne exceptionnelle. \u00bb<\/p>\n","protected":false},"excerpt":{"rendered":"<p>Avec Jeffrey Herlings en lice dans la course au titre MXGP 2021 face \u00e0 Tim Gajser et Romain Febvre, Pit Beirer est \u00e9videmment aux premi\u00e8re loges pour vivre ce final [&#8230;]<\/p>\n","protected":false},"author":932,"featured_media":113731,"comment_status":"open","ping_status":"closed","sticky":false,"template":"","format":"standard","meta":{"footnotes":""},"categories":[54,58,4,6,5,55,65],"tags":[77,79,947,568,1632],"class_list":["post-113730","post","type-post","status-publish","format-standard","has-post-thumbnail","hentry","category-actualite","category-interviews-actualite","category-motocross","category-mx1mx2","category-news","category-news-actualite","category-slideshow","tag-jeffrey-herlings","tag-ktm","tag-motocross","tag-mxgp","tag-pit-beirer"],"yoast_head":"<!-- This site is optimized with the Yoast SEO plugin v27.4 - https:\/\/yoast.com\/product\/yoast-seo-wordpress\/ -->\n<title>Pit Beirer : &quot;Je ne me souviens pas d&#039;un championnat aussi intense !&quot; - Motocross - Enduro - Supermoto | MotocrossMag<\/title>\n<meta name=\"robots\" content=\"index, follow, max-snippet:-1, max-image-preview:large, max-video-preview:-1\" \/>\n<link rel=\"canonical\" href=\"https:\/\/fr.motocrossmag.be\/index.php\/2021\/11\/pit-beirer-je-ne-me-souviens-pas-dun-championnat-aussi-intense\/\" \/>\n<meta property=\"og:locale\" content=\"fr_FR\" \/>\n<meta property=\"og:type\" content=\"article\" \/>\n<meta property=\"og:title\" content=\"Pit Beirer : &quot;Je ne me souviens pas d&#039;un championnat aussi intense !&quot; - Motocross - Enduro - Supermoto | MotocrossMag\" \/>\n<meta property=\"og:description\" content=\"Avec Jeffrey Herlings en lice dans la course au titre MXGP 2021 face \u00e0 Tim Gajser et Romain Febvre, Pit Beirer est \u00e9videmment aux premi\u00e8re loges pour vivre ce final [...]\" \/>\n<meta property=\"og:url\" content=\"https:\/\/fr.motocrossmag.be\/index.php\/2021\/11\/pit-beirer-je-ne-me-souviens-pas-dun-championnat-aussi-intense\/\" \/>\n<meta property=\"og:site_name\" content=\"Motocross - Enduro - Supermoto | MotocrossMag\" \/>\n<meta property=\"article:published_time\" content=\"2021-11-04T12:13:58+00:00\" \/>\n<meta property=\"og:image\" content=\"https:\/\/fr.motocrossmag.be\/wp-content\/uploads\/2021\/11\/321382_Pit-Beirer_KTM-RC16_MotoGP_Circuit-Ricardo-Tormo-Valencia-_ESP_2019-11-15-1569.jpg\" \/>\n\t<meta property=\"og:image:width\" content=\"1000\" \/>\n\t<meta property=\"og:image:height\" content=\"666\" \/>\n\t<meta property=\"og:image:type\" content=\"image\/jpeg\" \/>\n<meta name=\"author\" content=\"oliviere\" \/>\n<meta name=\"twitter:card\" content=\"summary_large_image\" \/>\n<meta name=\"twitter:label1\" content=\"\u00c9crit par\" \/>\n\t<meta name=\"twitter:data1\" content=\"oliviere\" \/>\n\t<meta name=\"twitter:label2\" content=\"Dur\u00e9e de lecture estim\u00e9e\" \/>\n\t<meta name=\"twitter:data2\" content=\"2 minutes\" \/>\n<script type=\"application\/ld+json\" class=\"yoast-schema-graph\">{\"@context\":\"https:\\\/\\\/schema.org\",\"@graph\":[{\"@type\":\"Article\",\"@id\":\"https:\\\/\\\/fr.motocrossmag.be\\\/index.php\\\/2021\\\/11\\\/pit-beirer-je-ne-me-souviens-pas-dun-championnat-aussi-intense\\\/#article\",\"isPartOf\":{\"@id\":\"https:\\\/\\\/fr.motocrossmag.be\\\/index.php\\\/2021\\\/11\\\/pit-beirer-je-ne-me-souviens-pas-dun-championnat-aussi-intense\\\/\"},\"author\":{\"name\":\"oliviere\",\"@id\":\"https:\\\/\\\/fr.motocrossmag.be\\\/#\\\/schema\\\/person\\\/11b47143d9f755babca2c9110e03235c\"},\"headline\":\"Pit Beirer : \u00ab\u00a0Je ne me souviens pas d&rsquo;un championnat aussi intense !\u00a0\u00bb\",\"datePublished\":\"2021-11-04T12:13:58+00:00\",\"mainEntityOfPage\":{\"@id\":\"https:\\\/\\\/fr.motocrossmag.be\\\/index.php\\\/2021\\\/11\\\/pit-beirer-je-ne-me-souviens-pas-dun-championnat-aussi-intense\\\/\"},\"wordCount\":352,\"commentCount\":0,\"image\":{\"@id\":\"https:\\\/\\\/fr.motocrossmag.be\\\/index.php\\\/2021\\\/11\\\/pit-beirer-je-ne-me-souviens-pas-dun-championnat-aussi-intense\\\/#primaryimage\"},\"thumbnailUrl\":\"https:\\\/\\\/fr.motocrossmag.be\\\/wp-content\\\/uploads\\\/2021\\\/11\\\/321382_Pit-Beirer_KTM-RC16_MotoGP_Circuit-Ricardo-Tormo-Valencia-_ESP_2019-11-15-1569.jpg\",\"keywords\":[\"Jeffrey Herlings\",\"KTM\",\"Motocross\",\"MXGP\",\"pit beirer\"],\"articleSection\":[\"Actualit\u00e9\",\"Interviews -all\",\"Motocross\",\"Motocross MXGP\",\"News\",\"News\",\"Slideshow\"],\"inLanguage\":\"fr-FR\",\"potentialAction\":[{\"@type\":\"CommentAction\",\"name\":\"Comment\",\"target\":[\"https:\\\/\\\/fr.motocrossmag.be\\\/index.php\\\/2021\\\/11\\\/pit-beirer-je-ne-me-souviens-pas-dun-championnat-aussi-intense\\\/#respond\"]}]},{\"@type\":\"WebPage\",\"@id\":\"https:\\\/\\\/fr.motocrossmag.be\\\/index.php\\\/2021\\\/11\\\/pit-beirer-je-ne-me-souviens-pas-dun-championnat-aussi-intense\\\/\",\"url\":\"https:\\\/\\\/fr.motocrossmag.be\\\/index.php\\\/2021\\\/11\\\/pit-beirer-je-ne-me-souviens-pas-dun-championnat-aussi-intense\\\/\",\"name\":\"Pit Beirer : \\\"Je ne me souviens pas d'un championnat aussi intense !\\\" - Motocross - Enduro - Supermoto | MotocrossMag\",\"isPartOf\":{\"@id\":\"https:\\\/\\\/fr.motocrossmag.be\\\/#website\"},\"primaryImageOfPage\":{\"@id\":\"https:\\\/\\\/fr.motocrossmag.be\\\/index.php\\\/2021\\\/11\\\/pit-beirer-je-ne-me-souviens-pas-dun-championnat-aussi-intense\\\/#primaryimage\"},\"image\":{\"@id\":\"https:\\\/\\\/fr.motocrossmag.be\\\/index.php\\\/2021\\\/11\\\/pit-beirer-je-ne-me-souviens-pas-dun-championnat-aussi-intense\\\/#primaryimage\"},\"thumbnailUrl\":\"https:\\\/\\\/fr.motocrossmag.be\\\/wp-content\\\/uploads\\\/2021\\\/11\\\/321382_Pit-Beirer_KTM-RC16_MotoGP_Circuit-Ricardo-Tormo-Valencia-_ESP_2019-11-15-1569.jpg\",\"datePublished\":\"2021-11-04T12:13:58+00:00\",\"author\":{\"@id\":\"https:\\\/\\\/fr.motocrossmag.be\\\/#\\\/schema\\\/person\\\/11b47143d9f755babca2c9110e03235c\"},\"breadcrumb\":{\"@id\":\"https:\\\/\\\/fr.motocrossmag.be\\\/index.php\\\/2021\\\/11\\\/pit-beirer-je-ne-me-souviens-pas-dun-championnat-aussi-intense\\\/#breadcrumb\"},\"inLanguage\":\"fr-FR\",\"potentialAction\":[{\"@type\":\"ReadAction\",\"target\":[\"https:\\\/\\\/fr.motocrossmag.be\\\/index.php\\\/2021\\\/11\\\/pit-beirer-je-ne-me-souviens-pas-dun-championnat-aussi-intense\\\/\"]}]},{\"@type\":\"ImageObject\",\"inLanguage\":\"fr-FR\",\"@id\":\"https:\\\/\\\/fr.motocrossmag.be\\\/index.php\\\/2021\\\/11\\\/pit-beirer-je-ne-me-souviens-pas-dun-championnat-aussi-intense\\\/#primaryimage\",\"url\":\"https:\\\/\\\/fr.motocrossmag.be\\\/wp-content\\\/uploads\\\/2021\\\/11\\\/321382_Pit-Beirer_KTM-RC16_MotoGP_Circuit-Ricardo-Tormo-Valencia-_ESP_2019-11-15-1569.jpg\",\"contentUrl\":\"https:\\\/\\\/fr.motocrossmag.be\\\/wp-content\\\/uploads\\\/2021\\\/11\\\/321382_Pit-Beirer_KTM-RC16_MotoGP_Circuit-Ricardo-Tormo-Valencia-_ESP_2019-11-15-1569.jpg\",\"width\":1000,\"height\":666},{\"@type\":\"BreadcrumbList\",\"@id\":\"https:\\\/\\\/fr.motocrossmag.be\\\/index.php\\\/2021\\\/11\\\/pit-beirer-je-ne-me-souviens-pas-dun-championnat-aussi-intense\\\/#breadcrumb\",\"itemListElement\":[{\"@type\":\"ListItem\",\"position\":1,\"name\":\"Accueil\",\"item\":\"https:\\\/\\\/fr.motocrossmag.be\\\/\"},{\"@type\":\"ListItem\",\"position\":2,\"name\":\"Pit Beirer : \u00ab\u00a0Je ne me souviens pas d&rsquo;un championnat aussi intense !\u00a0\u00bb\"}]},{\"@type\":\"WebSite\",\"@id\":\"https:\\\/\\\/fr.motocrossmag.be\\\/#website\",\"url\":\"https:\\\/\\\/fr.motocrossmag.be\\\/\",\"name\":\"Motocross - Enduro - Supermoto | MotocrossMag\",\"description\":\"L&#039;actualit\u00e9 du motocross, de l&#039;enduro et du Supermoto en ligne!\",\"potentialAction\":[{\"@type\":\"SearchAction\",\"target\":{\"@type\":\"EntryPoint\",\"urlTemplate\":\"https:\\\/\\\/fr.motocrossmag.be\\\/?s={search_term_string}\"},\"query-input\":{\"@type\":\"PropertyValueSpecification\",\"valueRequired\":true,\"valueName\":\"search_term_string\"}}],\"inLanguage\":\"fr-FR\"},{\"@type\":\"Person\",\"@id\":\"https:\\\/\\\/fr.motocrossmag.be\\\/#\\\/schema\\\/person\\\/11b47143d9f755babca2c9110e03235c\",\"name\":\"oliviere\",\"image\":{\"@type\":\"ImageObject\",\"inLanguage\":\"fr-FR\",\"@id\":\"https:\\\/\\\/secure.gravatar.com\\\/avatar\\\/907069e0b81d119452040469e4a7501da1100f54f7f80180ce77bfab718288f6?s=96&d=mm&r=g\",\"url\":\"https:\\\/\\\/secure.gravatar.com\\\/avatar\\\/907069e0b81d119452040469e4a7501da1100f54f7f80180ce77bfab718288f6?s=96&d=mm&r=g\",\"contentUrl\":\"https:\\\/\\\/secure.gravatar.com\\\/avatar\\\/907069e0b81d119452040469e4a7501da1100f54f7f80180ce77bfab718288f6?s=96&d=mm&r=g\",\"caption\":\"oliviere\"},\"sameAs\":[\"http:\\\/\\\/www.motocrossmag.be\"],\"url\":\"https:\\\/\\\/fr.motocrossmag.be\\\/index.php\\\/author\\\/oliviere\\\/\"}]}<\/script>\n<!-- \/ Yoast SEO plugin. -->","yoast_head_json":{"title":"Pit Beirer : \"Je ne me souviens pas d'un championnat aussi intense !\" - Motocross - Enduro - Supermoto | MotocrossMag","robots":{"index":"index","follow":"follow","max-snippet":"max-snippet:-1","max-image-preview":"max-image-preview:large","max-video-preview":"max-video-preview:-1"},"canonical":"https:\/\/fr.motocrossmag.be\/index.php\/2021\/11\/pit-beirer-je-ne-me-souviens-pas-dun-championnat-aussi-intense\/","og_locale":"fr_FR","og_type":"article","og_title":"Pit Beirer : \"Je ne me souviens pas d'un championnat aussi intense !\" - Motocross - Enduro - Supermoto | MotocrossMag","og_description":"Avec Jeffrey Herlings en lice dans la course au titre MXGP 2021 face \u00e0 Tim Gajser et Romain Febvre, Pit Beirer est \u00e9videmment aux premi\u00e8re loges pour vivre ce final [...]","og_url":"https:\/\/fr.motocrossmag.be\/index.php\/2021\/11\/pit-beirer-je-ne-me-souviens-pas-dun-championnat-aussi-intense\/","og_site_name":"Motocross - Enduro - Supermoto | MotocrossMag","article_published_time":"2021-11-04T12:13:58+00:00","og_image":[{"width":1000,"height":666,"url":"https:\/\/fr.motocrossmag.be\/wp-content\/uploads\/2021\/11\/321382_Pit-Beirer_KTM-RC16_MotoGP_Circuit-Ricardo-Tormo-Valencia-_ESP_2019-11-15-1569.jpg","type":"image\/jpeg"}],"author":"oliviere","twitter_card":"summary_large_image","twitter_misc":{"\u00c9crit par":"oliviere","Dur\u00e9e de lecture estim\u00e9e":"2 minutes"},"schema":{"@context":"https:\/\/schema.org","@graph":[{"@type":"Article","@id":"https:\/\/fr.motocrossmag.be\/index.php\/2021\/11\/pit-beirer-je-ne-me-souviens-pas-dun-championnat-aussi-intense\/#article","isPartOf":{"@id":"https:\/\/fr.motocrossmag.be\/index.php\/2021\/11\/pit-beirer-je-ne-me-souviens-pas-dun-championnat-aussi-intense\/"},"author":{"name":"oliviere","@id":"https:\/\/fr.motocrossmag.be\/#\/schema\/person\/11b47143d9f755babca2c9110e03235c"},"headline":"Pit Beirer : \u00ab\u00a0Je ne me souviens pas d&rsquo;un championnat aussi intense !\u00a0\u00bb","datePublished":"2021-11-04T12:13:58+00:00","mainEntityOfPage":{"@id":"https:\/\/fr.motocrossmag.be\/index.php\/2021\/11\/pit-beirer-je-ne-me-souviens-pas-dun-championnat-aussi-intense\/"},"wordCount":352,"commentCount":0,"image":{"@id":"https:\/\/fr.motocrossmag.be\/index.php\/2021\/11\/pit-beirer-je-ne-me-souviens-pas-dun-championnat-aussi-intense\/#primaryimage"},"thumbnailUrl":"https:\/\/fr.motocrossmag.be\/wp-content\/uploads\/2021\/11\/321382_Pit-Beirer_KTM-RC16_MotoGP_Circuit-Ricardo-Tormo-Valencia-_ESP_2019-11-15-1569.jpg","keywords":["Jeffrey Herlings","KTM","Motocross","MXGP","pit beirer"],"articleSection":["Actualit\u00e9","Interviews -all","Motocross","Motocross MXGP","News","News","Slideshow"],"inLanguage":"fr-FR","potentialAction":[{"@type":"CommentAction","name":"Comment","target":["https:\/\/fr.motocrossmag.be\/index.php\/2021\/11\/pit-beirer-je-ne-me-souviens-pas-dun-championnat-aussi-intense\/#respond"]}]},{"@type":"WebPage","@id":"https:\/\/fr.motocrossmag.be\/index.php\/2021\/11\/pit-beirer-je-ne-me-souviens-pas-dun-championnat-aussi-intense\/","url":"https:\/\/fr.motocrossmag.be\/index.php\/2021\/11\/pit-beirer-je-ne-me-souviens-pas-dun-championnat-aussi-intense\/","name":"Pit Beirer : \"Je ne me souviens pas d'un championnat aussi intense !\" - Motocross - Enduro - Supermoto | MotocrossMag","isPartOf":{"@id":"https:\/\/fr.motocrossmag.be\/#website"},"primaryImageOfPage":{"@id":"https:\/\/fr.motocrossmag.be\/index.php\/2021\/11\/pit-beirer-je-ne-me-souviens-pas-dun-championnat-aussi-intense\/#primaryimage"},"image":{"@id":"https:\/\/fr.motocrossmag.be\/index.php\/2021\/11\/pit-beirer-je-ne-me-souviens-pas-dun-championnat-aussi-intense\/#primaryimage"},"thumbnailUrl":"https:\/\/fr.motocrossmag.be\/wp-content\/uploads\/2021\/11\/321382_Pit-Beirer_KTM-RC16_MotoGP_Circuit-Ricardo-Tormo-Valencia-_ESP_2019-11-15-1569.jpg","datePublished":"2021-11-04T12:13:58+00:00","author":{"@id":"https:\/\/fr.motocrossmag.be\/#\/schema\/person\/11b47143d9f755babca2c9110e03235c"},"breadcrumb":{"@id":"https:\/\/fr.motocrossmag.be\/index.php\/2021\/11\/pit-beirer-je-ne-me-souviens-pas-dun-championnat-aussi-intense\/#breadcrumb"},"inLanguage":"fr-FR","potentialAction":[{"@type":"ReadAction","target":["https:\/\/fr.motocrossmag.be\/index.php\/2021\/11\/pit-beirer-je-ne-me-souviens-pas-dun-championnat-aussi-intense\/"]}]},{"@type":"ImageObject","inLanguage":"fr-FR","@id":"https:\/\/fr.motocrossmag.be\/index.php\/2021\/11\/pit-beirer-je-ne-me-souviens-pas-dun-championnat-aussi-intense\/#primaryimage","url":"https:\/\/fr.motocrossmag.be\/wp-content\/uploads\/2021\/11\/321382_Pit-Beirer_KTM-RC16_MotoGP_Circuit-Ricardo-Tormo-Valencia-_ESP_2019-11-15-1569.jpg","contentUrl":"https:\/\/fr.motocrossmag.be\/wp-content\/uploads\/2021\/11\/321382_Pit-Beirer_KTM-RC16_MotoGP_Circuit-Ricardo-Tormo-Valencia-_ESP_2019-11-15-1569.jpg","width":1000,"height":666},{"@type":"BreadcrumbList","@id":"https:\/\/fr.motocrossmag.be\/index.php\/2021\/11\/pit-beirer-je-ne-me-souviens-pas-dun-championnat-aussi-intense\/#breadcrumb","itemListElement":[{"@type":"ListItem","position":1,"name":"Accueil","item":"https:\/\/fr.motocrossmag.be\/"},{"@type":"ListItem","position":2,"name":"Pit Beirer : \u00ab\u00a0Je ne me souviens pas d&rsquo;un championnat aussi intense !\u00a0\u00bb"}]},{"@type":"WebSite","@id":"https:\/\/fr.motocrossmag.be\/#website","url":"https:\/\/fr.motocrossmag.be\/","name":"Motocross - Enduro - Supermoto | MotocrossMag","description":"L&#039;actualit\u00e9 du motocross, de l&#039;enduro et du Supermoto en ligne!","potentialAction":[{"@type":"SearchAction","target":{"@type":"EntryPoint","urlTemplate":"https:\/\/fr.motocrossmag.be\/?s={search_term_string}"},"query-input":{"@type":"PropertyValueSpecification","valueRequired":true,"valueName":"search_term_string"}}],"inLanguage":"fr-FR"},{"@type":"Person","@id":"https:\/\/fr.motocrossmag.be\/#\/schema\/person\/11b47143d9f755babca2c9110e03235c","name":"oliviere","image":{"@type":"ImageObject","inLanguage":"fr-FR","@id":"https:\/\/secure.gravatar.com\/avatar\/907069e0b81d119452040469e4a7501da1100f54f7f80180ce77bfab718288f6?s=96&d=mm&r=g","url":"https:\/\/secure.gravatar.com\/avatar\/907069e0b81d119452040469e4a7501da1100f54f7f80180ce77bfab718288f6?s=96&d=mm&r=g","contentUrl":"https:\/\/secure.gravatar.com\/avatar\/907069e0b81d119452040469e4a7501da1100f54f7f80180ce77bfab718288f6?s=96&d=mm&r=g","caption":"oliviere"},"sameAs":["http:\/\/www.motocrossmag.be"],"url":"https:\/\/fr.motocrossmag.be\/index.php\/author\/oliviere\/"}]}},"_links":{"self":[{"href":"https:\/\/fr.motocrossmag.be\/index.php\/wp-json\/wp\/v2\/posts\/113730","targetHints":{"allow":["GET"]}}],"collection":[{"href":"https:\/\/fr.motocrossmag.be\/index.php\/wp-json\/wp\/v2\/posts"}],"about":[{"href":"https:\/\/fr.motocrossmag.be\/index.php\/wp-json\/wp\/v2\/types\/post"}],"author":[{"embeddable":true,"href":"https:\/\/fr.motocrossmag.be\/index.php\/wp-json\/wp\/v2\/users\/932"}],"replies":[{"embeddable":true,"href":"https:\/\/fr.motocrossmag.be\/index.php\/wp-json\/wp\/v2\/comments?post=113730"}],"version-history":[{"count":0,"href":"https:\/\/fr.motocrossmag.be\/index.php\/wp-json\/wp\/v2\/posts\/113730\/revisions"}],"wp:featuredmedia":[{"embeddable":true,"href":"https:\/\/fr.motocrossmag.be\/index.php\/wp-json\/wp\/v2\/media\/113731"}],"wp:attachment":[{"href":"https:\/\/fr.motocrossmag.be\/index.php\/wp-json\/wp\/v2\/media?parent=113730"}],"wp:term":[{"taxonomy":"category","embeddable":true,"href":"https:\/\/fr.motocrossmag.be\/index.php\/wp-json\/wp\/v2\/categories?post=113730"},{"taxonomy":"post_tag","embeddable":true,"href":"https:\/\/fr.motocrossmag.be\/index.php\/wp-json\/wp\/v2\/tags?post=113730"}],"curies":[{"name":"wp","href":"https:\/\/api.w.org\/{rel}","templated":true}]}}