{"id":113743,"date":"2021-11-06T07:20:27","date_gmt":"2021-11-06T06:20:27","guid":{"rendered":"http:\/\/fr.motocrossmag.be\/?p=113743"},"modified":"2021-11-06T07:20:27","modified_gmt":"2021-11-06T06:20:27","slug":"erik-willems-impatient-detre-a-binche-ce-dimanche","status":"publish","type":"post","link":"https:\/\/fr.motocrossmag.be\/index.php\/2021\/11\/erik-willems-impatient-detre-a-binche-ce-dimanche\/","title":{"rendered":"Erik Willems \u00ab\u00a0impatient d&rsquo;\u00eatre \u00e0 Binche ce dimanche\u00a0\u00bb"},"content":{"rendered":"<p><strong>On revient sur une saison compliqu\u00e9e pour Erik Willems. Le pilote Husqvarna y est entr\u00e9 avec une pr\u00e9paration minimale mais s&rsquo;est battu pour revenir \u00e0 son meilleur niveau. Le travail et l&rsquo;acharnement ont fini par payer. Apr\u00e8s de bons Six Jours en Italie et un GP de France encourageant pour refermer la saison mondiale, Erik attend avec impatience la finale du championnat de Belgique d&rsquo;enduro qui se disputera \u00e0 Binche ce dimanche.<\/strong><\/p>\n<p>\u00ab\u00a0La saison a \u00e9t\u00e9 rendue assez compliqu\u00e9e \u00e0 cause de 5 mois d&rsquo;arr\u00eat durant l&rsquo;hiver\u00a0\u00bb, entame Willems. \u00ab\u00a0Je suis arriv\u00e9 peu pr\u00e9par\u00e9 sur les premiers rounds EnduroGP au Portugal et en Italie, avec seulement 3 semaines d&rsquo;entra\u00eenement derri\u00e8re moi. Ensuite, Lierneux et Epernay se sont bien pass\u00e9s car en championnat de Belgique les sp\u00e9ciales sont moins d\u00e9fonc\u00e9es. Le championnat de Belgique me convient globalement mieux que le mondial.\u00a0\u00bb<\/p>\n<p><img decoding=\"async\" class=\"lazyload aligncenter size-full wp-image-113746\" src=\"http:\/\/fr.motocrossmag.be\/wp-content\/uploads\/2021\/11\/250770721_413378833669881_3802913354270731363_n.jpg\" data-orig-src=\"http:\/\/fr.motocrossmag.be\/wp-content\/uploads\/2021\/11\/250770721_413378833669881_3802913354270731363_n.jpg\" alt=\"\" width=\"1000\" height=\"666\" srcset=\"data:image\/svg+xml,%3Csvg%20xmlns%3D%27http%3A%2F%2Fwww.w3.org%2F2000%2Fsvg%27%20width%3D%271000%27%20height%3D%27666%27%20viewBox%3D%270%200%201000%20666%27%3E%3Crect%20width%3D%271000%27%20height%3D%27666%27%20fill-opacity%3D%220%22%2F%3E%3C%2Fsvg%3E\" data-srcset=\"https:\/\/fr.motocrossmag.be\/wp-content\/uploads\/2021\/11\/250770721_413378833669881_3802913354270731363_n-650x433.jpg 650w, https:\/\/fr.motocrossmag.be\/wp-content\/uploads\/2021\/11\/250770721_413378833669881_3802913354270731363_n-768x511.jpg 768w, https:\/\/fr.motocrossmag.be\/wp-content\/uploads\/2021\/11\/250770721_413378833669881_3802913354270731363_n.jpg 1000w\" data-sizes=\"auto\" data-orig-sizes=\"(max-width: 1000px) 100vw, 1000px\" \/><\/p>\n<p>\u00ab\u00a0La saison mondial s&rsquo;est poursuivie apr\u00e8s cela en Estonie et en Su\u00e8de. Ces deux GP ont \u00e9t\u00e9 particuli\u00e8rement difficiles pour moi, tant mentalement que physiquement\u00a0\u00bb, confie le Braban\u00e7on. \u00ab\u00a0J&rsquo;ai fini par attraper un virus qui a attaqu\u00e9 mes poumons, ce qui m&rsquo;a occasionn\u00e9 de grosses fatigues. J&rsquo;ai pass\u00e9 le mois d&rsquo;ao\u00fbt dans mon lit, je n&rsquo;\u00e9tais vraiment pas bien.\u00a0\u00bb<\/p>\n<p>\u00ab\u00a0Mais je m&rsquo;\u00e9tais d\u00e9j\u00e0 engag\u00e9 pour faire les 6 jours\u00a0\u00bb, continue-t-il.\u00a0 \u00ab\u00a0Je devais y arriver le mardi et le dimanche soir, je ne savais toujours pas si je pouvais partir, j&rsquo;attendais encore les r\u00e9sultats des derniers examens et le feu vert du m\u00e9decin. Je suis finalement parti, j&rsquo;ai fait la route le lundi et, pour la petite anecdote, j&rsquo;avais un examen d&rsquo;Espagnol \u00e0 passer le mardi matin. Je l&rsquo;ai pass\u00e9 depuis l&rsquo;Italie, une fois arriv\u00e9 sur les 6 Jours. Et je l&rsquo;ai r\u00e9ussi !\u00a0\u00bb<\/p>\n<p><img decoding=\"async\" class=\"lazyload aligncenter size-full wp-image-113749\" src=\"http:\/\/fr.motocrossmag.be\/wp-content\/uploads\/2021\/11\/245527096_157950803218420_5539132590431768655_n.jpg\" data-orig-src=\"http:\/\/fr.motocrossmag.be\/wp-content\/uploads\/2021\/11\/245527096_157950803218420_5539132590431768655_n.jpg\" alt=\"\" width=\"1000\" height=\"661\" srcset=\"data:image\/svg+xml,%3Csvg%20xmlns%3D%27http%3A%2F%2Fwww.w3.org%2F2000%2Fsvg%27%20width%3D%271000%27%20height%3D%27661%27%20viewBox%3D%270%200%201000%20661%27%3E%3Crect%20width%3D%271000%27%20height%3D%27661%27%20fill-opacity%3D%220%22%2F%3E%3C%2Fsvg%3E\" data-srcset=\"https:\/\/fr.motocrossmag.be\/wp-content\/uploads\/2021\/11\/245527096_157950803218420_5539132590431768655_n-650x430.jpg 650w, https:\/\/fr.motocrossmag.be\/wp-content\/uploads\/2021\/11\/245527096_157950803218420_5539132590431768655_n-768x508.jpg 768w, https:\/\/fr.motocrossmag.be\/wp-content\/uploads\/2021\/11\/245527096_157950803218420_5539132590431768655_n.jpg 1000w\" data-sizes=\"auto\" data-orig-sizes=\"(max-width: 1000px) 100vw, 1000px\" \/><\/p>\n<p>\u00ab\u00a0Aux 6 Jours, j&rsquo;ai fait du mieux que je pouvais \u00e9tant donn\u00e9 les circonstances. Ce n&rsquo;\u00e9tait pas mes meilleurs 6 Jours mais cela m&rsquo;a aid\u00e9 \u00e0 me relancer pour la fin de la saison. A partir de l\u00e0, j&rsquo;ai roul\u00e9 plus d\u00e9contract\u00e9 et j&rsquo;ai commenc\u00e9 \u00e0 me sentir enfin mieux sur la moto. Verdun et puis surtout Dinant, o\u00f9 j&rsquo;ai vraiment mieux roul\u00e9, se sont bien pass\u00e9s. J&rsquo;attendais ensuite avec impatience la finale du championnat de Belgique \u00e0 Binche.\u00a0\u00bb<\/p>\n<p>S&rsquo;il \u00e9tait bien pr\u00e9sent sur la finale de l&rsquo;EnduroGP en France, Erik n&rsquo;avait pas particip\u00e9 \u00e0 l&rsquo;avant-derni\u00e8re \u00e9preuve au Portugal. \u00ab\u00a0J&rsquo;ai pris la d\u00e9cision de ne pas partir au Portugal car c&rsquo;\u00e9tait loin, \u00e0 plus de 2000 kilom\u00e8tres, et ce GP \u00e9tait cens\u00e9 suivre d&rsquo;une semaine \u00e0 peine l&rsquo;enduro de Binche\u00a0\u00bb, nous explique-t-il. \u00ab\u00a0Avec le report de Binche, j&rsquo;\u00e9tais finalement d\u00e9\u00e7u de rester sans faire de course mais cela m&rsquo;a permis aussi de prendre un peu de repos en pleine saison, ce qui m&rsquo;a fait du bien. D&rsquo;ailleurs, le GP de France s&rsquo;est vraiment bien d\u00e9roul\u00e9. Je me sentais bien et je suis arriv\u00e9 tr\u00e8s motiv\u00e9 en France. Je rentre dans le top-10 Junior Scratch, \u00e0 moins de 15 secondes du top-5 Junior 2, \u00e0 une minute \u00e0 peine de la victoire apr\u00e8s une heure de chrono, soit une seconde par minute. Ce n&rsquo;est pas grand-chose.\u00a0\u00bb<\/p>\n<blockquote><p>\u00ab\u00a0Un petit pas en arri\u00e8re pour revenir avec plus de bagage technique\u00a0\u00bb<\/p><\/blockquote>\n<p>A pr\u00e9sent, c&rsquo;est \u00e0 Binche que se situent les prochains objectifs sportifs d&rsquo;Erik, juste avant d&rsquo;entrer dans la p\u00e9riode hivernale. \u00ab\u00a0J&rsquo;attends avec impatience cette finale du championnat de Belgique \u00e0 Binche. C&rsquo;est \u00e0 20 minutes de chez moi, ce qui donne l&rsquo;occasion \u00e0 pas mal de gens de mon entourage d&rsquo;\u00eatre pr\u00e9sents pour m&rsquo;y supporter. Antoine (Magain) est tr\u00e8s fort mais tout peut se passer et je ferai tour pour me battre pour le victoire. J&rsquo;ai h\u00e2te d&rsquo;y \u00eatre !\u00a0\u00bb<\/p>\n<p><img decoding=\"async\" class=\"lazyload aligncenter size-full wp-image-113747\" src=\"http:\/\/fr.motocrossmag.be\/wp-content\/uploads\/2021\/11\/245053147_374597174355411_6022335457057332268_n.jpg\" data-orig-src=\"http:\/\/fr.motocrossmag.be\/wp-content\/uploads\/2021\/11\/245053147_374597174355411_6022335457057332268_n.jpg\" alt=\"\" width=\"1000\" height=\"666\" srcset=\"data:image\/svg+xml,%3Csvg%20xmlns%3D%27http%3A%2F%2Fwww.w3.org%2F2000%2Fsvg%27%20width%3D%271000%27%20height%3D%27666%27%20viewBox%3D%270%200%201000%20666%27%3E%3Crect%20width%3D%271000%27%20height%3D%27666%27%20fill-opacity%3D%220%22%2F%3E%3C%2Fsvg%3E\" data-srcset=\"https:\/\/fr.motocrossmag.be\/wp-content\/uploads\/2021\/11\/245053147_374597174355411_6022335457057332268_n-650x433.jpg 650w, https:\/\/fr.motocrossmag.be\/wp-content\/uploads\/2021\/11\/245053147_374597174355411_6022335457057332268_n-768x511.jpg 768w, https:\/\/fr.motocrossmag.be\/wp-content\/uploads\/2021\/11\/245053147_374597174355411_6022335457057332268_n.jpg 1000w\" data-sizes=\"auto\" data-orig-sizes=\"(max-width: 1000px) 100vw, 1000px\" \/><\/p>\n<p>\u00ab\u00a0J&rsquo;ai 23 ans et, sur le mondial, cette saison \u00e9tait donc ma derni\u00e8re en Junior. La saison prochaine, je dois aller en Elite. Mais je sais que je n&rsquo;ai pas encore le niveau pour aller Elite car c&rsquo;est vraiment \u00e9lev\u00e9. Je vais donc mettre une petite parenth\u00e8se sur le mondial, en esp\u00e9rant y revenir en 2023 ou 2024. Pour la saison prochaine, je continue avec Husqvarna Belgique. J&rsquo;en suis tr\u00e8s heureux. Je disputerai le championnat de Belgique et \u00e0 tout le championnat d&rsquo;Europe. Les 12 Heures de la Chinelle figurent aussi \u00e0 mon programme. C&rsquo;est donc un petit pas en arri\u00e8re pour revenir ensuite avec plus d&rsquo;exp\u00e9rience et de bagage technique.\u00a0\u00bb<\/p>\n<p>\u00ab\u00a0La saison EnduroGP a donc \u00e9t\u00e9 difficile mais on le sait, c&rsquo;est comme cela, c&rsquo;est le championnat du monde\u00a0\u00bb, conclut-il. \u00ab\u00a0Je suis heureux d&rsquo;avoir pu sauver les meubles avec le championnat de Belgique o\u00f9 je suis en t\u00eate du provisoire E2. J&rsquo;esp\u00e8re pouvoir d\u00e9crocher le titre ce dimanche, ce serait une belle mani\u00e8re de remercier tous les partenaires qui croient en moi.\u00a0\u00bb<\/p>\n","protected":false},"excerpt":{"rendered":"<p>On revient sur une saison compliqu\u00e9e pour Erik Willems. Le pilote Husqvarna y est entr\u00e9 avec une pr\u00e9paration minimale mais s&rsquo;est battu pour revenir \u00e0 son meilleur niveau. Le travail [&#8230;]<\/p>\n","protected":false},"author":932,"featured_media":113745,"comment_status":"open","ping_status":"closed","sticky":false,"template":"","format":"standard","meta":{"footnotes":""},"categories":[54,32,34,35,36,58,33,55,65],"tags":[951,1186,1351,190],"class_list":["post-113743","post","type-post","status-publish","format-standard","has-post-thumbnail","hentry","category-actualite","category-enduro","category-endurogp","category-fmb-enduro","category-interviews-enduro","category-interviews-actualite","category-news-enduro","category-news-actualite","category-slideshow","tag-enduro","tag-endurogp","tag-erik-willems","tag-husqvarna"],"yoast_head":"<!-- This site is optimized with the Yoast SEO plugin v27.4 - https:\/\/yoast.com\/product\/yoast-seo-wordpress\/ -->\n<title>Erik Willems &quot;impatient d&#039;\u00eatre \u00e0 Binche ce dimanche&quot; - Motocross - Enduro - Supermoto | MotocrossMag<\/title>\n<meta name=\"robots\" content=\"index, follow, max-snippet:-1, max-image-preview:large, max-video-preview:-1\" \/>\n<link rel=\"canonical\" href=\"https:\/\/fr.motocrossmag.be\/index.php\/2021\/11\/erik-willems-impatient-detre-a-binche-ce-dimanche\/\" \/>\n<meta property=\"og:locale\" content=\"fr_FR\" \/>\n<meta property=\"og:type\" content=\"article\" \/>\n<meta property=\"og:title\" content=\"Erik Willems &quot;impatient d&#039;\u00eatre \u00e0 Binche ce dimanche&quot; - Motocross - Enduro - Supermoto | MotocrossMag\" \/>\n<meta property=\"og:description\" content=\"On revient sur une saison compliqu\u00e9e pour Erik Willems. Le pilote Husqvarna y est entr\u00e9 avec une pr\u00e9paration minimale mais s&rsquo;est battu pour revenir \u00e0 son meilleur niveau. Le travail [...]\" \/>\n<meta property=\"og:url\" content=\"https:\/\/fr.motocrossmag.be\/index.php\/2021\/11\/erik-willems-impatient-detre-a-binche-ce-dimanche\/\" \/>\n<meta property=\"og:site_name\" content=\"Motocross - Enduro - Supermoto | MotocrossMag\" \/>\n<meta property=\"article:published_time\" content=\"2021-11-06T06:20:27+00:00\" \/>\n<meta property=\"og:image\" content=\"https:\/\/fr.motocrossmag.be\/wp-content\/uploads\/2021\/11\/246843308_2052075834946980_7829791277126275293_n.jpg\" \/>\n\t<meta property=\"og:image:width\" content=\"1000\" \/>\n\t<meta property=\"og:image:height\" content=\"771\" \/>\n\t<meta property=\"og:image:type\" content=\"image\/jpeg\" \/>\n<meta name=\"author\" content=\"oliviere\" \/>\n<meta name=\"twitter:card\" content=\"summary_large_image\" \/>\n<meta name=\"twitter:label1\" content=\"\u00c9crit par\" \/>\n\t<meta name=\"twitter:data1\" content=\"oliviere\" \/>\n\t<meta name=\"twitter:label2\" content=\"Dur\u00e9e de lecture estim\u00e9e\" \/>\n\t<meta name=\"twitter:data2\" content=\"4 minutes\" \/>\n<script type=\"application\/ld+json\" class=\"yoast-schema-graph\">{\"@context\":\"https:\\\/\\\/schema.org\",\"@graph\":[{\"@type\":\"Article\",\"@id\":\"https:\\\/\\\/fr.motocrossmag.be\\\/index.php\\\/2021\\\/11\\\/erik-willems-impatient-detre-a-binche-ce-dimanche\\\/#article\",\"isPartOf\":{\"@id\":\"https:\\\/\\\/fr.motocrossmag.be\\\/index.php\\\/2021\\\/11\\\/erik-willems-impatient-detre-a-binche-ce-dimanche\\\/\"},\"author\":{\"name\":\"oliviere\",\"@id\":\"https:\\\/\\\/fr.motocrossmag.be\\\/#\\\/schema\\\/person\\\/11b47143d9f755babca2c9110e03235c\"},\"headline\":\"Erik Willems \u00ab\u00a0impatient d&rsquo;\u00eatre \u00e0 Binche ce dimanche\u00a0\u00bb\",\"datePublished\":\"2021-11-06T06:20:27+00:00\",\"mainEntityOfPage\":{\"@id\":\"https:\\\/\\\/fr.motocrossmag.be\\\/index.php\\\/2021\\\/11\\\/erik-willems-impatient-detre-a-binche-ce-dimanche\\\/\"},\"wordCount\":855,\"commentCount\":0,\"image\":{\"@id\":\"https:\\\/\\\/fr.motocrossmag.be\\\/index.php\\\/2021\\\/11\\\/erik-willems-impatient-detre-a-binche-ce-dimanche\\\/#primaryimage\"},\"thumbnailUrl\":\"https:\\\/\\\/fr.motocrossmag.be\\\/wp-content\\\/uploads\\\/2021\\\/11\\\/246843308_2052075834946980_7829791277126275293_n.jpg\",\"keywords\":[\"Enduro\",\"endurogp\",\"erik willems\",\"Husqvarna\"],\"articleSection\":[\"Actualit\u00e9\",\"Enduro\",\"EnduroGP\",\"FMB\",\"Interviews\",\"Interviews -all\",\"News\",\"News\",\"Slideshow\"],\"inLanguage\":\"fr-FR\",\"potentialAction\":[{\"@type\":\"CommentAction\",\"name\":\"Comment\",\"target\":[\"https:\\\/\\\/fr.motocrossmag.be\\\/index.php\\\/2021\\\/11\\\/erik-willems-impatient-detre-a-binche-ce-dimanche\\\/#respond\"]}]},{\"@type\":\"WebPage\",\"@id\":\"https:\\\/\\\/fr.motocrossmag.be\\\/index.php\\\/2021\\\/11\\\/erik-willems-impatient-detre-a-binche-ce-dimanche\\\/\",\"url\":\"https:\\\/\\\/fr.motocrossmag.be\\\/index.php\\\/2021\\\/11\\\/erik-willems-impatient-detre-a-binche-ce-dimanche\\\/\",\"name\":\"Erik Willems \\\"impatient d'\u00eatre \u00e0 Binche ce dimanche\\\" - Motocross - Enduro - Supermoto | MotocrossMag\",\"isPartOf\":{\"@id\":\"https:\\\/\\\/fr.motocrossmag.be\\\/#website\"},\"primaryImageOfPage\":{\"@id\":\"https:\\\/\\\/fr.motocrossmag.be\\\/index.php\\\/2021\\\/11\\\/erik-willems-impatient-detre-a-binche-ce-dimanche\\\/#primaryimage\"},\"image\":{\"@id\":\"https:\\\/\\\/fr.motocrossmag.be\\\/index.php\\\/2021\\\/11\\\/erik-willems-impatient-detre-a-binche-ce-dimanche\\\/#primaryimage\"},\"thumbnailUrl\":\"https:\\\/\\\/fr.motocrossmag.be\\\/wp-content\\\/uploads\\\/2021\\\/11\\\/246843308_2052075834946980_7829791277126275293_n.jpg\",\"datePublished\":\"2021-11-06T06:20:27+00:00\",\"author\":{\"@id\":\"https:\\\/\\\/fr.motocrossmag.be\\\/#\\\/schema\\\/person\\\/11b47143d9f755babca2c9110e03235c\"},\"breadcrumb\":{\"@id\":\"https:\\\/\\\/fr.motocrossmag.be\\\/index.php\\\/2021\\\/11\\\/erik-willems-impatient-detre-a-binche-ce-dimanche\\\/#breadcrumb\"},\"inLanguage\":\"fr-FR\",\"potentialAction\":[{\"@type\":\"ReadAction\",\"target\":[\"https:\\\/\\\/fr.motocrossmag.be\\\/index.php\\\/2021\\\/11\\\/erik-willems-impatient-detre-a-binche-ce-dimanche\\\/\"]}]},{\"@type\":\"ImageObject\",\"inLanguage\":\"fr-FR\",\"@id\":\"https:\\\/\\\/fr.motocrossmag.be\\\/index.php\\\/2021\\\/11\\\/erik-willems-impatient-detre-a-binche-ce-dimanche\\\/#primaryimage\",\"url\":\"https:\\\/\\\/fr.motocrossmag.be\\\/wp-content\\\/uploads\\\/2021\\\/11\\\/246843308_2052075834946980_7829791277126275293_n.jpg\",\"contentUrl\":\"https:\\\/\\\/fr.motocrossmag.be\\\/wp-content\\\/uploads\\\/2021\\\/11\\\/246843308_2052075834946980_7829791277126275293_n.jpg\",\"width\":1000,\"height\":771},{\"@type\":\"BreadcrumbList\",\"@id\":\"https:\\\/\\\/fr.motocrossmag.be\\\/index.php\\\/2021\\\/11\\\/erik-willems-impatient-detre-a-binche-ce-dimanche\\\/#breadcrumb\",\"itemListElement\":[{\"@type\":\"ListItem\",\"position\":1,\"name\":\"Accueil\",\"item\":\"https:\\\/\\\/fr.motocrossmag.be\\\/\"},{\"@type\":\"ListItem\",\"position\":2,\"name\":\"Erik Willems \u00ab\u00a0impatient d&rsquo;\u00eatre \u00e0 Binche ce dimanche\u00a0\u00bb\"}]},{\"@type\":\"WebSite\",\"@id\":\"https:\\\/\\\/fr.motocrossmag.be\\\/#website\",\"url\":\"https:\\\/\\\/fr.motocrossmag.be\\\/\",\"name\":\"Motocross - Enduro - Supermoto | MotocrossMag\",\"description\":\"L&#039;actualit\u00e9 du motocross, de l&#039;enduro et du Supermoto en ligne!\",\"potentialAction\":[{\"@type\":\"SearchAction\",\"target\":{\"@type\":\"EntryPoint\",\"urlTemplate\":\"https:\\\/\\\/fr.motocrossmag.be\\\/?s={search_term_string}\"},\"query-input\":{\"@type\":\"PropertyValueSpecification\",\"valueRequired\":true,\"valueName\":\"search_term_string\"}}],\"inLanguage\":\"fr-FR\"},{\"@type\":\"Person\",\"@id\":\"https:\\\/\\\/fr.motocrossmag.be\\\/#\\\/schema\\\/person\\\/11b47143d9f755babca2c9110e03235c\",\"name\":\"oliviere\",\"image\":{\"@type\":\"ImageObject\",\"inLanguage\":\"fr-FR\",\"@id\":\"https:\\\/\\\/secure.gravatar.com\\\/avatar\\\/907069e0b81d119452040469e4a7501da1100f54f7f80180ce77bfab718288f6?s=96&d=mm&r=g\",\"url\":\"https:\\\/\\\/secure.gravatar.com\\\/avatar\\\/907069e0b81d119452040469e4a7501da1100f54f7f80180ce77bfab718288f6?s=96&d=mm&r=g\",\"contentUrl\":\"https:\\\/\\\/secure.gravatar.com\\\/avatar\\\/907069e0b81d119452040469e4a7501da1100f54f7f80180ce77bfab718288f6?s=96&d=mm&r=g\",\"caption\":\"oliviere\"},\"sameAs\":[\"http:\\\/\\\/www.motocrossmag.be\"],\"url\":\"https:\\\/\\\/fr.motocrossmag.be\\\/index.php\\\/author\\\/oliviere\\\/\"}]}<\/script>\n<!-- \/ Yoast SEO plugin. -->","yoast_head_json":{"title":"Erik Willems \"impatient d'\u00eatre \u00e0 Binche ce dimanche\" - Motocross - Enduro - Supermoto | MotocrossMag","robots":{"index":"index","follow":"follow","max-snippet":"max-snippet:-1","max-image-preview":"max-image-preview:large","max-video-preview":"max-video-preview:-1"},"canonical":"https:\/\/fr.motocrossmag.be\/index.php\/2021\/11\/erik-willems-impatient-detre-a-binche-ce-dimanche\/","og_locale":"fr_FR","og_type":"article","og_title":"Erik Willems \"impatient d'\u00eatre \u00e0 Binche ce dimanche\" - Motocross - Enduro - Supermoto | MotocrossMag","og_description":"On revient sur une saison compliqu\u00e9e pour Erik Willems. Le pilote Husqvarna y est entr\u00e9 avec une pr\u00e9paration minimale mais s&rsquo;est battu pour revenir \u00e0 son meilleur niveau. Le travail [...]","og_url":"https:\/\/fr.motocrossmag.be\/index.php\/2021\/11\/erik-willems-impatient-detre-a-binche-ce-dimanche\/","og_site_name":"Motocross - Enduro - Supermoto | MotocrossMag","article_published_time":"2021-11-06T06:20:27+00:00","og_image":[{"width":1000,"height":771,"url":"https:\/\/fr.motocrossmag.be\/wp-content\/uploads\/2021\/11\/246843308_2052075834946980_7829791277126275293_n.jpg","type":"image\/jpeg"}],"author":"oliviere","twitter_card":"summary_large_image","twitter_misc":{"\u00c9crit par":"oliviere","Dur\u00e9e de lecture estim\u00e9e":"4 minutes"},"schema":{"@context":"https:\/\/schema.org","@graph":[{"@type":"Article","@id":"https:\/\/fr.motocrossmag.be\/index.php\/2021\/11\/erik-willems-impatient-detre-a-binche-ce-dimanche\/#article","isPartOf":{"@id":"https:\/\/fr.motocrossmag.be\/index.php\/2021\/11\/erik-willems-impatient-detre-a-binche-ce-dimanche\/"},"author":{"name":"oliviere","@id":"https:\/\/fr.motocrossmag.be\/#\/schema\/person\/11b47143d9f755babca2c9110e03235c"},"headline":"Erik Willems \u00ab\u00a0impatient d&rsquo;\u00eatre \u00e0 Binche ce dimanche\u00a0\u00bb","datePublished":"2021-11-06T06:20:27+00:00","mainEntityOfPage":{"@id":"https:\/\/fr.motocrossmag.be\/index.php\/2021\/11\/erik-willems-impatient-detre-a-binche-ce-dimanche\/"},"wordCount":855,"commentCount":0,"image":{"@id":"https:\/\/fr.motocrossmag.be\/index.php\/2021\/11\/erik-willems-impatient-detre-a-binche-ce-dimanche\/#primaryimage"},"thumbnailUrl":"https:\/\/fr.motocrossmag.be\/wp-content\/uploads\/2021\/11\/246843308_2052075834946980_7829791277126275293_n.jpg","keywords":["Enduro","endurogp","erik willems","Husqvarna"],"articleSection":["Actualit\u00e9","Enduro","EnduroGP","FMB","Interviews","Interviews -all","News","News","Slideshow"],"inLanguage":"fr-FR","potentialAction":[{"@type":"CommentAction","name":"Comment","target":["https:\/\/fr.motocrossmag.be\/index.php\/2021\/11\/erik-willems-impatient-detre-a-binche-ce-dimanche\/#respond"]}]},{"@type":"WebPage","@id":"https:\/\/fr.motocrossmag.be\/index.php\/2021\/11\/erik-willems-impatient-detre-a-binche-ce-dimanche\/","url":"https:\/\/fr.motocrossmag.be\/index.php\/2021\/11\/erik-willems-impatient-detre-a-binche-ce-dimanche\/","name":"Erik Willems \"impatient d'\u00eatre \u00e0 Binche ce dimanche\" - Motocross - Enduro - Supermoto | MotocrossMag","isPartOf":{"@id":"https:\/\/fr.motocrossmag.be\/#website"},"primaryImageOfPage":{"@id":"https:\/\/fr.motocrossmag.be\/index.php\/2021\/11\/erik-willems-impatient-detre-a-binche-ce-dimanche\/#primaryimage"},"image":{"@id":"https:\/\/fr.motocrossmag.be\/index.php\/2021\/11\/erik-willems-impatient-detre-a-binche-ce-dimanche\/#primaryimage"},"thumbnailUrl":"https:\/\/fr.motocrossmag.be\/wp-content\/uploads\/2021\/11\/246843308_2052075834946980_7829791277126275293_n.jpg","datePublished":"2021-11-06T06:20:27+00:00","author":{"@id":"https:\/\/fr.motocrossmag.be\/#\/schema\/person\/11b47143d9f755babca2c9110e03235c"},"breadcrumb":{"@id":"https:\/\/fr.motocrossmag.be\/index.php\/2021\/11\/erik-willems-impatient-detre-a-binche-ce-dimanche\/#breadcrumb"},"inLanguage":"fr-FR","potentialAction":[{"@type":"ReadAction","target":["https:\/\/fr.motocrossmag.be\/index.php\/2021\/11\/erik-willems-impatient-detre-a-binche-ce-dimanche\/"]}]},{"@type":"ImageObject","inLanguage":"fr-FR","@id":"https:\/\/fr.motocrossmag.be\/index.php\/2021\/11\/erik-willems-impatient-detre-a-binche-ce-dimanche\/#primaryimage","url":"https:\/\/fr.motocrossmag.be\/wp-content\/uploads\/2021\/11\/246843308_2052075834946980_7829791277126275293_n.jpg","contentUrl":"https:\/\/fr.motocrossmag.be\/wp-content\/uploads\/2021\/11\/246843308_2052075834946980_7829791277126275293_n.jpg","width":1000,"height":771},{"@type":"BreadcrumbList","@id":"https:\/\/fr.motocrossmag.be\/index.php\/2021\/11\/erik-willems-impatient-detre-a-binche-ce-dimanche\/#breadcrumb","itemListElement":[{"@type":"ListItem","position":1,"name":"Accueil","item":"https:\/\/fr.motocrossmag.be\/"},{"@type":"ListItem","position":2,"name":"Erik Willems \u00ab\u00a0impatient d&rsquo;\u00eatre \u00e0 Binche ce dimanche\u00a0\u00bb"}]},{"@type":"WebSite","@id":"https:\/\/fr.motocrossmag.be\/#website","url":"https:\/\/fr.motocrossmag.be\/","name":"Motocross - Enduro - Supermoto | MotocrossMag","description":"L&#039;actualit\u00e9 du motocross, de l&#039;enduro et du Supermoto en ligne!","potentialAction":[{"@type":"SearchAction","target":{"@type":"EntryPoint","urlTemplate":"https:\/\/fr.motocrossmag.be\/?s={search_term_string}"},"query-input":{"@type":"PropertyValueSpecification","valueRequired":true,"valueName":"search_term_string"}}],"inLanguage":"fr-FR"},{"@type":"Person","@id":"https:\/\/fr.motocrossmag.be\/#\/schema\/person\/11b47143d9f755babca2c9110e03235c","name":"oliviere","image":{"@type":"ImageObject","inLanguage":"fr-FR","@id":"https:\/\/secure.gravatar.com\/avatar\/907069e0b81d119452040469e4a7501da1100f54f7f80180ce77bfab718288f6?s=96&d=mm&r=g","url":"https:\/\/secure.gravatar.com\/avatar\/907069e0b81d119452040469e4a7501da1100f54f7f80180ce77bfab718288f6?s=96&d=mm&r=g","contentUrl":"https:\/\/secure.gravatar.com\/avatar\/907069e0b81d119452040469e4a7501da1100f54f7f80180ce77bfab718288f6?s=96&d=mm&r=g","caption":"oliviere"},"sameAs":["http:\/\/www.motocrossmag.be"],"url":"https:\/\/fr.motocrossmag.be\/index.php\/author\/oliviere\/"}]}},"_links":{"self":[{"href":"https:\/\/fr.motocrossmag.be\/index.php\/wp-json\/wp\/v2\/posts\/113743","targetHints":{"allow":["GET"]}}],"collection":[{"href":"https:\/\/fr.motocrossmag.be\/index.php\/wp-json\/wp\/v2\/posts"}],"about":[{"href":"https:\/\/fr.motocrossmag.be\/index.php\/wp-json\/wp\/v2\/types\/post"}],"author":[{"embeddable":true,"href":"https:\/\/fr.motocrossmag.be\/index.php\/wp-json\/wp\/v2\/users\/932"}],"replies":[{"embeddable":true,"href":"https:\/\/fr.motocrossmag.be\/index.php\/wp-json\/wp\/v2\/comments?post=113743"}],"version-history":[{"count":0,"href":"https:\/\/fr.motocrossmag.be\/index.php\/wp-json\/wp\/v2\/posts\/113743\/revisions"}],"wp:featuredmedia":[{"embeddable":true,"href":"https:\/\/fr.motocrossmag.be\/index.php\/wp-json\/wp\/v2\/media\/113745"}],"wp:attachment":[{"href":"https:\/\/fr.motocrossmag.be\/index.php\/wp-json\/wp\/v2\/media?parent=113743"}],"wp:term":[{"taxonomy":"category","embeddable":true,"href":"https:\/\/fr.motocrossmag.be\/index.php\/wp-json\/wp\/v2\/categories?post=113743"},{"taxonomy":"post_tag","embeddable":true,"href":"https:\/\/fr.motocrossmag.be\/index.php\/wp-json\/wp\/v2\/tags?post=113743"}],"curies":[{"name":"wp","href":"https:\/\/api.w.org\/{rel}","templated":true}]}}