{"id":113770,"date":"2021-11-08T12:46:31","date_gmt":"2021-11-08T11:46:31","guid":{"rendered":"http:\/\/fr.motocrossmag.be\/?p=113770"},"modified":"2021-11-08T12:50:13","modified_gmt":"2021-11-08T11:50:13","slug":"romain-febvre-que-le-meilleur-gagne","status":"publish","type":"post","link":"https:\/\/fr.motocrossmag.be\/index.php\/2021\/11\/romain-febvre-que-le-meilleur-gagne\/","title":{"rendered":"Romain Febvre : \u00ab\u00a0Que le meilleur gagne !\u00a0\u00bb"},"content":{"rendered":"<p><strong>Pour la premi\u00e8re fois de la saison, Romain Febvre roulait ce dimanche \u00e0 Mantova avec la plaque rouge. Le nouveau leader du championnat abordait le sprint final d&rsquo;une longue saison avec une pression maximale puisque il avait derri\u00e8re lui, en 3 points seulement, Tim Gajser et Jeffrey Herlings. <\/strong><\/p>\n<p>Autant dire que tout \u00e9tait possible. Et le pilote Kawasaki, qui semble insensible \u00e0 la pression, a n\u00e9goci\u00e9 cet avant-dernier round de la saison avec brio puisqu&rsquo;il conserve sa plaque rouge pour arriver sur la finale mercredi. Herlings est toujours \u00e0 3 points mais Gajser a d\u00fb laisser le duo lui prendre une quinzaine de points d&rsquo;avance apr\u00e8s avoir re\u00e7u une p\u00e9nalit\u00e9 apr\u00e8s une sortie de piste en premi\u00e8re manche.<strong><br \/>\n<\/strong><\/p>\n<p><img decoding=\"async\" class=\"lazyload aligncenter size-full wp-image-113773\" src=\"http:\/\/fr.motocrossmag.be\/wp-content\/uploads\/2021\/11\/Febvre_GP17_SL_01.jpg\" data-orig-src=\"http:\/\/fr.motocrossmag.be\/wp-content\/uploads\/2021\/11\/Febvre_GP17_SL_01.jpg\" alt=\"\" width=\"1000\" height=\"666\" srcset=\"data:image\/svg+xml,%3Csvg%20xmlns%3D%27http%3A%2F%2Fwww.w3.org%2F2000%2Fsvg%27%20width%3D%271000%27%20height%3D%27666%27%20viewBox%3D%270%200%201000%20666%27%3E%3Crect%20width%3D%271000%27%20height%3D%27666%27%20fill-opacity%3D%220%22%2F%3E%3C%2Fsvg%3E\" data-srcset=\"https:\/\/fr.motocrossmag.be\/wp-content\/uploads\/2021\/11\/Febvre_GP17_SL_01-650x433.jpg 650w, https:\/\/fr.motocrossmag.be\/wp-content\/uploads\/2021\/11\/Febvre_GP17_SL_01-768x511.jpg 768w, https:\/\/fr.motocrossmag.be\/wp-content\/uploads\/2021\/11\/Febvre_GP17_SL_01.jpg 1000w\" data-sizes=\"auto\" data-orig-sizes=\"(max-width: 1000px) 100vw, 1000px\" \/><\/p>\n<p>\u00ab\u00a0C&rsquo;\u00e9tait d\u00e9finitivement une belle victoire pour moi en premi\u00e8re manche\u00a0\u00bb, se r\u00e9jouit Febvre en faisant allusion \u00e0 une des manches les plus disput\u00e9es de la saison au terme de laquelle le Fran\u00e7ais a triomph\u00e9 devant ses deux rivaux dans la course au titre. \u00ab\u00a0Je me sentais bien sur la piste de Mantova ce dimanche, m\u00eame si elle est assez pi\u00e9geuse \u00e0 certains endroits. En premi\u00e8re manche, j&rsquo;ai vite pris les commandes de la course mais j&rsquo;ai eu un passage plus difficile \u00e0 mi-course, avant de pouvoir reprendre le dessus en fin de manche. C&rsquo;\u00e9tait une course vraiment difficile.\u00a0\u00bb<\/p>\n<p>\u00ab\u00a0Dans la seconde, je n&rsquo;ai pas voulu prendre de risque en passant Prado et j&rsquo;ai perdu du temps sur Jeffrey. J&rsquo;ai ensuite r\u00e9alis\u00e9 quelques tours rapides pour refaire mon retard mais il restait encore 3 ou 4 secondes \u00e0 combler et j&rsquo;ai pr\u00e9f\u00e9r\u00e9 assurer la seconde position et conserver ma plaque rouge pour la finale.\u00a0\u00bb<\/p>\n<p><img decoding=\"async\" class=\"lazyload aligncenter size-full wp-image-113771\" src=\"http:\/\/fr.motocrossmag.be\/wp-content\/uploads\/2021\/11\/FEBVRE_GP17_PH_3075.jpg\" data-orig-src=\"http:\/\/fr.motocrossmag.be\/wp-content\/uploads\/2021\/11\/FEBVRE_GP17_PH_3075.jpg\" alt=\"\" width=\"1000\" height=\"666\" srcset=\"data:image\/svg+xml,%3Csvg%20xmlns%3D%27http%3A%2F%2Fwww.w3.org%2F2000%2Fsvg%27%20width%3D%271000%27%20height%3D%27666%27%20viewBox%3D%270%200%201000%20666%27%3E%3Crect%20width%3D%271000%27%20height%3D%27666%27%20fill-opacity%3D%220%22%2F%3E%3C%2Fsvg%3E\" data-srcset=\"https:\/\/fr.motocrossmag.be\/wp-content\/uploads\/2021\/11\/FEBVRE_GP17_PH_3075-650x433.jpg 650w, https:\/\/fr.motocrossmag.be\/wp-content\/uploads\/2021\/11\/FEBVRE_GP17_PH_3075-768x511.jpg 768w, https:\/\/fr.motocrossmag.be\/wp-content\/uploads\/2021\/11\/FEBVRE_GP17_PH_3075.jpg 1000w\" data-sizes=\"auto\" data-orig-sizes=\"(max-width: 1000px) 100vw, 1000px\" \/><\/p>\n<p>Sous pression Romain Febvre ? Le pilote Kawasaki s&rsquo;en d\u00e9fend. \u00ab\u00a0Cela peut para\u00eetre \u00e9trange mais je ne ressens aucune pression. Je parviens \u00e0 prendre d&rsquo;excellents d\u00e9parts ici dans le sable avec ma KX450-SR et je suis donc confiant pour mecredi. Nous sommes tr\u00e8s proches, que le meilleur gagne!\u00a0\u00bb<\/p>\n","protected":false},"excerpt":{"rendered":"<p>Pour la premi\u00e8re fois de la saison, Romain Febvre roulait ce dimanche \u00e0 Mantova avec la plaque rouge. Le nouveau leader du championnat abordait le sprint final d&rsquo;une longue saison [&#8230;]<\/p>\n","protected":false},"author":932,"featured_media":113774,"comment_status":"open","ping_status":"closed","sticky":false,"template":"","format":"standard","meta":{"footnotes":""},"categories":[54,58,4,6,5,55,65],"tags":[947,568,456],"class_list":["post-113770","post","type-post","status-publish","format-standard","has-post-thumbnail","hentry","category-actualite","category-interviews-actualite","category-motocross","category-mx1mx2","category-news","category-news-actualite","category-slideshow","tag-motocross","tag-mxgp","tag-romain-febvre"],"yoast_head":"<!-- This site is optimized with the Yoast SEO plugin v27.4 - https:\/\/yoast.com\/product\/yoast-seo-wordpress\/ -->\n<title>Romain Febvre : &quot;Que le meilleur gagne !&quot; - Motocross - Enduro - Supermoto | MotocrossMag<\/title>\n<meta name=\"robots\" content=\"index, follow, max-snippet:-1, max-image-preview:large, max-video-preview:-1\" \/>\n<link rel=\"canonical\" href=\"https:\/\/fr.motocrossmag.be\/index.php\/2021\/11\/romain-febvre-que-le-meilleur-gagne\/\" \/>\n<meta property=\"og:locale\" content=\"fr_FR\" \/>\n<meta property=\"og:type\" content=\"article\" \/>\n<meta property=\"og:title\" content=\"Romain Febvre : &quot;Que le meilleur gagne !&quot; - Motocross - Enduro - Supermoto | MotocrossMag\" \/>\n<meta property=\"og:description\" content=\"Pour la premi\u00e8re fois de la saison, Romain Febvre roulait ce dimanche \u00e0 Mantova avec la plaque rouge. Le nouveau leader du championnat abordait le sprint final d&rsquo;une longue saison [...]\" \/>\n<meta property=\"og:url\" content=\"https:\/\/fr.motocrossmag.be\/index.php\/2021\/11\/romain-febvre-que-le-meilleur-gagne\/\" \/>\n<meta property=\"og:site_name\" content=\"Motocross - Enduro - Supermoto | MotocrossMag\" \/>\n<meta property=\"article:published_time\" content=\"2021-11-08T11:46:31+00:00\" \/>\n<meta property=\"article:modified_time\" content=\"2021-11-08T11:50:13+00:00\" \/>\n<meta property=\"og:image\" content=\"https:\/\/fr.motocrossmag.be\/wp-content\/uploads\/2021\/11\/Febvre_GP17_SL_16.jpg\" \/>\n\t<meta property=\"og:image:width\" content=\"1000\" \/>\n\t<meta property=\"og:image:height\" content=\"666\" \/>\n\t<meta property=\"og:image:type\" content=\"image\/jpeg\" \/>\n<meta name=\"author\" content=\"oliviere\" \/>\n<meta name=\"twitter:card\" content=\"summary_large_image\" \/>\n<meta name=\"twitter:label1\" content=\"\u00c9crit par\" \/>\n\t<meta name=\"twitter:data1\" content=\"oliviere\" \/>\n\t<meta name=\"twitter:label2\" content=\"Dur\u00e9e de lecture estim\u00e9e\" \/>\n\t<meta name=\"twitter:data2\" content=\"2 minutes\" \/>\n<script type=\"application\/ld+json\" class=\"yoast-schema-graph\">{\"@context\":\"https:\\\/\\\/schema.org\",\"@graph\":[{\"@type\":\"Article\",\"@id\":\"https:\\\/\\\/fr.motocrossmag.be\\\/index.php\\\/2021\\\/11\\\/romain-febvre-que-le-meilleur-gagne\\\/#article\",\"isPartOf\":{\"@id\":\"https:\\\/\\\/fr.motocrossmag.be\\\/index.php\\\/2021\\\/11\\\/romain-febvre-que-le-meilleur-gagne\\\/\"},\"author\":{\"name\":\"oliviere\",\"@id\":\"https:\\\/\\\/fr.motocrossmag.be\\\/#\\\/schema\\\/person\\\/11b47143d9f755babca2c9110e03235c\"},\"headline\":\"Romain Febvre : \u00ab\u00a0Que le meilleur gagne !\u00a0\u00bb\",\"datePublished\":\"2021-11-08T11:46:31+00:00\",\"dateModified\":\"2021-11-08T11:50:13+00:00\",\"mainEntityOfPage\":{\"@id\":\"https:\\\/\\\/fr.motocrossmag.be\\\/index.php\\\/2021\\\/11\\\/romain-febvre-que-le-meilleur-gagne\\\/\"},\"wordCount\":349,\"commentCount\":0,\"image\":{\"@id\":\"https:\\\/\\\/fr.motocrossmag.be\\\/index.php\\\/2021\\\/11\\\/romain-febvre-que-le-meilleur-gagne\\\/#primaryimage\"},\"thumbnailUrl\":\"https:\\\/\\\/fr.motocrossmag.be\\\/wp-content\\\/uploads\\\/2021\\\/11\\\/Febvre_GP17_SL_16.jpg\",\"keywords\":[\"Motocross\",\"MXGP\",\"romain febvre\"],\"articleSection\":[\"Actualit\u00e9\",\"Interviews -all\",\"Motocross\",\"Motocross MXGP\",\"News\",\"News\",\"Slideshow\"],\"inLanguage\":\"fr-FR\",\"potentialAction\":[{\"@type\":\"CommentAction\",\"name\":\"Comment\",\"target\":[\"https:\\\/\\\/fr.motocrossmag.be\\\/index.php\\\/2021\\\/11\\\/romain-febvre-que-le-meilleur-gagne\\\/#respond\"]}]},{\"@type\":\"WebPage\",\"@id\":\"https:\\\/\\\/fr.motocrossmag.be\\\/index.php\\\/2021\\\/11\\\/romain-febvre-que-le-meilleur-gagne\\\/\",\"url\":\"https:\\\/\\\/fr.motocrossmag.be\\\/index.php\\\/2021\\\/11\\\/romain-febvre-que-le-meilleur-gagne\\\/\",\"name\":\"Romain Febvre : \\\"Que le meilleur gagne !\\\" - Motocross - Enduro - Supermoto | MotocrossMag\",\"isPartOf\":{\"@id\":\"https:\\\/\\\/fr.motocrossmag.be\\\/#website\"},\"primaryImageOfPage\":{\"@id\":\"https:\\\/\\\/fr.motocrossmag.be\\\/index.php\\\/2021\\\/11\\\/romain-febvre-que-le-meilleur-gagne\\\/#primaryimage\"},\"image\":{\"@id\":\"https:\\\/\\\/fr.motocrossmag.be\\\/index.php\\\/2021\\\/11\\\/romain-febvre-que-le-meilleur-gagne\\\/#primaryimage\"},\"thumbnailUrl\":\"https:\\\/\\\/fr.motocrossmag.be\\\/wp-content\\\/uploads\\\/2021\\\/11\\\/Febvre_GP17_SL_16.jpg\",\"datePublished\":\"2021-11-08T11:46:31+00:00\",\"dateModified\":\"2021-11-08T11:50:13+00:00\",\"author\":{\"@id\":\"https:\\\/\\\/fr.motocrossmag.be\\\/#\\\/schema\\\/person\\\/11b47143d9f755babca2c9110e03235c\"},\"breadcrumb\":{\"@id\":\"https:\\\/\\\/fr.motocrossmag.be\\\/index.php\\\/2021\\\/11\\\/romain-febvre-que-le-meilleur-gagne\\\/#breadcrumb\"},\"inLanguage\":\"fr-FR\",\"potentialAction\":[{\"@type\":\"ReadAction\",\"target\":[\"https:\\\/\\\/fr.motocrossmag.be\\\/index.php\\\/2021\\\/11\\\/romain-febvre-que-le-meilleur-gagne\\\/\"]}]},{\"@type\":\"ImageObject\",\"inLanguage\":\"fr-FR\",\"@id\":\"https:\\\/\\\/fr.motocrossmag.be\\\/index.php\\\/2021\\\/11\\\/romain-febvre-que-le-meilleur-gagne\\\/#primaryimage\",\"url\":\"https:\\\/\\\/fr.motocrossmag.be\\\/wp-content\\\/uploads\\\/2021\\\/11\\\/Febvre_GP17_SL_16.jpg\",\"contentUrl\":\"https:\\\/\\\/fr.motocrossmag.be\\\/wp-content\\\/uploads\\\/2021\\\/11\\\/Febvre_GP17_SL_16.jpg\",\"width\":1000,\"height\":666},{\"@type\":\"BreadcrumbList\",\"@id\":\"https:\\\/\\\/fr.motocrossmag.be\\\/index.php\\\/2021\\\/11\\\/romain-febvre-que-le-meilleur-gagne\\\/#breadcrumb\",\"itemListElement\":[{\"@type\":\"ListItem\",\"position\":1,\"name\":\"Accueil\",\"item\":\"https:\\\/\\\/fr.motocrossmag.be\\\/\"},{\"@type\":\"ListItem\",\"position\":2,\"name\":\"Romain Febvre : \u00ab\u00a0Que le meilleur gagne !\u00a0\u00bb\"}]},{\"@type\":\"WebSite\",\"@id\":\"https:\\\/\\\/fr.motocrossmag.be\\\/#website\",\"url\":\"https:\\\/\\\/fr.motocrossmag.be\\\/\",\"name\":\"Motocross - Enduro - Supermoto | MotocrossMag\",\"description\":\"L&#039;actualit\u00e9 du motocross, de l&#039;enduro et du Supermoto en ligne!\",\"potentialAction\":[{\"@type\":\"SearchAction\",\"target\":{\"@type\":\"EntryPoint\",\"urlTemplate\":\"https:\\\/\\\/fr.motocrossmag.be\\\/?s={search_term_string}\"},\"query-input\":{\"@type\":\"PropertyValueSpecification\",\"valueRequired\":true,\"valueName\":\"search_term_string\"}}],\"inLanguage\":\"fr-FR\"},{\"@type\":\"Person\",\"@id\":\"https:\\\/\\\/fr.motocrossmag.be\\\/#\\\/schema\\\/person\\\/11b47143d9f755babca2c9110e03235c\",\"name\":\"oliviere\",\"image\":{\"@type\":\"ImageObject\",\"inLanguage\":\"fr-FR\",\"@id\":\"https:\\\/\\\/secure.gravatar.com\\\/avatar\\\/907069e0b81d119452040469e4a7501da1100f54f7f80180ce77bfab718288f6?s=96&d=mm&r=g\",\"url\":\"https:\\\/\\\/secure.gravatar.com\\\/avatar\\\/907069e0b81d119452040469e4a7501da1100f54f7f80180ce77bfab718288f6?s=96&d=mm&r=g\",\"contentUrl\":\"https:\\\/\\\/secure.gravatar.com\\\/avatar\\\/907069e0b81d119452040469e4a7501da1100f54f7f80180ce77bfab718288f6?s=96&d=mm&r=g\",\"caption\":\"oliviere\"},\"sameAs\":[\"http:\\\/\\\/www.motocrossmag.be\"],\"url\":\"https:\\\/\\\/fr.motocrossmag.be\\\/index.php\\\/author\\\/oliviere\\\/\"}]}<\/script>\n<!-- \/ Yoast SEO plugin. -->","yoast_head_json":{"title":"Romain Febvre : \"Que le meilleur gagne !\" - Motocross - Enduro - Supermoto | MotocrossMag","robots":{"index":"index","follow":"follow","max-snippet":"max-snippet:-1","max-image-preview":"max-image-preview:large","max-video-preview":"max-video-preview:-1"},"canonical":"https:\/\/fr.motocrossmag.be\/index.php\/2021\/11\/romain-febvre-que-le-meilleur-gagne\/","og_locale":"fr_FR","og_type":"article","og_title":"Romain Febvre : \"Que le meilleur gagne !\" - Motocross - Enduro - Supermoto | MotocrossMag","og_description":"Pour la premi\u00e8re fois de la saison, Romain Febvre roulait ce dimanche \u00e0 Mantova avec la plaque rouge. Le nouveau leader du championnat abordait le sprint final d&rsquo;une longue saison [...]","og_url":"https:\/\/fr.motocrossmag.be\/index.php\/2021\/11\/romain-febvre-que-le-meilleur-gagne\/","og_site_name":"Motocross - Enduro - Supermoto | MotocrossMag","article_published_time":"2021-11-08T11:46:31+00:00","article_modified_time":"2021-11-08T11:50:13+00:00","og_image":[{"width":1000,"height":666,"url":"https:\/\/fr.motocrossmag.be\/wp-content\/uploads\/2021\/11\/Febvre_GP17_SL_16.jpg","type":"image\/jpeg"}],"author":"oliviere","twitter_card":"summary_large_image","twitter_misc":{"\u00c9crit par":"oliviere","Dur\u00e9e de lecture estim\u00e9e":"2 minutes"},"schema":{"@context":"https:\/\/schema.org","@graph":[{"@type":"Article","@id":"https:\/\/fr.motocrossmag.be\/index.php\/2021\/11\/romain-febvre-que-le-meilleur-gagne\/#article","isPartOf":{"@id":"https:\/\/fr.motocrossmag.be\/index.php\/2021\/11\/romain-febvre-que-le-meilleur-gagne\/"},"author":{"name":"oliviere","@id":"https:\/\/fr.motocrossmag.be\/#\/schema\/person\/11b47143d9f755babca2c9110e03235c"},"headline":"Romain Febvre : \u00ab\u00a0Que le meilleur gagne !\u00a0\u00bb","datePublished":"2021-11-08T11:46:31+00:00","dateModified":"2021-11-08T11:50:13+00:00","mainEntityOfPage":{"@id":"https:\/\/fr.motocrossmag.be\/index.php\/2021\/11\/romain-febvre-que-le-meilleur-gagne\/"},"wordCount":349,"commentCount":0,"image":{"@id":"https:\/\/fr.motocrossmag.be\/index.php\/2021\/11\/romain-febvre-que-le-meilleur-gagne\/#primaryimage"},"thumbnailUrl":"https:\/\/fr.motocrossmag.be\/wp-content\/uploads\/2021\/11\/Febvre_GP17_SL_16.jpg","keywords":["Motocross","MXGP","romain febvre"],"articleSection":["Actualit\u00e9","Interviews -all","Motocross","Motocross MXGP","News","News","Slideshow"],"inLanguage":"fr-FR","potentialAction":[{"@type":"CommentAction","name":"Comment","target":["https:\/\/fr.motocrossmag.be\/index.php\/2021\/11\/romain-febvre-que-le-meilleur-gagne\/#respond"]}]},{"@type":"WebPage","@id":"https:\/\/fr.motocrossmag.be\/index.php\/2021\/11\/romain-febvre-que-le-meilleur-gagne\/","url":"https:\/\/fr.motocrossmag.be\/index.php\/2021\/11\/romain-febvre-que-le-meilleur-gagne\/","name":"Romain Febvre : \"Que le meilleur gagne !\" - Motocross - Enduro - Supermoto | MotocrossMag","isPartOf":{"@id":"https:\/\/fr.motocrossmag.be\/#website"},"primaryImageOfPage":{"@id":"https:\/\/fr.motocrossmag.be\/index.php\/2021\/11\/romain-febvre-que-le-meilleur-gagne\/#primaryimage"},"image":{"@id":"https:\/\/fr.motocrossmag.be\/index.php\/2021\/11\/romain-febvre-que-le-meilleur-gagne\/#primaryimage"},"thumbnailUrl":"https:\/\/fr.motocrossmag.be\/wp-content\/uploads\/2021\/11\/Febvre_GP17_SL_16.jpg","datePublished":"2021-11-08T11:46:31+00:00","dateModified":"2021-11-08T11:50:13+00:00","author":{"@id":"https:\/\/fr.motocrossmag.be\/#\/schema\/person\/11b47143d9f755babca2c9110e03235c"},"breadcrumb":{"@id":"https:\/\/fr.motocrossmag.be\/index.php\/2021\/11\/romain-febvre-que-le-meilleur-gagne\/#breadcrumb"},"inLanguage":"fr-FR","potentialAction":[{"@type":"ReadAction","target":["https:\/\/fr.motocrossmag.be\/index.php\/2021\/11\/romain-febvre-que-le-meilleur-gagne\/"]}]},{"@type":"ImageObject","inLanguage":"fr-FR","@id":"https:\/\/fr.motocrossmag.be\/index.php\/2021\/11\/romain-febvre-que-le-meilleur-gagne\/#primaryimage","url":"https:\/\/fr.motocrossmag.be\/wp-content\/uploads\/2021\/11\/Febvre_GP17_SL_16.jpg","contentUrl":"https:\/\/fr.motocrossmag.be\/wp-content\/uploads\/2021\/11\/Febvre_GP17_SL_16.jpg","width":1000,"height":666},{"@type":"BreadcrumbList","@id":"https:\/\/fr.motocrossmag.be\/index.php\/2021\/11\/romain-febvre-que-le-meilleur-gagne\/#breadcrumb","itemListElement":[{"@type":"ListItem","position":1,"name":"Accueil","item":"https:\/\/fr.motocrossmag.be\/"},{"@type":"ListItem","position":2,"name":"Romain Febvre : \u00ab\u00a0Que le meilleur gagne !\u00a0\u00bb"}]},{"@type":"WebSite","@id":"https:\/\/fr.motocrossmag.be\/#website","url":"https:\/\/fr.motocrossmag.be\/","name":"Motocross - Enduro - Supermoto | MotocrossMag","description":"L&#039;actualit\u00e9 du motocross, de l&#039;enduro et du Supermoto en ligne!","potentialAction":[{"@type":"SearchAction","target":{"@type":"EntryPoint","urlTemplate":"https:\/\/fr.motocrossmag.be\/?s={search_term_string}"},"query-input":{"@type":"PropertyValueSpecification","valueRequired":true,"valueName":"search_term_string"}}],"inLanguage":"fr-FR"},{"@type":"Person","@id":"https:\/\/fr.motocrossmag.be\/#\/schema\/person\/11b47143d9f755babca2c9110e03235c","name":"oliviere","image":{"@type":"ImageObject","inLanguage":"fr-FR","@id":"https:\/\/secure.gravatar.com\/avatar\/907069e0b81d119452040469e4a7501da1100f54f7f80180ce77bfab718288f6?s=96&d=mm&r=g","url":"https:\/\/secure.gravatar.com\/avatar\/907069e0b81d119452040469e4a7501da1100f54f7f80180ce77bfab718288f6?s=96&d=mm&r=g","contentUrl":"https:\/\/secure.gravatar.com\/avatar\/907069e0b81d119452040469e4a7501da1100f54f7f80180ce77bfab718288f6?s=96&d=mm&r=g","caption":"oliviere"},"sameAs":["http:\/\/www.motocrossmag.be"],"url":"https:\/\/fr.motocrossmag.be\/index.php\/author\/oliviere\/"}]}},"_links":{"self":[{"href":"https:\/\/fr.motocrossmag.be\/index.php\/wp-json\/wp\/v2\/posts\/113770","targetHints":{"allow":["GET"]}}],"collection":[{"href":"https:\/\/fr.motocrossmag.be\/index.php\/wp-json\/wp\/v2\/posts"}],"about":[{"href":"https:\/\/fr.motocrossmag.be\/index.php\/wp-json\/wp\/v2\/types\/post"}],"author":[{"embeddable":true,"href":"https:\/\/fr.motocrossmag.be\/index.php\/wp-json\/wp\/v2\/users\/932"}],"replies":[{"embeddable":true,"href":"https:\/\/fr.motocrossmag.be\/index.php\/wp-json\/wp\/v2\/comments?post=113770"}],"version-history":[{"count":1,"href":"https:\/\/fr.motocrossmag.be\/index.php\/wp-json\/wp\/v2\/posts\/113770\/revisions"}],"predecessor-version":[{"id":113776,"href":"https:\/\/fr.motocrossmag.be\/index.php\/wp-json\/wp\/v2\/posts\/113770\/revisions\/113776"}],"wp:featuredmedia":[{"embeddable":true,"href":"https:\/\/fr.motocrossmag.be\/index.php\/wp-json\/wp\/v2\/media\/113774"}],"wp:attachment":[{"href":"https:\/\/fr.motocrossmag.be\/index.php\/wp-json\/wp\/v2\/media?parent=113770"}],"wp:term":[{"taxonomy":"category","embeddable":true,"href":"https:\/\/fr.motocrossmag.be\/index.php\/wp-json\/wp\/v2\/categories?post=113770"},{"taxonomy":"post_tag","embeddable":true,"href":"https:\/\/fr.motocrossmag.be\/index.php\/wp-json\/wp\/v2\/tags?post=113770"}],"curies":[{"name":"wp","href":"https:\/\/api.w.org\/{rel}","templated":true}]}}