{"id":114016,"date":"2021-11-16T09:57:41","date_gmt":"2021-11-16T08:57:41","guid":{"rendered":"http:\/\/fr.motocrossmag.be\/?p=114016"},"modified":"2021-11-16T09:57:41","modified_gmt":"2021-11-16T08:57:41","slug":"zach-pichon-brille-sur-la-finale-du-championnat-de-france-denduro","status":"publish","type":"post","link":"https:\/\/fr.motocrossmag.be\/index.php\/2021\/11\/zach-pichon-brille-sur-la-finale-du-championnat-de-france-denduro\/","title":{"rendered":"Zach Pichon brille sur la finale du championnat de France d&rsquo;enduro"},"content":{"rendered":"<p><strong>Ce week-end, le\u00a0MC Domazan organisait \u00e0 Montfrin la finale du championnat de France d&rsquo;enduro 2021. Une \u00e9preuve qui a permis \u00e0 Christophe Nambotin de conclure en beaut\u00e9 sa carri\u00e8re en enduro et au nouveau venu dans la discipline Zach Pichon d&rsquo;affirmer ses ambitions.<\/strong><\/p>\n<p>En Elite 3, Christophe Nambotin se pr\u00e9sentait au d\u00e9part avec un matelas de 32 points d\u2019avance, un \u00e9cart confortable qui lui permettait d\u2019assurer. Malgr\u00e9 tout la pression \u00e9tait pr\u00e9sente et Christophe allait chuter d\u00e8s la premi\u00e8re sp\u00e9ciale. Mais Christophe va assurer l\u2019essentiel en terminant la journ\u00e9e a la cinqui\u00e8me place malgr\u00e9 une autre chute dans l\u2019enduro test. Il d\u00e9croche ainsi son 11\u00e8me titre de Champion de France \u00e9galant le record d\u2019un certain St\u00e9phane Peterhansel ! Le dimanche Christophe roulera plus rel\u00e2ch\u00e9 et ira d\u00e9crocher une seconde place.<\/p>\n<p><img decoding=\"async\" class=\"lazyload aligncenter size-full wp-image-114018\" src=\"http:\/\/fr.motocrossmag.be\/wp-content\/uploads\/2021\/11\/unnamed1.jpg\" data-orig-src=\"http:\/\/fr.motocrossmag.be\/wp-content\/uploads\/2021\/11\/unnamed1.jpg\" alt=\"\" width=\"1000\" height=\"666\" srcset=\"data:image\/svg+xml,%3Csvg%20xmlns%3D%27http%3A%2F%2Fwww.w3.org%2F2000%2Fsvg%27%20width%3D%271000%27%20height%3D%27666%27%20viewBox%3D%270%200%201000%20666%27%3E%3Crect%20width%3D%271000%27%20height%3D%27666%27%20fill-opacity%3D%220%22%2F%3E%3C%2Fsvg%3E\" data-srcset=\"https:\/\/fr.motocrossmag.be\/wp-content\/uploads\/2021\/11\/unnamed1-650x433.jpg 650w, https:\/\/fr.motocrossmag.be\/wp-content\/uploads\/2021\/11\/unnamed1-768x511.jpg 768w, https:\/\/fr.motocrossmag.be\/wp-content\/uploads\/2021\/11\/unnamed1.jpg 1000w\" data-sizes=\"auto\" data-orig-sizes=\"(max-width: 1000px) 100vw, 1000px\" \/><\/p>\n<p>De son c\u00f4t\u00e9, la nouvelle recrue du team Sherco Zach Pichon s\u2019alignait a son premier championnat de France d\u2019enduro, et quel d\u00e9but !<\/p>\n<p>Deuxi\u00e8me en Elite 2 le samedi ou apr\u00e8s un premier tour prudent, il va r\u00e9aliser le scratch dans les cinq derni\u00e8res sp\u00e9ciale pour terminer seulement a 0.06s de la gagne ! Le dimanche Zach va r\u00e9aliser une course parfaire en s\u2019adjugeant la victoire en Elite 2 et cerise sur le g\u00e2teau au scratch !<\/p>\n","protected":false},"excerpt":{"rendered":"<p>Ce week-end, le\u00a0MC Domazan organisait \u00e0 Montfrin la finale du championnat de France d&rsquo;enduro 2021. Une \u00e9preuve qui a permis \u00e0 Christophe Nambotin de conclure en beaut\u00e9 sa carri\u00e8re en [&#8230;]<\/p>\n","protected":false},"author":932,"featured_media":114017,"comment_status":"open","ping_status":"closed","sticky":false,"template":"","format":"standard","meta":{"footnotes":""},"categories":[54,32,33,55,65],"tags":[1621,951,1492,1509],"class_list":["post-114016","post","type-post","status-publish","format-standard","has-post-thumbnail","hentry","category-actualite","category-enduro","category-news-enduro","category-news-actualite","category-slideshow","tag-christophe-nambotin","tag-enduro","tag-zach-pichon","tag-zachary-pichon"],"yoast_head":"<!-- This site is optimized with the Yoast SEO plugin v27.4 - https:\/\/yoast.com\/product\/yoast-seo-wordpress\/ -->\n<title>Zach Pichon brille sur la finale du championnat de France d&#039;enduro - Motocross - Enduro - Supermoto | MotocrossMag<\/title>\n<meta name=\"robots\" content=\"index, follow, max-snippet:-1, max-image-preview:large, max-video-preview:-1\" \/>\n<link rel=\"canonical\" href=\"https:\/\/fr.motocrossmag.be\/index.php\/2021\/11\/zach-pichon-brille-sur-la-finale-du-championnat-de-france-denduro\/\" \/>\n<meta property=\"og:locale\" content=\"fr_FR\" \/>\n<meta property=\"og:type\" content=\"article\" \/>\n<meta property=\"og:title\" content=\"Zach Pichon brille sur la finale du championnat de France d&#039;enduro - Motocross - Enduro - Supermoto | MotocrossMag\" \/>\n<meta property=\"og:description\" content=\"Ce week-end, le\u00a0MC Domazan organisait \u00e0 Montfrin la finale du championnat de France d&rsquo;enduro 2021. Une \u00e9preuve qui a permis \u00e0 Christophe Nambotin de conclure en beaut\u00e9 sa carri\u00e8re en [...]\" \/>\n<meta property=\"og:url\" content=\"https:\/\/fr.motocrossmag.be\/index.php\/2021\/11\/zach-pichon-brille-sur-la-finale-du-championnat-de-france-denduro\/\" \/>\n<meta property=\"og:site_name\" content=\"Motocross - Enduro - Supermoto | MotocrossMag\" \/>\n<meta property=\"article:published_time\" content=\"2021-11-16T08:57:41+00:00\" \/>\n<meta property=\"og:image\" content=\"https:\/\/fr.motocrossmag.be\/wp-content\/uploads\/2021\/11\/Zach-pichon-enduro.jpg\" \/>\n\t<meta property=\"og:image:width\" content=\"1000\" \/>\n\t<meta property=\"og:image:height\" content=\"666\" \/>\n\t<meta property=\"og:image:type\" content=\"image\/jpeg\" \/>\n<meta name=\"author\" content=\"oliviere\" \/>\n<meta name=\"twitter:card\" content=\"summary_large_image\" \/>\n<meta name=\"twitter:label1\" content=\"\u00c9crit par\" \/>\n\t<meta name=\"twitter:data1\" content=\"oliviere\" \/>\n\t<meta name=\"twitter:label2\" content=\"Dur\u00e9e de lecture estim\u00e9e\" \/>\n\t<meta name=\"twitter:data2\" content=\"1 minute\" \/>\n<script type=\"application\/ld+json\" class=\"yoast-schema-graph\">{\"@context\":\"https:\\\/\\\/schema.org\",\"@graph\":[{\"@type\":\"Article\",\"@id\":\"https:\\\/\\\/fr.motocrossmag.be\\\/index.php\\\/2021\\\/11\\\/zach-pichon-brille-sur-la-finale-du-championnat-de-france-denduro\\\/#article\",\"isPartOf\":{\"@id\":\"https:\\\/\\\/fr.motocrossmag.be\\\/index.php\\\/2021\\\/11\\\/zach-pichon-brille-sur-la-finale-du-championnat-de-france-denduro\\\/\"},\"author\":{\"name\":\"oliviere\",\"@id\":\"https:\\\/\\\/fr.motocrossmag.be\\\/#\\\/schema\\\/person\\\/11b47143d9f755babca2c9110e03235c\"},\"headline\":\"Zach Pichon brille sur la finale du championnat de France d&rsquo;enduro\",\"datePublished\":\"2021-11-16T08:57:41+00:00\",\"mainEntityOfPage\":{\"@id\":\"https:\\\/\\\/fr.motocrossmag.be\\\/index.php\\\/2021\\\/11\\\/zach-pichon-brille-sur-la-finale-du-championnat-de-france-denduro\\\/\"},\"wordCount\":241,\"commentCount\":0,\"image\":{\"@id\":\"https:\\\/\\\/fr.motocrossmag.be\\\/index.php\\\/2021\\\/11\\\/zach-pichon-brille-sur-la-finale-du-championnat-de-france-denduro\\\/#primaryimage\"},\"thumbnailUrl\":\"https:\\\/\\\/fr.motocrossmag.be\\\/wp-content\\\/uploads\\\/2021\\\/11\\\/Zach-pichon-enduro.jpg\",\"keywords\":[\"Christophe nambotin\",\"Enduro\",\"zach pichon\",\"zachary pichon\"],\"articleSection\":[\"Actualit\u00e9\",\"Enduro\",\"News\",\"News\",\"Slideshow\"],\"inLanguage\":\"fr-FR\",\"potentialAction\":[{\"@type\":\"CommentAction\",\"name\":\"Comment\",\"target\":[\"https:\\\/\\\/fr.motocrossmag.be\\\/index.php\\\/2021\\\/11\\\/zach-pichon-brille-sur-la-finale-du-championnat-de-france-denduro\\\/#respond\"]}]},{\"@type\":\"WebPage\",\"@id\":\"https:\\\/\\\/fr.motocrossmag.be\\\/index.php\\\/2021\\\/11\\\/zach-pichon-brille-sur-la-finale-du-championnat-de-france-denduro\\\/\",\"url\":\"https:\\\/\\\/fr.motocrossmag.be\\\/index.php\\\/2021\\\/11\\\/zach-pichon-brille-sur-la-finale-du-championnat-de-france-denduro\\\/\",\"name\":\"Zach Pichon brille sur la finale du championnat de France d'enduro - Motocross - Enduro - Supermoto | MotocrossMag\",\"isPartOf\":{\"@id\":\"https:\\\/\\\/fr.motocrossmag.be\\\/#website\"},\"primaryImageOfPage\":{\"@id\":\"https:\\\/\\\/fr.motocrossmag.be\\\/index.php\\\/2021\\\/11\\\/zach-pichon-brille-sur-la-finale-du-championnat-de-france-denduro\\\/#primaryimage\"},\"image\":{\"@id\":\"https:\\\/\\\/fr.motocrossmag.be\\\/index.php\\\/2021\\\/11\\\/zach-pichon-brille-sur-la-finale-du-championnat-de-france-denduro\\\/#primaryimage\"},\"thumbnailUrl\":\"https:\\\/\\\/fr.motocrossmag.be\\\/wp-content\\\/uploads\\\/2021\\\/11\\\/Zach-pichon-enduro.jpg\",\"datePublished\":\"2021-11-16T08:57:41+00:00\",\"author\":{\"@id\":\"https:\\\/\\\/fr.motocrossmag.be\\\/#\\\/schema\\\/person\\\/11b47143d9f755babca2c9110e03235c\"},\"breadcrumb\":{\"@id\":\"https:\\\/\\\/fr.motocrossmag.be\\\/index.php\\\/2021\\\/11\\\/zach-pichon-brille-sur-la-finale-du-championnat-de-france-denduro\\\/#breadcrumb\"},\"inLanguage\":\"fr-FR\",\"potentialAction\":[{\"@type\":\"ReadAction\",\"target\":[\"https:\\\/\\\/fr.motocrossmag.be\\\/index.php\\\/2021\\\/11\\\/zach-pichon-brille-sur-la-finale-du-championnat-de-france-denduro\\\/\"]}]},{\"@type\":\"ImageObject\",\"inLanguage\":\"fr-FR\",\"@id\":\"https:\\\/\\\/fr.motocrossmag.be\\\/index.php\\\/2021\\\/11\\\/zach-pichon-brille-sur-la-finale-du-championnat-de-france-denduro\\\/#primaryimage\",\"url\":\"https:\\\/\\\/fr.motocrossmag.be\\\/wp-content\\\/uploads\\\/2021\\\/11\\\/Zach-pichon-enduro.jpg\",\"contentUrl\":\"https:\\\/\\\/fr.motocrossmag.be\\\/wp-content\\\/uploads\\\/2021\\\/11\\\/Zach-pichon-enduro.jpg\",\"width\":1000,\"height\":666},{\"@type\":\"BreadcrumbList\",\"@id\":\"https:\\\/\\\/fr.motocrossmag.be\\\/index.php\\\/2021\\\/11\\\/zach-pichon-brille-sur-la-finale-du-championnat-de-france-denduro\\\/#breadcrumb\",\"itemListElement\":[{\"@type\":\"ListItem\",\"position\":1,\"name\":\"Accueil\",\"item\":\"https:\\\/\\\/fr.motocrossmag.be\\\/\"},{\"@type\":\"ListItem\",\"position\":2,\"name\":\"Zach Pichon brille sur la finale du championnat de France d&rsquo;enduro\"}]},{\"@type\":\"WebSite\",\"@id\":\"https:\\\/\\\/fr.motocrossmag.be\\\/#website\",\"url\":\"https:\\\/\\\/fr.motocrossmag.be\\\/\",\"name\":\"Motocross - Enduro - Supermoto | MotocrossMag\",\"description\":\"L&#039;actualit\u00e9 du motocross, de l&#039;enduro et du Supermoto en ligne!\",\"potentialAction\":[{\"@type\":\"SearchAction\",\"target\":{\"@type\":\"EntryPoint\",\"urlTemplate\":\"https:\\\/\\\/fr.motocrossmag.be\\\/?s={search_term_string}\"},\"query-input\":{\"@type\":\"PropertyValueSpecification\",\"valueRequired\":true,\"valueName\":\"search_term_string\"}}],\"inLanguage\":\"fr-FR\"},{\"@type\":\"Person\",\"@id\":\"https:\\\/\\\/fr.motocrossmag.be\\\/#\\\/schema\\\/person\\\/11b47143d9f755babca2c9110e03235c\",\"name\":\"oliviere\",\"image\":{\"@type\":\"ImageObject\",\"inLanguage\":\"fr-FR\",\"@id\":\"https:\\\/\\\/secure.gravatar.com\\\/avatar\\\/907069e0b81d119452040469e4a7501da1100f54f7f80180ce77bfab718288f6?s=96&d=mm&r=g\",\"url\":\"https:\\\/\\\/secure.gravatar.com\\\/avatar\\\/907069e0b81d119452040469e4a7501da1100f54f7f80180ce77bfab718288f6?s=96&d=mm&r=g\",\"contentUrl\":\"https:\\\/\\\/secure.gravatar.com\\\/avatar\\\/907069e0b81d119452040469e4a7501da1100f54f7f80180ce77bfab718288f6?s=96&d=mm&r=g\",\"caption\":\"oliviere\"},\"sameAs\":[\"http:\\\/\\\/www.motocrossmag.be\"],\"url\":\"https:\\\/\\\/fr.motocrossmag.be\\\/index.php\\\/author\\\/oliviere\\\/\"}]}<\/script>\n<!-- \/ Yoast SEO plugin. -->","yoast_head_json":{"title":"Zach Pichon brille sur la finale du championnat de France d'enduro - Motocross - Enduro - Supermoto | MotocrossMag","robots":{"index":"index","follow":"follow","max-snippet":"max-snippet:-1","max-image-preview":"max-image-preview:large","max-video-preview":"max-video-preview:-1"},"canonical":"https:\/\/fr.motocrossmag.be\/index.php\/2021\/11\/zach-pichon-brille-sur-la-finale-du-championnat-de-france-denduro\/","og_locale":"fr_FR","og_type":"article","og_title":"Zach Pichon brille sur la finale du championnat de France d'enduro - Motocross - Enduro - Supermoto | MotocrossMag","og_description":"Ce week-end, le\u00a0MC Domazan organisait \u00e0 Montfrin la finale du championnat de France d&rsquo;enduro 2021. Une \u00e9preuve qui a permis \u00e0 Christophe Nambotin de conclure en beaut\u00e9 sa carri\u00e8re en [...]","og_url":"https:\/\/fr.motocrossmag.be\/index.php\/2021\/11\/zach-pichon-brille-sur-la-finale-du-championnat-de-france-denduro\/","og_site_name":"Motocross - Enduro - Supermoto | MotocrossMag","article_published_time":"2021-11-16T08:57:41+00:00","og_image":[{"width":1000,"height":666,"url":"https:\/\/fr.motocrossmag.be\/wp-content\/uploads\/2021\/11\/Zach-pichon-enduro.jpg","type":"image\/jpeg"}],"author":"oliviere","twitter_card":"summary_large_image","twitter_misc":{"\u00c9crit par":"oliviere","Dur\u00e9e de lecture estim\u00e9e":"1 minute"},"schema":{"@context":"https:\/\/schema.org","@graph":[{"@type":"Article","@id":"https:\/\/fr.motocrossmag.be\/index.php\/2021\/11\/zach-pichon-brille-sur-la-finale-du-championnat-de-france-denduro\/#article","isPartOf":{"@id":"https:\/\/fr.motocrossmag.be\/index.php\/2021\/11\/zach-pichon-brille-sur-la-finale-du-championnat-de-france-denduro\/"},"author":{"name":"oliviere","@id":"https:\/\/fr.motocrossmag.be\/#\/schema\/person\/11b47143d9f755babca2c9110e03235c"},"headline":"Zach Pichon brille sur la finale du championnat de France d&rsquo;enduro","datePublished":"2021-11-16T08:57:41+00:00","mainEntityOfPage":{"@id":"https:\/\/fr.motocrossmag.be\/index.php\/2021\/11\/zach-pichon-brille-sur-la-finale-du-championnat-de-france-denduro\/"},"wordCount":241,"commentCount":0,"image":{"@id":"https:\/\/fr.motocrossmag.be\/index.php\/2021\/11\/zach-pichon-brille-sur-la-finale-du-championnat-de-france-denduro\/#primaryimage"},"thumbnailUrl":"https:\/\/fr.motocrossmag.be\/wp-content\/uploads\/2021\/11\/Zach-pichon-enduro.jpg","keywords":["Christophe nambotin","Enduro","zach pichon","zachary pichon"],"articleSection":["Actualit\u00e9","Enduro","News","News","Slideshow"],"inLanguage":"fr-FR","potentialAction":[{"@type":"CommentAction","name":"Comment","target":["https:\/\/fr.motocrossmag.be\/index.php\/2021\/11\/zach-pichon-brille-sur-la-finale-du-championnat-de-france-denduro\/#respond"]}]},{"@type":"WebPage","@id":"https:\/\/fr.motocrossmag.be\/index.php\/2021\/11\/zach-pichon-brille-sur-la-finale-du-championnat-de-france-denduro\/","url":"https:\/\/fr.motocrossmag.be\/index.php\/2021\/11\/zach-pichon-brille-sur-la-finale-du-championnat-de-france-denduro\/","name":"Zach Pichon brille sur la finale du championnat de France d'enduro - Motocross - Enduro - Supermoto | MotocrossMag","isPartOf":{"@id":"https:\/\/fr.motocrossmag.be\/#website"},"primaryImageOfPage":{"@id":"https:\/\/fr.motocrossmag.be\/index.php\/2021\/11\/zach-pichon-brille-sur-la-finale-du-championnat-de-france-denduro\/#primaryimage"},"image":{"@id":"https:\/\/fr.motocrossmag.be\/index.php\/2021\/11\/zach-pichon-brille-sur-la-finale-du-championnat-de-france-denduro\/#primaryimage"},"thumbnailUrl":"https:\/\/fr.motocrossmag.be\/wp-content\/uploads\/2021\/11\/Zach-pichon-enduro.jpg","datePublished":"2021-11-16T08:57:41+00:00","author":{"@id":"https:\/\/fr.motocrossmag.be\/#\/schema\/person\/11b47143d9f755babca2c9110e03235c"},"breadcrumb":{"@id":"https:\/\/fr.motocrossmag.be\/index.php\/2021\/11\/zach-pichon-brille-sur-la-finale-du-championnat-de-france-denduro\/#breadcrumb"},"inLanguage":"fr-FR","potentialAction":[{"@type":"ReadAction","target":["https:\/\/fr.motocrossmag.be\/index.php\/2021\/11\/zach-pichon-brille-sur-la-finale-du-championnat-de-france-denduro\/"]}]},{"@type":"ImageObject","inLanguage":"fr-FR","@id":"https:\/\/fr.motocrossmag.be\/index.php\/2021\/11\/zach-pichon-brille-sur-la-finale-du-championnat-de-france-denduro\/#primaryimage","url":"https:\/\/fr.motocrossmag.be\/wp-content\/uploads\/2021\/11\/Zach-pichon-enduro.jpg","contentUrl":"https:\/\/fr.motocrossmag.be\/wp-content\/uploads\/2021\/11\/Zach-pichon-enduro.jpg","width":1000,"height":666},{"@type":"BreadcrumbList","@id":"https:\/\/fr.motocrossmag.be\/index.php\/2021\/11\/zach-pichon-brille-sur-la-finale-du-championnat-de-france-denduro\/#breadcrumb","itemListElement":[{"@type":"ListItem","position":1,"name":"Accueil","item":"https:\/\/fr.motocrossmag.be\/"},{"@type":"ListItem","position":2,"name":"Zach Pichon brille sur la finale du championnat de France d&rsquo;enduro"}]},{"@type":"WebSite","@id":"https:\/\/fr.motocrossmag.be\/#website","url":"https:\/\/fr.motocrossmag.be\/","name":"Motocross - Enduro - Supermoto | MotocrossMag","description":"L&#039;actualit\u00e9 du motocross, de l&#039;enduro et du Supermoto en ligne!","potentialAction":[{"@type":"SearchAction","target":{"@type":"EntryPoint","urlTemplate":"https:\/\/fr.motocrossmag.be\/?s={search_term_string}"},"query-input":{"@type":"PropertyValueSpecification","valueRequired":true,"valueName":"search_term_string"}}],"inLanguage":"fr-FR"},{"@type":"Person","@id":"https:\/\/fr.motocrossmag.be\/#\/schema\/person\/11b47143d9f755babca2c9110e03235c","name":"oliviere","image":{"@type":"ImageObject","inLanguage":"fr-FR","@id":"https:\/\/secure.gravatar.com\/avatar\/907069e0b81d119452040469e4a7501da1100f54f7f80180ce77bfab718288f6?s=96&d=mm&r=g","url":"https:\/\/secure.gravatar.com\/avatar\/907069e0b81d119452040469e4a7501da1100f54f7f80180ce77bfab718288f6?s=96&d=mm&r=g","contentUrl":"https:\/\/secure.gravatar.com\/avatar\/907069e0b81d119452040469e4a7501da1100f54f7f80180ce77bfab718288f6?s=96&d=mm&r=g","caption":"oliviere"},"sameAs":["http:\/\/www.motocrossmag.be"],"url":"https:\/\/fr.motocrossmag.be\/index.php\/author\/oliviere\/"}]}},"_links":{"self":[{"href":"https:\/\/fr.motocrossmag.be\/index.php\/wp-json\/wp\/v2\/posts\/114016","targetHints":{"allow":["GET"]}}],"collection":[{"href":"https:\/\/fr.motocrossmag.be\/index.php\/wp-json\/wp\/v2\/posts"}],"about":[{"href":"https:\/\/fr.motocrossmag.be\/index.php\/wp-json\/wp\/v2\/types\/post"}],"author":[{"embeddable":true,"href":"https:\/\/fr.motocrossmag.be\/index.php\/wp-json\/wp\/v2\/users\/932"}],"replies":[{"embeddable":true,"href":"https:\/\/fr.motocrossmag.be\/index.php\/wp-json\/wp\/v2\/comments?post=114016"}],"version-history":[{"count":0,"href":"https:\/\/fr.motocrossmag.be\/index.php\/wp-json\/wp\/v2\/posts\/114016\/revisions"}],"wp:featuredmedia":[{"embeddable":true,"href":"https:\/\/fr.motocrossmag.be\/index.php\/wp-json\/wp\/v2\/media\/114017"}],"wp:attachment":[{"href":"https:\/\/fr.motocrossmag.be\/index.php\/wp-json\/wp\/v2\/media?parent=114016"}],"wp:term":[{"taxonomy":"category","embeddable":true,"href":"https:\/\/fr.motocrossmag.be\/index.php\/wp-json\/wp\/v2\/categories?post=114016"},{"taxonomy":"post_tag","embeddable":true,"href":"https:\/\/fr.motocrossmag.be\/index.php\/wp-json\/wp\/v2\/tags?post=114016"}],"curies":[{"name":"wp","href":"https:\/\/api.w.org\/{rel}","templated":true}]}}