{"id":114217,"date":"2021-11-30T10:00:43","date_gmt":"2021-11-30T09:00:43","guid":{"rendered":"http:\/\/fr.motocrossmag.be\/?p=114217"},"modified":"2021-11-30T10:16:30","modified_gmt":"2021-11-30T09:16:30","slug":"pas-de-remise-de-prix-fmb-cette-annee","status":"publish","type":"post","link":"https:\/\/fr.motocrossmag.be\/index.php\/2021\/11\/pas-de-remise-de-prix-fmb-cette-annee\/","title":{"rendered":"Pas de remise des prix FMB cette ann\u00e9e"},"content":{"rendered":"<p><strong>La Section Provinciale du Luxembourg devrait organiser la c\u00e9r\u00e9monie de remise des prix aux laur\u00e9ats des diff\u00e9rents championnats de Belgique motocyclistes 2021 au cours du mois de janvier prochain. Malheureusement, l&rsquo;\u00e9volution actuelle de la pand\u00e9mie de coronavirus ne permet \u00e0 nouveau pas d&rsquo;organiser cet \u00e9v\u00e9nement. La FMB a donc \u00e9t\u00e9 d\u00e9cid\u00e9 de remettre les prix aux laur\u00e9ats\u00a0 lors d&rsquo;une des \u00e9preuves de la saison 2022, ce qui permettra de le faire en pr\u00e9sence de leurs supporters et des autres pilotes.<\/strong><\/p>\n<p>Il faudra donc encore patienter avant de conna\u00eetre les noms des laur\u00e9ats du Guidon d&rsquo;Or 2021 et du prix du \u00ab\u00a0Jeune Espoir de l&rsquo;Ann\u00e9e\u00a0\u00bb, d\u00e9cern\u00e9s chaque ann\u00e9e par la commission sportive de la FMB. En 2020, Antoine Magain et Lorenz Luciano avaient \u00e9t\u00e9 prim\u00e9s.<\/p>\n<p><span style=\"color: #ff0000;\"><strong>CHAMPIONS FMB 2021<\/strong><\/span><\/p>\n<p><strong>MOTOCROSS<\/strong><\/p>\n<ul>\n<li>65cc: Torre VAN MECHGELEN \u2013 Racing Center Events<\/li>\n<li>Jeunes : Tyla VAN DE POEL \u2013 AMC Wuustwezel<\/li>\n<li>Espoirs 125: Yirre SAENEN &#8211; VLM<\/li>\n<li>Espoirs 250: Lennert VERHOEVEN &#8211; VLM<\/li>\n<li>D\u00e9butants 250: Bryan KEMPENEERS &#8211; VLM<\/li>\n<li>D\u00e9butants 500: Michel VAN ROOY &#8211; VLM<\/li>\n<li>D\u00e9butants Open B: Sven VAN EYNDT &#8211; VLM<\/li>\n<li>D\u00e9butants Open C: Roger LOOS &#8211; VLM<\/li>\n<li>Juniors 250: Jenne VAN HOOF &#8211; VLM<\/li>\n<li>Juniors 500: Alex LOMBA &#8211; VLM<\/li>\n<li>Nation. 250: Michael BRUYNINCKX \u2013 AMC Evergem<\/li>\n<li>Nation. 500: Bart VAN HOVE &#8211; VLM<\/li>\n<li>Inters 250: Brent AERDEN &#8211; VLM<\/li>\n<li>Inters 500: Kevin VAN GELDORP \u2013 KMC Mol<\/li>\n<li>Sidecars: VAN DAELE Jason (MC Scheldeland) &#8211; SMEUNINX Tim<\/li>\n<li>Quads Open: Yoran BIELEN &#8211; VLM<\/li>\n<\/ul>\n<p><strong>ENDURO<\/strong><\/p>\n<ul>\n<li>Youth 125 : Mirko FINET &#8211; Avemott<\/li>\n<li>Girls &#8211; Meilleure pilote : Elise MARCHAL &#8211; Avemott<\/li>\n<li>Anc\u00eatres \u2013 Meilleur pilote: Patrick VANDENBERGHE \u2013 Dinant MC<\/li>\n<li>Randonneurs: Laurent BRANCART \u2013 RMC Pierreux<\/li>\n<li>Expert: Jo\u00ebl DELSUPEXHE \u2013 MC Pays de Herve<\/li>\n<li>Gentlemen: Christophe DEPREZ &#8211; CEESL<\/li>\n<li>Beloften \u2013 Espoirs<br \/>\nScratch: Sylvain VANDENBERGHE \u2013 Dinant MC<br \/>\n125cc: Nathan VERHEYEN \u2013 RMC Pierreux<br \/>\nOpen: Sylvain VANDENBERGHE\u2013 Dinant MC<\/li>\n<li>Juniors<br \/>\nScratch: Philippe HENRARD \u2013 MC Pays de Herve<br \/>\nE 1: Florian GALANTE &#8211; Avemott<br \/>\nE 2: Philippe HENRARD \u2013 MC Pays de Herve<\/li>\n<li>Nationaux<br \/>\nScratch : Kevin THOMAS &#8211; OPMV<br \/>\nE 1: Steve ROBERT &#8211; OPMV<br \/>\nE 2: Kevin THOMAS &#8211; OPMV<\/li>\n<li>Inters<br \/>\nScratch: Antoine MAGAIN \u2013 Dinant MC<br \/>\nE 1 : Antoine MAGAIN \u2013 Dinant MC<br \/>\nE 2: ERIK WILLEMS \u2013 Dinant MC<\/li>\n<\/ul>\n<p><strong>BEX<\/strong><\/p>\n<ul>\n<li>BEX Solo -Meilleur coureur: Tim LOUIS \u2013 Dinant MC<\/li>\n<li>BEX Vintage &#8211; Meilleur coureur::Florent GILLAIN \u2013 AMC Sambreville<\/li>\n<li>BEXkids Meilleur coureur:Nathan DENUIT &#8211; FPCNA<\/li>\n<li>Duo BEX1 Meilleur coureur: &#8211;<\/li>\n<li>Duo BEX2 Meilleur coureur: Gauthier LILLO \u2013 MP 41<\/li>\n<li>Duo BEX Scratch duo &#8211; Meilleur coureur :<br \/>\nBertrand BAILLEUX \u2013 Enduro club Chimay<br \/>\nQuentin VAN DOOREN &#8211; AMC SAMBREVILLE<\/li>\n<li>BEX Interclub &#8211; Meilleur club: AMC SAMBREVILLE<\/li>\n<\/ul>\n<p><strong>SUPERMOTO<\/strong><\/p>\n<ul>\n<li>Quads Open : C\u00e9dric LEMPEREUR \u2013 MC Pays de Herve<\/li>\n<li>Originals \u2013 Meilleur coureur : Joseph PIRARD \u2013 MC Pays de Herve<\/li>\n<li>Minimotard: Harry SEEL \u2013 R. Dison MC<\/li>\n<li>D\u00e9butants : Mallory COUSSAERT \u2013 MC Pays de Herve<\/li>\n<li>Seniors : Claude FRAN\u00c7OIS \u2013 RUMESM Mettet<\/li>\n<li>Nationaux : Morgan EXTERBILLE &#8211; Fiostar<\/li>\n<li>Euro-Nationaux : Nils VANDEBERG \u2013 MC Pays de Herve<\/li>\n<li>Prestige: Kevin Viellevoye \u2013 MC Pays de Herve<\/li>\n<\/ul>\n<p><strong>BENECUP SUPERMOTO<\/strong><\/p>\n<ul>\n<li>Nationaux : Morgan EXTERBILLE &#8211; Fiostar<\/li>\n<li>Euro-Nationaux : Nils VANDEBERG \u2013 MC Pays de Herve<\/li>\n<li>Prestige: Kevin Viellevoye \u2013 MC Pays de Herve<\/li>\n<\/ul>\n<p><strong>MEDAILLES FIM et FIM EUROPE<\/strong><\/p>\n<ul>\n<li>FIM Championnat du monde de Motocross MX2<br \/>\nArgent : Jago GEERTS\u2013 KMC Mol<\/li>\n<li>FIM Championnat du monde de Motocross Side-car<br \/>\nArgent : MARVIN VANLUCHENE (AMC Dworp) \u2013 Robbie BAX (KNMV)<\/li>\n<li>FIM Enduro World Cup Open Scratch<br \/>\nArgent : Maxime WARENGHIEN \u2013 KAMC Eendracht Torhout<\/li>\n<li>FIM Enduro World Cup 2 stroke<br \/>\nArgent : Maxime WARENGHIEN \u2013 KAMC Eendracht Torhout<\/li>\n<li>FIM Enduro World Cup 4 stroke<br \/>\nBronze : Jeremy HERINNE \u2013 Dinant MC<\/li>\n<\/ul>\n<p><strong>EQUIPES NATIONALES<\/strong><\/p>\n<p>INTERNATIONAL SIX DAYS ENDURO (RIVANAZZANO TERME \u2013 ITALY)<\/p>\n<ul>\n<li>Or\u00a0 : Erik WILLEMS, Dietger DAMIAENS<\/li>\n<li>Argent : Gauthier LILLO, Ludovic BRAL, Henson LIEVENS, Mika VANDERHEYDEN, Dante NIJS,\u00a0 Nicolas CHARLIER, Adrien VANDOMMELE, Nicolas VANDOMMELE<\/li>\n<li>Bronze : Arthur SENTE, Quentin VINKEN, Mathieu CORTEIL<\/li>\n<\/ul>\n","protected":false},"excerpt":{"rendered":"<p>La Section Provinciale du Luxembourg devrait organiser la c\u00e9r\u00e9monie de remise des prix aux laur\u00e9ats des diff\u00e9rents championnats de Belgique motocyclistes 2021 au cours du mois de janvier prochain. Malheureusement, [&#8230;]<\/p>\n","protected":false},"author":932,"featured_media":82646,"comment_status":"open","ping_status":"closed","sticky":false,"template":"","format":"standard","meta":{"footnotes":""},"categories":[54,57,32,35,40,4,29,5,33,43,55,65,38],"tags":[951,1163,947,974],"class_list":["post-114217","post","type-post","status-publish","format-standard","has-post-thumbnail","hentry","category-actualite","category-calendriers","category-enduro","category-fmb-enduro","category-fmb-supermoto","category-motocross","category-fmb","category-news","category-news-enduro","category-news-supermoto","category-news-actualite","category-slideshow","category-supermoto","tag-enduro","tag-fmb","tag-motocross","tag-supermoto"],"yoast_head":"<!-- This site is optimized with the Yoast SEO plugin v27.4 - https:\/\/yoast.com\/product\/yoast-seo-wordpress\/ -->\n<title>Pas de remise des prix FMB cette ann\u00e9e - Motocross - Enduro - Supermoto | MotocrossMag<\/title>\n<meta name=\"robots\" content=\"index, follow, max-snippet:-1, max-image-preview:large, max-video-preview:-1\" \/>\n<link rel=\"canonical\" href=\"https:\/\/fr.motocrossmag.be\/index.php\/2021\/11\/pas-de-remise-de-prix-fmb-cette-annee\/\" \/>\n<meta property=\"og:locale\" content=\"fr_FR\" \/>\n<meta property=\"og:type\" content=\"article\" \/>\n<meta property=\"og:title\" content=\"Pas de remise des prix FMB cette ann\u00e9e - Motocross - Enduro - Supermoto | MotocrossMag\" \/>\n<meta property=\"og:description\" content=\"La Section Provinciale du Luxembourg devrait organiser la c\u00e9r\u00e9monie de remise des prix aux laur\u00e9ats des diff\u00e9rents championnats de Belgique motocyclistes 2021 au cours du mois de janvier prochain. Malheureusement, [...]\" \/>\n<meta property=\"og:url\" content=\"https:\/\/fr.motocrossmag.be\/index.php\/2021\/11\/pas-de-remise-de-prix-fmb-cette-annee\/\" \/>\n<meta property=\"og:site_name\" content=\"Motocross - Enduro - Supermoto | MotocrossMag\" \/>\n<meta property=\"article:published_time\" content=\"2021-11-30T09:00:43+00:00\" \/>\n<meta property=\"article:modified_time\" content=\"2021-11-30T09:16:30+00:00\" \/>\n<meta property=\"og:image\" content=\"https:\/\/fr.motocrossmag.be\/wp-content\/uploads\/2018\/12\/Prix-FMB-2018-IMG_1523.jpg\" \/>\n\t<meta property=\"og:image:width\" content=\"1350\" \/>\n\t<meta property=\"og:image:height\" content=\"900\" \/>\n\t<meta property=\"og:image:type\" content=\"image\/jpeg\" \/>\n<meta name=\"author\" content=\"oliviere\" \/>\n<meta name=\"twitter:card\" content=\"summary_large_image\" \/>\n<meta name=\"twitter:label1\" content=\"\u00c9crit par\" \/>\n\t<meta name=\"twitter:data1\" content=\"oliviere\" \/>\n\t<meta name=\"twitter:label2\" content=\"Dur\u00e9e de lecture estim\u00e9e\" \/>\n\t<meta name=\"twitter:data2\" content=\"3 minutes\" \/>\n<script type=\"application\/ld+json\" class=\"yoast-schema-graph\">{\"@context\":\"https:\\\/\\\/schema.org\",\"@graph\":[{\"@type\":\"Article\",\"@id\":\"https:\\\/\\\/fr.motocrossmag.be\\\/index.php\\\/2021\\\/11\\\/pas-de-remise-de-prix-fmb-cette-annee\\\/#article\",\"isPartOf\":{\"@id\":\"https:\\\/\\\/fr.motocrossmag.be\\\/index.php\\\/2021\\\/11\\\/pas-de-remise-de-prix-fmb-cette-annee\\\/\"},\"author\":{\"name\":\"oliviere\",\"@id\":\"https:\\\/\\\/fr.motocrossmag.be\\\/#\\\/schema\\\/person\\\/11b47143d9f755babca2c9110e03235c\"},\"headline\":\"Pas de remise des prix FMB cette ann\u00e9e\",\"datePublished\":\"2021-11-30T09:00:43+00:00\",\"dateModified\":\"2021-11-30T09:16:30+00:00\",\"mainEntityOfPage\":{\"@id\":\"https:\\\/\\\/fr.motocrossmag.be\\\/index.php\\\/2021\\\/11\\\/pas-de-remise-de-prix-fmb-cette-annee\\\/\"},\"wordCount\":607,\"commentCount\":0,\"image\":{\"@id\":\"https:\\\/\\\/fr.motocrossmag.be\\\/index.php\\\/2021\\\/11\\\/pas-de-remise-de-prix-fmb-cette-annee\\\/#primaryimage\"},\"thumbnailUrl\":\"https:\\\/\\\/fr.motocrossmag.be\\\/wp-content\\\/uploads\\\/2018\\\/12\\\/Prix-FMB-2018-IMG_1523.jpg\",\"keywords\":[\"Enduro\",\"FMB\",\"Motocross\",\"Supermoto\"],\"articleSection\":[\"Actualit\u00e9\",\"Calendriers\",\"Enduro\",\"FMB\",\"FMB\",\"Motocross\",\"Motocross FMB\",\"News\",\"News\",\"News\",\"News\",\"Slideshow\",\"Supermoto\"],\"inLanguage\":\"fr-FR\",\"potentialAction\":[{\"@type\":\"CommentAction\",\"name\":\"Comment\",\"target\":[\"https:\\\/\\\/fr.motocrossmag.be\\\/index.php\\\/2021\\\/11\\\/pas-de-remise-de-prix-fmb-cette-annee\\\/#respond\"]}]},{\"@type\":\"WebPage\",\"@id\":\"https:\\\/\\\/fr.motocrossmag.be\\\/index.php\\\/2021\\\/11\\\/pas-de-remise-de-prix-fmb-cette-annee\\\/\",\"url\":\"https:\\\/\\\/fr.motocrossmag.be\\\/index.php\\\/2021\\\/11\\\/pas-de-remise-de-prix-fmb-cette-annee\\\/\",\"name\":\"Pas de remise des prix FMB cette ann\u00e9e - Motocross - Enduro - Supermoto | MotocrossMag\",\"isPartOf\":{\"@id\":\"https:\\\/\\\/fr.motocrossmag.be\\\/#website\"},\"primaryImageOfPage\":{\"@id\":\"https:\\\/\\\/fr.motocrossmag.be\\\/index.php\\\/2021\\\/11\\\/pas-de-remise-de-prix-fmb-cette-annee\\\/#primaryimage\"},\"image\":{\"@id\":\"https:\\\/\\\/fr.motocrossmag.be\\\/index.php\\\/2021\\\/11\\\/pas-de-remise-de-prix-fmb-cette-annee\\\/#primaryimage\"},\"thumbnailUrl\":\"https:\\\/\\\/fr.motocrossmag.be\\\/wp-content\\\/uploads\\\/2018\\\/12\\\/Prix-FMB-2018-IMG_1523.jpg\",\"datePublished\":\"2021-11-30T09:00:43+00:00\",\"dateModified\":\"2021-11-30T09:16:30+00:00\",\"author\":{\"@id\":\"https:\\\/\\\/fr.motocrossmag.be\\\/#\\\/schema\\\/person\\\/11b47143d9f755babca2c9110e03235c\"},\"breadcrumb\":{\"@id\":\"https:\\\/\\\/fr.motocrossmag.be\\\/index.php\\\/2021\\\/11\\\/pas-de-remise-de-prix-fmb-cette-annee\\\/#breadcrumb\"},\"inLanguage\":\"fr-FR\",\"potentialAction\":[{\"@type\":\"ReadAction\",\"target\":[\"https:\\\/\\\/fr.motocrossmag.be\\\/index.php\\\/2021\\\/11\\\/pas-de-remise-de-prix-fmb-cette-annee\\\/\"]}]},{\"@type\":\"ImageObject\",\"inLanguage\":\"fr-FR\",\"@id\":\"https:\\\/\\\/fr.motocrossmag.be\\\/index.php\\\/2021\\\/11\\\/pas-de-remise-de-prix-fmb-cette-annee\\\/#primaryimage\",\"url\":\"https:\\\/\\\/fr.motocrossmag.be\\\/wp-content\\\/uploads\\\/2018\\\/12\\\/Prix-FMB-2018-IMG_1523.jpg\",\"contentUrl\":\"https:\\\/\\\/fr.motocrossmag.be\\\/wp-content\\\/uploads\\\/2018\\\/12\\\/Prix-FMB-2018-IMG_1523.jpg\",\"width\":1350,\"height\":900},{\"@type\":\"BreadcrumbList\",\"@id\":\"https:\\\/\\\/fr.motocrossmag.be\\\/index.php\\\/2021\\\/11\\\/pas-de-remise-de-prix-fmb-cette-annee\\\/#breadcrumb\",\"itemListElement\":[{\"@type\":\"ListItem\",\"position\":1,\"name\":\"Accueil\",\"item\":\"https:\\\/\\\/fr.motocrossmag.be\\\/\"},{\"@type\":\"ListItem\",\"position\":2,\"name\":\"Pas de remise des prix FMB cette ann\u00e9e\"}]},{\"@type\":\"WebSite\",\"@id\":\"https:\\\/\\\/fr.motocrossmag.be\\\/#website\",\"url\":\"https:\\\/\\\/fr.motocrossmag.be\\\/\",\"name\":\"Motocross - Enduro - Supermoto | MotocrossMag\",\"description\":\"L&#039;actualit\u00e9 du motocross, de l&#039;enduro et du Supermoto en ligne!\",\"potentialAction\":[{\"@type\":\"SearchAction\",\"target\":{\"@type\":\"EntryPoint\",\"urlTemplate\":\"https:\\\/\\\/fr.motocrossmag.be\\\/?s={search_term_string}\"},\"query-input\":{\"@type\":\"PropertyValueSpecification\",\"valueRequired\":true,\"valueName\":\"search_term_string\"}}],\"inLanguage\":\"fr-FR\"},{\"@type\":\"Person\",\"@id\":\"https:\\\/\\\/fr.motocrossmag.be\\\/#\\\/schema\\\/person\\\/11b47143d9f755babca2c9110e03235c\",\"name\":\"oliviere\",\"image\":{\"@type\":\"ImageObject\",\"inLanguage\":\"fr-FR\",\"@id\":\"https:\\\/\\\/secure.gravatar.com\\\/avatar\\\/907069e0b81d119452040469e4a7501da1100f54f7f80180ce77bfab718288f6?s=96&d=mm&r=g\",\"url\":\"https:\\\/\\\/secure.gravatar.com\\\/avatar\\\/907069e0b81d119452040469e4a7501da1100f54f7f80180ce77bfab718288f6?s=96&d=mm&r=g\",\"contentUrl\":\"https:\\\/\\\/secure.gravatar.com\\\/avatar\\\/907069e0b81d119452040469e4a7501da1100f54f7f80180ce77bfab718288f6?s=96&d=mm&r=g\",\"caption\":\"oliviere\"},\"sameAs\":[\"http:\\\/\\\/www.motocrossmag.be\"],\"url\":\"https:\\\/\\\/fr.motocrossmag.be\\\/index.php\\\/author\\\/oliviere\\\/\"}]}<\/script>\n<!-- \/ Yoast SEO plugin. -->","yoast_head_json":{"title":"Pas de remise des prix FMB cette ann\u00e9e - Motocross - Enduro - Supermoto | MotocrossMag","robots":{"index":"index","follow":"follow","max-snippet":"max-snippet:-1","max-image-preview":"max-image-preview:large","max-video-preview":"max-video-preview:-1"},"canonical":"https:\/\/fr.motocrossmag.be\/index.php\/2021\/11\/pas-de-remise-de-prix-fmb-cette-annee\/","og_locale":"fr_FR","og_type":"article","og_title":"Pas de remise des prix FMB cette ann\u00e9e - Motocross - Enduro - Supermoto | MotocrossMag","og_description":"La Section Provinciale du Luxembourg devrait organiser la c\u00e9r\u00e9monie de remise des prix aux laur\u00e9ats des diff\u00e9rents championnats de Belgique motocyclistes 2021 au cours du mois de janvier prochain. Malheureusement, [...]","og_url":"https:\/\/fr.motocrossmag.be\/index.php\/2021\/11\/pas-de-remise-de-prix-fmb-cette-annee\/","og_site_name":"Motocross - Enduro - Supermoto | MotocrossMag","article_published_time":"2021-11-30T09:00:43+00:00","article_modified_time":"2021-11-30T09:16:30+00:00","og_image":[{"width":1350,"height":900,"url":"https:\/\/fr.motocrossmag.be\/wp-content\/uploads\/2018\/12\/Prix-FMB-2018-IMG_1523.jpg","type":"image\/jpeg"}],"author":"oliviere","twitter_card":"summary_large_image","twitter_misc":{"\u00c9crit par":"oliviere","Dur\u00e9e de lecture estim\u00e9e":"3 minutes"},"schema":{"@context":"https:\/\/schema.org","@graph":[{"@type":"Article","@id":"https:\/\/fr.motocrossmag.be\/index.php\/2021\/11\/pas-de-remise-de-prix-fmb-cette-annee\/#article","isPartOf":{"@id":"https:\/\/fr.motocrossmag.be\/index.php\/2021\/11\/pas-de-remise-de-prix-fmb-cette-annee\/"},"author":{"name":"oliviere","@id":"https:\/\/fr.motocrossmag.be\/#\/schema\/person\/11b47143d9f755babca2c9110e03235c"},"headline":"Pas de remise des prix FMB cette ann\u00e9e","datePublished":"2021-11-30T09:00:43+00:00","dateModified":"2021-11-30T09:16:30+00:00","mainEntityOfPage":{"@id":"https:\/\/fr.motocrossmag.be\/index.php\/2021\/11\/pas-de-remise-de-prix-fmb-cette-annee\/"},"wordCount":607,"commentCount":0,"image":{"@id":"https:\/\/fr.motocrossmag.be\/index.php\/2021\/11\/pas-de-remise-de-prix-fmb-cette-annee\/#primaryimage"},"thumbnailUrl":"https:\/\/fr.motocrossmag.be\/wp-content\/uploads\/2018\/12\/Prix-FMB-2018-IMG_1523.jpg","keywords":["Enduro","FMB","Motocross","Supermoto"],"articleSection":["Actualit\u00e9","Calendriers","Enduro","FMB","FMB","Motocross","Motocross FMB","News","News","News","News","Slideshow","Supermoto"],"inLanguage":"fr-FR","potentialAction":[{"@type":"CommentAction","name":"Comment","target":["https:\/\/fr.motocrossmag.be\/index.php\/2021\/11\/pas-de-remise-de-prix-fmb-cette-annee\/#respond"]}]},{"@type":"WebPage","@id":"https:\/\/fr.motocrossmag.be\/index.php\/2021\/11\/pas-de-remise-de-prix-fmb-cette-annee\/","url":"https:\/\/fr.motocrossmag.be\/index.php\/2021\/11\/pas-de-remise-de-prix-fmb-cette-annee\/","name":"Pas de remise des prix FMB cette ann\u00e9e - Motocross - Enduro - Supermoto | MotocrossMag","isPartOf":{"@id":"https:\/\/fr.motocrossmag.be\/#website"},"primaryImageOfPage":{"@id":"https:\/\/fr.motocrossmag.be\/index.php\/2021\/11\/pas-de-remise-de-prix-fmb-cette-annee\/#primaryimage"},"image":{"@id":"https:\/\/fr.motocrossmag.be\/index.php\/2021\/11\/pas-de-remise-de-prix-fmb-cette-annee\/#primaryimage"},"thumbnailUrl":"https:\/\/fr.motocrossmag.be\/wp-content\/uploads\/2018\/12\/Prix-FMB-2018-IMG_1523.jpg","datePublished":"2021-11-30T09:00:43+00:00","dateModified":"2021-11-30T09:16:30+00:00","author":{"@id":"https:\/\/fr.motocrossmag.be\/#\/schema\/person\/11b47143d9f755babca2c9110e03235c"},"breadcrumb":{"@id":"https:\/\/fr.motocrossmag.be\/index.php\/2021\/11\/pas-de-remise-de-prix-fmb-cette-annee\/#breadcrumb"},"inLanguage":"fr-FR","potentialAction":[{"@type":"ReadAction","target":["https:\/\/fr.motocrossmag.be\/index.php\/2021\/11\/pas-de-remise-de-prix-fmb-cette-annee\/"]}]},{"@type":"ImageObject","inLanguage":"fr-FR","@id":"https:\/\/fr.motocrossmag.be\/index.php\/2021\/11\/pas-de-remise-de-prix-fmb-cette-annee\/#primaryimage","url":"https:\/\/fr.motocrossmag.be\/wp-content\/uploads\/2018\/12\/Prix-FMB-2018-IMG_1523.jpg","contentUrl":"https:\/\/fr.motocrossmag.be\/wp-content\/uploads\/2018\/12\/Prix-FMB-2018-IMG_1523.jpg","width":1350,"height":900},{"@type":"BreadcrumbList","@id":"https:\/\/fr.motocrossmag.be\/index.php\/2021\/11\/pas-de-remise-de-prix-fmb-cette-annee\/#breadcrumb","itemListElement":[{"@type":"ListItem","position":1,"name":"Accueil","item":"https:\/\/fr.motocrossmag.be\/"},{"@type":"ListItem","position":2,"name":"Pas de remise des prix FMB cette ann\u00e9e"}]},{"@type":"WebSite","@id":"https:\/\/fr.motocrossmag.be\/#website","url":"https:\/\/fr.motocrossmag.be\/","name":"Motocross - Enduro - Supermoto | MotocrossMag","description":"L&#039;actualit\u00e9 du motocross, de l&#039;enduro et du Supermoto en ligne!","potentialAction":[{"@type":"SearchAction","target":{"@type":"EntryPoint","urlTemplate":"https:\/\/fr.motocrossmag.be\/?s={search_term_string}"},"query-input":{"@type":"PropertyValueSpecification","valueRequired":true,"valueName":"search_term_string"}}],"inLanguage":"fr-FR"},{"@type":"Person","@id":"https:\/\/fr.motocrossmag.be\/#\/schema\/person\/11b47143d9f755babca2c9110e03235c","name":"oliviere","image":{"@type":"ImageObject","inLanguage":"fr-FR","@id":"https:\/\/secure.gravatar.com\/avatar\/907069e0b81d119452040469e4a7501da1100f54f7f80180ce77bfab718288f6?s=96&d=mm&r=g","url":"https:\/\/secure.gravatar.com\/avatar\/907069e0b81d119452040469e4a7501da1100f54f7f80180ce77bfab718288f6?s=96&d=mm&r=g","contentUrl":"https:\/\/secure.gravatar.com\/avatar\/907069e0b81d119452040469e4a7501da1100f54f7f80180ce77bfab718288f6?s=96&d=mm&r=g","caption":"oliviere"},"sameAs":["http:\/\/www.motocrossmag.be"],"url":"https:\/\/fr.motocrossmag.be\/index.php\/author\/oliviere\/"}]}},"_links":{"self":[{"href":"https:\/\/fr.motocrossmag.be\/index.php\/wp-json\/wp\/v2\/posts\/114217","targetHints":{"allow":["GET"]}}],"collection":[{"href":"https:\/\/fr.motocrossmag.be\/index.php\/wp-json\/wp\/v2\/posts"}],"about":[{"href":"https:\/\/fr.motocrossmag.be\/index.php\/wp-json\/wp\/v2\/types\/post"}],"author":[{"embeddable":true,"href":"https:\/\/fr.motocrossmag.be\/index.php\/wp-json\/wp\/v2\/users\/932"}],"replies":[{"embeddable":true,"href":"https:\/\/fr.motocrossmag.be\/index.php\/wp-json\/wp\/v2\/comments?post=114217"}],"version-history":[{"count":1,"href":"https:\/\/fr.motocrossmag.be\/index.php\/wp-json\/wp\/v2\/posts\/114217\/revisions"}],"predecessor-version":[{"id":114218,"href":"https:\/\/fr.motocrossmag.be\/index.php\/wp-json\/wp\/v2\/posts\/114217\/revisions\/114218"}],"wp:featuredmedia":[{"embeddable":true,"href":"https:\/\/fr.motocrossmag.be\/index.php\/wp-json\/wp\/v2\/media\/82646"}],"wp:attachment":[{"href":"https:\/\/fr.motocrossmag.be\/index.php\/wp-json\/wp\/v2\/media?parent=114217"}],"wp:term":[{"taxonomy":"category","embeddable":true,"href":"https:\/\/fr.motocrossmag.be\/index.php\/wp-json\/wp\/v2\/categories?post=114217"},{"taxonomy":"post_tag","embeddable":true,"href":"https:\/\/fr.motocrossmag.be\/index.php\/wp-json\/wp\/v2\/tags?post=114217"}],"curies":[{"name":"wp","href":"https:\/\/api.w.org\/{rel}","templated":true}]}}