{"id":114258,"date":"2021-12-09T12:41:49","date_gmt":"2021-12-09T11:41:49","guid":{"rendered":"http:\/\/fr.motocrossmag.be\/?p=114258"},"modified":"2021-12-09T12:42:38","modified_gmt":"2021-12-09T11:42:38","slug":"six-days-enduro-la-96eme-edition-en-france-du-29-aout-au-3-septembre","status":"publish","type":"post","link":"https:\/\/fr.motocrossmag.be\/index.php\/2021\/12\/six-days-enduro-la-96eme-edition-en-france-du-29-aout-au-3-septembre\/","title":{"rendered":"Six Days Enduro : la 96\u00e8me \u00e9dition en France du 29 ao\u00fbt au 3 septembre"},"content":{"rendered":"<p><strong>On savait depuis un moment d\u00e9j\u00e0 que la 96\u00e8me \u00e9dition des Six Jours Internationaux d&rsquo;Enduro se disputerait l&rsquo;\u00e9t\u00e9 prochain en France, en Auvergne, au d\u00e9part de Le Puy en Velay. On ne connaissait par contre au moment de l&rsquo;annonce pas encore les dates exactes de ces 6 Jours 2022 : ce sera du 29 ao\u00fbt au 3 septembre.<\/strong><\/p>\n<p>Les ISDE ont \u00e9t\u00e9 organis\u00e9s en France pour la premi\u00e8re fois en 1920, c&rsquo;\u00e9tait \u00e0 Grenoble. En 1980, l&rsquo;\u00e9v\u00e9nement revient en France avec l&rsquo;organisation de Brioude. En 2017, Brive a accueilli pour la 3\u00e8me fois en France la plus grande \u00e9preuve d&rsquo;enduro du calendrier. Elle sera donc de retour chez nos voisins l&rsquo;\u00e9t\u00e9 prochain.<\/p>\n<p><img decoding=\"async\" class=\"lazyload aligncenter size-full wp-image-112378\" src=\"http:\/\/fr.motocrossmag.be\/wp-content\/uploads\/2021\/09\/ISDE_willems.jpg\" data-orig-src=\"http:\/\/fr.motocrossmag.be\/wp-content\/uploads\/2021\/09\/ISDE_willems.jpg\" alt=\"\" width=\"1000\" height=\"667\" srcset=\"data:image\/svg+xml,%3Csvg%20xmlns%3D%27http%3A%2F%2Fwww.w3.org%2F2000%2Fsvg%27%20width%3D%271000%27%20height%3D%27667%27%20viewBox%3D%270%200%201000%20667%27%3E%3Crect%20width%3D%271000%27%20height%3D%27667%27%20fill-opacity%3D%220%22%2F%3E%3C%2Fsvg%3E\" data-srcset=\"https:\/\/fr.motocrossmag.be\/wp-content\/uploads\/2021\/09\/ISDE_willems-650x434.jpg 650w, https:\/\/fr.motocrossmag.be\/wp-content\/uploads\/2021\/09\/ISDE_willems-768x512.jpg 768w, https:\/\/fr.motocrossmag.be\/wp-content\/uploads\/2021\/09\/ISDE_willems.jpg 1000w\" data-sizes=\"auto\" data-orig-sizes=\"(max-width: 1000px) 100vw, 1000px\" \/><\/p>\n<p>Trois clubs se cachent derri\u00e8re l&rsquo;organisation des ISDE 2022 : le Moto Club du Puy en Velay, le Moto Club de Saugues et le Moto Club Moto Verte Haute Loz\u00e8re.<\/p>\n<p>Depuis plus de 6 mois d\u00e9j\u00e0, les organisateurs travaillent \u00e0 la pr\u00e9paration de leur parcours, qui sera construit autour de 3 boucles :<\/p>\n<ul>\n<li>Jours 1 &amp; 2 &#8211; Loop 1: Haute Loire &#8211; Haut Allier &#8211; G\u00e9vaudan<\/li>\n<li>Jours 3 &amp; 4 &#8211; Loop 2: Haute Loire &#8211; Loz\u00e8re &#8211; Langogne<\/li>\n<li>Jour 5 &#8211; Loop 3: Haute Loire &#8211; Puy en Velay &#8211; Emblavez<\/li>\n<li>Jour 6 &#8211; Final Cross Test: Haute Loire &#8211; Puy en Velay, \u00e0 proximit\u00e9 imm\u00e9diate du paddock<\/li>\n<\/ul>\n<p>Pour limiter les co\u00fbts li\u00e9s \u00e0 l&rsquo;h\u00e9bergement pour tous les concurrents et leurs accompagnants, la FIM propose cette ann\u00e9e un programme plus compact que d&rsquo;habitude :<\/p>\n<ul>\n<li>Lundi 23\/08: Ouverture du paddock<\/li>\n<li>Du 16\/08 au 28\/08 en fin de matin\u00e9e:\u00a0 Contr\u00f4les techniques et administratifs<\/li>\n<li>27\/08 : C\u00e9r\u00e9monie d&rsquo;ouverture \u00e0 Puy en Velay<\/li>\n<li>Du 29\/08 au 03\/09 : Course<\/li>\n<li>04\/09 : Fermeture du paddock<\/li>\n<\/ul>\n","protected":false},"excerpt":{"rendered":"<p>On savait depuis un moment d\u00e9j\u00e0 que la 96\u00e8me \u00e9dition des Six Jours Internationaux d&rsquo;Enduro se disputerait l&rsquo;\u00e9t\u00e9 prochain en France, en Auvergne, au d\u00e9part de Le Puy en Velay. [&#8230;]<\/p>\n","protected":false},"author":932,"featured_media":114259,"comment_status":"open","ping_status":"closed","sticky":false,"template":"","format":"standard","meta":{"footnotes":""},"categories":[54,57,32,1074,33,55,65],"tags":[951,1186,1191],"class_list":["post-114258","post","type-post","status-publish","format-standard","has-post-thumbnail","hentry","category-actualite","category-calendriers","category-enduro","category-isde","category-news-enduro","category-news-actualite","category-slideshow","tag-enduro","tag-endurogp","tag-isde"],"yoast_head":"<!-- This site is optimized with the Yoast SEO plugin v27.4 - https:\/\/yoast.com\/product\/yoast-seo-wordpress\/ -->\n<title>Six Days Enduro : la 96\u00e8me \u00e9dition en France du 29 ao\u00fbt au 3 septembre - Motocross - Enduro - Supermoto | MotocrossMag<\/title>\n<meta name=\"robots\" content=\"index, follow, max-snippet:-1, max-image-preview:large, max-video-preview:-1\" \/>\n<link rel=\"canonical\" href=\"https:\/\/fr.motocrossmag.be\/index.php\/2021\/12\/six-days-enduro-la-96eme-edition-en-france-du-29-aout-au-3-septembre\/\" \/>\n<meta property=\"og:locale\" content=\"fr_FR\" \/>\n<meta property=\"og:type\" content=\"article\" \/>\n<meta property=\"og:title\" content=\"Six Days Enduro : la 96\u00e8me \u00e9dition en France du 29 ao\u00fbt au 3 septembre - Motocross - Enduro - Supermoto | MotocrossMag\" \/>\n<meta property=\"og:description\" content=\"On savait depuis un moment d\u00e9j\u00e0 que la 96\u00e8me \u00e9dition des Six Jours Internationaux d&rsquo;Enduro se disputerait l&rsquo;\u00e9t\u00e9 prochain en France, en Auvergne, au d\u00e9part de Le Puy en Velay. [...]\" \/>\n<meta property=\"og:url\" content=\"https:\/\/fr.motocrossmag.be\/index.php\/2021\/12\/six-days-enduro-la-96eme-edition-en-france-du-29-aout-au-3-septembre\/\" \/>\n<meta property=\"og:site_name\" content=\"Motocross - Enduro - Supermoto | MotocrossMag\" \/>\n<meta property=\"article:published_time\" content=\"2021-12-09T11:41:49+00:00\" \/>\n<meta property=\"article:modified_time\" content=\"2021-12-09T11:42:38+00:00\" \/>\n<meta property=\"og:image\" content=\"https:\/\/fr.motocrossmag.be\/wp-content\/uploads\/2021\/12\/enduro-isde.jpg\" \/>\n\t<meta property=\"og:image:width\" content=\"1000\" \/>\n\t<meta property=\"og:image:height\" content=\"664\" \/>\n\t<meta property=\"og:image:type\" content=\"image\/jpeg\" \/>\n<meta name=\"author\" content=\"oliviere\" \/>\n<meta name=\"twitter:card\" content=\"summary_large_image\" \/>\n<meta name=\"twitter:label1\" content=\"\u00c9crit par\" \/>\n\t<meta name=\"twitter:data1\" content=\"oliviere\" \/>\n\t<meta name=\"twitter:label2\" content=\"Dur\u00e9e de lecture estim\u00e9e\" \/>\n\t<meta name=\"twitter:data2\" content=\"1 minute\" \/>\n<script type=\"application\/ld+json\" class=\"yoast-schema-graph\">{\"@context\":\"https:\\\/\\\/schema.org\",\"@graph\":[{\"@type\":\"Article\",\"@id\":\"https:\\\/\\\/fr.motocrossmag.be\\\/index.php\\\/2021\\\/12\\\/six-days-enduro-la-96eme-edition-en-france-du-29-aout-au-3-septembre\\\/#article\",\"isPartOf\":{\"@id\":\"https:\\\/\\\/fr.motocrossmag.be\\\/index.php\\\/2021\\\/12\\\/six-days-enduro-la-96eme-edition-en-france-du-29-aout-au-3-septembre\\\/\"},\"author\":{\"name\":\"oliviere\",\"@id\":\"https:\\\/\\\/fr.motocrossmag.be\\\/#\\\/schema\\\/person\\\/11b47143d9f755babca2c9110e03235c\"},\"headline\":\"Six Days Enduro : la 96\u00e8me \u00e9dition en France du 29 ao\u00fbt au 3 septembre\",\"datePublished\":\"2021-12-09T11:41:49+00:00\",\"dateModified\":\"2021-12-09T11:42:38+00:00\",\"mainEntityOfPage\":{\"@id\":\"https:\\\/\\\/fr.motocrossmag.be\\\/index.php\\\/2021\\\/12\\\/six-days-enduro-la-96eme-edition-en-france-du-29-aout-au-3-septembre\\\/\"},\"wordCount\":292,\"commentCount\":0,\"image\":{\"@id\":\"https:\\\/\\\/fr.motocrossmag.be\\\/index.php\\\/2021\\\/12\\\/six-days-enduro-la-96eme-edition-en-france-du-29-aout-au-3-septembre\\\/#primaryimage\"},\"thumbnailUrl\":\"https:\\\/\\\/fr.motocrossmag.be\\\/wp-content\\\/uploads\\\/2021\\\/12\\\/enduro-isde.jpg\",\"keywords\":[\"Enduro\",\"endurogp\",\"isde\"],\"articleSection\":[\"Actualit\u00e9\",\"Calendriers\",\"Enduro\",\"ISDE\",\"News\",\"News\",\"Slideshow\"],\"inLanguage\":\"fr-FR\",\"potentialAction\":[{\"@type\":\"CommentAction\",\"name\":\"Comment\",\"target\":[\"https:\\\/\\\/fr.motocrossmag.be\\\/index.php\\\/2021\\\/12\\\/six-days-enduro-la-96eme-edition-en-france-du-29-aout-au-3-septembre\\\/#respond\"]}]},{\"@type\":\"WebPage\",\"@id\":\"https:\\\/\\\/fr.motocrossmag.be\\\/index.php\\\/2021\\\/12\\\/six-days-enduro-la-96eme-edition-en-france-du-29-aout-au-3-septembre\\\/\",\"url\":\"https:\\\/\\\/fr.motocrossmag.be\\\/index.php\\\/2021\\\/12\\\/six-days-enduro-la-96eme-edition-en-france-du-29-aout-au-3-septembre\\\/\",\"name\":\"Six Days Enduro : la 96\u00e8me \u00e9dition en France du 29 ao\u00fbt au 3 septembre - Motocross - Enduro - Supermoto | MotocrossMag\",\"isPartOf\":{\"@id\":\"https:\\\/\\\/fr.motocrossmag.be\\\/#website\"},\"primaryImageOfPage\":{\"@id\":\"https:\\\/\\\/fr.motocrossmag.be\\\/index.php\\\/2021\\\/12\\\/six-days-enduro-la-96eme-edition-en-france-du-29-aout-au-3-septembre\\\/#primaryimage\"},\"image\":{\"@id\":\"https:\\\/\\\/fr.motocrossmag.be\\\/index.php\\\/2021\\\/12\\\/six-days-enduro-la-96eme-edition-en-france-du-29-aout-au-3-septembre\\\/#primaryimage\"},\"thumbnailUrl\":\"https:\\\/\\\/fr.motocrossmag.be\\\/wp-content\\\/uploads\\\/2021\\\/12\\\/enduro-isde.jpg\",\"datePublished\":\"2021-12-09T11:41:49+00:00\",\"dateModified\":\"2021-12-09T11:42:38+00:00\",\"author\":{\"@id\":\"https:\\\/\\\/fr.motocrossmag.be\\\/#\\\/schema\\\/person\\\/11b47143d9f755babca2c9110e03235c\"},\"breadcrumb\":{\"@id\":\"https:\\\/\\\/fr.motocrossmag.be\\\/index.php\\\/2021\\\/12\\\/six-days-enduro-la-96eme-edition-en-france-du-29-aout-au-3-septembre\\\/#breadcrumb\"},\"inLanguage\":\"fr-FR\",\"potentialAction\":[{\"@type\":\"ReadAction\",\"target\":[\"https:\\\/\\\/fr.motocrossmag.be\\\/index.php\\\/2021\\\/12\\\/six-days-enduro-la-96eme-edition-en-france-du-29-aout-au-3-septembre\\\/\"]}]},{\"@type\":\"ImageObject\",\"inLanguage\":\"fr-FR\",\"@id\":\"https:\\\/\\\/fr.motocrossmag.be\\\/index.php\\\/2021\\\/12\\\/six-days-enduro-la-96eme-edition-en-france-du-29-aout-au-3-septembre\\\/#primaryimage\",\"url\":\"https:\\\/\\\/fr.motocrossmag.be\\\/wp-content\\\/uploads\\\/2021\\\/12\\\/enduro-isde.jpg\",\"contentUrl\":\"https:\\\/\\\/fr.motocrossmag.be\\\/wp-content\\\/uploads\\\/2021\\\/12\\\/enduro-isde.jpg\",\"width\":1000,\"height\":664},{\"@type\":\"BreadcrumbList\",\"@id\":\"https:\\\/\\\/fr.motocrossmag.be\\\/index.php\\\/2021\\\/12\\\/six-days-enduro-la-96eme-edition-en-france-du-29-aout-au-3-septembre\\\/#breadcrumb\",\"itemListElement\":[{\"@type\":\"ListItem\",\"position\":1,\"name\":\"Accueil\",\"item\":\"https:\\\/\\\/fr.motocrossmag.be\\\/\"},{\"@type\":\"ListItem\",\"position\":2,\"name\":\"Six Days Enduro : la 96\u00e8me \u00e9dition en France du 29 ao\u00fbt au 3 septembre\"}]},{\"@type\":\"WebSite\",\"@id\":\"https:\\\/\\\/fr.motocrossmag.be\\\/#website\",\"url\":\"https:\\\/\\\/fr.motocrossmag.be\\\/\",\"name\":\"Motocross - Enduro - Supermoto | MotocrossMag\",\"description\":\"L&#039;actualit\u00e9 du motocross, de l&#039;enduro et du Supermoto en ligne!\",\"potentialAction\":[{\"@type\":\"SearchAction\",\"target\":{\"@type\":\"EntryPoint\",\"urlTemplate\":\"https:\\\/\\\/fr.motocrossmag.be\\\/?s={search_term_string}\"},\"query-input\":{\"@type\":\"PropertyValueSpecification\",\"valueRequired\":true,\"valueName\":\"search_term_string\"}}],\"inLanguage\":\"fr-FR\"},{\"@type\":\"Person\",\"@id\":\"https:\\\/\\\/fr.motocrossmag.be\\\/#\\\/schema\\\/person\\\/11b47143d9f755babca2c9110e03235c\",\"name\":\"oliviere\",\"image\":{\"@type\":\"ImageObject\",\"inLanguage\":\"fr-FR\",\"@id\":\"https:\\\/\\\/secure.gravatar.com\\\/avatar\\\/907069e0b81d119452040469e4a7501da1100f54f7f80180ce77bfab718288f6?s=96&d=mm&r=g\",\"url\":\"https:\\\/\\\/secure.gravatar.com\\\/avatar\\\/907069e0b81d119452040469e4a7501da1100f54f7f80180ce77bfab718288f6?s=96&d=mm&r=g\",\"contentUrl\":\"https:\\\/\\\/secure.gravatar.com\\\/avatar\\\/907069e0b81d119452040469e4a7501da1100f54f7f80180ce77bfab718288f6?s=96&d=mm&r=g\",\"caption\":\"oliviere\"},\"sameAs\":[\"http:\\\/\\\/www.motocrossmag.be\"],\"url\":\"https:\\\/\\\/fr.motocrossmag.be\\\/index.php\\\/author\\\/oliviere\\\/\"}]}<\/script>\n<!-- \/ Yoast SEO plugin. -->","yoast_head_json":{"title":"Six Days Enduro : la 96\u00e8me \u00e9dition en France du 29 ao\u00fbt au 3 septembre - Motocross - Enduro - Supermoto | MotocrossMag","robots":{"index":"index","follow":"follow","max-snippet":"max-snippet:-1","max-image-preview":"max-image-preview:large","max-video-preview":"max-video-preview:-1"},"canonical":"https:\/\/fr.motocrossmag.be\/index.php\/2021\/12\/six-days-enduro-la-96eme-edition-en-france-du-29-aout-au-3-septembre\/","og_locale":"fr_FR","og_type":"article","og_title":"Six Days Enduro : la 96\u00e8me \u00e9dition en France du 29 ao\u00fbt au 3 septembre - Motocross - Enduro - Supermoto | MotocrossMag","og_description":"On savait depuis un moment d\u00e9j\u00e0 que la 96\u00e8me \u00e9dition des Six Jours Internationaux d&rsquo;Enduro se disputerait l&rsquo;\u00e9t\u00e9 prochain en France, en Auvergne, au d\u00e9part de Le Puy en Velay. [...]","og_url":"https:\/\/fr.motocrossmag.be\/index.php\/2021\/12\/six-days-enduro-la-96eme-edition-en-france-du-29-aout-au-3-septembre\/","og_site_name":"Motocross - Enduro - Supermoto | MotocrossMag","article_published_time":"2021-12-09T11:41:49+00:00","article_modified_time":"2021-12-09T11:42:38+00:00","og_image":[{"width":1000,"height":664,"url":"https:\/\/fr.motocrossmag.be\/wp-content\/uploads\/2021\/12\/enduro-isde.jpg","type":"image\/jpeg"}],"author":"oliviere","twitter_card":"summary_large_image","twitter_misc":{"\u00c9crit par":"oliviere","Dur\u00e9e de lecture estim\u00e9e":"1 minute"},"schema":{"@context":"https:\/\/schema.org","@graph":[{"@type":"Article","@id":"https:\/\/fr.motocrossmag.be\/index.php\/2021\/12\/six-days-enduro-la-96eme-edition-en-france-du-29-aout-au-3-septembre\/#article","isPartOf":{"@id":"https:\/\/fr.motocrossmag.be\/index.php\/2021\/12\/six-days-enduro-la-96eme-edition-en-france-du-29-aout-au-3-septembre\/"},"author":{"name":"oliviere","@id":"https:\/\/fr.motocrossmag.be\/#\/schema\/person\/11b47143d9f755babca2c9110e03235c"},"headline":"Six Days Enduro : la 96\u00e8me \u00e9dition en France du 29 ao\u00fbt au 3 septembre","datePublished":"2021-12-09T11:41:49+00:00","dateModified":"2021-12-09T11:42:38+00:00","mainEntityOfPage":{"@id":"https:\/\/fr.motocrossmag.be\/index.php\/2021\/12\/six-days-enduro-la-96eme-edition-en-france-du-29-aout-au-3-septembre\/"},"wordCount":292,"commentCount":0,"image":{"@id":"https:\/\/fr.motocrossmag.be\/index.php\/2021\/12\/six-days-enduro-la-96eme-edition-en-france-du-29-aout-au-3-septembre\/#primaryimage"},"thumbnailUrl":"https:\/\/fr.motocrossmag.be\/wp-content\/uploads\/2021\/12\/enduro-isde.jpg","keywords":["Enduro","endurogp","isde"],"articleSection":["Actualit\u00e9","Calendriers","Enduro","ISDE","News","News","Slideshow"],"inLanguage":"fr-FR","potentialAction":[{"@type":"CommentAction","name":"Comment","target":["https:\/\/fr.motocrossmag.be\/index.php\/2021\/12\/six-days-enduro-la-96eme-edition-en-france-du-29-aout-au-3-septembre\/#respond"]}]},{"@type":"WebPage","@id":"https:\/\/fr.motocrossmag.be\/index.php\/2021\/12\/six-days-enduro-la-96eme-edition-en-france-du-29-aout-au-3-septembre\/","url":"https:\/\/fr.motocrossmag.be\/index.php\/2021\/12\/six-days-enduro-la-96eme-edition-en-france-du-29-aout-au-3-septembre\/","name":"Six Days Enduro : la 96\u00e8me \u00e9dition en France du 29 ao\u00fbt au 3 septembre - Motocross - Enduro - Supermoto | MotocrossMag","isPartOf":{"@id":"https:\/\/fr.motocrossmag.be\/#website"},"primaryImageOfPage":{"@id":"https:\/\/fr.motocrossmag.be\/index.php\/2021\/12\/six-days-enduro-la-96eme-edition-en-france-du-29-aout-au-3-septembre\/#primaryimage"},"image":{"@id":"https:\/\/fr.motocrossmag.be\/index.php\/2021\/12\/six-days-enduro-la-96eme-edition-en-france-du-29-aout-au-3-septembre\/#primaryimage"},"thumbnailUrl":"https:\/\/fr.motocrossmag.be\/wp-content\/uploads\/2021\/12\/enduro-isde.jpg","datePublished":"2021-12-09T11:41:49+00:00","dateModified":"2021-12-09T11:42:38+00:00","author":{"@id":"https:\/\/fr.motocrossmag.be\/#\/schema\/person\/11b47143d9f755babca2c9110e03235c"},"breadcrumb":{"@id":"https:\/\/fr.motocrossmag.be\/index.php\/2021\/12\/six-days-enduro-la-96eme-edition-en-france-du-29-aout-au-3-septembre\/#breadcrumb"},"inLanguage":"fr-FR","potentialAction":[{"@type":"ReadAction","target":["https:\/\/fr.motocrossmag.be\/index.php\/2021\/12\/six-days-enduro-la-96eme-edition-en-france-du-29-aout-au-3-septembre\/"]}]},{"@type":"ImageObject","inLanguage":"fr-FR","@id":"https:\/\/fr.motocrossmag.be\/index.php\/2021\/12\/six-days-enduro-la-96eme-edition-en-france-du-29-aout-au-3-septembre\/#primaryimage","url":"https:\/\/fr.motocrossmag.be\/wp-content\/uploads\/2021\/12\/enduro-isde.jpg","contentUrl":"https:\/\/fr.motocrossmag.be\/wp-content\/uploads\/2021\/12\/enduro-isde.jpg","width":1000,"height":664},{"@type":"BreadcrumbList","@id":"https:\/\/fr.motocrossmag.be\/index.php\/2021\/12\/six-days-enduro-la-96eme-edition-en-france-du-29-aout-au-3-septembre\/#breadcrumb","itemListElement":[{"@type":"ListItem","position":1,"name":"Accueil","item":"https:\/\/fr.motocrossmag.be\/"},{"@type":"ListItem","position":2,"name":"Six Days Enduro : la 96\u00e8me \u00e9dition en France du 29 ao\u00fbt au 3 septembre"}]},{"@type":"WebSite","@id":"https:\/\/fr.motocrossmag.be\/#website","url":"https:\/\/fr.motocrossmag.be\/","name":"Motocross - Enduro - Supermoto | MotocrossMag","description":"L&#039;actualit\u00e9 du motocross, de l&#039;enduro et du Supermoto en ligne!","potentialAction":[{"@type":"SearchAction","target":{"@type":"EntryPoint","urlTemplate":"https:\/\/fr.motocrossmag.be\/?s={search_term_string}"},"query-input":{"@type":"PropertyValueSpecification","valueRequired":true,"valueName":"search_term_string"}}],"inLanguage":"fr-FR"},{"@type":"Person","@id":"https:\/\/fr.motocrossmag.be\/#\/schema\/person\/11b47143d9f755babca2c9110e03235c","name":"oliviere","image":{"@type":"ImageObject","inLanguage":"fr-FR","@id":"https:\/\/secure.gravatar.com\/avatar\/907069e0b81d119452040469e4a7501da1100f54f7f80180ce77bfab718288f6?s=96&d=mm&r=g","url":"https:\/\/secure.gravatar.com\/avatar\/907069e0b81d119452040469e4a7501da1100f54f7f80180ce77bfab718288f6?s=96&d=mm&r=g","contentUrl":"https:\/\/secure.gravatar.com\/avatar\/907069e0b81d119452040469e4a7501da1100f54f7f80180ce77bfab718288f6?s=96&d=mm&r=g","caption":"oliviere"},"sameAs":["http:\/\/www.motocrossmag.be"],"url":"https:\/\/fr.motocrossmag.be\/index.php\/author\/oliviere\/"}]}},"_links":{"self":[{"href":"https:\/\/fr.motocrossmag.be\/index.php\/wp-json\/wp\/v2\/posts\/114258","targetHints":{"allow":["GET"]}}],"collection":[{"href":"https:\/\/fr.motocrossmag.be\/index.php\/wp-json\/wp\/v2\/posts"}],"about":[{"href":"https:\/\/fr.motocrossmag.be\/index.php\/wp-json\/wp\/v2\/types\/post"}],"author":[{"embeddable":true,"href":"https:\/\/fr.motocrossmag.be\/index.php\/wp-json\/wp\/v2\/users\/932"}],"replies":[{"embeddable":true,"href":"https:\/\/fr.motocrossmag.be\/index.php\/wp-json\/wp\/v2\/comments?post=114258"}],"version-history":[{"count":0,"href":"https:\/\/fr.motocrossmag.be\/index.php\/wp-json\/wp\/v2\/posts\/114258\/revisions"}],"wp:featuredmedia":[{"embeddable":true,"href":"https:\/\/fr.motocrossmag.be\/index.php\/wp-json\/wp\/v2\/media\/114259"}],"wp:attachment":[{"href":"https:\/\/fr.motocrossmag.be\/index.php\/wp-json\/wp\/v2\/media?parent=114258"}],"wp:term":[{"taxonomy":"category","embeddable":true,"href":"https:\/\/fr.motocrossmag.be\/index.php\/wp-json\/wp\/v2\/categories?post=114258"},{"taxonomy":"post_tag","embeddable":true,"href":"https:\/\/fr.motocrossmag.be\/index.php\/wp-json\/wp\/v2\/tags?post=114258"}],"curies":[{"name":"wp","href":"https:\/\/api.w.org\/{rel}","templated":true}]}}