{"id":114369,"date":"2021-12-15T11:55:54","date_gmt":"2021-12-15T10:55:54","guid":{"rendered":"http:\/\/fr.motocrossmag.be\/?p=114369"},"modified":"2021-12-15T11:55:54","modified_gmt":"2021-12-15T10:55:54","slug":"photos-malcolm-stewart-et-le-team-husqvarna-factory-prets-pour-louverture-de-la-saison-us","status":"publish","type":"post","link":"https:\/\/fr.motocrossmag.be\/index.php\/2021\/12\/photos-malcolm-stewart-et-le-team-husqvarna-factory-prets-pour-louverture-de-la-saison-us\/","title":{"rendered":"Photos : Malcolm Stewart et le team Husqvarna Factory pr\u00eats pour l&rsquo;ouverture de la saison US"},"content":{"rendered":"<p><strong>La saison US de Supercross d\u00e9butera le 8 janvier prochain. Une ouverture qui marquera aussi le retour de la s\u00e9rie dans le stade d&rsquo;Anaheim, absent du dernier calendrier. Annonc\u00e9e cet \u00e9t\u00e9, l&rsquo;arriv\u00e9e de Malcolm Stewart au sein du team Husqvarna officiel est \u00e9videmment tr\u00e8s attendue. La marque a publi\u00e9 cette semaine les premi\u00e8res images officielles de la star US au guidon de sa nouvelle FC450 \u00ab\u00a0Factory\u00a0\u00bb. Pour la premi\u00e8re fois depuis 2014, Stewart s&rsquo;est engag\u00e9 avec Husqvarna pour une saison compl\u00e8te, il disputera donc le championnat outdoor dans la foul\u00e9e de la saison SX.<\/strong><\/p>\n<p>Ses co\u00e9quipiers sont des habitu\u00e9s de la marque puisque Stewart sera align\u00e9 aux c\u00f4t\u00e9s de Dean Wilson dans la cat\u00e9gorie reine alors que le trio compos\u00e9 par RJ Hampshire, Jalek Swoll et Stilez Robertson d\u00e9fendra les couleurs de la marque en 250.<\/p><div class=\"volkq6a97159fb6161\" ><!-- \/91277017\/Inline-articles-mobile -->\n<div style=\"margin:auto; text-align:center !important\">\n<div id='div-gpt-ad-1784982661365-0' style='min-width: 250px; min-height: 75px;'>\n  <script>\n    googletag.cmd.push(function() { googletag.display('div-gpt-ad-1784982661365-0'); });\n  <\/script>\n<\/div><\/div><\/div><style type=\"text\/css\">\r\n.volkq6a97159fb6161 {\r\nmargin-bottom:30px;margin-top:20px\r\n}\r\n@media screen and (min-width: 1201px) {\r\n.volkq6a97159fb6161 {\r\ndisplay: block;\r\n}\r\n}\r\n@media screen and (min-width: 993px) and (max-width: 1200px) {\r\n.volkq6a97159fb6161 {\r\ndisplay: block;\r\n}\r\n}\r\n@media screen and (min-width: 769px) and (max-width: 992px) {\r\n.volkq6a97159fb6161 {\r\ndisplay: block;\r\n}\r\n}\r\n@media screen and (min-width: 768px) and (max-width: 768px) {\r\n.volkq6a97159fb6161 {\r\ndisplay: block;\r\n}\r\n}\r\n@media screen and (max-width: 767px) {\r\n.volkq6a97159fb6161 {\r\ndisplay: block;\r\n}\r\n}\r\n<\/style>\r\n\n<div id='gallery-1' class='gallery galleryid-114369 gallery-columns-3 gallery-size-thumbnail'><figure class='gallery-item'>\n\t\t\t<div class='gallery-icon landscape'>\n\t\t\t\t<a href='https:\/\/fr.motocrossmag.be\/index.php\/2021\/12\/photos-malcolm-stewart-et-le-team-husqvarna-factory-prets-pour-louverture-de-la-saison-us\/100726_husqvarna-wilson-dec21-cudby-0044\/'><img decoding=\"async\" width=\"250\" height=\"250\" src=\"https:\/\/fr.motocrossmag.be\/wp-content\/uploads\/2021\/12\/100726_HUSQVARNA-WILSON-Dec21-Cudby-0044-250x250.jpg\" class=\"attachment-thumbnail size-thumbnail\" alt=\"\" srcset=\"https:\/\/fr.motocrossmag.be\/wp-content\/uploads\/2021\/12\/100726_HUSQVARNA-WILSON-Dec21-Cudby-0044-250x250.jpg 250w, https:\/\/fr.motocrossmag.be\/wp-content\/uploads\/2021\/12\/100726_HUSQVARNA-WILSON-Dec21-Cudby-0044-50x50.jpg 50w, https:\/\/fr.motocrossmag.be\/wp-content\/uploads\/2021\/12\/100726_HUSQVARNA-WILSON-Dec21-Cudby-0044-150x150.jpg 150w, https:\/\/fr.motocrossmag.be\/wp-content\/uploads\/2021\/12\/100726_HUSQVARNA-WILSON-Dec21-Cudby-0044-45x45.jpg 45w\" sizes=\"(max-width: 250px) 100vw, 250px\" \/><\/a>\n\t\t\t<\/div><\/figure><figure class='gallery-item'>\n\t\t\t<div class='gallery-icon landscape'>\n\t\t\t\t<a href='https:\/\/fr.motocrossmag.be\/index.php\/2021\/12\/photos-malcolm-stewart-et-le-team-husqvarna-factory-prets-pour-louverture-de-la-saison-us\/100701_husqvarna-swoll-dec21-cudby-0072\/'><img decoding=\"async\" width=\"250\" height=\"250\" src=\"https:\/\/fr.motocrossmag.be\/wp-content\/uploads\/2021\/12\/100701_HUSQVARNA-SWOLL-Dec21-Cudby-0072-250x250.jpg\" class=\"attachment-thumbnail size-thumbnail\" alt=\"\" srcset=\"https:\/\/fr.motocrossmag.be\/wp-content\/uploads\/2021\/12\/100701_HUSQVARNA-SWOLL-Dec21-Cudby-0072-250x250.jpg 250w, https:\/\/fr.motocrossmag.be\/wp-content\/uploads\/2021\/12\/100701_HUSQVARNA-SWOLL-Dec21-Cudby-0072-50x50.jpg 50w, https:\/\/fr.motocrossmag.be\/wp-content\/uploads\/2021\/12\/100701_HUSQVARNA-SWOLL-Dec21-Cudby-0072-150x150.jpg 150w, https:\/\/fr.motocrossmag.be\/wp-content\/uploads\/2021\/12\/100701_HUSQVARNA-SWOLL-Dec21-Cudby-0072-45x45.jpg 45w\" sizes=\"(max-width: 250px) 100vw, 250px\" \/><\/a>\n\t\t\t<\/div><\/figure><figure class='gallery-item'>\n\t\t\t<div class='gallery-icon landscape'>\n\t\t\t\t<a href='https:\/\/fr.motocrossmag.be\/index.php\/2021\/12\/photos-malcolm-stewart-et-le-team-husqvarna-factory-prets-pour-louverture-de-la-saison-us\/100696_husqvarna-swoll-dec21-cudby-0051\/'><img decoding=\"async\" width=\"250\" height=\"250\" src=\"https:\/\/fr.motocrossmag.be\/wp-content\/uploads\/2021\/12\/100696_HUSQVARNA-SWOLL-Dec21-Cudby-0051-250x250.jpg\" class=\"attachment-thumbnail size-thumbnail\" alt=\"\" srcset=\"https:\/\/fr.motocrossmag.be\/wp-content\/uploads\/2021\/12\/100696_HUSQVARNA-SWOLL-Dec21-Cudby-0051-250x250.jpg 250w, https:\/\/fr.motocrossmag.be\/wp-content\/uploads\/2021\/12\/100696_HUSQVARNA-SWOLL-Dec21-Cudby-0051-50x50.jpg 50w, https:\/\/fr.motocrossmag.be\/wp-content\/uploads\/2021\/12\/100696_HUSQVARNA-SWOLL-Dec21-Cudby-0051-150x150.jpg 150w, https:\/\/fr.motocrossmag.be\/wp-content\/uploads\/2021\/12\/100696_HUSQVARNA-SWOLL-Dec21-Cudby-0051-45x45.jpg 45w\" sizes=\"(max-width: 250px) 100vw, 250px\" \/><\/a>\n\t\t\t<\/div><\/figure><figure class='gallery-item'>\n\t\t\t<div class='gallery-icon portrait'>\n\t\t\t\t<a href='https:\/\/fr.motocrossmag.be\/index.php\/2021\/12\/photos-malcolm-stewart-et-le-team-husqvarna-factory-prets-pour-louverture-de-la-saison-us\/100687_husqvarna-stewart-dec21-cudby-0111\/'><img decoding=\"async\" width=\"250\" height=\"250\" src=\"https:\/\/fr.motocrossmag.be\/wp-content\/uploads\/2021\/12\/100687_HUSQVARNA-STEWART-Dec21-Cudby-0111-250x250.jpg\" class=\"attachment-thumbnail size-thumbnail\" alt=\"\" srcset=\"https:\/\/fr.motocrossmag.be\/wp-content\/uploads\/2021\/12\/100687_HUSQVARNA-STEWART-Dec21-Cudby-0111-250x250.jpg 250w, https:\/\/fr.motocrossmag.be\/wp-content\/uploads\/2021\/12\/100687_HUSQVARNA-STEWART-Dec21-Cudby-0111-50x50.jpg 50w, https:\/\/fr.motocrossmag.be\/wp-content\/uploads\/2021\/12\/100687_HUSQVARNA-STEWART-Dec21-Cudby-0111-150x150.jpg 150w, https:\/\/fr.motocrossmag.be\/wp-content\/uploads\/2021\/12\/100687_HUSQVARNA-STEWART-Dec21-Cudby-0111-45x45.jpg 45w\" sizes=\"(max-width: 250px) 100vw, 250px\" \/><\/a>\n\t\t\t<\/div><\/figure><figure class='gallery-item'>\n\t\t\t<div class='gallery-icon landscape'>\n\t\t\t\t<a href='https:\/\/fr.motocrossmag.be\/index.php\/2021\/12\/photos-malcolm-stewart-et-le-team-husqvarna-factory-prets-pour-louverture-de-la-saison-us\/100685_husqvarna-stewart-dec21-cudby-0091\/'><img decoding=\"async\" width=\"250\" height=\"250\" src=\"https:\/\/fr.motocrossmag.be\/wp-content\/uploads\/2021\/12\/100685_HUSQVARNA-STEWART-Dec21-Cudby-0091-250x250.jpg\" class=\"attachment-thumbnail size-thumbnail\" alt=\"\" srcset=\"https:\/\/fr.motocrossmag.be\/wp-content\/uploads\/2021\/12\/100685_HUSQVARNA-STEWART-Dec21-Cudby-0091-250x250.jpg 250w, https:\/\/fr.motocrossmag.be\/wp-content\/uploads\/2021\/12\/100685_HUSQVARNA-STEWART-Dec21-Cudby-0091-50x50.jpg 50w, https:\/\/fr.motocrossmag.be\/wp-content\/uploads\/2021\/12\/100685_HUSQVARNA-STEWART-Dec21-Cudby-0091-150x150.jpg 150w, https:\/\/fr.motocrossmag.be\/wp-content\/uploads\/2021\/12\/100685_HUSQVARNA-STEWART-Dec21-Cudby-0091-45x45.jpg 45w\" sizes=\"(max-width: 250px) 100vw, 250px\" \/><\/a>\n\t\t\t<\/div><\/figure><figure class='gallery-item'>\n\t\t\t<div class='gallery-icon landscape'>\n\t\t\t\t<a href='https:\/\/fr.motocrossmag.be\/index.php\/2021\/12\/photos-malcolm-stewart-et-le-team-husqvarna-factory-prets-pour-louverture-de-la-saison-us\/100675_husqvarna-stewart-dec21-cudby-0035\/'><img decoding=\"async\" width=\"250\" height=\"250\" src=\"https:\/\/fr.motocrossmag.be\/wp-content\/uploads\/2021\/12\/100675_HUSQVARNA-STEWART-Dec21-Cudby-0035-250x250.jpg\" class=\"attachment-thumbnail size-thumbnail\" alt=\"\" srcset=\"https:\/\/fr.motocrossmag.be\/wp-content\/uploads\/2021\/12\/100675_HUSQVARNA-STEWART-Dec21-Cudby-0035-250x250.jpg 250w, https:\/\/fr.motocrossmag.be\/wp-content\/uploads\/2021\/12\/100675_HUSQVARNA-STEWART-Dec21-Cudby-0035-50x50.jpg 50w, https:\/\/fr.motocrossmag.be\/wp-content\/uploads\/2021\/12\/100675_HUSQVARNA-STEWART-Dec21-Cudby-0035-150x150.jpg 150w, https:\/\/fr.motocrossmag.be\/wp-content\/uploads\/2021\/12\/100675_HUSQVARNA-STEWART-Dec21-Cudby-0035-45x45.jpg 45w\" sizes=\"(max-width: 250px) 100vw, 250px\" \/><\/a>\n\t\t\t<\/div><\/figure><figure class='gallery-item'>\n\t\t\t<div class='gallery-icon portrait'>\n\t\t\t\t<a href='https:\/\/fr.motocrossmag.be\/index.php\/2021\/12\/photos-malcolm-stewart-et-le-team-husqvarna-factory-prets-pour-louverture-de-la-saison-us\/100674_husqvarna-stewart-dec21-cudby-0029\/'><img decoding=\"async\" width=\"250\" height=\"250\" src=\"https:\/\/fr.motocrossmag.be\/wp-content\/uploads\/2021\/12\/100674_HUSQVARNA-STEWART-Dec21-Cudby-0029-250x250.jpg\" class=\"attachment-thumbnail size-thumbnail\" alt=\"\" srcset=\"https:\/\/fr.motocrossmag.be\/wp-content\/uploads\/2021\/12\/100674_HUSQVARNA-STEWART-Dec21-Cudby-0029-250x250.jpg 250w, https:\/\/fr.motocrossmag.be\/wp-content\/uploads\/2021\/12\/100674_HUSQVARNA-STEWART-Dec21-Cudby-0029-50x50.jpg 50w, https:\/\/fr.motocrossmag.be\/wp-content\/uploads\/2021\/12\/100674_HUSQVARNA-STEWART-Dec21-Cudby-0029-150x150.jpg 150w, https:\/\/fr.motocrossmag.be\/wp-content\/uploads\/2021\/12\/100674_HUSQVARNA-STEWART-Dec21-Cudby-0029-45x45.jpg 45w\" sizes=\"(max-width: 250px) 100vw, 250px\" \/><\/a>\n\t\t\t<\/div><\/figure><figure class='gallery-item'>\n\t\t\t<div class='gallery-icon landscape'>\n\t\t\t\t<a href='https:\/\/fr.motocrossmag.be\/index.php\/2021\/12\/photos-malcolm-stewart-et-le-team-husqvarna-factory-prets-pour-louverture-de-la-saison-us\/100660_husqvarna-robertson-dec21-cudby-0052\/'><img decoding=\"async\" width=\"250\" height=\"250\" src=\"https:\/\/fr.motocrossmag.be\/wp-content\/uploads\/2021\/12\/100660_HUSQVARNA-ROBERTSON-Dec21-Cudby-0052-250x250.jpg\" class=\"attachment-thumbnail size-thumbnail\" alt=\"\" srcset=\"https:\/\/fr.motocrossmag.be\/wp-content\/uploads\/2021\/12\/100660_HUSQVARNA-ROBERTSON-Dec21-Cudby-0052-250x250.jpg 250w, https:\/\/fr.motocrossmag.be\/wp-content\/uploads\/2021\/12\/100660_HUSQVARNA-ROBERTSON-Dec21-Cudby-0052-50x50.jpg 50w, https:\/\/fr.motocrossmag.be\/wp-content\/uploads\/2021\/12\/100660_HUSQVARNA-ROBERTSON-Dec21-Cudby-0052-150x150.jpg 150w, https:\/\/fr.motocrossmag.be\/wp-content\/uploads\/2021\/12\/100660_HUSQVARNA-ROBERTSON-Dec21-Cudby-0052-45x45.jpg 45w\" sizes=\"(max-width: 250px) 100vw, 250px\" \/><\/a>\n\t\t\t<\/div><\/figure><figure class='gallery-item'>\n\t\t\t<div class='gallery-icon landscape'>\n\t\t\t\t<a href='https:\/\/fr.motocrossmag.be\/index.php\/2021\/12\/photos-malcolm-stewart-et-le-team-husqvarna-factory-prets-pour-louverture-de-la-saison-us\/100658_husqvarna-robertson-dec21-cudby-0036\/'><img decoding=\"async\" width=\"250\" height=\"250\" src=\"https:\/\/fr.motocrossmag.be\/wp-content\/uploads\/2021\/12\/100658_HUSQVARNA-ROBERTSON-Dec21-Cudby-0036-250x250.jpg\" class=\"attachment-thumbnail size-thumbnail\" alt=\"\" srcset=\"https:\/\/fr.motocrossmag.be\/wp-content\/uploads\/2021\/12\/100658_HUSQVARNA-ROBERTSON-Dec21-Cudby-0036-250x250.jpg 250w, https:\/\/fr.motocrossmag.be\/wp-content\/uploads\/2021\/12\/100658_HUSQVARNA-ROBERTSON-Dec21-Cudby-0036-50x50.jpg 50w, https:\/\/fr.motocrossmag.be\/wp-content\/uploads\/2021\/12\/100658_HUSQVARNA-ROBERTSON-Dec21-Cudby-0036-150x150.jpg 150w, https:\/\/fr.motocrossmag.be\/wp-content\/uploads\/2021\/12\/100658_HUSQVARNA-ROBERTSON-Dec21-Cudby-0036-45x45.jpg 45w\" sizes=\"(max-width: 250px) 100vw, 250px\" \/><\/a>\n\t\t\t<\/div><\/figure><figure class='gallery-item'>\n\t\t\t<div class='gallery-icon landscape'>\n\t\t\t\t<a href='https:\/\/fr.motocrossmag.be\/index.php\/2021\/12\/photos-malcolm-stewart-et-le-team-husqvarna-factory-prets-pour-louverture-de-la-saison-us\/100656_husqvarna-robertson-dec21-cudby-0028\/'><img decoding=\"async\" width=\"250\" height=\"250\" src=\"https:\/\/fr.motocrossmag.be\/wp-content\/uploads\/2021\/12\/100656_HUSQVARNA-ROBERTSON-Dec21-Cudby-0028-250x250.jpg\" class=\"attachment-thumbnail size-thumbnail\" alt=\"\" srcset=\"https:\/\/fr.motocrossmag.be\/wp-content\/uploads\/2021\/12\/100656_HUSQVARNA-ROBERTSON-Dec21-Cudby-0028-250x250.jpg 250w, https:\/\/fr.motocrossmag.be\/wp-content\/uploads\/2021\/12\/100656_HUSQVARNA-ROBERTSON-Dec21-Cudby-0028-50x50.jpg 50w, https:\/\/fr.motocrossmag.be\/wp-content\/uploads\/2021\/12\/100656_HUSQVARNA-ROBERTSON-Dec21-Cudby-0028-150x150.jpg 150w, https:\/\/fr.motocrossmag.be\/wp-content\/uploads\/2021\/12\/100656_HUSQVARNA-ROBERTSON-Dec21-Cudby-0028-45x45.jpg 45w\" sizes=\"(max-width: 250px) 100vw, 250px\" \/><\/a>\n\t\t\t<\/div><\/figure><figure class='gallery-item'>\n\t\t\t<div class='gallery-icon landscape'>\n\t\t\t\t<a href='https:\/\/fr.motocrossmag.be\/index.php\/2021\/12\/photos-malcolm-stewart-et-le-team-husqvarna-factory-prets-pour-louverture-de-la-saison-us\/100653_husqvarna-misc-dec21-cudby-0201\/'><img decoding=\"async\" width=\"250\" height=\"250\" src=\"https:\/\/fr.motocrossmag.be\/wp-content\/uploads\/2021\/12\/100653_HUSQVARNA-MISC-Dec21-Cudby-0201-250x250.jpg\" class=\"attachment-thumbnail size-thumbnail\" alt=\"\" srcset=\"https:\/\/fr.motocrossmag.be\/wp-content\/uploads\/2021\/12\/100653_HUSQVARNA-MISC-Dec21-Cudby-0201-250x250.jpg 250w, https:\/\/fr.motocrossmag.be\/wp-content\/uploads\/2021\/12\/100653_HUSQVARNA-MISC-Dec21-Cudby-0201-50x50.jpg 50w, https:\/\/fr.motocrossmag.be\/wp-content\/uploads\/2021\/12\/100653_HUSQVARNA-MISC-Dec21-Cudby-0201-150x150.jpg 150w, https:\/\/fr.motocrossmag.be\/wp-content\/uploads\/2021\/12\/100653_HUSQVARNA-MISC-Dec21-Cudby-0201-45x45.jpg 45w\" sizes=\"(max-width: 250px) 100vw, 250px\" \/><\/a>\n\t\t\t<\/div><\/figure><figure class='gallery-item'>\n\t\t\t<div class='gallery-icon landscape'>\n\t\t\t\t<a href='https:\/\/fr.motocrossmag.be\/index.php\/2021\/12\/photos-malcolm-stewart-et-le-team-husqvarna-factory-prets-pour-louverture-de-la-saison-us\/100652_husqvarna-misc-dec21-cudby-0196\/'><img decoding=\"async\" width=\"250\" height=\"250\" src=\"https:\/\/fr.motocrossmag.be\/wp-content\/uploads\/2021\/12\/100652_HUSQVARNA-MISC-Dec21-Cudby-0196-250x250.jpg\" class=\"attachment-thumbnail size-thumbnail\" alt=\"\" srcset=\"https:\/\/fr.motocrossmag.be\/wp-content\/uploads\/2021\/12\/100652_HUSQVARNA-MISC-Dec21-Cudby-0196-250x250.jpg 250w, https:\/\/fr.motocrossmag.be\/wp-content\/uploads\/2021\/12\/100652_HUSQVARNA-MISC-Dec21-Cudby-0196-50x50.jpg 50w, https:\/\/fr.motocrossmag.be\/wp-content\/uploads\/2021\/12\/100652_HUSQVARNA-MISC-Dec21-Cudby-0196-150x150.jpg 150w, https:\/\/fr.motocrossmag.be\/wp-content\/uploads\/2021\/12\/100652_HUSQVARNA-MISC-Dec21-Cudby-0196-45x45.jpg 45w\" sizes=\"(max-width: 250px) 100vw, 250px\" \/><\/a>\n\t\t\t<\/div><\/figure><figure class='gallery-item'>\n\t\t\t<div class='gallery-icon landscape'>\n\t\t\t\t<a href='https:\/\/fr.motocrossmag.be\/index.php\/2021\/12\/photos-malcolm-stewart-et-le-team-husqvarna-factory-prets-pour-louverture-de-la-saison-us\/100649_husqvarna-misc-dec21-cudby-0189\/'><img decoding=\"async\" width=\"250\" height=\"250\" src=\"https:\/\/fr.motocrossmag.be\/wp-content\/uploads\/2021\/12\/100649_HUSQVARNA-MISC-Dec21-Cudby-0189-250x250.jpg\" class=\"attachment-thumbnail size-thumbnail\" alt=\"\" srcset=\"https:\/\/fr.motocrossmag.be\/wp-content\/uploads\/2021\/12\/100649_HUSQVARNA-MISC-Dec21-Cudby-0189-250x250.jpg 250w, https:\/\/fr.motocrossmag.be\/wp-content\/uploads\/2021\/12\/100649_HUSQVARNA-MISC-Dec21-Cudby-0189-50x50.jpg 50w, https:\/\/fr.motocrossmag.be\/wp-content\/uploads\/2021\/12\/100649_HUSQVARNA-MISC-Dec21-Cudby-0189-150x150.jpg 150w, https:\/\/fr.motocrossmag.be\/wp-content\/uploads\/2021\/12\/100649_HUSQVARNA-MISC-Dec21-Cudby-0189-45x45.jpg 45w\" sizes=\"(max-width: 250px) 100vw, 250px\" \/><\/a>\n\t\t\t<\/div><\/figure><figure class='gallery-item'>\n\t\t\t<div class='gallery-icon landscape'>\n\t\t\t\t<a href='https:\/\/fr.motocrossmag.be\/index.php\/2021\/12\/photos-malcolm-stewart-et-le-team-husqvarna-factory-prets-pour-louverture-de-la-saison-us\/100644_husqvarna-misc-dec21-cudby-0161\/'><img decoding=\"async\" width=\"250\" height=\"250\" src=\"https:\/\/fr.motocrossmag.be\/wp-content\/uploads\/2021\/12\/100644_HUSQVARNA-MISC-Dec21-Cudby-0161-250x250.jpg\" class=\"attachment-thumbnail size-thumbnail\" alt=\"\" srcset=\"https:\/\/fr.motocrossmag.be\/wp-content\/uploads\/2021\/12\/100644_HUSQVARNA-MISC-Dec21-Cudby-0161-250x250.jpg 250w, https:\/\/fr.motocrossmag.be\/wp-content\/uploads\/2021\/12\/100644_HUSQVARNA-MISC-Dec21-Cudby-0161-50x50.jpg 50w, https:\/\/fr.motocrossmag.be\/wp-content\/uploads\/2021\/12\/100644_HUSQVARNA-MISC-Dec21-Cudby-0161-150x150.jpg 150w, https:\/\/fr.motocrossmag.be\/wp-content\/uploads\/2021\/12\/100644_HUSQVARNA-MISC-Dec21-Cudby-0161-45x45.jpg 45w\" sizes=\"(max-width: 250px) 100vw, 250px\" \/><\/a>\n\t\t\t<\/div><\/figure><figure class='gallery-item'>\n\t\t\t<div class='gallery-icon landscape'>\n\t\t\t\t<a href='https:\/\/fr.motocrossmag.be\/index.php\/2021\/12\/photos-malcolm-stewart-et-le-team-husqvarna-factory-prets-pour-louverture-de-la-saison-us\/100624_husqvarna-hampshire-dec21-cudby-0086\/'><img decoding=\"async\" width=\"250\" height=\"250\" src=\"https:\/\/fr.motocrossmag.be\/wp-content\/uploads\/2021\/12\/100624_HUSQVARNA-HAMPSHIRE-Dec21-Cudby-0086-250x250.jpg\" class=\"attachment-thumbnail size-thumbnail\" alt=\"\" srcset=\"https:\/\/fr.motocrossmag.be\/wp-content\/uploads\/2021\/12\/100624_HUSQVARNA-HAMPSHIRE-Dec21-Cudby-0086-250x250.jpg 250w, https:\/\/fr.motocrossmag.be\/wp-content\/uploads\/2021\/12\/100624_HUSQVARNA-HAMPSHIRE-Dec21-Cudby-0086-50x50.jpg 50w, https:\/\/fr.motocrossmag.be\/wp-content\/uploads\/2021\/12\/100624_HUSQVARNA-HAMPSHIRE-Dec21-Cudby-0086-150x150.jpg 150w, https:\/\/fr.motocrossmag.be\/wp-content\/uploads\/2021\/12\/100624_HUSQVARNA-HAMPSHIRE-Dec21-Cudby-0086-45x45.jpg 45w\" sizes=\"(max-width: 250px) 100vw, 250px\" \/><\/a>\n\t\t\t<\/div><\/figure><figure class='gallery-item'>\n\t\t\t<div class='gallery-icon landscape'>\n\t\t\t\t<a href='https:\/\/fr.motocrossmag.be\/index.php\/2021\/12\/photos-malcolm-stewart-et-le-team-husqvarna-factory-prets-pour-louverture-de-la-saison-us\/100621_husqvarna-hampshire-dec21-cudby-0071\/'><img decoding=\"async\" width=\"250\" height=\"250\" src=\"https:\/\/fr.motocrossmag.be\/wp-content\/uploads\/2021\/12\/100621_HUSQVARNA-HAMPSHIRE-Dec21-Cudby-0071-250x250.jpg\" class=\"attachment-thumbnail size-thumbnail\" alt=\"\" srcset=\"https:\/\/fr.motocrossmag.be\/wp-content\/uploads\/2021\/12\/100621_HUSQVARNA-HAMPSHIRE-Dec21-Cudby-0071-250x250.jpg 250w, https:\/\/fr.motocrossmag.be\/wp-content\/uploads\/2021\/12\/100621_HUSQVARNA-HAMPSHIRE-Dec21-Cudby-0071-50x50.jpg 50w, https:\/\/fr.motocrossmag.be\/wp-content\/uploads\/2021\/12\/100621_HUSQVARNA-HAMPSHIRE-Dec21-Cudby-0071-150x150.jpg 150w, https:\/\/fr.motocrossmag.be\/wp-content\/uploads\/2021\/12\/100621_HUSQVARNA-HAMPSHIRE-Dec21-Cudby-0071-45x45.jpg 45w\" sizes=\"(max-width: 250px) 100vw, 250px\" \/><\/a>\n\t\t\t<\/div><\/figure><figure class='gallery-item'>\n\t\t\t<div class='gallery-icon landscape'>\n\t\t\t\t<a href='https:\/\/fr.motocrossmag.be\/index.php\/2021\/12\/photos-malcolm-stewart-et-le-team-husqvarna-factory-prets-pour-louverture-de-la-saison-us\/100618_husqvarna-hampshire-dec21-cudby-0065\/'><img decoding=\"async\" width=\"250\" height=\"250\" src=\"https:\/\/fr.motocrossmag.be\/wp-content\/uploads\/2021\/12\/100618_HUSQVARNA-HAMPSHIRE-Dec21-Cudby-0065-250x250.jpg\" class=\"attachment-thumbnail size-thumbnail\" alt=\"\" srcset=\"https:\/\/fr.motocrossmag.be\/wp-content\/uploads\/2021\/12\/100618_HUSQVARNA-HAMPSHIRE-Dec21-Cudby-0065-250x250.jpg 250w, https:\/\/fr.motocrossmag.be\/wp-content\/uploads\/2021\/12\/100618_HUSQVARNA-HAMPSHIRE-Dec21-Cudby-0065-50x50.jpg 50w, https:\/\/fr.motocrossmag.be\/wp-content\/uploads\/2021\/12\/100618_HUSQVARNA-HAMPSHIRE-Dec21-Cudby-0065-150x150.jpg 150w, https:\/\/fr.motocrossmag.be\/wp-content\/uploads\/2021\/12\/100618_HUSQVARNA-HAMPSHIRE-Dec21-Cudby-0065-45x45.jpg 45w\" sizes=\"(max-width: 250px) 100vw, 250px\" \/><\/a>\n\t\t\t<\/div><\/figure><figure class='gallery-item'>\n\t\t\t<div class='gallery-icon landscape'>\n\t\t\t\t<a href='https:\/\/fr.motocrossmag.be\/index.php\/2021\/12\/photos-malcolm-stewart-et-le-team-husqvarna-factory-prets-pour-louverture-de-la-saison-us\/100614_husqvarna-hampshire-dec21-cudby-0041\/'><img decoding=\"async\" width=\"250\" height=\"250\" src=\"https:\/\/fr.motocrossmag.be\/wp-content\/uploads\/2021\/12\/100614_HUSQVARNA-HAMPSHIRE-Dec21-Cudby-0041-250x250.jpg\" class=\"attachment-thumbnail size-thumbnail\" alt=\"\" srcset=\"https:\/\/fr.motocrossmag.be\/wp-content\/uploads\/2021\/12\/100614_HUSQVARNA-HAMPSHIRE-Dec21-Cudby-0041-250x250.jpg 250w, https:\/\/fr.motocrossmag.be\/wp-content\/uploads\/2021\/12\/100614_HUSQVARNA-HAMPSHIRE-Dec21-Cudby-0041-50x50.jpg 50w, https:\/\/fr.motocrossmag.be\/wp-content\/uploads\/2021\/12\/100614_HUSQVARNA-HAMPSHIRE-Dec21-Cudby-0041-150x150.jpg 150w, https:\/\/fr.motocrossmag.be\/wp-content\/uploads\/2021\/12\/100614_HUSQVARNA-HAMPSHIRE-Dec21-Cudby-0041-45x45.jpg 45w\" sizes=\"(max-width: 250px) 100vw, 250px\" \/><\/a>\n\t\t\t<\/div><\/figure><figure class='gallery-item'>\n\t\t\t<div class='gallery-icon landscape'>\n\t\t\t\t<a href='https:\/\/fr.motocrossmag.be\/index.php\/2021\/12\/photos-malcolm-stewart-et-le-team-husqvarna-factory-prets-pour-louverture-de-la-saison-us\/100613_husqvarna-hampshire-dec21-cudby-0031\/'><img decoding=\"async\" width=\"250\" height=\"250\" src=\"https:\/\/fr.motocrossmag.be\/wp-content\/uploads\/2021\/12\/100613_HUSQVARNA-HAMPSHIRE-Dec21-Cudby-0031-250x250.jpg\" class=\"attachment-thumbnail size-thumbnail\" alt=\"\" srcset=\"https:\/\/fr.motocrossmag.be\/wp-content\/uploads\/2021\/12\/100613_HUSQVARNA-HAMPSHIRE-Dec21-Cudby-0031-250x250.jpg 250w, https:\/\/fr.motocrossmag.be\/wp-content\/uploads\/2021\/12\/100613_HUSQVARNA-HAMPSHIRE-Dec21-Cudby-0031-50x50.jpg 50w, https:\/\/fr.motocrossmag.be\/wp-content\/uploads\/2021\/12\/100613_HUSQVARNA-HAMPSHIRE-Dec21-Cudby-0031-150x150.jpg 150w, https:\/\/fr.motocrossmag.be\/wp-content\/uploads\/2021\/12\/100613_HUSQVARNA-HAMPSHIRE-Dec21-Cudby-0031-45x45.jpg 45w\" sizes=\"(max-width: 250px) 100vw, 250px\" \/><\/a>\n\t\t\t<\/div><\/figure><figure class='gallery-item'>\n\t\t\t<div class='gallery-icon landscape'>\n\t\t\t\t<a href='https:\/\/fr.motocrossmag.be\/index.php\/2021\/12\/photos-malcolm-stewart-et-le-team-husqvarna-factory-prets-pour-louverture-de-la-saison-us\/stilez-robertson-fc-250-rockstar-edition002\/'><img decoding=\"async\" width=\"250\" height=\"250\" src=\"https:\/\/fr.motocrossmag.be\/wp-content\/uploads\/2021\/12\/Stilez-Robertson-FC-250-Rockstar-Edition002-250x250.jpg\" class=\"attachment-thumbnail size-thumbnail\" alt=\"\" srcset=\"https:\/\/fr.motocrossmag.be\/wp-content\/uploads\/2021\/12\/Stilez-Robertson-FC-250-Rockstar-Edition002-250x250.jpg 250w, https:\/\/fr.motocrossmag.be\/wp-content\/uploads\/2021\/12\/Stilez-Robertson-FC-250-Rockstar-Edition002-50x50.jpg 50w, https:\/\/fr.motocrossmag.be\/wp-content\/uploads\/2021\/12\/Stilez-Robertson-FC-250-Rockstar-Edition002-150x150.jpg 150w, https:\/\/fr.motocrossmag.be\/wp-content\/uploads\/2021\/12\/Stilez-Robertson-FC-250-Rockstar-Edition002-45x45.jpg 45w\" sizes=\"(max-width: 250px) 100vw, 250px\" \/><\/a>\n\t\t\t<\/div><\/figure><figure class='gallery-item'>\n\t\t\t<div class='gallery-icon landscape'>\n\t\t\t\t<a href='https:\/\/fr.motocrossmag.be\/index.php\/2021\/12\/photos-malcolm-stewart-et-le-team-husqvarna-factory-prets-pour-louverture-de-la-saison-us\/stilez-robertson-fc-250-rockstar-edition\/'><img decoding=\"async\" width=\"250\" height=\"250\" src=\"https:\/\/fr.motocrossmag.be\/wp-content\/uploads\/2021\/12\/Stilez-Robertson-FC-250-Rockstar-Edition-250x250.jpg\" class=\"attachment-thumbnail size-thumbnail\" alt=\"\" srcset=\"https:\/\/fr.motocrossmag.be\/wp-content\/uploads\/2021\/12\/Stilez-Robertson-FC-250-Rockstar-Edition-250x250.jpg 250w, https:\/\/fr.motocrossmag.be\/wp-content\/uploads\/2021\/12\/Stilez-Robertson-FC-250-Rockstar-Edition-50x50.jpg 50w, https:\/\/fr.motocrossmag.be\/wp-content\/uploads\/2021\/12\/Stilez-Robertson-FC-250-Rockstar-Edition-150x150.jpg 150w, https:\/\/fr.motocrossmag.be\/wp-content\/uploads\/2021\/12\/Stilez-Robertson-FC-250-Rockstar-Edition-45x45.jpg 45w\" sizes=\"(max-width: 250px) 100vw, 250px\" \/><\/a>\n\t\t\t<\/div><\/figure><figure class='gallery-item'>\n\t\t\t<div class='gallery-icon landscape'>\n\t\t\t\t<a href='https:\/\/fr.motocrossmag.be\/index.php\/2021\/12\/photos-malcolm-stewart-et-le-team-husqvarna-factory-prets-pour-louverture-de-la-saison-us\/rj-hampshire-fc-250-rockstar-edition002\/'><img decoding=\"async\" width=\"250\" height=\"250\" src=\"https:\/\/fr.motocrossmag.be\/wp-content\/uploads\/2021\/12\/RJ-Hampshire-FC-250-Rockstar-Edition002-250x250.jpg\" class=\"attachment-thumbnail size-thumbnail\" alt=\"\" srcset=\"https:\/\/fr.motocrossmag.be\/wp-content\/uploads\/2021\/12\/RJ-Hampshire-FC-250-Rockstar-Edition002-250x250.jpg 250w, https:\/\/fr.motocrossmag.be\/wp-content\/uploads\/2021\/12\/RJ-Hampshire-FC-250-Rockstar-Edition002-50x50.jpg 50w, https:\/\/fr.motocrossmag.be\/wp-content\/uploads\/2021\/12\/RJ-Hampshire-FC-250-Rockstar-Edition002-150x150.jpg 150w, https:\/\/fr.motocrossmag.be\/wp-content\/uploads\/2021\/12\/RJ-Hampshire-FC-250-Rockstar-Edition002-45x45.jpg 45w\" sizes=\"(max-width: 250px) 100vw, 250px\" \/><\/a>\n\t\t\t<\/div><\/figure><figure class='gallery-item'>\n\t\t\t<div class='gallery-icon landscape'>\n\t\t\t\t<a href='https:\/\/fr.motocrossmag.be\/index.php\/2021\/12\/photos-malcolm-stewart-et-le-team-husqvarna-factory-prets-pour-louverture-de-la-saison-us\/rj-hampshire-fc-250-rockstar-edition\/'><img decoding=\"async\" width=\"250\" height=\"250\" src=\"https:\/\/fr.motocrossmag.be\/wp-content\/uploads\/2021\/12\/RJ-Hampshire-FC-250-Rockstar-Edition-250x250.jpg\" class=\"attachment-thumbnail size-thumbnail\" alt=\"\" srcset=\"https:\/\/fr.motocrossmag.be\/wp-content\/uploads\/2021\/12\/RJ-Hampshire-FC-250-Rockstar-Edition-250x250.jpg 250w, https:\/\/fr.motocrossmag.be\/wp-content\/uploads\/2021\/12\/RJ-Hampshire-FC-250-Rockstar-Edition-50x50.jpg 50w, https:\/\/fr.motocrossmag.be\/wp-content\/uploads\/2021\/12\/RJ-Hampshire-FC-250-Rockstar-Edition-150x150.jpg 150w, https:\/\/fr.motocrossmag.be\/wp-content\/uploads\/2021\/12\/RJ-Hampshire-FC-250-Rockstar-Edition-45x45.jpg 45w\" sizes=\"(max-width: 250px) 100vw, 250px\" \/><\/a>\n\t\t\t<\/div><\/figure><figure class='gallery-item'>\n\t\t\t<div class='gallery-icon landscape'>\n\t\t\t\t<a href='https:\/\/fr.motocrossmag.be\/index.php\/2021\/12\/photos-malcolm-stewart-et-le-team-husqvarna-factory-prets-pour-louverture-de-la-saison-us\/malcolm-stewart-fc-450-rockstar-edition002\/'><img decoding=\"async\" width=\"250\" height=\"250\" src=\"https:\/\/fr.motocrossmag.be\/wp-content\/uploads\/2021\/12\/Malcolm-Stewart-FC-450-Rockstar-Edition002-250x250.jpg\" class=\"attachment-thumbnail size-thumbnail\" alt=\"\" srcset=\"https:\/\/fr.motocrossmag.be\/wp-content\/uploads\/2021\/12\/Malcolm-Stewart-FC-450-Rockstar-Edition002-250x250.jpg 250w, https:\/\/fr.motocrossmag.be\/wp-content\/uploads\/2021\/12\/Malcolm-Stewart-FC-450-Rockstar-Edition002-50x50.jpg 50w, https:\/\/fr.motocrossmag.be\/wp-content\/uploads\/2021\/12\/Malcolm-Stewart-FC-450-Rockstar-Edition002-150x150.jpg 150w, https:\/\/fr.motocrossmag.be\/wp-content\/uploads\/2021\/12\/Malcolm-Stewart-FC-450-Rockstar-Edition002-45x45.jpg 45w\" sizes=\"(max-width: 250px) 100vw, 250px\" \/><\/a>\n\t\t\t<\/div><\/figure><figure class='gallery-item'>\n\t\t\t<div class='gallery-icon landscape'>\n\t\t\t\t<a href='https:\/\/fr.motocrossmag.be\/index.php\/2021\/12\/photos-malcolm-stewart-et-le-team-husqvarna-factory-prets-pour-louverture-de-la-saison-us\/malcolm-stewart-fc-450-rockstar-edition-2\/'><img decoding=\"async\" width=\"250\" height=\"250\" src=\"https:\/\/fr.motocrossmag.be\/wp-content\/uploads\/2021\/12\/Malcolm-Stewart-FC-450-Rockstar-Edition-250x250.jpg\" class=\"attachment-thumbnail size-thumbnail\" alt=\"\" srcset=\"https:\/\/fr.motocrossmag.be\/wp-content\/uploads\/2021\/12\/Malcolm-Stewart-FC-450-Rockstar-Edition-250x250.jpg 250w, https:\/\/fr.motocrossmag.be\/wp-content\/uploads\/2021\/12\/Malcolm-Stewart-FC-450-Rockstar-Edition-50x50.jpg 50w, https:\/\/fr.motocrossmag.be\/wp-content\/uploads\/2021\/12\/Malcolm-Stewart-FC-450-Rockstar-Edition-150x150.jpg 150w, https:\/\/fr.motocrossmag.be\/wp-content\/uploads\/2021\/12\/Malcolm-Stewart-FC-450-Rockstar-Edition-45x45.jpg 45w\" sizes=\"(max-width: 250px) 100vw, 250px\" \/><\/a>\n\t\t\t<\/div><\/figure><figure class='gallery-item'>\n\t\t\t<div class='gallery-icon landscape'>\n\t\t\t\t<a href='https:\/\/fr.motocrossmag.be\/index.php\/2021\/12\/photos-malcolm-stewart-et-le-team-husqvarna-factory-prets-pour-louverture-de-la-saison-us\/jalek-swoll-fc-250-rockstar-edition002\/'><img decoding=\"async\" width=\"250\" height=\"250\" src=\"https:\/\/fr.motocrossmag.be\/wp-content\/uploads\/2021\/12\/Jalek-Swoll-FC-250-Rockstar-Edition002-250x250.jpg\" class=\"attachment-thumbnail size-thumbnail\" alt=\"\" srcset=\"https:\/\/fr.motocrossmag.be\/wp-content\/uploads\/2021\/12\/Jalek-Swoll-FC-250-Rockstar-Edition002-250x250.jpg 250w, https:\/\/fr.motocrossmag.be\/wp-content\/uploads\/2021\/12\/Jalek-Swoll-FC-250-Rockstar-Edition002-50x50.jpg 50w, https:\/\/fr.motocrossmag.be\/wp-content\/uploads\/2021\/12\/Jalek-Swoll-FC-250-Rockstar-Edition002-150x150.jpg 150w, https:\/\/fr.motocrossmag.be\/wp-content\/uploads\/2021\/12\/Jalek-Swoll-FC-250-Rockstar-Edition002-45x45.jpg 45w\" sizes=\"(max-width: 250px) 100vw, 250px\" \/><\/a>\n\t\t\t<\/div><\/figure><figure class='gallery-item'>\n\t\t\t<div class='gallery-icon landscape'>\n\t\t\t\t<a href='https:\/\/fr.motocrossmag.be\/index.php\/2021\/12\/photos-malcolm-stewart-et-le-team-husqvarna-factory-prets-pour-louverture-de-la-saison-us\/jalek-swoll-fc-250-rockstar-edition\/'><img decoding=\"async\" width=\"250\" height=\"250\" src=\"https:\/\/fr.motocrossmag.be\/wp-content\/uploads\/2021\/12\/Jalek-Swoll-FC-250-Rockstar-Edition-250x250.jpg\" class=\"attachment-thumbnail size-thumbnail\" alt=\"\" srcset=\"https:\/\/fr.motocrossmag.be\/wp-content\/uploads\/2021\/12\/Jalek-Swoll-FC-250-Rockstar-Edition-250x250.jpg 250w, https:\/\/fr.motocrossmag.be\/wp-content\/uploads\/2021\/12\/Jalek-Swoll-FC-250-Rockstar-Edition-50x50.jpg 50w, https:\/\/fr.motocrossmag.be\/wp-content\/uploads\/2021\/12\/Jalek-Swoll-FC-250-Rockstar-Edition-150x150.jpg 150w, https:\/\/fr.motocrossmag.be\/wp-content\/uploads\/2021\/12\/Jalek-Swoll-FC-250-Rockstar-Edition-45x45.jpg 45w\" sizes=\"(max-width: 250px) 100vw, 250px\" \/><\/a>\n\t\t\t<\/div><\/figure><figure class='gallery-item'>\n\t\t\t<div class='gallery-icon landscape'>\n\t\t\t\t<a href='https:\/\/fr.motocrossmag.be\/index.php\/2021\/12\/photos-malcolm-stewart-et-le-team-husqvarna-factory-prets-pour-louverture-de-la-saison-us\/dean-wilson-fc-450-rockstar-edition002\/'><img decoding=\"async\" width=\"250\" height=\"250\" src=\"https:\/\/fr.motocrossmag.be\/wp-content\/uploads\/2021\/12\/Dean-Wilson-FC-450-Rockstar-Edition002-250x250.jpg\" class=\"attachment-thumbnail size-thumbnail\" alt=\"\" srcset=\"https:\/\/fr.motocrossmag.be\/wp-content\/uploads\/2021\/12\/Dean-Wilson-FC-450-Rockstar-Edition002-250x250.jpg 250w, https:\/\/fr.motocrossmag.be\/wp-content\/uploads\/2021\/12\/Dean-Wilson-FC-450-Rockstar-Edition002-50x50.jpg 50w, https:\/\/fr.motocrossmag.be\/wp-content\/uploads\/2021\/12\/Dean-Wilson-FC-450-Rockstar-Edition002-150x150.jpg 150w, https:\/\/fr.motocrossmag.be\/wp-content\/uploads\/2021\/12\/Dean-Wilson-FC-450-Rockstar-Edition002-45x45.jpg 45w\" sizes=\"(max-width: 250px) 100vw, 250px\" \/><\/a>\n\t\t\t<\/div><\/figure><figure class='gallery-item'>\n\t\t\t<div class='gallery-icon landscape'>\n\t\t\t\t<a href='https:\/\/fr.motocrossmag.be\/index.php\/2021\/12\/photos-malcolm-stewart-et-le-team-husqvarna-factory-prets-pour-louverture-de-la-saison-us\/dean-wilson-fc-450-rockstar-edition\/'><img decoding=\"async\" width=\"250\" height=\"250\" src=\"https:\/\/fr.motocrossmag.be\/wp-content\/uploads\/2021\/12\/Dean-Wilson-FC-450-Rockstar-Edition-250x250.jpg\" class=\"attachment-thumbnail size-thumbnail\" alt=\"\" srcset=\"https:\/\/fr.motocrossmag.be\/wp-content\/uploads\/2021\/12\/Dean-Wilson-FC-450-Rockstar-Edition-250x250.jpg 250w, https:\/\/fr.motocrossmag.be\/wp-content\/uploads\/2021\/12\/Dean-Wilson-FC-450-Rockstar-Edition-50x50.jpg 50w, https:\/\/fr.motocrossmag.be\/wp-content\/uploads\/2021\/12\/Dean-Wilson-FC-450-Rockstar-Edition-150x150.jpg 150w, https:\/\/fr.motocrossmag.be\/wp-content\/uploads\/2021\/12\/Dean-Wilson-FC-450-Rockstar-Edition-45x45.jpg 45w\" sizes=\"(max-width: 250px) 100vw, 250px\" \/><\/a>\n\t\t\t<\/div><\/figure><figure class='gallery-item'>\n\t\t\t<div class='gallery-icon landscape'>\n\t\t\t\t<a href='https:\/\/fr.motocrossmag.be\/index.php\/2021\/12\/photos-malcolm-stewart-et-le-team-husqvarna-factory-prets-pour-louverture-de-la-saison-us\/rockstar-energy-husqvarna-factory-racing-team-2022\/'><img decoding=\"async\" width=\"250\" height=\"250\" src=\"https:\/\/fr.motocrossmag.be\/wp-content\/uploads\/2021\/12\/Rockstar-Energy-Husqvarna-Factory-Racing-Team-2022-250x250.jpg\" class=\"attachment-thumbnail size-thumbnail\" alt=\"\" srcset=\"https:\/\/fr.motocrossmag.be\/wp-content\/uploads\/2021\/12\/Rockstar-Energy-Husqvarna-Factory-Racing-Team-2022-250x250.jpg 250w, https:\/\/fr.motocrossmag.be\/wp-content\/uploads\/2021\/12\/Rockstar-Energy-Husqvarna-Factory-Racing-Team-2022-50x50.jpg 50w, https:\/\/fr.motocrossmag.be\/wp-content\/uploads\/2021\/12\/Rockstar-Energy-Husqvarna-Factory-Racing-Team-2022-150x150.jpg 150w, https:\/\/fr.motocrossmag.be\/wp-content\/uploads\/2021\/12\/Rockstar-Energy-Husqvarna-Factory-Racing-Team-2022-45x45.jpg 45w\" sizes=\"(max-width: 250px) 100vw, 250px\" \/><\/a>\n\t\t\t<\/div><\/figure>\n\t\t<\/div>\n\n<p>&nbsp;<\/p>\n","protected":false},"excerpt":{"rendered":"<p>La saison US de Supercross d\u00e9butera le 8 janvier prochain. Une ouverture qui marquera aussi le retour de la s\u00e9rie dans le stade d&rsquo;Anaheim, absent du dernier calendrier. Annonc\u00e9e cet \u00e9t\u00e9, l&rsquo;arriv\u00e9e de Malcolm Stewart au sein du team Husqvarna officiel est \u00e9videmment tr\u00e8s attendue. La marque a publi\u00e9 cette semaine les premi\u00e8res images officielles [&hellip;]<\/p>\n","protected":false},"author":932,"featured_media":114394,"comment_status":"open","ping_status":"closed","sticky":false,"template":"","format":"standard","meta":{"tdm_status":"","tdm_grid_status":"","footnotes":""},"categories":[54,4,27,5,55,65],"tags":[147,190,203,116],"class_list":["post-114369","post","type-post","status-publish","format-standard","has-post-thumbnail","category-actualite","category-motocross","category-sx-us","category-news","category-news-actualite","category-slideshow","tag-ama","tag-husqvarna","tag-malcolm-stewart","tag-supercross"],"yoast_head":"<!-- This site is optimized with the Yoast SEO plugin v28.3 - https:\/\/yoast.com\/product\/yoast-seo-wordpress\/ -->\n<title>Photos : Malcolm Stewart et le team Husqvarna Factory pr\u00eats pour l&#039;ouverture de la saison US - Motocross - Enduro - Supermoto | MotocrossMag<\/title>\n<meta name=\"robots\" content=\"index, follow, max-snippet:-1, max-image-preview:large, max-video-preview:-1\" \/>\n<link rel=\"canonical\" href=\"https:\/\/fr.motocrossmag.be\/index.php\/2021\/12\/photos-malcolm-stewart-et-le-team-husqvarna-factory-prets-pour-louverture-de-la-saison-us\/\" \/>\n<meta property=\"og:locale\" content=\"fr_FR\" \/>\n<meta property=\"og:type\" content=\"article\" \/>\n<meta property=\"og:title\" content=\"Photos : Malcolm Stewart et le team Husqvarna Factory pr\u00eats pour l&#039;ouverture de la saison US - Motocross - Enduro - Supermoto | MotocrossMag\" \/>\n<meta property=\"og:description\" content=\"La saison US de Supercross d\u00e9butera le 8 janvier prochain. Une ouverture qui marquera aussi le retour de la s\u00e9rie dans le stade d&rsquo;Anaheim, absent du dernier calendrier. Annonc\u00e9e cet \u00e9t\u00e9, l&rsquo;arriv\u00e9e de Malcolm Stewart au sein du team Husqvarna officiel est \u00e9videmment tr\u00e8s attendue. La marque a publi\u00e9 cette semaine les premi\u00e8res images officielles [&hellip;]\" \/>\n<meta property=\"og:url\" content=\"https:\/\/fr.motocrossmag.be\/index.php\/2021\/12\/photos-malcolm-stewart-et-le-team-husqvarna-factory-prets-pour-louverture-de-la-saison-us\/\" \/>\n<meta property=\"og:site_name\" content=\"Motocross - Enduro - Supermoto | MotocrossMag\" \/>\n<meta property=\"article:published_time\" content=\"2021-12-15T10:55:54+00:00\" \/>\n<meta property=\"og:image\" content=\"https:\/\/fr.motocrossmag.be\/wp-content\/uploads\/2021\/12\/100675_HUSQVARNA-STEWART-Dec21-Cudby-0035.jpg\" \/>\n\t<meta property=\"og:image:width\" content=\"1000\" \/>\n\t<meta property=\"og:image:height\" content=\"666\" \/>\n\t<meta property=\"og:image:type\" content=\"image\/jpeg\" \/>\n<meta name=\"author\" content=\"oliviere\" \/>\n<meta name=\"twitter:card\" content=\"summary_large_image\" \/>\n<meta name=\"twitter:label1\" content=\"\u00c9crit par\" \/>\n\t<meta name=\"twitter:data1\" content=\"oliviere\" \/>\n\t<meta name=\"twitter:label2\" content=\"Dur\u00e9e de lecture estim\u00e9e\" \/>\n\t<meta name=\"twitter:data2\" content=\"1 minute\" \/>\n<script type=\"application\/ld+json\" class=\"yoast-schema-graph\">{\"@context\":\"https:\\\/\\\/schema.org\",\"@graph\":[{\"@type\":\"Article\",\"@id\":\"https:\\\/\\\/fr.motocrossmag.be\\\/index.php\\\/2021\\\/12\\\/photos-malcolm-stewart-et-le-team-husqvarna-factory-prets-pour-louverture-de-la-saison-us\\\/#article\",\"isPartOf\":{\"@id\":\"https:\\\/\\\/fr.motocrossmag.be\\\/index.php\\\/2021\\\/12\\\/photos-malcolm-stewart-et-le-team-husqvarna-factory-prets-pour-louverture-de-la-saison-us\\\/\"},\"author\":{\"name\":\"oliviere\",\"@id\":\"https:\\\/\\\/fr.motocrossmag.be\\\/#\\\/schema\\\/person\\\/11b47143d9f755babca2c9110e03235c\"},\"headline\":\"Photos : Malcolm Stewart et le team Husqvarna Factory pr\u00eats pour l&rsquo;ouverture de la saison US\",\"datePublished\":\"2021-12-15T10:55:54+00:00\",\"mainEntityOfPage\":{\"@id\":\"https:\\\/\\\/fr.motocrossmag.be\\\/index.php\\\/2021\\\/12\\\/photos-malcolm-stewart-et-le-team-husqvarna-factory-prets-pour-louverture-de-la-saison-us\\\/\"},\"wordCount\":171,\"commentCount\":0,\"image\":{\"@id\":\"https:\\\/\\\/fr.motocrossmag.be\\\/index.php\\\/2021\\\/12\\\/photos-malcolm-stewart-et-le-team-husqvarna-factory-prets-pour-louverture-de-la-saison-us\\\/#primaryimage\"},\"thumbnailUrl\":\"https:\\\/\\\/fr.motocrossmag.be\\\/wp-content\\\/uploads\\\/2021\\\/12\\\/100675_HUSQVARNA-STEWART-Dec21-Cudby-0035.jpg\",\"keywords\":[\"AMA\",\"Husqvarna\",\"Malcolm Stewart\",\"Supercross\"],\"articleSection\":[\"Actualit\u00e9\",\"Motocross\",\"MX\\\/SX US\",\"News\",\"News\",\"Slideshow\"],\"inLanguage\":\"fr-FR\",\"potentialAction\":[{\"@type\":\"CommentAction\",\"name\":\"Comment\",\"target\":[\"https:\\\/\\\/fr.motocrossmag.be\\\/index.php\\\/2021\\\/12\\\/photos-malcolm-stewart-et-le-team-husqvarna-factory-prets-pour-louverture-de-la-saison-us\\\/#respond\"]}]},{\"@type\":\"WebPage\",\"@id\":\"https:\\\/\\\/fr.motocrossmag.be\\\/index.php\\\/2021\\\/12\\\/photos-malcolm-stewart-et-le-team-husqvarna-factory-prets-pour-louverture-de-la-saison-us\\\/\",\"url\":\"https:\\\/\\\/fr.motocrossmag.be\\\/index.php\\\/2021\\\/12\\\/photos-malcolm-stewart-et-le-team-husqvarna-factory-prets-pour-louverture-de-la-saison-us\\\/\",\"name\":\"Photos : Malcolm Stewart et le team Husqvarna Factory pr\u00eats pour l'ouverture de la saison US - Motocross - Enduro - Supermoto | MotocrossMag\",\"isPartOf\":{\"@id\":\"https:\\\/\\\/fr.motocrossmag.be\\\/#website\"},\"primaryImageOfPage\":{\"@id\":\"https:\\\/\\\/fr.motocrossmag.be\\\/index.php\\\/2021\\\/12\\\/photos-malcolm-stewart-et-le-team-husqvarna-factory-prets-pour-louverture-de-la-saison-us\\\/#primaryimage\"},\"image\":{\"@id\":\"https:\\\/\\\/fr.motocrossmag.be\\\/index.php\\\/2021\\\/12\\\/photos-malcolm-stewart-et-le-team-husqvarna-factory-prets-pour-louverture-de-la-saison-us\\\/#primaryimage\"},\"thumbnailUrl\":\"https:\\\/\\\/fr.motocrossmag.be\\\/wp-content\\\/uploads\\\/2021\\\/12\\\/100675_HUSQVARNA-STEWART-Dec21-Cudby-0035.jpg\",\"datePublished\":\"2021-12-15T10:55:54+00:00\",\"author\":{\"@id\":\"https:\\\/\\\/fr.motocrossmag.be\\\/#\\\/schema\\\/person\\\/11b47143d9f755babca2c9110e03235c\"},\"breadcrumb\":{\"@id\":\"https:\\\/\\\/fr.motocrossmag.be\\\/index.php\\\/2021\\\/12\\\/photos-malcolm-stewart-et-le-team-husqvarna-factory-prets-pour-louverture-de-la-saison-us\\\/#breadcrumb\"},\"inLanguage\":\"fr-FR\",\"potentialAction\":[{\"@type\":\"ReadAction\",\"target\":[\"https:\\\/\\\/fr.motocrossmag.be\\\/index.php\\\/2021\\\/12\\\/photos-malcolm-stewart-et-le-team-husqvarna-factory-prets-pour-louverture-de-la-saison-us\\\/\"]}]},{\"@type\":\"ImageObject\",\"inLanguage\":\"fr-FR\",\"@id\":\"https:\\\/\\\/fr.motocrossmag.be\\\/index.php\\\/2021\\\/12\\\/photos-malcolm-stewart-et-le-team-husqvarna-factory-prets-pour-louverture-de-la-saison-us\\\/#primaryimage\",\"url\":\"https:\\\/\\\/fr.motocrossmag.be\\\/wp-content\\\/uploads\\\/2021\\\/12\\\/100675_HUSQVARNA-STEWART-Dec21-Cudby-0035.jpg\",\"contentUrl\":\"https:\\\/\\\/fr.motocrossmag.be\\\/wp-content\\\/uploads\\\/2021\\\/12\\\/100675_HUSQVARNA-STEWART-Dec21-Cudby-0035.jpg\",\"width\":1000,\"height\":666},{\"@type\":\"BreadcrumbList\",\"@id\":\"https:\\\/\\\/fr.motocrossmag.be\\\/index.php\\\/2021\\\/12\\\/photos-malcolm-stewart-et-le-team-husqvarna-factory-prets-pour-louverture-de-la-saison-us\\\/#breadcrumb\",\"itemListElement\":[{\"@type\":\"ListItem\",\"position\":1,\"name\":\"Accueil\",\"item\":\"https:\\\/\\\/fr.motocrossmag.be\\\/\"},{\"@type\":\"ListItem\",\"position\":2,\"name\":\"Photos : Malcolm Stewart et le team Husqvarna Factory pr\u00eats pour l&rsquo;ouverture de la saison US\"}]},{\"@type\":\"WebSite\",\"@id\":\"https:\\\/\\\/fr.motocrossmag.be\\\/#website\",\"url\":\"https:\\\/\\\/fr.motocrossmag.be\\\/\",\"name\":\"Motocross - Enduro - Supermoto | MotocrossMag\",\"description\":\"L&#039;actualit\u00e9 du motocross, de l&#039;enduro et du Supermoto en ligne!\",\"potentialAction\":[{\"@type\":\"SearchAction\",\"target\":{\"@type\":\"EntryPoint\",\"urlTemplate\":\"https:\\\/\\\/fr.motocrossmag.be\\\/?s={search_term_string}\"},\"query-input\":{\"@type\":\"PropertyValueSpecification\",\"valueRequired\":true,\"valueName\":\"search_term_string\"}}],\"inLanguage\":\"fr-FR\"},{\"@type\":\"Person\",\"@id\":\"https:\\\/\\\/fr.motocrossmag.be\\\/#\\\/schema\\\/person\\\/11b47143d9f755babca2c9110e03235c\",\"name\":\"oliviere\",\"image\":{\"@type\":\"ImageObject\",\"inLanguage\":\"fr-FR\",\"@id\":\"https:\\\/\\\/secure.gravatar.com\\\/avatar\\\/907069e0b81d119452040469e4a7501da1100f54f7f80180ce77bfab718288f6?s=96&d=mm&r=g\",\"url\":\"https:\\\/\\\/secure.gravatar.com\\\/avatar\\\/907069e0b81d119452040469e4a7501da1100f54f7f80180ce77bfab718288f6?s=96&d=mm&r=g\",\"contentUrl\":\"https:\\\/\\\/secure.gravatar.com\\\/avatar\\\/907069e0b81d119452040469e4a7501da1100f54f7f80180ce77bfab718288f6?s=96&d=mm&r=g\",\"caption\":\"oliviere\"},\"sameAs\":[\"http:\\\/\\\/www.motocrossmag.be\"],\"url\":\"https:\\\/\\\/fr.motocrossmag.be\\\/index.php\\\/author\\\/oliviere\\\/\"}]}<\/script>\n<!-- \/ Yoast SEO plugin. -->","yoast_head_json":{"title":"Photos : Malcolm Stewart et le team Husqvarna Factory pr\u00eats pour l'ouverture de la saison US - Motocross - Enduro - Supermoto | MotocrossMag","robots":{"index":"index","follow":"follow","max-snippet":"max-snippet:-1","max-image-preview":"max-image-preview:large","max-video-preview":"max-video-preview:-1"},"canonical":"https:\/\/fr.motocrossmag.be\/index.php\/2021\/12\/photos-malcolm-stewart-et-le-team-husqvarna-factory-prets-pour-louverture-de-la-saison-us\/","og_locale":"fr_FR","og_type":"article","og_title":"Photos : Malcolm Stewart et le team Husqvarna Factory pr\u00eats pour l'ouverture de la saison US - Motocross - Enduro - Supermoto | MotocrossMag","og_description":"La saison US de Supercross d\u00e9butera le 8 janvier prochain. Une ouverture qui marquera aussi le retour de la s\u00e9rie dans le stade d&rsquo;Anaheim, absent du dernier calendrier. Annonc\u00e9e cet \u00e9t\u00e9, l&rsquo;arriv\u00e9e de Malcolm Stewart au sein du team Husqvarna officiel est \u00e9videmment tr\u00e8s attendue. La marque a publi\u00e9 cette semaine les premi\u00e8res images officielles [&hellip;]","og_url":"https:\/\/fr.motocrossmag.be\/index.php\/2021\/12\/photos-malcolm-stewart-et-le-team-husqvarna-factory-prets-pour-louverture-de-la-saison-us\/","og_site_name":"Motocross - Enduro - Supermoto | MotocrossMag","article_published_time":"2021-12-15T10:55:54+00:00","og_image":[{"width":1000,"height":666,"url":"https:\/\/fr.motocrossmag.be\/wp-content\/uploads\/2021\/12\/100675_HUSQVARNA-STEWART-Dec21-Cudby-0035.jpg","type":"image\/jpeg"}],"author":"oliviere","twitter_card":"summary_large_image","twitter_misc":{"\u00c9crit par":"oliviere","Dur\u00e9e de lecture estim\u00e9e":"1 minute"},"schema":{"@context":"https:\/\/schema.org","@graph":[{"@type":"Article","@id":"https:\/\/fr.motocrossmag.be\/index.php\/2021\/12\/photos-malcolm-stewart-et-le-team-husqvarna-factory-prets-pour-louverture-de-la-saison-us\/#article","isPartOf":{"@id":"https:\/\/fr.motocrossmag.be\/index.php\/2021\/12\/photos-malcolm-stewart-et-le-team-husqvarna-factory-prets-pour-louverture-de-la-saison-us\/"},"author":{"name":"oliviere","@id":"https:\/\/fr.motocrossmag.be\/#\/schema\/person\/11b47143d9f755babca2c9110e03235c"},"headline":"Photos : Malcolm Stewart et le team Husqvarna Factory pr\u00eats pour l&rsquo;ouverture de la saison US","datePublished":"2021-12-15T10:55:54+00:00","mainEntityOfPage":{"@id":"https:\/\/fr.motocrossmag.be\/index.php\/2021\/12\/photos-malcolm-stewart-et-le-team-husqvarna-factory-prets-pour-louverture-de-la-saison-us\/"},"wordCount":171,"commentCount":0,"image":{"@id":"https:\/\/fr.motocrossmag.be\/index.php\/2021\/12\/photos-malcolm-stewart-et-le-team-husqvarna-factory-prets-pour-louverture-de-la-saison-us\/#primaryimage"},"thumbnailUrl":"https:\/\/fr.motocrossmag.be\/wp-content\/uploads\/2021\/12\/100675_HUSQVARNA-STEWART-Dec21-Cudby-0035.jpg","keywords":["AMA","Husqvarna","Malcolm Stewart","Supercross"],"articleSection":["Actualit\u00e9","Motocross","MX\/SX US","News","News","Slideshow"],"inLanguage":"fr-FR","potentialAction":[{"@type":"CommentAction","name":"Comment","target":["https:\/\/fr.motocrossmag.be\/index.php\/2021\/12\/photos-malcolm-stewart-et-le-team-husqvarna-factory-prets-pour-louverture-de-la-saison-us\/#respond"]}]},{"@type":"WebPage","@id":"https:\/\/fr.motocrossmag.be\/index.php\/2021\/12\/photos-malcolm-stewart-et-le-team-husqvarna-factory-prets-pour-louverture-de-la-saison-us\/","url":"https:\/\/fr.motocrossmag.be\/index.php\/2021\/12\/photos-malcolm-stewart-et-le-team-husqvarna-factory-prets-pour-louverture-de-la-saison-us\/","name":"Photos : Malcolm Stewart et le team Husqvarna Factory pr\u00eats pour l'ouverture de la saison US - Motocross - Enduro - Supermoto | MotocrossMag","isPartOf":{"@id":"https:\/\/fr.motocrossmag.be\/#website"},"primaryImageOfPage":{"@id":"https:\/\/fr.motocrossmag.be\/index.php\/2021\/12\/photos-malcolm-stewart-et-le-team-husqvarna-factory-prets-pour-louverture-de-la-saison-us\/#primaryimage"},"image":{"@id":"https:\/\/fr.motocrossmag.be\/index.php\/2021\/12\/photos-malcolm-stewart-et-le-team-husqvarna-factory-prets-pour-louverture-de-la-saison-us\/#primaryimage"},"thumbnailUrl":"https:\/\/fr.motocrossmag.be\/wp-content\/uploads\/2021\/12\/100675_HUSQVARNA-STEWART-Dec21-Cudby-0035.jpg","datePublished":"2021-12-15T10:55:54+00:00","author":{"@id":"https:\/\/fr.motocrossmag.be\/#\/schema\/person\/11b47143d9f755babca2c9110e03235c"},"breadcrumb":{"@id":"https:\/\/fr.motocrossmag.be\/index.php\/2021\/12\/photos-malcolm-stewart-et-le-team-husqvarna-factory-prets-pour-louverture-de-la-saison-us\/#breadcrumb"},"inLanguage":"fr-FR","potentialAction":[{"@type":"ReadAction","target":["https:\/\/fr.motocrossmag.be\/index.php\/2021\/12\/photos-malcolm-stewart-et-le-team-husqvarna-factory-prets-pour-louverture-de-la-saison-us\/"]}]},{"@type":"ImageObject","inLanguage":"fr-FR","@id":"https:\/\/fr.motocrossmag.be\/index.php\/2021\/12\/photos-malcolm-stewart-et-le-team-husqvarna-factory-prets-pour-louverture-de-la-saison-us\/#primaryimage","url":"https:\/\/fr.motocrossmag.be\/wp-content\/uploads\/2021\/12\/100675_HUSQVARNA-STEWART-Dec21-Cudby-0035.jpg","contentUrl":"https:\/\/fr.motocrossmag.be\/wp-content\/uploads\/2021\/12\/100675_HUSQVARNA-STEWART-Dec21-Cudby-0035.jpg","width":1000,"height":666},{"@type":"BreadcrumbList","@id":"https:\/\/fr.motocrossmag.be\/index.php\/2021\/12\/photos-malcolm-stewart-et-le-team-husqvarna-factory-prets-pour-louverture-de-la-saison-us\/#breadcrumb","itemListElement":[{"@type":"ListItem","position":1,"name":"Accueil","item":"https:\/\/fr.motocrossmag.be\/"},{"@type":"ListItem","position":2,"name":"Photos : Malcolm Stewart et le team Husqvarna Factory pr\u00eats pour l&rsquo;ouverture de la saison US"}]},{"@type":"WebSite","@id":"https:\/\/fr.motocrossmag.be\/#website","url":"https:\/\/fr.motocrossmag.be\/","name":"Motocross - Enduro - Supermoto | MotocrossMag","description":"L&#039;actualit\u00e9 du motocross, de l&#039;enduro et du Supermoto en ligne!","potentialAction":[{"@type":"SearchAction","target":{"@type":"EntryPoint","urlTemplate":"https:\/\/fr.motocrossmag.be\/?s={search_term_string}"},"query-input":{"@type":"PropertyValueSpecification","valueRequired":true,"valueName":"search_term_string"}}],"inLanguage":"fr-FR"},{"@type":"Person","@id":"https:\/\/fr.motocrossmag.be\/#\/schema\/person\/11b47143d9f755babca2c9110e03235c","name":"oliviere","image":{"@type":"ImageObject","inLanguage":"fr-FR","@id":"https:\/\/secure.gravatar.com\/avatar\/907069e0b81d119452040469e4a7501da1100f54f7f80180ce77bfab718288f6?s=96&d=mm&r=g","url":"https:\/\/secure.gravatar.com\/avatar\/907069e0b81d119452040469e4a7501da1100f54f7f80180ce77bfab718288f6?s=96&d=mm&r=g","contentUrl":"https:\/\/secure.gravatar.com\/avatar\/907069e0b81d119452040469e4a7501da1100f54f7f80180ce77bfab718288f6?s=96&d=mm&r=g","caption":"oliviere"},"sameAs":["http:\/\/www.motocrossmag.be"],"url":"https:\/\/fr.motocrossmag.be\/index.php\/author\/oliviere\/"}]}},"_links":{"self":[{"href":"https:\/\/fr.motocrossmag.be\/index.php\/wp-json\/wp\/v2\/posts\/114369","targetHints":{"allow":["GET"]}}],"collection":[{"href":"https:\/\/fr.motocrossmag.be\/index.php\/wp-json\/wp\/v2\/posts"}],"about":[{"href":"https:\/\/fr.motocrossmag.be\/index.php\/wp-json\/wp\/v2\/types\/post"}],"author":[{"embeddable":true,"href":"https:\/\/fr.motocrossmag.be\/index.php\/wp-json\/wp\/v2\/users\/932"}],"replies":[{"embeddable":true,"href":"https:\/\/fr.motocrossmag.be\/index.php\/wp-json\/wp\/v2\/comments?post=114369"}],"version-history":[{"count":0,"href":"https:\/\/fr.motocrossmag.be\/index.php\/wp-json\/wp\/v2\/posts\/114369\/revisions"}],"wp:featuredmedia":[{"embeddable":true,"href":"https:\/\/fr.motocrossmag.be\/index.php\/wp-json\/wp\/v2\/media\/114394"}],"wp:attachment":[{"href":"https:\/\/fr.motocrossmag.be\/index.php\/wp-json\/wp\/v2\/media?parent=114369"}],"wp:term":[{"taxonomy":"category","embeddable":true,"href":"https:\/\/fr.motocrossmag.be\/index.php\/wp-json\/wp\/v2\/categories?post=114369"},{"taxonomy":"post_tag","embeddable":true,"href":"https:\/\/fr.motocrossmag.be\/index.php\/wp-json\/wp\/v2\/tags?post=114369"}],"curies":[{"name":"wp","href":"https:\/\/api.w.org\/{rel}","templated":true}]}}