{"id":114439,"date":"2021-12-18T15:52:14","date_gmt":"2021-12-18T14:52:14","guid":{"rendered":"http:\/\/fr.motocrossmag.be\/?p=114439"},"modified":"2021-12-18T15:52:14","modified_gmt":"2021-12-18T14:52:14","slug":"au-revoir-et-merci-leon","status":"publish","type":"post","link":"https:\/\/fr.motocrossmag.be\/index.php\/2021\/12\/au-revoir-et-merci-leon\/","title":{"rendered":"Au revoir et merci, L\u00e9on !"},"content":{"rendered":"<p><strong>C&rsquo;est une de ses grandes figures que le sport motocycliste a perdu mardi dernier. Ce 14 d\u00e9cembre, L\u00e9on Crosset s&rsquo;en est all\u00e9. Ses fun\u00e9railles ont eu lieu ce samedi matin \u00e0 Bilstain.<\/strong><\/p>\n<p>Visionnaire, entrepreneur, organisateur,&#8230; les qualificatifs ne manquent pas pour d\u00e9crire L\u00e9on Crosset. L&rsquo;homme \u00e0 la t\u00eate du domaine de Bilstain d\u00e9bordait d&rsquo;id\u00e9es. Son caract\u00e8re bien tremp\u00e9,son franc-parler, sa volont\u00e9 sans limite et son esprit d&rsquo;entreprise aiguis\u00e9 lui ont permis de d\u00e9placer des montagnes pendant des d\u00e9cennies, contribuant ainsi \u00e0 \u00e9crire quelques unes des plus belles pages de l&rsquo;histoire du sport motocycliste en belgique. Enduro, motocross, trial, supermoto : autant de disciplines dans lesquelles L\u00e9on et son \u00e9quipe du Royal Dison Moto Club ont \u00e9t\u00e9 actifs, cherchant sans cesse \u00e0 innover, \u00e0 perfectionner leurs organisations pour proposer aux pilotes comme au public des \u00e9v\u00e9nements de qualit\u00e9.<\/p>\n<p><img decoding=\"async\" class=\"lazyload alignnone size-medium wp-image-47914\" src=\"http:\/\/fr.motocrossmag.be\/wp-content\/uploads\/2016\/06\/Supermoto_bilstain_IMG_7725-650x433.jpg\" data-orig-src=\"http:\/\/fr.motocrossmag.be\/wp-content\/uploads\/2016\/06\/Supermoto_bilstain_IMG_7725-650x433.jpg\" alt=\"\" width=\"650\" height=\"433\" srcset=\"data:image\/svg+xml,%3Csvg%20xmlns%3D%27http%3A%2F%2Fwww.w3.org%2F2000%2Fsvg%27%20width%3D%27650%27%20height%3D%27433%27%20viewBox%3D%270%200%20650%20433%27%3E%3Crect%20width%3D%27650%27%20height%3D%27433%27%20fill-opacity%3D%220%22%2F%3E%3C%2Fsvg%3E\" data-srcset=\"https:\/\/fr.motocrossmag.be\/wp-content\/uploads\/2016\/06\/Supermoto_bilstain_IMG_7725-650x433.jpg 650w, https:\/\/fr.motocrossmag.be\/wp-content\/uploads\/2016\/06\/Supermoto_bilstain_IMG_7725-1024x683.jpg 1024w, https:\/\/fr.motocrossmag.be\/wp-content\/uploads\/2016\/06\/Supermoto_bilstain_IMG_7725.jpg 1200w\" data-sizes=\"auto\" data-orig-sizes=\"(max-width: 650px) 100vw, 650px\" \/><\/p>\n<p>Les habitu\u00e9s du domaine de Bilstain le savent : jusqu&rsquo;il y a peu, il \u00e9tait difficile de se rendre au domaine sans y croiser L\u00e9on, toujours occup\u00e9 \u00e0 veiller au bon fonctionnement du lieu d\u00e9di\u00e9 \u00e0 la pratique de la moto tout-terrain, sans cesse attentif au moindre d\u00e9tail qui aurait pu m\u00e9riter une am\u00e9lioration. Un perfectionnisme et un d\u00e9vouement pour le sport qui ont valu au domaine de se cr\u00e9er une r\u00e9putation bien au-del\u00e0 de nos fronti\u00e8res.<\/p>\n<p><img decoding=\"async\" class=\"lazyload alignnone size-full wp-image-47900\" src=\"http:\/\/fr.motocrossmag.be\/wp-content\/uploads\/2016\/06\/Supermoto_bilstain_IMG_7317.jpg\" data-orig-src=\"http:\/\/fr.motocrossmag.be\/wp-content\/uploads\/2016\/06\/Supermoto_bilstain_IMG_7317.jpg\" alt=\"\" width=\"1200\" height=\"800\" srcset=\"data:image\/svg+xml,%3Csvg%20xmlns%3D%27http%3A%2F%2Fwww.w3.org%2F2000%2Fsvg%27%20width%3D%271200%27%20height%3D%27800%27%20viewBox%3D%270%200%201200%20800%27%3E%3Crect%20width%3D%271200%27%20height%3D%27800%27%20fill-opacity%3D%220%22%2F%3E%3C%2Fsvg%3E\" data-srcset=\"https:\/\/fr.motocrossmag.be\/wp-content\/uploads\/2016\/06\/Supermoto_bilstain_IMG_7317-650x433.jpg 650w, https:\/\/fr.motocrossmag.be\/wp-content\/uploads\/2016\/06\/Supermoto_bilstain_IMG_7317-1024x683.jpg 1024w, https:\/\/fr.motocrossmag.be\/wp-content\/uploads\/2016\/06\/Supermoto_bilstain_IMG_7317.jpg 1200w\" data-sizes=\"auto\" data-orig-sizes=\"(max-width: 1200px) 100vw, 1200px\" \/><\/p>\n<p>En marge d&rsquo;une vie professionnelle bien remplie et de son implication sans limite pour le motocyclisme, L\u00e9on Crosset \u00e9tait aussi actif dans le monde du football. L\u00e0, c&rsquo;est l&rsquo;Etoile Elsautoise qui pleure l&rsquo;un des hommes qui a jou\u00e9 un r\u00f4le majeur dans le d\u00e9veloppement du club.<\/p>\n<p>A 88 ans, L\u00e9on Crosset a tir\u00e9 sa r\u00e9v\u00e9rence, arriv\u00e9 au terme d&rsquo;une vie exceptionnellement remplie. Au revoir et merci pour tout, L\u00e9on !<\/p>\n","protected":false},"excerpt":{"rendered":"<p>C&rsquo;est une de ses grandes figures que le sport motocycliste a perdu mardi dernier. Ce 14 d\u00e9cembre, L\u00e9on Crosset s&rsquo;en est all\u00e9. Ses fun\u00e9railles ont eu lieu ce samedi matin [&#8230;]<\/p>\n","protected":false},"author":932,"featured_media":114440,"comment_status":"open","ping_status":"closed","sticky":false,"template":"","format":"standard","meta":{"footnotes":""},"categories":[54,32,33,43,55,65,38],"tags":[1439,1854,974],"class_list":["post-114439","post","type-post","status-publish","format-standard","has-post-thumbnail","hentry","category-actualite","category-enduro","category-news-enduro","category-news-supermoto","category-news-actualite","category-slideshow","category-supermoto","tag-bilstain","tag-leon-crosset","tag-supermoto"],"yoast_head":"<!-- This site is optimized with the Yoast SEO plugin v27.4 - https:\/\/yoast.com\/product\/yoast-seo-wordpress\/ -->\n<title>Au revoir et merci, L\u00e9on ! - Motocross - Enduro - Supermoto | MotocrossMag<\/title>\n<meta name=\"robots\" content=\"index, follow, max-snippet:-1, max-image-preview:large, max-video-preview:-1\" \/>\n<link rel=\"canonical\" href=\"https:\/\/fr.motocrossmag.be\/index.php\/2021\/12\/au-revoir-et-merci-leon\/\" \/>\n<meta property=\"og:locale\" content=\"fr_FR\" \/>\n<meta property=\"og:type\" content=\"article\" \/>\n<meta property=\"og:title\" content=\"Au revoir et merci, L\u00e9on ! - Motocross - Enduro - Supermoto | MotocrossMag\" \/>\n<meta property=\"og:description\" content=\"C&rsquo;est une de ses grandes figures que le sport motocycliste a perdu mardi dernier. Ce 14 d\u00e9cembre, L\u00e9on Crosset s&rsquo;en est all\u00e9. Ses fun\u00e9railles ont eu lieu ce samedi matin [...]\" \/>\n<meta property=\"og:url\" content=\"https:\/\/fr.motocrossmag.be\/index.php\/2021\/12\/au-revoir-et-merci-leon\/\" \/>\n<meta property=\"og:site_name\" content=\"Motocross - Enduro - Supermoto | MotocrossMag\" \/>\n<meta property=\"article:published_time\" content=\"2021-12-18T14:52:14+00:00\" \/>\n<meta property=\"og:image\" content=\"https:\/\/fr.motocrossmag.be\/wp-content\/uploads\/2021\/12\/leon-crosset-bilstain-masters.jpg\" \/>\n\t<meta property=\"og:image:width\" content=\"689\" \/>\n\t<meta property=\"og:image:height\" content=\"474\" \/>\n\t<meta property=\"og:image:type\" content=\"image\/jpeg\" \/>\n<meta name=\"author\" content=\"oliviere\" \/>\n<meta name=\"twitter:card\" content=\"summary_large_image\" \/>\n<meta name=\"twitter:label1\" content=\"\u00c9crit par\" \/>\n\t<meta name=\"twitter:data1\" content=\"oliviere\" \/>\n\t<meta name=\"twitter:label2\" content=\"Dur\u00e9e de lecture estim\u00e9e\" \/>\n\t<meta name=\"twitter:data2\" content=\"2 minutes\" \/>\n<script type=\"application\/ld+json\" class=\"yoast-schema-graph\">{\"@context\":\"https:\\\/\\\/schema.org\",\"@graph\":[{\"@type\":\"Article\",\"@id\":\"https:\\\/\\\/fr.motocrossmag.be\\\/index.php\\\/2021\\\/12\\\/au-revoir-et-merci-leon\\\/#article\",\"isPartOf\":{\"@id\":\"https:\\\/\\\/fr.motocrossmag.be\\\/index.php\\\/2021\\\/12\\\/au-revoir-et-merci-leon\\\/\"},\"author\":{\"name\":\"oliviere\",\"@id\":\"https:\\\/\\\/fr.motocrossmag.be\\\/#\\\/schema\\\/person\\\/11b47143d9f755babca2c9110e03235c\"},\"headline\":\"Au revoir et merci, L\u00e9on !\",\"datePublished\":\"2021-12-18T14:52:14+00:00\",\"mainEntityOfPage\":{\"@id\":\"https:\\\/\\\/fr.motocrossmag.be\\\/index.php\\\/2021\\\/12\\\/au-revoir-et-merci-leon\\\/\"},\"wordCount\":321,\"commentCount\":0,\"image\":{\"@id\":\"https:\\\/\\\/fr.motocrossmag.be\\\/index.php\\\/2021\\\/12\\\/au-revoir-et-merci-leon\\\/#primaryimage\"},\"thumbnailUrl\":\"https:\\\/\\\/fr.motocrossmag.be\\\/wp-content\\\/uploads\\\/2021\\\/12\\\/leon-crosset-bilstain-masters.jpg\",\"keywords\":[\"bilstain\",\"L\u00e9on crosset\",\"Supermoto\"],\"articleSection\":[\"Actualit\u00e9\",\"Enduro\",\"News\",\"News\",\"News\",\"Slideshow\",\"Supermoto\"],\"inLanguage\":\"fr-FR\",\"potentialAction\":[{\"@type\":\"CommentAction\",\"name\":\"Comment\",\"target\":[\"https:\\\/\\\/fr.motocrossmag.be\\\/index.php\\\/2021\\\/12\\\/au-revoir-et-merci-leon\\\/#respond\"]}]},{\"@type\":\"WebPage\",\"@id\":\"https:\\\/\\\/fr.motocrossmag.be\\\/index.php\\\/2021\\\/12\\\/au-revoir-et-merci-leon\\\/\",\"url\":\"https:\\\/\\\/fr.motocrossmag.be\\\/index.php\\\/2021\\\/12\\\/au-revoir-et-merci-leon\\\/\",\"name\":\"Au revoir et merci, L\u00e9on ! - Motocross - Enduro - Supermoto | MotocrossMag\",\"isPartOf\":{\"@id\":\"https:\\\/\\\/fr.motocrossmag.be\\\/#website\"},\"primaryImageOfPage\":{\"@id\":\"https:\\\/\\\/fr.motocrossmag.be\\\/index.php\\\/2021\\\/12\\\/au-revoir-et-merci-leon\\\/#primaryimage\"},\"image\":{\"@id\":\"https:\\\/\\\/fr.motocrossmag.be\\\/index.php\\\/2021\\\/12\\\/au-revoir-et-merci-leon\\\/#primaryimage\"},\"thumbnailUrl\":\"https:\\\/\\\/fr.motocrossmag.be\\\/wp-content\\\/uploads\\\/2021\\\/12\\\/leon-crosset-bilstain-masters.jpg\",\"datePublished\":\"2021-12-18T14:52:14+00:00\",\"author\":{\"@id\":\"https:\\\/\\\/fr.motocrossmag.be\\\/#\\\/schema\\\/person\\\/11b47143d9f755babca2c9110e03235c\"},\"breadcrumb\":{\"@id\":\"https:\\\/\\\/fr.motocrossmag.be\\\/index.php\\\/2021\\\/12\\\/au-revoir-et-merci-leon\\\/#breadcrumb\"},\"inLanguage\":\"fr-FR\",\"potentialAction\":[{\"@type\":\"ReadAction\",\"target\":[\"https:\\\/\\\/fr.motocrossmag.be\\\/index.php\\\/2021\\\/12\\\/au-revoir-et-merci-leon\\\/\"]}]},{\"@type\":\"ImageObject\",\"inLanguage\":\"fr-FR\",\"@id\":\"https:\\\/\\\/fr.motocrossmag.be\\\/index.php\\\/2021\\\/12\\\/au-revoir-et-merci-leon\\\/#primaryimage\",\"url\":\"https:\\\/\\\/fr.motocrossmag.be\\\/wp-content\\\/uploads\\\/2021\\\/12\\\/leon-crosset-bilstain-masters.jpg\",\"contentUrl\":\"https:\\\/\\\/fr.motocrossmag.be\\\/wp-content\\\/uploads\\\/2021\\\/12\\\/leon-crosset-bilstain-masters.jpg\",\"width\":689,\"height\":474},{\"@type\":\"BreadcrumbList\",\"@id\":\"https:\\\/\\\/fr.motocrossmag.be\\\/index.php\\\/2021\\\/12\\\/au-revoir-et-merci-leon\\\/#breadcrumb\",\"itemListElement\":[{\"@type\":\"ListItem\",\"position\":1,\"name\":\"Accueil\",\"item\":\"https:\\\/\\\/fr.motocrossmag.be\\\/\"},{\"@type\":\"ListItem\",\"position\":2,\"name\":\"Au revoir et merci, L\u00e9on !\"}]},{\"@type\":\"WebSite\",\"@id\":\"https:\\\/\\\/fr.motocrossmag.be\\\/#website\",\"url\":\"https:\\\/\\\/fr.motocrossmag.be\\\/\",\"name\":\"Motocross - Enduro - Supermoto | MotocrossMag\",\"description\":\"L&#039;actualit\u00e9 du motocross, de l&#039;enduro et du Supermoto en ligne!\",\"potentialAction\":[{\"@type\":\"SearchAction\",\"target\":{\"@type\":\"EntryPoint\",\"urlTemplate\":\"https:\\\/\\\/fr.motocrossmag.be\\\/?s={search_term_string}\"},\"query-input\":{\"@type\":\"PropertyValueSpecification\",\"valueRequired\":true,\"valueName\":\"search_term_string\"}}],\"inLanguage\":\"fr-FR\"},{\"@type\":\"Person\",\"@id\":\"https:\\\/\\\/fr.motocrossmag.be\\\/#\\\/schema\\\/person\\\/11b47143d9f755babca2c9110e03235c\",\"name\":\"oliviere\",\"image\":{\"@type\":\"ImageObject\",\"inLanguage\":\"fr-FR\",\"@id\":\"https:\\\/\\\/secure.gravatar.com\\\/avatar\\\/907069e0b81d119452040469e4a7501da1100f54f7f80180ce77bfab718288f6?s=96&d=mm&r=g\",\"url\":\"https:\\\/\\\/secure.gravatar.com\\\/avatar\\\/907069e0b81d119452040469e4a7501da1100f54f7f80180ce77bfab718288f6?s=96&d=mm&r=g\",\"contentUrl\":\"https:\\\/\\\/secure.gravatar.com\\\/avatar\\\/907069e0b81d119452040469e4a7501da1100f54f7f80180ce77bfab718288f6?s=96&d=mm&r=g\",\"caption\":\"oliviere\"},\"sameAs\":[\"http:\\\/\\\/www.motocrossmag.be\"],\"url\":\"https:\\\/\\\/fr.motocrossmag.be\\\/index.php\\\/author\\\/oliviere\\\/\"}]}<\/script>\n<!-- \/ Yoast SEO plugin. -->","yoast_head_json":{"title":"Au revoir et merci, L\u00e9on ! - Motocross - Enduro - Supermoto | MotocrossMag","robots":{"index":"index","follow":"follow","max-snippet":"max-snippet:-1","max-image-preview":"max-image-preview:large","max-video-preview":"max-video-preview:-1"},"canonical":"https:\/\/fr.motocrossmag.be\/index.php\/2021\/12\/au-revoir-et-merci-leon\/","og_locale":"fr_FR","og_type":"article","og_title":"Au revoir et merci, L\u00e9on ! - Motocross - Enduro - Supermoto | MotocrossMag","og_description":"C&rsquo;est une de ses grandes figures que le sport motocycliste a perdu mardi dernier. Ce 14 d\u00e9cembre, L\u00e9on Crosset s&rsquo;en est all\u00e9. Ses fun\u00e9railles ont eu lieu ce samedi matin [...]","og_url":"https:\/\/fr.motocrossmag.be\/index.php\/2021\/12\/au-revoir-et-merci-leon\/","og_site_name":"Motocross - Enduro - Supermoto | MotocrossMag","article_published_time":"2021-12-18T14:52:14+00:00","og_image":[{"width":689,"height":474,"url":"https:\/\/fr.motocrossmag.be\/wp-content\/uploads\/2021\/12\/leon-crosset-bilstain-masters.jpg","type":"image\/jpeg"}],"author":"oliviere","twitter_card":"summary_large_image","twitter_misc":{"\u00c9crit par":"oliviere","Dur\u00e9e de lecture estim\u00e9e":"2 minutes"},"schema":{"@context":"https:\/\/schema.org","@graph":[{"@type":"Article","@id":"https:\/\/fr.motocrossmag.be\/index.php\/2021\/12\/au-revoir-et-merci-leon\/#article","isPartOf":{"@id":"https:\/\/fr.motocrossmag.be\/index.php\/2021\/12\/au-revoir-et-merci-leon\/"},"author":{"name":"oliviere","@id":"https:\/\/fr.motocrossmag.be\/#\/schema\/person\/11b47143d9f755babca2c9110e03235c"},"headline":"Au revoir et merci, L\u00e9on !","datePublished":"2021-12-18T14:52:14+00:00","mainEntityOfPage":{"@id":"https:\/\/fr.motocrossmag.be\/index.php\/2021\/12\/au-revoir-et-merci-leon\/"},"wordCount":321,"commentCount":0,"image":{"@id":"https:\/\/fr.motocrossmag.be\/index.php\/2021\/12\/au-revoir-et-merci-leon\/#primaryimage"},"thumbnailUrl":"https:\/\/fr.motocrossmag.be\/wp-content\/uploads\/2021\/12\/leon-crosset-bilstain-masters.jpg","keywords":["bilstain","L\u00e9on crosset","Supermoto"],"articleSection":["Actualit\u00e9","Enduro","News","News","News","Slideshow","Supermoto"],"inLanguage":"fr-FR","potentialAction":[{"@type":"CommentAction","name":"Comment","target":["https:\/\/fr.motocrossmag.be\/index.php\/2021\/12\/au-revoir-et-merci-leon\/#respond"]}]},{"@type":"WebPage","@id":"https:\/\/fr.motocrossmag.be\/index.php\/2021\/12\/au-revoir-et-merci-leon\/","url":"https:\/\/fr.motocrossmag.be\/index.php\/2021\/12\/au-revoir-et-merci-leon\/","name":"Au revoir et merci, L\u00e9on ! - Motocross - Enduro - Supermoto | MotocrossMag","isPartOf":{"@id":"https:\/\/fr.motocrossmag.be\/#website"},"primaryImageOfPage":{"@id":"https:\/\/fr.motocrossmag.be\/index.php\/2021\/12\/au-revoir-et-merci-leon\/#primaryimage"},"image":{"@id":"https:\/\/fr.motocrossmag.be\/index.php\/2021\/12\/au-revoir-et-merci-leon\/#primaryimage"},"thumbnailUrl":"https:\/\/fr.motocrossmag.be\/wp-content\/uploads\/2021\/12\/leon-crosset-bilstain-masters.jpg","datePublished":"2021-12-18T14:52:14+00:00","author":{"@id":"https:\/\/fr.motocrossmag.be\/#\/schema\/person\/11b47143d9f755babca2c9110e03235c"},"breadcrumb":{"@id":"https:\/\/fr.motocrossmag.be\/index.php\/2021\/12\/au-revoir-et-merci-leon\/#breadcrumb"},"inLanguage":"fr-FR","potentialAction":[{"@type":"ReadAction","target":["https:\/\/fr.motocrossmag.be\/index.php\/2021\/12\/au-revoir-et-merci-leon\/"]}]},{"@type":"ImageObject","inLanguage":"fr-FR","@id":"https:\/\/fr.motocrossmag.be\/index.php\/2021\/12\/au-revoir-et-merci-leon\/#primaryimage","url":"https:\/\/fr.motocrossmag.be\/wp-content\/uploads\/2021\/12\/leon-crosset-bilstain-masters.jpg","contentUrl":"https:\/\/fr.motocrossmag.be\/wp-content\/uploads\/2021\/12\/leon-crosset-bilstain-masters.jpg","width":689,"height":474},{"@type":"BreadcrumbList","@id":"https:\/\/fr.motocrossmag.be\/index.php\/2021\/12\/au-revoir-et-merci-leon\/#breadcrumb","itemListElement":[{"@type":"ListItem","position":1,"name":"Accueil","item":"https:\/\/fr.motocrossmag.be\/"},{"@type":"ListItem","position":2,"name":"Au revoir et merci, L\u00e9on !"}]},{"@type":"WebSite","@id":"https:\/\/fr.motocrossmag.be\/#website","url":"https:\/\/fr.motocrossmag.be\/","name":"Motocross - Enduro - Supermoto | MotocrossMag","description":"L&#039;actualit\u00e9 du motocross, de l&#039;enduro et du Supermoto en ligne!","potentialAction":[{"@type":"SearchAction","target":{"@type":"EntryPoint","urlTemplate":"https:\/\/fr.motocrossmag.be\/?s={search_term_string}"},"query-input":{"@type":"PropertyValueSpecification","valueRequired":true,"valueName":"search_term_string"}}],"inLanguage":"fr-FR"},{"@type":"Person","@id":"https:\/\/fr.motocrossmag.be\/#\/schema\/person\/11b47143d9f755babca2c9110e03235c","name":"oliviere","image":{"@type":"ImageObject","inLanguage":"fr-FR","@id":"https:\/\/secure.gravatar.com\/avatar\/907069e0b81d119452040469e4a7501da1100f54f7f80180ce77bfab718288f6?s=96&d=mm&r=g","url":"https:\/\/secure.gravatar.com\/avatar\/907069e0b81d119452040469e4a7501da1100f54f7f80180ce77bfab718288f6?s=96&d=mm&r=g","contentUrl":"https:\/\/secure.gravatar.com\/avatar\/907069e0b81d119452040469e4a7501da1100f54f7f80180ce77bfab718288f6?s=96&d=mm&r=g","caption":"oliviere"},"sameAs":["http:\/\/www.motocrossmag.be"],"url":"https:\/\/fr.motocrossmag.be\/index.php\/author\/oliviere\/"}]}},"_links":{"self":[{"href":"https:\/\/fr.motocrossmag.be\/index.php\/wp-json\/wp\/v2\/posts\/114439","targetHints":{"allow":["GET"]}}],"collection":[{"href":"https:\/\/fr.motocrossmag.be\/index.php\/wp-json\/wp\/v2\/posts"}],"about":[{"href":"https:\/\/fr.motocrossmag.be\/index.php\/wp-json\/wp\/v2\/types\/post"}],"author":[{"embeddable":true,"href":"https:\/\/fr.motocrossmag.be\/index.php\/wp-json\/wp\/v2\/users\/932"}],"replies":[{"embeddable":true,"href":"https:\/\/fr.motocrossmag.be\/index.php\/wp-json\/wp\/v2\/comments?post=114439"}],"version-history":[{"count":0,"href":"https:\/\/fr.motocrossmag.be\/index.php\/wp-json\/wp\/v2\/posts\/114439\/revisions"}],"wp:featuredmedia":[{"embeddable":true,"href":"https:\/\/fr.motocrossmag.be\/index.php\/wp-json\/wp\/v2\/media\/114440"}],"wp:attachment":[{"href":"https:\/\/fr.motocrossmag.be\/index.php\/wp-json\/wp\/v2\/media?parent=114439"}],"wp:term":[{"taxonomy":"category","embeddable":true,"href":"https:\/\/fr.motocrossmag.be\/index.php\/wp-json\/wp\/v2\/categories?post=114439"},{"taxonomy":"post_tag","embeddable":true,"href":"https:\/\/fr.motocrossmag.be\/index.php\/wp-json\/wp\/v2\/tags?post=114439"}],"curies":[{"name":"wp","href":"https:\/\/api.w.org\/{rel}","templated":true}]}}