{"id":114502,"date":"2021-12-28T12:17:05","date_gmt":"2021-12-28T11:17:05","guid":{"rendered":"http:\/\/fr.motocrossmag.be\/?p=114502"},"modified":"2021-12-28T12:24:47","modified_gmt":"2021-12-28T11:24:47","slug":"jerome-martiny-en-route-pour-le-dakar-jai-profite-des-dernieres-semaines-pour-me-deconnecter-avant-le-grand-depart","status":"publish","type":"post","link":"https:\/\/fr.motocrossmag.be\/index.php\/2021\/12\/jerome-martiny-en-route-pour-le-dakar-jai-profite-des-dernieres-semaines-pour-me-deconnecter-avant-le-grand-depart\/","title":{"rendered":"J\u00e9r\u00f4me Martiny en route pour le Dakar : \u00ab\u00a0J&rsquo;ai profit\u00e9 des derni\u00e8res semaines pour me d\u00e9connecter avant le grand d\u00e9part\u00a0\u00bb"},"content":{"rendered":"<p><strong>Que de chemin parcouru pour J\u00e9r\u00f4me Martiny depuis f\u00e9vrier dernier, quand le pilote Anquety Motorsport Husqvarna annon\u00e7ait son intention de se lancer dans la grande aventure du Dakar ! Pr\u00e9paration physique, apprivoisement de la Husqvarna 450 Rally, apprentissage de la navigation, d\u00e9couverte du rallye, mise en place du budget,&#8230; autant de choses qui ont occup\u00e9 le quotidien de Martiny ces derniers mois. Et ce mardi, l&rsquo;heure du grand d\u00e9part a sonn\u00e9.<\/strong><\/p>\n<p>\u00ab\u00a0Apr\u00e8s mon retour du rallye du Maroc, j&rsquo;ai pass\u00e9 pas mal de temps \u00e0 travailler sur ma moto\u00a0\u00bb, nous confiait J\u00e9r\u00f4me ce week-end, \u00ab\u00a0afin notamment de la conna\u00eetre du mieux possible sur le plan m\u00e9canique et d&rsquo;\u00eatre capable d&rsquo;intervenir rapidement un fois sur le rallye, mais aussi \u00e9videmment afin de l&rsquo;adapter au mieux \u00e0 ce que j&rsquo;attends d&rsquo;elle. Sur ce plan, je suis vraiment confiant, je crois qu&rsquo;on a bien travaill\u00e9 et qu&rsquo;on est arriv\u00e9 \u00e0 un bon r\u00e9sultat. Le mat\u00e9riel est parti depuis le 30 novembre d\u00e9j\u00e0.\u00a0\u00bb<\/p>\n<p><img decoding=\"async\" class=\"lazyload alignnone size-full wp-image-114473\" src=\"http:\/\/fr.motocrossmag.be\/wp-content\/uploads\/2021\/12\/jerome-martiny-dakar.jpg\" data-orig-src=\"http:\/\/fr.motocrossmag.be\/wp-content\/uploads\/2021\/12\/jerome-martiny-dakar.jpg\" alt=\"\" width=\"1000\" height=\"603\" srcset=\"data:image\/svg+xml,%3Csvg%20xmlns%3D%27http%3A%2F%2Fwww.w3.org%2F2000%2Fsvg%27%20width%3D%271000%27%20height%3D%27603%27%20viewBox%3D%270%200%201000%20603%27%3E%3Crect%20width%3D%271000%27%20height%3D%27603%27%20fill-opacity%3D%220%22%2F%3E%3C%2Fsvg%3E\" data-srcset=\"https:\/\/fr.motocrossmag.be\/wp-content\/uploads\/2021\/12\/jerome-martiny-dakar-650x392.jpg 650w, https:\/\/fr.motocrossmag.be\/wp-content\/uploads\/2021\/12\/jerome-martiny-dakar-768x463.jpg 768w, https:\/\/fr.motocrossmag.be\/wp-content\/uploads\/2021\/12\/jerome-martiny-dakar.jpg 1000w\" data-sizes=\"auto\" data-orig-sizes=\"(max-width: 1000px) 100vw, 1000px\" \/><\/p>\n<p>Avant d&rsquo;entrer en immersion dans l&rsquo;aventure, le pilote Husqvarna a profit\u00e9 des derni\u00e8res semaines pour se d\u00e9connecter autant que possible du projet qui l&rsquo;occupe depuis plus de 10 mois maintenant. \u00ab\u00a0Ces derni\u00e8res semaines, j&rsquo;ai ralenti ma pr\u00e9paration sportive et j&rsquo;ai fait en sorte de me d\u00e9connecter, afin de profiter au maximum de moments en famille avant de partir. Nous sommes m\u00eame partis une semaine en vacances en famille\u00a0\u00bb, explique-t-il.<\/p>\n<p>\u00ab\u00a0\u00c9videmment, je suis un peu nerveux \u00e0 l&rsquo;id\u00e9e du d\u00e9part. Je pense que je serai beaucoup plus serein une fois arriv\u00e9 l\u00e0-bas, quand j&rsquo;aurai pu v\u00e9rifier que tout le mat\u00e9riel est bien arriv\u00e9 sur place et que la moto sera pass\u00e9e au contr\u00f4le technique, pr\u00e9vu le 30 d\u00e9cembre\u00a0\u00bb, poursuit-il. \u00ab\u00a0Je m&rsquo;attends \u00e0 ce que la course soit difficile. On va rouler plus de 700 kilom\u00e8tres par jour, les journ\u00e9es vont \u00eatre longues. Il va falloir g\u00e9rer les petits bobos, la fatigue mais aussi le mental. Sur ce plan en particulier, je sais que ce ne sera pas facile. Sur une course comme celle-l\u00e0, le mental est un \u00e9l\u00e9ment tr\u00e8s important. Evidemment, la famille va me manquer.\u00a0\u00bb<\/p>\n<p><img decoding=\"async\" class=\"lazyload alignnone size-full wp-image-113527\" src=\"http:\/\/fr.motocrossmag.be\/wp-content\/uploads\/2021\/10\/martiny-maroc.jpg\" data-orig-src=\"http:\/\/fr.motocrossmag.be\/wp-content\/uploads\/2021\/10\/martiny-maroc.jpg\" alt=\"\" width=\"750\" height=\"524\" srcset=\"data:image\/svg+xml,%3Csvg%20xmlns%3D%27http%3A%2F%2Fwww.w3.org%2F2000%2Fsvg%27%20width%3D%27750%27%20height%3D%27524%27%20viewBox%3D%270%200%20750%20524%27%3E%3Crect%20width%3D%27750%27%20height%3D%27524%27%20fill-opacity%3D%220%22%2F%3E%3C%2Fsvg%3E\" data-srcset=\"https:\/\/fr.motocrossmag.be\/wp-content\/uploads\/2021\/10\/martiny-maroc-650x454.jpg 650w, https:\/\/fr.motocrossmag.be\/wp-content\/uploads\/2021\/10\/martiny-maroc.jpg 750w\" data-sizes=\"auto\" data-orig-sizes=\"(max-width: 750px) 100vw, 750px\" \/><\/p>\n<p>En comparaison avec le trac\u00e9 de l&rsquo;ann\u00e9e pass\u00e9e, les organisateurs ont annonc\u00e9 un parcours fait exclusivement de sable. Pas de quoi effrayer J\u00e9r\u00f4me. \u00ab\u00a0Franchement, je prendrai le parcours comme il viendra, cela ne m&rsquo;inqui\u00e8te pas. Bien s\u00fbr, j&rsquo;ai suivi la pr\u00e9sentation du parcours et le fait qu&rsquo;il y ait beaucoup plus de sable et de dunes cette ann\u00e9e va rendre le rallye plus exigeant pour les pilotes comme pour les motos. Mais ce sera pareil pour tout le monde.\u00a0\u00bb<\/p>\n<p><iframe class=\"lazyload\" title=\"YouTube video player\" src=\"data:image\/svg+xml,%3Csvg%20xmlns%3D%27http%3A%2F%2Fwww.w3.org%2F2000%2Fsvg%27%20width%3D%27650%27%20height%3D%27366%27%20viewBox%3D%270%200%20650%20366%27%3E%3Crect%20width%3D%27650%27%20height%3D%27366%27%20fill-opacity%3D%220%22%2F%3E%3C%2Fsvg%3E\" data-orig-src=\"https:\/\/www.youtube.com\/embed\/f8Qn6aSr1q0\" width=\"650\" height=\"366\" frameborder=\"0\" allowfullscreen=\"allowfullscreen\"><\/iframe><\/p>\n<p>Comp\u00e9titeur dans l&rsquo;\u00e2me, J\u00e9r\u00f4me s&rsquo;envole ce mardi pour l&rsquo;Arabie saoudite avec l&rsquo;envie de vivre l&rsquo;aventure jusqu&rsquo;au bout tout en se mettant en \u00e9vidence dans le classement \u00ab\u00a0Rallye 2\u00a0\u00bb. \u00ab\u00a0Je veux \u00e9videmment prendre des risques mesur\u00e9s car mon objectif est de rentrer entier en Belgique, aupr\u00e8s de ma famille. Mais j&rsquo;aime la comp\u00e9tition et je me connais. J&rsquo;ai termin\u00e9 6\u00e8me du classement Rallye 2 au Maroc, j&rsquo;ai donc certaines ambitions dans cette cat\u00e9gorie.\u00a0\u00bb<\/p>\n","protected":false},"excerpt":{"rendered":"<p>Que de chemin parcouru pour J\u00e9r\u00f4me Martiny depuis f\u00e9vrier dernier, quand le pilote Anquety Motorsport Husqvarna annon\u00e7ait son intention de se lancer dans la grande aventure du Dakar ! Pr\u00e9paration [&#8230;]<\/p>\n","protected":false},"author":932,"featured_media":114503,"comment_status":"open","ping_status":"closed","sticky":false,"template":"","format":"standard","meta":{"footnotes":""},"categories":[54,58,55,450,65],"tags":[687,1853,1675,962,1222],"class_list":["post-114502","post","type-post","status-publish","format-standard","has-post-thumbnail","hentry","category-actualite","category-interviews-actualite","category-news-actualite","category-rallye","category-slideshow","tag-dakar","tag-dakar-2022","tag-jerome-martiny","tag-rallye","tag-rallye-raid"],"yoast_head":"<!-- This site is optimized with the Yoast SEO plugin v27.4 - https:\/\/yoast.com\/product\/yoast-seo-wordpress\/ -->\n<title>J\u00e9r\u00f4me Martiny en route pour le Dakar : &quot;J&#039;ai profit\u00e9 des derni\u00e8res semaines pour me d\u00e9connecter avant le grand d\u00e9part&quot; - Motocross - Enduro - Supermoto | MotocrossMag<\/title>\n<meta name=\"robots\" content=\"index, follow, max-snippet:-1, max-image-preview:large, max-video-preview:-1\" \/>\n<link rel=\"canonical\" href=\"https:\/\/fr.motocrossmag.be\/index.php\/2021\/12\/jerome-martiny-en-route-pour-le-dakar-jai-profite-des-dernieres-semaines-pour-me-deconnecter-avant-le-grand-depart\/\" \/>\n<meta property=\"og:locale\" content=\"fr_FR\" \/>\n<meta property=\"og:type\" content=\"article\" \/>\n<meta property=\"og:title\" content=\"J\u00e9r\u00f4me Martiny en route pour le Dakar : &quot;J&#039;ai profit\u00e9 des derni\u00e8res semaines pour me d\u00e9connecter avant le grand d\u00e9part&quot; - Motocross - Enduro - Supermoto | MotocrossMag\" \/>\n<meta property=\"og:description\" content=\"Que de chemin parcouru pour J\u00e9r\u00f4me Martiny depuis f\u00e9vrier dernier, quand le pilote Anquety Motorsport Husqvarna annon\u00e7ait son intention de se lancer dans la grande aventure du Dakar ! Pr\u00e9paration [...]\" \/>\n<meta property=\"og:url\" content=\"https:\/\/fr.motocrossmag.be\/index.php\/2021\/12\/jerome-martiny-en-route-pour-le-dakar-jai-profite-des-dernieres-semaines-pour-me-deconnecter-avant-le-grand-depart\/\" \/>\n<meta property=\"og:site_name\" content=\"Motocross - Enduro - Supermoto | MotocrossMag\" \/>\n<meta property=\"article:published_time\" content=\"2021-12-28T11:17:05+00:00\" \/>\n<meta property=\"article:modified_time\" content=\"2021-12-28T11:24:47+00:00\" \/>\n<meta property=\"og:image\" content=\"https:\/\/fr.motocrossmag.be\/wp-content\/uploads\/2021\/12\/martiny-jerome-portrait-dakar.jpg\" \/>\n\t<meta property=\"og:image:width\" content=\"1000\" \/>\n\t<meta property=\"og:image:height\" content=\"600\" \/>\n\t<meta property=\"og:image:type\" content=\"image\/jpeg\" \/>\n<meta name=\"author\" content=\"oliviere\" \/>\n<meta name=\"twitter:card\" content=\"summary_large_image\" \/>\n<meta name=\"twitter:label1\" content=\"\u00c9crit par\" \/>\n\t<meta name=\"twitter:data1\" content=\"oliviere\" \/>\n\t<meta name=\"twitter:label2\" content=\"Dur\u00e9e de lecture estim\u00e9e\" \/>\n\t<meta name=\"twitter:data2\" content=\"3 minutes\" \/>\n<script type=\"application\/ld+json\" class=\"yoast-schema-graph\">{\"@context\":\"https:\\\/\\\/schema.org\",\"@graph\":[{\"@type\":\"Article\",\"@id\":\"https:\\\/\\\/fr.motocrossmag.be\\\/index.php\\\/2021\\\/12\\\/jerome-martiny-en-route-pour-le-dakar-jai-profite-des-dernieres-semaines-pour-me-deconnecter-avant-le-grand-depart\\\/#article\",\"isPartOf\":{\"@id\":\"https:\\\/\\\/fr.motocrossmag.be\\\/index.php\\\/2021\\\/12\\\/jerome-martiny-en-route-pour-le-dakar-jai-profite-des-dernieres-semaines-pour-me-deconnecter-avant-le-grand-depart\\\/\"},\"author\":{\"name\":\"oliviere\",\"@id\":\"https:\\\/\\\/fr.motocrossmag.be\\\/#\\\/schema\\\/person\\\/11b47143d9f755babca2c9110e03235c\"},\"headline\":\"J\u00e9r\u00f4me Martiny en route pour le Dakar : \u00ab\u00a0J&rsquo;ai profit\u00e9 des derni\u00e8res semaines pour me d\u00e9connecter avant le grand d\u00e9part\u00a0\u00bb\",\"datePublished\":\"2021-12-28T11:17:05+00:00\",\"dateModified\":\"2021-12-28T11:24:47+00:00\",\"mainEntityOfPage\":{\"@id\":\"https:\\\/\\\/fr.motocrossmag.be\\\/index.php\\\/2021\\\/12\\\/jerome-martiny-en-route-pour-le-dakar-jai-profite-des-dernieres-semaines-pour-me-deconnecter-avant-le-grand-depart\\\/\"},\"wordCount\":587,\"commentCount\":0,\"image\":{\"@id\":\"https:\\\/\\\/fr.motocrossmag.be\\\/index.php\\\/2021\\\/12\\\/jerome-martiny-en-route-pour-le-dakar-jai-profite-des-dernieres-semaines-pour-me-deconnecter-avant-le-grand-depart\\\/#primaryimage\"},\"thumbnailUrl\":\"https:\\\/\\\/fr.motocrossmag.be\\\/wp-content\\\/uploads\\\/2021\\\/12\\\/martiny-jerome-portrait-dakar.jpg\",\"keywords\":[\"dakar\",\"dakar 2022\",\"j\u00e9r\u00f4me martiny\",\"rallye\",\"rallye-raid\"],\"articleSection\":[\"Actualit\u00e9\",\"Interviews -all\",\"News\",\"Rallye-raid\\\/Aventure\",\"Slideshow\"],\"inLanguage\":\"fr-FR\",\"potentialAction\":[{\"@type\":\"CommentAction\",\"name\":\"Comment\",\"target\":[\"https:\\\/\\\/fr.motocrossmag.be\\\/index.php\\\/2021\\\/12\\\/jerome-martiny-en-route-pour-le-dakar-jai-profite-des-dernieres-semaines-pour-me-deconnecter-avant-le-grand-depart\\\/#respond\"]}]},{\"@type\":\"WebPage\",\"@id\":\"https:\\\/\\\/fr.motocrossmag.be\\\/index.php\\\/2021\\\/12\\\/jerome-martiny-en-route-pour-le-dakar-jai-profite-des-dernieres-semaines-pour-me-deconnecter-avant-le-grand-depart\\\/\",\"url\":\"https:\\\/\\\/fr.motocrossmag.be\\\/index.php\\\/2021\\\/12\\\/jerome-martiny-en-route-pour-le-dakar-jai-profite-des-dernieres-semaines-pour-me-deconnecter-avant-le-grand-depart\\\/\",\"name\":\"J\u00e9r\u00f4me Martiny en route pour le Dakar : \\\"J'ai profit\u00e9 des derni\u00e8res semaines pour me d\u00e9connecter avant le grand d\u00e9part\\\" - Motocross - Enduro - Supermoto | MotocrossMag\",\"isPartOf\":{\"@id\":\"https:\\\/\\\/fr.motocrossmag.be\\\/#website\"},\"primaryImageOfPage\":{\"@id\":\"https:\\\/\\\/fr.motocrossmag.be\\\/index.php\\\/2021\\\/12\\\/jerome-martiny-en-route-pour-le-dakar-jai-profite-des-dernieres-semaines-pour-me-deconnecter-avant-le-grand-depart\\\/#primaryimage\"},\"image\":{\"@id\":\"https:\\\/\\\/fr.motocrossmag.be\\\/index.php\\\/2021\\\/12\\\/jerome-martiny-en-route-pour-le-dakar-jai-profite-des-dernieres-semaines-pour-me-deconnecter-avant-le-grand-depart\\\/#primaryimage\"},\"thumbnailUrl\":\"https:\\\/\\\/fr.motocrossmag.be\\\/wp-content\\\/uploads\\\/2021\\\/12\\\/martiny-jerome-portrait-dakar.jpg\",\"datePublished\":\"2021-12-28T11:17:05+00:00\",\"dateModified\":\"2021-12-28T11:24:47+00:00\",\"author\":{\"@id\":\"https:\\\/\\\/fr.motocrossmag.be\\\/#\\\/schema\\\/person\\\/11b47143d9f755babca2c9110e03235c\"},\"breadcrumb\":{\"@id\":\"https:\\\/\\\/fr.motocrossmag.be\\\/index.php\\\/2021\\\/12\\\/jerome-martiny-en-route-pour-le-dakar-jai-profite-des-dernieres-semaines-pour-me-deconnecter-avant-le-grand-depart\\\/#breadcrumb\"},\"inLanguage\":\"fr-FR\",\"potentialAction\":[{\"@type\":\"ReadAction\",\"target\":[\"https:\\\/\\\/fr.motocrossmag.be\\\/index.php\\\/2021\\\/12\\\/jerome-martiny-en-route-pour-le-dakar-jai-profite-des-dernieres-semaines-pour-me-deconnecter-avant-le-grand-depart\\\/\"]}]},{\"@type\":\"ImageObject\",\"inLanguage\":\"fr-FR\",\"@id\":\"https:\\\/\\\/fr.motocrossmag.be\\\/index.php\\\/2021\\\/12\\\/jerome-martiny-en-route-pour-le-dakar-jai-profite-des-dernieres-semaines-pour-me-deconnecter-avant-le-grand-depart\\\/#primaryimage\",\"url\":\"https:\\\/\\\/fr.motocrossmag.be\\\/wp-content\\\/uploads\\\/2021\\\/12\\\/martiny-jerome-portrait-dakar.jpg\",\"contentUrl\":\"https:\\\/\\\/fr.motocrossmag.be\\\/wp-content\\\/uploads\\\/2021\\\/12\\\/martiny-jerome-portrait-dakar.jpg\",\"width\":\"1000\",\"height\":\"600\"},{\"@type\":\"BreadcrumbList\",\"@id\":\"https:\\\/\\\/fr.motocrossmag.be\\\/index.php\\\/2021\\\/12\\\/jerome-martiny-en-route-pour-le-dakar-jai-profite-des-dernieres-semaines-pour-me-deconnecter-avant-le-grand-depart\\\/#breadcrumb\",\"itemListElement\":[{\"@type\":\"ListItem\",\"position\":1,\"name\":\"Accueil\",\"item\":\"https:\\\/\\\/fr.motocrossmag.be\\\/\"},{\"@type\":\"ListItem\",\"position\":2,\"name\":\"J\u00e9r\u00f4me Martiny en route pour le Dakar : \u00ab\u00a0J&rsquo;ai profit\u00e9 des derni\u00e8res semaines pour me d\u00e9connecter avant le grand d\u00e9part\u00a0\u00bb\"}]},{\"@type\":\"WebSite\",\"@id\":\"https:\\\/\\\/fr.motocrossmag.be\\\/#website\",\"url\":\"https:\\\/\\\/fr.motocrossmag.be\\\/\",\"name\":\"Motocross - Enduro - Supermoto | MotocrossMag\",\"description\":\"L&#039;actualit\u00e9 du motocross, de l&#039;enduro et du Supermoto en ligne!\",\"potentialAction\":[{\"@type\":\"SearchAction\",\"target\":{\"@type\":\"EntryPoint\",\"urlTemplate\":\"https:\\\/\\\/fr.motocrossmag.be\\\/?s={search_term_string}\"},\"query-input\":{\"@type\":\"PropertyValueSpecification\",\"valueRequired\":true,\"valueName\":\"search_term_string\"}}],\"inLanguage\":\"fr-FR\"},{\"@type\":\"Person\",\"@id\":\"https:\\\/\\\/fr.motocrossmag.be\\\/#\\\/schema\\\/person\\\/11b47143d9f755babca2c9110e03235c\",\"name\":\"oliviere\",\"image\":{\"@type\":\"ImageObject\",\"inLanguage\":\"fr-FR\",\"@id\":\"https:\\\/\\\/secure.gravatar.com\\\/avatar\\\/907069e0b81d119452040469e4a7501da1100f54f7f80180ce77bfab718288f6?s=96&d=mm&r=g\",\"url\":\"https:\\\/\\\/secure.gravatar.com\\\/avatar\\\/907069e0b81d119452040469e4a7501da1100f54f7f80180ce77bfab718288f6?s=96&d=mm&r=g\",\"contentUrl\":\"https:\\\/\\\/secure.gravatar.com\\\/avatar\\\/907069e0b81d119452040469e4a7501da1100f54f7f80180ce77bfab718288f6?s=96&d=mm&r=g\",\"caption\":\"oliviere\"},\"sameAs\":[\"http:\\\/\\\/www.motocrossmag.be\"],\"url\":\"https:\\\/\\\/fr.motocrossmag.be\\\/index.php\\\/author\\\/oliviere\\\/\"}]}<\/script>\n<!-- \/ Yoast SEO plugin. -->","yoast_head_json":{"title":"J\u00e9r\u00f4me Martiny en route pour le Dakar : \"J'ai profit\u00e9 des derni\u00e8res semaines pour me d\u00e9connecter avant le grand d\u00e9part\" - Motocross - Enduro - Supermoto | MotocrossMag","robots":{"index":"index","follow":"follow","max-snippet":"max-snippet:-1","max-image-preview":"max-image-preview:large","max-video-preview":"max-video-preview:-1"},"canonical":"https:\/\/fr.motocrossmag.be\/index.php\/2021\/12\/jerome-martiny-en-route-pour-le-dakar-jai-profite-des-dernieres-semaines-pour-me-deconnecter-avant-le-grand-depart\/","og_locale":"fr_FR","og_type":"article","og_title":"J\u00e9r\u00f4me Martiny en route pour le Dakar : \"J'ai profit\u00e9 des derni\u00e8res semaines pour me d\u00e9connecter avant le grand d\u00e9part\" - Motocross - Enduro - Supermoto | MotocrossMag","og_description":"Que de chemin parcouru pour J\u00e9r\u00f4me Martiny depuis f\u00e9vrier dernier, quand le pilote Anquety Motorsport Husqvarna annon\u00e7ait son intention de se lancer dans la grande aventure du Dakar ! Pr\u00e9paration [...]","og_url":"https:\/\/fr.motocrossmag.be\/index.php\/2021\/12\/jerome-martiny-en-route-pour-le-dakar-jai-profite-des-dernieres-semaines-pour-me-deconnecter-avant-le-grand-depart\/","og_site_name":"Motocross - Enduro - Supermoto | MotocrossMag","article_published_time":"2021-12-28T11:17:05+00:00","article_modified_time":"2021-12-28T11:24:47+00:00","og_image":[{"width":1000,"height":600,"url":"https:\/\/fr.motocrossmag.be\/wp-content\/uploads\/2021\/12\/martiny-jerome-portrait-dakar.jpg","type":"image\/jpeg"}],"author":"oliviere","twitter_card":"summary_large_image","twitter_misc":{"\u00c9crit par":"oliviere","Dur\u00e9e de lecture estim\u00e9e":"3 minutes"},"schema":{"@context":"https:\/\/schema.org","@graph":[{"@type":"Article","@id":"https:\/\/fr.motocrossmag.be\/index.php\/2021\/12\/jerome-martiny-en-route-pour-le-dakar-jai-profite-des-dernieres-semaines-pour-me-deconnecter-avant-le-grand-depart\/#article","isPartOf":{"@id":"https:\/\/fr.motocrossmag.be\/index.php\/2021\/12\/jerome-martiny-en-route-pour-le-dakar-jai-profite-des-dernieres-semaines-pour-me-deconnecter-avant-le-grand-depart\/"},"author":{"name":"oliviere","@id":"https:\/\/fr.motocrossmag.be\/#\/schema\/person\/11b47143d9f755babca2c9110e03235c"},"headline":"J\u00e9r\u00f4me Martiny en route pour le Dakar : \u00ab\u00a0J&rsquo;ai profit\u00e9 des derni\u00e8res semaines pour me d\u00e9connecter avant le grand d\u00e9part\u00a0\u00bb","datePublished":"2021-12-28T11:17:05+00:00","dateModified":"2021-12-28T11:24:47+00:00","mainEntityOfPage":{"@id":"https:\/\/fr.motocrossmag.be\/index.php\/2021\/12\/jerome-martiny-en-route-pour-le-dakar-jai-profite-des-dernieres-semaines-pour-me-deconnecter-avant-le-grand-depart\/"},"wordCount":587,"commentCount":0,"image":{"@id":"https:\/\/fr.motocrossmag.be\/index.php\/2021\/12\/jerome-martiny-en-route-pour-le-dakar-jai-profite-des-dernieres-semaines-pour-me-deconnecter-avant-le-grand-depart\/#primaryimage"},"thumbnailUrl":"https:\/\/fr.motocrossmag.be\/wp-content\/uploads\/2021\/12\/martiny-jerome-portrait-dakar.jpg","keywords":["dakar","dakar 2022","j\u00e9r\u00f4me martiny","rallye","rallye-raid"],"articleSection":["Actualit\u00e9","Interviews -all","News","Rallye-raid\/Aventure","Slideshow"],"inLanguage":"fr-FR","potentialAction":[{"@type":"CommentAction","name":"Comment","target":["https:\/\/fr.motocrossmag.be\/index.php\/2021\/12\/jerome-martiny-en-route-pour-le-dakar-jai-profite-des-dernieres-semaines-pour-me-deconnecter-avant-le-grand-depart\/#respond"]}]},{"@type":"WebPage","@id":"https:\/\/fr.motocrossmag.be\/index.php\/2021\/12\/jerome-martiny-en-route-pour-le-dakar-jai-profite-des-dernieres-semaines-pour-me-deconnecter-avant-le-grand-depart\/","url":"https:\/\/fr.motocrossmag.be\/index.php\/2021\/12\/jerome-martiny-en-route-pour-le-dakar-jai-profite-des-dernieres-semaines-pour-me-deconnecter-avant-le-grand-depart\/","name":"J\u00e9r\u00f4me Martiny en route pour le Dakar : \"J'ai profit\u00e9 des derni\u00e8res semaines pour me d\u00e9connecter avant le grand d\u00e9part\" - Motocross - Enduro - Supermoto | MotocrossMag","isPartOf":{"@id":"https:\/\/fr.motocrossmag.be\/#website"},"primaryImageOfPage":{"@id":"https:\/\/fr.motocrossmag.be\/index.php\/2021\/12\/jerome-martiny-en-route-pour-le-dakar-jai-profite-des-dernieres-semaines-pour-me-deconnecter-avant-le-grand-depart\/#primaryimage"},"image":{"@id":"https:\/\/fr.motocrossmag.be\/index.php\/2021\/12\/jerome-martiny-en-route-pour-le-dakar-jai-profite-des-dernieres-semaines-pour-me-deconnecter-avant-le-grand-depart\/#primaryimage"},"thumbnailUrl":"https:\/\/fr.motocrossmag.be\/wp-content\/uploads\/2021\/12\/martiny-jerome-portrait-dakar.jpg","datePublished":"2021-12-28T11:17:05+00:00","dateModified":"2021-12-28T11:24:47+00:00","author":{"@id":"https:\/\/fr.motocrossmag.be\/#\/schema\/person\/11b47143d9f755babca2c9110e03235c"},"breadcrumb":{"@id":"https:\/\/fr.motocrossmag.be\/index.php\/2021\/12\/jerome-martiny-en-route-pour-le-dakar-jai-profite-des-dernieres-semaines-pour-me-deconnecter-avant-le-grand-depart\/#breadcrumb"},"inLanguage":"fr-FR","potentialAction":[{"@type":"ReadAction","target":["https:\/\/fr.motocrossmag.be\/index.php\/2021\/12\/jerome-martiny-en-route-pour-le-dakar-jai-profite-des-dernieres-semaines-pour-me-deconnecter-avant-le-grand-depart\/"]}]},{"@type":"ImageObject","inLanguage":"fr-FR","@id":"https:\/\/fr.motocrossmag.be\/index.php\/2021\/12\/jerome-martiny-en-route-pour-le-dakar-jai-profite-des-dernieres-semaines-pour-me-deconnecter-avant-le-grand-depart\/#primaryimage","url":"https:\/\/fr.motocrossmag.be\/wp-content\/uploads\/2021\/12\/martiny-jerome-portrait-dakar.jpg","contentUrl":"https:\/\/fr.motocrossmag.be\/wp-content\/uploads\/2021\/12\/martiny-jerome-portrait-dakar.jpg","width":"1000","height":"600"},{"@type":"BreadcrumbList","@id":"https:\/\/fr.motocrossmag.be\/index.php\/2021\/12\/jerome-martiny-en-route-pour-le-dakar-jai-profite-des-dernieres-semaines-pour-me-deconnecter-avant-le-grand-depart\/#breadcrumb","itemListElement":[{"@type":"ListItem","position":1,"name":"Accueil","item":"https:\/\/fr.motocrossmag.be\/"},{"@type":"ListItem","position":2,"name":"J\u00e9r\u00f4me Martiny en route pour le Dakar : \u00ab\u00a0J&rsquo;ai profit\u00e9 des derni\u00e8res semaines pour me d\u00e9connecter avant le grand d\u00e9part\u00a0\u00bb"}]},{"@type":"WebSite","@id":"https:\/\/fr.motocrossmag.be\/#website","url":"https:\/\/fr.motocrossmag.be\/","name":"Motocross - Enduro - Supermoto | MotocrossMag","description":"L&#039;actualit\u00e9 du motocross, de l&#039;enduro et du Supermoto en ligne!","potentialAction":[{"@type":"SearchAction","target":{"@type":"EntryPoint","urlTemplate":"https:\/\/fr.motocrossmag.be\/?s={search_term_string}"},"query-input":{"@type":"PropertyValueSpecification","valueRequired":true,"valueName":"search_term_string"}}],"inLanguage":"fr-FR"},{"@type":"Person","@id":"https:\/\/fr.motocrossmag.be\/#\/schema\/person\/11b47143d9f755babca2c9110e03235c","name":"oliviere","image":{"@type":"ImageObject","inLanguage":"fr-FR","@id":"https:\/\/secure.gravatar.com\/avatar\/907069e0b81d119452040469e4a7501da1100f54f7f80180ce77bfab718288f6?s=96&d=mm&r=g","url":"https:\/\/secure.gravatar.com\/avatar\/907069e0b81d119452040469e4a7501da1100f54f7f80180ce77bfab718288f6?s=96&d=mm&r=g","contentUrl":"https:\/\/secure.gravatar.com\/avatar\/907069e0b81d119452040469e4a7501da1100f54f7f80180ce77bfab718288f6?s=96&d=mm&r=g","caption":"oliviere"},"sameAs":["http:\/\/www.motocrossmag.be"],"url":"https:\/\/fr.motocrossmag.be\/index.php\/author\/oliviere\/"}]}},"_links":{"self":[{"href":"https:\/\/fr.motocrossmag.be\/index.php\/wp-json\/wp\/v2\/posts\/114502","targetHints":{"allow":["GET"]}}],"collection":[{"href":"https:\/\/fr.motocrossmag.be\/index.php\/wp-json\/wp\/v2\/posts"}],"about":[{"href":"https:\/\/fr.motocrossmag.be\/index.php\/wp-json\/wp\/v2\/types\/post"}],"author":[{"embeddable":true,"href":"https:\/\/fr.motocrossmag.be\/index.php\/wp-json\/wp\/v2\/users\/932"}],"replies":[{"embeddable":true,"href":"https:\/\/fr.motocrossmag.be\/index.php\/wp-json\/wp\/v2\/comments?post=114502"}],"version-history":[{"count":0,"href":"https:\/\/fr.motocrossmag.be\/index.php\/wp-json\/wp\/v2\/posts\/114502\/revisions"}],"wp:featuredmedia":[{"embeddable":true,"href":"https:\/\/fr.motocrossmag.be\/index.php\/wp-json\/wp\/v2\/media\/114503"}],"wp:attachment":[{"href":"https:\/\/fr.motocrossmag.be\/index.php\/wp-json\/wp\/v2\/media?parent=114502"}],"wp:term":[{"taxonomy":"category","embeddable":true,"href":"https:\/\/fr.motocrossmag.be\/index.php\/wp-json\/wp\/v2\/categories?post=114502"},{"taxonomy":"post_tag","embeddable":true,"href":"https:\/\/fr.motocrossmag.be\/index.php\/wp-json\/wp\/v2\/tags?post=114502"}],"curies":[{"name":"wp","href":"https:\/\/api.w.org\/{rel}","templated":true}]}}