{"id":114593,"date":"2022-01-07T16:54:59","date_gmt":"2022-01-07T15:54:59","guid":{"rendered":"http:\/\/fr.motocrossmag.be\/?p=114593"},"modified":"2022-01-07T16:54:59","modified_gmt":"2022-01-07T15:54:59","slug":"adrien-van-beveren-au-sujet-de-la-neutralisation-de-la-speciale-ce-vendredi-cetait-la-bonne-decision-a-prendre","status":"publish","type":"post","link":"https:\/\/fr.motocrossmag.be\/index.php\/2022\/01\/adrien-van-beveren-au-sujet-de-la-neutralisation-de-la-speciale-ce-vendredi-cetait-la-bonne-decision-a-prendre\/","title":{"rendered":"Adrien Van Beveren au sujet de la neutralisation de la sp\u00e9ciale ce vendredi : \u00ab\u00a0C&rsquo;\u00e9tait la bonne d\u00e9cision \u00e0 prendre\u00a0\u00bb"},"content":{"rendered":"<p><strong>Actuel quatri\u00e8me du classement provisoire alors que le rallye se pr\u00e9pare \u00e0 entrer dans sa deuxi\u00e8me semaine de course ce dimanche, Adrien Van Beveren salue la d\u00e9cision de la direction de course qui a neutralis\u00e9 la sp\u00e9ciale de la 6\u00e8me \u00e9tape ce vendredi apr\u00e8s 100 kilom\u00e8tres \u00e0 peine, jug\u00e9e trop dangereuse apr\u00e8s le passage hier des autos et des camions.<\/strong><\/p>\n<p>&nbsp;<\/p>\n<p><iframe class=\"lazyload\" title=\"YouTube video player\" src=\"data:image\/svg+xml,%3Csvg%20xmlns%3D%27http%3A%2F%2Fwww.w3.org%2F2000%2Fsvg%27%20width%3D%27650%27%20height%3D%27366%27%20viewBox%3D%270%200%20650%20366%27%3E%3Crect%20width%3D%27650%27%20height%3D%27366%27%20fill-opacity%3D%220%22%2F%3E%3C%2Fsvg%3E\" data-orig-src=\"https:\/\/www.youtube.com\/embed\/kU25xrG9pw8\" width=\"650\" height=\"366\" frameborder=\"0\" allowfullscreen=\"allowfullscreen\"><\/iframe><\/p>\n","protected":false},"excerpt":{"rendered":"<p>Actuel quatri\u00e8me du classement provisoire alors que le rallye se pr\u00e9pare \u00e0 entrer dans sa deuxi\u00e8me semaine de course ce dimanche, Adrien Van Beveren salue la d\u00e9cision de la direction [&#8230;]<\/p>\n","protected":false},"author":932,"featured_media":114594,"comment_status":"open","ping_status":"closed","sticky":false,"template":"","format":"standard","meta":{"footnotes":""},"categories":[54,58,55,450,65],"tags":[674,1853,962],"class_list":["post-114593","post","type-post","status-publish","format-standard","has-post-thumbnail","hentry","category-actualite","category-interviews-actualite","category-news-actualite","category-rallye","category-slideshow","tag-adrien-van-beveren","tag-dakar-2022","tag-rallye"],"yoast_head":"<!-- This site is optimized with the Yoast SEO plugin v27.4 - https:\/\/yoast.com\/product\/yoast-seo-wordpress\/ -->\n<title>Adrien Van Beveren au sujet de la neutralisation de la sp\u00e9ciale ce vendredi : &quot;C&#039;\u00e9tait la bonne d\u00e9cision \u00e0 prendre&quot; - Motocross - Enduro - Supermoto | MotocrossMag<\/title>\n<meta name=\"robots\" content=\"index, follow, max-snippet:-1, max-image-preview:large, max-video-preview:-1\" \/>\n<link rel=\"canonical\" href=\"https:\/\/fr.motocrossmag.be\/index.php\/2022\/01\/adrien-van-beveren-au-sujet-de-la-neutralisation-de-la-speciale-ce-vendredi-cetait-la-bonne-decision-a-prendre\/\" \/>\n<meta property=\"og:locale\" content=\"fr_FR\" \/>\n<meta property=\"og:type\" content=\"article\" \/>\n<meta property=\"og:title\" content=\"Adrien Van Beveren au sujet de la neutralisation de la sp\u00e9ciale ce vendredi : &quot;C&#039;\u00e9tait la bonne d\u00e9cision \u00e0 prendre&quot; - Motocross - Enduro - Supermoto | MotocrossMag\" \/>\n<meta property=\"og:description\" content=\"Actuel quatri\u00e8me du classement provisoire alors que le rallye se pr\u00e9pare \u00e0 entrer dans sa deuxi\u00e8me semaine de course ce dimanche, Adrien Van Beveren salue la d\u00e9cision de la direction [...]\" \/>\n<meta property=\"og:url\" content=\"https:\/\/fr.motocrossmag.be\/index.php\/2022\/01\/adrien-van-beveren-au-sujet-de-la-neutralisation-de-la-speciale-ce-vendredi-cetait-la-bonne-decision-a-prendre\/\" \/>\n<meta property=\"og:site_name\" content=\"Motocross - Enduro - Supermoto | MotocrossMag\" \/>\n<meta property=\"article:published_time\" content=\"2022-01-07T15:54:59+00:00\" \/>\n<meta property=\"og:image\" content=\"https:\/\/fr.motocrossmag.be\/wp-content\/uploads\/2022\/01\/dakar-adrien-van-beveren.jpg\" \/>\n\t<meta property=\"og:image:width\" content=\"1000\" \/>\n\t<meta property=\"og:image:height\" content=\"666\" \/>\n\t<meta property=\"og:image:type\" content=\"image\/jpeg\" \/>\n<meta name=\"author\" content=\"oliviere\" \/>\n<meta name=\"twitter:card\" content=\"summary_large_image\" \/>\n<meta name=\"twitter:label1\" content=\"\u00c9crit par\" \/>\n\t<meta name=\"twitter:data1\" content=\"oliviere\" \/>\n<script type=\"application\/ld+json\" class=\"yoast-schema-graph\">{\"@context\":\"https:\\\/\\\/schema.org\",\"@graph\":[{\"@type\":\"Article\",\"@id\":\"https:\\\/\\\/fr.motocrossmag.be\\\/index.php\\\/2022\\\/01\\\/adrien-van-beveren-au-sujet-de-la-neutralisation-de-la-speciale-ce-vendredi-cetait-la-bonne-decision-a-prendre\\\/#article\",\"isPartOf\":{\"@id\":\"https:\\\/\\\/fr.motocrossmag.be\\\/index.php\\\/2022\\\/01\\\/adrien-van-beveren-au-sujet-de-la-neutralisation-de-la-speciale-ce-vendredi-cetait-la-bonne-decision-a-prendre\\\/\"},\"author\":{\"name\":\"oliviere\",\"@id\":\"https:\\\/\\\/fr.motocrossmag.be\\\/#\\\/schema\\\/person\\\/11b47143d9f755babca2c9110e03235c\"},\"headline\":\"Adrien Van Beveren au sujet de la neutralisation de la sp\u00e9ciale ce vendredi : \u00ab\u00a0C&rsquo;\u00e9tait la bonne d\u00e9cision \u00e0 prendre\u00a0\u00bb\",\"datePublished\":\"2022-01-07T15:54:59+00:00\",\"mainEntityOfPage\":{\"@id\":\"https:\\\/\\\/fr.motocrossmag.be\\\/index.php\\\/2022\\\/01\\\/adrien-van-beveren-au-sujet-de-la-neutralisation-de-la-speciale-ce-vendredi-cetait-la-bonne-decision-a-prendre\\\/\"},\"wordCount\":88,\"commentCount\":0,\"image\":{\"@id\":\"https:\\\/\\\/fr.motocrossmag.be\\\/index.php\\\/2022\\\/01\\\/adrien-van-beveren-au-sujet-de-la-neutralisation-de-la-speciale-ce-vendredi-cetait-la-bonne-decision-a-prendre\\\/#primaryimage\"},\"thumbnailUrl\":\"https:\\\/\\\/fr.motocrossmag.be\\\/wp-content\\\/uploads\\\/2022\\\/01\\\/dakar-adrien-van-beveren.jpg\",\"keywords\":[\"adrien van beveren\",\"dakar 2022\",\"rallye\"],\"articleSection\":[\"Actualit\u00e9\",\"Interviews -all\",\"News\",\"Rallye-raid\\\/Aventure\",\"Slideshow\"],\"inLanguage\":\"fr-FR\",\"potentialAction\":[{\"@type\":\"CommentAction\",\"name\":\"Comment\",\"target\":[\"https:\\\/\\\/fr.motocrossmag.be\\\/index.php\\\/2022\\\/01\\\/adrien-van-beveren-au-sujet-de-la-neutralisation-de-la-speciale-ce-vendredi-cetait-la-bonne-decision-a-prendre\\\/#respond\"]}]},{\"@type\":\"WebPage\",\"@id\":\"https:\\\/\\\/fr.motocrossmag.be\\\/index.php\\\/2022\\\/01\\\/adrien-van-beveren-au-sujet-de-la-neutralisation-de-la-speciale-ce-vendredi-cetait-la-bonne-decision-a-prendre\\\/\",\"url\":\"https:\\\/\\\/fr.motocrossmag.be\\\/index.php\\\/2022\\\/01\\\/adrien-van-beveren-au-sujet-de-la-neutralisation-de-la-speciale-ce-vendredi-cetait-la-bonne-decision-a-prendre\\\/\",\"name\":\"Adrien Van Beveren au sujet de la neutralisation de la sp\u00e9ciale ce vendredi : \\\"C'\u00e9tait la bonne d\u00e9cision \u00e0 prendre\\\" - Motocross - Enduro - Supermoto | MotocrossMag\",\"isPartOf\":{\"@id\":\"https:\\\/\\\/fr.motocrossmag.be\\\/#website\"},\"primaryImageOfPage\":{\"@id\":\"https:\\\/\\\/fr.motocrossmag.be\\\/index.php\\\/2022\\\/01\\\/adrien-van-beveren-au-sujet-de-la-neutralisation-de-la-speciale-ce-vendredi-cetait-la-bonne-decision-a-prendre\\\/#primaryimage\"},\"image\":{\"@id\":\"https:\\\/\\\/fr.motocrossmag.be\\\/index.php\\\/2022\\\/01\\\/adrien-van-beveren-au-sujet-de-la-neutralisation-de-la-speciale-ce-vendredi-cetait-la-bonne-decision-a-prendre\\\/#primaryimage\"},\"thumbnailUrl\":\"https:\\\/\\\/fr.motocrossmag.be\\\/wp-content\\\/uploads\\\/2022\\\/01\\\/dakar-adrien-van-beveren.jpg\",\"datePublished\":\"2022-01-07T15:54:59+00:00\",\"author\":{\"@id\":\"https:\\\/\\\/fr.motocrossmag.be\\\/#\\\/schema\\\/person\\\/11b47143d9f755babca2c9110e03235c\"},\"breadcrumb\":{\"@id\":\"https:\\\/\\\/fr.motocrossmag.be\\\/index.php\\\/2022\\\/01\\\/adrien-van-beveren-au-sujet-de-la-neutralisation-de-la-speciale-ce-vendredi-cetait-la-bonne-decision-a-prendre\\\/#breadcrumb\"},\"inLanguage\":\"fr-FR\",\"potentialAction\":[{\"@type\":\"ReadAction\",\"target\":[\"https:\\\/\\\/fr.motocrossmag.be\\\/index.php\\\/2022\\\/01\\\/adrien-van-beveren-au-sujet-de-la-neutralisation-de-la-speciale-ce-vendredi-cetait-la-bonne-decision-a-prendre\\\/\"]}]},{\"@type\":\"ImageObject\",\"inLanguage\":\"fr-FR\",\"@id\":\"https:\\\/\\\/fr.motocrossmag.be\\\/index.php\\\/2022\\\/01\\\/adrien-van-beveren-au-sujet-de-la-neutralisation-de-la-speciale-ce-vendredi-cetait-la-bonne-decision-a-prendre\\\/#primaryimage\",\"url\":\"https:\\\/\\\/fr.motocrossmag.be\\\/wp-content\\\/uploads\\\/2022\\\/01\\\/dakar-adrien-van-beveren.jpg\",\"contentUrl\":\"https:\\\/\\\/fr.motocrossmag.be\\\/wp-content\\\/uploads\\\/2022\\\/01\\\/dakar-adrien-van-beveren.jpg\",\"width\":\"1000\",\"height\":\"666\"},{\"@type\":\"BreadcrumbList\",\"@id\":\"https:\\\/\\\/fr.motocrossmag.be\\\/index.php\\\/2022\\\/01\\\/adrien-van-beveren-au-sujet-de-la-neutralisation-de-la-speciale-ce-vendredi-cetait-la-bonne-decision-a-prendre\\\/#breadcrumb\",\"itemListElement\":[{\"@type\":\"ListItem\",\"position\":1,\"name\":\"Accueil\",\"item\":\"https:\\\/\\\/fr.motocrossmag.be\\\/\"},{\"@type\":\"ListItem\",\"position\":2,\"name\":\"Adrien Van Beveren au sujet de la neutralisation de la sp\u00e9ciale ce vendredi : \u00ab\u00a0C&rsquo;\u00e9tait la bonne d\u00e9cision \u00e0 prendre\u00a0\u00bb\"}]},{\"@type\":\"WebSite\",\"@id\":\"https:\\\/\\\/fr.motocrossmag.be\\\/#website\",\"url\":\"https:\\\/\\\/fr.motocrossmag.be\\\/\",\"name\":\"Motocross - Enduro - Supermoto | MotocrossMag\",\"description\":\"L&#039;actualit\u00e9 du motocross, de l&#039;enduro et du Supermoto en ligne!\",\"potentialAction\":[{\"@type\":\"SearchAction\",\"target\":{\"@type\":\"EntryPoint\",\"urlTemplate\":\"https:\\\/\\\/fr.motocrossmag.be\\\/?s={search_term_string}\"},\"query-input\":{\"@type\":\"PropertyValueSpecification\",\"valueRequired\":true,\"valueName\":\"search_term_string\"}}],\"inLanguage\":\"fr-FR\"},{\"@type\":\"Person\",\"@id\":\"https:\\\/\\\/fr.motocrossmag.be\\\/#\\\/schema\\\/person\\\/11b47143d9f755babca2c9110e03235c\",\"name\":\"oliviere\",\"image\":{\"@type\":\"ImageObject\",\"inLanguage\":\"fr-FR\",\"@id\":\"https:\\\/\\\/secure.gravatar.com\\\/avatar\\\/907069e0b81d119452040469e4a7501da1100f54f7f80180ce77bfab718288f6?s=96&d=mm&r=g\",\"url\":\"https:\\\/\\\/secure.gravatar.com\\\/avatar\\\/907069e0b81d119452040469e4a7501da1100f54f7f80180ce77bfab718288f6?s=96&d=mm&r=g\",\"contentUrl\":\"https:\\\/\\\/secure.gravatar.com\\\/avatar\\\/907069e0b81d119452040469e4a7501da1100f54f7f80180ce77bfab718288f6?s=96&d=mm&r=g\",\"caption\":\"oliviere\"},\"sameAs\":[\"http:\\\/\\\/www.motocrossmag.be\"],\"url\":\"https:\\\/\\\/fr.motocrossmag.be\\\/index.php\\\/author\\\/oliviere\\\/\"}]}<\/script>\n<!-- \/ Yoast SEO plugin. -->","yoast_head_json":{"title":"Adrien Van Beveren au sujet de la neutralisation de la sp\u00e9ciale ce vendredi : \"C'\u00e9tait la bonne d\u00e9cision \u00e0 prendre\" - Motocross - Enduro - Supermoto | MotocrossMag","robots":{"index":"index","follow":"follow","max-snippet":"max-snippet:-1","max-image-preview":"max-image-preview:large","max-video-preview":"max-video-preview:-1"},"canonical":"https:\/\/fr.motocrossmag.be\/index.php\/2022\/01\/adrien-van-beveren-au-sujet-de-la-neutralisation-de-la-speciale-ce-vendredi-cetait-la-bonne-decision-a-prendre\/","og_locale":"fr_FR","og_type":"article","og_title":"Adrien Van Beveren au sujet de la neutralisation de la sp\u00e9ciale ce vendredi : \"C'\u00e9tait la bonne d\u00e9cision \u00e0 prendre\" - Motocross - Enduro - Supermoto | MotocrossMag","og_description":"Actuel quatri\u00e8me du classement provisoire alors que le rallye se pr\u00e9pare \u00e0 entrer dans sa deuxi\u00e8me semaine de course ce dimanche, Adrien Van Beveren salue la d\u00e9cision de la direction [...]","og_url":"https:\/\/fr.motocrossmag.be\/index.php\/2022\/01\/adrien-van-beveren-au-sujet-de-la-neutralisation-de-la-speciale-ce-vendredi-cetait-la-bonne-decision-a-prendre\/","og_site_name":"Motocross - Enduro - Supermoto | MotocrossMag","article_published_time":"2022-01-07T15:54:59+00:00","og_image":[{"width":1000,"height":666,"url":"https:\/\/fr.motocrossmag.be\/wp-content\/uploads\/2022\/01\/dakar-adrien-van-beveren.jpg","type":"image\/jpeg"}],"author":"oliviere","twitter_card":"summary_large_image","twitter_misc":{"\u00c9crit par":"oliviere"},"schema":{"@context":"https:\/\/schema.org","@graph":[{"@type":"Article","@id":"https:\/\/fr.motocrossmag.be\/index.php\/2022\/01\/adrien-van-beveren-au-sujet-de-la-neutralisation-de-la-speciale-ce-vendredi-cetait-la-bonne-decision-a-prendre\/#article","isPartOf":{"@id":"https:\/\/fr.motocrossmag.be\/index.php\/2022\/01\/adrien-van-beveren-au-sujet-de-la-neutralisation-de-la-speciale-ce-vendredi-cetait-la-bonne-decision-a-prendre\/"},"author":{"name":"oliviere","@id":"https:\/\/fr.motocrossmag.be\/#\/schema\/person\/11b47143d9f755babca2c9110e03235c"},"headline":"Adrien Van Beveren au sujet de la neutralisation de la sp\u00e9ciale ce vendredi : \u00ab\u00a0C&rsquo;\u00e9tait la bonne d\u00e9cision \u00e0 prendre\u00a0\u00bb","datePublished":"2022-01-07T15:54:59+00:00","mainEntityOfPage":{"@id":"https:\/\/fr.motocrossmag.be\/index.php\/2022\/01\/adrien-van-beveren-au-sujet-de-la-neutralisation-de-la-speciale-ce-vendredi-cetait-la-bonne-decision-a-prendre\/"},"wordCount":88,"commentCount":0,"image":{"@id":"https:\/\/fr.motocrossmag.be\/index.php\/2022\/01\/adrien-van-beveren-au-sujet-de-la-neutralisation-de-la-speciale-ce-vendredi-cetait-la-bonne-decision-a-prendre\/#primaryimage"},"thumbnailUrl":"https:\/\/fr.motocrossmag.be\/wp-content\/uploads\/2022\/01\/dakar-adrien-van-beveren.jpg","keywords":["adrien van beveren","dakar 2022","rallye"],"articleSection":["Actualit\u00e9","Interviews -all","News","Rallye-raid\/Aventure","Slideshow"],"inLanguage":"fr-FR","potentialAction":[{"@type":"CommentAction","name":"Comment","target":["https:\/\/fr.motocrossmag.be\/index.php\/2022\/01\/adrien-van-beveren-au-sujet-de-la-neutralisation-de-la-speciale-ce-vendredi-cetait-la-bonne-decision-a-prendre\/#respond"]}]},{"@type":"WebPage","@id":"https:\/\/fr.motocrossmag.be\/index.php\/2022\/01\/adrien-van-beveren-au-sujet-de-la-neutralisation-de-la-speciale-ce-vendredi-cetait-la-bonne-decision-a-prendre\/","url":"https:\/\/fr.motocrossmag.be\/index.php\/2022\/01\/adrien-van-beveren-au-sujet-de-la-neutralisation-de-la-speciale-ce-vendredi-cetait-la-bonne-decision-a-prendre\/","name":"Adrien Van Beveren au sujet de la neutralisation de la sp\u00e9ciale ce vendredi : \"C'\u00e9tait la bonne d\u00e9cision \u00e0 prendre\" - Motocross - Enduro - Supermoto | MotocrossMag","isPartOf":{"@id":"https:\/\/fr.motocrossmag.be\/#website"},"primaryImageOfPage":{"@id":"https:\/\/fr.motocrossmag.be\/index.php\/2022\/01\/adrien-van-beveren-au-sujet-de-la-neutralisation-de-la-speciale-ce-vendredi-cetait-la-bonne-decision-a-prendre\/#primaryimage"},"image":{"@id":"https:\/\/fr.motocrossmag.be\/index.php\/2022\/01\/adrien-van-beveren-au-sujet-de-la-neutralisation-de-la-speciale-ce-vendredi-cetait-la-bonne-decision-a-prendre\/#primaryimage"},"thumbnailUrl":"https:\/\/fr.motocrossmag.be\/wp-content\/uploads\/2022\/01\/dakar-adrien-van-beveren.jpg","datePublished":"2022-01-07T15:54:59+00:00","author":{"@id":"https:\/\/fr.motocrossmag.be\/#\/schema\/person\/11b47143d9f755babca2c9110e03235c"},"breadcrumb":{"@id":"https:\/\/fr.motocrossmag.be\/index.php\/2022\/01\/adrien-van-beveren-au-sujet-de-la-neutralisation-de-la-speciale-ce-vendredi-cetait-la-bonne-decision-a-prendre\/#breadcrumb"},"inLanguage":"fr-FR","potentialAction":[{"@type":"ReadAction","target":["https:\/\/fr.motocrossmag.be\/index.php\/2022\/01\/adrien-van-beveren-au-sujet-de-la-neutralisation-de-la-speciale-ce-vendredi-cetait-la-bonne-decision-a-prendre\/"]}]},{"@type":"ImageObject","inLanguage":"fr-FR","@id":"https:\/\/fr.motocrossmag.be\/index.php\/2022\/01\/adrien-van-beveren-au-sujet-de-la-neutralisation-de-la-speciale-ce-vendredi-cetait-la-bonne-decision-a-prendre\/#primaryimage","url":"https:\/\/fr.motocrossmag.be\/wp-content\/uploads\/2022\/01\/dakar-adrien-van-beveren.jpg","contentUrl":"https:\/\/fr.motocrossmag.be\/wp-content\/uploads\/2022\/01\/dakar-adrien-van-beveren.jpg","width":"1000","height":"666"},{"@type":"BreadcrumbList","@id":"https:\/\/fr.motocrossmag.be\/index.php\/2022\/01\/adrien-van-beveren-au-sujet-de-la-neutralisation-de-la-speciale-ce-vendredi-cetait-la-bonne-decision-a-prendre\/#breadcrumb","itemListElement":[{"@type":"ListItem","position":1,"name":"Accueil","item":"https:\/\/fr.motocrossmag.be\/"},{"@type":"ListItem","position":2,"name":"Adrien Van Beveren au sujet de la neutralisation de la sp\u00e9ciale ce vendredi : \u00ab\u00a0C&rsquo;\u00e9tait la bonne d\u00e9cision \u00e0 prendre\u00a0\u00bb"}]},{"@type":"WebSite","@id":"https:\/\/fr.motocrossmag.be\/#website","url":"https:\/\/fr.motocrossmag.be\/","name":"Motocross - Enduro - Supermoto | MotocrossMag","description":"L&#039;actualit\u00e9 du motocross, de l&#039;enduro et du Supermoto en ligne!","potentialAction":[{"@type":"SearchAction","target":{"@type":"EntryPoint","urlTemplate":"https:\/\/fr.motocrossmag.be\/?s={search_term_string}"},"query-input":{"@type":"PropertyValueSpecification","valueRequired":true,"valueName":"search_term_string"}}],"inLanguage":"fr-FR"},{"@type":"Person","@id":"https:\/\/fr.motocrossmag.be\/#\/schema\/person\/11b47143d9f755babca2c9110e03235c","name":"oliviere","image":{"@type":"ImageObject","inLanguage":"fr-FR","@id":"https:\/\/secure.gravatar.com\/avatar\/907069e0b81d119452040469e4a7501da1100f54f7f80180ce77bfab718288f6?s=96&d=mm&r=g","url":"https:\/\/secure.gravatar.com\/avatar\/907069e0b81d119452040469e4a7501da1100f54f7f80180ce77bfab718288f6?s=96&d=mm&r=g","contentUrl":"https:\/\/secure.gravatar.com\/avatar\/907069e0b81d119452040469e4a7501da1100f54f7f80180ce77bfab718288f6?s=96&d=mm&r=g","caption":"oliviere"},"sameAs":["http:\/\/www.motocrossmag.be"],"url":"https:\/\/fr.motocrossmag.be\/index.php\/author\/oliviere\/"}]}},"_links":{"self":[{"href":"https:\/\/fr.motocrossmag.be\/index.php\/wp-json\/wp\/v2\/posts\/114593","targetHints":{"allow":["GET"]}}],"collection":[{"href":"https:\/\/fr.motocrossmag.be\/index.php\/wp-json\/wp\/v2\/posts"}],"about":[{"href":"https:\/\/fr.motocrossmag.be\/index.php\/wp-json\/wp\/v2\/types\/post"}],"author":[{"embeddable":true,"href":"https:\/\/fr.motocrossmag.be\/index.php\/wp-json\/wp\/v2\/users\/932"}],"replies":[{"embeddable":true,"href":"https:\/\/fr.motocrossmag.be\/index.php\/wp-json\/wp\/v2\/comments?post=114593"}],"version-history":[{"count":0,"href":"https:\/\/fr.motocrossmag.be\/index.php\/wp-json\/wp\/v2\/posts\/114593\/revisions"}],"wp:featuredmedia":[{"embeddable":true,"href":"https:\/\/fr.motocrossmag.be\/index.php\/wp-json\/wp\/v2\/media\/114594"}],"wp:attachment":[{"href":"https:\/\/fr.motocrossmag.be\/index.php\/wp-json\/wp\/v2\/media?parent=114593"}],"wp:term":[{"taxonomy":"category","embeddable":true,"href":"https:\/\/fr.motocrossmag.be\/index.php\/wp-json\/wp\/v2\/categories?post=114593"},{"taxonomy":"post_tag","embeddable":true,"href":"https:\/\/fr.motocrossmag.be\/index.php\/wp-json\/wp\/v2\/tags?post=114593"}],"curies":[{"name":"wp","href":"https:\/\/api.w.org\/{rel}","templated":true}]}}