{"id":114689,"date":"2022-01-21T17:00:39","date_gmt":"2022-01-21T16:00:39","guid":{"rendered":"http:\/\/fr.motocrossmag.be\/?p=114689"},"modified":"2022-01-21T17:00:39","modified_gmt":"2022-01-21T16:00:39","slug":"kenny-vandueren-jai-tout-de-suite-vu-le-potentiel-et-la-motivation-de-maxime-renaux","status":"publish","type":"post","link":"https:\/\/fr.motocrossmag.be\/index.php\/2022\/01\/kenny-vandueren-jai-tout-de-suite-vu-le-potentiel-et-la-motivation-de-maxime-renaux\/","title":{"rendered":"Kenny Vandueren : \u00ab\u00a0J&rsquo;ai tout de suite vu le potentiel et la motivation de Maxime Renaux\u00a0\u00bb"},"content":{"rendered":"<p><strong>Depuis qu&rsquo;il a d\u00e9cid\u00e9 de se retirer de la course, Kenny Vandueren est rest\u00e9 tr\u00e8s impliqu\u00e9 dans le sport. Il a chang\u00e9 de r\u00f4le pour endosser celui d&rsquo;entra\u00eeneur. Le Belge a travaill\u00e9 en \u00e9troite collaboration avec Maxime Renaux, Thibault Benistant et Benoit Paturel, avec les r\u00e9sultats que l&rsquo;on conna\u00eet.<\/strong><\/p>\n<p>La saison 2021 a \u00e9t\u00e9 tr\u00e8s particuli\u00e8re en ce qui concerne Renaux car son travail acharn\u00e9 a port\u00e9 ses fruits avec le gain du titre de champion du monde MX2. Vandueren \u00e9tait dans l&rsquo;ombre de ce succ\u00e8s. Le talent fran\u00e7ais a un nouveau d\u00e9fi qui l&rsquo;attend pour la saison 2022 puisqu&rsquo;il a d\u00e9cid\u00e9 de faire le saut vers le championnat du monde MXGP.<\/p>\n<p>Vandueren vient \u00e9galement commenc\u00e9 \u00e0 travailler avec Glenn Coldenhoff.<\/p>\n<p><strong>Kenny, commen\u00e7ons par la saison 2021 \u2013 quelle saison pour Maxime Renaux ! Il \u00e9tait l&rsquo;outsider pour le titre au d\u00e9but de la saison, mais pensais-tu qu&rsquo;il serait si fort?<\/strong><\/p>\n<p>Kenny Vandueren: \u00ab\u00a0Lorsque je me suis entra\u00een\u00e9 intensivement avec Maxime pour la premi\u00e8re fois en d\u00e9cembre, j&rsquo;ai tout de suite vu que j&rsquo;avais quelqu&rsquo;un avec moi avec beaucoup de motivation et d&rsquo;engagement et un objectif clair pour 2021. Les tests physiques et les valeurs ont \u00e9galement montr\u00e9 qu&rsquo;il avait un corps exceptionnellement fort par rapport \u00e0 un athl\u00e8te standard, il fallait juste le surveiller de pr\u00e8s, ce que je fais en collaboration avec Yente Dourte. Je suis donc tr\u00e8s fier d&rsquo;avoir pu, d\u00e8s ma premi\u00e8re ann\u00e9e, travailler aux c\u00f4t\u00e9s de Maxime dans un team d&rsquo;usine et de remporter le titre.\u00a0\u00bb<\/p>\n<p><img decoding=\"async\" class=\"lazyload alignnone size-full wp-image-114695\" src=\"http:\/\/fr.motocrossmag.be\/wp-content\/uploads\/2022\/01\/Vandueren.jpg\" data-orig-src=\"http:\/\/fr.motocrossmag.be\/wp-content\/uploads\/2022\/01\/Vandueren.jpg\" alt=\"\" width=\"847\" height=\"612\" srcset=\"data:image\/svg+xml,%3Csvg%20xmlns%3D%27http%3A%2F%2Fwww.w3.org%2F2000%2Fsvg%27%20width%3D%27847%27%20height%3D%27612%27%20viewBox%3D%270%200%20847%20612%27%3E%3Crect%20width%3D%27847%27%20height%3D%27612%27%20fill-opacity%3D%220%22%2F%3E%3C%2Fsvg%3E\" data-srcset=\"https:\/\/fr.motocrossmag.be\/wp-content\/uploads\/2022\/01\/Vandueren-650x470.jpg 650w, https:\/\/fr.motocrossmag.be\/wp-content\/uploads\/2022\/01\/Vandueren-768x555.jpg 768w, https:\/\/fr.motocrossmag.be\/wp-content\/uploads\/2022\/01\/Vandueren.jpg 847w\" data-sizes=\"auto\" data-orig-sizes=\"(max-width: 847px) 100vw, 847px\" \/><\/p>\n<p><strong>Apr\u00e8s avoir remport\u00e9 le titre mondial MX2, Renaux a d\u00e9cid\u00e9 de passer \u00e0 la cat\u00e9gorie MXGP. La d\u00e9cision facile aurait \u00e9t\u00e9 de rester en MX2. Que penses-tu de sa d\u00e9cision de passer \u00e0 la vitesse sup\u00e9rieure ?<\/strong><\/p>\n<p>Kenny Vandueren : \u00ab\u00a0Comme je l&rsquo;ai mentionn\u00e9, je sais \u00e0 quel point Maxime est fort et j&rsquo;aime ce changement. La sensation sur la 450cc est d\u00e9finitivement bonne. Nous sommes bien s\u00fbr au plus haut niveau et je ne pense pas que le niveau du MXGP ait jamais \u00e9t\u00e9 aussi fort que la saison pass\u00e9e.\u00a0\u00bb<\/p>\n<p><strong>Bien qu&rsquo;il ait rat\u00e9 les deux derni\u00e8res manches de la s\u00e9rie en raison d&rsquo;une blessure, Thibault Benistant a tout de m\u00eame termin\u00e9 huiti\u00e8me au classement du championnat du monde. As-tu \u00e9t\u00e9 satisfait de sa premi\u00e8re saison mondiale et qu&rsquo;attends-tu de lui en 2022 ?<\/strong><\/p>\n<p>Kenny Vandueren: \u00ab\u00a0Il est encore tr\u00e8s t\u00f4t pour le dire, nous savons que Thibault est un pilote tr\u00e8s talentueux car il a montr\u00e9 l&rsquo;ann\u00e9e derni\u00e8re qu&rsquo;il peut gagner des manches. Il a beaucoup de temps devant lui pour se battre pour le titre. Avec sa blessure, nous allons maintenant nous concentrer sur sa r\u00e9\u00e9ducation \u00e0 Anvers avec Bert Driesen de chez MOVETOCURE d&rsquo;abord pour le remettre en bonne sant\u00e9 et en forme sur la moto. \u00c0 partir de l\u00e0, je vais \u00e9crire le programme de l&rsquo;ann\u00e9e pour la saison \u00e0 venir et essayer de travailler sur ses faiblesses. J&rsquo;ai h\u00e2te de le voir grandir davantage !\u00a0\u00bb<\/p>\n<p><strong>Malheureusement, Benoit Paturel n&rsquo;a pas eu de saison sans blessure, mais quand il a fait son retour. Il a montr\u00e9 une tr\u00e8s bonne vitesse en se battant dans le top dix. As-tu \u00e9t\u00e9 satisfait de la fa\u00e7on dont il a termin\u00e9 la saison et \u00e0 quel point est-il important pour lui de ne pas se blesser durant la saison prochaine\u00a0?<\/strong><\/p>\n<p>Kenny Vandueren\u00a0: \u00ab\u00a0Exact\u00a0! Il a eu peu de chance dans sa pr\u00e9paration avant le d\u00e9but des GP, il a contract\u00e9 un virus lourd et a tout mis en attente. Il a donc d\u00fb se reposer pendant quelques mois, ce qui n&rsquo;\u00e9tait pas id\u00e9al. Je n&rsquo;aurais pas pu souhaiter mieux sa fin de saison apr\u00e8s ce qu&rsquo;il a travers\u00e9, le voyant toujours se battre devant. Nous sommes en bonne voie. C&rsquo;est le dr\u00f4le d&rsquo;entre nous qui fait rire tout le monde et travailler tous ensemble en \u00e9quipe avec les autres le rendra plus fort !<\/p>\n<p><strong>La saison MXGP devrait d\u00e9buter en f\u00e9vrier, vous n&rsquo;avez donc que peu de temps pour travailler avec les pilotes, mais il semble que vous ayez d\u00e9j\u00e0 travaill\u00e9 dur avec eux&#8230;<br \/>\n<\/strong><\/p>\n<p>Kenny Vandueren: \u00ab\u00a0Nous avons commenc\u00e9 \u00e0 travailler sur beaucoup de fitness \/ physique hors v\u00e9lo, comme notamment en Espagne, \u00e0 Calpe. Et fondamentalement, \u00e0 partir de d\u00e9but d\u00e9cembre, c&rsquo;est \u00e0 ce moment-l\u00e0 que nous commen\u00e7ons vraiment le travail. Je pars maintenant en Sardaigne pour commencer \u00e0 m&rsquo;entra\u00eener avec eux. J&rsquo;ai vraiment h\u00e2te que la saison ne commence.\u00a0\u00bb<\/p>\n<p>\u00ab\u00a0Le motocross est un sport dangereux, vous devez donc donner la priorit\u00e9 \u00e0 la s\u00e9curit\u00e9 sur tout le reste. Vous devez savoir quand il est bon de les pousser hors de moto et quand vous devez les laisser r\u00e9cup\u00e9rer. C&rsquo;est la chose la plus difficile \u00e0 \u00e9quilibrer. Si vous allez faire de la musculation \u00e0 la salle de sport et que vous vous r\u00e9veillez vraiment endolori et fatigu\u00e9 le lendemain, eh bien, ce n&rsquo;est pas dangereux de sauter sur une moto et de rouler pendant quelques heures, mais s&rsquo;ils se r\u00e9veillent vraiment endoloris et fatigu\u00e9s et que vous essayez de leur faire faire cinquante tours \u00e0 cent pour cent d&rsquo;effort sur une piste de motocross, c&rsquo;est l\u00e0 que cela commence \u00e0 devenir dangereux. C&rsquo;est mon travail de faire le suivi de chaque pilote. C&rsquo;est ce que je fais d\u00e9sormais au quotidien et c&rsquo;est pourquoi j&rsquo;aime tellement \u00e7a\u00a0!\u00a0\u00bb<\/p>\n","protected":false},"excerpt":{"rendered":"<p>Depuis qu&rsquo;il a d\u00e9cid\u00e9 de se retirer de la course, Kenny Vandueren est rest\u00e9 tr\u00e8s impliqu\u00e9 dans le sport. Il a chang\u00e9 de r\u00f4le pour endosser celui d&rsquo;entra\u00eeneur. Le Belge [&#8230;]<\/p>\n","protected":false},"author":932,"featured_media":114696,"comment_status":"open","ping_status":"closed","sticky":false,"template":"","format":"standard","meta":{"footnotes":""},"categories":[54,7,58,4,5,55,65],"tags":[267,947],"class_list":["post-114689","post","type-post","status-publish","format-standard","has-post-thumbnail","hentry","category-actualite","category-interviews","category-interviews-actualite","category-motocross","category-news","category-news-actualite","category-slideshow","tag-kenny-vandueren","tag-motocross"],"yoast_head":"<!-- This site is optimized with the Yoast SEO plugin v27.4 - https:\/\/yoast.com\/product\/yoast-seo-wordpress\/ -->\n<title>Kenny Vandueren : &quot;J&#039;ai tout de suite vu le potentiel et la motivation de Maxime Renaux&quot; - Motocross - Enduro - Supermoto | MotocrossMag<\/title>\n<meta name=\"robots\" content=\"index, follow, max-snippet:-1, max-image-preview:large, max-video-preview:-1\" \/>\n<link rel=\"canonical\" href=\"https:\/\/fr.motocrossmag.be\/index.php\/2022\/01\/kenny-vandueren-jai-tout-de-suite-vu-le-potentiel-et-la-motivation-de-maxime-renaux\/\" \/>\n<meta property=\"og:locale\" content=\"fr_FR\" \/>\n<meta property=\"og:type\" content=\"article\" \/>\n<meta property=\"og:title\" content=\"Kenny Vandueren : &quot;J&#039;ai tout de suite vu le potentiel et la motivation de Maxime Renaux&quot; - Motocross - Enduro - Supermoto | MotocrossMag\" \/>\n<meta property=\"og:description\" content=\"Depuis qu&rsquo;il a d\u00e9cid\u00e9 de se retirer de la course, Kenny Vandueren est rest\u00e9 tr\u00e8s impliqu\u00e9 dans le sport. Il a chang\u00e9 de r\u00f4le pour endosser celui d&rsquo;entra\u00eeneur. Le Belge [...]\" \/>\n<meta property=\"og:url\" content=\"https:\/\/fr.motocrossmag.be\/index.php\/2022\/01\/kenny-vandueren-jai-tout-de-suite-vu-le-potentiel-et-la-motivation-de-maxime-renaux\/\" \/>\n<meta property=\"og:site_name\" content=\"Motocross - Enduro - Supermoto | MotocrossMag\" \/>\n<meta property=\"article:published_time\" content=\"2022-01-21T16:00:39+00:00\" \/>\n<meta property=\"og:image\" content=\"https:\/\/fr.motocrossmag.be\/wp-content\/uploads\/2022\/01\/Vandueren-renaux.jpg\" \/>\n\t<meta property=\"og:image:width\" content=\"1000\" \/>\n\t<meta property=\"og:image:height\" content=\"667\" \/>\n\t<meta property=\"og:image:type\" content=\"image\/jpeg\" \/>\n<meta name=\"author\" content=\"oliviere\" \/>\n<meta name=\"twitter:card\" content=\"summary_large_image\" \/>\n<meta name=\"twitter:label1\" content=\"\u00c9crit par\" \/>\n\t<meta name=\"twitter:data1\" content=\"oliviere\" \/>\n\t<meta name=\"twitter:label2\" content=\"Dur\u00e9e de lecture estim\u00e9e\" \/>\n\t<meta name=\"twitter:data2\" content=\"5 minutes\" \/>\n<script type=\"application\/ld+json\" class=\"yoast-schema-graph\">{\"@context\":\"https:\\\/\\\/schema.org\",\"@graph\":[{\"@type\":\"Article\",\"@id\":\"https:\\\/\\\/fr.motocrossmag.be\\\/index.php\\\/2022\\\/01\\\/kenny-vandueren-jai-tout-de-suite-vu-le-potentiel-et-la-motivation-de-maxime-renaux\\\/#article\",\"isPartOf\":{\"@id\":\"https:\\\/\\\/fr.motocrossmag.be\\\/index.php\\\/2022\\\/01\\\/kenny-vandueren-jai-tout-de-suite-vu-le-potentiel-et-la-motivation-de-maxime-renaux\\\/\"},\"author\":{\"name\":\"oliviere\",\"@id\":\"https:\\\/\\\/fr.motocrossmag.be\\\/#\\\/schema\\\/person\\\/11b47143d9f755babca2c9110e03235c\"},\"headline\":\"Kenny Vandueren : \u00ab\u00a0J&rsquo;ai tout de suite vu le potentiel et la motivation de Maxime Renaux\u00a0\u00bb\",\"datePublished\":\"2022-01-21T16:00:39+00:00\",\"mainEntityOfPage\":{\"@id\":\"https:\\\/\\\/fr.motocrossmag.be\\\/index.php\\\/2022\\\/01\\\/kenny-vandueren-jai-tout-de-suite-vu-le-potentiel-et-la-motivation-de-maxime-renaux\\\/\"},\"wordCount\":978,\"commentCount\":0,\"image\":{\"@id\":\"https:\\\/\\\/fr.motocrossmag.be\\\/index.php\\\/2022\\\/01\\\/kenny-vandueren-jai-tout-de-suite-vu-le-potentiel-et-la-motivation-de-maxime-renaux\\\/#primaryimage\"},\"thumbnailUrl\":\"https:\\\/\\\/fr.motocrossmag.be\\\/wp-content\\\/uploads\\\/2022\\\/01\\\/Vandueren-renaux.jpg\",\"keywords\":[\"Kenny Vandueren\",\"Motocross\"],\"articleSection\":[\"Actualit\u00e9\",\"Interviews\",\"Interviews -all\",\"Motocross\",\"News\",\"News\",\"Slideshow\"],\"inLanguage\":\"fr-FR\",\"potentialAction\":[{\"@type\":\"CommentAction\",\"name\":\"Comment\",\"target\":[\"https:\\\/\\\/fr.motocrossmag.be\\\/index.php\\\/2022\\\/01\\\/kenny-vandueren-jai-tout-de-suite-vu-le-potentiel-et-la-motivation-de-maxime-renaux\\\/#respond\"]}]},{\"@type\":\"WebPage\",\"@id\":\"https:\\\/\\\/fr.motocrossmag.be\\\/index.php\\\/2022\\\/01\\\/kenny-vandueren-jai-tout-de-suite-vu-le-potentiel-et-la-motivation-de-maxime-renaux\\\/\",\"url\":\"https:\\\/\\\/fr.motocrossmag.be\\\/index.php\\\/2022\\\/01\\\/kenny-vandueren-jai-tout-de-suite-vu-le-potentiel-et-la-motivation-de-maxime-renaux\\\/\",\"name\":\"Kenny Vandueren : \\\"J'ai tout de suite vu le potentiel et la motivation de Maxime Renaux\\\" - Motocross - Enduro - Supermoto | MotocrossMag\",\"isPartOf\":{\"@id\":\"https:\\\/\\\/fr.motocrossmag.be\\\/#website\"},\"primaryImageOfPage\":{\"@id\":\"https:\\\/\\\/fr.motocrossmag.be\\\/index.php\\\/2022\\\/01\\\/kenny-vandueren-jai-tout-de-suite-vu-le-potentiel-et-la-motivation-de-maxime-renaux\\\/#primaryimage\"},\"image\":{\"@id\":\"https:\\\/\\\/fr.motocrossmag.be\\\/index.php\\\/2022\\\/01\\\/kenny-vandueren-jai-tout-de-suite-vu-le-potentiel-et-la-motivation-de-maxime-renaux\\\/#primaryimage\"},\"thumbnailUrl\":\"https:\\\/\\\/fr.motocrossmag.be\\\/wp-content\\\/uploads\\\/2022\\\/01\\\/Vandueren-renaux.jpg\",\"datePublished\":\"2022-01-21T16:00:39+00:00\",\"author\":{\"@id\":\"https:\\\/\\\/fr.motocrossmag.be\\\/#\\\/schema\\\/person\\\/11b47143d9f755babca2c9110e03235c\"},\"breadcrumb\":{\"@id\":\"https:\\\/\\\/fr.motocrossmag.be\\\/index.php\\\/2022\\\/01\\\/kenny-vandueren-jai-tout-de-suite-vu-le-potentiel-et-la-motivation-de-maxime-renaux\\\/#breadcrumb\"},\"inLanguage\":\"fr-FR\",\"potentialAction\":[{\"@type\":\"ReadAction\",\"target\":[\"https:\\\/\\\/fr.motocrossmag.be\\\/index.php\\\/2022\\\/01\\\/kenny-vandueren-jai-tout-de-suite-vu-le-potentiel-et-la-motivation-de-maxime-renaux\\\/\"]}]},{\"@type\":\"ImageObject\",\"inLanguage\":\"fr-FR\",\"@id\":\"https:\\\/\\\/fr.motocrossmag.be\\\/index.php\\\/2022\\\/01\\\/kenny-vandueren-jai-tout-de-suite-vu-le-potentiel-et-la-motivation-de-maxime-renaux\\\/#primaryimage\",\"url\":\"https:\\\/\\\/fr.motocrossmag.be\\\/wp-content\\\/uploads\\\/2022\\\/01\\\/Vandueren-renaux.jpg\",\"contentUrl\":\"https:\\\/\\\/fr.motocrossmag.be\\\/wp-content\\\/uploads\\\/2022\\\/01\\\/Vandueren-renaux.jpg\",\"width\":\"1000\",\"height\":\"667\"},{\"@type\":\"BreadcrumbList\",\"@id\":\"https:\\\/\\\/fr.motocrossmag.be\\\/index.php\\\/2022\\\/01\\\/kenny-vandueren-jai-tout-de-suite-vu-le-potentiel-et-la-motivation-de-maxime-renaux\\\/#breadcrumb\",\"itemListElement\":[{\"@type\":\"ListItem\",\"position\":1,\"name\":\"Accueil\",\"item\":\"https:\\\/\\\/fr.motocrossmag.be\\\/\"},{\"@type\":\"ListItem\",\"position\":2,\"name\":\"Kenny Vandueren : \u00ab\u00a0J&rsquo;ai tout de suite vu le potentiel et la motivation de Maxime Renaux\u00a0\u00bb\"}]},{\"@type\":\"WebSite\",\"@id\":\"https:\\\/\\\/fr.motocrossmag.be\\\/#website\",\"url\":\"https:\\\/\\\/fr.motocrossmag.be\\\/\",\"name\":\"Motocross - Enduro - Supermoto | MotocrossMag\",\"description\":\"L&#039;actualit\u00e9 du motocross, de l&#039;enduro et du Supermoto en ligne!\",\"potentialAction\":[{\"@type\":\"SearchAction\",\"target\":{\"@type\":\"EntryPoint\",\"urlTemplate\":\"https:\\\/\\\/fr.motocrossmag.be\\\/?s={search_term_string}\"},\"query-input\":{\"@type\":\"PropertyValueSpecification\",\"valueRequired\":true,\"valueName\":\"search_term_string\"}}],\"inLanguage\":\"fr-FR\"},{\"@type\":\"Person\",\"@id\":\"https:\\\/\\\/fr.motocrossmag.be\\\/#\\\/schema\\\/person\\\/11b47143d9f755babca2c9110e03235c\",\"name\":\"oliviere\",\"image\":{\"@type\":\"ImageObject\",\"inLanguage\":\"fr-FR\",\"@id\":\"https:\\\/\\\/secure.gravatar.com\\\/avatar\\\/907069e0b81d119452040469e4a7501da1100f54f7f80180ce77bfab718288f6?s=96&d=mm&r=g\",\"url\":\"https:\\\/\\\/secure.gravatar.com\\\/avatar\\\/907069e0b81d119452040469e4a7501da1100f54f7f80180ce77bfab718288f6?s=96&d=mm&r=g\",\"contentUrl\":\"https:\\\/\\\/secure.gravatar.com\\\/avatar\\\/907069e0b81d119452040469e4a7501da1100f54f7f80180ce77bfab718288f6?s=96&d=mm&r=g\",\"caption\":\"oliviere\"},\"sameAs\":[\"http:\\\/\\\/www.motocrossmag.be\"],\"url\":\"https:\\\/\\\/fr.motocrossmag.be\\\/index.php\\\/author\\\/oliviere\\\/\"}]}<\/script>\n<!-- \/ Yoast SEO plugin. -->","yoast_head_json":{"title":"Kenny Vandueren : \"J'ai tout de suite vu le potentiel et la motivation de Maxime Renaux\" - Motocross - Enduro - Supermoto | MotocrossMag","robots":{"index":"index","follow":"follow","max-snippet":"max-snippet:-1","max-image-preview":"max-image-preview:large","max-video-preview":"max-video-preview:-1"},"canonical":"https:\/\/fr.motocrossmag.be\/index.php\/2022\/01\/kenny-vandueren-jai-tout-de-suite-vu-le-potentiel-et-la-motivation-de-maxime-renaux\/","og_locale":"fr_FR","og_type":"article","og_title":"Kenny Vandueren : \"J'ai tout de suite vu le potentiel et la motivation de Maxime Renaux\" - Motocross - Enduro - Supermoto | MotocrossMag","og_description":"Depuis qu&rsquo;il a d\u00e9cid\u00e9 de se retirer de la course, Kenny Vandueren est rest\u00e9 tr\u00e8s impliqu\u00e9 dans le sport. Il a chang\u00e9 de r\u00f4le pour endosser celui d&rsquo;entra\u00eeneur. Le Belge [...]","og_url":"https:\/\/fr.motocrossmag.be\/index.php\/2022\/01\/kenny-vandueren-jai-tout-de-suite-vu-le-potentiel-et-la-motivation-de-maxime-renaux\/","og_site_name":"Motocross - Enduro - Supermoto | MotocrossMag","article_published_time":"2022-01-21T16:00:39+00:00","og_image":[{"width":1000,"height":667,"url":"https:\/\/fr.motocrossmag.be\/wp-content\/uploads\/2022\/01\/Vandueren-renaux.jpg","type":"image\/jpeg"}],"author":"oliviere","twitter_card":"summary_large_image","twitter_misc":{"\u00c9crit par":"oliviere","Dur\u00e9e de lecture estim\u00e9e":"5 minutes"},"schema":{"@context":"https:\/\/schema.org","@graph":[{"@type":"Article","@id":"https:\/\/fr.motocrossmag.be\/index.php\/2022\/01\/kenny-vandueren-jai-tout-de-suite-vu-le-potentiel-et-la-motivation-de-maxime-renaux\/#article","isPartOf":{"@id":"https:\/\/fr.motocrossmag.be\/index.php\/2022\/01\/kenny-vandueren-jai-tout-de-suite-vu-le-potentiel-et-la-motivation-de-maxime-renaux\/"},"author":{"name":"oliviere","@id":"https:\/\/fr.motocrossmag.be\/#\/schema\/person\/11b47143d9f755babca2c9110e03235c"},"headline":"Kenny Vandueren : \u00ab\u00a0J&rsquo;ai tout de suite vu le potentiel et la motivation de Maxime Renaux\u00a0\u00bb","datePublished":"2022-01-21T16:00:39+00:00","mainEntityOfPage":{"@id":"https:\/\/fr.motocrossmag.be\/index.php\/2022\/01\/kenny-vandueren-jai-tout-de-suite-vu-le-potentiel-et-la-motivation-de-maxime-renaux\/"},"wordCount":978,"commentCount":0,"image":{"@id":"https:\/\/fr.motocrossmag.be\/index.php\/2022\/01\/kenny-vandueren-jai-tout-de-suite-vu-le-potentiel-et-la-motivation-de-maxime-renaux\/#primaryimage"},"thumbnailUrl":"https:\/\/fr.motocrossmag.be\/wp-content\/uploads\/2022\/01\/Vandueren-renaux.jpg","keywords":["Kenny Vandueren","Motocross"],"articleSection":["Actualit\u00e9","Interviews","Interviews -all","Motocross","News","News","Slideshow"],"inLanguage":"fr-FR","potentialAction":[{"@type":"CommentAction","name":"Comment","target":["https:\/\/fr.motocrossmag.be\/index.php\/2022\/01\/kenny-vandueren-jai-tout-de-suite-vu-le-potentiel-et-la-motivation-de-maxime-renaux\/#respond"]}]},{"@type":"WebPage","@id":"https:\/\/fr.motocrossmag.be\/index.php\/2022\/01\/kenny-vandueren-jai-tout-de-suite-vu-le-potentiel-et-la-motivation-de-maxime-renaux\/","url":"https:\/\/fr.motocrossmag.be\/index.php\/2022\/01\/kenny-vandueren-jai-tout-de-suite-vu-le-potentiel-et-la-motivation-de-maxime-renaux\/","name":"Kenny Vandueren : \"J'ai tout de suite vu le potentiel et la motivation de Maxime Renaux\" - Motocross - Enduro - Supermoto | MotocrossMag","isPartOf":{"@id":"https:\/\/fr.motocrossmag.be\/#website"},"primaryImageOfPage":{"@id":"https:\/\/fr.motocrossmag.be\/index.php\/2022\/01\/kenny-vandueren-jai-tout-de-suite-vu-le-potentiel-et-la-motivation-de-maxime-renaux\/#primaryimage"},"image":{"@id":"https:\/\/fr.motocrossmag.be\/index.php\/2022\/01\/kenny-vandueren-jai-tout-de-suite-vu-le-potentiel-et-la-motivation-de-maxime-renaux\/#primaryimage"},"thumbnailUrl":"https:\/\/fr.motocrossmag.be\/wp-content\/uploads\/2022\/01\/Vandueren-renaux.jpg","datePublished":"2022-01-21T16:00:39+00:00","author":{"@id":"https:\/\/fr.motocrossmag.be\/#\/schema\/person\/11b47143d9f755babca2c9110e03235c"},"breadcrumb":{"@id":"https:\/\/fr.motocrossmag.be\/index.php\/2022\/01\/kenny-vandueren-jai-tout-de-suite-vu-le-potentiel-et-la-motivation-de-maxime-renaux\/#breadcrumb"},"inLanguage":"fr-FR","potentialAction":[{"@type":"ReadAction","target":["https:\/\/fr.motocrossmag.be\/index.php\/2022\/01\/kenny-vandueren-jai-tout-de-suite-vu-le-potentiel-et-la-motivation-de-maxime-renaux\/"]}]},{"@type":"ImageObject","inLanguage":"fr-FR","@id":"https:\/\/fr.motocrossmag.be\/index.php\/2022\/01\/kenny-vandueren-jai-tout-de-suite-vu-le-potentiel-et-la-motivation-de-maxime-renaux\/#primaryimage","url":"https:\/\/fr.motocrossmag.be\/wp-content\/uploads\/2022\/01\/Vandueren-renaux.jpg","contentUrl":"https:\/\/fr.motocrossmag.be\/wp-content\/uploads\/2022\/01\/Vandueren-renaux.jpg","width":"1000","height":"667"},{"@type":"BreadcrumbList","@id":"https:\/\/fr.motocrossmag.be\/index.php\/2022\/01\/kenny-vandueren-jai-tout-de-suite-vu-le-potentiel-et-la-motivation-de-maxime-renaux\/#breadcrumb","itemListElement":[{"@type":"ListItem","position":1,"name":"Accueil","item":"https:\/\/fr.motocrossmag.be\/"},{"@type":"ListItem","position":2,"name":"Kenny Vandueren : \u00ab\u00a0J&rsquo;ai tout de suite vu le potentiel et la motivation de Maxime Renaux\u00a0\u00bb"}]},{"@type":"WebSite","@id":"https:\/\/fr.motocrossmag.be\/#website","url":"https:\/\/fr.motocrossmag.be\/","name":"Motocross - Enduro - Supermoto | MotocrossMag","description":"L&#039;actualit\u00e9 du motocross, de l&#039;enduro et du Supermoto en ligne!","potentialAction":[{"@type":"SearchAction","target":{"@type":"EntryPoint","urlTemplate":"https:\/\/fr.motocrossmag.be\/?s={search_term_string}"},"query-input":{"@type":"PropertyValueSpecification","valueRequired":true,"valueName":"search_term_string"}}],"inLanguage":"fr-FR"},{"@type":"Person","@id":"https:\/\/fr.motocrossmag.be\/#\/schema\/person\/11b47143d9f755babca2c9110e03235c","name":"oliviere","image":{"@type":"ImageObject","inLanguage":"fr-FR","@id":"https:\/\/secure.gravatar.com\/avatar\/907069e0b81d119452040469e4a7501da1100f54f7f80180ce77bfab718288f6?s=96&d=mm&r=g","url":"https:\/\/secure.gravatar.com\/avatar\/907069e0b81d119452040469e4a7501da1100f54f7f80180ce77bfab718288f6?s=96&d=mm&r=g","contentUrl":"https:\/\/secure.gravatar.com\/avatar\/907069e0b81d119452040469e4a7501da1100f54f7f80180ce77bfab718288f6?s=96&d=mm&r=g","caption":"oliviere"},"sameAs":["http:\/\/www.motocrossmag.be"],"url":"https:\/\/fr.motocrossmag.be\/index.php\/author\/oliviere\/"}]}},"_links":{"self":[{"href":"https:\/\/fr.motocrossmag.be\/index.php\/wp-json\/wp\/v2\/posts\/114689","targetHints":{"allow":["GET"]}}],"collection":[{"href":"https:\/\/fr.motocrossmag.be\/index.php\/wp-json\/wp\/v2\/posts"}],"about":[{"href":"https:\/\/fr.motocrossmag.be\/index.php\/wp-json\/wp\/v2\/types\/post"}],"author":[{"embeddable":true,"href":"https:\/\/fr.motocrossmag.be\/index.php\/wp-json\/wp\/v2\/users\/932"}],"replies":[{"embeddable":true,"href":"https:\/\/fr.motocrossmag.be\/index.php\/wp-json\/wp\/v2\/comments?post=114689"}],"version-history":[{"count":0,"href":"https:\/\/fr.motocrossmag.be\/index.php\/wp-json\/wp\/v2\/posts\/114689\/revisions"}],"wp:featuredmedia":[{"embeddable":true,"href":"https:\/\/fr.motocrossmag.be\/index.php\/wp-json\/wp\/v2\/media\/114696"}],"wp:attachment":[{"href":"https:\/\/fr.motocrossmag.be\/index.php\/wp-json\/wp\/v2\/media?parent=114689"}],"wp:term":[{"taxonomy":"category","embeddable":true,"href":"https:\/\/fr.motocrossmag.be\/index.php\/wp-json\/wp\/v2\/categories?post=114689"},{"taxonomy":"post_tag","embeddable":true,"href":"https:\/\/fr.motocrossmag.be\/index.php\/wp-json\/wp\/v2\/tags?post=114689"}],"curies":[{"name":"wp","href":"https:\/\/api.w.org\/{rel}","templated":true}]}}