{"id":114782,"date":"2022-01-26T23:53:06","date_gmt":"2022-01-26T22:53:06","guid":{"rendered":"http:\/\/fr.motocrossmag.be\/?p=114782"},"modified":"2022-01-26T23:53:06","modified_gmt":"2022-01-26T22:53:06","slug":"romain-febvre-jai-hate-de-reprendre-le-guidon-de-ma-kawasaki","status":"publish","type":"post","link":"https:\/\/fr.motocrossmag.be\/index.php\/2022\/01\/romain-febvre-jai-hate-de-reprendre-le-guidon-de-ma-kawasaki\/","title":{"rendered":"Romain Febvre : \u00ab\u00a0J&rsquo;ai h\u00e2te de reprendre le guidon de ma Kawasaki !\u00a0\u00bb"},"content":{"rendered":"<p><strong>Apr\u00e8s avoir \u00e9t\u00e9 le plus s\u00e9rieux adversaire de Jeffrey Herlings dans le sprint final de la course au titre MXGP la saison derni\u00e8re, Romain Febvre s&rsquo;appr\u00eate \u00e0 retrouver les circuits du championnat du monde de motocross. La pr\u00e9paration hivernale du vice-champion du monde en titre a \u00e9t\u00e9 compromise d&rsquo;entr\u00e9e de jeu <a href=\"http:\/\/fr.motocrossmag.be\/index.php\/2021\/11\/video-lourde-chute-pour-romain-febvre-au-supercross-de-paris\/\">par une chute lourde de cons\u00e9quence lors du Supercross de Paris<\/a>.<\/strong><\/p>\n<p>L&rsquo;\u00e9t\u00e9 dernier, Febvre avait sign\u00e9 un contrat de deux ans en direct avec Kawasaki, juste apr\u00e8s que le constructeur japonais ait annonc\u00e9 la fin de sa collaboration avec le team de Thierry Chizat-Suzzoni, lequel repr\u00e9sentait de longue date la marque dans la cat\u00e9gorie reine du MX mondial. Kawasaki changeait donc de cap mais voulait s&rsquo;assurer d&#8217;embarquer dans l&rsquo;aventure le talentueux fran\u00e7ais.<\/p>\n<p><img decoding=\"async\" class=\"lazyload alignnone size-full wp-image-114785\" src=\"http:\/\/fr.motocrossmag.be\/wp-content\/uploads\/2022\/01\/Kawasaki_Factory_MXGP_2022_Bavo_DSC_0124_001.jpg\" data-orig-src=\"http:\/\/fr.motocrossmag.be\/wp-content\/uploads\/2022\/01\/Kawasaki_Factory_MXGP_2022_Bavo_DSC_0124_001.jpg\" alt=\"\" width=\"1000\" height=\"666\" srcset=\"data:image\/svg+xml,%3Csvg%20xmlns%3D%27http%3A%2F%2Fwww.w3.org%2F2000%2Fsvg%27%20width%3D%271000%27%20height%3D%27666%27%20viewBox%3D%270%200%201000%20666%27%3E%3Crect%20width%3D%271000%27%20height%3D%27666%27%20fill-opacity%3D%220%22%2F%3E%3C%2Fsvg%3E\" data-srcset=\"https:\/\/fr.motocrossmag.be\/wp-content\/uploads\/2022\/01\/Kawasaki_Factory_MXGP_2022_Bavo_DSC_0124_001-650x433.jpg 650w, https:\/\/fr.motocrossmag.be\/wp-content\/uploads\/2022\/01\/Kawasaki_Factory_MXGP_2022_Bavo_DSC_0124_001-768x511.jpg 768w, https:\/\/fr.motocrossmag.be\/wp-content\/uploads\/2022\/01\/Kawasaki_Factory_MXGP_2022_Bavo_DSC_0124_001.jpg 1000w\" data-sizes=\"auto\" data-orig-sizes=\"(max-width: 1000px) 100vw, 1000px\" \/><\/p>\n<p>Entretemps, c&rsquo;est l&rsquo;\u00e9quipe IceOne Racing qui a \u00e9t\u00e9 choisie par les Verts pour porter leur couleur en MXGP. L&rsquo;\u00e9quipe du l\u00e9gendaire Kimi R\u00e4ikk\u00f6nen fera rouler l&rsquo;an prochain Febvre et Watson.<\/p>\n<p>\u00ab\u00a0Ce n&rsquo;est un secret pour personne, l&rsquo;une de mes grandes passions dans la vie depuis de nombreuses ann\u00e9es est le motocross, mais cette \u00e9quipe n&rsquo;est pas ce que vous pourriez appeler un passe-temps; c&rsquo;est tr\u00e8s s\u00e9rieux, nous sommes tr\u00e8s concentr\u00e9s et nous aspirons \u00e0 \u00eatre le meilleur possible\u00a0\u00bb, indique l&rsquo;ancien pilote de F1 Kimi R\u00e4ikk\u00f6nen. \u00ab\u00a0Maintenant que j&rsquo;ai pris ma retraite de la course, je pourrai consacrer plus de temps \u00e0 ce projet ; non pas sur les probl\u00e8mes quotidiens, mais plut\u00f4t d&rsquo;un point de vue strat\u00e9gique en utilisant mon exp\u00e9rience du fonctionnement des teams et de ce qui cr\u00e9e le succ\u00e8s sur la sc\u00e8ne mondiale. Tout le monde, moi y compris, est ravi que Kawasaki nous ait choisis pour devenir l&rsquo;\u00e9quipe Factory de la marque. Je sais que les chances de succ\u00e8s sont toujours plus grandes avec le soutien direct de l&rsquo;usine, c&rsquo;est donc une belle opportunit\u00e9 pour nous.\u00a0\u00bb<\/p>\n<p><img decoding=\"async\" class=\"lazyload alignnone size-full wp-image-114783\" src=\"http:\/\/fr.motocrossmag.be\/wp-content\/uploads\/2022\/01\/febvre-bike-mxgp-2022.jpg\" data-orig-src=\"http:\/\/fr.motocrossmag.be\/wp-content\/uploads\/2022\/01\/febvre-bike-mxgp-2022.jpg\" alt=\"\" width=\"896\" height=\"626\" srcset=\"data:image\/svg+xml,%3Csvg%20xmlns%3D%27http%3A%2F%2Fwww.w3.org%2F2000%2Fsvg%27%20width%3D%27896%27%20height%3D%27626%27%20viewBox%3D%270%200%20896%20626%27%3E%3Crect%20width%3D%27896%27%20height%3D%27626%27%20fill-opacity%3D%220%22%2F%3E%3C%2Fsvg%3E\" data-srcset=\"https:\/\/fr.motocrossmag.be\/wp-content\/uploads\/2022\/01\/febvre-bike-mxgp-2022-650x454.jpg 650w, https:\/\/fr.motocrossmag.be\/wp-content\/uploads\/2022\/01\/febvre-bike-mxgp-2022-768x537.jpg 768w, https:\/\/fr.motocrossmag.be\/wp-content\/uploads\/2022\/01\/febvre-bike-mxgp-2022.jpg 896w\" data-sizes=\"auto\" data-orig-sizes=\"(max-width: 896px) 100vw, 896px\" \/><\/p>\n<p>Un nouveau d\u00e9part pour le team qui enthousiasme tout autant son team manager Antti Pyrhonen : \u00a0\u00bb Depuis dix ans, nous n&rsquo;avons jamais cess\u00e9 de travailler dur pour obtenir les meilleurs r\u00e9sultats dans la cat\u00e9gorie MXGP. Nous travaillons d\u00e9j\u00e0 depuis plusieurs mois sur ce nouveau projet et nous sommes bien s\u00fbr ravis d&rsquo;avoir cette opportunit\u00e9 de rejoindre Kawasaki. La classe MXGP est le summum de notre sport et nous savons \u00e0 quel point la s\u00e9rie est comp\u00e9titive, mais nous envisageons ce nouveau d\u00e9fi avec optimisme car nous avons deux pilotes rapides pour aborder ce nouveau chapitre de notre histoire et, bien s\u00fbr, une grande usine derri\u00e8re nous.\u00a0\u00bb<\/p>\n<p>De son c\u00f4t\u00e9, Romain Febvre aspire \u00e0 revenir le plus vite possible de ses blessures. \u00ab\u00a0C&rsquo;est s\u00fbr que \u00e7a n&rsquo;a pas \u00e9t\u00e9 mon meilleur hiver depuis que j&rsquo;ai commenc\u00e9 \u00e0 rouler\u00a0\u00bb, confie le pilote fran\u00e7ais. \u00ab\u00a0C&rsquo;est toujours frustrant de se remettre d&rsquo;une blessure pendant que vos rivaux travaillent sur les pistes, mais c&rsquo;est comme \u00e7a, les blessures font partie de notre sport.\u00a0\u00bb<\/p>\n<p>\u00ab\u00a0Ma r\u00e9cup\u00e9ration se passe bien et j&rsquo;ai h\u00e2te de remonter sur ma Kawasaki\u00a0\u00bb, poursuit Febvre. \u00ab\u00a0Le championnat sera long et je ferai de mon mieux pour reprendre la course le plus t\u00f4t possible. 2021 a d\u00e9finitivement \u00e9t\u00e9 une excellente saison pour moi. Je me sentais tellement \u00e0 l&rsquo;aise sur le KX450-SR et je me suis battu pour le titre jusqu&rsquo;\u00e0 la toute derni\u00e8re manche. Signer un contrat d&rsquo;usine de deux ans avec le Japon a \u00e9t\u00e9 bon pour ma confiance, et c&rsquo;est motivant aussi d&rsquo;\u00eatre impliqu\u00e9 dans un nouveau projet d\u00e8s le premier jour.\u00a0\u00bb<\/p>\n","protected":false},"excerpt":{"rendered":"<p>Apr\u00e8s avoir \u00e9t\u00e9 le plus s\u00e9rieux adversaire de Jeffrey Herlings dans le sprint final de la course au titre MXGP la saison derni\u00e8re, Romain Febvre s&rsquo;appr\u00eate \u00e0 retrouver les circuits [&#8230;]<\/p>\n","protected":false},"author":932,"featured_media":114784,"comment_status":"open","ping_status":"closed","sticky":false,"template":"","format":"standard","meta":{"footnotes":""},"categories":[54,7,58,4,6,5,55,65],"tags":[947,568],"class_list":["post-114782","post","type-post","status-publish","format-standard","has-post-thumbnail","hentry","category-actualite","category-interviews","category-interviews-actualite","category-motocross","category-mx1mx2","category-news","category-news-actualite","category-slideshow","tag-motocross","tag-mxgp"],"yoast_head":"<!-- This site is optimized with the Yoast SEO plugin v27.4 - https:\/\/yoast.com\/product\/yoast-seo-wordpress\/ -->\n<title>Romain Febvre : &quot;J&#039;ai h\u00e2te de reprendre le guidon de ma Kawasaki !&quot; - Motocross - Enduro - Supermoto | MotocrossMag<\/title>\n<meta name=\"robots\" content=\"index, follow, max-snippet:-1, max-image-preview:large, max-video-preview:-1\" \/>\n<link rel=\"canonical\" href=\"https:\/\/fr.motocrossmag.be\/index.php\/2022\/01\/romain-febvre-jai-hate-de-reprendre-le-guidon-de-ma-kawasaki\/\" \/>\n<meta property=\"og:locale\" content=\"fr_FR\" \/>\n<meta property=\"og:type\" content=\"article\" \/>\n<meta property=\"og:title\" content=\"Romain Febvre : &quot;J&#039;ai h\u00e2te de reprendre le guidon de ma Kawasaki !&quot; - Motocross - Enduro - Supermoto | MotocrossMag\" \/>\n<meta property=\"og:description\" content=\"Apr\u00e8s avoir \u00e9t\u00e9 le plus s\u00e9rieux adversaire de Jeffrey Herlings dans le sprint final de la course au titre MXGP la saison derni\u00e8re, Romain Febvre s&rsquo;appr\u00eate \u00e0 retrouver les circuits [...]\" \/>\n<meta property=\"og:url\" content=\"https:\/\/fr.motocrossmag.be\/index.php\/2022\/01\/romain-febvre-jai-hate-de-reprendre-le-guidon-de-ma-kawasaki\/\" \/>\n<meta property=\"og:site_name\" content=\"Motocross - Enduro - Supermoto | MotocrossMag\" \/>\n<meta property=\"article:published_time\" content=\"2022-01-26T22:53:06+00:00\" \/>\n<meta property=\"og:image\" content=\"https:\/\/fr.motocrossmag.be\/wp-content\/uploads\/2022\/01\/romain-febvre-mxgp-2022.jpg\" \/>\n\t<meta property=\"og:image:width\" content=\"775\" \/>\n\t<meta property=\"og:image:height\" content=\"508\" \/>\n\t<meta property=\"og:image:type\" content=\"image\/jpeg\" \/>\n<meta name=\"author\" content=\"oliviere\" \/>\n<meta name=\"twitter:card\" content=\"summary_large_image\" \/>\n<meta name=\"twitter:label1\" content=\"\u00c9crit par\" \/>\n\t<meta name=\"twitter:data1\" content=\"oliviere\" \/>\n\t<meta name=\"twitter:label2\" content=\"Dur\u00e9e de lecture estim\u00e9e\" \/>\n\t<meta name=\"twitter:data2\" content=\"3 minutes\" \/>\n<script type=\"application\/ld+json\" class=\"yoast-schema-graph\">{\"@context\":\"https:\\\/\\\/schema.org\",\"@graph\":[{\"@type\":\"Article\",\"@id\":\"https:\\\/\\\/fr.motocrossmag.be\\\/index.php\\\/2022\\\/01\\\/romain-febvre-jai-hate-de-reprendre-le-guidon-de-ma-kawasaki\\\/#article\",\"isPartOf\":{\"@id\":\"https:\\\/\\\/fr.motocrossmag.be\\\/index.php\\\/2022\\\/01\\\/romain-febvre-jai-hate-de-reprendre-le-guidon-de-ma-kawasaki\\\/\"},\"author\":{\"name\":\"oliviere\",\"@id\":\"https:\\\/\\\/fr.motocrossmag.be\\\/#\\\/schema\\\/person\\\/11b47143d9f755babca2c9110e03235c\"},\"headline\":\"Romain Febvre : \u00ab\u00a0J&rsquo;ai h\u00e2te de reprendre le guidon de ma Kawasaki !\u00a0\u00bb\",\"datePublished\":\"2022-01-26T22:53:06+00:00\",\"mainEntityOfPage\":{\"@id\":\"https:\\\/\\\/fr.motocrossmag.be\\\/index.php\\\/2022\\\/01\\\/romain-febvre-jai-hate-de-reprendre-le-guidon-de-ma-kawasaki\\\/\"},\"wordCount\":651,\"commentCount\":0,\"image\":{\"@id\":\"https:\\\/\\\/fr.motocrossmag.be\\\/index.php\\\/2022\\\/01\\\/romain-febvre-jai-hate-de-reprendre-le-guidon-de-ma-kawasaki\\\/#primaryimage\"},\"thumbnailUrl\":\"https:\\\/\\\/fr.motocrossmag.be\\\/wp-content\\\/uploads\\\/2022\\\/01\\\/romain-febvre-mxgp-2022.jpg\",\"keywords\":[\"Motocross\",\"MXGP\"],\"articleSection\":[\"Actualit\u00e9\",\"Interviews\",\"Interviews -all\",\"Motocross\",\"Motocross MXGP\",\"News\",\"News\",\"Slideshow\"],\"inLanguage\":\"fr-FR\",\"potentialAction\":[{\"@type\":\"CommentAction\",\"name\":\"Comment\",\"target\":[\"https:\\\/\\\/fr.motocrossmag.be\\\/index.php\\\/2022\\\/01\\\/romain-febvre-jai-hate-de-reprendre-le-guidon-de-ma-kawasaki\\\/#respond\"]}]},{\"@type\":\"WebPage\",\"@id\":\"https:\\\/\\\/fr.motocrossmag.be\\\/index.php\\\/2022\\\/01\\\/romain-febvre-jai-hate-de-reprendre-le-guidon-de-ma-kawasaki\\\/\",\"url\":\"https:\\\/\\\/fr.motocrossmag.be\\\/index.php\\\/2022\\\/01\\\/romain-febvre-jai-hate-de-reprendre-le-guidon-de-ma-kawasaki\\\/\",\"name\":\"Romain Febvre : \\\"J'ai h\u00e2te de reprendre le guidon de ma Kawasaki !\\\" - Motocross - Enduro - Supermoto | MotocrossMag\",\"isPartOf\":{\"@id\":\"https:\\\/\\\/fr.motocrossmag.be\\\/#website\"},\"primaryImageOfPage\":{\"@id\":\"https:\\\/\\\/fr.motocrossmag.be\\\/index.php\\\/2022\\\/01\\\/romain-febvre-jai-hate-de-reprendre-le-guidon-de-ma-kawasaki\\\/#primaryimage\"},\"image\":{\"@id\":\"https:\\\/\\\/fr.motocrossmag.be\\\/index.php\\\/2022\\\/01\\\/romain-febvre-jai-hate-de-reprendre-le-guidon-de-ma-kawasaki\\\/#primaryimage\"},\"thumbnailUrl\":\"https:\\\/\\\/fr.motocrossmag.be\\\/wp-content\\\/uploads\\\/2022\\\/01\\\/romain-febvre-mxgp-2022.jpg\",\"datePublished\":\"2022-01-26T22:53:06+00:00\",\"author\":{\"@id\":\"https:\\\/\\\/fr.motocrossmag.be\\\/#\\\/schema\\\/person\\\/11b47143d9f755babca2c9110e03235c\"},\"breadcrumb\":{\"@id\":\"https:\\\/\\\/fr.motocrossmag.be\\\/index.php\\\/2022\\\/01\\\/romain-febvre-jai-hate-de-reprendre-le-guidon-de-ma-kawasaki\\\/#breadcrumb\"},\"inLanguage\":\"fr-FR\",\"potentialAction\":[{\"@type\":\"ReadAction\",\"target\":[\"https:\\\/\\\/fr.motocrossmag.be\\\/index.php\\\/2022\\\/01\\\/romain-febvre-jai-hate-de-reprendre-le-guidon-de-ma-kawasaki\\\/\"]}]},{\"@type\":\"ImageObject\",\"inLanguage\":\"fr-FR\",\"@id\":\"https:\\\/\\\/fr.motocrossmag.be\\\/index.php\\\/2022\\\/01\\\/romain-febvre-jai-hate-de-reprendre-le-guidon-de-ma-kawasaki\\\/#primaryimage\",\"url\":\"https:\\\/\\\/fr.motocrossmag.be\\\/wp-content\\\/uploads\\\/2022\\\/01\\\/romain-febvre-mxgp-2022.jpg\",\"contentUrl\":\"https:\\\/\\\/fr.motocrossmag.be\\\/wp-content\\\/uploads\\\/2022\\\/01\\\/romain-febvre-mxgp-2022.jpg\",\"width\":\"775\",\"height\":\"508\"},{\"@type\":\"BreadcrumbList\",\"@id\":\"https:\\\/\\\/fr.motocrossmag.be\\\/index.php\\\/2022\\\/01\\\/romain-febvre-jai-hate-de-reprendre-le-guidon-de-ma-kawasaki\\\/#breadcrumb\",\"itemListElement\":[{\"@type\":\"ListItem\",\"position\":1,\"name\":\"Accueil\",\"item\":\"https:\\\/\\\/fr.motocrossmag.be\\\/\"},{\"@type\":\"ListItem\",\"position\":2,\"name\":\"Romain Febvre : \u00ab\u00a0J&rsquo;ai h\u00e2te de reprendre le guidon de ma Kawasaki !\u00a0\u00bb\"}]},{\"@type\":\"WebSite\",\"@id\":\"https:\\\/\\\/fr.motocrossmag.be\\\/#website\",\"url\":\"https:\\\/\\\/fr.motocrossmag.be\\\/\",\"name\":\"Motocross - Enduro - Supermoto | MotocrossMag\",\"description\":\"L&#039;actualit\u00e9 du motocross, de l&#039;enduro et du Supermoto en ligne!\",\"potentialAction\":[{\"@type\":\"SearchAction\",\"target\":{\"@type\":\"EntryPoint\",\"urlTemplate\":\"https:\\\/\\\/fr.motocrossmag.be\\\/?s={search_term_string}\"},\"query-input\":{\"@type\":\"PropertyValueSpecification\",\"valueRequired\":true,\"valueName\":\"search_term_string\"}}],\"inLanguage\":\"fr-FR\"},{\"@type\":\"Person\",\"@id\":\"https:\\\/\\\/fr.motocrossmag.be\\\/#\\\/schema\\\/person\\\/11b47143d9f755babca2c9110e03235c\",\"name\":\"oliviere\",\"image\":{\"@type\":\"ImageObject\",\"inLanguage\":\"fr-FR\",\"@id\":\"https:\\\/\\\/secure.gravatar.com\\\/avatar\\\/907069e0b81d119452040469e4a7501da1100f54f7f80180ce77bfab718288f6?s=96&d=mm&r=g\",\"url\":\"https:\\\/\\\/secure.gravatar.com\\\/avatar\\\/907069e0b81d119452040469e4a7501da1100f54f7f80180ce77bfab718288f6?s=96&d=mm&r=g\",\"contentUrl\":\"https:\\\/\\\/secure.gravatar.com\\\/avatar\\\/907069e0b81d119452040469e4a7501da1100f54f7f80180ce77bfab718288f6?s=96&d=mm&r=g\",\"caption\":\"oliviere\"},\"sameAs\":[\"http:\\\/\\\/www.motocrossmag.be\"],\"url\":\"https:\\\/\\\/fr.motocrossmag.be\\\/index.php\\\/author\\\/oliviere\\\/\"}]}<\/script>\n<!-- \/ Yoast SEO plugin. -->","yoast_head_json":{"title":"Romain Febvre : \"J'ai h\u00e2te de reprendre le guidon de ma Kawasaki !\" - Motocross - Enduro - Supermoto | MotocrossMag","robots":{"index":"index","follow":"follow","max-snippet":"max-snippet:-1","max-image-preview":"max-image-preview:large","max-video-preview":"max-video-preview:-1"},"canonical":"https:\/\/fr.motocrossmag.be\/index.php\/2022\/01\/romain-febvre-jai-hate-de-reprendre-le-guidon-de-ma-kawasaki\/","og_locale":"fr_FR","og_type":"article","og_title":"Romain Febvre : \"J'ai h\u00e2te de reprendre le guidon de ma Kawasaki !\" - Motocross - Enduro - Supermoto | MotocrossMag","og_description":"Apr\u00e8s avoir \u00e9t\u00e9 le plus s\u00e9rieux adversaire de Jeffrey Herlings dans le sprint final de la course au titre MXGP la saison derni\u00e8re, Romain Febvre s&rsquo;appr\u00eate \u00e0 retrouver les circuits [...]","og_url":"https:\/\/fr.motocrossmag.be\/index.php\/2022\/01\/romain-febvre-jai-hate-de-reprendre-le-guidon-de-ma-kawasaki\/","og_site_name":"Motocross - Enduro - Supermoto | MotocrossMag","article_published_time":"2022-01-26T22:53:06+00:00","og_image":[{"width":775,"height":508,"url":"https:\/\/fr.motocrossmag.be\/wp-content\/uploads\/2022\/01\/romain-febvre-mxgp-2022.jpg","type":"image\/jpeg"}],"author":"oliviere","twitter_card":"summary_large_image","twitter_misc":{"\u00c9crit par":"oliviere","Dur\u00e9e de lecture estim\u00e9e":"3 minutes"},"schema":{"@context":"https:\/\/schema.org","@graph":[{"@type":"Article","@id":"https:\/\/fr.motocrossmag.be\/index.php\/2022\/01\/romain-febvre-jai-hate-de-reprendre-le-guidon-de-ma-kawasaki\/#article","isPartOf":{"@id":"https:\/\/fr.motocrossmag.be\/index.php\/2022\/01\/romain-febvre-jai-hate-de-reprendre-le-guidon-de-ma-kawasaki\/"},"author":{"name":"oliviere","@id":"https:\/\/fr.motocrossmag.be\/#\/schema\/person\/11b47143d9f755babca2c9110e03235c"},"headline":"Romain Febvre : \u00ab\u00a0J&rsquo;ai h\u00e2te de reprendre le guidon de ma Kawasaki !\u00a0\u00bb","datePublished":"2022-01-26T22:53:06+00:00","mainEntityOfPage":{"@id":"https:\/\/fr.motocrossmag.be\/index.php\/2022\/01\/romain-febvre-jai-hate-de-reprendre-le-guidon-de-ma-kawasaki\/"},"wordCount":651,"commentCount":0,"image":{"@id":"https:\/\/fr.motocrossmag.be\/index.php\/2022\/01\/romain-febvre-jai-hate-de-reprendre-le-guidon-de-ma-kawasaki\/#primaryimage"},"thumbnailUrl":"https:\/\/fr.motocrossmag.be\/wp-content\/uploads\/2022\/01\/romain-febvre-mxgp-2022.jpg","keywords":["Motocross","MXGP"],"articleSection":["Actualit\u00e9","Interviews","Interviews -all","Motocross","Motocross MXGP","News","News","Slideshow"],"inLanguage":"fr-FR","potentialAction":[{"@type":"CommentAction","name":"Comment","target":["https:\/\/fr.motocrossmag.be\/index.php\/2022\/01\/romain-febvre-jai-hate-de-reprendre-le-guidon-de-ma-kawasaki\/#respond"]}]},{"@type":"WebPage","@id":"https:\/\/fr.motocrossmag.be\/index.php\/2022\/01\/romain-febvre-jai-hate-de-reprendre-le-guidon-de-ma-kawasaki\/","url":"https:\/\/fr.motocrossmag.be\/index.php\/2022\/01\/romain-febvre-jai-hate-de-reprendre-le-guidon-de-ma-kawasaki\/","name":"Romain Febvre : \"J'ai h\u00e2te de reprendre le guidon de ma Kawasaki !\" - Motocross - Enduro - Supermoto | MotocrossMag","isPartOf":{"@id":"https:\/\/fr.motocrossmag.be\/#website"},"primaryImageOfPage":{"@id":"https:\/\/fr.motocrossmag.be\/index.php\/2022\/01\/romain-febvre-jai-hate-de-reprendre-le-guidon-de-ma-kawasaki\/#primaryimage"},"image":{"@id":"https:\/\/fr.motocrossmag.be\/index.php\/2022\/01\/romain-febvre-jai-hate-de-reprendre-le-guidon-de-ma-kawasaki\/#primaryimage"},"thumbnailUrl":"https:\/\/fr.motocrossmag.be\/wp-content\/uploads\/2022\/01\/romain-febvre-mxgp-2022.jpg","datePublished":"2022-01-26T22:53:06+00:00","author":{"@id":"https:\/\/fr.motocrossmag.be\/#\/schema\/person\/11b47143d9f755babca2c9110e03235c"},"breadcrumb":{"@id":"https:\/\/fr.motocrossmag.be\/index.php\/2022\/01\/romain-febvre-jai-hate-de-reprendre-le-guidon-de-ma-kawasaki\/#breadcrumb"},"inLanguage":"fr-FR","potentialAction":[{"@type":"ReadAction","target":["https:\/\/fr.motocrossmag.be\/index.php\/2022\/01\/romain-febvre-jai-hate-de-reprendre-le-guidon-de-ma-kawasaki\/"]}]},{"@type":"ImageObject","inLanguage":"fr-FR","@id":"https:\/\/fr.motocrossmag.be\/index.php\/2022\/01\/romain-febvre-jai-hate-de-reprendre-le-guidon-de-ma-kawasaki\/#primaryimage","url":"https:\/\/fr.motocrossmag.be\/wp-content\/uploads\/2022\/01\/romain-febvre-mxgp-2022.jpg","contentUrl":"https:\/\/fr.motocrossmag.be\/wp-content\/uploads\/2022\/01\/romain-febvre-mxgp-2022.jpg","width":"775","height":"508"},{"@type":"BreadcrumbList","@id":"https:\/\/fr.motocrossmag.be\/index.php\/2022\/01\/romain-febvre-jai-hate-de-reprendre-le-guidon-de-ma-kawasaki\/#breadcrumb","itemListElement":[{"@type":"ListItem","position":1,"name":"Accueil","item":"https:\/\/fr.motocrossmag.be\/"},{"@type":"ListItem","position":2,"name":"Romain Febvre : \u00ab\u00a0J&rsquo;ai h\u00e2te de reprendre le guidon de ma Kawasaki !\u00a0\u00bb"}]},{"@type":"WebSite","@id":"https:\/\/fr.motocrossmag.be\/#website","url":"https:\/\/fr.motocrossmag.be\/","name":"Motocross - Enduro - Supermoto | MotocrossMag","description":"L&#039;actualit\u00e9 du motocross, de l&#039;enduro et du Supermoto en ligne!","potentialAction":[{"@type":"SearchAction","target":{"@type":"EntryPoint","urlTemplate":"https:\/\/fr.motocrossmag.be\/?s={search_term_string}"},"query-input":{"@type":"PropertyValueSpecification","valueRequired":true,"valueName":"search_term_string"}}],"inLanguage":"fr-FR"},{"@type":"Person","@id":"https:\/\/fr.motocrossmag.be\/#\/schema\/person\/11b47143d9f755babca2c9110e03235c","name":"oliviere","image":{"@type":"ImageObject","inLanguage":"fr-FR","@id":"https:\/\/secure.gravatar.com\/avatar\/907069e0b81d119452040469e4a7501da1100f54f7f80180ce77bfab718288f6?s=96&d=mm&r=g","url":"https:\/\/secure.gravatar.com\/avatar\/907069e0b81d119452040469e4a7501da1100f54f7f80180ce77bfab718288f6?s=96&d=mm&r=g","contentUrl":"https:\/\/secure.gravatar.com\/avatar\/907069e0b81d119452040469e4a7501da1100f54f7f80180ce77bfab718288f6?s=96&d=mm&r=g","caption":"oliviere"},"sameAs":["http:\/\/www.motocrossmag.be"],"url":"https:\/\/fr.motocrossmag.be\/index.php\/author\/oliviere\/"}]}},"_links":{"self":[{"href":"https:\/\/fr.motocrossmag.be\/index.php\/wp-json\/wp\/v2\/posts\/114782","targetHints":{"allow":["GET"]}}],"collection":[{"href":"https:\/\/fr.motocrossmag.be\/index.php\/wp-json\/wp\/v2\/posts"}],"about":[{"href":"https:\/\/fr.motocrossmag.be\/index.php\/wp-json\/wp\/v2\/types\/post"}],"author":[{"embeddable":true,"href":"https:\/\/fr.motocrossmag.be\/index.php\/wp-json\/wp\/v2\/users\/932"}],"replies":[{"embeddable":true,"href":"https:\/\/fr.motocrossmag.be\/index.php\/wp-json\/wp\/v2\/comments?post=114782"}],"version-history":[{"count":0,"href":"https:\/\/fr.motocrossmag.be\/index.php\/wp-json\/wp\/v2\/posts\/114782\/revisions"}],"wp:featuredmedia":[{"embeddable":true,"href":"https:\/\/fr.motocrossmag.be\/index.php\/wp-json\/wp\/v2\/media\/114784"}],"wp:attachment":[{"href":"https:\/\/fr.motocrossmag.be\/index.php\/wp-json\/wp\/v2\/media?parent=114782"}],"wp:term":[{"taxonomy":"category","embeddable":true,"href":"https:\/\/fr.motocrossmag.be\/index.php\/wp-json\/wp\/v2\/categories?post=114782"},{"taxonomy":"post_tag","embeddable":true,"href":"https:\/\/fr.motocrossmag.be\/index.php\/wp-json\/wp\/v2\/tags?post=114782"}],"curies":[{"name":"wp","href":"https:\/\/api.w.org\/{rel}","templated":true}]}}