{"id":114811,"date":"2022-01-31T15:52:48","date_gmt":"2022-01-31T14:52:48","guid":{"rendered":"http:\/\/fr.motocrossmag.be\/?p=114811"},"modified":"2022-01-31T15:52:48","modified_gmt":"2022-01-31T14:52:48","slug":"ben-watson-je-ne-suis-pas-encore-habitue-a-100-a-la-kawasaki","status":"publish","type":"post","link":"https:\/\/fr.motocrossmag.be\/index.php\/2022\/01\/ben-watson-je-ne-suis-pas-encore-habitue-a-100-a-la-kawasaki\/","title":{"rendered":"Ben Watson : \u00ab\u00a0Je ne suis pas encore habitu\u00e9 \u00e0 100% \u00e0 la Kawasaki\u00a0\u00bb"},"content":{"rendered":"<p><strong>Ben Watson a rejoint cet hiver la structure officielle Kawasaki. Le nouveau co\u00e9quipier de Romain Febvre disputait ce dimanche sa premi\u00e8re course au guidon de la KX450 factory. Une premi\u00e8re sortie pour le jeune Britannique qui s&rsquo;est sold\u00e9e par une belle 4\u00e8me place dans la Superfinale cl\u00f4turant l&rsquo;\u00e9preuve d&rsquo;Alghero, en Sardaigne.<\/strong><\/p>\n<p>\u00ab Je ne dirais pas que c&rsquo;\u00e9tait un bon week-end mais la premi\u00e8re course est maintenant derri\u00e8re nous\u00a0\u00bb, commente le nouvel officiel Kawasaki. \u00ab\u00a0Nous sommes venus ici principalement pour prendre\u00a0 le rythme de la course sur la nouvelle moto et apprendre autant que possible pour nous pr\u00e9parer \u00e0 la saison MXGP.\u00a0\u00bb<\/p>\n<p>\u00ab\u00a0Dans la course MX1, j&rsquo;ai eu tr\u00e8s mal aux bras et je ne pouvais pas rouler comme je le voulais. J&rsquo;ai de plus chut\u00e9 en d\u00e9but de course et ce n&rsquo;\u00e9tait pas facile de revenir de l&rsquo;arri\u00e8re, surtout ici \u00e0 Alghero car la piste est assez \u00e9troite\u00a0\u00bb, poursuit Watson. \u00ab\u00a0La Superfinale a \u00e9t\u00e9 bien meilleure. J&rsquo;ai pris un bon d\u00e9part et j&rsquo;ai pu rouler comme je le voulais. J&rsquo;ai termin\u00e9 quatri\u00e8me et j&rsquo;ai appris pas mal de choses sur la moto. L&rsquo;intersaison a \u00e9t\u00e9 courte et je n&rsquo;y suis donc pas encore habitu\u00e9 \u00e0 100 %, il est donc utile de faire quelques courses avant la saison de GP. Se retrouver derri\u00e8re la grille, c&rsquo;est un sentiment tr\u00e8s diff\u00e9rent de l&rsquo;entra\u00eenement. Je dois encore travailler mes d\u00e9parts car un changement de moto demande toujours une adaptation de sa technique de d\u00e9part. Apr\u00e8s ce que nous avons appris ce week-end, nous ferons quelques ajustements avant la prochaine course \u00e0 Lacapelle, en France, dimanche prochain.\u00a0\u00bb<\/p>\n","protected":false},"excerpt":{"rendered":"<p>Ben Watson a rejoint cet hiver la structure officielle Kawasaki. Le nouveau co\u00e9quipier de Romain Febvre disputait ce dimanche sa premi\u00e8re course au guidon de la KX450 factory. Une premi\u00e8re [&#8230;]<\/p>\n","protected":false},"author":932,"featured_media":114812,"comment_status":"open","ping_status":"closed","sticky":false,"template":"","format":"standard","meta":{"footnotes":""},"categories":[54,7,58,4,5,55,65],"tags":[657,140,913],"class_list":["post-114811","post","type-post","status-publish","format-standard","has-post-thumbnail","hentry","category-actualite","category-interviews","category-interviews-actualite","category-motocross","category-news","category-news-actualite","category-slideshow","tag-ben-watson","tag-kawasaki","tag-motocros"],"yoast_head":"<!-- This site is optimized with the Yoast SEO plugin v27.4 - https:\/\/yoast.com\/product\/yoast-seo-wordpress\/ -->\n<title>Ben Watson : &quot;Je ne suis pas encore habitu\u00e9 \u00e0 100% \u00e0 la Kawasaki&quot; - Motocross - Enduro - Supermoto | MotocrossMag<\/title>\n<meta name=\"robots\" content=\"index, follow, max-snippet:-1, max-image-preview:large, max-video-preview:-1\" \/>\n<link rel=\"canonical\" href=\"https:\/\/fr.motocrossmag.be\/index.php\/2022\/01\/ben-watson-je-ne-suis-pas-encore-habitue-a-100-a-la-kawasaki\/\" \/>\n<meta property=\"og:locale\" content=\"fr_FR\" \/>\n<meta property=\"og:type\" content=\"article\" \/>\n<meta property=\"og:title\" content=\"Ben Watson : &quot;Je ne suis pas encore habitu\u00e9 \u00e0 100% \u00e0 la Kawasaki&quot; - Motocross - Enduro - Supermoto | MotocrossMag\" \/>\n<meta property=\"og:description\" content=\"Ben Watson a rejoint cet hiver la structure officielle Kawasaki. Le nouveau co\u00e9quipier de Romain Febvre disputait ce dimanche sa premi\u00e8re course au guidon de la KX450 factory. Une premi\u00e8re [...]\" \/>\n<meta property=\"og:url\" content=\"https:\/\/fr.motocrossmag.be\/index.php\/2022\/01\/ben-watson-je-ne-suis-pas-encore-habitue-a-100-a-la-kawasaki\/\" \/>\n<meta property=\"og:site_name\" content=\"Motocross - Enduro - Supermoto | MotocrossMag\" \/>\n<meta property=\"article:published_time\" content=\"2022-01-31T14:52:48+00:00\" \/>\n<meta property=\"og:image\" content=\"https:\/\/fr.motocrossmag.be\/wp-content\/uploads\/2022\/01\/watson-ben-kawasaki.jpg\" \/>\n\t<meta property=\"og:image:width\" content=\"1000\" \/>\n\t<meta property=\"og:image:height\" content=\"666\" \/>\n\t<meta property=\"og:image:type\" content=\"image\/jpeg\" \/>\n<meta name=\"author\" content=\"oliviere\" \/>\n<meta name=\"twitter:card\" content=\"summary_large_image\" \/>\n<meta name=\"twitter:label1\" content=\"\u00c9crit par\" \/>\n\t<meta name=\"twitter:data1\" content=\"oliviere\" \/>\n\t<meta name=\"twitter:label2\" content=\"Dur\u00e9e de lecture estim\u00e9e\" \/>\n\t<meta name=\"twitter:data2\" content=\"1 minute\" \/>\n<script type=\"application\/ld+json\" class=\"yoast-schema-graph\">{\"@context\":\"https:\\\/\\\/schema.org\",\"@graph\":[{\"@type\":\"Article\",\"@id\":\"https:\\\/\\\/fr.motocrossmag.be\\\/index.php\\\/2022\\\/01\\\/ben-watson-je-ne-suis-pas-encore-habitue-a-100-a-la-kawasaki\\\/#article\",\"isPartOf\":{\"@id\":\"https:\\\/\\\/fr.motocrossmag.be\\\/index.php\\\/2022\\\/01\\\/ben-watson-je-ne-suis-pas-encore-habitue-a-100-a-la-kawasaki\\\/\"},\"author\":{\"name\":\"oliviere\",\"@id\":\"https:\\\/\\\/fr.motocrossmag.be\\\/#\\\/schema\\\/person\\\/11b47143d9f755babca2c9110e03235c\"},\"headline\":\"Ben Watson : \u00ab\u00a0Je ne suis pas encore habitu\u00e9 \u00e0 100% \u00e0 la Kawasaki\u00a0\u00bb\",\"datePublished\":\"2022-01-31T14:52:48+00:00\",\"mainEntityOfPage\":{\"@id\":\"https:\\\/\\\/fr.motocrossmag.be\\\/index.php\\\/2022\\\/01\\\/ben-watson-je-ne-suis-pas-encore-habitue-a-100-a-la-kawasaki\\\/\"},\"wordCount\":304,\"commentCount\":0,\"image\":{\"@id\":\"https:\\\/\\\/fr.motocrossmag.be\\\/index.php\\\/2022\\\/01\\\/ben-watson-je-ne-suis-pas-encore-habitue-a-100-a-la-kawasaki\\\/#primaryimage\"},\"thumbnailUrl\":\"https:\\\/\\\/fr.motocrossmag.be\\\/wp-content\\\/uploads\\\/2022\\\/01\\\/watson-ben-kawasaki.jpg\",\"keywords\":[\"ben watson\",\"kawasaki\",\"motocros\"],\"articleSection\":[\"Actualit\u00e9\",\"Interviews\",\"Interviews -all\",\"Motocross\",\"News\",\"News\",\"Slideshow\"],\"inLanguage\":\"fr-FR\",\"potentialAction\":[{\"@type\":\"CommentAction\",\"name\":\"Comment\",\"target\":[\"https:\\\/\\\/fr.motocrossmag.be\\\/index.php\\\/2022\\\/01\\\/ben-watson-je-ne-suis-pas-encore-habitue-a-100-a-la-kawasaki\\\/#respond\"]}]},{\"@type\":\"WebPage\",\"@id\":\"https:\\\/\\\/fr.motocrossmag.be\\\/index.php\\\/2022\\\/01\\\/ben-watson-je-ne-suis-pas-encore-habitue-a-100-a-la-kawasaki\\\/\",\"url\":\"https:\\\/\\\/fr.motocrossmag.be\\\/index.php\\\/2022\\\/01\\\/ben-watson-je-ne-suis-pas-encore-habitue-a-100-a-la-kawasaki\\\/\",\"name\":\"Ben Watson : \\\"Je ne suis pas encore habitu\u00e9 \u00e0 100% \u00e0 la Kawasaki\\\" - Motocross - Enduro - Supermoto | MotocrossMag\",\"isPartOf\":{\"@id\":\"https:\\\/\\\/fr.motocrossmag.be\\\/#website\"},\"primaryImageOfPage\":{\"@id\":\"https:\\\/\\\/fr.motocrossmag.be\\\/index.php\\\/2022\\\/01\\\/ben-watson-je-ne-suis-pas-encore-habitue-a-100-a-la-kawasaki\\\/#primaryimage\"},\"image\":{\"@id\":\"https:\\\/\\\/fr.motocrossmag.be\\\/index.php\\\/2022\\\/01\\\/ben-watson-je-ne-suis-pas-encore-habitue-a-100-a-la-kawasaki\\\/#primaryimage\"},\"thumbnailUrl\":\"https:\\\/\\\/fr.motocrossmag.be\\\/wp-content\\\/uploads\\\/2022\\\/01\\\/watson-ben-kawasaki.jpg\",\"datePublished\":\"2022-01-31T14:52:48+00:00\",\"author\":{\"@id\":\"https:\\\/\\\/fr.motocrossmag.be\\\/#\\\/schema\\\/person\\\/11b47143d9f755babca2c9110e03235c\"},\"breadcrumb\":{\"@id\":\"https:\\\/\\\/fr.motocrossmag.be\\\/index.php\\\/2022\\\/01\\\/ben-watson-je-ne-suis-pas-encore-habitue-a-100-a-la-kawasaki\\\/#breadcrumb\"},\"inLanguage\":\"fr-FR\",\"potentialAction\":[{\"@type\":\"ReadAction\",\"target\":[\"https:\\\/\\\/fr.motocrossmag.be\\\/index.php\\\/2022\\\/01\\\/ben-watson-je-ne-suis-pas-encore-habitue-a-100-a-la-kawasaki\\\/\"]}]},{\"@type\":\"ImageObject\",\"inLanguage\":\"fr-FR\",\"@id\":\"https:\\\/\\\/fr.motocrossmag.be\\\/index.php\\\/2022\\\/01\\\/ben-watson-je-ne-suis-pas-encore-habitue-a-100-a-la-kawasaki\\\/#primaryimage\",\"url\":\"https:\\\/\\\/fr.motocrossmag.be\\\/wp-content\\\/uploads\\\/2022\\\/01\\\/watson-ben-kawasaki.jpg\",\"contentUrl\":\"https:\\\/\\\/fr.motocrossmag.be\\\/wp-content\\\/uploads\\\/2022\\\/01\\\/watson-ben-kawasaki.jpg\",\"width\":\"1000\",\"height\":\"666\"},{\"@type\":\"BreadcrumbList\",\"@id\":\"https:\\\/\\\/fr.motocrossmag.be\\\/index.php\\\/2022\\\/01\\\/ben-watson-je-ne-suis-pas-encore-habitue-a-100-a-la-kawasaki\\\/#breadcrumb\",\"itemListElement\":[{\"@type\":\"ListItem\",\"position\":1,\"name\":\"Accueil\",\"item\":\"https:\\\/\\\/fr.motocrossmag.be\\\/\"},{\"@type\":\"ListItem\",\"position\":2,\"name\":\"Ben Watson : \u00ab\u00a0Je ne suis pas encore habitu\u00e9 \u00e0 100% \u00e0 la Kawasaki\u00a0\u00bb\"}]},{\"@type\":\"WebSite\",\"@id\":\"https:\\\/\\\/fr.motocrossmag.be\\\/#website\",\"url\":\"https:\\\/\\\/fr.motocrossmag.be\\\/\",\"name\":\"Motocross - Enduro - Supermoto | MotocrossMag\",\"description\":\"L&#039;actualit\u00e9 du motocross, de l&#039;enduro et du Supermoto en ligne!\",\"potentialAction\":[{\"@type\":\"SearchAction\",\"target\":{\"@type\":\"EntryPoint\",\"urlTemplate\":\"https:\\\/\\\/fr.motocrossmag.be\\\/?s={search_term_string}\"},\"query-input\":{\"@type\":\"PropertyValueSpecification\",\"valueRequired\":true,\"valueName\":\"search_term_string\"}}],\"inLanguage\":\"fr-FR\"},{\"@type\":\"Person\",\"@id\":\"https:\\\/\\\/fr.motocrossmag.be\\\/#\\\/schema\\\/person\\\/11b47143d9f755babca2c9110e03235c\",\"name\":\"oliviere\",\"image\":{\"@type\":\"ImageObject\",\"inLanguage\":\"fr-FR\",\"@id\":\"https:\\\/\\\/secure.gravatar.com\\\/avatar\\\/907069e0b81d119452040469e4a7501da1100f54f7f80180ce77bfab718288f6?s=96&d=mm&r=g\",\"url\":\"https:\\\/\\\/secure.gravatar.com\\\/avatar\\\/907069e0b81d119452040469e4a7501da1100f54f7f80180ce77bfab718288f6?s=96&d=mm&r=g\",\"contentUrl\":\"https:\\\/\\\/secure.gravatar.com\\\/avatar\\\/907069e0b81d119452040469e4a7501da1100f54f7f80180ce77bfab718288f6?s=96&d=mm&r=g\",\"caption\":\"oliviere\"},\"sameAs\":[\"http:\\\/\\\/www.motocrossmag.be\"],\"url\":\"https:\\\/\\\/fr.motocrossmag.be\\\/index.php\\\/author\\\/oliviere\\\/\"}]}<\/script>\n<!-- \/ Yoast SEO plugin. -->","yoast_head_json":{"title":"Ben Watson : \"Je ne suis pas encore habitu\u00e9 \u00e0 100% \u00e0 la Kawasaki\" - Motocross - Enduro - Supermoto | MotocrossMag","robots":{"index":"index","follow":"follow","max-snippet":"max-snippet:-1","max-image-preview":"max-image-preview:large","max-video-preview":"max-video-preview:-1"},"canonical":"https:\/\/fr.motocrossmag.be\/index.php\/2022\/01\/ben-watson-je-ne-suis-pas-encore-habitue-a-100-a-la-kawasaki\/","og_locale":"fr_FR","og_type":"article","og_title":"Ben Watson : \"Je ne suis pas encore habitu\u00e9 \u00e0 100% \u00e0 la Kawasaki\" - Motocross - Enduro - Supermoto | MotocrossMag","og_description":"Ben Watson a rejoint cet hiver la structure officielle Kawasaki. Le nouveau co\u00e9quipier de Romain Febvre disputait ce dimanche sa premi\u00e8re course au guidon de la KX450 factory. Une premi\u00e8re [...]","og_url":"https:\/\/fr.motocrossmag.be\/index.php\/2022\/01\/ben-watson-je-ne-suis-pas-encore-habitue-a-100-a-la-kawasaki\/","og_site_name":"Motocross - Enduro - Supermoto | MotocrossMag","article_published_time":"2022-01-31T14:52:48+00:00","og_image":[{"width":1000,"height":666,"url":"https:\/\/fr.motocrossmag.be\/wp-content\/uploads\/2022\/01\/watson-ben-kawasaki.jpg","type":"image\/jpeg"}],"author":"oliviere","twitter_card":"summary_large_image","twitter_misc":{"\u00c9crit par":"oliviere","Dur\u00e9e de lecture estim\u00e9e":"1 minute"},"schema":{"@context":"https:\/\/schema.org","@graph":[{"@type":"Article","@id":"https:\/\/fr.motocrossmag.be\/index.php\/2022\/01\/ben-watson-je-ne-suis-pas-encore-habitue-a-100-a-la-kawasaki\/#article","isPartOf":{"@id":"https:\/\/fr.motocrossmag.be\/index.php\/2022\/01\/ben-watson-je-ne-suis-pas-encore-habitue-a-100-a-la-kawasaki\/"},"author":{"name":"oliviere","@id":"https:\/\/fr.motocrossmag.be\/#\/schema\/person\/11b47143d9f755babca2c9110e03235c"},"headline":"Ben Watson : \u00ab\u00a0Je ne suis pas encore habitu\u00e9 \u00e0 100% \u00e0 la Kawasaki\u00a0\u00bb","datePublished":"2022-01-31T14:52:48+00:00","mainEntityOfPage":{"@id":"https:\/\/fr.motocrossmag.be\/index.php\/2022\/01\/ben-watson-je-ne-suis-pas-encore-habitue-a-100-a-la-kawasaki\/"},"wordCount":304,"commentCount":0,"image":{"@id":"https:\/\/fr.motocrossmag.be\/index.php\/2022\/01\/ben-watson-je-ne-suis-pas-encore-habitue-a-100-a-la-kawasaki\/#primaryimage"},"thumbnailUrl":"https:\/\/fr.motocrossmag.be\/wp-content\/uploads\/2022\/01\/watson-ben-kawasaki.jpg","keywords":["ben watson","kawasaki","motocros"],"articleSection":["Actualit\u00e9","Interviews","Interviews -all","Motocross","News","News","Slideshow"],"inLanguage":"fr-FR","potentialAction":[{"@type":"CommentAction","name":"Comment","target":["https:\/\/fr.motocrossmag.be\/index.php\/2022\/01\/ben-watson-je-ne-suis-pas-encore-habitue-a-100-a-la-kawasaki\/#respond"]}]},{"@type":"WebPage","@id":"https:\/\/fr.motocrossmag.be\/index.php\/2022\/01\/ben-watson-je-ne-suis-pas-encore-habitue-a-100-a-la-kawasaki\/","url":"https:\/\/fr.motocrossmag.be\/index.php\/2022\/01\/ben-watson-je-ne-suis-pas-encore-habitue-a-100-a-la-kawasaki\/","name":"Ben Watson : \"Je ne suis pas encore habitu\u00e9 \u00e0 100% \u00e0 la Kawasaki\" - Motocross - Enduro - Supermoto | MotocrossMag","isPartOf":{"@id":"https:\/\/fr.motocrossmag.be\/#website"},"primaryImageOfPage":{"@id":"https:\/\/fr.motocrossmag.be\/index.php\/2022\/01\/ben-watson-je-ne-suis-pas-encore-habitue-a-100-a-la-kawasaki\/#primaryimage"},"image":{"@id":"https:\/\/fr.motocrossmag.be\/index.php\/2022\/01\/ben-watson-je-ne-suis-pas-encore-habitue-a-100-a-la-kawasaki\/#primaryimage"},"thumbnailUrl":"https:\/\/fr.motocrossmag.be\/wp-content\/uploads\/2022\/01\/watson-ben-kawasaki.jpg","datePublished":"2022-01-31T14:52:48+00:00","author":{"@id":"https:\/\/fr.motocrossmag.be\/#\/schema\/person\/11b47143d9f755babca2c9110e03235c"},"breadcrumb":{"@id":"https:\/\/fr.motocrossmag.be\/index.php\/2022\/01\/ben-watson-je-ne-suis-pas-encore-habitue-a-100-a-la-kawasaki\/#breadcrumb"},"inLanguage":"fr-FR","potentialAction":[{"@type":"ReadAction","target":["https:\/\/fr.motocrossmag.be\/index.php\/2022\/01\/ben-watson-je-ne-suis-pas-encore-habitue-a-100-a-la-kawasaki\/"]}]},{"@type":"ImageObject","inLanguage":"fr-FR","@id":"https:\/\/fr.motocrossmag.be\/index.php\/2022\/01\/ben-watson-je-ne-suis-pas-encore-habitue-a-100-a-la-kawasaki\/#primaryimage","url":"https:\/\/fr.motocrossmag.be\/wp-content\/uploads\/2022\/01\/watson-ben-kawasaki.jpg","contentUrl":"https:\/\/fr.motocrossmag.be\/wp-content\/uploads\/2022\/01\/watson-ben-kawasaki.jpg","width":"1000","height":"666"},{"@type":"BreadcrumbList","@id":"https:\/\/fr.motocrossmag.be\/index.php\/2022\/01\/ben-watson-je-ne-suis-pas-encore-habitue-a-100-a-la-kawasaki\/#breadcrumb","itemListElement":[{"@type":"ListItem","position":1,"name":"Accueil","item":"https:\/\/fr.motocrossmag.be\/"},{"@type":"ListItem","position":2,"name":"Ben Watson : \u00ab\u00a0Je ne suis pas encore habitu\u00e9 \u00e0 100% \u00e0 la Kawasaki\u00a0\u00bb"}]},{"@type":"WebSite","@id":"https:\/\/fr.motocrossmag.be\/#website","url":"https:\/\/fr.motocrossmag.be\/","name":"Motocross - Enduro - Supermoto | MotocrossMag","description":"L&#039;actualit\u00e9 du motocross, de l&#039;enduro et du Supermoto en ligne!","potentialAction":[{"@type":"SearchAction","target":{"@type":"EntryPoint","urlTemplate":"https:\/\/fr.motocrossmag.be\/?s={search_term_string}"},"query-input":{"@type":"PropertyValueSpecification","valueRequired":true,"valueName":"search_term_string"}}],"inLanguage":"fr-FR"},{"@type":"Person","@id":"https:\/\/fr.motocrossmag.be\/#\/schema\/person\/11b47143d9f755babca2c9110e03235c","name":"oliviere","image":{"@type":"ImageObject","inLanguage":"fr-FR","@id":"https:\/\/secure.gravatar.com\/avatar\/907069e0b81d119452040469e4a7501da1100f54f7f80180ce77bfab718288f6?s=96&d=mm&r=g","url":"https:\/\/secure.gravatar.com\/avatar\/907069e0b81d119452040469e4a7501da1100f54f7f80180ce77bfab718288f6?s=96&d=mm&r=g","contentUrl":"https:\/\/secure.gravatar.com\/avatar\/907069e0b81d119452040469e4a7501da1100f54f7f80180ce77bfab718288f6?s=96&d=mm&r=g","caption":"oliviere"},"sameAs":["http:\/\/www.motocrossmag.be"],"url":"https:\/\/fr.motocrossmag.be\/index.php\/author\/oliviere\/"}]}},"_links":{"self":[{"href":"https:\/\/fr.motocrossmag.be\/index.php\/wp-json\/wp\/v2\/posts\/114811","targetHints":{"allow":["GET"]}}],"collection":[{"href":"https:\/\/fr.motocrossmag.be\/index.php\/wp-json\/wp\/v2\/posts"}],"about":[{"href":"https:\/\/fr.motocrossmag.be\/index.php\/wp-json\/wp\/v2\/types\/post"}],"author":[{"embeddable":true,"href":"https:\/\/fr.motocrossmag.be\/index.php\/wp-json\/wp\/v2\/users\/932"}],"replies":[{"embeddable":true,"href":"https:\/\/fr.motocrossmag.be\/index.php\/wp-json\/wp\/v2\/comments?post=114811"}],"version-history":[{"count":0,"href":"https:\/\/fr.motocrossmag.be\/index.php\/wp-json\/wp\/v2\/posts\/114811\/revisions"}],"wp:featuredmedia":[{"embeddable":true,"href":"https:\/\/fr.motocrossmag.be\/index.php\/wp-json\/wp\/v2\/media\/114812"}],"wp:attachment":[{"href":"https:\/\/fr.motocrossmag.be\/index.php\/wp-json\/wp\/v2\/media?parent=114811"}],"wp:term":[{"taxonomy":"category","embeddable":true,"href":"https:\/\/fr.motocrossmag.be\/index.php\/wp-json\/wp\/v2\/categories?post=114811"},{"taxonomy":"post_tag","embeddable":true,"href":"https:\/\/fr.motocrossmag.be\/index.php\/wp-json\/wp\/v2\/tags?post=114811"}],"curies":[{"name":"wp","href":"https:\/\/api.w.org\/{rel}","templated":true}]}}