{"id":115756,"date":"2022-03-16T17:27:21","date_gmt":"2022-03-16T16:27:21","guid":{"rendered":"http:\/\/fr.motocrossmag.be\/?p=115756"},"modified":"2022-03-17T17:29:33","modified_gmt":"2022-03-17T16:29:33","slug":"debrief-le-supercross-de-detroit","status":"publish","type":"post","link":"https:\/\/fr.motocrossmag.be\/index.php\/2022\/03\/debrief-le-supercross-de-detroit\/","title":{"rendered":"D\u00e9brief : le Supercross de Detroit"},"content":{"rendered":"<p><strong>On fait le debrief du 10\u00e8me round de la saison US de Supercross disput\u00e9 le week-end dernier \u00e0 Detroit.<\/strong><\/p>\n<ul>\n<li dir=\"ltr\">Apr\u00e8s Daytona, Eli Tomac accentue encore son avance au championnat.<\/li>\n<li dir=\"ltr\">On prend les m\u00eames et on recommence, les vainqueurs sont identiques \u00e0 samedi dernier du c\u00f4t\u00e9 de D\u00e9troit.<\/li>\n<li dir=\"ltr\">Shane McElrath a parad\u00e9 avec le drapeau am\u00e9ricain \u00e0 la main gauche.<\/li>\n<li dir=\"ltr\">Retour en 250 pour Kyle Chisolm sur la Yamaha Star Racing en remplacement de Martin et Kitchen.<\/li>\n<li dir=\"ltr\">Comme (trop) souvent, RJ Hampshire part \u00e0 la faute.<\/li>\n<li dir=\"ltr\">La chute de Chase Sexton profite \u00e0 Eli Tomac en s\u00e9rie.<\/li>\n<li dir=\"ltr\">2021 a \u00e9t\u00e9 difficile pour Jarrett Frye remercie par Star Racing, 2022 ne commence pas mieux avec des r\u00e9sultats assez d\u00e9cevants.<\/li>\n<li dir=\"ltr\">Une chute et un calage moteur ont eu raison du bon d\u00e9but de course de Chisholm.<\/li>\n<li dir=\"ltr\">Sans bons d\u00e9parts Cameron McAdoo n\u2019en d\u00e9coudra pas avec Jett Lawrence.<\/li>\n<li dir=\"ltr\">Si l\u2019ext\u00e9rieur ne semblait pas fonctionner en d\u00e9but de soir\u00e9e, ce n\u2019\u00e9tait plus le cas lors des finales.<\/li>\n<li dir=\"ltr\">Justin Bogle a men\u00e9 deux tours de la finale.<\/li>\n<li dir=\"ltr\">Eli Tomac a effectu\u00e9 deux d\u00e9passements par l\u2019ext\u00e9rieur dans les whoops.<\/li>\n<li dir=\"ltr\">Fin de manche chaotique pour la finale 450 avec l\u2019accrochage entre Webb et Sexton et la chute de Jason Anderson.<\/li>\n<li dir=\"ltr\">Pierce Brown monte sur son premier podium de la saison.<\/li>\n<\/ul>\n<p>Texte : M. Capton<\/p><div class=\"fudyj6a98f99e72bf1\" ><!-- \/91277017\/Inline-articles-mobile -->\n<div style=\"margin:auto; text-align:center !important\">\n<div id='div-gpt-ad-1784982661365-0' style='min-width: 250px; min-height: 75px;'>\n  <script>\n    googletag.cmd.push(function() { googletag.display('div-gpt-ad-1784982661365-0'); });\n  <\/script>\n<\/div><\/div><\/div><style type=\"text\/css\">\r\n.fudyj6a98f99e72bf1 {\r\nmargin-bottom:30px;margin-top:20px\r\n}\r\n@media screen and (min-width: 1201px) {\r\n.fudyj6a98f99e72bf1 {\r\ndisplay: block;\r\n}\r\n}\r\n@media screen and (min-width: 993px) and (max-width: 1200px) {\r\n.fudyj6a98f99e72bf1 {\r\ndisplay: block;\r\n}\r\n}\r\n@media screen and (min-width: 769px) and (max-width: 992px) {\r\n.fudyj6a98f99e72bf1 {\r\ndisplay: block;\r\n}\r\n}\r\n@media screen and (min-width: 768px) and (max-width: 768px) {\r\n.fudyj6a98f99e72bf1 {\r\ndisplay: block;\r\n}\r\n}\r\n@media screen and (max-width: 767px) {\r\n.fudyj6a98f99e72bf1 {\r\ndisplay: block;\r\n}\r\n}\r\n<\/style>\r\n\n","protected":false},"excerpt":{"rendered":"<p>On fait le debrief du 10\u00e8me round de la saison US de Supercross disput\u00e9 le week-end dernier \u00e0 Detroit. Apr\u00e8s Daytona, Eli Tomac accentue encore son avance au championnat. On prend les m\u00eames et on recommence, les vainqueurs sont identiques \u00e0 samedi dernier du c\u00f4t\u00e9 de D\u00e9troit. Shane McElrath a parad\u00e9 avec le drapeau am\u00e9ricain [&hellip;]<\/p>\n","protected":false},"author":932,"featured_media":115762,"comment_status":"open","ping_status":"closed","sticky":false,"template":"","format":"standard","meta":{"tdm_status":"","tdm_grid_status":"","footnotes":""},"categories":[54,4,27,5,55,65],"tags":[147,116],"class_list":["post-115756","post","type-post","status-publish","format-standard","has-post-thumbnail","category-actualite","category-motocross","category-sx-us","category-news","category-news-actualite","category-slideshow","tag-ama","tag-supercross"],"yoast_head":"<!-- This site is optimized with the Yoast SEO plugin v28.4 - https:\/\/yoast.com\/product\/yoast-seo-wordpress\/ -->\n<title>D\u00e9brief : le Supercross de Detroit - Motocross - Enduro - Supermoto | MotocrossMag<\/title>\n<meta name=\"robots\" content=\"index, follow, max-snippet:-1, max-image-preview:large, max-video-preview:-1\" \/>\n<link rel=\"canonical\" href=\"https:\/\/fr.motocrossmag.be\/index.php\/2022\/03\/debrief-le-supercross-de-detroit\/\" \/>\n<meta property=\"og:locale\" content=\"fr_FR\" \/>\n<meta property=\"og:type\" content=\"article\" \/>\n<meta property=\"og:title\" content=\"D\u00e9brief : le Supercross de Detroit - Motocross - Enduro - Supermoto | MotocrossMag\" \/>\n<meta property=\"og:description\" content=\"On fait le debrief du 10\u00e8me round de la saison US de Supercross disput\u00e9 le week-end dernier \u00e0 Detroit. Apr\u00e8s Daytona, Eli Tomac accentue encore son avance au championnat. On prend les m\u00eames et on recommence, les vainqueurs sont identiques \u00e0 samedi dernier du c\u00f4t\u00e9 de D\u00e9troit. Shane McElrath a parad\u00e9 avec le drapeau am\u00e9ricain [&hellip;]\" \/>\n<meta property=\"og:url\" content=\"https:\/\/fr.motocrossmag.be\/index.php\/2022\/03\/debrief-le-supercross-de-detroit\/\" \/>\n<meta property=\"og:site_name\" content=\"Motocross - Enduro - Supermoto | MotocrossMag\" \/>\n<meta property=\"article:published_time\" content=\"2022-03-16T16:27:21+00:00\" \/>\n<meta property=\"article:modified_time\" content=\"2022-03-17T16:29:33+00:00\" \/>\n<meta property=\"og:image\" content=\"https:\/\/fr.motocrossmag.be\/wp-content\/uploads\/2022\/03\/eli-tomac-detroit.jpg\" \/>\n\t<meta property=\"og:image:width\" content=\"1000\" \/>\n\t<meta property=\"og:image:height\" content=\"666\" \/>\n\t<meta property=\"og:image:type\" content=\"image\/jpeg\" \/>\n<meta name=\"author\" content=\"oliviere\" \/>\n<meta name=\"twitter:card\" content=\"summary_large_image\" \/>\n<meta name=\"twitter:label1\" content=\"\u00c9crit par\" \/>\n\t<meta name=\"twitter:data1\" content=\"oliviere\" \/>\n\t<meta name=\"twitter:label2\" content=\"Dur\u00e9e de lecture estim\u00e9e\" \/>\n\t<meta name=\"twitter:data2\" content=\"1 minute\" \/>\n<script type=\"application\/ld+json\" class=\"yoast-schema-graph\">{\"@context\":\"https:\\\/\\\/schema.org\",\"@graph\":[{\"@type\":\"Article\",\"@id\":\"https:\\\/\\\/fr.motocrossmag.be\\\/index.php\\\/2022\\\/03\\\/debrief-le-supercross-de-detroit\\\/#article\",\"isPartOf\":{\"@id\":\"https:\\\/\\\/fr.motocrossmag.be\\\/index.php\\\/2022\\\/03\\\/debrief-le-supercross-de-detroit\\\/\"},\"author\":{\"name\":\"oliviere\",\"@id\":\"https:\\\/\\\/fr.motocrossmag.be\\\/#\\\/schema\\\/person\\\/11b47143d9f755babca2c9110e03235c\"},\"headline\":\"D\u00e9brief : le Supercross de Detroit\",\"datePublished\":\"2022-03-16T16:27:21+00:00\",\"dateModified\":\"2022-03-17T16:29:33+00:00\",\"mainEntityOfPage\":{\"@id\":\"https:\\\/\\\/fr.motocrossmag.be\\\/index.php\\\/2022\\\/03\\\/debrief-le-supercross-de-detroit\\\/\"},\"wordCount\":233,\"commentCount\":0,\"image\":{\"@id\":\"https:\\\/\\\/fr.motocrossmag.be\\\/index.php\\\/2022\\\/03\\\/debrief-le-supercross-de-detroit\\\/#primaryimage\"},\"thumbnailUrl\":\"https:\\\/\\\/fr.motocrossmag.be\\\/wp-content\\\/uploads\\\/2022\\\/03\\\/eli-tomac-detroit.jpg\",\"keywords\":[\"AMA\",\"Supercross\"],\"articleSection\":[\"Actualit\u00e9\",\"Motocross\",\"MX\\\/SX US\",\"News\",\"News\",\"Slideshow\"],\"inLanguage\":\"fr-FR\",\"potentialAction\":[{\"@type\":\"CommentAction\",\"name\":\"Comment\",\"target\":[\"https:\\\/\\\/fr.motocrossmag.be\\\/index.php\\\/2022\\\/03\\\/debrief-le-supercross-de-detroit\\\/#respond\"]}]},{\"@type\":\"WebPage\",\"@id\":\"https:\\\/\\\/fr.motocrossmag.be\\\/index.php\\\/2022\\\/03\\\/debrief-le-supercross-de-detroit\\\/\",\"url\":\"https:\\\/\\\/fr.motocrossmag.be\\\/index.php\\\/2022\\\/03\\\/debrief-le-supercross-de-detroit\\\/\",\"name\":\"D\u00e9brief : le Supercross de Detroit - Motocross - Enduro - Supermoto | MotocrossMag\",\"isPartOf\":{\"@id\":\"https:\\\/\\\/fr.motocrossmag.be\\\/#website\"},\"primaryImageOfPage\":{\"@id\":\"https:\\\/\\\/fr.motocrossmag.be\\\/index.php\\\/2022\\\/03\\\/debrief-le-supercross-de-detroit\\\/#primaryimage\"},\"image\":{\"@id\":\"https:\\\/\\\/fr.motocrossmag.be\\\/index.php\\\/2022\\\/03\\\/debrief-le-supercross-de-detroit\\\/#primaryimage\"},\"thumbnailUrl\":\"https:\\\/\\\/fr.motocrossmag.be\\\/wp-content\\\/uploads\\\/2022\\\/03\\\/eli-tomac-detroit.jpg\",\"datePublished\":\"2022-03-16T16:27:21+00:00\",\"dateModified\":\"2022-03-17T16:29:33+00:00\",\"author\":{\"@id\":\"https:\\\/\\\/fr.motocrossmag.be\\\/#\\\/schema\\\/person\\\/11b47143d9f755babca2c9110e03235c\"},\"breadcrumb\":{\"@id\":\"https:\\\/\\\/fr.motocrossmag.be\\\/index.php\\\/2022\\\/03\\\/debrief-le-supercross-de-detroit\\\/#breadcrumb\"},\"inLanguage\":\"fr-FR\",\"potentialAction\":[{\"@type\":\"ReadAction\",\"target\":[\"https:\\\/\\\/fr.motocrossmag.be\\\/index.php\\\/2022\\\/03\\\/debrief-le-supercross-de-detroit\\\/\"]}]},{\"@type\":\"ImageObject\",\"inLanguage\":\"fr-FR\",\"@id\":\"https:\\\/\\\/fr.motocrossmag.be\\\/index.php\\\/2022\\\/03\\\/debrief-le-supercross-de-detroit\\\/#primaryimage\",\"url\":\"https:\\\/\\\/fr.motocrossmag.be\\\/wp-content\\\/uploads\\\/2022\\\/03\\\/eli-tomac-detroit.jpg\",\"contentUrl\":\"https:\\\/\\\/fr.motocrossmag.be\\\/wp-content\\\/uploads\\\/2022\\\/03\\\/eli-tomac-detroit.jpg\",\"width\":\"1000\",\"height\":\"666\"},{\"@type\":\"BreadcrumbList\",\"@id\":\"https:\\\/\\\/fr.motocrossmag.be\\\/index.php\\\/2022\\\/03\\\/debrief-le-supercross-de-detroit\\\/#breadcrumb\",\"itemListElement\":[{\"@type\":\"ListItem\",\"position\":1,\"name\":\"Accueil\",\"item\":\"https:\\\/\\\/fr.motocrossmag.be\\\/\"},{\"@type\":\"ListItem\",\"position\":2,\"name\":\"D\u00e9brief : le Supercross de Detroit\"}]},{\"@type\":\"WebSite\",\"@id\":\"https:\\\/\\\/fr.motocrossmag.be\\\/#website\",\"url\":\"https:\\\/\\\/fr.motocrossmag.be\\\/\",\"name\":\"Motocross - Enduro - Supermoto | MotocrossMag\",\"description\":\"L&#039;actualit\u00e9 du motocross, de l&#039;enduro et du Supermoto en ligne!\",\"potentialAction\":[{\"@type\":\"SearchAction\",\"target\":{\"@type\":\"EntryPoint\",\"urlTemplate\":\"https:\\\/\\\/fr.motocrossmag.be\\\/?s={search_term_string}\"},\"query-input\":{\"@type\":\"PropertyValueSpecification\",\"valueRequired\":true,\"valueName\":\"search_term_string\"}}],\"inLanguage\":\"fr-FR\"},{\"@type\":\"Person\",\"@id\":\"https:\\\/\\\/fr.motocrossmag.be\\\/#\\\/schema\\\/person\\\/11b47143d9f755babca2c9110e03235c\",\"name\":\"oliviere\",\"image\":{\"@type\":\"ImageObject\",\"inLanguage\":\"fr-FR\",\"@id\":\"https:\\\/\\\/secure.gravatar.com\\\/avatar\\\/907069e0b81d119452040469e4a7501da1100f54f7f80180ce77bfab718288f6?s=96&d=mm&r=g\",\"url\":\"https:\\\/\\\/secure.gravatar.com\\\/avatar\\\/907069e0b81d119452040469e4a7501da1100f54f7f80180ce77bfab718288f6?s=96&d=mm&r=g\",\"contentUrl\":\"https:\\\/\\\/secure.gravatar.com\\\/avatar\\\/907069e0b81d119452040469e4a7501da1100f54f7f80180ce77bfab718288f6?s=96&d=mm&r=g\",\"caption\":\"oliviere\"},\"sameAs\":[\"http:\\\/\\\/www.motocrossmag.be\"],\"url\":\"https:\\\/\\\/fr.motocrossmag.be\\\/index.php\\\/author\\\/oliviere\\\/\"}]}<\/script>\n<!-- \/ Yoast SEO plugin. -->","yoast_head_json":{"title":"D\u00e9brief : le Supercross de Detroit - Motocross - Enduro - Supermoto | MotocrossMag","robots":{"index":"index","follow":"follow","max-snippet":"max-snippet:-1","max-image-preview":"max-image-preview:large","max-video-preview":"max-video-preview:-1"},"canonical":"https:\/\/fr.motocrossmag.be\/index.php\/2022\/03\/debrief-le-supercross-de-detroit\/","og_locale":"fr_FR","og_type":"article","og_title":"D\u00e9brief : le Supercross de Detroit - Motocross - Enduro - Supermoto | MotocrossMag","og_description":"On fait le debrief du 10\u00e8me round de la saison US de Supercross disput\u00e9 le week-end dernier \u00e0 Detroit. Apr\u00e8s Daytona, Eli Tomac accentue encore son avance au championnat. On prend les m\u00eames et on recommence, les vainqueurs sont identiques \u00e0 samedi dernier du c\u00f4t\u00e9 de D\u00e9troit. Shane McElrath a parad\u00e9 avec le drapeau am\u00e9ricain [&hellip;]","og_url":"https:\/\/fr.motocrossmag.be\/index.php\/2022\/03\/debrief-le-supercross-de-detroit\/","og_site_name":"Motocross - Enduro - Supermoto | MotocrossMag","article_published_time":"2022-03-16T16:27:21+00:00","article_modified_time":"2022-03-17T16:29:33+00:00","og_image":[{"width":1000,"height":666,"url":"https:\/\/fr.motocrossmag.be\/wp-content\/uploads\/2022\/03\/eli-tomac-detroit.jpg","type":"image\/jpeg"}],"author":"oliviere","twitter_card":"summary_large_image","twitter_misc":{"\u00c9crit par":"oliviere","Dur\u00e9e de lecture estim\u00e9e":"1 minute"},"schema":{"@context":"https:\/\/schema.org","@graph":[{"@type":"Article","@id":"https:\/\/fr.motocrossmag.be\/index.php\/2022\/03\/debrief-le-supercross-de-detroit\/#article","isPartOf":{"@id":"https:\/\/fr.motocrossmag.be\/index.php\/2022\/03\/debrief-le-supercross-de-detroit\/"},"author":{"name":"oliviere","@id":"https:\/\/fr.motocrossmag.be\/#\/schema\/person\/11b47143d9f755babca2c9110e03235c"},"headline":"D\u00e9brief : le Supercross de Detroit","datePublished":"2022-03-16T16:27:21+00:00","dateModified":"2022-03-17T16:29:33+00:00","mainEntityOfPage":{"@id":"https:\/\/fr.motocrossmag.be\/index.php\/2022\/03\/debrief-le-supercross-de-detroit\/"},"wordCount":233,"commentCount":0,"image":{"@id":"https:\/\/fr.motocrossmag.be\/index.php\/2022\/03\/debrief-le-supercross-de-detroit\/#primaryimage"},"thumbnailUrl":"https:\/\/fr.motocrossmag.be\/wp-content\/uploads\/2022\/03\/eli-tomac-detroit.jpg","keywords":["AMA","Supercross"],"articleSection":["Actualit\u00e9","Motocross","MX\/SX US","News","News","Slideshow"],"inLanguage":"fr-FR","potentialAction":[{"@type":"CommentAction","name":"Comment","target":["https:\/\/fr.motocrossmag.be\/index.php\/2022\/03\/debrief-le-supercross-de-detroit\/#respond"]}]},{"@type":"WebPage","@id":"https:\/\/fr.motocrossmag.be\/index.php\/2022\/03\/debrief-le-supercross-de-detroit\/","url":"https:\/\/fr.motocrossmag.be\/index.php\/2022\/03\/debrief-le-supercross-de-detroit\/","name":"D\u00e9brief : le Supercross de Detroit - Motocross - Enduro - Supermoto | MotocrossMag","isPartOf":{"@id":"https:\/\/fr.motocrossmag.be\/#website"},"primaryImageOfPage":{"@id":"https:\/\/fr.motocrossmag.be\/index.php\/2022\/03\/debrief-le-supercross-de-detroit\/#primaryimage"},"image":{"@id":"https:\/\/fr.motocrossmag.be\/index.php\/2022\/03\/debrief-le-supercross-de-detroit\/#primaryimage"},"thumbnailUrl":"https:\/\/fr.motocrossmag.be\/wp-content\/uploads\/2022\/03\/eli-tomac-detroit.jpg","datePublished":"2022-03-16T16:27:21+00:00","dateModified":"2022-03-17T16:29:33+00:00","author":{"@id":"https:\/\/fr.motocrossmag.be\/#\/schema\/person\/11b47143d9f755babca2c9110e03235c"},"breadcrumb":{"@id":"https:\/\/fr.motocrossmag.be\/index.php\/2022\/03\/debrief-le-supercross-de-detroit\/#breadcrumb"},"inLanguage":"fr-FR","potentialAction":[{"@type":"ReadAction","target":["https:\/\/fr.motocrossmag.be\/index.php\/2022\/03\/debrief-le-supercross-de-detroit\/"]}]},{"@type":"ImageObject","inLanguage":"fr-FR","@id":"https:\/\/fr.motocrossmag.be\/index.php\/2022\/03\/debrief-le-supercross-de-detroit\/#primaryimage","url":"https:\/\/fr.motocrossmag.be\/wp-content\/uploads\/2022\/03\/eli-tomac-detroit.jpg","contentUrl":"https:\/\/fr.motocrossmag.be\/wp-content\/uploads\/2022\/03\/eli-tomac-detroit.jpg","width":"1000","height":"666"},{"@type":"BreadcrumbList","@id":"https:\/\/fr.motocrossmag.be\/index.php\/2022\/03\/debrief-le-supercross-de-detroit\/#breadcrumb","itemListElement":[{"@type":"ListItem","position":1,"name":"Accueil","item":"https:\/\/fr.motocrossmag.be\/"},{"@type":"ListItem","position":2,"name":"D\u00e9brief : le Supercross de Detroit"}]},{"@type":"WebSite","@id":"https:\/\/fr.motocrossmag.be\/#website","url":"https:\/\/fr.motocrossmag.be\/","name":"Motocross - Enduro - Supermoto | MotocrossMag","description":"L&#039;actualit\u00e9 du motocross, de l&#039;enduro et du Supermoto en ligne!","potentialAction":[{"@type":"SearchAction","target":{"@type":"EntryPoint","urlTemplate":"https:\/\/fr.motocrossmag.be\/?s={search_term_string}"},"query-input":{"@type":"PropertyValueSpecification","valueRequired":true,"valueName":"search_term_string"}}],"inLanguage":"fr-FR"},{"@type":"Person","@id":"https:\/\/fr.motocrossmag.be\/#\/schema\/person\/11b47143d9f755babca2c9110e03235c","name":"oliviere","image":{"@type":"ImageObject","inLanguage":"fr-FR","@id":"https:\/\/secure.gravatar.com\/avatar\/907069e0b81d119452040469e4a7501da1100f54f7f80180ce77bfab718288f6?s=96&d=mm&r=g","url":"https:\/\/secure.gravatar.com\/avatar\/907069e0b81d119452040469e4a7501da1100f54f7f80180ce77bfab718288f6?s=96&d=mm&r=g","contentUrl":"https:\/\/secure.gravatar.com\/avatar\/907069e0b81d119452040469e4a7501da1100f54f7f80180ce77bfab718288f6?s=96&d=mm&r=g","caption":"oliviere"},"sameAs":["http:\/\/www.motocrossmag.be"],"url":"https:\/\/fr.motocrossmag.be\/index.php\/author\/oliviere\/"}]}},"_links":{"self":[{"href":"https:\/\/fr.motocrossmag.be\/index.php\/wp-json\/wp\/v2\/posts\/115756","targetHints":{"allow":["GET"]}}],"collection":[{"href":"https:\/\/fr.motocrossmag.be\/index.php\/wp-json\/wp\/v2\/posts"}],"about":[{"href":"https:\/\/fr.motocrossmag.be\/index.php\/wp-json\/wp\/v2\/types\/post"}],"author":[{"embeddable":true,"href":"https:\/\/fr.motocrossmag.be\/index.php\/wp-json\/wp\/v2\/users\/932"}],"replies":[{"embeddable":true,"href":"https:\/\/fr.motocrossmag.be\/index.php\/wp-json\/wp\/v2\/comments?post=115756"}],"version-history":[{"count":0,"href":"https:\/\/fr.motocrossmag.be\/index.php\/wp-json\/wp\/v2\/posts\/115756\/revisions"}],"wp:featuredmedia":[{"embeddable":true,"href":"https:\/\/fr.motocrossmag.be\/index.php\/wp-json\/wp\/v2\/media\/115762"}],"wp:attachment":[{"href":"https:\/\/fr.motocrossmag.be\/index.php\/wp-json\/wp\/v2\/media?parent=115756"}],"wp:term":[{"taxonomy":"category","embeddable":true,"href":"https:\/\/fr.motocrossmag.be\/index.php\/wp-json\/wp\/v2\/categories?post=115756"},{"taxonomy":"post_tag","embeddable":true,"href":"https:\/\/fr.motocrossmag.be\/index.php\/wp-json\/wp\/v2\/tags?post=115756"}],"curies":[{"name":"wp","href":"https:\/\/api.w.org\/{rel}","templated":true}]}}