{"id":115946,"date":"2022-03-30T09:20:38","date_gmt":"2022-03-30T07:20:38","guid":{"rendered":"http:\/\/fr.motocrossmag.be\/?p=115946"},"modified":"2022-03-30T09:22:13","modified_gmt":"2022-03-30T07:22:13","slug":"des-fantic-en-location-pour-le-supermoto-chez-jfracing","status":"publish","type":"post","link":"https:\/\/fr.motocrossmag.be\/index.php\/2022\/03\/des-fantic-en-location-pour-le-supermoto-chez-jfracing\/","title":{"rendered":"Des Fantic en location pour le Supermoto chez JFRacing"},"content":{"rendered":"<p><strong>Envie de vous glisser dans la peau d&rsquo;un pilote usine Supermoto sans vous ruiner ? JFRacing vous propose ses motos et son infrastructure \u00e0 la location.<\/strong><\/p>\n<p>Que vous ayez envie de participer \u00e0 une course de Supermoto ou tout simplement profiter d&rsquo;une moto de supermoto sur un circuit entre potes sans investir dans l&rsquo;achat d&rsquo;une moto, Jean-Fran\u00e7ois Cabu a la solution qu&rsquo;il vous faut.<\/p><div class=\"oklxv6a96d97a920f3\" ><!-- \/91277017\/Inline-articles-mobile -->\n<div style=\"margin:auto; text-align:center !important\">\n<div id='div-gpt-ad-1784982661365-0' style='min-width: 250px; min-height: 75px;'>\n  <script>\n    googletag.cmd.push(function() { googletag.display('div-gpt-ad-1784982661365-0'); });\n  <\/script>\n<\/div><\/div><\/div><style type=\"text\/css\">\r\n.oklxv6a96d97a920f3 {\r\nmargin-bottom:30px;margin-top:20px\r\n}\r\n@media screen and (min-width: 1201px) {\r\n.oklxv6a96d97a920f3 {\r\ndisplay: block;\r\n}\r\n}\r\n@media screen and (min-width: 993px) and (max-width: 1200px) {\r\n.oklxv6a96d97a920f3 {\r\ndisplay: block;\r\n}\r\n}\r\n@media screen and (min-width: 769px) and (max-width: 992px) {\r\n.oklxv6a96d97a920f3 {\r\ndisplay: block;\r\n}\r\n}\r\n@media screen and (min-width: 768px) and (max-width: 768px) {\r\n.oklxv6a96d97a920f3 {\r\ndisplay: block;\r\n}\r\n}\r\n@media screen and (max-width: 767px) {\r\n.oklxv6a96d97a920f3 {\r\ndisplay: block;\r\n}\r\n}\r\n<\/style>\r\n\n<p><img decoding=\"async\" class=\"alignnone size-full wp-image-115948\" src=\"http:\/\/fr.motocrossmag.be\/wp-content\/uploads\/2022\/03\/FTCmx-009.jpg\" alt=\"\" width=\"1000\" height=\"665\" srcset=\"https:\/\/fr.motocrossmag.be\/wp-content\/uploads\/2022\/03\/FTCmx-009.jpg 1000w, https:\/\/fr.motocrossmag.be\/wp-content\/uploads\/2022\/03\/FTCmx-009-650x432.jpg 650w, https:\/\/fr.motocrossmag.be\/wp-content\/uploads\/2022\/03\/FTCmx-009-768x511.jpg 768w\" sizes=\"(max-width: 1000px) 100vw, 1000px\" \/><\/p>\n<p>Le boss de la concession JFRacing, fort de ses nombreuses ann\u00e9es d&rsquo;exp\u00e9riences dans le domaine, vous propose la location de Fantic XXF 450 pr\u00e9par\u00e9es par ses soins. Vous n&rsquo;avez plus qu&rsquo;\u00e0 enfiler votre cuir, comme un pilote d&rsquo;usine !<\/p>\n<p>JFRacing vous propose :<\/p><div class=\"nwwcx6a96d97a9210a\" ><!-- \/91277017\/articles-inline-2 -->\n<div style=\"margin: 20px auto; text-align:center !important\">\n<div id='div-gpt-ad-1785021530385-0' style='min-width: 300px; min-height: 75px;'>\n  <script>\n    googletag.cmd.push(function() { googletag.display('div-gpt-ad-1785021530385-0'); });\n  <\/script>\n<\/div><\/div><\/div><style type=\"text\/css\">\r\n@media screen and (min-width: 1201px) {\r\n.nwwcx6a96d97a9210a {\r\ndisplay: block;\r\n}\r\n}\r\n@media screen and (min-width: 993px) and (max-width: 1200px) {\r\n.nwwcx6a96d97a9210a {\r\ndisplay: block;\r\n}\r\n}\r\n@media screen and (min-width: 769px) and (max-width: 992px) {\r\n.nwwcx6a96d97a9210a {\r\ndisplay: block;\r\n}\r\n}\r\n@media screen and (min-width: 768px) and (max-width: 768px) {\r\n.nwwcx6a96d97a9210a {\r\ndisplay: block;\r\n}\r\n}\r\n@media screen and (max-width: 767px) {\r\n.nwwcx6a96d97a9210a {\r\ndisplay: block;\r\n}\r\n}\r\n<\/style>\r\n\n<ul>\n<li>la location \u00e0 la journ\u00e9e sur circuit.<\/li>\n<li>la location \u00e0 la course pour le championnat de Belgique.<\/li>\n<li>la location pour le SUPERBIKER de Mettet.<\/li>\n<\/ul>\n<p>Outre la location de la moto, Jean-Fran\u00e7ois vous accompagne avec un \u00ab\u00a0service all in\u00a0\u00bb : tonnelle de paddock, tapis de sol, pied moto, essence, pi\u00e8ces d\u00e9tach\u00e9es, un train de pneus, les couvertures chauffantes, et m\u00eame un m\u00e9canicien !<\/p>\n<div id='gallery-1' class='gallery galleryid-115946 gallery-columns-3 gallery-size-thumbnail'><figure class='gallery-item'>\n\t\t\t<div class='gallery-icon landscape'>\n\t\t\t\t<a href='https:\/\/fr.motocrossmag.be\/index.php\/2022\/03\/des-fantic-en-location-pour-le-supermoto-chez-jfracing\/ftcmx-001\/'><img decoding=\"async\" width=\"250\" height=\"250\" src=\"https:\/\/fr.motocrossmag.be\/wp-content\/uploads\/2022\/03\/FTCmx-001-250x250.jpg\" class=\"attachment-thumbnail size-thumbnail\" alt=\"\" srcset=\"https:\/\/fr.motocrossmag.be\/wp-content\/uploads\/2022\/03\/FTCmx-001-250x250.jpg 250w, https:\/\/fr.motocrossmag.be\/wp-content\/uploads\/2022\/03\/FTCmx-001-50x50.jpg 50w, https:\/\/fr.motocrossmag.be\/wp-content\/uploads\/2022\/03\/FTCmx-001-150x150.jpg 150w, https:\/\/fr.motocrossmag.be\/wp-content\/uploads\/2022\/03\/FTCmx-001-45x45.jpg 45w\" sizes=\"(max-width: 250px) 100vw, 250px\" \/><\/a>\n\t\t\t<\/div><\/figure><figure class='gallery-item'>\n\t\t\t<div class='gallery-icon landscape'>\n\t\t\t\t<a href='https:\/\/fr.motocrossmag.be\/index.php\/2022\/03\/des-fantic-en-location-pour-le-supermoto-chez-jfracing\/ftcmx-002\/'><img decoding=\"async\" width=\"250\" height=\"250\" src=\"https:\/\/fr.motocrossmag.be\/wp-content\/uploads\/2022\/03\/FTCmx-002-250x250.jpg\" class=\"attachment-thumbnail size-thumbnail\" alt=\"\" srcset=\"https:\/\/fr.motocrossmag.be\/wp-content\/uploads\/2022\/03\/FTCmx-002-250x250.jpg 250w, https:\/\/fr.motocrossmag.be\/wp-content\/uploads\/2022\/03\/FTCmx-002-50x50.jpg 50w, https:\/\/fr.motocrossmag.be\/wp-content\/uploads\/2022\/03\/FTCmx-002-150x150.jpg 150w, https:\/\/fr.motocrossmag.be\/wp-content\/uploads\/2022\/03\/FTCmx-002-45x45.jpg 45w\" sizes=\"(max-width: 250px) 100vw, 250px\" \/><\/a>\n\t\t\t<\/div><\/figure><figure class='gallery-item'>\n\t\t\t<div class='gallery-icon landscape'>\n\t\t\t\t<a href='https:\/\/fr.motocrossmag.be\/index.php\/2022\/03\/des-fantic-en-location-pour-le-supermoto-chez-jfracing\/ftcmx-005\/'><img decoding=\"async\" width=\"250\" height=\"250\" src=\"https:\/\/fr.motocrossmag.be\/wp-content\/uploads\/2022\/03\/FTCmx-005-250x250.jpg\" class=\"attachment-thumbnail size-thumbnail\" alt=\"\" srcset=\"https:\/\/fr.motocrossmag.be\/wp-content\/uploads\/2022\/03\/FTCmx-005-250x250.jpg 250w, https:\/\/fr.motocrossmag.be\/wp-content\/uploads\/2022\/03\/FTCmx-005-50x50.jpg 50w, https:\/\/fr.motocrossmag.be\/wp-content\/uploads\/2022\/03\/FTCmx-005-150x150.jpg 150w, https:\/\/fr.motocrossmag.be\/wp-content\/uploads\/2022\/03\/FTCmx-005-45x45.jpg 45w\" sizes=\"(max-width: 250px) 100vw, 250px\" \/><\/a>\n\t\t\t<\/div><\/figure><figure class='gallery-item'>\n\t\t\t<div class='gallery-icon landscape'>\n\t\t\t\t<a href='https:\/\/fr.motocrossmag.be\/index.php\/2022\/03\/des-fantic-en-location-pour-le-supermoto-chez-jfracing\/ftcmx-007\/'><img decoding=\"async\" width=\"250\" height=\"250\" src=\"https:\/\/fr.motocrossmag.be\/wp-content\/uploads\/2022\/03\/FTCmx-007-250x250.jpg\" class=\"attachment-thumbnail size-thumbnail\" alt=\"\" srcset=\"https:\/\/fr.motocrossmag.be\/wp-content\/uploads\/2022\/03\/FTCmx-007-250x250.jpg 250w, https:\/\/fr.motocrossmag.be\/wp-content\/uploads\/2022\/03\/FTCmx-007-50x50.jpg 50w, https:\/\/fr.motocrossmag.be\/wp-content\/uploads\/2022\/03\/FTCmx-007-150x150.jpg 150w, https:\/\/fr.motocrossmag.be\/wp-content\/uploads\/2022\/03\/FTCmx-007-45x45.jpg 45w\" sizes=\"(max-width: 250px) 100vw, 250px\" \/><\/a>\n\t\t\t<\/div><\/figure><figure class='gallery-item'>\n\t\t\t<div class='gallery-icon landscape'>\n\t\t\t\t<a href='https:\/\/fr.motocrossmag.be\/index.php\/2022\/03\/des-fantic-en-location-pour-le-supermoto-chez-jfracing\/ftcmx-008\/'><img decoding=\"async\" width=\"250\" height=\"250\" src=\"https:\/\/fr.motocrossmag.be\/wp-content\/uploads\/2022\/03\/FTCmx-008-250x250.jpg\" class=\"attachment-thumbnail size-thumbnail\" alt=\"\" srcset=\"https:\/\/fr.motocrossmag.be\/wp-content\/uploads\/2022\/03\/FTCmx-008-250x250.jpg 250w, https:\/\/fr.motocrossmag.be\/wp-content\/uploads\/2022\/03\/FTCmx-008-50x50.jpg 50w, https:\/\/fr.motocrossmag.be\/wp-content\/uploads\/2022\/03\/FTCmx-008-150x150.jpg 150w, https:\/\/fr.motocrossmag.be\/wp-content\/uploads\/2022\/03\/FTCmx-008-45x45.jpg 45w\" sizes=\"(max-width: 250px) 100vw, 250px\" \/><\/a>\n\t\t\t<\/div><\/figure><figure class='gallery-item'>\n\t\t\t<div class='gallery-icon landscape'>\n\t\t\t\t<a href='https:\/\/fr.motocrossmag.be\/index.php\/2022\/03\/des-fantic-en-location-pour-le-supermoto-chez-jfracing\/ftcmx-011\/'><img decoding=\"async\" width=\"250\" height=\"250\" src=\"https:\/\/fr.motocrossmag.be\/wp-content\/uploads\/2022\/03\/FTCmx-011-250x250.jpg\" class=\"attachment-thumbnail size-thumbnail\" alt=\"\" srcset=\"https:\/\/fr.motocrossmag.be\/wp-content\/uploads\/2022\/03\/FTCmx-011-250x250.jpg 250w, https:\/\/fr.motocrossmag.be\/wp-content\/uploads\/2022\/03\/FTCmx-011-50x50.jpg 50w, https:\/\/fr.motocrossmag.be\/wp-content\/uploads\/2022\/03\/FTCmx-011-150x150.jpg 150w, https:\/\/fr.motocrossmag.be\/wp-content\/uploads\/2022\/03\/FTCmx-011-45x45.jpg 45w\" sizes=\"(max-width: 250px) 100vw, 250px\" \/><\/a>\n\t\t\t<\/div><\/figure><figure class='gallery-item'>\n\t\t\t<div class='gallery-icon landscape'>\n\t\t\t\t<a href='https:\/\/fr.motocrossmag.be\/index.php\/2022\/03\/des-fantic-en-location-pour-le-supermoto-chez-jfracing\/ftcmx-014\/'><img decoding=\"async\" width=\"250\" height=\"250\" src=\"https:\/\/fr.motocrossmag.be\/wp-content\/uploads\/2022\/03\/FTCmx-014-250x250.jpg\" class=\"attachment-thumbnail size-thumbnail\" alt=\"\" srcset=\"https:\/\/fr.motocrossmag.be\/wp-content\/uploads\/2022\/03\/FTCmx-014-250x250.jpg 250w, https:\/\/fr.motocrossmag.be\/wp-content\/uploads\/2022\/03\/FTCmx-014-50x50.jpg 50w, https:\/\/fr.motocrossmag.be\/wp-content\/uploads\/2022\/03\/FTCmx-014-150x150.jpg 150w, https:\/\/fr.motocrossmag.be\/wp-content\/uploads\/2022\/03\/FTCmx-014-45x45.jpg 45w\" sizes=\"(max-width: 250px) 100vw, 250px\" \/><\/a>\n\t\t\t<\/div><\/figure><figure class='gallery-item'>\n\t\t\t<div class='gallery-icon landscape'>\n\t\t\t\t<a href='https:\/\/fr.motocrossmag.be\/index.php\/2022\/03\/des-fantic-en-location-pour-le-supermoto-chez-jfracing\/ftcmx-015\/'><img decoding=\"async\" width=\"250\" height=\"250\" src=\"https:\/\/fr.motocrossmag.be\/wp-content\/uploads\/2022\/03\/FTCmx-015-250x250.jpg\" class=\"attachment-thumbnail size-thumbnail\" alt=\"\" srcset=\"https:\/\/fr.motocrossmag.be\/wp-content\/uploads\/2022\/03\/FTCmx-015-250x250.jpg 250w, https:\/\/fr.motocrossmag.be\/wp-content\/uploads\/2022\/03\/FTCmx-015-50x50.jpg 50w, https:\/\/fr.motocrossmag.be\/wp-content\/uploads\/2022\/03\/FTCmx-015-150x150.jpg 150w, https:\/\/fr.motocrossmag.be\/wp-content\/uploads\/2022\/03\/FTCmx-015-45x45.jpg 45w\" sizes=\"(max-width: 250px) 100vw, 250px\" \/><\/a>\n\t\t\t<\/div><\/figure><figure class='gallery-item'>\n\t\t\t<div class='gallery-icon landscape'>\n\t\t\t\t<a href='https:\/\/fr.motocrossmag.be\/index.php\/2022\/03\/des-fantic-en-location-pour-le-supermoto-chez-jfracing\/ftcmx-017\/'><img decoding=\"async\" width=\"250\" height=\"250\" src=\"https:\/\/fr.motocrossmag.be\/wp-content\/uploads\/2022\/03\/FTCmx-017-250x250.jpg\" class=\"attachment-thumbnail size-thumbnail\" alt=\"\" srcset=\"https:\/\/fr.motocrossmag.be\/wp-content\/uploads\/2022\/03\/FTCmx-017-250x250.jpg 250w, https:\/\/fr.motocrossmag.be\/wp-content\/uploads\/2022\/03\/FTCmx-017-50x50.jpg 50w, https:\/\/fr.motocrossmag.be\/wp-content\/uploads\/2022\/03\/FTCmx-017-150x150.jpg 150w, https:\/\/fr.motocrossmag.be\/wp-content\/uploads\/2022\/03\/FTCmx-017-45x45.jpg 45w\" sizes=\"(max-width: 250px) 100vw, 250px\" \/><\/a>\n\t\t\t<\/div><\/figure>\n\t\t<\/div>\n\n<p>JFRacing tient \u00e0 remercier les partenaires qui lui ont permis de mener \u00e0 bien ce projet : le circuit de Mettet pour la s\u00e9ance photo et leur soutient au Supermoto, Scratchi Design pour les kis d\u00e9cos , le photographe Frederic David, MXMag, S\u00e9bastien Hacking pour le travail sur les suspensions, Bihr, les huiles Motul , RST, Bell Helmets, DID,AFAM, Twinair, Xtrig, Scott, BRM IMMO, FANTIC Motor et SMBike.<\/p>\n<p>Renseignements et r\u00e9servations : JF RACING au 0474\/536495 &#8211; <a href=\"mailto:jfcabu@hotmail.com\">jfcabu@hotmail.com<\/a><\/p>\n","protected":false},"excerpt":{"rendered":"<p>Envie de vous glisser dans la peau d&rsquo;un pilote usine Supermoto sans vous ruiner ? JFRacing vous propose ses motos et son infrastructure \u00e0 la location. Que vous ayez envie de participer \u00e0 une course de Supermoto ou tout simplement profiter d&rsquo;une moto de supermoto sur un circuit entre potes sans investir dans l&rsquo;achat d&rsquo;une [&hellip;]<\/p>\n","protected":false},"author":932,"featured_media":115947,"comment_status":"open","ping_status":"closed","sticky":false,"template":"","format":"standard","meta":{"tdm_status":"","tdm_grid_status":"","footnotes":""},"categories":[54,43,55,65,38],"tags":[1520,974],"class_list":["post-115946","post","type-post","status-publish","format-standard","has-post-thumbnail","category-actualite","category-news-supermoto","category-news-actualite","category-slideshow","category-supermoto","tag-fantic","tag-supermoto"],"yoast_head":"<!-- This site is optimized with the Yoast SEO plugin v28.3 - https:\/\/yoast.com\/product\/yoast-seo-wordpress\/ -->\n<title>Des Fantic en location pour le Supermoto chez JFRacing - Motocross - Enduro - Supermoto | MotocrossMag<\/title>\n<meta name=\"robots\" content=\"index, follow, max-snippet:-1, max-image-preview:large, max-video-preview:-1\" \/>\n<link rel=\"canonical\" href=\"https:\/\/fr.motocrossmag.be\/index.php\/2022\/03\/des-fantic-en-location-pour-le-supermoto-chez-jfracing\/\" \/>\n<meta property=\"og:locale\" content=\"fr_FR\" \/>\n<meta property=\"og:type\" content=\"article\" \/>\n<meta property=\"og:title\" content=\"Des Fantic en location pour le Supermoto chez JFRacing - Motocross - Enduro - Supermoto | MotocrossMag\" \/>\n<meta property=\"og:description\" content=\"Envie de vous glisser dans la peau d&rsquo;un pilote usine Supermoto sans vous ruiner ? JFRacing vous propose ses motos et son infrastructure \u00e0 la location. Que vous ayez envie de participer \u00e0 une course de Supermoto ou tout simplement profiter d&rsquo;une moto de supermoto sur un circuit entre potes sans investir dans l&rsquo;achat d&rsquo;une [&hellip;]\" \/>\n<meta property=\"og:url\" content=\"https:\/\/fr.motocrossmag.be\/index.php\/2022\/03\/des-fantic-en-location-pour-le-supermoto-chez-jfracing\/\" \/>\n<meta property=\"og:site_name\" content=\"Motocross - Enduro - Supermoto | MotocrossMag\" \/>\n<meta property=\"article:published_time\" content=\"2022-03-30T07:20:38+00:00\" \/>\n<meta property=\"article:modified_time\" content=\"2022-03-30T07:22:13+00:00\" \/>\n<meta property=\"og:image\" content=\"https:\/\/fr.motocrossmag.be\/wp-content\/uploads\/2022\/03\/FTCmx-004.jpg\" \/>\n\t<meta property=\"og:image:width\" content=\"1000\" \/>\n\t<meta property=\"og:image:height\" content=\"665\" \/>\n\t<meta property=\"og:image:type\" content=\"image\/jpeg\" \/>\n<meta name=\"author\" content=\"oliviere\" \/>\n<meta name=\"twitter:card\" content=\"summary_large_image\" \/>\n<meta name=\"twitter:label1\" content=\"\u00c9crit par\" \/>\n\t<meta name=\"twitter:data1\" content=\"oliviere\" \/>\n\t<meta name=\"twitter:label2\" content=\"Dur\u00e9e de lecture estim\u00e9e\" \/>\n\t<meta name=\"twitter:data2\" content=\"1 minute\" \/>\n<script type=\"application\/ld+json\" class=\"yoast-schema-graph\">{\"@context\":\"https:\\\/\\\/schema.org\",\"@graph\":[{\"@type\":\"Article\",\"@id\":\"https:\\\/\\\/fr.motocrossmag.be\\\/index.php\\\/2022\\\/03\\\/des-fantic-en-location-pour-le-supermoto-chez-jfracing\\\/#article\",\"isPartOf\":{\"@id\":\"https:\\\/\\\/fr.motocrossmag.be\\\/index.php\\\/2022\\\/03\\\/des-fantic-en-location-pour-le-supermoto-chez-jfracing\\\/\"},\"author\":{\"name\":\"oliviere\",\"@id\":\"https:\\\/\\\/fr.motocrossmag.be\\\/#\\\/schema\\\/person\\\/11b47143d9f755babca2c9110e03235c\"},\"headline\":\"Des Fantic en location pour le Supermoto chez JFRacing\",\"datePublished\":\"2022-03-30T07:20:38+00:00\",\"dateModified\":\"2022-03-30T07:22:13+00:00\",\"mainEntityOfPage\":{\"@id\":\"https:\\\/\\\/fr.motocrossmag.be\\\/index.php\\\/2022\\\/03\\\/des-fantic-en-location-pour-le-supermoto-chez-jfracing\\\/\"},\"wordCount\":268,\"commentCount\":0,\"image\":{\"@id\":\"https:\\\/\\\/fr.motocrossmag.be\\\/index.php\\\/2022\\\/03\\\/des-fantic-en-location-pour-le-supermoto-chez-jfracing\\\/#primaryimage\"},\"thumbnailUrl\":\"https:\\\/\\\/fr.motocrossmag.be\\\/wp-content\\\/uploads\\\/2022\\\/03\\\/FTCmx-004.jpg\",\"keywords\":[\"fantic\",\"Supermoto\"],\"articleSection\":[\"Actualit\u00e9\",\"News\",\"News\",\"Slideshow\",\"Supermoto\"],\"inLanguage\":\"fr-FR\",\"potentialAction\":[{\"@type\":\"CommentAction\",\"name\":\"Comment\",\"target\":[\"https:\\\/\\\/fr.motocrossmag.be\\\/index.php\\\/2022\\\/03\\\/des-fantic-en-location-pour-le-supermoto-chez-jfracing\\\/#respond\"]}]},{\"@type\":\"WebPage\",\"@id\":\"https:\\\/\\\/fr.motocrossmag.be\\\/index.php\\\/2022\\\/03\\\/des-fantic-en-location-pour-le-supermoto-chez-jfracing\\\/\",\"url\":\"https:\\\/\\\/fr.motocrossmag.be\\\/index.php\\\/2022\\\/03\\\/des-fantic-en-location-pour-le-supermoto-chez-jfracing\\\/\",\"name\":\"Des Fantic en location pour le Supermoto chez JFRacing - Motocross - Enduro - Supermoto | MotocrossMag\",\"isPartOf\":{\"@id\":\"https:\\\/\\\/fr.motocrossmag.be\\\/#website\"},\"primaryImageOfPage\":{\"@id\":\"https:\\\/\\\/fr.motocrossmag.be\\\/index.php\\\/2022\\\/03\\\/des-fantic-en-location-pour-le-supermoto-chez-jfracing\\\/#primaryimage\"},\"image\":{\"@id\":\"https:\\\/\\\/fr.motocrossmag.be\\\/index.php\\\/2022\\\/03\\\/des-fantic-en-location-pour-le-supermoto-chez-jfracing\\\/#primaryimage\"},\"thumbnailUrl\":\"https:\\\/\\\/fr.motocrossmag.be\\\/wp-content\\\/uploads\\\/2022\\\/03\\\/FTCmx-004.jpg\",\"datePublished\":\"2022-03-30T07:20:38+00:00\",\"dateModified\":\"2022-03-30T07:22:13+00:00\",\"author\":{\"@id\":\"https:\\\/\\\/fr.motocrossmag.be\\\/#\\\/schema\\\/person\\\/11b47143d9f755babca2c9110e03235c\"},\"breadcrumb\":{\"@id\":\"https:\\\/\\\/fr.motocrossmag.be\\\/index.php\\\/2022\\\/03\\\/des-fantic-en-location-pour-le-supermoto-chez-jfracing\\\/#breadcrumb\"},\"inLanguage\":\"fr-FR\",\"potentialAction\":[{\"@type\":\"ReadAction\",\"target\":[\"https:\\\/\\\/fr.motocrossmag.be\\\/index.php\\\/2022\\\/03\\\/des-fantic-en-location-pour-le-supermoto-chez-jfracing\\\/\"]}]},{\"@type\":\"ImageObject\",\"inLanguage\":\"fr-FR\",\"@id\":\"https:\\\/\\\/fr.motocrossmag.be\\\/index.php\\\/2022\\\/03\\\/des-fantic-en-location-pour-le-supermoto-chez-jfracing\\\/#primaryimage\",\"url\":\"https:\\\/\\\/fr.motocrossmag.be\\\/wp-content\\\/uploads\\\/2022\\\/03\\\/FTCmx-004.jpg\",\"contentUrl\":\"https:\\\/\\\/fr.motocrossmag.be\\\/wp-content\\\/uploads\\\/2022\\\/03\\\/FTCmx-004.jpg\",\"width\":\"1000\",\"height\":\"665\"},{\"@type\":\"BreadcrumbList\",\"@id\":\"https:\\\/\\\/fr.motocrossmag.be\\\/index.php\\\/2022\\\/03\\\/des-fantic-en-location-pour-le-supermoto-chez-jfracing\\\/#breadcrumb\",\"itemListElement\":[{\"@type\":\"ListItem\",\"position\":1,\"name\":\"Accueil\",\"item\":\"https:\\\/\\\/fr.motocrossmag.be\\\/\"},{\"@type\":\"ListItem\",\"position\":2,\"name\":\"Des Fantic en location pour le Supermoto chez JFRacing\"}]},{\"@type\":\"WebSite\",\"@id\":\"https:\\\/\\\/fr.motocrossmag.be\\\/#website\",\"url\":\"https:\\\/\\\/fr.motocrossmag.be\\\/\",\"name\":\"Motocross - Enduro - Supermoto | MotocrossMag\",\"description\":\"L&#039;actualit\u00e9 du motocross, de l&#039;enduro et du Supermoto en ligne!\",\"potentialAction\":[{\"@type\":\"SearchAction\",\"target\":{\"@type\":\"EntryPoint\",\"urlTemplate\":\"https:\\\/\\\/fr.motocrossmag.be\\\/?s={search_term_string}\"},\"query-input\":{\"@type\":\"PropertyValueSpecification\",\"valueRequired\":true,\"valueName\":\"search_term_string\"}}],\"inLanguage\":\"fr-FR\"},{\"@type\":\"Person\",\"@id\":\"https:\\\/\\\/fr.motocrossmag.be\\\/#\\\/schema\\\/person\\\/11b47143d9f755babca2c9110e03235c\",\"name\":\"oliviere\",\"image\":{\"@type\":\"ImageObject\",\"inLanguage\":\"fr-FR\",\"@id\":\"https:\\\/\\\/secure.gravatar.com\\\/avatar\\\/907069e0b81d119452040469e4a7501da1100f54f7f80180ce77bfab718288f6?s=96&d=mm&r=g\",\"url\":\"https:\\\/\\\/secure.gravatar.com\\\/avatar\\\/907069e0b81d119452040469e4a7501da1100f54f7f80180ce77bfab718288f6?s=96&d=mm&r=g\",\"contentUrl\":\"https:\\\/\\\/secure.gravatar.com\\\/avatar\\\/907069e0b81d119452040469e4a7501da1100f54f7f80180ce77bfab718288f6?s=96&d=mm&r=g\",\"caption\":\"oliviere\"},\"sameAs\":[\"http:\\\/\\\/www.motocrossmag.be\"],\"url\":\"https:\\\/\\\/fr.motocrossmag.be\\\/index.php\\\/author\\\/oliviere\\\/\"}]}<\/script>\n<!-- \/ Yoast SEO plugin. -->","yoast_head_json":{"title":"Des Fantic en location pour le Supermoto chez JFRacing - Motocross - Enduro - Supermoto | MotocrossMag","robots":{"index":"index","follow":"follow","max-snippet":"max-snippet:-1","max-image-preview":"max-image-preview:large","max-video-preview":"max-video-preview:-1"},"canonical":"https:\/\/fr.motocrossmag.be\/index.php\/2022\/03\/des-fantic-en-location-pour-le-supermoto-chez-jfracing\/","og_locale":"fr_FR","og_type":"article","og_title":"Des Fantic en location pour le Supermoto chez JFRacing - Motocross - Enduro - Supermoto | MotocrossMag","og_description":"Envie de vous glisser dans la peau d&rsquo;un pilote usine Supermoto sans vous ruiner ? JFRacing vous propose ses motos et son infrastructure \u00e0 la location. Que vous ayez envie de participer \u00e0 une course de Supermoto ou tout simplement profiter d&rsquo;une moto de supermoto sur un circuit entre potes sans investir dans l&rsquo;achat d&rsquo;une [&hellip;]","og_url":"https:\/\/fr.motocrossmag.be\/index.php\/2022\/03\/des-fantic-en-location-pour-le-supermoto-chez-jfracing\/","og_site_name":"Motocross - Enduro - Supermoto | MotocrossMag","article_published_time":"2022-03-30T07:20:38+00:00","article_modified_time":"2022-03-30T07:22:13+00:00","og_image":[{"width":1000,"height":665,"url":"https:\/\/fr.motocrossmag.be\/wp-content\/uploads\/2022\/03\/FTCmx-004.jpg","type":"image\/jpeg"}],"author":"oliviere","twitter_card":"summary_large_image","twitter_misc":{"\u00c9crit par":"oliviere","Dur\u00e9e de lecture estim\u00e9e":"1 minute"},"schema":{"@context":"https:\/\/schema.org","@graph":[{"@type":"Article","@id":"https:\/\/fr.motocrossmag.be\/index.php\/2022\/03\/des-fantic-en-location-pour-le-supermoto-chez-jfracing\/#article","isPartOf":{"@id":"https:\/\/fr.motocrossmag.be\/index.php\/2022\/03\/des-fantic-en-location-pour-le-supermoto-chez-jfracing\/"},"author":{"name":"oliviere","@id":"https:\/\/fr.motocrossmag.be\/#\/schema\/person\/11b47143d9f755babca2c9110e03235c"},"headline":"Des Fantic en location pour le Supermoto chez JFRacing","datePublished":"2022-03-30T07:20:38+00:00","dateModified":"2022-03-30T07:22:13+00:00","mainEntityOfPage":{"@id":"https:\/\/fr.motocrossmag.be\/index.php\/2022\/03\/des-fantic-en-location-pour-le-supermoto-chez-jfracing\/"},"wordCount":268,"commentCount":0,"image":{"@id":"https:\/\/fr.motocrossmag.be\/index.php\/2022\/03\/des-fantic-en-location-pour-le-supermoto-chez-jfracing\/#primaryimage"},"thumbnailUrl":"https:\/\/fr.motocrossmag.be\/wp-content\/uploads\/2022\/03\/FTCmx-004.jpg","keywords":["fantic","Supermoto"],"articleSection":["Actualit\u00e9","News","News","Slideshow","Supermoto"],"inLanguage":"fr-FR","potentialAction":[{"@type":"CommentAction","name":"Comment","target":["https:\/\/fr.motocrossmag.be\/index.php\/2022\/03\/des-fantic-en-location-pour-le-supermoto-chez-jfracing\/#respond"]}]},{"@type":"WebPage","@id":"https:\/\/fr.motocrossmag.be\/index.php\/2022\/03\/des-fantic-en-location-pour-le-supermoto-chez-jfracing\/","url":"https:\/\/fr.motocrossmag.be\/index.php\/2022\/03\/des-fantic-en-location-pour-le-supermoto-chez-jfracing\/","name":"Des Fantic en location pour le Supermoto chez JFRacing - Motocross - Enduro - Supermoto | MotocrossMag","isPartOf":{"@id":"https:\/\/fr.motocrossmag.be\/#website"},"primaryImageOfPage":{"@id":"https:\/\/fr.motocrossmag.be\/index.php\/2022\/03\/des-fantic-en-location-pour-le-supermoto-chez-jfracing\/#primaryimage"},"image":{"@id":"https:\/\/fr.motocrossmag.be\/index.php\/2022\/03\/des-fantic-en-location-pour-le-supermoto-chez-jfracing\/#primaryimage"},"thumbnailUrl":"https:\/\/fr.motocrossmag.be\/wp-content\/uploads\/2022\/03\/FTCmx-004.jpg","datePublished":"2022-03-30T07:20:38+00:00","dateModified":"2022-03-30T07:22:13+00:00","author":{"@id":"https:\/\/fr.motocrossmag.be\/#\/schema\/person\/11b47143d9f755babca2c9110e03235c"},"breadcrumb":{"@id":"https:\/\/fr.motocrossmag.be\/index.php\/2022\/03\/des-fantic-en-location-pour-le-supermoto-chez-jfracing\/#breadcrumb"},"inLanguage":"fr-FR","potentialAction":[{"@type":"ReadAction","target":["https:\/\/fr.motocrossmag.be\/index.php\/2022\/03\/des-fantic-en-location-pour-le-supermoto-chez-jfracing\/"]}]},{"@type":"ImageObject","inLanguage":"fr-FR","@id":"https:\/\/fr.motocrossmag.be\/index.php\/2022\/03\/des-fantic-en-location-pour-le-supermoto-chez-jfracing\/#primaryimage","url":"https:\/\/fr.motocrossmag.be\/wp-content\/uploads\/2022\/03\/FTCmx-004.jpg","contentUrl":"https:\/\/fr.motocrossmag.be\/wp-content\/uploads\/2022\/03\/FTCmx-004.jpg","width":"1000","height":"665"},{"@type":"BreadcrumbList","@id":"https:\/\/fr.motocrossmag.be\/index.php\/2022\/03\/des-fantic-en-location-pour-le-supermoto-chez-jfracing\/#breadcrumb","itemListElement":[{"@type":"ListItem","position":1,"name":"Accueil","item":"https:\/\/fr.motocrossmag.be\/"},{"@type":"ListItem","position":2,"name":"Des Fantic en location pour le Supermoto chez JFRacing"}]},{"@type":"WebSite","@id":"https:\/\/fr.motocrossmag.be\/#website","url":"https:\/\/fr.motocrossmag.be\/","name":"Motocross - Enduro - Supermoto | MotocrossMag","description":"L&#039;actualit\u00e9 du motocross, de l&#039;enduro et du Supermoto en ligne!","potentialAction":[{"@type":"SearchAction","target":{"@type":"EntryPoint","urlTemplate":"https:\/\/fr.motocrossmag.be\/?s={search_term_string}"},"query-input":{"@type":"PropertyValueSpecification","valueRequired":true,"valueName":"search_term_string"}}],"inLanguage":"fr-FR"},{"@type":"Person","@id":"https:\/\/fr.motocrossmag.be\/#\/schema\/person\/11b47143d9f755babca2c9110e03235c","name":"oliviere","image":{"@type":"ImageObject","inLanguage":"fr-FR","@id":"https:\/\/secure.gravatar.com\/avatar\/907069e0b81d119452040469e4a7501da1100f54f7f80180ce77bfab718288f6?s=96&d=mm&r=g","url":"https:\/\/secure.gravatar.com\/avatar\/907069e0b81d119452040469e4a7501da1100f54f7f80180ce77bfab718288f6?s=96&d=mm&r=g","contentUrl":"https:\/\/secure.gravatar.com\/avatar\/907069e0b81d119452040469e4a7501da1100f54f7f80180ce77bfab718288f6?s=96&d=mm&r=g","caption":"oliviere"},"sameAs":["http:\/\/www.motocrossmag.be"],"url":"https:\/\/fr.motocrossmag.be\/index.php\/author\/oliviere\/"}]}},"_links":{"self":[{"href":"https:\/\/fr.motocrossmag.be\/index.php\/wp-json\/wp\/v2\/posts\/115946","targetHints":{"allow":["GET"]}}],"collection":[{"href":"https:\/\/fr.motocrossmag.be\/index.php\/wp-json\/wp\/v2\/posts"}],"about":[{"href":"https:\/\/fr.motocrossmag.be\/index.php\/wp-json\/wp\/v2\/types\/post"}],"author":[{"embeddable":true,"href":"https:\/\/fr.motocrossmag.be\/index.php\/wp-json\/wp\/v2\/users\/932"}],"replies":[{"embeddable":true,"href":"https:\/\/fr.motocrossmag.be\/index.php\/wp-json\/wp\/v2\/comments?post=115946"}],"version-history":[{"count":1,"href":"https:\/\/fr.motocrossmag.be\/index.php\/wp-json\/wp\/v2\/posts\/115946\/revisions"}],"predecessor-version":[{"id":115949,"href":"https:\/\/fr.motocrossmag.be\/index.php\/wp-json\/wp\/v2\/posts\/115946\/revisions\/115949"}],"wp:featuredmedia":[{"embeddable":true,"href":"https:\/\/fr.motocrossmag.be\/index.php\/wp-json\/wp\/v2\/media\/115947"}],"wp:attachment":[{"href":"https:\/\/fr.motocrossmag.be\/index.php\/wp-json\/wp\/v2\/media?parent=115946"}],"wp:term":[{"taxonomy":"category","embeddable":true,"href":"https:\/\/fr.motocrossmag.be\/index.php\/wp-json\/wp\/v2\/categories?post=115946"},{"taxonomy":"post_tag","embeddable":true,"href":"https:\/\/fr.motocrossmag.be\/index.php\/wp-json\/wp\/v2\/tags?post=115946"}],"curies":[{"name":"wp","href":"https:\/\/api.w.org\/{rel}","templated":true}]}}