{"id":1162,"date":"2008-07-09T21:28:18","date_gmt":"2008-07-09T20:28:18","guid":{"rendered":"http:\/\/www.motocrossmag.be\/?p=1162"},"modified":"2008-07-09T21:38:52","modified_gmt":"2008-07-09T20:38:52","slug":"mx-master-kids-2008-un-team-motocrossmagbe-au-mx-master-kids","status":"publish","type":"post","link":"https:\/\/fr.motocrossmag.be\/index.php\/2008\/07\/mx-master-kids-2008-un-team-motocrossmagbe-au-mx-master-kids\/","title":{"rendered":"Motocross &#8211; MX Master Kids 2008 | Un team Motocrossmag.be au MX Master Kids!"},"content":{"rendered":"<p style=\"text-align: left;\">Comme vous le savez, Limes accueillera ce week-end des 12 et 13 juillet la 6\u00e8me \u00e9dition du MX Master Kids. Un \u00e9v\u00e9nement auquel Motocrossmag se devait de prendre part, notamment en engageant pas moins de 17 jeunes pilotes dans cette comp\u00e9tition qui mettra en lice la plupart des meilleurs kids europ\u00e9ens.<\/p>\n<p>Le team Motocrossmag.be, mis sur pied en collaboration avec le Bernard MX Team, se compose de pilotes \u00e9voluant pour la plupart &agrave; l&rsquo;AMPL et dont le mot d&rsquo;ordre sera avant tout l&rsquo;amusement, m\u00eame si nous esp\u00e9rons \u00e9videmment l&rsquo;un ou l&rsquo;autre bon r\u00e9sultat en individuel.<\/p>\n<p><a href=\"http:\/\/www.pilote-production.com\" target=\"_blank\"><img decoding=\"async\" class=\"lazyload alignnone size-full wp-image-1179 alignleft\" style=\"float: left;\" title=\"Gagnez du temps et de l'argent avec Pilote Production!\" src=\"data:image\/svg+xml,%3Csvg%20xmlns%3D%27http%3A%2F%2Fwww.w3.org%2F2000%2Fsvg%27%20width%3D%27200%27%20height%3D%2787%27%20viewBox%3D%270%200%20200%2087%27%3E%3Crect%20width%3D%27200%27%20height%3D%2787%27%20fill-opacity%3D%220%22%2F%3E%3C%2Fsvg%3E\" data-orig-src=\"http:\/\/www.motocrossmag.be\/wp-content\/uploads\/2008\/07\/logopp.gif\" alt=\"\" width=\"200\" height=\"87\" \/><\/a><\/p>\n<p style=\"text-align: left;\">\n<p style=\"text-align: left;\">\n<p style=\"text-align: left;\">\n<p style=\"text-align: left;\">Voici une petite pr\u00e9sentation de nos pilotes par cat\u00e9gorie.<\/p>\n<p><strong>Cat\u00e9gorie A : 50cc -8ans<br \/>\n<\/strong><br \/>\n#73 Romain Delbrassine<\/p>\n<p><img decoding=\"async\" class=\"lazyload alignnone size-full wp-image-1175\" title=\"-\" src=\"http:\/\/www.motocrossmag.be\/wp-content\/uploads\/2008\/07\/romaindelbrassine.jpg\" data-orig-src=\"http:\/\/www.motocrossmag.be\/wp-content\/uploads\/2008\/07\/romaindelbrassine.jpg\" alt=\"\" width=\"334\" height=\"500\" srcset=\"data:image\/svg+xml,%3Csvg%20xmlns%3D%27http%3A%2F%2Fwww.w3.org%2F2000%2Fsvg%27%20width%3D%27334%27%20height%3D%27500%27%20viewBox%3D%270%200%20334%20500%27%3E%3Crect%20width%3D%27334%27%20height%3D%27500%27%20fill-opacity%3D%220%22%2F%3E%3C%2Fsvg%3E\" data-srcset=\"https:\/\/fr.motocrossmag.be\/wp-content\/uploads\/2008\/07\/romaindelbrassine-200x300.jpg 200w, https:\/\/fr.motocrossmag.be\/wp-content\/uploads\/2008\/07\/romaindelbrassine.jpg 334w\" data-sizes=\"auto\" data-orig-sizes=\"(max-width: 334px) 100vw, 334px\" \/><br \/>\n<strong><\/p>\n<p>Cat\u00e9gorie B : 50cc 8-10ans<\/strong><\/p>\n<p>#26 R\u00e9mi Fraikin<\/p>\n<p><img decoding=\"async\" class=\"lazyload alignnone size-full wp-image-1174\" title=\"-\" src=\"http:\/\/www.motocrossmag.be\/wp-content\/uploads\/2008\/07\/remifraikin.jpg\" data-orig-src=\"http:\/\/www.motocrossmag.be\/wp-content\/uploads\/2008\/07\/remifraikin.jpg\" alt=\"\" width=\"500\" height=\"334\" srcset=\"data:image\/svg+xml,%3Csvg%20xmlns%3D%27http%3A%2F%2Fwww.w3.org%2F2000%2Fsvg%27%20width%3D%27500%27%20height%3D%27334%27%20viewBox%3D%270%200%20500%20334%27%3E%3Crect%20width%3D%27500%27%20height%3D%27334%27%20fill-opacity%3D%220%22%2F%3E%3C%2Fsvg%3E\" data-srcset=\"https:\/\/fr.motocrossmag.be\/wp-content\/uploads\/2008\/07\/remifraikin-300x200.jpg 300w, https:\/\/fr.motocrossmag.be\/wp-content\/uploads\/2008\/07\/remifraikin.jpg 500w\" data-sizes=\"auto\" data-orig-sizes=\"(max-width: 500px) 100vw, 500px\" \/><\/p>\n<p>#53 Luca Rulot<\/p>\n<p><img decoding=\"async\" class=\"lazyload alignnone size-full wp-image-1169\" title=\"-\" src=\"http:\/\/www.motocrossmag.be\/wp-content\/uploads\/2008\/07\/lucasrulot.jpg\" data-orig-src=\"http:\/\/www.motocrossmag.be\/wp-content\/uploads\/2008\/07\/lucasrulot.jpg\" alt=\"\" width=\"334\" height=\"500\" srcset=\"data:image\/svg+xml,%3Csvg%20xmlns%3D%27http%3A%2F%2Fwww.w3.org%2F2000%2Fsvg%27%20width%3D%27334%27%20height%3D%27500%27%20viewBox%3D%270%200%20334%20500%27%3E%3Crect%20width%3D%27334%27%20height%3D%27500%27%20fill-opacity%3D%220%22%2F%3E%3C%2Fsvg%3E\" data-srcset=\"https:\/\/fr.motocrossmag.be\/wp-content\/uploads\/2008\/07\/lucasrulot-200x300.jpg 200w, https:\/\/fr.motocrossmag.be\/wp-content\/uploads\/2008\/07\/lucasrulot.jpg 334w\" data-sizes=\"auto\" data-orig-sizes=\"(max-width: 334px) 100vw, 334px\" \/><\/p>\n<p><strong>Cat\u00e9gorie C : 65cc -10ans<\/strong><\/p>\n<p>#92 Yonni Bernard<\/p>\n<p><img decoding=\"async\" class=\"lazyload alignnone size-full wp-image-1177\" title=\"-\" src=\"http:\/\/www.motocrossmag.be\/wp-content\/uploads\/2008\/07\/yonnibernard.jpg\" data-orig-src=\"http:\/\/www.motocrossmag.be\/wp-content\/uploads\/2008\/07\/yonnibernard.jpg\" alt=\"\" width=\"334\" height=\"500\" srcset=\"data:image\/svg+xml,%3Csvg%20xmlns%3D%27http%3A%2F%2Fwww.w3.org%2F2000%2Fsvg%27%20width%3D%27334%27%20height%3D%27500%27%20viewBox%3D%270%200%20334%20500%27%3E%3Crect%20width%3D%27334%27%20height%3D%27500%27%20fill-opacity%3D%220%22%2F%3E%3C%2Fsvg%3E\" data-srcset=\"https:\/\/fr.motocrossmag.be\/wp-content\/uploads\/2008\/07\/yonnibernard-200x300.jpg 200w, https:\/\/fr.motocrossmag.be\/wp-content\/uploads\/2008\/07\/yonnibernard.jpg 334w\" data-sizes=\"auto\" data-orig-sizes=\"(max-width: 334px) 100vw, 334px\" \/><br \/>\n#137 Quentin Delbrassine<\/p>\n<p><img decoding=\"async\" class=\"lazyload alignnone size-full wp-image-1173\" title=\"-\" src=\"http:\/\/www.motocrossmag.be\/wp-content\/uploads\/2008\/07\/quentindelbrassine.jpg\" data-orig-src=\"http:\/\/www.motocrossmag.be\/wp-content\/uploads\/2008\/07\/quentindelbrassine.jpg\" alt=\"\" width=\"334\" height=\"500\" srcset=\"data:image\/svg+xml,%3Csvg%20xmlns%3D%27http%3A%2F%2Fwww.w3.org%2F2000%2Fsvg%27%20width%3D%27334%27%20height%3D%27500%27%20viewBox%3D%270%200%20334%20500%27%3E%3Crect%20width%3D%27334%27%20height%3D%27500%27%20fill-opacity%3D%220%22%2F%3E%3C%2Fsvg%3E\" data-srcset=\"https:\/\/fr.motocrossmag.be\/wp-content\/uploads\/2008\/07\/quentindelbrassine-200x300.jpg 200w, https:\/\/fr.motocrossmag.be\/wp-content\/uploads\/2008\/07\/quentindelbrassine.jpg 334w\" data-sizes=\"auto\" data-orig-sizes=\"(max-width: 334px) 100vw, 334px\" \/><\/p>\n<p><strong><br \/>\nCat\u00e9gorie D : 65cc +10 ans<\/strong><\/p>\n<p>#15 Collin Talbot<\/p>\n<p> <img decoding=\"async\" class=\"lazyload alignnone size-full wp-image-1165\" title=\"-\" src=\"http:\/\/www.motocrossmag.be\/wp-content\/uploads\/2008\/07\/collintalbot.jpg\" data-orig-src=\"http:\/\/www.motocrossmag.be\/wp-content\/uploads\/2008\/07\/collintalbot.jpg\" alt=\"\" width=\"334\" height=\"500\" srcset=\"data:image\/svg+xml,%3Csvg%20xmlns%3D%27http%3A%2F%2Fwww.w3.org%2F2000%2Fsvg%27%20width%3D%27334%27%20height%3D%27500%27%20viewBox%3D%270%200%20334%20500%27%3E%3Crect%20width%3D%27334%27%20height%3D%27500%27%20fill-opacity%3D%220%22%2F%3E%3C%2Fsvg%3E\" data-srcset=\"https:\/\/fr.motocrossmag.be\/wp-content\/uploads\/2008\/07\/collintalbot-200x300.jpg 200w, https:\/\/fr.motocrossmag.be\/wp-content\/uploads\/2008\/07\/collintalbot.jpg 334w\" data-sizes=\"auto\" data-orig-sizes=\"(max-width: 334px) 100vw, 334px\" \/><br \/>\n<strong><\/strong><\/p>\n<p><strong>Cat\u00e9gorie E : 85cc -12 ans<\/strong><\/p>\n<p>#161 Ludovic Brevers<\/p>\n<p><img decoding=\"async\" class=\"lazyload alignnone size-full wp-image-1170\" title=\"-\" src=\"http:\/\/www.motocrossmag.be\/wp-content\/uploads\/2008\/07\/ludobrevers.jpg\" data-orig-src=\"http:\/\/www.motocrossmag.be\/wp-content\/uploads\/2008\/07\/ludobrevers.jpg\" alt=\"\" width=\"370\" height=\"500\" srcset=\"data:image\/svg+xml,%3Csvg%20xmlns%3D%27http%3A%2F%2Fwww.w3.org%2F2000%2Fsvg%27%20width%3D%27370%27%20height%3D%27500%27%20viewBox%3D%270%200%20370%20500%27%3E%3Crect%20width%3D%27370%27%20height%3D%27500%27%20fill-opacity%3D%220%22%2F%3E%3C%2Fsvg%3E\" data-srcset=\"https:\/\/fr.motocrossmag.be\/wp-content\/uploads\/2008\/07\/ludobrevers-222x300.jpg 222w, https:\/\/fr.motocrossmag.be\/wp-content\/uploads\/2008\/07\/ludobrevers.jpg 370w\" data-sizes=\"auto\" data-orig-sizes=\"(max-width: 370px) 100vw, 370px\" \/><\/p>\n<p>#121 Boris Mazzoni<\/p>\n<p><img decoding=\"async\" class=\"lazyload alignnone size-full wp-image-1164\" title=\"-\" src=\"http:\/\/www.motocrossmag.be\/wp-content\/uploads\/2008\/07\/borismazzoni.jpg\" data-orig-src=\"http:\/\/www.motocrossmag.be\/wp-content\/uploads\/2008\/07\/borismazzoni.jpg\" alt=\"\" width=\"500\" height=\"323\" srcset=\"data:image\/svg+xml,%3Csvg%20xmlns%3D%27http%3A%2F%2Fwww.w3.org%2F2000%2Fsvg%27%20width%3D%27500%27%20height%3D%27323%27%20viewBox%3D%270%200%20500%20323%27%3E%3Crect%20width%3D%27500%27%20height%3D%27323%27%20fill-opacity%3D%220%22%2F%3E%3C%2Fsvg%3E\" data-srcset=\"https:\/\/fr.motocrossmag.be\/wp-content\/uploads\/2008\/07\/borismazzoni-300x193.jpg 300w, https:\/\/fr.motocrossmag.be\/wp-content\/uploads\/2008\/07\/borismazzoni.jpg 500w\" data-sizes=\"auto\" data-orig-sizes=\"(max-width: 500px) 100vw, 500px\" \/><\/p>\n<p><strong><br \/>\nCat\u00e9gorie F : 85cc +12 -14ans<\/strong><\/p>\n<p>#11 Maxence Fourny<\/p>\n<p><img decoding=\"async\" class=\"lazyload alignnone size-full wp-image-1171\" title=\"-\" src=\"http:\/\/www.motocrossmag.be\/wp-content\/uploads\/2008\/07\/maxencefourny.jpg\" data-orig-src=\"http:\/\/www.motocrossmag.be\/wp-content\/uploads\/2008\/07\/maxencefourny.jpg\" alt=\"\" width=\"500\" height=\"347\" srcset=\"data:image\/svg+xml,%3Csvg%20xmlns%3D%27http%3A%2F%2Fwww.w3.org%2F2000%2Fsvg%27%20width%3D%27500%27%20height%3D%27347%27%20viewBox%3D%270%200%20500%20347%27%3E%3Crect%20width%3D%27500%27%20height%3D%27347%27%20fill-opacity%3D%220%22%2F%3E%3C%2Fsvg%3E\" data-srcset=\"https:\/\/fr.motocrossmag.be\/wp-content\/uploads\/2008\/07\/maxencefourny-300x208.jpg 300w, https:\/\/fr.motocrossmag.be\/wp-content\/uploads\/2008\/07\/maxencefourny.jpg 500w\" data-sizes=\"auto\" data-orig-sizes=\"(max-width: 500px) 100vw, 500px\" \/><\/p>\n<p>#7 Jordan Talbot<\/p>\n<p><img decoding=\"async\" class=\"lazyload alignnone size-full wp-image-1166\" title=\"-\" src=\"http:\/\/www.motocrossmag.be\/wp-content\/uploads\/2008\/07\/jordantalbot.jpg\" data-orig-src=\"http:\/\/www.motocrossmag.be\/wp-content\/uploads\/2008\/07\/jordantalbot.jpg\" alt=\"\" width=\"334\" height=\"500\" srcset=\"data:image\/svg+xml,%3Csvg%20xmlns%3D%27http%3A%2F%2Fwww.w3.org%2F2000%2Fsvg%27%20width%3D%27334%27%20height%3D%27500%27%20viewBox%3D%270%200%20334%20500%27%3E%3Crect%20width%3D%27334%27%20height%3D%27500%27%20fill-opacity%3D%220%22%2F%3E%3C%2Fsvg%3E\" data-srcset=\"https:\/\/fr.motocrossmag.be\/wp-content\/uploads\/2008\/07\/jordantalbot-200x300.jpg 200w, https:\/\/fr.motocrossmag.be\/wp-content\/uploads\/2008\/07\/jordantalbot.jpg 334w\" data-sizes=\"auto\" data-orig-sizes=\"(max-width: 334px) 100vw, 334px\" \/><br \/>\n#53 Lo\u00efc Doumont<\/p>\n<p><img decoding=\"async\" class=\"lazyload alignnone size-full wp-image-1167\" title=\"-\" src=\"http:\/\/www.motocrossmag.be\/wp-content\/uploads\/2008\/07\/loicdoumont.jpg\" data-orig-src=\"http:\/\/www.motocrossmag.be\/wp-content\/uploads\/2008\/07\/loicdoumont.jpg\" alt=\"\" width=\"500\" height=\"334\" srcset=\"data:image\/svg+xml,%3Csvg%20xmlns%3D%27http%3A%2F%2Fwww.w3.org%2F2000%2Fsvg%27%20width%3D%27500%27%20height%3D%27334%27%20viewBox%3D%270%200%20500%20334%27%3E%3Crect%20width%3D%27500%27%20height%3D%27334%27%20fill-opacity%3D%220%22%2F%3E%3C%2Fsvg%3E\" data-srcset=\"https:\/\/fr.motocrossmag.be\/wp-content\/uploads\/2008\/07\/loicdoumont-300x200.jpg 300w, https:\/\/fr.motocrossmag.be\/wp-content\/uploads\/2008\/07\/loicdoumont.jpg 500w\" data-sizes=\"auto\" data-orig-sizes=\"(max-width: 500px) 100vw, 500px\" \/><\/p>\n<p>#200 Pierre-Eric Doumont<\/p>\n<p><img decoding=\"async\" class=\"lazyload alignnone size-full wp-image-1172\" title=\"-\" src=\"http:\/\/www.motocrossmag.be\/wp-content\/uploads\/2008\/07\/pierreericdoumont.jpg\" data-orig-src=\"http:\/\/www.motocrossmag.be\/wp-content\/uploads\/2008\/07\/pierreericdoumont.jpg\" alt=\"\" width=\"334\" height=\"500\" srcset=\"data:image\/svg+xml,%3Csvg%20xmlns%3D%27http%3A%2F%2Fwww.w3.org%2F2000%2Fsvg%27%20width%3D%27334%27%20height%3D%27500%27%20viewBox%3D%270%200%20334%20500%27%3E%3Crect%20width%3D%27334%27%20height%3D%27500%27%20fill-opacity%3D%220%22%2F%3E%3C%2Fsvg%3E\" data-srcset=\"https:\/\/fr.motocrossmag.be\/wp-content\/uploads\/2008\/07\/pierreericdoumont-200x300.jpg 200w, https:\/\/fr.motocrossmag.be\/wp-content\/uploads\/2008\/07\/pierreericdoumont.jpg 334w\" data-sizes=\"auto\" data-orig-sizes=\"(max-width: 334px) 100vw, 334px\" \/><\/p>\n<p>#140 Romain Deville<\/p>\n<p><img decoding=\"async\" class=\"lazyload alignnone size-full wp-image-1176\" title=\"-\" src=\"http:\/\/www.motocrossmag.be\/wp-content\/uploads\/2008\/07\/romaindeville.jpg\" data-orig-src=\"http:\/\/www.motocrossmag.be\/wp-content\/uploads\/2008\/07\/romaindeville.jpg\" alt=\"\" width=\"334\" height=\"500\" srcset=\"data:image\/svg+xml,%3Csvg%20xmlns%3D%27http%3A%2F%2Fwww.w3.org%2F2000%2Fsvg%27%20width%3D%27334%27%20height%3D%27500%27%20viewBox%3D%270%200%20334%20500%27%3E%3Crect%20width%3D%27334%27%20height%3D%27500%27%20fill-opacity%3D%220%22%2F%3E%3C%2Fsvg%3E\" data-srcset=\"https:\/\/fr.motocrossmag.be\/wp-content\/uploads\/2008\/07\/romaindeville-200x300.jpg 200w, https:\/\/fr.motocrossmag.be\/wp-content\/uploads\/2008\/07\/romaindeville.jpg 334w\" data-sizes=\"auto\" data-orig-sizes=\"(max-width: 334px) 100vw, 334px\" \/><\/p>\n<p><strong><br \/>\nCat\u00e9gorie I : Open -20 ans<\/strong><\/p>\n<p>#13 Allan Kintziger<\/p>\n<p><img decoding=\"async\" class=\"lazyload alignnone size-full wp-image-1163\" title=\"-\" src=\"http:\/\/www.motocrossmag.be\/wp-content\/uploads\/2008\/07\/allankintziger.jpg\" data-orig-src=\"http:\/\/www.motocrossmag.be\/wp-content\/uploads\/2008\/07\/allankintziger.jpg\" alt=\"\" width=\"334\" height=\"500\" srcset=\"data:image\/svg+xml,%3Csvg%20xmlns%3D%27http%3A%2F%2Fwww.w3.org%2F2000%2Fsvg%27%20width%3D%27334%27%20height%3D%27500%27%20viewBox%3D%270%200%20334%20500%27%3E%3Crect%20width%3D%27334%27%20height%3D%27500%27%20fill-opacity%3D%220%22%2F%3E%3C%2Fsvg%3E\" data-srcset=\"https:\/\/fr.motocrossmag.be\/wp-content\/uploads\/2008\/07\/allankintziger-200x300.jpg 200w, https:\/\/fr.motocrossmag.be\/wp-content\/uploads\/2008\/07\/allankintziger.jpg 334w\" data-sizes=\"auto\" data-orig-sizes=\"(max-width: 334px) 100vw, 334px\" \/><\/p>\n<p>#53 Lo\u00efc Genin<\/p>\n<p><img decoding=\"async\" class=\"lazyload alignnone size-full wp-image-1168\" title=\"-\" src=\"http:\/\/www.motocrossmag.be\/wp-content\/uploads\/2008\/07\/loicgenin.jpg\" data-orig-src=\"http:\/\/www.motocrossmag.be\/wp-content\/uploads\/2008\/07\/loicgenin.jpg\" alt=\"\" width=\"500\" height=\"390\" srcset=\"data:image\/svg+xml,%3Csvg%20xmlns%3D%27http%3A%2F%2Fwww.w3.org%2F2000%2Fsvg%27%20width%3D%27500%27%20height%3D%27390%27%20viewBox%3D%270%200%20500%20390%27%3E%3Crect%20width%3D%27500%27%20height%3D%27390%27%20fill-opacity%3D%220%22%2F%3E%3C%2Fsvg%3E\" data-srcset=\"https:\/\/fr.motocrossmag.be\/wp-content\/uploads\/2008\/07\/loicgenin-300x234.jpg 300w, https:\/\/fr.motocrossmag.be\/wp-content\/uploads\/2008\/07\/loicgenin.jpg 500w\" data-sizes=\"auto\" data-orig-sizes=\"(max-width: 500px) 100vw, 500px\" \/><br \/>\n#17 Arnaud Wauters<br \/>\n<strong><\/strong><\/p>\n<p><strong><br \/>\nCat\u00e9gorie K : Master g\u00e9n\u00e9ration (papas)<\/strong><\/p>\n<p>#161 Laurent Brevers<br \/>\nDevaient faire partie du Team mais sont bless\u00e9s ou indisponibles : Tanguy Gabriel (50cc) et Dorian Deville (85cc).<\/p>\n<p>Un grand merci &agrave; nos partenaires Pilote-production.com, Fraikin motos &agrave; Oupeye et FD motos &agrave; Arlon!<\/p>\n","protected":false},"excerpt":{"rendered":"<p>Comme vous le savez, Limes accueillera ce week-end des 12 et 13 juillet la 6\u00e8me \u00e9dition du MX Master Kids. Un \u00e9v\u00e9nement auquel Motocrossmag se devait de prendre part, notamment [&#8230;]<\/p>\n","protected":false},"author":932,"featured_media":0,"comment_status":"open","ping_status":"open","sticky":false,"template":"","format":"standard","meta":{"footnotes":""},"categories":[54,44,4,5,45,55],"tags":[],"class_list":["post-1162","post","type-post","status-publish","format-standard","hentry","category-actualite","category-kids","category-motocross","category-news","category-news-kids","category-news-actualite"],"yoast_head":"<!-- This site is optimized with the Yoast SEO plugin v27.4 - https:\/\/yoast.com\/product\/yoast-seo-wordpress\/ -->\n<title>Motocross - MX Master Kids 2008 | Un team Motocrossmag.be au MX Master Kids! - Motocross - Enduro - Supermoto | MotocrossMag<\/title>\n<meta name=\"robots\" content=\"index, follow, max-snippet:-1, max-image-preview:large, max-video-preview:-1\" \/>\n<link rel=\"canonical\" href=\"https:\/\/fr.motocrossmag.be\/index.php\/2008\/07\/mx-master-kids-2008-un-team-motocrossmagbe-au-mx-master-kids\/\" \/>\n<meta property=\"og:locale\" content=\"fr_FR\" \/>\n<meta property=\"og:type\" content=\"article\" \/>\n<meta property=\"og:title\" content=\"Motocross - MX Master Kids 2008 | Un team Motocrossmag.be au MX Master Kids! - Motocross - Enduro - Supermoto | MotocrossMag\" \/>\n<meta property=\"og:description\" content=\"Comme vous le savez, Limes accueillera ce week-end des 12 et 13 juillet la 6\u00e8me \u00e9dition du MX Master Kids. Un \u00e9v\u00e9nement auquel Motocrossmag se devait de prendre part, notamment [...]\" \/>\n<meta property=\"og:url\" content=\"https:\/\/fr.motocrossmag.be\/index.php\/2008\/07\/mx-master-kids-2008-un-team-motocrossmagbe-au-mx-master-kids\/\" \/>\n<meta property=\"og:site_name\" content=\"Motocross - Enduro - Supermoto | MotocrossMag\" \/>\n<meta property=\"article:published_time\" content=\"2008-07-09T20:28:18+00:00\" \/>\n<meta property=\"article:modified_time\" content=\"2008-07-09T20:38:52+00:00\" \/>\n<meta property=\"og:image\" content=\"http:\/\/www.motocrossmag.be\/wp-content\/uploads\/2008\/07\/logopp.gif\" \/>\n<meta name=\"author\" content=\"oliviere\" \/>\n<meta name=\"twitter:card\" content=\"summary_large_image\" \/>\n<meta name=\"twitter:label1\" content=\"\u00c9crit par\" \/>\n\t<meta name=\"twitter:data1\" content=\"oliviere\" \/>\n\t<meta name=\"twitter:label2\" content=\"Dur\u00e9e de lecture estim\u00e9e\" \/>\n\t<meta name=\"twitter:data2\" content=\"1 minute\" \/>\n<script type=\"application\/ld+json\" class=\"yoast-schema-graph\">{\"@context\":\"https:\\\/\\\/schema.org\",\"@graph\":[{\"@type\":\"Article\",\"@id\":\"https:\\\/\\\/fr.motocrossmag.be\\\/index.php\\\/2008\\\/07\\\/mx-master-kids-2008-un-team-motocrossmagbe-au-mx-master-kids\\\/#article\",\"isPartOf\":{\"@id\":\"https:\\\/\\\/fr.motocrossmag.be\\\/index.php\\\/2008\\\/07\\\/mx-master-kids-2008-un-team-motocrossmagbe-au-mx-master-kids\\\/\"},\"author\":{\"name\":\"oliviere\",\"@id\":\"https:\\\/\\\/fr.motocrossmag.be\\\/#\\\/schema\\\/person\\\/11b47143d9f755babca2c9110e03235c\"},\"headline\":\"Motocross &#8211; MX Master Kids 2008 | Un team Motocrossmag.be au MX Master Kids!\",\"datePublished\":\"2008-07-09T20:28:18+00:00\",\"dateModified\":\"2008-07-09T20:38:52+00:00\",\"mainEntityOfPage\":{\"@id\":\"https:\\\/\\\/fr.motocrossmag.be\\\/index.php\\\/2008\\\/07\\\/mx-master-kids-2008-un-team-motocrossmagbe-au-mx-master-kids\\\/\"},\"wordCount\":249,\"commentCount\":0,\"image\":{\"@id\":\"https:\\\/\\\/fr.motocrossmag.be\\\/index.php\\\/2008\\\/07\\\/mx-master-kids-2008-un-team-motocrossmagbe-au-mx-master-kids\\\/#primaryimage\"},\"thumbnailUrl\":\"http:\\\/\\\/www.motocrossmag.be\\\/wp-content\\\/uploads\\\/2008\\\/07\\\/logopp.gif\",\"articleSection\":[\"Actualit\u00e9\",\"Kids\",\"Motocross\",\"News\",\"News\",\"News\"],\"inLanguage\":\"fr-FR\",\"potentialAction\":[{\"@type\":\"CommentAction\",\"name\":\"Comment\",\"target\":[\"https:\\\/\\\/fr.motocrossmag.be\\\/index.php\\\/2008\\\/07\\\/mx-master-kids-2008-un-team-motocrossmagbe-au-mx-master-kids\\\/#respond\"]}]},{\"@type\":\"WebPage\",\"@id\":\"https:\\\/\\\/fr.motocrossmag.be\\\/index.php\\\/2008\\\/07\\\/mx-master-kids-2008-un-team-motocrossmagbe-au-mx-master-kids\\\/\",\"url\":\"https:\\\/\\\/fr.motocrossmag.be\\\/index.php\\\/2008\\\/07\\\/mx-master-kids-2008-un-team-motocrossmagbe-au-mx-master-kids\\\/\",\"name\":\"Motocross - MX Master Kids 2008 | Un team Motocrossmag.be au MX Master Kids! - Motocross - Enduro - Supermoto | MotocrossMag\",\"isPartOf\":{\"@id\":\"https:\\\/\\\/fr.motocrossmag.be\\\/#website\"},\"primaryImageOfPage\":{\"@id\":\"https:\\\/\\\/fr.motocrossmag.be\\\/index.php\\\/2008\\\/07\\\/mx-master-kids-2008-un-team-motocrossmagbe-au-mx-master-kids\\\/#primaryimage\"},\"image\":{\"@id\":\"https:\\\/\\\/fr.motocrossmag.be\\\/index.php\\\/2008\\\/07\\\/mx-master-kids-2008-un-team-motocrossmagbe-au-mx-master-kids\\\/#primaryimage\"},\"thumbnailUrl\":\"http:\\\/\\\/www.motocrossmag.be\\\/wp-content\\\/uploads\\\/2008\\\/07\\\/logopp.gif\",\"datePublished\":\"2008-07-09T20:28:18+00:00\",\"dateModified\":\"2008-07-09T20:38:52+00:00\",\"author\":{\"@id\":\"https:\\\/\\\/fr.motocrossmag.be\\\/#\\\/schema\\\/person\\\/11b47143d9f755babca2c9110e03235c\"},\"breadcrumb\":{\"@id\":\"https:\\\/\\\/fr.motocrossmag.be\\\/index.php\\\/2008\\\/07\\\/mx-master-kids-2008-un-team-motocrossmagbe-au-mx-master-kids\\\/#breadcrumb\"},\"inLanguage\":\"fr-FR\",\"potentialAction\":[{\"@type\":\"ReadAction\",\"target\":[\"https:\\\/\\\/fr.motocrossmag.be\\\/index.php\\\/2008\\\/07\\\/mx-master-kids-2008-un-team-motocrossmagbe-au-mx-master-kids\\\/\"]}]},{\"@type\":\"ImageObject\",\"inLanguage\":\"fr-FR\",\"@id\":\"https:\\\/\\\/fr.motocrossmag.be\\\/index.php\\\/2008\\\/07\\\/mx-master-kids-2008-un-team-motocrossmagbe-au-mx-master-kids\\\/#primaryimage\",\"url\":\"http:\\\/\\\/www.motocrossmag.be\\\/wp-content\\\/uploads\\\/2008\\\/07\\\/logopp.gif\",\"contentUrl\":\"http:\\\/\\\/www.motocrossmag.be\\\/wp-content\\\/uploads\\\/2008\\\/07\\\/logopp.gif\"},{\"@type\":\"BreadcrumbList\",\"@id\":\"https:\\\/\\\/fr.motocrossmag.be\\\/index.php\\\/2008\\\/07\\\/mx-master-kids-2008-un-team-motocrossmagbe-au-mx-master-kids\\\/#breadcrumb\",\"itemListElement\":[{\"@type\":\"ListItem\",\"position\":1,\"name\":\"Accueil\",\"item\":\"https:\\\/\\\/fr.motocrossmag.be\\\/\"},{\"@type\":\"ListItem\",\"position\":2,\"name\":\"Motocross &#8211; MX Master Kids 2008 | Un team Motocrossmag.be au MX Master Kids!\"}]},{\"@type\":\"WebSite\",\"@id\":\"https:\\\/\\\/fr.motocrossmag.be\\\/#website\",\"url\":\"https:\\\/\\\/fr.motocrossmag.be\\\/\",\"name\":\"Motocross - Enduro - Supermoto | MotocrossMag\",\"description\":\"L&#039;actualit\u00e9 du motocross, de l&#039;enduro et du Supermoto en ligne!\",\"potentialAction\":[{\"@type\":\"SearchAction\",\"target\":{\"@type\":\"EntryPoint\",\"urlTemplate\":\"https:\\\/\\\/fr.motocrossmag.be\\\/?s={search_term_string}\"},\"query-input\":{\"@type\":\"PropertyValueSpecification\",\"valueRequired\":true,\"valueName\":\"search_term_string\"}}],\"inLanguage\":\"fr-FR\"},{\"@type\":\"Person\",\"@id\":\"https:\\\/\\\/fr.motocrossmag.be\\\/#\\\/schema\\\/person\\\/11b47143d9f755babca2c9110e03235c\",\"name\":\"oliviere\",\"image\":{\"@type\":\"ImageObject\",\"inLanguage\":\"fr-FR\",\"@id\":\"https:\\\/\\\/secure.gravatar.com\\\/avatar\\\/907069e0b81d119452040469e4a7501da1100f54f7f80180ce77bfab718288f6?s=96&d=mm&r=g\",\"url\":\"https:\\\/\\\/secure.gravatar.com\\\/avatar\\\/907069e0b81d119452040469e4a7501da1100f54f7f80180ce77bfab718288f6?s=96&d=mm&r=g\",\"contentUrl\":\"https:\\\/\\\/secure.gravatar.com\\\/avatar\\\/907069e0b81d119452040469e4a7501da1100f54f7f80180ce77bfab718288f6?s=96&d=mm&r=g\",\"caption\":\"oliviere\"},\"sameAs\":[\"http:\\\/\\\/www.motocrossmag.be\"],\"url\":\"https:\\\/\\\/fr.motocrossmag.be\\\/index.php\\\/author\\\/oliviere\\\/\"}]}<\/script>\n<!-- \/ Yoast SEO plugin. -->","yoast_head_json":{"title":"Motocross - MX Master Kids 2008 | Un team Motocrossmag.be au MX Master Kids! - Motocross - Enduro - Supermoto | MotocrossMag","robots":{"index":"index","follow":"follow","max-snippet":"max-snippet:-1","max-image-preview":"max-image-preview:large","max-video-preview":"max-video-preview:-1"},"canonical":"https:\/\/fr.motocrossmag.be\/index.php\/2008\/07\/mx-master-kids-2008-un-team-motocrossmagbe-au-mx-master-kids\/","og_locale":"fr_FR","og_type":"article","og_title":"Motocross - MX Master Kids 2008 | Un team Motocrossmag.be au MX Master Kids! - Motocross - Enduro - Supermoto | MotocrossMag","og_description":"Comme vous le savez, Limes accueillera ce week-end des 12 et 13 juillet la 6\u00e8me \u00e9dition du MX Master Kids. Un \u00e9v\u00e9nement auquel Motocrossmag se devait de prendre part, notamment [...]","og_url":"https:\/\/fr.motocrossmag.be\/index.php\/2008\/07\/mx-master-kids-2008-un-team-motocrossmagbe-au-mx-master-kids\/","og_site_name":"Motocross - Enduro - Supermoto | MotocrossMag","article_published_time":"2008-07-09T20:28:18+00:00","article_modified_time":"2008-07-09T20:38:52+00:00","og_image":[{"url":"http:\/\/www.motocrossmag.be\/wp-content\/uploads\/2008\/07\/logopp.gif","type":"","width":"","height":""}],"author":"oliviere","twitter_card":"summary_large_image","twitter_misc":{"\u00c9crit par":"oliviere","Dur\u00e9e de lecture estim\u00e9e":"1 minute"},"schema":{"@context":"https:\/\/schema.org","@graph":[{"@type":"Article","@id":"https:\/\/fr.motocrossmag.be\/index.php\/2008\/07\/mx-master-kids-2008-un-team-motocrossmagbe-au-mx-master-kids\/#article","isPartOf":{"@id":"https:\/\/fr.motocrossmag.be\/index.php\/2008\/07\/mx-master-kids-2008-un-team-motocrossmagbe-au-mx-master-kids\/"},"author":{"name":"oliviere","@id":"https:\/\/fr.motocrossmag.be\/#\/schema\/person\/11b47143d9f755babca2c9110e03235c"},"headline":"Motocross &#8211; MX Master Kids 2008 | Un team Motocrossmag.be au MX Master Kids!","datePublished":"2008-07-09T20:28:18+00:00","dateModified":"2008-07-09T20:38:52+00:00","mainEntityOfPage":{"@id":"https:\/\/fr.motocrossmag.be\/index.php\/2008\/07\/mx-master-kids-2008-un-team-motocrossmagbe-au-mx-master-kids\/"},"wordCount":249,"commentCount":0,"image":{"@id":"https:\/\/fr.motocrossmag.be\/index.php\/2008\/07\/mx-master-kids-2008-un-team-motocrossmagbe-au-mx-master-kids\/#primaryimage"},"thumbnailUrl":"http:\/\/www.motocrossmag.be\/wp-content\/uploads\/2008\/07\/logopp.gif","articleSection":["Actualit\u00e9","Kids","Motocross","News","News","News"],"inLanguage":"fr-FR","potentialAction":[{"@type":"CommentAction","name":"Comment","target":["https:\/\/fr.motocrossmag.be\/index.php\/2008\/07\/mx-master-kids-2008-un-team-motocrossmagbe-au-mx-master-kids\/#respond"]}]},{"@type":"WebPage","@id":"https:\/\/fr.motocrossmag.be\/index.php\/2008\/07\/mx-master-kids-2008-un-team-motocrossmagbe-au-mx-master-kids\/","url":"https:\/\/fr.motocrossmag.be\/index.php\/2008\/07\/mx-master-kids-2008-un-team-motocrossmagbe-au-mx-master-kids\/","name":"Motocross - MX Master Kids 2008 | Un team Motocrossmag.be au MX Master Kids! - Motocross - Enduro - Supermoto | MotocrossMag","isPartOf":{"@id":"https:\/\/fr.motocrossmag.be\/#website"},"primaryImageOfPage":{"@id":"https:\/\/fr.motocrossmag.be\/index.php\/2008\/07\/mx-master-kids-2008-un-team-motocrossmagbe-au-mx-master-kids\/#primaryimage"},"image":{"@id":"https:\/\/fr.motocrossmag.be\/index.php\/2008\/07\/mx-master-kids-2008-un-team-motocrossmagbe-au-mx-master-kids\/#primaryimage"},"thumbnailUrl":"http:\/\/www.motocrossmag.be\/wp-content\/uploads\/2008\/07\/logopp.gif","datePublished":"2008-07-09T20:28:18+00:00","dateModified":"2008-07-09T20:38:52+00:00","author":{"@id":"https:\/\/fr.motocrossmag.be\/#\/schema\/person\/11b47143d9f755babca2c9110e03235c"},"breadcrumb":{"@id":"https:\/\/fr.motocrossmag.be\/index.php\/2008\/07\/mx-master-kids-2008-un-team-motocrossmagbe-au-mx-master-kids\/#breadcrumb"},"inLanguage":"fr-FR","potentialAction":[{"@type":"ReadAction","target":["https:\/\/fr.motocrossmag.be\/index.php\/2008\/07\/mx-master-kids-2008-un-team-motocrossmagbe-au-mx-master-kids\/"]}]},{"@type":"ImageObject","inLanguage":"fr-FR","@id":"https:\/\/fr.motocrossmag.be\/index.php\/2008\/07\/mx-master-kids-2008-un-team-motocrossmagbe-au-mx-master-kids\/#primaryimage","url":"http:\/\/www.motocrossmag.be\/wp-content\/uploads\/2008\/07\/logopp.gif","contentUrl":"http:\/\/www.motocrossmag.be\/wp-content\/uploads\/2008\/07\/logopp.gif"},{"@type":"BreadcrumbList","@id":"https:\/\/fr.motocrossmag.be\/index.php\/2008\/07\/mx-master-kids-2008-un-team-motocrossmagbe-au-mx-master-kids\/#breadcrumb","itemListElement":[{"@type":"ListItem","position":1,"name":"Accueil","item":"https:\/\/fr.motocrossmag.be\/"},{"@type":"ListItem","position":2,"name":"Motocross &#8211; MX Master Kids 2008 | Un team Motocrossmag.be au MX Master Kids!"}]},{"@type":"WebSite","@id":"https:\/\/fr.motocrossmag.be\/#website","url":"https:\/\/fr.motocrossmag.be\/","name":"Motocross - Enduro - Supermoto | MotocrossMag","description":"L&#039;actualit\u00e9 du motocross, de l&#039;enduro et du Supermoto en ligne!","potentialAction":[{"@type":"SearchAction","target":{"@type":"EntryPoint","urlTemplate":"https:\/\/fr.motocrossmag.be\/?s={search_term_string}"},"query-input":{"@type":"PropertyValueSpecification","valueRequired":true,"valueName":"search_term_string"}}],"inLanguage":"fr-FR"},{"@type":"Person","@id":"https:\/\/fr.motocrossmag.be\/#\/schema\/person\/11b47143d9f755babca2c9110e03235c","name":"oliviere","image":{"@type":"ImageObject","inLanguage":"fr-FR","@id":"https:\/\/secure.gravatar.com\/avatar\/907069e0b81d119452040469e4a7501da1100f54f7f80180ce77bfab718288f6?s=96&d=mm&r=g","url":"https:\/\/secure.gravatar.com\/avatar\/907069e0b81d119452040469e4a7501da1100f54f7f80180ce77bfab718288f6?s=96&d=mm&r=g","contentUrl":"https:\/\/secure.gravatar.com\/avatar\/907069e0b81d119452040469e4a7501da1100f54f7f80180ce77bfab718288f6?s=96&d=mm&r=g","caption":"oliviere"},"sameAs":["http:\/\/www.motocrossmag.be"],"url":"https:\/\/fr.motocrossmag.be\/index.php\/author\/oliviere\/"}]}},"_links":{"self":[{"href":"https:\/\/fr.motocrossmag.be\/index.php\/wp-json\/wp\/v2\/posts\/1162","targetHints":{"allow":["GET"]}}],"collection":[{"href":"https:\/\/fr.motocrossmag.be\/index.php\/wp-json\/wp\/v2\/posts"}],"about":[{"href":"https:\/\/fr.motocrossmag.be\/index.php\/wp-json\/wp\/v2\/types\/post"}],"author":[{"embeddable":true,"href":"https:\/\/fr.motocrossmag.be\/index.php\/wp-json\/wp\/v2\/users\/932"}],"replies":[{"embeddable":true,"href":"https:\/\/fr.motocrossmag.be\/index.php\/wp-json\/wp\/v2\/comments?post=1162"}],"version-history":[{"count":0,"href":"https:\/\/fr.motocrossmag.be\/index.php\/wp-json\/wp\/v2\/posts\/1162\/revisions"}],"wp:attachment":[{"href":"https:\/\/fr.motocrossmag.be\/index.php\/wp-json\/wp\/v2\/media?parent=1162"}],"wp:term":[{"taxonomy":"category","embeddable":true,"href":"https:\/\/fr.motocrossmag.be\/index.php\/wp-json\/wp\/v2\/categories?post=1162"},{"taxonomy":"post_tag","embeddable":true,"href":"https:\/\/fr.motocrossmag.be\/index.php\/wp-json\/wp\/v2\/tags?post=1162"}],"curies":[{"name":"wp","href":"https:\/\/api.w.org\/{rel}","templated":true}]}}