{"id":116949,"date":"2022-04-30T15:38:00","date_gmt":"2022-04-30T13:38:00","guid":{"rendered":"http:\/\/fr.motocrossmag.be\/?p=116949"},"modified":"2022-04-30T15:38:00","modified_gmt":"2022-04-30T13:38:00","slug":"interview-julien-vanstippen-jai-toujours-du-mal-a-y-croire","status":"publish","type":"post","link":"https:\/\/fr.motocrossmag.be\/index.php\/2022\/04\/interview-julien-vanstippen-jai-toujours-du-mal-a-y-croire\/","title":{"rendered":"Interview Julien Vanstippen : \u00ab\u00a0J&rsquo;ai toujours du mal \u00e0 y croire !\u00a0\u00bb"},"content":{"rendered":"<p><strong>Julien Vanstippen porte haut les couleurs belges dans le petit monde du FMX. Le Braban\u00e7on est en quelques ann\u00e9es devenu l&rsquo;un des freestylers incontournables pour de nombreux organisateurs de shows aux quatre coins de la plan\u00e8te. Une ascension fulgurante consacr\u00e9e le week-end dernier par une m\u00e9daille de bronze sur les X-Games.<\/strong><\/p>\n<p>C&rsquo;est \u00e0 un Julien Vanstippen fatigu\u00e9 que l&rsquo;on a l&rsquo;occasion d&rsquo;adresser nos f\u00e9licitations mercredi dernier. \u00ab\u00a0Je ne suis pas encore vraiment remis de mon voyage au Japon. Je suis rentr\u00e9 lundi soir seulement, apr\u00e8s une grosse journ\u00e9e pass\u00e9e entre les a\u00e9roports et les airs. J&rsquo;y \u00e9tais depuis le lundi pr\u00e9c\u00e9dent\u00a0\u00bb, confie-t-il. Mais le jeu en valait la chandelle. De Chiba, Vanstippen en revient avec une m\u00e9daille de bronze en poche. \u00ab\u00a0J&rsquo;ai encore un peu de mal \u00e0 y croire\u00a0\u00bb, avoue-t-il. \u00ab\u00a0Je m&rsquo;y rendais dans l&rsquo;esprit de d\u00e9couvrir, de participer avant tout, face \u00e0 un plateau de concurrents que je savais redoutables. Je n&rsquo;avais jamais eu l&rsquo;occasion d&rsquo;aller aux X-Games mais j&rsquo;avais toujours eu envie de d\u00e9couvrir. Ici, la d\u00e9couverte \u00e9tait donc totale. Je r\u00eavais \u00e9videmment de remporter un jour une m\u00e9daille aux X-Games mais je n&rsquo;avais jamais imagin\u00e9 un seul instant que cela irait si vite.\u00a0\u00bb<\/p>\n<p><img decoding=\"async\" class=\"lazyload alignnone size-full wp-image-117044\" src=\"http:\/\/fr.motocrossmag.be\/wp-content\/uploads\/2022\/04\/JulienVanstippen_XGames_2022_Chiba_BrettWilhelm_9231.jpg\" data-orig-src=\"http:\/\/fr.motocrossmag.be\/wp-content\/uploads\/2022\/04\/JulienVanstippen_XGames_2022_Chiba_BrettWilhelm_9231.jpg\" alt=\"\" width=\"1000\" height=\"666\" srcset=\"data:image\/svg+xml,%3Csvg%20xmlns%3D%27http%3A%2F%2Fwww.w3.org%2F2000%2Fsvg%27%20width%3D%271000%27%20height%3D%27666%27%20viewBox%3D%270%200%201000%20666%27%3E%3Crect%20width%3D%271000%27%20height%3D%27666%27%20fill-opacity%3D%220%22%2F%3E%3C%2Fsvg%3E\" data-srcset=\"https:\/\/fr.motocrossmag.be\/wp-content\/uploads\/2022\/04\/JulienVanstippen_XGames_2022_Chiba_BrettWilhelm_9231-650x433.jpg 650w, https:\/\/fr.motocrossmag.be\/wp-content\/uploads\/2022\/04\/JulienVanstippen_XGames_2022_Chiba_BrettWilhelm_9231-768x511.jpg 768w, https:\/\/fr.motocrossmag.be\/wp-content\/uploads\/2022\/04\/JulienVanstippen_XGames_2022_Chiba_BrettWilhelm_9231.jpg 1000w\" data-sizes=\"auto\" data-orig-sizes=\"(max-width: 1000px) 100vw, 1000px\" \/><\/p>\n<p>\u00ab\u00a0Quand j&rsquo;ai re\u00e7u l&rsquo;invitation, je croyais r\u00eaver\u00a0\u00bb, se souvient Vanstippen, pour qui cette s\u00e9lection ne doit \u00e9videmment rien au hasard. \u00ab\u00a0Je travaille depuis deux ans avec mon agent Nicolas Pillin. Il fait du tr\u00e8s bon travail et entretient beaucoup de contacts avec de nombreux organisateurs. J&rsquo;ai \u00e0 pr\u00e9sent le soutien de Monster Energy, ce qui est important dans le monde du FMX, et tout cela me permet de tourner beaucoup. On vient de vivre deux ann\u00e9es compliqu\u00e9es avec la pand\u00e9mie puisque tout ou presque \u00e9tait \u00e0 l&rsquo;arr\u00eat. Mais sur une ann\u00e9e normale, je devrais participer \u00e0 une petite quarantaine de shows. Cela fait beaucoup de d\u00e9placements, r\u00e9guli\u00e8rement de longs voyages, et beaucoup de logistique \u00e0 g\u00e9rer en parall\u00e8le de mon entra\u00eenement physique et moto. Pour faciliter l&rsquo;entra\u00eenement tout au long de l&rsquo;ann\u00e9e, j&rsquo;avais d\u00e9m\u00e9nag\u00e9 en Espagne mais je viens de revenir en Belgique, o\u00f9 j&rsquo;ai la chance d&rsquo;avoir \u00e9galement tout ce qu&rsquo;il faut pour m&rsquo;entra\u00eener, avant de partir m&rsquo;installer dans le sud-ouest de la France.\u00a0\u00bb<\/p>\n<blockquote><p>\u00ab\u00a0Le FMX, c&rsquo;est une grande famille\u00a0\u00bb<\/p><\/blockquote>\n<p>\u00ab\u00a0Quand je regarde en arri\u00e8re, je n&rsquo;ai aucun regret\u00a0\u00bb, affirme Vanstippen. \u00ab\u00a0Je suis rest\u00e9 longtemps concentr\u00e9 sur l&rsquo;objectif de rouler un jour en GP mais j&rsquo;ai fini par avoir de plus en plus de difficult\u00e9 \u00e0 garder la t\u00eate hors de l&rsquo;eau, j&rsquo;avais parfois un peu de mal avec l&rsquo;esprit particulier qui r\u00e8gne dans un univers aussi comp\u00e9titif que le motocross. Il y a 6 ans, je me suis mis alors \u00e0 faire de plus en plus de BMX, ce qui est une excellent \u00e9cole pour le FMX. Puis, j&rsquo;ai re\u00e7u une proposition de Gilles Dejong qui m&rsquo;a propuls\u00e9 dans le monde du FMX. Les choses sont alors all\u00e9es tr\u00e8s vite et j&rsquo;ai d\u00e9couvert un monde tr\u00e8s diff\u00e9rent du motocross. Le FMX, c&rsquo;est une grande famille, des pilotes tr\u00e8s soud\u00e9s, beaucoup d&rsquo;entraides, des gens qui viennent d&rsquo;horizons tr\u00e8s diff\u00e9rents mais qui lient des liens tr\u00e8s forts entre eux. Tout m&rsquo;a paru d&rsquo;un coup beaucoup plus vrai.\u00a0\u00bb<\/p>\n<p><img decoding=\"async\" class=\"lazyload alignnone size-full wp-image-117045\" src=\"http:\/\/fr.motocrossmag.be\/wp-content\/uploads\/2022\/04\/JulienVanstippen_XGames_2022_Chiba_BrettWilhelm_9543.jpg\" data-orig-src=\"http:\/\/fr.motocrossmag.be\/wp-content\/uploads\/2022\/04\/JulienVanstippen_XGames_2022_Chiba_BrettWilhelm_9543.jpg\" alt=\"\" width=\"1000\" height=\"666\" srcset=\"data:image\/svg+xml,%3Csvg%20xmlns%3D%27http%3A%2F%2Fwww.w3.org%2F2000%2Fsvg%27%20width%3D%271000%27%20height%3D%27666%27%20viewBox%3D%270%200%201000%20666%27%3E%3Crect%20width%3D%271000%27%20height%3D%27666%27%20fill-opacity%3D%220%22%2F%3E%3C%2Fsvg%3E\" data-srcset=\"https:\/\/fr.motocrossmag.be\/wp-content\/uploads\/2022\/04\/JulienVanstippen_XGames_2022_Chiba_BrettWilhelm_9543-650x433.jpg 650w, https:\/\/fr.motocrossmag.be\/wp-content\/uploads\/2022\/04\/JulienVanstippen_XGames_2022_Chiba_BrettWilhelm_9543-768x511.jpg 768w, https:\/\/fr.motocrossmag.be\/wp-content\/uploads\/2022\/04\/JulienVanstippen_XGames_2022_Chiba_BrettWilhelm_9543.jpg 1000w\" data-sizes=\"auto\" data-orig-sizes=\"(max-width: 1000px) 100vw, 1000px\" \/><\/p>\n<p>\u00ab\u00a0En plus, je dois ajouter qu&rsquo;il est plus facile de vivre de sa passion quand on fait du FMX qu&rsquo;avec le motocross\u00a0\u00bb, poursuit notre compatriote. \u00ab\u00a0Les partenaires sont plus faciles \u00e0 trouver et j&rsquo;ai eu la chance d&rsquo;entrer directement dans une \u00e9quipe qui avait de nombreux shows. Car ce sont vraiment les shows qui nous permettent de gagner notre vie, c&rsquo;est notre principale source de revenus.\u00a0\u00bb<\/p>\n<p>\u00ab\u00a0Mon agenda pour les prochains mois est bien rempli et j&rsquo;aimerais pouvoir \u00eatre \u00e0 nouveau sur les prochaines X-Games, avec comme objectif de faire au moins aussi bien et de m&rsquo;aligner aussi dans plusieurs cat\u00e9gories. Cette fois, j&rsquo;\u00e9tais uniquement align\u00e9 dans la classe \u00ab\u00a0best whip. En outre, je travaille aussi sur certaines nouvelles figures que j&rsquo;aimerais passer.\u00a0\u00bb<\/p>\n<p><img decoding=\"async\" class=\"lazyload alignnone size-full wp-image-116950\" src=\"http:\/\/fr.motocrossmag.be\/wp-content\/uploads\/2022\/04\/jvs5.jpg\" data-orig-src=\"http:\/\/fr.motocrossmag.be\/wp-content\/uploads\/2022\/04\/jvs5.jpg\" alt=\"\" width=\"1000\" height=\"692\" srcset=\"data:image\/svg+xml,%3Csvg%20xmlns%3D%27http%3A%2F%2Fwww.w3.org%2F2000%2Fsvg%27%20width%3D%271000%27%20height%3D%27692%27%20viewBox%3D%270%200%201000%20692%27%3E%3Crect%20width%3D%271000%27%20height%3D%27692%27%20fill-opacity%3D%220%22%2F%3E%3C%2Fsvg%3E\" data-srcset=\"https:\/\/fr.motocrossmag.be\/wp-content\/uploads\/2022\/04\/jvs5-650x450.jpg 650w, https:\/\/fr.motocrossmag.be\/wp-content\/uploads\/2022\/04\/jvs5-768x531.jpg 768w, https:\/\/fr.motocrossmag.be\/wp-content\/uploads\/2022\/04\/jvs5.jpg 1000w\" data-sizes=\"auto\" data-orig-sizes=\"(max-width: 1000px) 100vw, 1000px\" \/><\/p>\n<p>Bient\u00f4t un show en Belgique ? \u00ab\u00a0Il n&rsquo;y a rien de pr\u00e9vu \u00e0 l&rsquo;heure actuelle, malheureusement\u00a0\u00bb, regrette le pilote braban\u00e7on. \u00ab\u00a0J&rsquo;esp\u00e8re que l&rsquo;on pourra encore avoir l&rsquo;occasion de rouler devant le public belge cette ann\u00e9e mais \u00e0 part le Superbiker de Mettet, il n&rsquo;y a pas beaucoup d&rsquo;opportunit\u00e9s. Ceci dit, m\u00eame quand je roule loin de la Belgique, je peux compter sur beaucoup de soutien des fans belges, c&rsquo;est super ! Ici, avant et apr\u00e8s les X-Games, j&rsquo;ai re\u00e7u d&rsquo;innombrables messages de soutien et de f\u00e9licitations. C&rsquo;est vraiment g\u00e9nial de pouvoir garder le contact gr\u00e2ce aux r\u00e9seaux sociaux. Merci \u00e0 tous ainsi qu&rsquo;\u00e0 mes partenaires qui rendent tout cela possible !\u00a0\u00bb<\/p>\n<p>&nbsp;<\/p>\n","protected":false},"excerpt":{"rendered":"<p>Julien Vanstippen porte haut les couleurs belges dans le petit monde du FMX. Le Braban\u00e7on est en quelques ann\u00e9es devenu l&rsquo;un des freestylers incontournables pour de nombreux organisateurs de shows [&#8230;]<\/p>\n","protected":false},"author":932,"featured_media":116952,"comment_status":"open","ping_status":"closed","sticky":false,"template":"","format":"standard","meta":{"footnotes":""},"categories":[54,137,58,4,5,55,65],"tags":[1179,1882,947,1524],"class_list":["post-116949","post","type-post","status-publish","format-standard","has-post-thumbnail","hentry","category-actualite","category-fmx","category-interviews-actualite","category-motocross","category-news","category-news-actualite","category-slideshow","tag-fmx","tag-julien-vanstippen","tag-motocross","tag-x-games"],"yoast_head":"<!-- This site is optimized with the Yoast SEO plugin v27.4 - https:\/\/yoast.com\/product\/yoast-seo-wordpress\/ -->\n<title>Interview Julien Vanstippen : &quot;J&#039;ai toujours du mal \u00e0 y croire !&quot; - Motocross - Enduro - Supermoto | MotocrossMag<\/title>\n<meta name=\"robots\" content=\"index, follow, max-snippet:-1, max-image-preview:large, max-video-preview:-1\" \/>\n<link rel=\"canonical\" href=\"https:\/\/fr.motocrossmag.be\/index.php\/2022\/04\/interview-julien-vanstippen-jai-toujours-du-mal-a-y-croire\/\" \/>\n<meta property=\"og:locale\" content=\"fr_FR\" \/>\n<meta property=\"og:type\" content=\"article\" \/>\n<meta property=\"og:title\" content=\"Interview Julien Vanstippen : &quot;J&#039;ai toujours du mal \u00e0 y croire !&quot; - Motocross - Enduro - Supermoto | MotocrossMag\" \/>\n<meta property=\"og:description\" content=\"Julien Vanstippen porte haut les couleurs belges dans le petit monde du FMX. Le Braban\u00e7on est en quelques ann\u00e9es devenu l&rsquo;un des freestylers incontournables pour de nombreux organisateurs de shows [...]\" \/>\n<meta property=\"og:url\" content=\"https:\/\/fr.motocrossmag.be\/index.php\/2022\/04\/interview-julien-vanstippen-jai-toujours-du-mal-a-y-croire\/\" \/>\n<meta property=\"og:site_name\" content=\"Motocross - Enduro - Supermoto | MotocrossMag\" \/>\n<meta property=\"article:published_time\" content=\"2022-04-30T13:38:00+00:00\" \/>\n<meta property=\"og:image\" content=\"https:\/\/fr.motocrossmag.be\/wp-content\/uploads\/2022\/04\/jvs2.jpg\" \/>\n\t<meta property=\"og:image:width\" content=\"864\" \/>\n\t<meta property=\"og:image:height\" content=\"576\" \/>\n\t<meta property=\"og:image:type\" content=\"image\/jpeg\" \/>\n<meta name=\"author\" content=\"oliviere\" \/>\n<meta name=\"twitter:card\" content=\"summary_large_image\" \/>\n<meta name=\"twitter:label1\" content=\"\u00c9crit par\" \/>\n\t<meta name=\"twitter:data1\" content=\"oliviere\" \/>\n\t<meta name=\"twitter:label2\" content=\"Dur\u00e9e de lecture estim\u00e9e\" \/>\n\t<meta name=\"twitter:data2\" content=\"4 minutes\" \/>\n<script type=\"application\/ld+json\" class=\"yoast-schema-graph\">{\"@context\":\"https:\\\/\\\/schema.org\",\"@graph\":[{\"@type\":\"Article\",\"@id\":\"https:\\\/\\\/fr.motocrossmag.be\\\/index.php\\\/2022\\\/04\\\/interview-julien-vanstippen-jai-toujours-du-mal-a-y-croire\\\/#article\",\"isPartOf\":{\"@id\":\"https:\\\/\\\/fr.motocrossmag.be\\\/index.php\\\/2022\\\/04\\\/interview-julien-vanstippen-jai-toujours-du-mal-a-y-croire\\\/\"},\"author\":{\"name\":\"oliviere\",\"@id\":\"https:\\\/\\\/fr.motocrossmag.be\\\/#\\\/schema\\\/person\\\/11b47143d9f755babca2c9110e03235c\"},\"headline\":\"Interview Julien Vanstippen : \u00ab\u00a0J&rsquo;ai toujours du mal \u00e0 y croire !\u00a0\u00bb\",\"datePublished\":\"2022-04-30T13:38:00+00:00\",\"mainEntityOfPage\":{\"@id\":\"https:\\\/\\\/fr.motocrossmag.be\\\/index.php\\\/2022\\\/04\\\/interview-julien-vanstippen-jai-toujours-du-mal-a-y-croire\\\/\"},\"wordCount\":880,\"commentCount\":0,\"image\":{\"@id\":\"https:\\\/\\\/fr.motocrossmag.be\\\/index.php\\\/2022\\\/04\\\/interview-julien-vanstippen-jai-toujours-du-mal-a-y-croire\\\/#primaryimage\"},\"thumbnailUrl\":\"https:\\\/\\\/fr.motocrossmag.be\\\/wp-content\\\/uploads\\\/2022\\\/04\\\/jvs2.jpg\",\"keywords\":[\"fmx\",\"julien vanstippen\",\"Motocross\",\"x-games\"],\"articleSection\":[\"Actualit\u00e9\",\"FMX\",\"Interviews -all\",\"Motocross\",\"News\",\"News\",\"Slideshow\"],\"inLanguage\":\"fr-FR\",\"potentialAction\":[{\"@type\":\"CommentAction\",\"name\":\"Comment\",\"target\":[\"https:\\\/\\\/fr.motocrossmag.be\\\/index.php\\\/2022\\\/04\\\/interview-julien-vanstippen-jai-toujours-du-mal-a-y-croire\\\/#respond\"]}]},{\"@type\":\"WebPage\",\"@id\":\"https:\\\/\\\/fr.motocrossmag.be\\\/index.php\\\/2022\\\/04\\\/interview-julien-vanstippen-jai-toujours-du-mal-a-y-croire\\\/\",\"url\":\"https:\\\/\\\/fr.motocrossmag.be\\\/index.php\\\/2022\\\/04\\\/interview-julien-vanstippen-jai-toujours-du-mal-a-y-croire\\\/\",\"name\":\"Interview Julien Vanstippen : \\\"J'ai toujours du mal \u00e0 y croire !\\\" - Motocross - Enduro - Supermoto | MotocrossMag\",\"isPartOf\":{\"@id\":\"https:\\\/\\\/fr.motocrossmag.be\\\/#website\"},\"primaryImageOfPage\":{\"@id\":\"https:\\\/\\\/fr.motocrossmag.be\\\/index.php\\\/2022\\\/04\\\/interview-julien-vanstippen-jai-toujours-du-mal-a-y-croire\\\/#primaryimage\"},\"image\":{\"@id\":\"https:\\\/\\\/fr.motocrossmag.be\\\/index.php\\\/2022\\\/04\\\/interview-julien-vanstippen-jai-toujours-du-mal-a-y-croire\\\/#primaryimage\"},\"thumbnailUrl\":\"https:\\\/\\\/fr.motocrossmag.be\\\/wp-content\\\/uploads\\\/2022\\\/04\\\/jvs2.jpg\",\"datePublished\":\"2022-04-30T13:38:00+00:00\",\"author\":{\"@id\":\"https:\\\/\\\/fr.motocrossmag.be\\\/#\\\/schema\\\/person\\\/11b47143d9f755babca2c9110e03235c\"},\"breadcrumb\":{\"@id\":\"https:\\\/\\\/fr.motocrossmag.be\\\/index.php\\\/2022\\\/04\\\/interview-julien-vanstippen-jai-toujours-du-mal-a-y-croire\\\/#breadcrumb\"},\"inLanguage\":\"fr-FR\",\"potentialAction\":[{\"@type\":\"ReadAction\",\"target\":[\"https:\\\/\\\/fr.motocrossmag.be\\\/index.php\\\/2022\\\/04\\\/interview-julien-vanstippen-jai-toujours-du-mal-a-y-croire\\\/\"]}]},{\"@type\":\"ImageObject\",\"inLanguage\":\"fr-FR\",\"@id\":\"https:\\\/\\\/fr.motocrossmag.be\\\/index.php\\\/2022\\\/04\\\/interview-julien-vanstippen-jai-toujours-du-mal-a-y-croire\\\/#primaryimage\",\"url\":\"https:\\\/\\\/fr.motocrossmag.be\\\/wp-content\\\/uploads\\\/2022\\\/04\\\/jvs2.jpg\",\"contentUrl\":\"https:\\\/\\\/fr.motocrossmag.be\\\/wp-content\\\/uploads\\\/2022\\\/04\\\/jvs2.jpg\",\"width\":\"864\",\"height\":\"576\"},{\"@type\":\"BreadcrumbList\",\"@id\":\"https:\\\/\\\/fr.motocrossmag.be\\\/index.php\\\/2022\\\/04\\\/interview-julien-vanstippen-jai-toujours-du-mal-a-y-croire\\\/#breadcrumb\",\"itemListElement\":[{\"@type\":\"ListItem\",\"position\":1,\"name\":\"Accueil\",\"item\":\"https:\\\/\\\/fr.motocrossmag.be\\\/\"},{\"@type\":\"ListItem\",\"position\":2,\"name\":\"Interview Julien Vanstippen : \u00ab\u00a0J&rsquo;ai toujours du mal \u00e0 y croire !\u00a0\u00bb\"}]},{\"@type\":\"WebSite\",\"@id\":\"https:\\\/\\\/fr.motocrossmag.be\\\/#website\",\"url\":\"https:\\\/\\\/fr.motocrossmag.be\\\/\",\"name\":\"Motocross - Enduro - Supermoto | MotocrossMag\",\"description\":\"L&#039;actualit\u00e9 du motocross, de l&#039;enduro et du Supermoto en ligne!\",\"potentialAction\":[{\"@type\":\"SearchAction\",\"target\":{\"@type\":\"EntryPoint\",\"urlTemplate\":\"https:\\\/\\\/fr.motocrossmag.be\\\/?s={search_term_string}\"},\"query-input\":{\"@type\":\"PropertyValueSpecification\",\"valueRequired\":true,\"valueName\":\"search_term_string\"}}],\"inLanguage\":\"fr-FR\"},{\"@type\":\"Person\",\"@id\":\"https:\\\/\\\/fr.motocrossmag.be\\\/#\\\/schema\\\/person\\\/11b47143d9f755babca2c9110e03235c\",\"name\":\"oliviere\",\"image\":{\"@type\":\"ImageObject\",\"inLanguage\":\"fr-FR\",\"@id\":\"https:\\\/\\\/secure.gravatar.com\\\/avatar\\\/907069e0b81d119452040469e4a7501da1100f54f7f80180ce77bfab718288f6?s=96&d=mm&r=g\",\"url\":\"https:\\\/\\\/secure.gravatar.com\\\/avatar\\\/907069e0b81d119452040469e4a7501da1100f54f7f80180ce77bfab718288f6?s=96&d=mm&r=g\",\"contentUrl\":\"https:\\\/\\\/secure.gravatar.com\\\/avatar\\\/907069e0b81d119452040469e4a7501da1100f54f7f80180ce77bfab718288f6?s=96&d=mm&r=g\",\"caption\":\"oliviere\"},\"sameAs\":[\"http:\\\/\\\/www.motocrossmag.be\"],\"url\":\"https:\\\/\\\/fr.motocrossmag.be\\\/index.php\\\/author\\\/oliviere\\\/\"}]}<\/script>\n<!-- \/ Yoast SEO plugin. -->","yoast_head_json":{"title":"Interview Julien Vanstippen : \"J'ai toujours du mal \u00e0 y croire !\" - Motocross - Enduro - Supermoto | MotocrossMag","robots":{"index":"index","follow":"follow","max-snippet":"max-snippet:-1","max-image-preview":"max-image-preview:large","max-video-preview":"max-video-preview:-1"},"canonical":"https:\/\/fr.motocrossmag.be\/index.php\/2022\/04\/interview-julien-vanstippen-jai-toujours-du-mal-a-y-croire\/","og_locale":"fr_FR","og_type":"article","og_title":"Interview Julien Vanstippen : \"J'ai toujours du mal \u00e0 y croire !\" - Motocross - Enduro - Supermoto | MotocrossMag","og_description":"Julien Vanstippen porte haut les couleurs belges dans le petit monde du FMX. Le Braban\u00e7on est en quelques ann\u00e9es devenu l&rsquo;un des freestylers incontournables pour de nombreux organisateurs de shows [...]","og_url":"https:\/\/fr.motocrossmag.be\/index.php\/2022\/04\/interview-julien-vanstippen-jai-toujours-du-mal-a-y-croire\/","og_site_name":"Motocross - Enduro - Supermoto | MotocrossMag","article_published_time":"2022-04-30T13:38:00+00:00","og_image":[{"width":864,"height":576,"url":"https:\/\/fr.motocrossmag.be\/wp-content\/uploads\/2022\/04\/jvs2.jpg","type":"image\/jpeg"}],"author":"oliviere","twitter_card":"summary_large_image","twitter_misc":{"\u00c9crit par":"oliviere","Dur\u00e9e de lecture estim\u00e9e":"4 minutes"},"schema":{"@context":"https:\/\/schema.org","@graph":[{"@type":"Article","@id":"https:\/\/fr.motocrossmag.be\/index.php\/2022\/04\/interview-julien-vanstippen-jai-toujours-du-mal-a-y-croire\/#article","isPartOf":{"@id":"https:\/\/fr.motocrossmag.be\/index.php\/2022\/04\/interview-julien-vanstippen-jai-toujours-du-mal-a-y-croire\/"},"author":{"name":"oliviere","@id":"https:\/\/fr.motocrossmag.be\/#\/schema\/person\/11b47143d9f755babca2c9110e03235c"},"headline":"Interview Julien Vanstippen : \u00ab\u00a0J&rsquo;ai toujours du mal \u00e0 y croire !\u00a0\u00bb","datePublished":"2022-04-30T13:38:00+00:00","mainEntityOfPage":{"@id":"https:\/\/fr.motocrossmag.be\/index.php\/2022\/04\/interview-julien-vanstippen-jai-toujours-du-mal-a-y-croire\/"},"wordCount":880,"commentCount":0,"image":{"@id":"https:\/\/fr.motocrossmag.be\/index.php\/2022\/04\/interview-julien-vanstippen-jai-toujours-du-mal-a-y-croire\/#primaryimage"},"thumbnailUrl":"https:\/\/fr.motocrossmag.be\/wp-content\/uploads\/2022\/04\/jvs2.jpg","keywords":["fmx","julien vanstippen","Motocross","x-games"],"articleSection":["Actualit\u00e9","FMX","Interviews -all","Motocross","News","News","Slideshow"],"inLanguage":"fr-FR","potentialAction":[{"@type":"CommentAction","name":"Comment","target":["https:\/\/fr.motocrossmag.be\/index.php\/2022\/04\/interview-julien-vanstippen-jai-toujours-du-mal-a-y-croire\/#respond"]}]},{"@type":"WebPage","@id":"https:\/\/fr.motocrossmag.be\/index.php\/2022\/04\/interview-julien-vanstippen-jai-toujours-du-mal-a-y-croire\/","url":"https:\/\/fr.motocrossmag.be\/index.php\/2022\/04\/interview-julien-vanstippen-jai-toujours-du-mal-a-y-croire\/","name":"Interview Julien Vanstippen : \"J'ai toujours du mal \u00e0 y croire !\" - Motocross - Enduro - Supermoto | MotocrossMag","isPartOf":{"@id":"https:\/\/fr.motocrossmag.be\/#website"},"primaryImageOfPage":{"@id":"https:\/\/fr.motocrossmag.be\/index.php\/2022\/04\/interview-julien-vanstippen-jai-toujours-du-mal-a-y-croire\/#primaryimage"},"image":{"@id":"https:\/\/fr.motocrossmag.be\/index.php\/2022\/04\/interview-julien-vanstippen-jai-toujours-du-mal-a-y-croire\/#primaryimage"},"thumbnailUrl":"https:\/\/fr.motocrossmag.be\/wp-content\/uploads\/2022\/04\/jvs2.jpg","datePublished":"2022-04-30T13:38:00+00:00","author":{"@id":"https:\/\/fr.motocrossmag.be\/#\/schema\/person\/11b47143d9f755babca2c9110e03235c"},"breadcrumb":{"@id":"https:\/\/fr.motocrossmag.be\/index.php\/2022\/04\/interview-julien-vanstippen-jai-toujours-du-mal-a-y-croire\/#breadcrumb"},"inLanguage":"fr-FR","potentialAction":[{"@type":"ReadAction","target":["https:\/\/fr.motocrossmag.be\/index.php\/2022\/04\/interview-julien-vanstippen-jai-toujours-du-mal-a-y-croire\/"]}]},{"@type":"ImageObject","inLanguage":"fr-FR","@id":"https:\/\/fr.motocrossmag.be\/index.php\/2022\/04\/interview-julien-vanstippen-jai-toujours-du-mal-a-y-croire\/#primaryimage","url":"https:\/\/fr.motocrossmag.be\/wp-content\/uploads\/2022\/04\/jvs2.jpg","contentUrl":"https:\/\/fr.motocrossmag.be\/wp-content\/uploads\/2022\/04\/jvs2.jpg","width":"864","height":"576"},{"@type":"BreadcrumbList","@id":"https:\/\/fr.motocrossmag.be\/index.php\/2022\/04\/interview-julien-vanstippen-jai-toujours-du-mal-a-y-croire\/#breadcrumb","itemListElement":[{"@type":"ListItem","position":1,"name":"Accueil","item":"https:\/\/fr.motocrossmag.be\/"},{"@type":"ListItem","position":2,"name":"Interview Julien Vanstippen : \u00ab\u00a0J&rsquo;ai toujours du mal \u00e0 y croire !\u00a0\u00bb"}]},{"@type":"WebSite","@id":"https:\/\/fr.motocrossmag.be\/#website","url":"https:\/\/fr.motocrossmag.be\/","name":"Motocross - Enduro - Supermoto | MotocrossMag","description":"L&#039;actualit\u00e9 du motocross, de l&#039;enduro et du Supermoto en ligne!","potentialAction":[{"@type":"SearchAction","target":{"@type":"EntryPoint","urlTemplate":"https:\/\/fr.motocrossmag.be\/?s={search_term_string}"},"query-input":{"@type":"PropertyValueSpecification","valueRequired":true,"valueName":"search_term_string"}}],"inLanguage":"fr-FR"},{"@type":"Person","@id":"https:\/\/fr.motocrossmag.be\/#\/schema\/person\/11b47143d9f755babca2c9110e03235c","name":"oliviere","image":{"@type":"ImageObject","inLanguage":"fr-FR","@id":"https:\/\/secure.gravatar.com\/avatar\/907069e0b81d119452040469e4a7501da1100f54f7f80180ce77bfab718288f6?s=96&d=mm&r=g","url":"https:\/\/secure.gravatar.com\/avatar\/907069e0b81d119452040469e4a7501da1100f54f7f80180ce77bfab718288f6?s=96&d=mm&r=g","contentUrl":"https:\/\/secure.gravatar.com\/avatar\/907069e0b81d119452040469e4a7501da1100f54f7f80180ce77bfab718288f6?s=96&d=mm&r=g","caption":"oliviere"},"sameAs":["http:\/\/www.motocrossmag.be"],"url":"https:\/\/fr.motocrossmag.be\/index.php\/author\/oliviere\/"}]}},"_links":{"self":[{"href":"https:\/\/fr.motocrossmag.be\/index.php\/wp-json\/wp\/v2\/posts\/116949","targetHints":{"allow":["GET"]}}],"collection":[{"href":"https:\/\/fr.motocrossmag.be\/index.php\/wp-json\/wp\/v2\/posts"}],"about":[{"href":"https:\/\/fr.motocrossmag.be\/index.php\/wp-json\/wp\/v2\/types\/post"}],"author":[{"embeddable":true,"href":"https:\/\/fr.motocrossmag.be\/index.php\/wp-json\/wp\/v2\/users\/932"}],"replies":[{"embeddable":true,"href":"https:\/\/fr.motocrossmag.be\/index.php\/wp-json\/wp\/v2\/comments?post=116949"}],"version-history":[{"count":0,"href":"https:\/\/fr.motocrossmag.be\/index.php\/wp-json\/wp\/v2\/posts\/116949\/revisions"}],"wp:featuredmedia":[{"embeddable":true,"href":"https:\/\/fr.motocrossmag.be\/index.php\/wp-json\/wp\/v2\/media\/116952"}],"wp:attachment":[{"href":"https:\/\/fr.motocrossmag.be\/index.php\/wp-json\/wp\/v2\/media?parent=116949"}],"wp:term":[{"taxonomy":"category","embeddable":true,"href":"https:\/\/fr.motocrossmag.be\/index.php\/wp-json\/wp\/v2\/categories?post=116949"},{"taxonomy":"post_tag","embeddable":true,"href":"https:\/\/fr.motocrossmag.be\/index.php\/wp-json\/wp\/v2\/tags?post=116949"}],"curies":[{"name":"wp","href":"https:\/\/api.w.org\/{rel}","templated":true}]}}