{"id":117259,"date":"2022-05-12T19:06:18","date_gmt":"2022-05-12T17:06:18","guid":{"rendered":"http:\/\/fr.motocrossmag.be\/?p=117259"},"modified":"2022-05-12T19:06:18","modified_gmt":"2022-05-12T17:06:18","slug":"un-cortege-pour-celebrer-les-75-ans-du-premier-motocross-a-la-citadelle-de-namur","status":"publish","type":"post","link":"https:\/\/fr.motocrossmag.be\/index.php\/2022\/05\/un-cortege-pour-celebrer-les-75-ans-du-premier-motocross-a-la-citadelle-de-namur\/","title":{"rendered":"Un cort\u00e8ge pour c\u00e9l\u00e9brer les 75 ans du premier motocross \u00e0 la citadelle de Namur"},"content":{"rendered":"<p><strong>Namur Legend, l\u2019\u00e9v\u00e9nement d\u00e9di\u00e9 aux machines anciennes, revient cet \u00e9t\u00e9 avec une \u00e9dition particuli\u00e8re puisqu\u2019elle co\u00efncidera avec les 75 ans de l\u2019arriv\u00e9e du motocross sur les hauteurs de la Citadelle de Namur.<\/strong><\/p>\n<p>L\u2019\u00e9preuve se disputera les 30 et 31 juillet 2022 \u00e0 l\u2019entr\u00e9e de la capitale wallonne puisque c\u2019est \u00e0 nouveau sur le tr\u00e8s beau site d\u2019Erpent, en bordure de la Nationale 4, que le circuit natuel 100% \u201cOld school\u201d de Namur Legend trouvera place.<\/p>\n<p>Le projet \u00e9tait dans l&rsquo;air depuis quelques temps d\u00e9j\u00e0 mais c&rsquo;est \u00e0 pr\u00e9sent officiel : les organisateurs ont re\u00e7u les autorisations n\u00e9cessaires \u00e0 l&rsquo;organisation d&rsquo;un cort\u00e8ge depuis le site d\u2019Erpent vers la Citadelle de Namur. Ce cort\u00e8ge prendra place le samedi 30 juillet.<\/p>\n<p>En parall\u00e8le de Namur Legend, la journ\u00e9e du 30 juillet sera riche en souvenirs et en \u00e9motions pour les inconditionnels du motocross de la citadelle puisque le comit\u00e9 \u00ab\u00a0NamurMX\u00a0\u00bb pr\u00e9pare une journ\u00e9e de comm\u00e9moration des 75 ans bas\u00e9e sur 3 axes :<\/p>\n<ul>\n<li>Un espace m\u00e9moriel dans l\u2019enceinte de l\u2019\u00e9tablissement \u00abLe Panorama\u00bb situ\u00e9 sur l\u2019esplanade<\/li>\n<li>La d\u00e9couverte du circuit via une promenade empruntant ses chemins, depuis et vers l\u2019esplanade<\/li>\n<li>Un support num\u00e9rique sous la forme d\u2019un site internet sera r\u00e9alis\u00e9 afin de pouvoir pr\u00e9senter l&rsquo;histoire de ce circuit et de ses moments forts<\/li>\n<\/ul>\n<p><strong>Plus d\u2019infos :\u00a0<a href=\"http:\/\/namurlegend.be\/\" target=\"_blank\" rel=\"noopener\">www.namurlegend.be<\/a> et <\/strong><a href=\"https:\/\/www.namurmx.be\/\" target=\"_blank\" rel=\"noopener\"><strong>www.namurmx.be<\/strong><\/a><\/p>\n<p>&nbsp;<\/p>\n","protected":false},"excerpt":{"rendered":"<p>Namur Legend, l\u2019\u00e9v\u00e9nement d\u00e9di\u00e9 aux machines anciennes, revient cet \u00e9t\u00e9 avec une \u00e9dition particuli\u00e8re puisqu\u2019elle co\u00efncidera avec les 75 ans de l\u2019arriv\u00e9e du motocross sur les hauteurs de la Citadelle [&#8230;]<\/p>\n","protected":false},"author":932,"featured_media":49304,"comment_status":"open","ping_status":"closed","sticky":false,"template":"","format":"standard","meta":{"footnotes":""},"categories":[54,57,4,5,55,65,992],"tags":[947,1823,1174],"class_list":["post-117259","post","type-post","status-publish","format-standard","has-post-thumbnail","hentry","category-actualite","category-calendriers","category-motocross","category-news","category-news-actualite","category-slideshow","category-vintage","tag-motocross","tag-namur-legend","tag-vintage"],"yoast_head":"<!-- This site is optimized with the Yoast SEO plugin v27.5 - https:\/\/yoast.com\/product\/yoast-seo-wordpress\/ -->\n<title>Un cort\u00e8ge pour c\u00e9l\u00e9brer les 75 ans du premier motocross \u00e0 la citadelle de Namur - Motocross - Enduro - Supermoto | MotocrossMag<\/title>\n<meta name=\"robots\" content=\"index, follow, max-snippet:-1, max-image-preview:large, max-video-preview:-1\" \/>\n<link rel=\"canonical\" href=\"https:\/\/fr.motocrossmag.be\/index.php\/2022\/05\/un-cortege-pour-celebrer-les-75-ans-du-premier-motocross-a-la-citadelle-de-namur\/\" \/>\n<meta property=\"og:locale\" content=\"fr_FR\" \/>\n<meta property=\"og:type\" content=\"article\" \/>\n<meta property=\"og:title\" content=\"Un cort\u00e8ge pour c\u00e9l\u00e9brer les 75 ans du premier motocross \u00e0 la citadelle de Namur - Motocross - Enduro - Supermoto | MotocrossMag\" \/>\n<meta property=\"og:description\" content=\"Namur Legend, l\u2019\u00e9v\u00e9nement d\u00e9di\u00e9 aux machines anciennes, revient cet \u00e9t\u00e9 avec une \u00e9dition particuli\u00e8re puisqu\u2019elle co\u00efncidera avec les 75 ans de l\u2019arriv\u00e9e du motocross sur les hauteurs de la Citadelle [...]\" \/>\n<meta property=\"og:url\" content=\"https:\/\/fr.motocrossmag.be\/index.php\/2022\/05\/un-cortege-pour-celebrer-les-75-ans-du-premier-motocross-a-la-citadelle-de-namur\/\" \/>\n<meta property=\"og:site_name\" content=\"Motocross - Enduro - Supermoto | MotocrossMag\" \/>\n<meta property=\"article:published_time\" content=\"2022-05-12T17:06:18+00:00\" \/>\n<meta property=\"og:image\" content=\"https:\/\/fr.motocrossmag.be\/wp-content\/uploads\/2016\/07\/Namur_Legend_Img_4010.jpg\" \/>\n\t<meta property=\"og:image:width\" content=\"900\" \/>\n\t<meta property=\"og:image:height\" content=\"600\" \/>\n\t<meta property=\"og:image:type\" content=\"image\/jpeg\" \/>\n<meta name=\"author\" content=\"oliviere\" \/>\n<meta name=\"twitter:card\" content=\"summary_large_image\" \/>\n<meta name=\"twitter:label1\" content=\"\u00c9crit par\" \/>\n\t<meta name=\"twitter:data1\" content=\"oliviere\" \/>\n\t<meta name=\"twitter:label2\" content=\"Dur\u00e9e de lecture estim\u00e9e\" \/>\n\t<meta name=\"twitter:data2\" content=\"1 minute\" \/>\n<script type=\"application\/ld+json\" class=\"yoast-schema-graph\">{\"@context\":\"https:\\\/\\\/schema.org\",\"@graph\":[{\"@type\":\"Article\",\"@id\":\"https:\\\/\\\/fr.motocrossmag.be\\\/index.php\\\/2022\\\/05\\\/un-cortege-pour-celebrer-les-75-ans-du-premier-motocross-a-la-citadelle-de-namur\\\/#article\",\"isPartOf\":{\"@id\":\"https:\\\/\\\/fr.motocrossmag.be\\\/index.php\\\/2022\\\/05\\\/un-cortege-pour-celebrer-les-75-ans-du-premier-motocross-a-la-citadelle-de-namur\\\/\"},\"author\":{\"name\":\"oliviere\",\"@id\":\"https:\\\/\\\/fr.motocrossmag.be\\\/#\\\/schema\\\/person\\\/11b47143d9f755babca2c9110e03235c\"},\"headline\":\"Un cort\u00e8ge pour c\u00e9l\u00e9brer les 75 ans du premier motocross \u00e0 la citadelle de Namur\",\"datePublished\":\"2022-05-12T17:06:18+00:00\",\"mainEntityOfPage\":{\"@id\":\"https:\\\/\\\/fr.motocrossmag.be\\\/index.php\\\/2022\\\/05\\\/un-cortege-pour-celebrer-les-75-ans-du-premier-motocross-a-la-citadelle-de-namur\\\/\"},\"wordCount\":263,\"commentCount\":0,\"image\":{\"@id\":\"https:\\\/\\\/fr.motocrossmag.be\\\/index.php\\\/2022\\\/05\\\/un-cortege-pour-celebrer-les-75-ans-du-premier-motocross-a-la-citadelle-de-namur\\\/#primaryimage\"},\"thumbnailUrl\":\"https:\\\/\\\/fr.motocrossmag.be\\\/wp-content\\\/uploads\\\/2016\\\/07\\\/Namur_Legend_Img_4010.jpg\",\"keywords\":[\"Motocross\",\"namur legend\",\"vintage\"],\"articleSection\":[\"Actualit\u00e9\",\"Calendriers\",\"Motocross\",\"News\",\"News\",\"Slideshow\",\"Vintage\"],\"inLanguage\":\"fr-FR\",\"potentialAction\":[{\"@type\":\"CommentAction\",\"name\":\"Comment\",\"target\":[\"https:\\\/\\\/fr.motocrossmag.be\\\/index.php\\\/2022\\\/05\\\/un-cortege-pour-celebrer-les-75-ans-du-premier-motocross-a-la-citadelle-de-namur\\\/#respond\"]}]},{\"@type\":\"WebPage\",\"@id\":\"https:\\\/\\\/fr.motocrossmag.be\\\/index.php\\\/2022\\\/05\\\/un-cortege-pour-celebrer-les-75-ans-du-premier-motocross-a-la-citadelle-de-namur\\\/\",\"url\":\"https:\\\/\\\/fr.motocrossmag.be\\\/index.php\\\/2022\\\/05\\\/un-cortege-pour-celebrer-les-75-ans-du-premier-motocross-a-la-citadelle-de-namur\\\/\",\"name\":\"Un cort\u00e8ge pour c\u00e9l\u00e9brer les 75 ans du premier motocross \u00e0 la citadelle de Namur - Motocross - Enduro - Supermoto | MotocrossMag\",\"isPartOf\":{\"@id\":\"https:\\\/\\\/fr.motocrossmag.be\\\/#website\"},\"primaryImageOfPage\":{\"@id\":\"https:\\\/\\\/fr.motocrossmag.be\\\/index.php\\\/2022\\\/05\\\/un-cortege-pour-celebrer-les-75-ans-du-premier-motocross-a-la-citadelle-de-namur\\\/#primaryimage\"},\"image\":{\"@id\":\"https:\\\/\\\/fr.motocrossmag.be\\\/index.php\\\/2022\\\/05\\\/un-cortege-pour-celebrer-les-75-ans-du-premier-motocross-a-la-citadelle-de-namur\\\/#primaryimage\"},\"thumbnailUrl\":\"https:\\\/\\\/fr.motocrossmag.be\\\/wp-content\\\/uploads\\\/2016\\\/07\\\/Namur_Legend_Img_4010.jpg\",\"datePublished\":\"2022-05-12T17:06:18+00:00\",\"author\":{\"@id\":\"https:\\\/\\\/fr.motocrossmag.be\\\/#\\\/schema\\\/person\\\/11b47143d9f755babca2c9110e03235c\"},\"breadcrumb\":{\"@id\":\"https:\\\/\\\/fr.motocrossmag.be\\\/index.php\\\/2022\\\/05\\\/un-cortege-pour-celebrer-les-75-ans-du-premier-motocross-a-la-citadelle-de-namur\\\/#breadcrumb\"},\"inLanguage\":\"fr-FR\",\"potentialAction\":[{\"@type\":\"ReadAction\",\"target\":[\"https:\\\/\\\/fr.motocrossmag.be\\\/index.php\\\/2022\\\/05\\\/un-cortege-pour-celebrer-les-75-ans-du-premier-motocross-a-la-citadelle-de-namur\\\/\"]}]},{\"@type\":\"ImageObject\",\"inLanguage\":\"fr-FR\",\"@id\":\"https:\\\/\\\/fr.motocrossmag.be\\\/index.php\\\/2022\\\/05\\\/un-cortege-pour-celebrer-les-75-ans-du-premier-motocross-a-la-citadelle-de-namur\\\/#primaryimage\",\"url\":\"https:\\\/\\\/fr.motocrossmag.be\\\/wp-content\\\/uploads\\\/2016\\\/07\\\/Namur_Legend_Img_4010.jpg\",\"contentUrl\":\"https:\\\/\\\/fr.motocrossmag.be\\\/wp-content\\\/uploads\\\/2016\\\/07\\\/Namur_Legend_Img_4010.jpg\",\"width\":900,\"height\":600},{\"@type\":\"BreadcrumbList\",\"@id\":\"https:\\\/\\\/fr.motocrossmag.be\\\/index.php\\\/2022\\\/05\\\/un-cortege-pour-celebrer-les-75-ans-du-premier-motocross-a-la-citadelle-de-namur\\\/#breadcrumb\",\"itemListElement\":[{\"@type\":\"ListItem\",\"position\":1,\"name\":\"Accueil\",\"item\":\"https:\\\/\\\/fr.motocrossmag.be\\\/\"},{\"@type\":\"ListItem\",\"position\":2,\"name\":\"Un cort\u00e8ge pour c\u00e9l\u00e9brer les 75 ans du premier motocross \u00e0 la citadelle de Namur\"}]},{\"@type\":\"WebSite\",\"@id\":\"https:\\\/\\\/fr.motocrossmag.be\\\/#website\",\"url\":\"https:\\\/\\\/fr.motocrossmag.be\\\/\",\"name\":\"Motocross - Enduro - Supermoto | MotocrossMag\",\"description\":\"L&#039;actualit\u00e9 du motocross, de l&#039;enduro et du Supermoto en ligne!\",\"potentialAction\":[{\"@type\":\"SearchAction\",\"target\":{\"@type\":\"EntryPoint\",\"urlTemplate\":\"https:\\\/\\\/fr.motocrossmag.be\\\/?s={search_term_string}\"},\"query-input\":{\"@type\":\"PropertyValueSpecification\",\"valueRequired\":true,\"valueName\":\"search_term_string\"}}],\"inLanguage\":\"fr-FR\"},{\"@type\":\"Person\",\"@id\":\"https:\\\/\\\/fr.motocrossmag.be\\\/#\\\/schema\\\/person\\\/11b47143d9f755babca2c9110e03235c\",\"name\":\"oliviere\",\"image\":{\"@type\":\"ImageObject\",\"inLanguage\":\"fr-FR\",\"@id\":\"https:\\\/\\\/secure.gravatar.com\\\/avatar\\\/907069e0b81d119452040469e4a7501da1100f54f7f80180ce77bfab718288f6?s=96&d=mm&r=g\",\"url\":\"https:\\\/\\\/secure.gravatar.com\\\/avatar\\\/907069e0b81d119452040469e4a7501da1100f54f7f80180ce77bfab718288f6?s=96&d=mm&r=g\",\"contentUrl\":\"https:\\\/\\\/secure.gravatar.com\\\/avatar\\\/907069e0b81d119452040469e4a7501da1100f54f7f80180ce77bfab718288f6?s=96&d=mm&r=g\",\"caption\":\"oliviere\"},\"sameAs\":[\"http:\\\/\\\/www.motocrossmag.be\"],\"url\":\"https:\\\/\\\/fr.motocrossmag.be\\\/index.php\\\/author\\\/oliviere\\\/\"}]}<\/script>\n<!-- \/ Yoast SEO plugin. -->","yoast_head_json":{"title":"Un cort\u00e8ge pour c\u00e9l\u00e9brer les 75 ans du premier motocross \u00e0 la citadelle de Namur - Motocross - Enduro - Supermoto | MotocrossMag","robots":{"index":"index","follow":"follow","max-snippet":"max-snippet:-1","max-image-preview":"max-image-preview:large","max-video-preview":"max-video-preview:-1"},"canonical":"https:\/\/fr.motocrossmag.be\/index.php\/2022\/05\/un-cortege-pour-celebrer-les-75-ans-du-premier-motocross-a-la-citadelle-de-namur\/","og_locale":"fr_FR","og_type":"article","og_title":"Un cort\u00e8ge pour c\u00e9l\u00e9brer les 75 ans du premier motocross \u00e0 la citadelle de Namur - Motocross - Enduro - Supermoto | MotocrossMag","og_description":"Namur Legend, l\u2019\u00e9v\u00e9nement d\u00e9di\u00e9 aux machines anciennes, revient cet \u00e9t\u00e9 avec une \u00e9dition particuli\u00e8re puisqu\u2019elle co\u00efncidera avec les 75 ans de l\u2019arriv\u00e9e du motocross sur les hauteurs de la Citadelle [...]","og_url":"https:\/\/fr.motocrossmag.be\/index.php\/2022\/05\/un-cortege-pour-celebrer-les-75-ans-du-premier-motocross-a-la-citadelle-de-namur\/","og_site_name":"Motocross - Enduro - Supermoto | MotocrossMag","article_published_time":"2022-05-12T17:06:18+00:00","og_image":[{"width":900,"height":600,"url":"https:\/\/fr.motocrossmag.be\/wp-content\/uploads\/2016\/07\/Namur_Legend_Img_4010.jpg","type":"image\/jpeg"}],"author":"oliviere","twitter_card":"summary_large_image","twitter_misc":{"\u00c9crit par":"oliviere","Dur\u00e9e de lecture estim\u00e9e":"1 minute"},"schema":{"@context":"https:\/\/schema.org","@graph":[{"@type":"Article","@id":"https:\/\/fr.motocrossmag.be\/index.php\/2022\/05\/un-cortege-pour-celebrer-les-75-ans-du-premier-motocross-a-la-citadelle-de-namur\/#article","isPartOf":{"@id":"https:\/\/fr.motocrossmag.be\/index.php\/2022\/05\/un-cortege-pour-celebrer-les-75-ans-du-premier-motocross-a-la-citadelle-de-namur\/"},"author":{"name":"oliviere","@id":"https:\/\/fr.motocrossmag.be\/#\/schema\/person\/11b47143d9f755babca2c9110e03235c"},"headline":"Un cort\u00e8ge pour c\u00e9l\u00e9brer les 75 ans du premier motocross \u00e0 la citadelle de Namur","datePublished":"2022-05-12T17:06:18+00:00","mainEntityOfPage":{"@id":"https:\/\/fr.motocrossmag.be\/index.php\/2022\/05\/un-cortege-pour-celebrer-les-75-ans-du-premier-motocross-a-la-citadelle-de-namur\/"},"wordCount":263,"commentCount":0,"image":{"@id":"https:\/\/fr.motocrossmag.be\/index.php\/2022\/05\/un-cortege-pour-celebrer-les-75-ans-du-premier-motocross-a-la-citadelle-de-namur\/#primaryimage"},"thumbnailUrl":"https:\/\/fr.motocrossmag.be\/wp-content\/uploads\/2016\/07\/Namur_Legend_Img_4010.jpg","keywords":["Motocross","namur legend","vintage"],"articleSection":["Actualit\u00e9","Calendriers","Motocross","News","News","Slideshow","Vintage"],"inLanguage":"fr-FR","potentialAction":[{"@type":"CommentAction","name":"Comment","target":["https:\/\/fr.motocrossmag.be\/index.php\/2022\/05\/un-cortege-pour-celebrer-les-75-ans-du-premier-motocross-a-la-citadelle-de-namur\/#respond"]}]},{"@type":"WebPage","@id":"https:\/\/fr.motocrossmag.be\/index.php\/2022\/05\/un-cortege-pour-celebrer-les-75-ans-du-premier-motocross-a-la-citadelle-de-namur\/","url":"https:\/\/fr.motocrossmag.be\/index.php\/2022\/05\/un-cortege-pour-celebrer-les-75-ans-du-premier-motocross-a-la-citadelle-de-namur\/","name":"Un cort\u00e8ge pour c\u00e9l\u00e9brer les 75 ans du premier motocross \u00e0 la citadelle de Namur - Motocross - Enduro - Supermoto | MotocrossMag","isPartOf":{"@id":"https:\/\/fr.motocrossmag.be\/#website"},"primaryImageOfPage":{"@id":"https:\/\/fr.motocrossmag.be\/index.php\/2022\/05\/un-cortege-pour-celebrer-les-75-ans-du-premier-motocross-a-la-citadelle-de-namur\/#primaryimage"},"image":{"@id":"https:\/\/fr.motocrossmag.be\/index.php\/2022\/05\/un-cortege-pour-celebrer-les-75-ans-du-premier-motocross-a-la-citadelle-de-namur\/#primaryimage"},"thumbnailUrl":"https:\/\/fr.motocrossmag.be\/wp-content\/uploads\/2016\/07\/Namur_Legend_Img_4010.jpg","datePublished":"2022-05-12T17:06:18+00:00","author":{"@id":"https:\/\/fr.motocrossmag.be\/#\/schema\/person\/11b47143d9f755babca2c9110e03235c"},"breadcrumb":{"@id":"https:\/\/fr.motocrossmag.be\/index.php\/2022\/05\/un-cortege-pour-celebrer-les-75-ans-du-premier-motocross-a-la-citadelle-de-namur\/#breadcrumb"},"inLanguage":"fr-FR","potentialAction":[{"@type":"ReadAction","target":["https:\/\/fr.motocrossmag.be\/index.php\/2022\/05\/un-cortege-pour-celebrer-les-75-ans-du-premier-motocross-a-la-citadelle-de-namur\/"]}]},{"@type":"ImageObject","inLanguage":"fr-FR","@id":"https:\/\/fr.motocrossmag.be\/index.php\/2022\/05\/un-cortege-pour-celebrer-les-75-ans-du-premier-motocross-a-la-citadelle-de-namur\/#primaryimage","url":"https:\/\/fr.motocrossmag.be\/wp-content\/uploads\/2016\/07\/Namur_Legend_Img_4010.jpg","contentUrl":"https:\/\/fr.motocrossmag.be\/wp-content\/uploads\/2016\/07\/Namur_Legend_Img_4010.jpg","width":900,"height":600},{"@type":"BreadcrumbList","@id":"https:\/\/fr.motocrossmag.be\/index.php\/2022\/05\/un-cortege-pour-celebrer-les-75-ans-du-premier-motocross-a-la-citadelle-de-namur\/#breadcrumb","itemListElement":[{"@type":"ListItem","position":1,"name":"Accueil","item":"https:\/\/fr.motocrossmag.be\/"},{"@type":"ListItem","position":2,"name":"Un cort\u00e8ge pour c\u00e9l\u00e9brer les 75 ans du premier motocross \u00e0 la citadelle de Namur"}]},{"@type":"WebSite","@id":"https:\/\/fr.motocrossmag.be\/#website","url":"https:\/\/fr.motocrossmag.be\/","name":"Motocross - Enduro - Supermoto | MotocrossMag","description":"L&#039;actualit\u00e9 du motocross, de l&#039;enduro et du Supermoto en ligne!","potentialAction":[{"@type":"SearchAction","target":{"@type":"EntryPoint","urlTemplate":"https:\/\/fr.motocrossmag.be\/?s={search_term_string}"},"query-input":{"@type":"PropertyValueSpecification","valueRequired":true,"valueName":"search_term_string"}}],"inLanguage":"fr-FR"},{"@type":"Person","@id":"https:\/\/fr.motocrossmag.be\/#\/schema\/person\/11b47143d9f755babca2c9110e03235c","name":"oliviere","image":{"@type":"ImageObject","inLanguage":"fr-FR","@id":"https:\/\/secure.gravatar.com\/avatar\/907069e0b81d119452040469e4a7501da1100f54f7f80180ce77bfab718288f6?s=96&d=mm&r=g","url":"https:\/\/secure.gravatar.com\/avatar\/907069e0b81d119452040469e4a7501da1100f54f7f80180ce77bfab718288f6?s=96&d=mm&r=g","contentUrl":"https:\/\/secure.gravatar.com\/avatar\/907069e0b81d119452040469e4a7501da1100f54f7f80180ce77bfab718288f6?s=96&d=mm&r=g","caption":"oliviere"},"sameAs":["http:\/\/www.motocrossmag.be"],"url":"https:\/\/fr.motocrossmag.be\/index.php\/author\/oliviere\/"}]}},"_links":{"self":[{"href":"https:\/\/fr.motocrossmag.be\/index.php\/wp-json\/wp\/v2\/posts\/117259","targetHints":{"allow":["GET"]}}],"collection":[{"href":"https:\/\/fr.motocrossmag.be\/index.php\/wp-json\/wp\/v2\/posts"}],"about":[{"href":"https:\/\/fr.motocrossmag.be\/index.php\/wp-json\/wp\/v2\/types\/post"}],"author":[{"embeddable":true,"href":"https:\/\/fr.motocrossmag.be\/index.php\/wp-json\/wp\/v2\/users\/932"}],"replies":[{"embeddable":true,"href":"https:\/\/fr.motocrossmag.be\/index.php\/wp-json\/wp\/v2\/comments?post=117259"}],"version-history":[{"count":0,"href":"https:\/\/fr.motocrossmag.be\/index.php\/wp-json\/wp\/v2\/posts\/117259\/revisions"}],"wp:featuredmedia":[{"embeddable":true,"href":"https:\/\/fr.motocrossmag.be\/index.php\/wp-json\/wp\/v2\/media\/49304"}],"wp:attachment":[{"href":"https:\/\/fr.motocrossmag.be\/index.php\/wp-json\/wp\/v2\/media?parent=117259"}],"wp:term":[{"taxonomy":"category","embeddable":true,"href":"https:\/\/fr.motocrossmag.be\/index.php\/wp-json\/wp\/v2\/categories?post=117259"},{"taxonomy":"post_tag","embeddable":true,"href":"https:\/\/fr.motocrossmag.be\/index.php\/wp-json\/wp\/v2\/tags?post=117259"}],"curies":[{"name":"wp","href":"https:\/\/api.w.org\/{rel}","templated":true}]}}