{"id":117560,"date":"2022-05-15T08:56:08","date_gmt":"2022-05-15T06:56:08","guid":{"rendered":"http:\/\/fr.motocrossmag.be\/?p=117560"},"modified":"2022-05-15T08:56:08","modified_gmt":"2022-05-15T06:56:08","slug":"championnat-de-france-espoir-faure-concretise-maindru-distance","status":"publish","type":"post","link":"https:\/\/fr.motocrossmag.be\/index.php\/2022\/05\/championnat-de-france-espoir-faure-concretise-maindru-distance\/","title":{"rendered":"Championnat de France Espoir : Faure concr\u00e9tise, Maindru distanc\u00e9"},"content":{"rendered":"<p><strong>Un terrain de Grand-Prix, une piste superbement pr\u00e9par\u00e9e, une m\u00e9t\u00e9o radieuse, difficile d\u2019imaginer meilleures conditions pour l\u2019avant-derni\u00e8re \u00e9preuve du championnat de France Espoir 2022 de motocross. Disput\u00e9e ce samedi dans le Doubs en ouverture de l\u2019\u00e9preuve du 24MX Tour de Villars-sous-Ecot, la comp\u00e9tition a tenu toutes ses promesses.<\/strong><\/p>\n<p>Les jeunes p\u00e9pites fran\u00e7aises se sont livr\u00e9es \u00e0 deux manches \u00e2pres et spectaculaires. Victorieux pour la deuxi\u00e8me fois cons\u00e9cutive, Mano Faure prend une s\u00e9rieuse option sur le titre. Les Junior ont quant \u00e0 eux disput\u00e9 leurs qualifications. Demain, les cadors entrent en piste avec l\u2019Elite MX1, l\u2019Elite MX2, et les manches Junior.<\/p>\n<p>&nbsp;<\/p>\n<p>Apr\u00e8s son doubl\u00e9 de Bitche la semaine derni\u00e8re, Mano Faure poursuit sur sa lanc\u00e9e en s\u2019imposant sur le circuit de La Versenne. Sur un terrain vraiment diff\u00e9rent, avec du d\u00e9nivel\u00e9, plus roulant et s\u00e9chant assez rapidement, le pilote GT Racing profite d\u2019une contre-performance de son rival direct pour le titre Amaury Maindru (KTM) pour prendre 17 points d\u2019avance. Lors d\u2019une premi\u00e8re manche palpitante, avec de nombreux rebondissements, Faure a r\u00e9ussi \u00e0 se classer deuxi\u00e8me. Il avait pourtant pris les commandes de la course en disposant dans les premiers hectom\u00e8tres de Ryan Oppliger (KTM) mais il a chut\u00e9 dans le tour 3. R\u00e9trograd\u00e9 en quatri\u00e8me position, il n\u2019a pas tard\u00e9 \u00e0 se d\u00e9faire de Maindru. Le Gersois a petit \u00e0 petit refait son retard pour recoller \u00e0 la t\u00eate \u00e0 quelques tours de l\u2019arriv\u00e9e, puis a profit\u00e9 d\u2019une chute d\u2019Oppliger, mais \u00e9choue \u00e0 une seconde de Maho Simo (GasGas).<\/p>\n<p>Bien plus ma\u00eetris\u00e9e, la deuxi\u00e8me manche a \u00e9t\u00e9 une formalit\u00e9 pour le porteur de la plaque rouge. En r\u00e9alisant le holeshot, il a subi la pression d\u2019Oppliger quelques tours mais a r\u00e9ussi \u00e0 hausser son niveau pour creuser l\u2019\u00e9cart et s\u2019imposer. Meilleur temps des chronos, Ryan Oppliger a de quoi \u00eatre d\u00e9\u00e7u puisqu\u2019il a men\u00e9 quasiment l\u2019int\u00e9gralit\u00e9 de la premi\u00e8re manche. H\u00e9las, alors que Simo et Faure lui mettait la pression, un retardataire a chut\u00e9 devant lui. Le Suisse ne pouvant l\u2019\u00e9viter, il est pass\u00e9 par devant et a perdu \u00e9norm\u00e9ment de temps pour une 9e place finale sur cette manche, 4e sur l\u2019\u00e9preuve.<\/p>\n<p>Maho Simo r\u00e9alise une nouvelle fois une belle performance en se classant deuxi\u00e8me de la journ\u00e9e. S\u2019il a remport\u00e9 la premi\u00e8re manche brillamment, en luttant aprement avec Oppliger avant les m\u00e9saventures de ce dernier, il est ensuite tomb\u00e9 en bout de ligne droite au second d\u00e9part. Il a cravach\u00e9 toute la course pour recoller au Top 3, mais en tentant de doubler Cardineau (Husqvarna), alors troisi\u00e8me, il a pris une mauvaise trace et s\u2019est fait passer par Lopez puis Bernard (Husqvarna) pour une 6e place sur la ligne. Sur la troisi\u00e8me marche du podium, Yannis Lopez (737 Performance GasGas Oxmoto) r\u00e9alise sa meilleure performance \u00e0 ce niveau, avec deux 4e positions. Ses deux d\u00e9parts dans le Top 10 lui ont permis de rester au contact et sa vitesse a fait le reste. Tr\u00e8s proche de F\u00e9lix Cardineau en fin de seconde manche, il n\u2019a pas r\u00e9ussi \u00e0 trouver la faille. Il faut dire que ce dernier a fait une performance magistrale en r\u00e9ussissant \u00e0 conserver sa troisi\u00e8me position malgr\u00e9 les assauts de Lopez, Bernard et Simo.<\/p>\n<p>Quant \u00e0 Amaury Maindru, il perd de pr\u00e9cieux points au Championnat. S\u2019il a r\u00e9alis\u00e9 une premi\u00e8re course tr\u00e8s consistante avec un d\u00e9part dans le Top 5 pour une 3e position \u00e0 l\u2019arriv\u00e9e, il a \u00e9t\u00e9 pris dans la chute collective au d\u00e9part de l\u2019ultime manche . Le licenci\u00e9 du MX Club Saumurois remonte jusqu\u2019en 10e position avec une autre chute. Il doit se contenter de la 7e place du jour.<\/p>\n<p>Finale de la saison les 18 et 19 juin \u00e0 Basly.<\/p>\n<p><span style=\"color: #800000;\"><strong>R\u00e9sultats<\/strong><\/span><\/p>\n<p>1 FAURE Mano Husqvarna MC Bruguieres 22+25; 2 SIMO Maho GasGas MC De Cogolin 25+15; 3 LOPEZ Yannis GasGas MC Catalan 18+18; 4 OPPLIGER Ryan KTM St Chamond MS 12+22; 5 CARDINEAU F\u00e9lix Husqvarna MC Angerien 14+20; 6 BERNARD Mateo Husqvarna Frontignan La Cible 15+16; 7 MAINDRU Amaury KTM Mx Club Saumurois 20+11; 8 PIGOIS Basile gas gas St Chamond MS 16+10; 9 BRUNEAU Liam KTM MC Fulkerien 11+13; 10 GOYER Sleny Husqvarna Saint Val\u00e9ry Motocross 4+14;&#8230;<\/p>\n<p>CLASSEMENT PROVISOIRE ESPOIR<\/p>\n<p>1 FAURE Mano Husqvarna 257 pts; 2 MAINDRU Amaury KTM 240 pts; 3\u00a0 PIGOIS Basile KTM 189 pts; 4 SIMO Maho GasGas 184 pts; 5 BERNARD Mateo Husqvarna 155 pts;&#8230;<\/p>\n","protected":false},"excerpt":{"rendered":"<p>Un terrain de Grand-Prix, une piste superbement pr\u00e9par\u00e9e, une m\u00e9t\u00e9o radieuse, difficile d\u2019imaginer meilleures conditions pour l\u2019avant-derni\u00e8re \u00e9preuve du championnat de France Espoir 2022 de motocross. Disput\u00e9e ce samedi dans [&#8230;]<\/p>\n","protected":false},"author":932,"featured_media":117562,"comment_status":"open","ping_status":"closed","sticky":false,"template":"","format":"standard","meta":{"footnotes":""},"categories":[54,44,4,5,45,55,56,65],"tags":[1877,1900,947,522],"class_list":["post-117560","post","type-post","status-publish","format-standard","has-post-thumbnail","hentry","category-actualite","category-kids","category-motocross","category-news","category-news-kids","category-news-actualite","category-resultats","category-slideshow","tag-24mx-tour","tag-mano-faure","tag-motocross","tag-villars-sous-ecot"],"yoast_head":"<!-- This site is optimized with the Yoast SEO plugin v27.5 - https:\/\/yoast.com\/product\/yoast-seo-wordpress\/ -->\n<title>Championnat de France Espoir : Faure concr\u00e9tise, Maindru distanc\u00e9 - Motocross - Enduro - Supermoto | MotocrossMag<\/title>\n<meta name=\"robots\" content=\"index, follow, max-snippet:-1, max-image-preview:large, max-video-preview:-1\" \/>\n<link rel=\"canonical\" href=\"https:\/\/fr.motocrossmag.be\/index.php\/2022\/05\/championnat-de-france-espoir-faure-concretise-maindru-distance\/\" \/>\n<meta property=\"og:locale\" content=\"fr_FR\" \/>\n<meta property=\"og:type\" content=\"article\" \/>\n<meta property=\"og:title\" content=\"Championnat de France Espoir : Faure concr\u00e9tise, Maindru distanc\u00e9 - Motocross - Enduro - Supermoto | MotocrossMag\" \/>\n<meta property=\"og:description\" content=\"Un terrain de Grand-Prix, une piste superbement pr\u00e9par\u00e9e, une m\u00e9t\u00e9o radieuse, difficile d\u2019imaginer meilleures conditions pour l\u2019avant-derni\u00e8re \u00e9preuve du championnat de France Espoir 2022 de motocross. Disput\u00e9e ce samedi dans [...]\" \/>\n<meta property=\"og:url\" content=\"https:\/\/fr.motocrossmag.be\/index.php\/2022\/05\/championnat-de-france-espoir-faure-concretise-maindru-distance\/\" \/>\n<meta property=\"og:site_name\" content=\"Motocross - Enduro - Supermoto | MotocrossMag\" \/>\n<meta property=\"article:published_time\" content=\"2022-05-15T06:56:08+00:00\" \/>\n<meta property=\"og:image\" content=\"https:\/\/fr.motocrossmag.be\/wp-content\/uploads\/2022\/05\/elite-faure-1.jpg\" \/>\n\t<meta property=\"og:image:width\" content=\"1000\" \/>\n\t<meta property=\"og:image:height\" content=\"666\" \/>\n\t<meta property=\"og:image:type\" content=\"image\/jpeg\" \/>\n<meta name=\"author\" content=\"oliviere\" \/>\n<meta name=\"twitter:card\" content=\"summary_large_image\" \/>\n<meta name=\"twitter:label1\" content=\"\u00c9crit par\" \/>\n\t<meta name=\"twitter:data1\" content=\"oliviere\" \/>\n\t<meta name=\"twitter:label2\" content=\"Dur\u00e9e de lecture estim\u00e9e\" \/>\n\t<meta name=\"twitter:data2\" content=\"4 minutes\" \/>\n<script type=\"application\/ld+json\" class=\"yoast-schema-graph\">{\"@context\":\"https:\\\/\\\/schema.org\",\"@graph\":[{\"@type\":\"Article\",\"@id\":\"https:\\\/\\\/fr.motocrossmag.be\\\/index.php\\\/2022\\\/05\\\/championnat-de-france-espoir-faure-concretise-maindru-distance\\\/#article\",\"isPartOf\":{\"@id\":\"https:\\\/\\\/fr.motocrossmag.be\\\/index.php\\\/2022\\\/05\\\/championnat-de-france-espoir-faure-concretise-maindru-distance\\\/\"},\"author\":{\"name\":\"oliviere\",\"@id\":\"https:\\\/\\\/fr.motocrossmag.be\\\/#\\\/schema\\\/person\\\/11b47143d9f755babca2c9110e03235c\"},\"headline\":\"Championnat de France Espoir : Faure concr\u00e9tise, Maindru distanc\u00e9\",\"datePublished\":\"2022-05-15T06:56:08+00:00\",\"mainEntityOfPage\":{\"@id\":\"https:\\\/\\\/fr.motocrossmag.be\\\/index.php\\\/2022\\\/05\\\/championnat-de-france-espoir-faure-concretise-maindru-distance\\\/\"},\"wordCount\":765,\"commentCount\":0,\"image\":{\"@id\":\"https:\\\/\\\/fr.motocrossmag.be\\\/index.php\\\/2022\\\/05\\\/championnat-de-france-espoir-faure-concretise-maindru-distance\\\/#primaryimage\"},\"thumbnailUrl\":\"https:\\\/\\\/fr.motocrossmag.be\\\/wp-content\\\/uploads\\\/2022\\\/05\\\/elite-faure-1.jpg\",\"keywords\":[\"24MX tour\",\"mano faure\",\"Motocross\",\"villars sous ecot\"],\"articleSection\":[\"Actualit\u00e9\",\"Kids\",\"Motocross\",\"News\",\"News\",\"News\",\"R\u00e9sultats\",\"Slideshow\"],\"inLanguage\":\"fr-FR\",\"potentialAction\":[{\"@type\":\"CommentAction\",\"name\":\"Comment\",\"target\":[\"https:\\\/\\\/fr.motocrossmag.be\\\/index.php\\\/2022\\\/05\\\/championnat-de-france-espoir-faure-concretise-maindru-distance\\\/#respond\"]}]},{\"@type\":\"WebPage\",\"@id\":\"https:\\\/\\\/fr.motocrossmag.be\\\/index.php\\\/2022\\\/05\\\/championnat-de-france-espoir-faure-concretise-maindru-distance\\\/\",\"url\":\"https:\\\/\\\/fr.motocrossmag.be\\\/index.php\\\/2022\\\/05\\\/championnat-de-france-espoir-faure-concretise-maindru-distance\\\/\",\"name\":\"Championnat de France Espoir : Faure concr\u00e9tise, Maindru distanc\u00e9 - Motocross - Enduro - Supermoto | MotocrossMag\",\"isPartOf\":{\"@id\":\"https:\\\/\\\/fr.motocrossmag.be\\\/#website\"},\"primaryImageOfPage\":{\"@id\":\"https:\\\/\\\/fr.motocrossmag.be\\\/index.php\\\/2022\\\/05\\\/championnat-de-france-espoir-faure-concretise-maindru-distance\\\/#primaryimage\"},\"image\":{\"@id\":\"https:\\\/\\\/fr.motocrossmag.be\\\/index.php\\\/2022\\\/05\\\/championnat-de-france-espoir-faure-concretise-maindru-distance\\\/#primaryimage\"},\"thumbnailUrl\":\"https:\\\/\\\/fr.motocrossmag.be\\\/wp-content\\\/uploads\\\/2022\\\/05\\\/elite-faure-1.jpg\",\"datePublished\":\"2022-05-15T06:56:08+00:00\",\"author\":{\"@id\":\"https:\\\/\\\/fr.motocrossmag.be\\\/#\\\/schema\\\/person\\\/11b47143d9f755babca2c9110e03235c\"},\"breadcrumb\":{\"@id\":\"https:\\\/\\\/fr.motocrossmag.be\\\/index.php\\\/2022\\\/05\\\/championnat-de-france-espoir-faure-concretise-maindru-distance\\\/#breadcrumb\"},\"inLanguage\":\"fr-FR\",\"potentialAction\":[{\"@type\":\"ReadAction\",\"target\":[\"https:\\\/\\\/fr.motocrossmag.be\\\/index.php\\\/2022\\\/05\\\/championnat-de-france-espoir-faure-concretise-maindru-distance\\\/\"]}]},{\"@type\":\"ImageObject\",\"inLanguage\":\"fr-FR\",\"@id\":\"https:\\\/\\\/fr.motocrossmag.be\\\/index.php\\\/2022\\\/05\\\/championnat-de-france-espoir-faure-concretise-maindru-distance\\\/#primaryimage\",\"url\":\"https:\\\/\\\/fr.motocrossmag.be\\\/wp-content\\\/uploads\\\/2022\\\/05\\\/elite-faure-1.jpg\",\"contentUrl\":\"https:\\\/\\\/fr.motocrossmag.be\\\/wp-content\\\/uploads\\\/2022\\\/05\\\/elite-faure-1.jpg\",\"width\":\"1000\",\"height\":\"666\"},{\"@type\":\"BreadcrumbList\",\"@id\":\"https:\\\/\\\/fr.motocrossmag.be\\\/index.php\\\/2022\\\/05\\\/championnat-de-france-espoir-faure-concretise-maindru-distance\\\/#breadcrumb\",\"itemListElement\":[{\"@type\":\"ListItem\",\"position\":1,\"name\":\"Accueil\",\"item\":\"https:\\\/\\\/fr.motocrossmag.be\\\/\"},{\"@type\":\"ListItem\",\"position\":2,\"name\":\"Championnat de France Espoir : Faure concr\u00e9tise, Maindru distanc\u00e9\"}]},{\"@type\":\"WebSite\",\"@id\":\"https:\\\/\\\/fr.motocrossmag.be\\\/#website\",\"url\":\"https:\\\/\\\/fr.motocrossmag.be\\\/\",\"name\":\"Motocross - Enduro - Supermoto | MotocrossMag\",\"description\":\"L&#039;actualit\u00e9 du motocross, de l&#039;enduro et du Supermoto en ligne!\",\"potentialAction\":[{\"@type\":\"SearchAction\",\"target\":{\"@type\":\"EntryPoint\",\"urlTemplate\":\"https:\\\/\\\/fr.motocrossmag.be\\\/?s={search_term_string}\"},\"query-input\":{\"@type\":\"PropertyValueSpecification\",\"valueRequired\":true,\"valueName\":\"search_term_string\"}}],\"inLanguage\":\"fr-FR\"},{\"@type\":\"Person\",\"@id\":\"https:\\\/\\\/fr.motocrossmag.be\\\/#\\\/schema\\\/person\\\/11b47143d9f755babca2c9110e03235c\",\"name\":\"oliviere\",\"image\":{\"@type\":\"ImageObject\",\"inLanguage\":\"fr-FR\",\"@id\":\"https:\\\/\\\/secure.gravatar.com\\\/avatar\\\/907069e0b81d119452040469e4a7501da1100f54f7f80180ce77bfab718288f6?s=96&d=mm&r=g\",\"url\":\"https:\\\/\\\/secure.gravatar.com\\\/avatar\\\/907069e0b81d119452040469e4a7501da1100f54f7f80180ce77bfab718288f6?s=96&d=mm&r=g\",\"contentUrl\":\"https:\\\/\\\/secure.gravatar.com\\\/avatar\\\/907069e0b81d119452040469e4a7501da1100f54f7f80180ce77bfab718288f6?s=96&d=mm&r=g\",\"caption\":\"oliviere\"},\"sameAs\":[\"http:\\\/\\\/www.motocrossmag.be\"],\"url\":\"https:\\\/\\\/fr.motocrossmag.be\\\/index.php\\\/author\\\/oliviere\\\/\"}]}<\/script>\n<!-- \/ Yoast SEO plugin. -->","yoast_head_json":{"title":"Championnat de France Espoir : Faure concr\u00e9tise, Maindru distanc\u00e9 - Motocross - Enduro - Supermoto | MotocrossMag","robots":{"index":"index","follow":"follow","max-snippet":"max-snippet:-1","max-image-preview":"max-image-preview:large","max-video-preview":"max-video-preview:-1"},"canonical":"https:\/\/fr.motocrossmag.be\/index.php\/2022\/05\/championnat-de-france-espoir-faure-concretise-maindru-distance\/","og_locale":"fr_FR","og_type":"article","og_title":"Championnat de France Espoir : Faure concr\u00e9tise, Maindru distanc\u00e9 - Motocross - Enduro - Supermoto | MotocrossMag","og_description":"Un terrain de Grand-Prix, une piste superbement pr\u00e9par\u00e9e, une m\u00e9t\u00e9o radieuse, difficile d\u2019imaginer meilleures conditions pour l\u2019avant-derni\u00e8re \u00e9preuve du championnat de France Espoir 2022 de motocross. Disput\u00e9e ce samedi dans [...]","og_url":"https:\/\/fr.motocrossmag.be\/index.php\/2022\/05\/championnat-de-france-espoir-faure-concretise-maindru-distance\/","og_site_name":"Motocross - Enduro - Supermoto | MotocrossMag","article_published_time":"2022-05-15T06:56:08+00:00","og_image":[{"width":1000,"height":666,"url":"https:\/\/fr.motocrossmag.be\/wp-content\/uploads\/2022\/05\/elite-faure-1.jpg","type":"image\/jpeg"}],"author":"oliviere","twitter_card":"summary_large_image","twitter_misc":{"\u00c9crit par":"oliviere","Dur\u00e9e de lecture estim\u00e9e":"4 minutes"},"schema":{"@context":"https:\/\/schema.org","@graph":[{"@type":"Article","@id":"https:\/\/fr.motocrossmag.be\/index.php\/2022\/05\/championnat-de-france-espoir-faure-concretise-maindru-distance\/#article","isPartOf":{"@id":"https:\/\/fr.motocrossmag.be\/index.php\/2022\/05\/championnat-de-france-espoir-faure-concretise-maindru-distance\/"},"author":{"name":"oliviere","@id":"https:\/\/fr.motocrossmag.be\/#\/schema\/person\/11b47143d9f755babca2c9110e03235c"},"headline":"Championnat de France Espoir : Faure concr\u00e9tise, Maindru distanc\u00e9","datePublished":"2022-05-15T06:56:08+00:00","mainEntityOfPage":{"@id":"https:\/\/fr.motocrossmag.be\/index.php\/2022\/05\/championnat-de-france-espoir-faure-concretise-maindru-distance\/"},"wordCount":765,"commentCount":0,"image":{"@id":"https:\/\/fr.motocrossmag.be\/index.php\/2022\/05\/championnat-de-france-espoir-faure-concretise-maindru-distance\/#primaryimage"},"thumbnailUrl":"https:\/\/fr.motocrossmag.be\/wp-content\/uploads\/2022\/05\/elite-faure-1.jpg","keywords":["24MX tour","mano faure","Motocross","villars sous ecot"],"articleSection":["Actualit\u00e9","Kids","Motocross","News","News","News","R\u00e9sultats","Slideshow"],"inLanguage":"fr-FR","potentialAction":[{"@type":"CommentAction","name":"Comment","target":["https:\/\/fr.motocrossmag.be\/index.php\/2022\/05\/championnat-de-france-espoir-faure-concretise-maindru-distance\/#respond"]}]},{"@type":"WebPage","@id":"https:\/\/fr.motocrossmag.be\/index.php\/2022\/05\/championnat-de-france-espoir-faure-concretise-maindru-distance\/","url":"https:\/\/fr.motocrossmag.be\/index.php\/2022\/05\/championnat-de-france-espoir-faure-concretise-maindru-distance\/","name":"Championnat de France Espoir : Faure concr\u00e9tise, Maindru distanc\u00e9 - Motocross - Enduro - Supermoto | MotocrossMag","isPartOf":{"@id":"https:\/\/fr.motocrossmag.be\/#website"},"primaryImageOfPage":{"@id":"https:\/\/fr.motocrossmag.be\/index.php\/2022\/05\/championnat-de-france-espoir-faure-concretise-maindru-distance\/#primaryimage"},"image":{"@id":"https:\/\/fr.motocrossmag.be\/index.php\/2022\/05\/championnat-de-france-espoir-faure-concretise-maindru-distance\/#primaryimage"},"thumbnailUrl":"https:\/\/fr.motocrossmag.be\/wp-content\/uploads\/2022\/05\/elite-faure-1.jpg","datePublished":"2022-05-15T06:56:08+00:00","author":{"@id":"https:\/\/fr.motocrossmag.be\/#\/schema\/person\/11b47143d9f755babca2c9110e03235c"},"breadcrumb":{"@id":"https:\/\/fr.motocrossmag.be\/index.php\/2022\/05\/championnat-de-france-espoir-faure-concretise-maindru-distance\/#breadcrumb"},"inLanguage":"fr-FR","potentialAction":[{"@type":"ReadAction","target":["https:\/\/fr.motocrossmag.be\/index.php\/2022\/05\/championnat-de-france-espoir-faure-concretise-maindru-distance\/"]}]},{"@type":"ImageObject","inLanguage":"fr-FR","@id":"https:\/\/fr.motocrossmag.be\/index.php\/2022\/05\/championnat-de-france-espoir-faure-concretise-maindru-distance\/#primaryimage","url":"https:\/\/fr.motocrossmag.be\/wp-content\/uploads\/2022\/05\/elite-faure-1.jpg","contentUrl":"https:\/\/fr.motocrossmag.be\/wp-content\/uploads\/2022\/05\/elite-faure-1.jpg","width":"1000","height":"666"},{"@type":"BreadcrumbList","@id":"https:\/\/fr.motocrossmag.be\/index.php\/2022\/05\/championnat-de-france-espoir-faure-concretise-maindru-distance\/#breadcrumb","itemListElement":[{"@type":"ListItem","position":1,"name":"Accueil","item":"https:\/\/fr.motocrossmag.be\/"},{"@type":"ListItem","position":2,"name":"Championnat de France Espoir : Faure concr\u00e9tise, Maindru distanc\u00e9"}]},{"@type":"WebSite","@id":"https:\/\/fr.motocrossmag.be\/#website","url":"https:\/\/fr.motocrossmag.be\/","name":"Motocross - Enduro - Supermoto | MotocrossMag","description":"L&#039;actualit\u00e9 du motocross, de l&#039;enduro et du Supermoto en ligne!","potentialAction":[{"@type":"SearchAction","target":{"@type":"EntryPoint","urlTemplate":"https:\/\/fr.motocrossmag.be\/?s={search_term_string}"},"query-input":{"@type":"PropertyValueSpecification","valueRequired":true,"valueName":"search_term_string"}}],"inLanguage":"fr-FR"},{"@type":"Person","@id":"https:\/\/fr.motocrossmag.be\/#\/schema\/person\/11b47143d9f755babca2c9110e03235c","name":"oliviere","image":{"@type":"ImageObject","inLanguage":"fr-FR","@id":"https:\/\/secure.gravatar.com\/avatar\/907069e0b81d119452040469e4a7501da1100f54f7f80180ce77bfab718288f6?s=96&d=mm&r=g","url":"https:\/\/secure.gravatar.com\/avatar\/907069e0b81d119452040469e4a7501da1100f54f7f80180ce77bfab718288f6?s=96&d=mm&r=g","contentUrl":"https:\/\/secure.gravatar.com\/avatar\/907069e0b81d119452040469e4a7501da1100f54f7f80180ce77bfab718288f6?s=96&d=mm&r=g","caption":"oliviere"},"sameAs":["http:\/\/www.motocrossmag.be"],"url":"https:\/\/fr.motocrossmag.be\/index.php\/author\/oliviere\/"}]}},"_links":{"self":[{"href":"https:\/\/fr.motocrossmag.be\/index.php\/wp-json\/wp\/v2\/posts\/117560","targetHints":{"allow":["GET"]}}],"collection":[{"href":"https:\/\/fr.motocrossmag.be\/index.php\/wp-json\/wp\/v2\/posts"}],"about":[{"href":"https:\/\/fr.motocrossmag.be\/index.php\/wp-json\/wp\/v2\/types\/post"}],"author":[{"embeddable":true,"href":"https:\/\/fr.motocrossmag.be\/index.php\/wp-json\/wp\/v2\/users\/932"}],"replies":[{"embeddable":true,"href":"https:\/\/fr.motocrossmag.be\/index.php\/wp-json\/wp\/v2\/comments?post=117560"}],"version-history":[{"count":0,"href":"https:\/\/fr.motocrossmag.be\/index.php\/wp-json\/wp\/v2\/posts\/117560\/revisions"}],"wp:featuredmedia":[{"embeddable":true,"href":"https:\/\/fr.motocrossmag.be\/index.php\/wp-json\/wp\/v2\/media\/117562"}],"wp:attachment":[{"href":"https:\/\/fr.motocrossmag.be\/index.php\/wp-json\/wp\/v2\/media?parent=117560"}],"wp:term":[{"taxonomy":"category","embeddable":true,"href":"https:\/\/fr.motocrossmag.be\/index.php\/wp-json\/wp\/v2\/categories?post=117560"},{"taxonomy":"post_tag","embeddable":true,"href":"https:\/\/fr.motocrossmag.be\/index.php\/wp-json\/wp\/v2\/tags?post=117560"}],"curies":[{"name":"wp","href":"https:\/\/api.w.org\/{rel}","templated":true}]}}