{"id":117576,"date":"2022-05-16T09:11:01","date_gmt":"2022-05-16T07:11:01","guid":{"rendered":"http:\/\/fr.motocrossmag.be\/?p=117576"},"modified":"2022-05-16T09:11:01","modified_gmt":"2022-05-16T07:11:01","slug":"deuxieme-titre-elite-mx2-consecutif-pour-pierre-goupillon","status":"publish","type":"post","link":"https:\/\/fr.motocrossmag.be\/index.php\/2022\/05\/deuxieme-titre-elite-mx2-consecutif-pour-pierre-goupillon\/","title":{"rendered":"Deuxi\u00e8me titre Elite MX2 cons\u00e9cutif pour Pierre Goupillon"},"content":{"rendered":"<p><strong>L\u2019avant-derni\u00e8re \u00e9preuve du championnat de France Elite de motocross s\u2019est d\u00e9roul\u00e9e ce dimanche \u00e0 Villars-sous-Ecot, dans le Doubs. Une fois de plus, ce 24MX Tour a \u00e9t\u00e9 intense, avec une chaleur qui a mis les pilotes \u00e0 rude \u00e9preuve. Avec un doubl\u00e9, Pierre Goupillon est sacr\u00e9 champion de France MX2 pour la deuxi\u00e8me ann\u00e9e cons\u00e9cutive.<\/strong><\/p>\n<p>En 250cc cette ann\u00e9e, il y a Goupillon et les autres ! Le Breton a une nouvelle fois survol\u00e9 l\u2019\u00e9preuve. Meilleur temps des chronos, il r\u00e9alise deux holeshots suivis de deux cavaliers seuls dans des manches ma\u00eetris\u00e9es de A \u00e0 Z. D\u00e8s la premi\u00e8re course le pilote WID Motorsport KTM a d\u00e9croch\u00e9 son deuxi\u00e8me titre cons\u00e9cutif de Champion de France MX2. Il va pouvoir savourer \u00e0 Basly lors de l\u2019ultime \u00e9preuve, on voit mal qui pourrait l\u2019inqui\u00e9ter \u00e0 la r\u00e9guli\u00e8re.<\/p>\n<p>Saad Soulimani a bien essay\u00e9 de s\u2019accrocher et r\u00e9alise une superbe \u00e9preuve. Le pilote VHR KTM a r\u00e9alis\u00e9 deux excellents d\u00e9parts derri\u00e8re Goupillon. Si en premi\u00e8re manche il n\u2019a pu r\u00e9sister au retour de Krajewski (KTM), il est parvenu \u00e0 contenir Arnaud Aubin (OB1 Motorsport Husvarna) durant l\u2019int\u00e9gralit\u00e9 du second opus. R\u00e9trograd\u00e9 de cinq positions \u00e0 l\u2019arriv\u00e9e de la premi\u00e8re manche pour non respect d\u2019un drapeau jaune, Soulimani se classe finalement troisi\u00e8me de l\u2019\u00e9preuve \u00e0 \u00e9galit\u00e9 de points avec, dans l\u2019ordre, Jamet et Krajewski.<\/p>\n<h5>Arnaud Aubin sur la deuxi\u00e8me marche du podium<\/h5>\n<p>Germain Jamet (TMX Comp\u00e9tition Yamaha) a accroch\u00e9 le bon wagon en premi\u00e8re manche pour se classer 4e avant de monter d\u2019un cran suite \u00e0 la p\u00e9nalit\u00e9 de Soulimani. Moins bien sorti de grille en seconde, il se contente d\u2019une septi\u00e8me position. Bogdan Krajewski (2-9) a quant \u00e0 lui compl\u00e8tement rat\u00e9 son d\u00e9part et sa seconde course apr\u00e8s sa belle deuxi\u00e8me place inaugurale. Ainsi, c\u2019est Arnaud Aubin qui profite d\u2019une meilleure r\u00e9gularit\u00e9 pour se classer deuxi\u00e8me de l\u2019\u00e9preuve. Tout juste dans le Top 15 \u00e0 la fin du premier tour de la manche initiale, il est parvenu \u00e0 remonter jusqu\u2019en 5e position, avant lui aussi de gagner une place sur tapis vert. Mieux parti en seconde, il est rest\u00e9 dans la roue de Soulimani toute la manche sans r\u00e9ussir \u00e0 placer d\u2019attaque franche pour un Top 3 au final.<\/p>\n<p>A noter la belle vitesse aux chronos comme en course de Maxime Charlier (Tech32 KTM \u2013 13-5). Malheureusement, une chute en d\u00e9but de premi\u00e8re manche puis un mauvais d\u00e9part l\u2019emp\u00eache de concr\u00e9tiser au classement ces belles promesses. En difficult\u00e9 suite \u00e0 sa blessure, Calvin Fonvielle (TMX Comp\u00e9tition KTM \u2013 8-12) termine 12e et voit Krajewski revenir \u00e0 cinq points au championnat.<\/p>\n<p><strong>Une premi\u00e8re pour le MC Basly<\/strong><\/p>\n<p>Apr\u00e8s deux \u00e9preuves en dix jours, pilotes et suiveurs du 24MX Tour ont un mois pour recharger les batteries avant de se retrouver en Normandie pour la grande finale 2022. Le MC Basly accueillera les Championnats Elite pour la premi\u00e8re fois de son histoire. Une cons\u00e9cration pour toutes les \u00e9quipes de ce club qui n\u2019a eu cesse de se d\u00e9velopper depuis sa cr\u00e9ation en 1977. A quelques jours de l\u2019\u00e9t\u00e9, l\u2019\u00e9preuve se d\u00e9roulera les 18 et 19 juin, la f\u00eate s\u2019annonce belle dans le Calvados pour \u00e9crire le dernier chapitre de ce 24MX Tour 2022.<\/p>\n","protected":false},"excerpt":{"rendered":"<p>L\u2019avant-derni\u00e8re \u00e9preuve du championnat de France Elite de motocross s\u2019est d\u00e9roul\u00e9e ce dimanche \u00e0 Villars-sous-Ecot, dans le Doubs. Une fois de plus, ce 24MX Tour a \u00e9t\u00e9 intense, avec une [&#8230;]<\/p>\n","protected":false},"author":932,"featured_media":117577,"comment_status":"open","ping_status":"closed","sticky":false,"template":"","format":"standard","meta":{"footnotes":""},"categories":[54,4,5,55,56,65],"tags":[1877,1883,486,368,947,1474],"class_list":["post-117576","post","type-post","status-publish","format-standard","has-post-thumbnail","hentry","category-actualite","category-motocross","category-news","category-news-actualite","category-resultats","category-slideshow","tag-24mx-tour","tag-calvin-fonvielle","tag-elite","tag-ffm","tag-motocross","tag-pierre-goupillon"],"yoast_head":"<!-- This site is optimized with the Yoast SEO plugin v27.5 - https:\/\/yoast.com\/product\/yoast-seo-wordpress\/ -->\n<title>Deuxi\u00e8me titre Elite MX2 cons\u00e9cutif pour Pierre Goupillon - Motocross - Enduro - Supermoto | MotocrossMag<\/title>\n<meta name=\"robots\" content=\"index, follow, max-snippet:-1, max-image-preview:large, max-video-preview:-1\" \/>\n<link rel=\"canonical\" href=\"https:\/\/fr.motocrossmag.be\/index.php\/2022\/05\/deuxieme-titre-elite-mx2-consecutif-pour-pierre-goupillon\/\" \/>\n<meta property=\"og:locale\" content=\"fr_FR\" \/>\n<meta property=\"og:type\" content=\"article\" \/>\n<meta property=\"og:title\" content=\"Deuxi\u00e8me titre Elite MX2 cons\u00e9cutif pour Pierre Goupillon - Motocross - Enduro - Supermoto | MotocrossMag\" \/>\n<meta property=\"og:description\" content=\"L\u2019avant-derni\u00e8re \u00e9preuve du championnat de France Elite de motocross s\u2019est d\u00e9roul\u00e9e ce dimanche \u00e0 Villars-sous-Ecot, dans le Doubs. Une fois de plus, ce 24MX Tour a \u00e9t\u00e9 intense, avec une [...]\" \/>\n<meta property=\"og:url\" content=\"https:\/\/fr.motocrossmag.be\/index.php\/2022\/05\/deuxieme-titre-elite-mx2-consecutif-pour-pierre-goupillon\/\" \/>\n<meta property=\"og:site_name\" content=\"Motocross - Enduro - Supermoto | MotocrossMag\" \/>\n<meta property=\"article:published_time\" content=\"2022-05-16T07:11:01+00:00\" \/>\n<meta property=\"og:image\" content=\"https:\/\/fr.motocrossmag.be\/wp-content\/uploads\/2022\/05\/goupillon-villars-elite.jpg\" \/>\n\t<meta property=\"og:image:width\" content=\"700\" \/>\n\t<meta property=\"og:image:height\" content=\"467\" \/>\n\t<meta property=\"og:image:type\" content=\"image\/jpeg\" \/>\n<meta name=\"author\" content=\"oliviere\" \/>\n<meta name=\"twitter:card\" content=\"summary_large_image\" \/>\n<meta name=\"twitter:label1\" content=\"\u00c9crit par\" \/>\n\t<meta name=\"twitter:data1\" content=\"oliviere\" \/>\n\t<meta name=\"twitter:label2\" content=\"Dur\u00e9e de lecture estim\u00e9e\" \/>\n\t<meta name=\"twitter:data2\" content=\"3 minutes\" \/>\n<script type=\"application\/ld+json\" class=\"yoast-schema-graph\">{\"@context\":\"https:\\\/\\\/schema.org\",\"@graph\":[{\"@type\":\"Article\",\"@id\":\"https:\\\/\\\/fr.motocrossmag.be\\\/index.php\\\/2022\\\/05\\\/deuxieme-titre-elite-mx2-consecutif-pour-pierre-goupillon\\\/#article\",\"isPartOf\":{\"@id\":\"https:\\\/\\\/fr.motocrossmag.be\\\/index.php\\\/2022\\\/05\\\/deuxieme-titre-elite-mx2-consecutif-pour-pierre-goupillon\\\/\"},\"author\":{\"name\":\"oliviere\",\"@id\":\"https:\\\/\\\/fr.motocrossmag.be\\\/#\\\/schema\\\/person\\\/11b47143d9f755babca2c9110e03235c\"},\"headline\":\"Deuxi\u00e8me titre Elite MX2 cons\u00e9cutif pour Pierre Goupillon\",\"datePublished\":\"2022-05-16T07:11:01+00:00\",\"mainEntityOfPage\":{\"@id\":\"https:\\\/\\\/fr.motocrossmag.be\\\/index.php\\\/2022\\\/05\\\/deuxieme-titre-elite-mx2-consecutif-pour-pierre-goupillon\\\/\"},\"wordCount\":591,\"commentCount\":0,\"image\":{\"@id\":\"https:\\\/\\\/fr.motocrossmag.be\\\/index.php\\\/2022\\\/05\\\/deuxieme-titre-elite-mx2-consecutif-pour-pierre-goupillon\\\/#primaryimage\"},\"thumbnailUrl\":\"https:\\\/\\\/fr.motocrossmag.be\\\/wp-content\\\/uploads\\\/2022\\\/05\\\/goupillon-villars-elite.jpg\",\"keywords\":[\"24MX tour\",\"calvin fonvielle\",\"Elite\",\"ffm\",\"Motocross\",\"pierre goupillon\"],\"articleSection\":[\"Actualit\u00e9\",\"Motocross\",\"News\",\"News\",\"R\u00e9sultats\",\"Slideshow\"],\"inLanguage\":\"fr-FR\",\"potentialAction\":[{\"@type\":\"CommentAction\",\"name\":\"Comment\",\"target\":[\"https:\\\/\\\/fr.motocrossmag.be\\\/index.php\\\/2022\\\/05\\\/deuxieme-titre-elite-mx2-consecutif-pour-pierre-goupillon\\\/#respond\"]}]},{\"@type\":\"WebPage\",\"@id\":\"https:\\\/\\\/fr.motocrossmag.be\\\/index.php\\\/2022\\\/05\\\/deuxieme-titre-elite-mx2-consecutif-pour-pierre-goupillon\\\/\",\"url\":\"https:\\\/\\\/fr.motocrossmag.be\\\/index.php\\\/2022\\\/05\\\/deuxieme-titre-elite-mx2-consecutif-pour-pierre-goupillon\\\/\",\"name\":\"Deuxi\u00e8me titre Elite MX2 cons\u00e9cutif pour Pierre Goupillon - Motocross - Enduro - Supermoto | MotocrossMag\",\"isPartOf\":{\"@id\":\"https:\\\/\\\/fr.motocrossmag.be\\\/#website\"},\"primaryImageOfPage\":{\"@id\":\"https:\\\/\\\/fr.motocrossmag.be\\\/index.php\\\/2022\\\/05\\\/deuxieme-titre-elite-mx2-consecutif-pour-pierre-goupillon\\\/#primaryimage\"},\"image\":{\"@id\":\"https:\\\/\\\/fr.motocrossmag.be\\\/index.php\\\/2022\\\/05\\\/deuxieme-titre-elite-mx2-consecutif-pour-pierre-goupillon\\\/#primaryimage\"},\"thumbnailUrl\":\"https:\\\/\\\/fr.motocrossmag.be\\\/wp-content\\\/uploads\\\/2022\\\/05\\\/goupillon-villars-elite.jpg\",\"datePublished\":\"2022-05-16T07:11:01+00:00\",\"author\":{\"@id\":\"https:\\\/\\\/fr.motocrossmag.be\\\/#\\\/schema\\\/person\\\/11b47143d9f755babca2c9110e03235c\"},\"breadcrumb\":{\"@id\":\"https:\\\/\\\/fr.motocrossmag.be\\\/index.php\\\/2022\\\/05\\\/deuxieme-titre-elite-mx2-consecutif-pour-pierre-goupillon\\\/#breadcrumb\"},\"inLanguage\":\"fr-FR\",\"potentialAction\":[{\"@type\":\"ReadAction\",\"target\":[\"https:\\\/\\\/fr.motocrossmag.be\\\/index.php\\\/2022\\\/05\\\/deuxieme-titre-elite-mx2-consecutif-pour-pierre-goupillon\\\/\"]}]},{\"@type\":\"ImageObject\",\"inLanguage\":\"fr-FR\",\"@id\":\"https:\\\/\\\/fr.motocrossmag.be\\\/index.php\\\/2022\\\/05\\\/deuxieme-titre-elite-mx2-consecutif-pour-pierre-goupillon\\\/#primaryimage\",\"url\":\"https:\\\/\\\/fr.motocrossmag.be\\\/wp-content\\\/uploads\\\/2022\\\/05\\\/goupillon-villars-elite.jpg\",\"contentUrl\":\"https:\\\/\\\/fr.motocrossmag.be\\\/wp-content\\\/uploads\\\/2022\\\/05\\\/goupillon-villars-elite.jpg\",\"width\":\"700\",\"height\":\"467\"},{\"@type\":\"BreadcrumbList\",\"@id\":\"https:\\\/\\\/fr.motocrossmag.be\\\/index.php\\\/2022\\\/05\\\/deuxieme-titre-elite-mx2-consecutif-pour-pierre-goupillon\\\/#breadcrumb\",\"itemListElement\":[{\"@type\":\"ListItem\",\"position\":1,\"name\":\"Accueil\",\"item\":\"https:\\\/\\\/fr.motocrossmag.be\\\/\"},{\"@type\":\"ListItem\",\"position\":2,\"name\":\"Deuxi\u00e8me titre Elite MX2 cons\u00e9cutif pour Pierre Goupillon\"}]},{\"@type\":\"WebSite\",\"@id\":\"https:\\\/\\\/fr.motocrossmag.be\\\/#website\",\"url\":\"https:\\\/\\\/fr.motocrossmag.be\\\/\",\"name\":\"Motocross - Enduro - Supermoto | MotocrossMag\",\"description\":\"L&#039;actualit\u00e9 du motocross, de l&#039;enduro et du Supermoto en ligne!\",\"potentialAction\":[{\"@type\":\"SearchAction\",\"target\":{\"@type\":\"EntryPoint\",\"urlTemplate\":\"https:\\\/\\\/fr.motocrossmag.be\\\/?s={search_term_string}\"},\"query-input\":{\"@type\":\"PropertyValueSpecification\",\"valueRequired\":true,\"valueName\":\"search_term_string\"}}],\"inLanguage\":\"fr-FR\"},{\"@type\":\"Person\",\"@id\":\"https:\\\/\\\/fr.motocrossmag.be\\\/#\\\/schema\\\/person\\\/11b47143d9f755babca2c9110e03235c\",\"name\":\"oliviere\",\"image\":{\"@type\":\"ImageObject\",\"inLanguage\":\"fr-FR\",\"@id\":\"https:\\\/\\\/secure.gravatar.com\\\/avatar\\\/907069e0b81d119452040469e4a7501da1100f54f7f80180ce77bfab718288f6?s=96&d=mm&r=g\",\"url\":\"https:\\\/\\\/secure.gravatar.com\\\/avatar\\\/907069e0b81d119452040469e4a7501da1100f54f7f80180ce77bfab718288f6?s=96&d=mm&r=g\",\"contentUrl\":\"https:\\\/\\\/secure.gravatar.com\\\/avatar\\\/907069e0b81d119452040469e4a7501da1100f54f7f80180ce77bfab718288f6?s=96&d=mm&r=g\",\"caption\":\"oliviere\"},\"sameAs\":[\"http:\\\/\\\/www.motocrossmag.be\"],\"url\":\"https:\\\/\\\/fr.motocrossmag.be\\\/index.php\\\/author\\\/oliviere\\\/\"}]}<\/script>\n<!-- \/ Yoast SEO plugin. -->","yoast_head_json":{"title":"Deuxi\u00e8me titre Elite MX2 cons\u00e9cutif pour Pierre Goupillon - Motocross - Enduro - Supermoto | MotocrossMag","robots":{"index":"index","follow":"follow","max-snippet":"max-snippet:-1","max-image-preview":"max-image-preview:large","max-video-preview":"max-video-preview:-1"},"canonical":"https:\/\/fr.motocrossmag.be\/index.php\/2022\/05\/deuxieme-titre-elite-mx2-consecutif-pour-pierre-goupillon\/","og_locale":"fr_FR","og_type":"article","og_title":"Deuxi\u00e8me titre Elite MX2 cons\u00e9cutif pour Pierre Goupillon - Motocross - Enduro - Supermoto | MotocrossMag","og_description":"L\u2019avant-derni\u00e8re \u00e9preuve du championnat de France Elite de motocross s\u2019est d\u00e9roul\u00e9e ce dimanche \u00e0 Villars-sous-Ecot, dans le Doubs. Une fois de plus, ce 24MX Tour a \u00e9t\u00e9 intense, avec une [...]","og_url":"https:\/\/fr.motocrossmag.be\/index.php\/2022\/05\/deuxieme-titre-elite-mx2-consecutif-pour-pierre-goupillon\/","og_site_name":"Motocross - Enduro - Supermoto | MotocrossMag","article_published_time":"2022-05-16T07:11:01+00:00","og_image":[{"width":700,"height":467,"url":"https:\/\/fr.motocrossmag.be\/wp-content\/uploads\/2022\/05\/goupillon-villars-elite.jpg","type":"image\/jpeg"}],"author":"oliviere","twitter_card":"summary_large_image","twitter_misc":{"\u00c9crit par":"oliviere","Dur\u00e9e de lecture estim\u00e9e":"3 minutes"},"schema":{"@context":"https:\/\/schema.org","@graph":[{"@type":"Article","@id":"https:\/\/fr.motocrossmag.be\/index.php\/2022\/05\/deuxieme-titre-elite-mx2-consecutif-pour-pierre-goupillon\/#article","isPartOf":{"@id":"https:\/\/fr.motocrossmag.be\/index.php\/2022\/05\/deuxieme-titre-elite-mx2-consecutif-pour-pierre-goupillon\/"},"author":{"name":"oliviere","@id":"https:\/\/fr.motocrossmag.be\/#\/schema\/person\/11b47143d9f755babca2c9110e03235c"},"headline":"Deuxi\u00e8me titre Elite MX2 cons\u00e9cutif pour Pierre Goupillon","datePublished":"2022-05-16T07:11:01+00:00","mainEntityOfPage":{"@id":"https:\/\/fr.motocrossmag.be\/index.php\/2022\/05\/deuxieme-titre-elite-mx2-consecutif-pour-pierre-goupillon\/"},"wordCount":591,"commentCount":0,"image":{"@id":"https:\/\/fr.motocrossmag.be\/index.php\/2022\/05\/deuxieme-titre-elite-mx2-consecutif-pour-pierre-goupillon\/#primaryimage"},"thumbnailUrl":"https:\/\/fr.motocrossmag.be\/wp-content\/uploads\/2022\/05\/goupillon-villars-elite.jpg","keywords":["24MX tour","calvin fonvielle","Elite","ffm","Motocross","pierre goupillon"],"articleSection":["Actualit\u00e9","Motocross","News","News","R\u00e9sultats","Slideshow"],"inLanguage":"fr-FR","potentialAction":[{"@type":"CommentAction","name":"Comment","target":["https:\/\/fr.motocrossmag.be\/index.php\/2022\/05\/deuxieme-titre-elite-mx2-consecutif-pour-pierre-goupillon\/#respond"]}]},{"@type":"WebPage","@id":"https:\/\/fr.motocrossmag.be\/index.php\/2022\/05\/deuxieme-titre-elite-mx2-consecutif-pour-pierre-goupillon\/","url":"https:\/\/fr.motocrossmag.be\/index.php\/2022\/05\/deuxieme-titre-elite-mx2-consecutif-pour-pierre-goupillon\/","name":"Deuxi\u00e8me titre Elite MX2 cons\u00e9cutif pour Pierre Goupillon - Motocross - Enduro - Supermoto | MotocrossMag","isPartOf":{"@id":"https:\/\/fr.motocrossmag.be\/#website"},"primaryImageOfPage":{"@id":"https:\/\/fr.motocrossmag.be\/index.php\/2022\/05\/deuxieme-titre-elite-mx2-consecutif-pour-pierre-goupillon\/#primaryimage"},"image":{"@id":"https:\/\/fr.motocrossmag.be\/index.php\/2022\/05\/deuxieme-titre-elite-mx2-consecutif-pour-pierre-goupillon\/#primaryimage"},"thumbnailUrl":"https:\/\/fr.motocrossmag.be\/wp-content\/uploads\/2022\/05\/goupillon-villars-elite.jpg","datePublished":"2022-05-16T07:11:01+00:00","author":{"@id":"https:\/\/fr.motocrossmag.be\/#\/schema\/person\/11b47143d9f755babca2c9110e03235c"},"breadcrumb":{"@id":"https:\/\/fr.motocrossmag.be\/index.php\/2022\/05\/deuxieme-titre-elite-mx2-consecutif-pour-pierre-goupillon\/#breadcrumb"},"inLanguage":"fr-FR","potentialAction":[{"@type":"ReadAction","target":["https:\/\/fr.motocrossmag.be\/index.php\/2022\/05\/deuxieme-titre-elite-mx2-consecutif-pour-pierre-goupillon\/"]}]},{"@type":"ImageObject","inLanguage":"fr-FR","@id":"https:\/\/fr.motocrossmag.be\/index.php\/2022\/05\/deuxieme-titre-elite-mx2-consecutif-pour-pierre-goupillon\/#primaryimage","url":"https:\/\/fr.motocrossmag.be\/wp-content\/uploads\/2022\/05\/goupillon-villars-elite.jpg","contentUrl":"https:\/\/fr.motocrossmag.be\/wp-content\/uploads\/2022\/05\/goupillon-villars-elite.jpg","width":"700","height":"467"},{"@type":"BreadcrumbList","@id":"https:\/\/fr.motocrossmag.be\/index.php\/2022\/05\/deuxieme-titre-elite-mx2-consecutif-pour-pierre-goupillon\/#breadcrumb","itemListElement":[{"@type":"ListItem","position":1,"name":"Accueil","item":"https:\/\/fr.motocrossmag.be\/"},{"@type":"ListItem","position":2,"name":"Deuxi\u00e8me titre Elite MX2 cons\u00e9cutif pour Pierre Goupillon"}]},{"@type":"WebSite","@id":"https:\/\/fr.motocrossmag.be\/#website","url":"https:\/\/fr.motocrossmag.be\/","name":"Motocross - Enduro - Supermoto | MotocrossMag","description":"L&#039;actualit\u00e9 du motocross, de l&#039;enduro et du Supermoto en ligne!","potentialAction":[{"@type":"SearchAction","target":{"@type":"EntryPoint","urlTemplate":"https:\/\/fr.motocrossmag.be\/?s={search_term_string}"},"query-input":{"@type":"PropertyValueSpecification","valueRequired":true,"valueName":"search_term_string"}}],"inLanguage":"fr-FR"},{"@type":"Person","@id":"https:\/\/fr.motocrossmag.be\/#\/schema\/person\/11b47143d9f755babca2c9110e03235c","name":"oliviere","image":{"@type":"ImageObject","inLanguage":"fr-FR","@id":"https:\/\/secure.gravatar.com\/avatar\/907069e0b81d119452040469e4a7501da1100f54f7f80180ce77bfab718288f6?s=96&d=mm&r=g","url":"https:\/\/secure.gravatar.com\/avatar\/907069e0b81d119452040469e4a7501da1100f54f7f80180ce77bfab718288f6?s=96&d=mm&r=g","contentUrl":"https:\/\/secure.gravatar.com\/avatar\/907069e0b81d119452040469e4a7501da1100f54f7f80180ce77bfab718288f6?s=96&d=mm&r=g","caption":"oliviere"},"sameAs":["http:\/\/www.motocrossmag.be"],"url":"https:\/\/fr.motocrossmag.be\/index.php\/author\/oliviere\/"}]}},"_links":{"self":[{"href":"https:\/\/fr.motocrossmag.be\/index.php\/wp-json\/wp\/v2\/posts\/117576","targetHints":{"allow":["GET"]}}],"collection":[{"href":"https:\/\/fr.motocrossmag.be\/index.php\/wp-json\/wp\/v2\/posts"}],"about":[{"href":"https:\/\/fr.motocrossmag.be\/index.php\/wp-json\/wp\/v2\/types\/post"}],"author":[{"embeddable":true,"href":"https:\/\/fr.motocrossmag.be\/index.php\/wp-json\/wp\/v2\/users\/932"}],"replies":[{"embeddable":true,"href":"https:\/\/fr.motocrossmag.be\/index.php\/wp-json\/wp\/v2\/comments?post=117576"}],"version-history":[{"count":0,"href":"https:\/\/fr.motocrossmag.be\/index.php\/wp-json\/wp\/v2\/posts\/117576\/revisions"}],"wp:featuredmedia":[{"embeddable":true,"href":"https:\/\/fr.motocrossmag.be\/index.php\/wp-json\/wp\/v2\/media\/117577"}],"wp:attachment":[{"href":"https:\/\/fr.motocrossmag.be\/index.php\/wp-json\/wp\/v2\/media?parent=117576"}],"wp:term":[{"taxonomy":"category","embeddable":true,"href":"https:\/\/fr.motocrossmag.be\/index.php\/wp-json\/wp\/v2\/categories?post=117576"},{"taxonomy":"post_tag","embeddable":true,"href":"https:\/\/fr.motocrossmag.be\/index.php\/wp-json\/wp\/v2\/tags?post=117576"}],"curies":[{"name":"wp","href":"https:\/\/api.w.org\/{rel}","templated":true}]}}