{"id":117578,"date":"2022-05-16T09:25:22","date_gmt":"2022-05-16T07:25:22","guid":{"rendered":"http:\/\/fr.motocrossmag.be\/?p=117578"},"modified":"2022-05-16T09:25:22","modified_gmt":"2022-05-16T07:25:22","slug":"24mx-tour-valentin-guillod-retarde-le-sacre-de-milko-potisek","status":"publish","type":"post","link":"https:\/\/fr.motocrossmag.be\/index.php\/2022\/05\/24mx-tour-valentin-guillod-retarde-le-sacre-de-milko-potisek\/","title":{"rendered":"24MX Tour : Valentin Guillod retarde le sacre de Milko Potisek"},"content":{"rendered":"<p><strong>L\u2019avant-derni\u00e8re \u00e9preuve des Championnats de France Elite et Junior s\u2019est d\u00e9roul\u00e9e ce dimanche \u00e0 Villars-sous-Ecot, dans le Doubs. Une fois de plus, ce 24MX Tour a \u00e9t\u00e9 intense, avec une chaleur qui a mis les pilotes \u00e0 rude \u00e9preuve. C\u2019\u00e9tait bouillant sous les casques\u00a0! Le circuit, avec de profondes orni\u00e8res, a bien \u00e9t\u00e9 travaill\u00e9 par les \u00e9quipes du MCV, notamment pendant la pause m\u00e9ridienne. S\u00e9lectif et exigeant, il a permis aux p\u00e9pites fran\u00e7aises de s\u2019exprimer pleinement sur un terrain magnifique. Double vainqueur en MX1, Guillod emp\u00eache le sacre de Potisek en MX1.<\/strong><\/p>\n<p>On le sentait monter en puissance sur les derni\u00e8res \u00e9preuves, Valentin Guillod (Yamaha Hostettler) a confirm\u00e9 dans le Doubs sa bonne forme actuelle en r\u00e9alisant deux manches somptueuses remport\u00e9es avec brio. En reprenant 12 points \u00e0 Potisek, le Suisse retarde le sacre de MP32 et peut encore r\u00eaver bien qu\u2019il soit encore loin au classement. Malgr\u00e9 deux holeshots de C\u00e9dric Soubeyras (MM85 CBO Husqvarna), Guillod est parti dans le bon wagon \u00e0 deux reprises.<\/p>\n<p>En premi\u00e8re manche, il lui a fallu six tours pour trouver la faille sur Desprey pour s\u2019imposer. Au second d\u00e9part, il s\u2019est plac\u00e9 derri\u00e8re Potisek dans les premiers virages et a r\u00e9ussi \u00e0 trouver une ouverture \u00e0 la fin de la premi\u00e8re boucle. Si Potisek a longtemps mis la pression, il a l\u00e2cher dans les dernier tiers de la course. A tel point que Maxime Desprey a pu revenir et m\u00eame s\u2019emparer de la 2e position \u00e0 trois tours du drapeau \u00e0 damiers. D\u00e9j\u00e0 deuxi\u00e8me de la premi\u00e8re manche, le pilote GSM Dafy Michelin Yamaha se refait une sant\u00e9 en montant sur la deuxi\u00e8me marche du podium de l\u2019\u00e9preuve. Apr\u00e8s trois quatri\u00e8mes places, ces deux bonnes manches redonnent le sourire au Champion de France en titre.<\/p>\n<p><img decoding=\"async\" class=\"lazyload alignnone size-full wp-image-117579\" src=\"http:\/\/fr.motocrossmag.be\/wp-content\/uploads\/2022\/05\/IL_8913-700x467.jpg\" data-orig-src=\"http:\/\/fr.motocrossmag.be\/wp-content\/uploads\/2022\/05\/IL_8913-700x467.jpg\" alt=\"\" width=\"700\" height=\"467\" srcset=\"data:image\/svg+xml,%3Csvg%20xmlns%3D%27http%3A%2F%2Fwww.w3.org%2F2000%2Fsvg%27%20width%3D%27700%27%20height%3D%27467%27%20viewBox%3D%270%200%20700%20467%27%3E%3Crect%20width%3D%27700%27%20height%3D%27467%27%20fill-opacity%3D%220%22%2F%3E%3C%2Fsvg%3E\" data-srcset=\"https:\/\/fr.motocrossmag.be\/wp-content\/uploads\/2022\/05\/IL_8913-700x467-650x434.jpg 650w, https:\/\/fr.motocrossmag.be\/wp-content\/uploads\/2022\/05\/IL_8913-700x467.jpg 700w\" data-sizes=\"auto\" data-orig-sizes=\"(max-width: 700px) 100vw, 700px\" \/><\/p>\n<p>Milko Potisek se contente de la 3e place du jour. Moins \u00e0 l\u2019aise sur ce terrain cassant de La Versenne, il a pein\u00e9 \u00e0 trouver ses marques. Un premier d\u00e9part plut\u00f4t moyen l\u2019a contraint a rester 5e la premi\u00e8re moiti\u00e9 de course avant de se d\u00e9faire de Paturel (Honda SR Motoblouz). Une chute sans gravit\u00e9 dans le dernier tour alors qu\u2019il attaquait Soubeyras l\u2019a quelque peu refroidit. Bien dans le rythme en seconde, il s\u2019est \u00e9galement fait une frayeur et a pr\u00e9f\u00e9r\u00e9 assurer la fin de manche, permettant m\u00eame \u00e0 Desprey de passer. Il faut dire que la priorit\u00e9 du pilote Drag\u2019on Tek Yamaha est le titre. Il conserve 37 points d\u2019avance au championnat.<\/p>\n<p>C\u00e9dric Soubeyras se classe quatri\u00e8me avec deux excellents d\u00e9parts, et une premi\u00e8re course termin\u00e9e dans le Top 3 en r\u00e9sistant brillamment \u00e0 Potisek. Il s\u2019est ensuite vite positionn\u00e9 4e de l\u2019ultime course, avant que Paturel ne le passe. Mais ce dernier n\u2019a pu rallier la ligne d\u2019arriv\u00e9e, Soub franchit la ligne en 4e position. David Herbreteau (GasGas \u2013 6-6) compl\u00e8te le Top 5 avec deux courses tr\u00e8s consistantes.<\/p>\n","protected":false},"excerpt":{"rendered":"<p>L\u2019avant-derni\u00e8re \u00e9preuve des Championnats de France Elite et Junior s\u2019est d\u00e9roul\u00e9e ce dimanche \u00e0 Villars-sous-Ecot, dans le Doubs. Une fois de plus, ce 24MX Tour a \u00e9t\u00e9 intense, avec une [&#8230;]<\/p>\n","protected":false},"author":932,"featured_media":117580,"comment_status":"open","ping_status":"closed","sticky":false,"template":"","format":"standard","meta":{"footnotes":""},"categories":[54,4,5,55,56,65],"tags":[1877,306,947,572,522],"class_list":["post-117578","post","type-post","status-publish","format-standard","has-post-thumbnail","hentry","category-actualite","category-motocross","category-news","category-news-actualite","category-resultats","category-slideshow","tag-24mx-tour","tag-milko-potisek","tag-motocross","tag-valentin-guillod","tag-villars-sous-ecot"],"yoast_head":"<!-- This site is optimized with the Yoast SEO plugin v27.5 - https:\/\/yoast.com\/product\/yoast-seo-wordpress\/ -->\n<title>24MX Tour : Valentin Guillod retarde le sacre de Milko Potisek - Motocross - Enduro - Supermoto | MotocrossMag<\/title>\n<meta name=\"robots\" content=\"index, follow, max-snippet:-1, max-image-preview:large, max-video-preview:-1\" \/>\n<link rel=\"canonical\" href=\"https:\/\/fr.motocrossmag.be\/index.php\/2022\/05\/24mx-tour-valentin-guillod-retarde-le-sacre-de-milko-potisek\/\" \/>\n<meta property=\"og:locale\" content=\"fr_FR\" \/>\n<meta property=\"og:type\" content=\"article\" \/>\n<meta property=\"og:title\" content=\"24MX Tour : Valentin Guillod retarde le sacre de Milko Potisek - Motocross - Enduro - Supermoto | MotocrossMag\" \/>\n<meta property=\"og:description\" content=\"L\u2019avant-derni\u00e8re \u00e9preuve des Championnats de France Elite et Junior s\u2019est d\u00e9roul\u00e9e ce dimanche \u00e0 Villars-sous-Ecot, dans le Doubs. Une fois de plus, ce 24MX Tour a \u00e9t\u00e9 intense, avec une [...]\" \/>\n<meta property=\"og:url\" content=\"https:\/\/fr.motocrossmag.be\/index.php\/2022\/05\/24mx-tour-valentin-guillod-retarde-le-sacre-de-milko-potisek\/\" \/>\n<meta property=\"og:site_name\" content=\"Motocross - Enduro - Supermoto | MotocrossMag\" \/>\n<meta property=\"article:published_time\" content=\"2022-05-16T07:25:22+00:00\" \/>\n<meta property=\"og:image\" content=\"https:\/\/fr.motocrossmag.be\/wp-content\/uploads\/2022\/05\/guillod-villars.jpg\" \/>\n\t<meta property=\"og:image:width\" content=\"700\" \/>\n\t<meta property=\"og:image:height\" content=\"467\" \/>\n\t<meta property=\"og:image:type\" content=\"image\/jpeg\" \/>\n<meta name=\"author\" content=\"oliviere\" \/>\n<meta name=\"twitter:card\" content=\"summary_large_image\" \/>\n<meta name=\"twitter:label1\" content=\"\u00c9crit par\" \/>\n\t<meta name=\"twitter:data1\" content=\"oliviere\" \/>\n\t<meta name=\"twitter:label2\" content=\"Dur\u00e9e de lecture estim\u00e9e\" \/>\n\t<meta name=\"twitter:data2\" content=\"3 minutes\" \/>\n<script type=\"application\/ld+json\" class=\"yoast-schema-graph\">{\"@context\":\"https:\\\/\\\/schema.org\",\"@graph\":[{\"@type\":\"Article\",\"@id\":\"https:\\\/\\\/fr.motocrossmag.be\\\/index.php\\\/2022\\\/05\\\/24mx-tour-valentin-guillod-retarde-le-sacre-de-milko-potisek\\\/#article\",\"isPartOf\":{\"@id\":\"https:\\\/\\\/fr.motocrossmag.be\\\/index.php\\\/2022\\\/05\\\/24mx-tour-valentin-guillod-retarde-le-sacre-de-milko-potisek\\\/\"},\"author\":{\"name\":\"oliviere\",\"@id\":\"https:\\\/\\\/fr.motocrossmag.be\\\/#\\\/schema\\\/person\\\/11b47143d9f755babca2c9110e03235c\"},\"headline\":\"24MX Tour : Valentin Guillod retarde le sacre de Milko Potisek\",\"datePublished\":\"2022-05-16T07:25:22+00:00\",\"mainEntityOfPage\":{\"@id\":\"https:\\\/\\\/fr.motocrossmag.be\\\/index.php\\\/2022\\\/05\\\/24mx-tour-valentin-guillod-retarde-le-sacre-de-milko-potisek\\\/\"},\"wordCount\":530,\"commentCount\":0,\"image\":{\"@id\":\"https:\\\/\\\/fr.motocrossmag.be\\\/index.php\\\/2022\\\/05\\\/24mx-tour-valentin-guillod-retarde-le-sacre-de-milko-potisek\\\/#primaryimage\"},\"thumbnailUrl\":\"https:\\\/\\\/fr.motocrossmag.be\\\/wp-content\\\/uploads\\\/2022\\\/05\\\/guillod-villars.jpg\",\"keywords\":[\"24MX tour\",\"Milko Potisek\",\"Motocross\",\"valentin guillod\",\"villars sous ecot\"],\"articleSection\":[\"Actualit\u00e9\",\"Motocross\",\"News\",\"News\",\"R\u00e9sultats\",\"Slideshow\"],\"inLanguage\":\"fr-FR\",\"potentialAction\":[{\"@type\":\"CommentAction\",\"name\":\"Comment\",\"target\":[\"https:\\\/\\\/fr.motocrossmag.be\\\/index.php\\\/2022\\\/05\\\/24mx-tour-valentin-guillod-retarde-le-sacre-de-milko-potisek\\\/#respond\"]}]},{\"@type\":\"WebPage\",\"@id\":\"https:\\\/\\\/fr.motocrossmag.be\\\/index.php\\\/2022\\\/05\\\/24mx-tour-valentin-guillod-retarde-le-sacre-de-milko-potisek\\\/\",\"url\":\"https:\\\/\\\/fr.motocrossmag.be\\\/index.php\\\/2022\\\/05\\\/24mx-tour-valentin-guillod-retarde-le-sacre-de-milko-potisek\\\/\",\"name\":\"24MX Tour : Valentin Guillod retarde le sacre de Milko Potisek - Motocross - Enduro - Supermoto | MotocrossMag\",\"isPartOf\":{\"@id\":\"https:\\\/\\\/fr.motocrossmag.be\\\/#website\"},\"primaryImageOfPage\":{\"@id\":\"https:\\\/\\\/fr.motocrossmag.be\\\/index.php\\\/2022\\\/05\\\/24mx-tour-valentin-guillod-retarde-le-sacre-de-milko-potisek\\\/#primaryimage\"},\"image\":{\"@id\":\"https:\\\/\\\/fr.motocrossmag.be\\\/index.php\\\/2022\\\/05\\\/24mx-tour-valentin-guillod-retarde-le-sacre-de-milko-potisek\\\/#primaryimage\"},\"thumbnailUrl\":\"https:\\\/\\\/fr.motocrossmag.be\\\/wp-content\\\/uploads\\\/2022\\\/05\\\/guillod-villars.jpg\",\"datePublished\":\"2022-05-16T07:25:22+00:00\",\"author\":{\"@id\":\"https:\\\/\\\/fr.motocrossmag.be\\\/#\\\/schema\\\/person\\\/11b47143d9f755babca2c9110e03235c\"},\"breadcrumb\":{\"@id\":\"https:\\\/\\\/fr.motocrossmag.be\\\/index.php\\\/2022\\\/05\\\/24mx-tour-valentin-guillod-retarde-le-sacre-de-milko-potisek\\\/#breadcrumb\"},\"inLanguage\":\"fr-FR\",\"potentialAction\":[{\"@type\":\"ReadAction\",\"target\":[\"https:\\\/\\\/fr.motocrossmag.be\\\/index.php\\\/2022\\\/05\\\/24mx-tour-valentin-guillod-retarde-le-sacre-de-milko-potisek\\\/\"]}]},{\"@type\":\"ImageObject\",\"inLanguage\":\"fr-FR\",\"@id\":\"https:\\\/\\\/fr.motocrossmag.be\\\/index.php\\\/2022\\\/05\\\/24mx-tour-valentin-guillod-retarde-le-sacre-de-milko-potisek\\\/#primaryimage\",\"url\":\"https:\\\/\\\/fr.motocrossmag.be\\\/wp-content\\\/uploads\\\/2022\\\/05\\\/guillod-villars.jpg\",\"contentUrl\":\"https:\\\/\\\/fr.motocrossmag.be\\\/wp-content\\\/uploads\\\/2022\\\/05\\\/guillod-villars.jpg\",\"width\":\"700\",\"height\":\"467\"},{\"@type\":\"BreadcrumbList\",\"@id\":\"https:\\\/\\\/fr.motocrossmag.be\\\/index.php\\\/2022\\\/05\\\/24mx-tour-valentin-guillod-retarde-le-sacre-de-milko-potisek\\\/#breadcrumb\",\"itemListElement\":[{\"@type\":\"ListItem\",\"position\":1,\"name\":\"Accueil\",\"item\":\"https:\\\/\\\/fr.motocrossmag.be\\\/\"},{\"@type\":\"ListItem\",\"position\":2,\"name\":\"24MX Tour : Valentin Guillod retarde le sacre de Milko Potisek\"}]},{\"@type\":\"WebSite\",\"@id\":\"https:\\\/\\\/fr.motocrossmag.be\\\/#website\",\"url\":\"https:\\\/\\\/fr.motocrossmag.be\\\/\",\"name\":\"Motocross - Enduro - Supermoto | MotocrossMag\",\"description\":\"L&#039;actualit\u00e9 du motocross, de l&#039;enduro et du Supermoto en ligne!\",\"potentialAction\":[{\"@type\":\"SearchAction\",\"target\":{\"@type\":\"EntryPoint\",\"urlTemplate\":\"https:\\\/\\\/fr.motocrossmag.be\\\/?s={search_term_string}\"},\"query-input\":{\"@type\":\"PropertyValueSpecification\",\"valueRequired\":true,\"valueName\":\"search_term_string\"}}],\"inLanguage\":\"fr-FR\"},{\"@type\":\"Person\",\"@id\":\"https:\\\/\\\/fr.motocrossmag.be\\\/#\\\/schema\\\/person\\\/11b47143d9f755babca2c9110e03235c\",\"name\":\"oliviere\",\"image\":{\"@type\":\"ImageObject\",\"inLanguage\":\"fr-FR\",\"@id\":\"https:\\\/\\\/secure.gravatar.com\\\/avatar\\\/907069e0b81d119452040469e4a7501da1100f54f7f80180ce77bfab718288f6?s=96&d=mm&r=g\",\"url\":\"https:\\\/\\\/secure.gravatar.com\\\/avatar\\\/907069e0b81d119452040469e4a7501da1100f54f7f80180ce77bfab718288f6?s=96&d=mm&r=g\",\"contentUrl\":\"https:\\\/\\\/secure.gravatar.com\\\/avatar\\\/907069e0b81d119452040469e4a7501da1100f54f7f80180ce77bfab718288f6?s=96&d=mm&r=g\",\"caption\":\"oliviere\"},\"sameAs\":[\"http:\\\/\\\/www.motocrossmag.be\"],\"url\":\"https:\\\/\\\/fr.motocrossmag.be\\\/index.php\\\/author\\\/oliviere\\\/\"}]}<\/script>\n<!-- \/ Yoast SEO plugin. -->","yoast_head_json":{"title":"24MX Tour : Valentin Guillod retarde le sacre de Milko Potisek - Motocross - Enduro - Supermoto | MotocrossMag","robots":{"index":"index","follow":"follow","max-snippet":"max-snippet:-1","max-image-preview":"max-image-preview:large","max-video-preview":"max-video-preview:-1"},"canonical":"https:\/\/fr.motocrossmag.be\/index.php\/2022\/05\/24mx-tour-valentin-guillod-retarde-le-sacre-de-milko-potisek\/","og_locale":"fr_FR","og_type":"article","og_title":"24MX Tour : Valentin Guillod retarde le sacre de Milko Potisek - Motocross - Enduro - Supermoto | MotocrossMag","og_description":"L\u2019avant-derni\u00e8re \u00e9preuve des Championnats de France Elite et Junior s\u2019est d\u00e9roul\u00e9e ce dimanche \u00e0 Villars-sous-Ecot, dans le Doubs. Une fois de plus, ce 24MX Tour a \u00e9t\u00e9 intense, avec une [...]","og_url":"https:\/\/fr.motocrossmag.be\/index.php\/2022\/05\/24mx-tour-valentin-guillod-retarde-le-sacre-de-milko-potisek\/","og_site_name":"Motocross - Enduro - Supermoto | MotocrossMag","article_published_time":"2022-05-16T07:25:22+00:00","og_image":[{"width":700,"height":467,"url":"https:\/\/fr.motocrossmag.be\/wp-content\/uploads\/2022\/05\/guillod-villars.jpg","type":"image\/jpeg"}],"author":"oliviere","twitter_card":"summary_large_image","twitter_misc":{"\u00c9crit par":"oliviere","Dur\u00e9e de lecture estim\u00e9e":"3 minutes"},"schema":{"@context":"https:\/\/schema.org","@graph":[{"@type":"Article","@id":"https:\/\/fr.motocrossmag.be\/index.php\/2022\/05\/24mx-tour-valentin-guillod-retarde-le-sacre-de-milko-potisek\/#article","isPartOf":{"@id":"https:\/\/fr.motocrossmag.be\/index.php\/2022\/05\/24mx-tour-valentin-guillod-retarde-le-sacre-de-milko-potisek\/"},"author":{"name":"oliviere","@id":"https:\/\/fr.motocrossmag.be\/#\/schema\/person\/11b47143d9f755babca2c9110e03235c"},"headline":"24MX Tour : Valentin Guillod retarde le sacre de Milko Potisek","datePublished":"2022-05-16T07:25:22+00:00","mainEntityOfPage":{"@id":"https:\/\/fr.motocrossmag.be\/index.php\/2022\/05\/24mx-tour-valentin-guillod-retarde-le-sacre-de-milko-potisek\/"},"wordCount":530,"commentCount":0,"image":{"@id":"https:\/\/fr.motocrossmag.be\/index.php\/2022\/05\/24mx-tour-valentin-guillod-retarde-le-sacre-de-milko-potisek\/#primaryimage"},"thumbnailUrl":"https:\/\/fr.motocrossmag.be\/wp-content\/uploads\/2022\/05\/guillod-villars.jpg","keywords":["24MX tour","Milko Potisek","Motocross","valentin guillod","villars sous ecot"],"articleSection":["Actualit\u00e9","Motocross","News","News","R\u00e9sultats","Slideshow"],"inLanguage":"fr-FR","potentialAction":[{"@type":"CommentAction","name":"Comment","target":["https:\/\/fr.motocrossmag.be\/index.php\/2022\/05\/24mx-tour-valentin-guillod-retarde-le-sacre-de-milko-potisek\/#respond"]}]},{"@type":"WebPage","@id":"https:\/\/fr.motocrossmag.be\/index.php\/2022\/05\/24mx-tour-valentin-guillod-retarde-le-sacre-de-milko-potisek\/","url":"https:\/\/fr.motocrossmag.be\/index.php\/2022\/05\/24mx-tour-valentin-guillod-retarde-le-sacre-de-milko-potisek\/","name":"24MX Tour : Valentin Guillod retarde le sacre de Milko Potisek - Motocross - Enduro - Supermoto | MotocrossMag","isPartOf":{"@id":"https:\/\/fr.motocrossmag.be\/#website"},"primaryImageOfPage":{"@id":"https:\/\/fr.motocrossmag.be\/index.php\/2022\/05\/24mx-tour-valentin-guillod-retarde-le-sacre-de-milko-potisek\/#primaryimage"},"image":{"@id":"https:\/\/fr.motocrossmag.be\/index.php\/2022\/05\/24mx-tour-valentin-guillod-retarde-le-sacre-de-milko-potisek\/#primaryimage"},"thumbnailUrl":"https:\/\/fr.motocrossmag.be\/wp-content\/uploads\/2022\/05\/guillod-villars.jpg","datePublished":"2022-05-16T07:25:22+00:00","author":{"@id":"https:\/\/fr.motocrossmag.be\/#\/schema\/person\/11b47143d9f755babca2c9110e03235c"},"breadcrumb":{"@id":"https:\/\/fr.motocrossmag.be\/index.php\/2022\/05\/24mx-tour-valentin-guillod-retarde-le-sacre-de-milko-potisek\/#breadcrumb"},"inLanguage":"fr-FR","potentialAction":[{"@type":"ReadAction","target":["https:\/\/fr.motocrossmag.be\/index.php\/2022\/05\/24mx-tour-valentin-guillod-retarde-le-sacre-de-milko-potisek\/"]}]},{"@type":"ImageObject","inLanguage":"fr-FR","@id":"https:\/\/fr.motocrossmag.be\/index.php\/2022\/05\/24mx-tour-valentin-guillod-retarde-le-sacre-de-milko-potisek\/#primaryimage","url":"https:\/\/fr.motocrossmag.be\/wp-content\/uploads\/2022\/05\/guillod-villars.jpg","contentUrl":"https:\/\/fr.motocrossmag.be\/wp-content\/uploads\/2022\/05\/guillod-villars.jpg","width":"700","height":"467"},{"@type":"BreadcrumbList","@id":"https:\/\/fr.motocrossmag.be\/index.php\/2022\/05\/24mx-tour-valentin-guillod-retarde-le-sacre-de-milko-potisek\/#breadcrumb","itemListElement":[{"@type":"ListItem","position":1,"name":"Accueil","item":"https:\/\/fr.motocrossmag.be\/"},{"@type":"ListItem","position":2,"name":"24MX Tour : Valentin Guillod retarde le sacre de Milko Potisek"}]},{"@type":"WebSite","@id":"https:\/\/fr.motocrossmag.be\/#website","url":"https:\/\/fr.motocrossmag.be\/","name":"Motocross - Enduro - Supermoto | MotocrossMag","description":"L&#039;actualit\u00e9 du motocross, de l&#039;enduro et du Supermoto en ligne!","potentialAction":[{"@type":"SearchAction","target":{"@type":"EntryPoint","urlTemplate":"https:\/\/fr.motocrossmag.be\/?s={search_term_string}"},"query-input":{"@type":"PropertyValueSpecification","valueRequired":true,"valueName":"search_term_string"}}],"inLanguage":"fr-FR"},{"@type":"Person","@id":"https:\/\/fr.motocrossmag.be\/#\/schema\/person\/11b47143d9f755babca2c9110e03235c","name":"oliviere","image":{"@type":"ImageObject","inLanguage":"fr-FR","@id":"https:\/\/secure.gravatar.com\/avatar\/907069e0b81d119452040469e4a7501da1100f54f7f80180ce77bfab718288f6?s=96&d=mm&r=g","url":"https:\/\/secure.gravatar.com\/avatar\/907069e0b81d119452040469e4a7501da1100f54f7f80180ce77bfab718288f6?s=96&d=mm&r=g","contentUrl":"https:\/\/secure.gravatar.com\/avatar\/907069e0b81d119452040469e4a7501da1100f54f7f80180ce77bfab718288f6?s=96&d=mm&r=g","caption":"oliviere"},"sameAs":["http:\/\/www.motocrossmag.be"],"url":"https:\/\/fr.motocrossmag.be\/index.php\/author\/oliviere\/"}]}},"_links":{"self":[{"href":"https:\/\/fr.motocrossmag.be\/index.php\/wp-json\/wp\/v2\/posts\/117578","targetHints":{"allow":["GET"]}}],"collection":[{"href":"https:\/\/fr.motocrossmag.be\/index.php\/wp-json\/wp\/v2\/posts"}],"about":[{"href":"https:\/\/fr.motocrossmag.be\/index.php\/wp-json\/wp\/v2\/types\/post"}],"author":[{"embeddable":true,"href":"https:\/\/fr.motocrossmag.be\/index.php\/wp-json\/wp\/v2\/users\/932"}],"replies":[{"embeddable":true,"href":"https:\/\/fr.motocrossmag.be\/index.php\/wp-json\/wp\/v2\/comments?post=117578"}],"version-history":[{"count":0,"href":"https:\/\/fr.motocrossmag.be\/index.php\/wp-json\/wp\/v2\/posts\/117578\/revisions"}],"wp:featuredmedia":[{"embeddable":true,"href":"https:\/\/fr.motocrossmag.be\/index.php\/wp-json\/wp\/v2\/media\/117580"}],"wp:attachment":[{"href":"https:\/\/fr.motocrossmag.be\/index.php\/wp-json\/wp\/v2\/media?parent=117578"}],"wp:term":[{"taxonomy":"category","embeddable":true,"href":"https:\/\/fr.motocrossmag.be\/index.php\/wp-json\/wp\/v2\/categories?post=117578"},{"taxonomy":"post_tag","embeddable":true,"href":"https:\/\/fr.motocrossmag.be\/index.php\/wp-json\/wp\/v2\/tags?post=117578"}],"curies":[{"name":"wp","href":"https:\/\/api.w.org\/{rel}","templated":true}]}}