{"id":117643,"date":"2022-05-16T23:03:33","date_gmt":"2022-05-16T21:03:33","guid":{"rendered":"http:\/\/fr.motocrossmag.be\/?p=117643"},"modified":"2022-05-16T23:03:33","modified_gmt":"2022-05-16T21:03:33","slug":"emx250-a-riola-sardo-nouveau-podium-pour-lucas-coenen","status":"publish","type":"post","link":"https:\/\/fr.motocrossmag.be\/index.php\/2022\/05\/emx250-a-riola-sardo-nouveau-podium-pour-lucas-coenen\/","title":{"rendered":"EMX250 \u00e0 Riola Sardo : nouveau podium pour Lucas Coenen"},"content":{"rendered":"<p><strong>Riola Sardo \u00e9tait le th\u00e9\u00e2tre ce week-end de la 4\u00e8me \u00e9preuve du championnat d&rsquo;Europe EMX250. Vainqueur en premi\u00e8re manche devant Andrea Bonacorsi, Rick Elzinga devait se contenter de la 3\u00e8me place dans la seconde et laissait la victoire \u00e0 l&rsquo;Italien Bonacorsi alors que le leader du classement provisoire Cornelius Toendel se contente de la 5\u00e8me place. Il voit revenir Elzinga \u00e0 4 points au championnat avant d&rsquo;arriver en France sur la piste d&rsquo;Ern\u00e9e les 4 et 5 juin prochains.<\/strong><\/p>\n<p>Alors que son fr\u00e8re Sacha n&rsquo;est pas encore remis de la blessure encourue au d\u00e9part de la premi\u00e8re manche de Maggiora, Lucas Coenen monte une nouvelle fois sur le podium apr\u00e8s avoir pris une 4\u00e8me puis une deuxi\u00e8me places dans les manches. Il se hisse dans le top-5 au classement provisoire.<\/p>\n<p><span style=\"color: #800000;\"><strong>R\u00e9sultats<\/strong><\/span><\/p>\n<p>MANCHE 1<\/p>\n<p>1. Rick Elzinga (NED, Yamaha), 29:14.520; 2. Andrea Bonacorsi (ITA, Yamaha), +0:01.362; 3. Dave Kooiker (NED, Yamaha), +0:03.346; <strong>4. Lucas Coenen (BEL, Husqvarna), +0:06.277<\/strong>; 5. Quentin Marc Prugnieres (FRA, Kawasaki), +0:16.788; 6. Jorgen-Matthias Talviku (EST, KTM), +0:19.083; 7. Cornelius Toendel (NOR, Fantic), +0:31.430; 8. Cas Valk (NED, Fantic), +0:35.127; 9. Mike Gwerder (SUI, KTM), +0:40.213; 10. Haakon Osterhagen (NOR, Fantic), +0:41.005; 11. Maximilian Spies (GER, KTM), +0:59.546; 12. Paolo Lugana (ITA, KTM), +1:05.482; 13. Camden Mc Lellan (RSA, KTM), +1:09.507; 14. Arvid L\u00fcning (SWE, GASGAS), +1:12.233; 15. Federico Tuani (ITA, GASGAS), +1:16.697; <strong>16. Wesly Dieudonne (BEL, KTM), +1:19.318<\/strong>; 17. Yago Martinez (ESP, KTM), +1:20.722; 18. Andrea Rossi (ITA, Husqvarna), +1:22.266; 19. Lorenzo Ciabatti (ITA, KTM), +1:23.752; 20. Pietro Razzini (ITA, Husqvarna), +1:27.626; 21. Eddie Wade (ESP, Kawasaki), +1:35.849; 22. David Braceras (ESP, KTM), +1:47.068; 23. Kjeld Stuurman (NED, GASGAS), +2:01.715; 24. Eugenio Barbaglia (ITA, KTM), +2:04.088; 25. Victor Voxen Kleemann (DEN, Honda), -1 lap(s); 26. Mattia Dusi (ITA, Yamaha), -1 lap(s); 27. Dario Calugi (ITA, KTM), -1 lap(s); 28. Kelton Gwyther (GBR, KTM), -2 lap(s); 29. Marcel Conijn (NED, KTM), -4 lap(s); 30. Meico Vettik (EST, KTM), -11 lap(s);<\/p>\n<p>MANCHE 2<\/p>\n<p>1. Andrea Bonacorsi (ITA, Yamaha), 29:50.851; <strong>2. Lucas Coenen (BEL, Husqvarna), +0:01.837<\/strong>; 3. Rick Elzinga (NED, Yamaha), +0:13.025; 4. Cornelius Toendel (NOR, Fantic), +0:40.930; 5. Cas Valk (NED, Fantic), +0:42.264; 6. Quentin Marc Prugnieres (FRA, Kawasaki), +0:51.157; 7. Dave Kooiker (NED, Yamaha), +0:54.387; 8. Mike Gwerder (SUI, KTM), +1:07.293; 9. Camden Mc Lellan (RSA, KTM), +1:11.455; 10. Jorgen-Matthias Talviku (EST, KTM), +1:13.078; 11. Maximilian Spies (GER, KTM), +1:18.519; 12. Haakon Osterhagen (NOR, Fantic), +1:29.706; 13. David Braceras (ESP, KTM), +1:30.942; 14. Marcel Conijn (NED, KTM), +1:31.416; <strong>15. Wesly Dieudonne (BEL, KTM), +1:35.940<\/strong>; 16. Federico Tuani (ITA, GASGAS), +1:43.343; 17. Lorenzo Ciabatti (ITA, KTM), +1:50.257; 18. Paolo Lugana (ITA, KTM), +2:00.550; 19. Eddie Wade (ESP, Kawasaki), +2:04.530; 20. Eugenio Barbaglia (ITA, KTM), +2:06.463; 21. Arvid L\u00fcning (SWE, GASGAS), -1 lap(s); 22. Andrea Rossi (ITA, Husqvarna), -1 lap(s); 23. Pietro Razzini (ITA, Husqvarna), -1 lap(s); 24. Yago Martinez (ESP, KTM), -1 lap(s); 25. Kjeld Stuurman (NED, GASGAS), -1 lap(s); 26. Mattia Dusi (ITA, Yamaha), -1 lap(s); 27. Kelton Gwyther (GBR, KTM), -2 lap(s); 28. Meico Vettik (EST, KTM), -6 lap(s); 29. Dario Calugi (ITA, KTM), -7 lap(s); 30. Victor Voxen Kleemann (DEN, Honda), -8 lap(s);<\/p>\n<p>CLASSEMENT GENERAL EMX250<\/p>\n<p>1. Andrea Bonacorsi (ITA, YAM), 47 points; 2. Rick Elzinga (NED, YAM), 45 p.; <strong>3. Lucas Coenen (BEL, HUS), 40 p.<\/strong>; 4. Dave Kooiker (NED, YAM), 34 p.; 5. Cornelius Toendel (NOR, FAN), 32 p.; 6. Quentin Marc Prugnieres (FRA, KAW), 31 p.; 7. Cas Valk (NED, FAN), 29 p.; 8. Jorgen-Matthias Talviku (EST, KTM), 26 p.; 9. Mike Gwerder (SUI, KTM), 25 p.; 10. Camden Mc Lellan (RSA, KTM), 20 p.; 11. Maximilian Spies (GER, KTM), 20 p.; 12. Haakon Osterhagen (NOR, FAN), 20 p.; 13. Paolo Lugana (ITA, KTM), 12 p.; <strong>14. Wesly Dieudonne (BEL, KTM), 11 p.;<\/strong> 15. Federico Tuani (ITA, GAS), 11 p.; 16. David Braceras (ESP, KTM), 8 p.; 17. Marcel Conijn (NED, KTM), 7 p.; 18. Arvid L\u00fcning (SWE, GAS), 7 p.; 19. Lorenzo Ciabatti (ITA, KTM), 6 p.; 20. Yago Martinez (ESP, KTM), 4 p.; 21. Andrea Rossi (ITA, HUS), 3 p.; 22. Eddie Wade (ESP, KAW), 2 p.; 23. Eugenio Barbaglia (ITA, KTM), 1 p.; 24. Pietro Razzini (ITA, HUS), 1 p.; 25. Kjeld Stuurman (NED, GAS), 0 p.; 26. Mattia Dusi (ITA, YAM), 0 p.; 27. Kelton Gwyther (GBR, KTM), 0 p.; 28. Meico Vettik (EST, KTM), 0 p.; 29. Dario Calugi (ITA, KTM), 0 p.; 30. Victor Voxen Kleemann (DEN, HON), 0 p.;<\/p>\n<p>CLASSEMENT PROVISOIRE EMX250<\/p>\n<p>1. Cornelius Toendel (NOR, FAN), 156 points; 2. Rick Elzinga (NED, YAM), 152 p.; 3. Haakon Osterhagen (NOR, FAN), 112 p.; 4. Andrea Bonacorsi (ITA, YAM), 108 p.; <strong>5. Lucas Coenen (BEL, HUS), 108 p.<\/strong>; 6. Camden Mc Lellan (RSA, KTM), 100 p.; 7. David Braceras (ESP, KTM), 85 p.; 8. Quentin Marc Prugnieres (FRA, KAW), 81 p.; 9. Jorgen-Matthias Talviku (EST, KTM), 77 p.; 10. Meico Vettik (EST, KTM), 68 p.; 11. Mike Gwerder (SUI, KTM), 66 p.; 12. Maximilian Spies (GER, KTM), 64 p.; 13. Oriol Oliver (ESP, KTM), 62 p.; 14. Marcel Stauffer (AUT, KTM), 60 p.; 15. Paolo Lugana (ITA, KTM), 56 p.; 16. Dave Kooiker (NED, YAM), 55 p.; 17. Yago Martinez (ESP, KTM), 54 p.; 18. Eddie Wade (ESP, KAW), 40 p.; 19. Lorenzo Ciabatti (ITA, KTM), 36 p.; 20. Cas Valk (NED, FAN), 29 p.; 21. Guillem Farres (ESP, GAS), 28 p.; 22. Federico Tuani (ITA, GAS), 28 p.; 23. Raf Meuwissen (NED, KTM), 28 p.; 24. Andrea Rossi (ITA, HUS), 19 p.; 25. Gerard Congost (ESP, KTM), 18 p.; <strong>26. Wesly Dieudonne (BEL, KTM), 16 p.<\/strong>; 27. Max Palsson (SWE, KTM), 11 p.; 28. Joel Rizzi (GBR, YAM), 10 p.; 29. Marcel Conijn (NED, KTM), 10 p.; 30. Arvid L\u00fcning (SWE, GAS), 7 p.; 31. Sander Agard-Michelsen (NOR, YAM), 5 p.; 32. Mairis Pumpurs (LAT, YAM), 4 p.; 33. Valerio Lata (ITA, KTM), 3 p.; 34. Francesco Bassi (ITA, KTM), 3 p.; <strong>35. Sacha Coenen (BEL, HUS), 2 p.<\/strong>; 36. Mario Tamai (ITA, GAS), 2 p.; 37. Eugenio Barbaglia (ITA, KTM), 1 p.; 38. Pietro Razzini (ITA, HUS), 1 p.; 39. Andrea Viano (ITA, HUS), 1 p.; 40. Jens Walvoort (NED, KTM), 1 p.; 41. Tommaso Sarasso (ITA, KTM), 1 p.;<\/p>\n<p>&nbsp;<\/p>\n","protected":false},"excerpt":{"rendered":"<p>Riola Sardo \u00e9tait le th\u00e9\u00e2tre ce week-end de la 4\u00e8me \u00e9preuve du championnat d&rsquo;Europe EMX250. Vainqueur en premi\u00e8re manche devant Andrea Bonacorsi, Rick Elzinga devait se contenter de la 3\u00e8me [&#8230;]<\/p>\n","protected":false},"author":932,"featured_media":117644,"comment_status":"open","ping_status":"closed","sticky":false,"template":"","format":"standard","meta":{"footnotes":""},"categories":[54,4,5,55,56,65],"tags":[562,1265,947,723],"class_list":["post-117643","post","type-post","status-publish","format-standard","has-post-thumbnail","hentry","category-actualite","category-motocross","category-news","category-news-actualite","category-resultats","category-slideshow","tag-emx250","tag-lucas-coenen","tag-motocross","tag-riola-sardo"],"yoast_head":"<!-- This site is optimized with the Yoast SEO plugin v27.5 - https:\/\/yoast.com\/product\/yoast-seo-wordpress\/ -->\n<title>EMX250 \u00e0 Riola Sardo : nouveau podium pour Lucas Coenen - Motocross - Enduro - Supermoto | MotocrossMag<\/title>\n<meta name=\"robots\" content=\"index, follow, max-snippet:-1, max-image-preview:large, max-video-preview:-1\" \/>\n<link rel=\"canonical\" href=\"https:\/\/fr.motocrossmag.be\/index.php\/2022\/05\/emx250-a-riola-sardo-nouveau-podium-pour-lucas-coenen\/\" \/>\n<meta property=\"og:locale\" content=\"fr_FR\" \/>\n<meta property=\"og:type\" content=\"article\" \/>\n<meta property=\"og:title\" content=\"EMX250 \u00e0 Riola Sardo : nouveau podium pour Lucas Coenen - Motocross - Enduro - Supermoto | MotocrossMag\" \/>\n<meta property=\"og:description\" content=\"Riola Sardo \u00e9tait le th\u00e9\u00e2tre ce week-end de la 4\u00e8me \u00e9preuve du championnat d&rsquo;Europe EMX250. Vainqueur en premi\u00e8re manche devant Andrea Bonacorsi, Rick Elzinga devait se contenter de la 3\u00e8me [...]\" \/>\n<meta property=\"og:url\" content=\"https:\/\/fr.motocrossmag.be\/index.php\/2022\/05\/emx250-a-riola-sardo-nouveau-podium-pour-lucas-coenen\/\" \/>\n<meta property=\"og:site_name\" content=\"Motocross - Enduro - Supermoto | MotocrossMag\" \/>\n<meta property=\"article:published_time\" content=\"2022-05-16T21:03:33+00:00\" \/>\n<meta property=\"og:image\" content=\"https:\/\/fr.motocrossmag.be\/wp-content\/uploads\/2022\/05\/lucas-coenen-riola-sardo.jpg\" \/>\n\t<meta property=\"og:image:width\" content=\"1000\" \/>\n\t<meta property=\"og:image:height\" content=\"666\" \/>\n\t<meta property=\"og:image:type\" content=\"image\/jpeg\" \/>\n<meta name=\"author\" content=\"oliviere\" \/>\n<meta name=\"twitter:card\" content=\"summary_large_image\" \/>\n<meta name=\"twitter:label1\" content=\"\u00c9crit par\" \/>\n\t<meta name=\"twitter:data1\" content=\"oliviere\" \/>\n\t<meta name=\"twitter:label2\" content=\"Dur\u00e9e de lecture estim\u00e9e\" \/>\n\t<meta name=\"twitter:data2\" content=\"4 minutes\" \/>\n<script type=\"application\/ld+json\" class=\"yoast-schema-graph\">{\"@context\":\"https:\\\/\\\/schema.org\",\"@graph\":[{\"@type\":\"Article\",\"@id\":\"https:\\\/\\\/fr.motocrossmag.be\\\/index.php\\\/2022\\\/05\\\/emx250-a-riola-sardo-nouveau-podium-pour-lucas-coenen\\\/#article\",\"isPartOf\":{\"@id\":\"https:\\\/\\\/fr.motocrossmag.be\\\/index.php\\\/2022\\\/05\\\/emx250-a-riola-sardo-nouveau-podium-pour-lucas-coenen\\\/\"},\"author\":{\"name\":\"oliviere\",\"@id\":\"https:\\\/\\\/fr.motocrossmag.be\\\/#\\\/schema\\\/person\\\/11b47143d9f755babca2c9110e03235c\"},\"headline\":\"EMX250 \u00e0 Riola Sardo : nouveau podium pour Lucas Coenen\",\"datePublished\":\"2022-05-16T21:03:33+00:00\",\"mainEntityOfPage\":{\"@id\":\"https:\\\/\\\/fr.motocrossmag.be\\\/index.php\\\/2022\\\/05\\\/emx250-a-riola-sardo-nouveau-podium-pour-lucas-coenen\\\/\"},\"wordCount\":815,\"commentCount\":0,\"image\":{\"@id\":\"https:\\\/\\\/fr.motocrossmag.be\\\/index.php\\\/2022\\\/05\\\/emx250-a-riola-sardo-nouveau-podium-pour-lucas-coenen\\\/#primaryimage\"},\"thumbnailUrl\":\"https:\\\/\\\/fr.motocrossmag.be\\\/wp-content\\\/uploads\\\/2022\\\/05\\\/lucas-coenen-riola-sardo.jpg\",\"keywords\":[\"emx250\",\"lucas coenen\",\"Motocross\",\"riola sardo\"],\"articleSection\":[\"Actualit\u00e9\",\"Motocross\",\"News\",\"News\",\"R\u00e9sultats\",\"Slideshow\"],\"inLanguage\":\"fr-FR\",\"potentialAction\":[{\"@type\":\"CommentAction\",\"name\":\"Comment\",\"target\":[\"https:\\\/\\\/fr.motocrossmag.be\\\/index.php\\\/2022\\\/05\\\/emx250-a-riola-sardo-nouveau-podium-pour-lucas-coenen\\\/#respond\"]}]},{\"@type\":\"WebPage\",\"@id\":\"https:\\\/\\\/fr.motocrossmag.be\\\/index.php\\\/2022\\\/05\\\/emx250-a-riola-sardo-nouveau-podium-pour-lucas-coenen\\\/\",\"url\":\"https:\\\/\\\/fr.motocrossmag.be\\\/index.php\\\/2022\\\/05\\\/emx250-a-riola-sardo-nouveau-podium-pour-lucas-coenen\\\/\",\"name\":\"EMX250 \u00e0 Riola Sardo : nouveau podium pour Lucas Coenen - Motocross - Enduro - Supermoto | MotocrossMag\",\"isPartOf\":{\"@id\":\"https:\\\/\\\/fr.motocrossmag.be\\\/#website\"},\"primaryImageOfPage\":{\"@id\":\"https:\\\/\\\/fr.motocrossmag.be\\\/index.php\\\/2022\\\/05\\\/emx250-a-riola-sardo-nouveau-podium-pour-lucas-coenen\\\/#primaryimage\"},\"image\":{\"@id\":\"https:\\\/\\\/fr.motocrossmag.be\\\/index.php\\\/2022\\\/05\\\/emx250-a-riola-sardo-nouveau-podium-pour-lucas-coenen\\\/#primaryimage\"},\"thumbnailUrl\":\"https:\\\/\\\/fr.motocrossmag.be\\\/wp-content\\\/uploads\\\/2022\\\/05\\\/lucas-coenen-riola-sardo.jpg\",\"datePublished\":\"2022-05-16T21:03:33+00:00\",\"author\":{\"@id\":\"https:\\\/\\\/fr.motocrossmag.be\\\/#\\\/schema\\\/person\\\/11b47143d9f755babca2c9110e03235c\"},\"breadcrumb\":{\"@id\":\"https:\\\/\\\/fr.motocrossmag.be\\\/index.php\\\/2022\\\/05\\\/emx250-a-riola-sardo-nouveau-podium-pour-lucas-coenen\\\/#breadcrumb\"},\"inLanguage\":\"fr-FR\",\"potentialAction\":[{\"@type\":\"ReadAction\",\"target\":[\"https:\\\/\\\/fr.motocrossmag.be\\\/index.php\\\/2022\\\/05\\\/emx250-a-riola-sardo-nouveau-podium-pour-lucas-coenen\\\/\"]}]},{\"@type\":\"ImageObject\",\"inLanguage\":\"fr-FR\",\"@id\":\"https:\\\/\\\/fr.motocrossmag.be\\\/index.php\\\/2022\\\/05\\\/emx250-a-riola-sardo-nouveau-podium-pour-lucas-coenen\\\/#primaryimage\",\"url\":\"https:\\\/\\\/fr.motocrossmag.be\\\/wp-content\\\/uploads\\\/2022\\\/05\\\/lucas-coenen-riola-sardo.jpg\",\"contentUrl\":\"https:\\\/\\\/fr.motocrossmag.be\\\/wp-content\\\/uploads\\\/2022\\\/05\\\/lucas-coenen-riola-sardo.jpg\",\"width\":\"1000\",\"height\":\"666\"},{\"@type\":\"BreadcrumbList\",\"@id\":\"https:\\\/\\\/fr.motocrossmag.be\\\/index.php\\\/2022\\\/05\\\/emx250-a-riola-sardo-nouveau-podium-pour-lucas-coenen\\\/#breadcrumb\",\"itemListElement\":[{\"@type\":\"ListItem\",\"position\":1,\"name\":\"Accueil\",\"item\":\"https:\\\/\\\/fr.motocrossmag.be\\\/\"},{\"@type\":\"ListItem\",\"position\":2,\"name\":\"EMX250 \u00e0 Riola Sardo : nouveau podium pour Lucas Coenen\"}]},{\"@type\":\"WebSite\",\"@id\":\"https:\\\/\\\/fr.motocrossmag.be\\\/#website\",\"url\":\"https:\\\/\\\/fr.motocrossmag.be\\\/\",\"name\":\"Motocross - Enduro - Supermoto | MotocrossMag\",\"description\":\"L&#039;actualit\u00e9 du motocross, de l&#039;enduro et du Supermoto en ligne!\",\"potentialAction\":[{\"@type\":\"SearchAction\",\"target\":{\"@type\":\"EntryPoint\",\"urlTemplate\":\"https:\\\/\\\/fr.motocrossmag.be\\\/?s={search_term_string}\"},\"query-input\":{\"@type\":\"PropertyValueSpecification\",\"valueRequired\":true,\"valueName\":\"search_term_string\"}}],\"inLanguage\":\"fr-FR\"},{\"@type\":\"Person\",\"@id\":\"https:\\\/\\\/fr.motocrossmag.be\\\/#\\\/schema\\\/person\\\/11b47143d9f755babca2c9110e03235c\",\"name\":\"oliviere\",\"image\":{\"@type\":\"ImageObject\",\"inLanguage\":\"fr-FR\",\"@id\":\"https:\\\/\\\/secure.gravatar.com\\\/avatar\\\/907069e0b81d119452040469e4a7501da1100f54f7f80180ce77bfab718288f6?s=96&d=mm&r=g\",\"url\":\"https:\\\/\\\/secure.gravatar.com\\\/avatar\\\/907069e0b81d119452040469e4a7501da1100f54f7f80180ce77bfab718288f6?s=96&d=mm&r=g\",\"contentUrl\":\"https:\\\/\\\/secure.gravatar.com\\\/avatar\\\/907069e0b81d119452040469e4a7501da1100f54f7f80180ce77bfab718288f6?s=96&d=mm&r=g\",\"caption\":\"oliviere\"},\"sameAs\":[\"http:\\\/\\\/www.motocrossmag.be\"],\"url\":\"https:\\\/\\\/fr.motocrossmag.be\\\/index.php\\\/author\\\/oliviere\\\/\"}]}<\/script>\n<!-- \/ Yoast SEO plugin. -->","yoast_head_json":{"title":"EMX250 \u00e0 Riola Sardo : nouveau podium pour Lucas Coenen - Motocross - Enduro - Supermoto | MotocrossMag","robots":{"index":"index","follow":"follow","max-snippet":"max-snippet:-1","max-image-preview":"max-image-preview:large","max-video-preview":"max-video-preview:-1"},"canonical":"https:\/\/fr.motocrossmag.be\/index.php\/2022\/05\/emx250-a-riola-sardo-nouveau-podium-pour-lucas-coenen\/","og_locale":"fr_FR","og_type":"article","og_title":"EMX250 \u00e0 Riola Sardo : nouveau podium pour Lucas Coenen - Motocross - Enduro - Supermoto | MotocrossMag","og_description":"Riola Sardo \u00e9tait le th\u00e9\u00e2tre ce week-end de la 4\u00e8me \u00e9preuve du championnat d&rsquo;Europe EMX250. Vainqueur en premi\u00e8re manche devant Andrea Bonacorsi, Rick Elzinga devait se contenter de la 3\u00e8me [...]","og_url":"https:\/\/fr.motocrossmag.be\/index.php\/2022\/05\/emx250-a-riola-sardo-nouveau-podium-pour-lucas-coenen\/","og_site_name":"Motocross - Enduro - Supermoto | MotocrossMag","article_published_time":"2022-05-16T21:03:33+00:00","og_image":[{"width":1000,"height":666,"url":"https:\/\/fr.motocrossmag.be\/wp-content\/uploads\/2022\/05\/lucas-coenen-riola-sardo.jpg","type":"image\/jpeg"}],"author":"oliviere","twitter_card":"summary_large_image","twitter_misc":{"\u00c9crit par":"oliviere","Dur\u00e9e de lecture estim\u00e9e":"4 minutes"},"schema":{"@context":"https:\/\/schema.org","@graph":[{"@type":"Article","@id":"https:\/\/fr.motocrossmag.be\/index.php\/2022\/05\/emx250-a-riola-sardo-nouveau-podium-pour-lucas-coenen\/#article","isPartOf":{"@id":"https:\/\/fr.motocrossmag.be\/index.php\/2022\/05\/emx250-a-riola-sardo-nouveau-podium-pour-lucas-coenen\/"},"author":{"name":"oliviere","@id":"https:\/\/fr.motocrossmag.be\/#\/schema\/person\/11b47143d9f755babca2c9110e03235c"},"headline":"EMX250 \u00e0 Riola Sardo : nouveau podium pour Lucas Coenen","datePublished":"2022-05-16T21:03:33+00:00","mainEntityOfPage":{"@id":"https:\/\/fr.motocrossmag.be\/index.php\/2022\/05\/emx250-a-riola-sardo-nouveau-podium-pour-lucas-coenen\/"},"wordCount":815,"commentCount":0,"image":{"@id":"https:\/\/fr.motocrossmag.be\/index.php\/2022\/05\/emx250-a-riola-sardo-nouveau-podium-pour-lucas-coenen\/#primaryimage"},"thumbnailUrl":"https:\/\/fr.motocrossmag.be\/wp-content\/uploads\/2022\/05\/lucas-coenen-riola-sardo.jpg","keywords":["emx250","lucas coenen","Motocross","riola sardo"],"articleSection":["Actualit\u00e9","Motocross","News","News","R\u00e9sultats","Slideshow"],"inLanguage":"fr-FR","potentialAction":[{"@type":"CommentAction","name":"Comment","target":["https:\/\/fr.motocrossmag.be\/index.php\/2022\/05\/emx250-a-riola-sardo-nouveau-podium-pour-lucas-coenen\/#respond"]}]},{"@type":"WebPage","@id":"https:\/\/fr.motocrossmag.be\/index.php\/2022\/05\/emx250-a-riola-sardo-nouveau-podium-pour-lucas-coenen\/","url":"https:\/\/fr.motocrossmag.be\/index.php\/2022\/05\/emx250-a-riola-sardo-nouveau-podium-pour-lucas-coenen\/","name":"EMX250 \u00e0 Riola Sardo : nouveau podium pour Lucas Coenen - Motocross - Enduro - Supermoto | MotocrossMag","isPartOf":{"@id":"https:\/\/fr.motocrossmag.be\/#website"},"primaryImageOfPage":{"@id":"https:\/\/fr.motocrossmag.be\/index.php\/2022\/05\/emx250-a-riola-sardo-nouveau-podium-pour-lucas-coenen\/#primaryimage"},"image":{"@id":"https:\/\/fr.motocrossmag.be\/index.php\/2022\/05\/emx250-a-riola-sardo-nouveau-podium-pour-lucas-coenen\/#primaryimage"},"thumbnailUrl":"https:\/\/fr.motocrossmag.be\/wp-content\/uploads\/2022\/05\/lucas-coenen-riola-sardo.jpg","datePublished":"2022-05-16T21:03:33+00:00","author":{"@id":"https:\/\/fr.motocrossmag.be\/#\/schema\/person\/11b47143d9f755babca2c9110e03235c"},"breadcrumb":{"@id":"https:\/\/fr.motocrossmag.be\/index.php\/2022\/05\/emx250-a-riola-sardo-nouveau-podium-pour-lucas-coenen\/#breadcrumb"},"inLanguage":"fr-FR","potentialAction":[{"@type":"ReadAction","target":["https:\/\/fr.motocrossmag.be\/index.php\/2022\/05\/emx250-a-riola-sardo-nouveau-podium-pour-lucas-coenen\/"]}]},{"@type":"ImageObject","inLanguage":"fr-FR","@id":"https:\/\/fr.motocrossmag.be\/index.php\/2022\/05\/emx250-a-riola-sardo-nouveau-podium-pour-lucas-coenen\/#primaryimage","url":"https:\/\/fr.motocrossmag.be\/wp-content\/uploads\/2022\/05\/lucas-coenen-riola-sardo.jpg","contentUrl":"https:\/\/fr.motocrossmag.be\/wp-content\/uploads\/2022\/05\/lucas-coenen-riola-sardo.jpg","width":"1000","height":"666"},{"@type":"BreadcrumbList","@id":"https:\/\/fr.motocrossmag.be\/index.php\/2022\/05\/emx250-a-riola-sardo-nouveau-podium-pour-lucas-coenen\/#breadcrumb","itemListElement":[{"@type":"ListItem","position":1,"name":"Accueil","item":"https:\/\/fr.motocrossmag.be\/"},{"@type":"ListItem","position":2,"name":"EMX250 \u00e0 Riola Sardo : nouveau podium pour Lucas Coenen"}]},{"@type":"WebSite","@id":"https:\/\/fr.motocrossmag.be\/#website","url":"https:\/\/fr.motocrossmag.be\/","name":"Motocross - Enduro - Supermoto | MotocrossMag","description":"L&#039;actualit\u00e9 du motocross, de l&#039;enduro et du Supermoto en ligne!","potentialAction":[{"@type":"SearchAction","target":{"@type":"EntryPoint","urlTemplate":"https:\/\/fr.motocrossmag.be\/?s={search_term_string}"},"query-input":{"@type":"PropertyValueSpecification","valueRequired":true,"valueName":"search_term_string"}}],"inLanguage":"fr-FR"},{"@type":"Person","@id":"https:\/\/fr.motocrossmag.be\/#\/schema\/person\/11b47143d9f755babca2c9110e03235c","name":"oliviere","image":{"@type":"ImageObject","inLanguage":"fr-FR","@id":"https:\/\/secure.gravatar.com\/avatar\/907069e0b81d119452040469e4a7501da1100f54f7f80180ce77bfab718288f6?s=96&d=mm&r=g","url":"https:\/\/secure.gravatar.com\/avatar\/907069e0b81d119452040469e4a7501da1100f54f7f80180ce77bfab718288f6?s=96&d=mm&r=g","contentUrl":"https:\/\/secure.gravatar.com\/avatar\/907069e0b81d119452040469e4a7501da1100f54f7f80180ce77bfab718288f6?s=96&d=mm&r=g","caption":"oliviere"},"sameAs":["http:\/\/www.motocrossmag.be"],"url":"https:\/\/fr.motocrossmag.be\/index.php\/author\/oliviere\/"}]}},"_links":{"self":[{"href":"https:\/\/fr.motocrossmag.be\/index.php\/wp-json\/wp\/v2\/posts\/117643","targetHints":{"allow":["GET"]}}],"collection":[{"href":"https:\/\/fr.motocrossmag.be\/index.php\/wp-json\/wp\/v2\/posts"}],"about":[{"href":"https:\/\/fr.motocrossmag.be\/index.php\/wp-json\/wp\/v2\/types\/post"}],"author":[{"embeddable":true,"href":"https:\/\/fr.motocrossmag.be\/index.php\/wp-json\/wp\/v2\/users\/932"}],"replies":[{"embeddable":true,"href":"https:\/\/fr.motocrossmag.be\/index.php\/wp-json\/wp\/v2\/comments?post=117643"}],"version-history":[{"count":0,"href":"https:\/\/fr.motocrossmag.be\/index.php\/wp-json\/wp\/v2\/posts\/117643\/revisions"}],"wp:featuredmedia":[{"embeddable":true,"href":"https:\/\/fr.motocrossmag.be\/index.php\/wp-json\/wp\/v2\/media\/117644"}],"wp:attachment":[{"href":"https:\/\/fr.motocrossmag.be\/index.php\/wp-json\/wp\/v2\/media?parent=117643"}],"wp:term":[{"taxonomy":"category","embeddable":true,"href":"https:\/\/fr.motocrossmag.be\/index.php\/wp-json\/wp\/v2\/categories?post=117643"},{"taxonomy":"post_tag","embeddable":true,"href":"https:\/\/fr.motocrossmag.be\/index.php\/wp-json\/wp\/v2\/tags?post=117643"}],"curies":[{"name":"wp","href":"https:\/\/api.w.org\/{rel}","templated":true}]}}