{"id":11768,"date":"2011-07-14T22:24:17","date_gmt":"2011-07-14T21:24:17","guid":{"rendered":"http:\/\/fr.motocrossmag.be\/?p=11768"},"modified":"2011-07-17T17:37:41","modified_gmt":"2011-07-17T16:37:41","slug":"essai-kawasaki-kx-f-450-2012-kawasaki-place-la-barre-tres-haut","status":"publish","type":"post","link":"https:\/\/fr.motocrossmag.be\/index.php\/2011\/07\/essai-kawasaki-kx-f-450-2012-kawasaki-place-la-barre-tres-haut\/","title":{"rendered":"Essai Kawasaki KX-F 450 2012 | Kawasaki place la barre tr\u00e8s haut !"},"content":{"rendered":"<p id=\"[object]\">Kawasaki semble vouloir tourner la page du pr\u00eat-\u00e0\u00a0-porter. Avec sa nouvelle KX-F 450, le constructeur Japonais entre de plain pied dans l&rsquo;\u00e8re de la haute couture. Entendez par l\u00e0\u00a0 qu&rsquo;il est d\u00e9sormais possible pour le commun des crossmen de disposer d&rsquo;une machine qui s&rsquo;adapte facilement tant aux conditions qu&rsquo;\u00e0\u00a0 son pilotage ou son gabarit. Du v\u00e9ritable sur-mesure, jusqu&rsquo;ici r\u00e9serv\u00e9 aux seuls pilotes officiels. Pour aborder 2012, Kawasaki met son immense exp\u00e9rience en comp\u00e9tition en vente libre. On aurait tort de s&rsquo;en priver !<\/p>\n<p id=\"[object]\"><img decoding=\"async\" class=\"lazyload alignnone size-full wp-image-12064\" title=\"Du vert, du noir et une pointe de bleu pour souligne la ligne \u00e9pur\u00e9e de la KX-F 2012!\" src=\"http:\/\/fr.motocrossmag.be\/wp-content\/uploads\/2011\/07\/kx12_static.jpg\" data-orig-src=\"http:\/\/fr.motocrossmag.be\/wp-content\/uploads\/2011\/07\/kx12_static.jpg\" alt=\"\" width=\"500\" height=\"333\" srcset=\"data:image\/svg+xml,%3Csvg%20xmlns%3D%27http%3A%2F%2Fwww.w3.org%2F2000%2Fsvg%27%20width%3D%27500%27%20height%3D%27333%27%20viewBox%3D%270%200%20500%20333%27%3E%3Crect%20width%3D%27500%27%20height%3D%27333%27%20fill-opacity%3D%220%22%2F%3E%3C%2Fsvg%3E\" data-srcset=\"https:\/\/fr.motocrossmag.be\/wp-content\/uploads\/2011\/07\/kx12_static-300x199.jpg 300w, https:\/\/fr.motocrossmag.be\/wp-content\/uploads\/2011\/07\/kx12_static.jpg 500w\" data-sizes=\"auto\" data-orig-sizes=\"(max-width: 500px) 100vw, 500px\" \/><\/p>\n<p id=\"[object]\">Tout juste un an apr\u00e8s la KX-F 250, c&rsquo;est au tour de sa grande s\u00c5\u201cur de b\u00e9n\u00e9ficier de toute l&rsquo;attention des ing\u00e9nieurs Kawasaki pour nous revenir dans un mill\u00e9sime 2012 plus s\u00e9duisant que jamais. Non seulement parce que, d&rsquo;un point de vue esth\u00e9tique, la grosse KX-F n&rsquo;est pas \u00e0\u00a0 court d&rsquo;arguments avec sa d\u00e9co qui marie avec bonheur le vert et le noir, ses jantes noires ou encore ses diff\u00e9rents \u00e9l\u00e9ments en alu anodis\u00e9s bleus, mais aussi parce que la lecture de sa fiche technique laisse r\u00eaveur.<\/p>\n<p id=\"[object]\"><strong>Tout est r\u00e9glable, ou presque !<\/strong><\/p>\n<p id=\"[object]\">On y apprend en effet que sur cette KX-F 450 2012, tout est r\u00e9glable, ou presque ! De la position de pilotage \u00e0\u00a0 la courbe de puissance du moteur en passant par la hauteur de selle ou celle des repose-pieds, la nouvelle Kawa s&rsquo;adapte en quelques minutes \u00e0\u00a0 peine \u00e0\u00a0 son pilote ou aux conditions de roulage. Le t\u00e9 sup\u00e9rieur comporte 2 positions diff\u00e9rentes pour la fixation des pontets. Ceux-ci \u00e9tant r\u00e9versibles, le guidon peut donc trouver 4 positions, 25 ou 15 mm vers l&rsquo;avant (ce qui devrait particuli\u00e8rement plaire aux grands gabarits), la position standard et une position recul\u00e9e de 10mm.<\/p>\n<p><a rel=\"lightbox dia=1\" href=\"http:\/\/fr.motocrossmag.be\/wp-content\/uploads\/2011\/07\/kx12_det1.jpg\"><img decoding=\"async\" class=\"lazyload alignnone size-thumbnail wp-image-12069\" title=\"kx12_det1\" src=\"http:\/\/fr.motocrossmag.be\/wp-content\/uploads\/2011\/07\/kx12_det1-150x150.jpg\" data-orig-src=\"http:\/\/fr.motocrossmag.be\/wp-content\/uploads\/2011\/07\/kx12_det1-150x150.jpg\" alt=\"\" width=\"150\" height=\"150\" srcset=\"data:image\/svg+xml,%3Csvg%20xmlns%3D%27http%3A%2F%2Fwww.w3.org%2F2000%2Fsvg%27%20width%3D%27150%27%20height%3D%27150%27%20viewBox%3D%270%200%20150%20150%27%3E%3Crect%20width%3D%27150%27%20height%3D%27150%27%20fill-opacity%3D%220%22%2F%3E%3C%2Fsvg%3E\" data-srcset=\"https:\/\/fr.motocrossmag.be\/wp-content\/uploads\/2011\/07\/kx12_det1-150x150.jpg 150w, https:\/\/fr.motocrossmag.be\/wp-content\/uploads\/2011\/07\/kx12_det1.jpg 900w\" data-sizes=\"auto\" data-orig-sizes=\"(max-width: 150px) 100vw, 150px\" \/><\/a>\u00a0\u00a0 <a rel=\"lightbox dia=1\" href=\"http:\/\/fr.motocrossmag.be\/wp-content\/uploads\/2011\/07\/kx12_det2.jpg\"><img decoding=\"async\" class=\"lazyload alignnone size-thumbnail wp-image-12070\" title=\"kx12_det2\" src=\"http:\/\/fr.motocrossmag.be\/wp-content\/uploads\/2011\/07\/kx12_det2-150x150.jpg\" data-orig-src=\"http:\/\/fr.motocrossmag.be\/wp-content\/uploads\/2011\/07\/kx12_det2-150x150.jpg\" alt=\"\" width=\"150\" height=\"150\" srcset=\"data:image\/svg+xml,%3Csvg%20xmlns%3D%27http%3A%2F%2Fwww.w3.org%2F2000%2Fsvg%27%20width%3D%27150%27%20height%3D%27150%27%20viewBox%3D%270%200%20150%20150%27%3E%3Crect%20width%3D%27150%27%20height%3D%27150%27%20fill-opacity%3D%220%22%2F%3E%3C%2Fsvg%3E\" data-srcset=\"https:\/\/fr.motocrossmag.be\/wp-content\/uploads\/2011\/07\/kx12_det2-150x150.jpg 150w, https:\/\/fr.motocrossmag.be\/wp-content\/uploads\/2011\/07\/kx12_det2.jpg 467w\" data-sizes=\"auto\" data-orig-sizes=\"(max-width: 150px) 100vw, 150px\" \/><\/a>\u00a0 \u00a0<a id=\"[object]\" rel=\"lightbox dia=1\" href=\"http:\/\/fr.motocrossmag.be\/wp-content\/uploads\/2011\/07\/kx12_det3.jpg\"><img decoding=\"async\" class=\"lazyload alignnone size-thumbnail wp-image-12068\" title=\"kx12_det3\" src=\"http:\/\/fr.motocrossmag.be\/wp-content\/uploads\/2011\/07\/kx12_det3-150x150.jpg\" data-orig-src=\"http:\/\/fr.motocrossmag.be\/wp-content\/uploads\/2011\/07\/kx12_det3-150x150.jpg\" alt=\"\" width=\"150\" height=\"150\" srcset=\"data:image\/svg+xml,%3Csvg%20xmlns%3D%27http%3A%2F%2Fwww.w3.org%2F2000%2Fsvg%27%20width%3D%27150%27%20height%3D%27150%27%20viewBox%3D%270%200%20150%20150%27%3E%3Crect%20width%3D%27150%27%20height%3D%27150%27%20fill-opacity%3D%220%22%2F%3E%3C%2Fsvg%3E\" data-srcset=\"https:\/\/fr.motocrossmag.be\/wp-content\/uploads\/2011\/07\/kx12_det3-150x150.jpg 150w, https:\/\/fr.motocrossmag.be\/wp-content\/uploads\/2011\/07\/kx12_det3.jpg 467w\" data-sizes=\"auto\" data-orig-sizes=\"(max-width: 150px) 100vw, 150px\" \/><\/a><br \/>\n<a id=\"[object]\" rel=\"lightbox dia=1\" href=\"http:\/\/fr.motocrossmag.be\/wp-content\/uploads\/2011\/07\/kx12_det4.jpg\"><img decoding=\"async\" class=\"lazyload alignnone size-thumbnail wp-image-12067\" title=\"kx12_det4\" src=\"http:\/\/fr.motocrossmag.be\/wp-content\/uploads\/2011\/07\/kx12_det4-150x150.jpg\" data-orig-src=\"http:\/\/fr.motocrossmag.be\/wp-content\/uploads\/2011\/07\/kx12_det4-150x150.jpg\" alt=\"\" width=\"150\" height=\"150\" srcset=\"data:image\/svg+xml,%3Csvg%20xmlns%3D%27http%3A%2F%2Fwww.w3.org%2F2000%2Fsvg%27%20width%3D%27150%27%20height%3D%27150%27%20viewBox%3D%270%200%20150%20150%27%3E%3Crect%20width%3D%27150%27%20height%3D%27150%27%20fill-opacity%3D%220%22%2F%3E%3C%2Fsvg%3E\" data-srcset=\"https:\/\/fr.motocrossmag.be\/wp-content\/uploads\/2011\/07\/kx12_det4-150x150.jpg 150w, https:\/\/fr.motocrossmag.be\/wp-content\/uploads\/2011\/07\/kx12_det4.jpg 467w\" data-sizes=\"auto\" data-orig-sizes=\"(max-width: 150px) 100vw, 150px\" \/><\/a>\u00a0\u00a0\u00a0<a id=\"[object]\" rel=\"lightbox dia=1\" href=\"http:\/\/fr.motocrossmag.be\/wp-content\/uploads\/2011\/07\/kx12_det5.jpg\"><img decoding=\"async\" class=\"lazyload alignnone size-thumbnail wp-image-12066\" title=\"kx12_det5\" src=\"http:\/\/fr.motocrossmag.be\/wp-content\/uploads\/2011\/07\/kx12_det5-150x150.jpg\" data-orig-src=\"http:\/\/fr.motocrossmag.be\/wp-content\/uploads\/2011\/07\/kx12_det5-150x150.jpg\" alt=\"\" width=\"150\" height=\"150\" srcset=\"data:image\/svg+xml,%3Csvg%20xmlns%3D%27http%3A%2F%2Fwww.w3.org%2F2000%2Fsvg%27%20width%3D%27150%27%20height%3D%27150%27%20viewBox%3D%270%200%20150%20150%27%3E%3Crect%20width%3D%27150%27%20height%3D%27150%27%20fill-opacity%3D%220%22%2F%3E%3C%2Fsvg%3E\" data-srcset=\"https:\/\/fr.motocrossmag.be\/wp-content\/uploads\/2011\/07\/kx12_det5-150x150.jpg 150w, https:\/\/fr.motocrossmag.be\/wp-content\/uploads\/2011\/07\/kx12_det5.jpg 467w\" data-sizes=\"auto\" data-orig-sizes=\"(max-width: 150px) 100vw, 150px\" \/><\/a>\u00a0 \u00a0<a rel=\"lightbox dia=1\" href=\"http:\/\/fr.motocrossmag.be\/wp-content\/uploads\/2011\/07\/kx12_det6.jpg\"><img decoding=\"async\" class=\"lazyload alignnone size-thumbnail wp-image-12065\" title=\"kx12_det6\" src=\"http:\/\/fr.motocrossmag.be\/wp-content\/uploads\/2011\/07\/kx12_det6-150x150.jpg\" data-orig-src=\"http:\/\/fr.motocrossmag.be\/wp-content\/uploads\/2011\/07\/kx12_det6-150x150.jpg\" alt=\"\" width=\"150\" height=\"150\" srcset=\"data:image\/svg+xml,%3Csvg%20xmlns%3D%27http%3A%2F%2Fwww.w3.org%2F2000%2Fsvg%27%20width%3D%27150%27%20height%3D%27150%27%20viewBox%3D%270%200%20150%20150%27%3E%3Crect%20width%3D%27150%27%20height%3D%27150%27%20fill-opacity%3D%220%22%2F%3E%3C%2Fsvg%3E\" data-srcset=\"https:\/\/fr.motocrossmag.be\/wp-content\/uploads\/2011\/07\/kx12_det6-150x150.jpg 150w, https:\/\/fr.motocrossmag.be\/wp-content\/uploads\/2011\/07\/kx12_det6.jpg 900w\" data-sizes=\"auto\" data-orig-sizes=\"(max-width: 150px) 100vw, 150px\" \/><\/a><\/p>\n<p id=\"[object]\">Mais ce n&rsquo;est pas tout : ces 4 positions de guidon peuvent \u00eatre combin\u00e9es avec 2 positions pour les repose-pieds et 2 hauteurs de selle. Pour les repose-pieds, leur platine r\u00e9glable permet de les abaisser de 5mm par rapport \u00e0\u00a0 la position standard, ce qui abaisse d&rsquo;autant le centre de gravit\u00e9 de la machine. Notons que le nouveau s\u00e9lecteur de vitesses a \u00e9t\u00e9 sp\u00e9cialement \u00e9tudi\u00e9 pour rester optimal dans les 2 positions. Quant \u00e0\u00a0 la hauteur de selle, elle peut \u00eatre diminu\u00e9e de 4mm par le remplacement de la biellette de suspension arri\u00e8re (1mm plus longue que l&rsquo;origine, disponible en option). Bref, une foule de possibilit\u00e9s qui devraient permettre \u00e0\u00a0 chacun de se sentir comme chez lui sur la KX-F 450 !<\/p>\n<p id=\"[object]\"><strong>Puissance modulable<\/strong><\/p>\n<p id=\"[object]\">Comme si cela ne suffisait pas, les Verts ont \u00e9galement exploit\u00e9 au mieux les possibilit\u00e9s d\u00e9sormais offertes par l&rsquo;injection \u00e9lectronique en mati\u00e8re de modification du comportement moteur. Ainsi, vous disposez d\u00e9sormais sur la nouvelle Kawasaki de 3 cartographies r\u00e9ellement diff\u00e9rentes. Pour passer d&rsquo;une \u00e0\u00a0 l&rsquo;autre, rien de plus simple : le remplacement du coupleur DFI (situ\u00e9 sur la droite de la colonne de direction) par un autre parmi les 3 fournis avec la machine suffit. Vert, blanc ou noir, \u00e0\u00a0 vous de choisir ! Le vert \u00e9tant destin\u00e9 aux conditions de roulage normales, le noir aux conditions difficiles et le blanc aux conditions plus faciles. Si vous disposez du kit de calibrage d&rsquo;injection disponible en option, vous pourrez en outre reprogrammer chacune de ces cartographies \u00e0\u00a0 votre guise&#8230;<\/p>\n<p id=\"[object]\"><img decoding=\"async\" class=\"lazyload alignnone size-full wp-image-11771\" title=\"On se sent tr\u00e8s vite comme chez soi au guidon de la grosse KX-F.\" src=\"http:\/\/fr.motocrossmag.be\/wp-content\/uploads\/2011\/07\/kawasaki_3.jpg\" data-orig-src=\"http:\/\/fr.motocrossmag.be\/wp-content\/uploads\/2011\/07\/kawasaki_3.jpg\" alt=\"\" width=\"400\" height=\"600\" srcset=\"data:image\/svg+xml,%3Csvg%20xmlns%3D%27http%3A%2F%2Fwww.w3.org%2F2000%2Fsvg%27%20width%3D%27400%27%20height%3D%27600%27%20viewBox%3D%270%200%20400%20600%27%3E%3Crect%20width%3D%27400%27%20height%3D%27600%27%20fill-opacity%3D%220%22%2F%3E%3C%2Fsvg%3E\" data-srcset=\"https:\/\/fr.motocrossmag.be\/wp-content\/uploads\/2011\/07\/kawasaki_3-200x300.jpg 200w, https:\/\/fr.motocrossmag.be\/wp-content\/uploads\/2011\/07\/kawasaki_3.jpg 400w\" data-sizes=\"auto\" data-orig-sizes=\"(max-width: 400px) 100vw, 400px\" \/><\/p>\n<p id=\"[object]\">Encore une petite touche \u00ab factory \u00bb sur la KXF 450 avec le syst\u00e8me \u00ab Launch Control \u00bb, tr\u00e8s proche para\u00eet-il du syst\u00e8me utilis\u00e9 sur les Kawa officielles aux USA et en Europe. Une pression du pouce gauche durant 2 secondes sur le bouton situ\u00e9 sur le guidon permet d&rsquo;activer le syst\u00e8me avant le d\u00e9part (le bouton se met alors \u00e0\u00a0 clignoter orange). Le but de la man\u00c5\u201cuvre ? Modifier la cartographie d&rsquo;allumage pour optimiser la motricit\u00e9 au moment du d\u00e9part sur les premiers et seconds rapports, le syst\u00e8me se d\u00e9sactivant automatiquement d\u00e8s le passage de la 3\u00e8me vitesse.<\/p>\n<p>S&rsquo;ajoutent \u00e0\u00a0 tout cela des modifications telles qu&rsquo;un nouveau piston, un arbre \u00e0\u00a0 cames optimis\u00e9, un vilebrequin r\u00e9\u00e9quilibr\u00e9 pour obtenir une valeur proche de celle de la machine de Ryan Villopoto, une bo\u00eete de vitesses plus souple \u00e0\u00a0 utiliser ou un \u00e9chappement dont le silencieux, plus court mais aussi plus large afin de conserver un volume identique au mod\u00e8le 2011, a fait l&rsquo;objet de toutes les attentions pour r\u00e9pondre aux nouveaux crit\u00e8res d&rsquo;\u00e9missions sonores au niveau international tout en apportant davantage de couple \u00e0\u00a0 la machine. Sans oublier un travail cons\u00e9quent sur la partie-cycle afin de gagner en ergonomie, avec notamment un habillage plastique plus fin et un cadre alu qui perd 4mm en largeur.<\/p>\n<p id=\"[object]\"><strong>Presque parfaite ?<\/strong><\/p>\n<p id=\"[object]\">Bref, du gros travail sur cette KX-F 450 2012 pour le staff Kawasaki dont les efforts se traduisent d&rsquo;ailleurs sur la piste. Sur le spectaculaire circuit italien de Gallarate, la belle verte s&rsquo;est en effet r\u00e9v\u00e9l\u00e9e \u00e0\u00a0 la hauteur de ce que laissait \u00e0\u00a0 penser sa prestigieuse carte de visite. La 450 Kawasaki est plus que jamais une 450 \u00e0\u00a0 dimension \u00ab humaine \u00bb, qui se laisse apprivoiser par le premier crossman venu.<\/p>\n<p id=\"[object]\"><img decoding=\"async\" class=\"lazyload alignnone size-full wp-image-11769\" title=\"Guidon, pose-pieds, hauteur de selle, la KX-F 450 s\\'adapte \u00e0\u00a0 son pilote!\" src=\"http:\/\/fr.motocrossmag.be\/wp-content\/uploads\/2011\/07\/kawasaki_1.jpg\" data-orig-src=\"http:\/\/fr.motocrossmag.be\/wp-content\/uploads\/2011\/07\/kawasaki_1.jpg\" alt=\"\" width=\"500\" height=\"333\" srcset=\"data:image\/svg+xml,%3Csvg%20xmlns%3D%27http%3A%2F%2Fwww.w3.org%2F2000%2Fsvg%27%20width%3D%27500%27%20height%3D%27333%27%20viewBox%3D%270%200%20500%20333%27%3E%3Crect%20width%3D%27500%27%20height%3D%27333%27%20fill-opacity%3D%220%22%2F%3E%3C%2Fsvg%3E\" data-srcset=\"https:\/\/fr.motocrossmag.be\/wp-content\/uploads\/2011\/07\/kawasaki_1-300x199.jpg 300w, https:\/\/fr.motocrossmag.be\/wp-content\/uploads\/2011\/07\/kawasaki_1.jpg 500w\" data-sizes=\"auto\" data-orig-sizes=\"(max-width: 500px) 100vw, 500px\" \/><\/p>\n<p id=\"[object]\">Car, m\u00eame si les possibilit\u00e9s de r\u00e9glage sont nombreuses, ont trouve rapidement ses marques sur la KX-F et on a t\u00f4t fait de trouver \u00ab ses \u00bb r\u00e9glages, ceux qui font qu&rsquo;on a rapidement l&rsquo;impression d&rsquo;avoir toujours roul\u00e9 en KX-F 450 2012. Toujours aussi stable et imp\u00e9riale dans les lignes rapides et d\u00e9fonc\u00e9es, la machine est particuli\u00e8rement fine et son comportement se veut tr\u00e8s proche de celui d&rsquo;une 250. Elle change d&rsquo;angle facilement et se place dans les orni\u00e8res, m\u00eame int\u00e9rieures, avec une aisance d\u00e9concertante.<\/p>\n<p id=\"[object]\">Seule la fourche avant, un poil ferme \u00e0\u00a0 mi-course, vient ternir (un peu seulement) un tableau qui s&rsquo;inscrit dans la douceur et la facilit\u00e9 en ce qui concerne la partie-cycle de notre nouvelle KX-F. Le moteur de la belle verte est du m\u00eame tonneau. Tr\u00e8s rempli tout en bas, il d\u00e9livre ensuite sa puissance de fa\u00e7on tr\u00e8s lin\u00e9aire pour finalement se montrer extr\u00eamement puissant tout en haut. Un moteur facile et accessible au caract\u00e8re n\u00e9anmoins bien tremp\u00e9 qui fait le charme de la grosse Kawa.<\/p>\n<p id=\"[object]\"><img decoding=\"async\" class=\"lazyload alignnone size-full wp-image-11770\" title=\"Le nouveau cadre plus fin offre \u00e0\u00a0 la 450 KX-F une ergonomie tr\u00e8s appr\u00e9ciable.\" src=\"http:\/\/fr.motocrossmag.be\/wp-content\/uploads\/2011\/07\/kawasaki_2.jpg\" data-orig-src=\"http:\/\/fr.motocrossmag.be\/wp-content\/uploads\/2011\/07\/kawasaki_2.jpg\" alt=\"\" width=\"400\" height=\"600\" srcset=\"data:image\/svg+xml,%3Csvg%20xmlns%3D%27http%3A%2F%2Fwww.w3.org%2F2000%2Fsvg%27%20width%3D%27400%27%20height%3D%27600%27%20viewBox%3D%270%200%20400%20600%27%3E%3Crect%20width%3D%27400%27%20height%3D%27600%27%20fill-opacity%3D%220%22%2F%3E%3C%2Fsvg%3E\" data-srcset=\"https:\/\/fr.motocrossmag.be\/wp-content\/uploads\/2011\/07\/kawasaki_2-200x300.jpg 200w, https:\/\/fr.motocrossmag.be\/wp-content\/uploads\/2011\/07\/kawasaki_2.jpg 400w\" data-sizes=\"auto\" data-orig-sizes=\"(max-width: 400px) 100vw, 400px\" \/><\/p>\n<p id=\"[object]\">Cependant, gr\u00e0\u00a2ce aux 3 coupleurs DFI disponibles afin de modifier la cartographie d&rsquo;allumage, vous pourrez, selon votre niveau de pilotage, votre style ou les conditions rencontr\u00e9es, renforcer, au choix, son caract\u00e8re coupleux \u00e0\u00a0 bas r\u00e9gimes ou son incroyable allonge tout en haut. Car le syst\u00e8me Kawasaki fonctionne plut\u00f4t bien. En moins d&rsquo;une minute, vous d\u00e9placez, vers le haut ou vers le bas, la puissance de votre machine. En piste, on ne manque pas d&rsquo;appr\u00e9cier la diff\u00e9rence !<\/p>\n<p>La nouvelle KX-F 450 ne manque pas d&rsquo;atouts. Elle s\u00e9duit par un look et des solutions techniques tr\u00e8s \u00ab factory \u00bb et un comportement en piste qui la replace sans doute au top de sa cat\u00e9gorie. Sans oublier que les nombreuses possibilit\u00e9s de r\u00e9glages permettent \u00e0\u00a0 chacun de se concocter \u00ab sa \u00bb KX-F ! Une machine qui place en tout cas la barre tr\u00e8s haut dans la cat\u00e9gorie pour la saison prochaine. A essayer sans tarder&#8230;<\/p>\n<p id=\"[object]\">Texte: Olivier Evrard | Photos: Red Eye<\/p>\n","protected":false},"excerpt":{"rendered":"<p>Kawasaki semble vouloir tourner la page du pr\u00eat-\u00e0\u00a0-porter. Avec sa nouvelle KX-F 450, le constructeur Japonais entre de plain pied dans l&rsquo;\u00e8re de la haute couture. Entendez par l\u00e0\u00a0 qu&rsquo;il [&#8230;]<\/p>\n","protected":false},"author":932,"featured_media":0,"comment_status":"open","ping_status":"closed","sticky":false,"template":"","format":"standard","meta":{"footnotes":""},"categories":[54,3,59,4,65],"tags":[],"class_list":["post-11768","post","type-post","status-publish","format-standard","hentry","category-actualite","category-essais","category-essais-actualite","category-motocross","category-slideshow"],"yoast_head":"<!-- This site is optimized with the Yoast SEO plugin v27.4 - https:\/\/yoast.com\/product\/yoast-seo-wordpress\/ -->\n<title>Essai Kawasaki KX-F 450 2012 | Kawasaki place la barre tr\u00e8s haut ! - Motocross - Enduro - Supermoto | MotocrossMag<\/title>\n<meta name=\"robots\" content=\"index, follow, max-snippet:-1, max-image-preview:large, max-video-preview:-1\" \/>\n<link rel=\"canonical\" href=\"https:\/\/fr.motocrossmag.be\/index.php\/2011\/07\/essai-kawasaki-kx-f-450-2012-kawasaki-place-la-barre-tres-haut\/\" \/>\n<meta property=\"og:locale\" content=\"fr_FR\" \/>\n<meta property=\"og:type\" content=\"article\" \/>\n<meta property=\"og:title\" content=\"Essai Kawasaki KX-F 450 2012 | Kawasaki place la barre tr\u00e8s haut ! - Motocross - Enduro - Supermoto | MotocrossMag\" \/>\n<meta property=\"og:description\" content=\"Kawasaki semble vouloir tourner la page du pr\u00eat-\u00e0\u00a0-porter. Avec sa nouvelle KX-F 450, le constructeur Japonais entre de plain pied dans l&rsquo;\u00e8re de la haute couture. Entendez par l\u00e0\u00a0 qu&rsquo;il [...]\" \/>\n<meta property=\"og:url\" content=\"https:\/\/fr.motocrossmag.be\/index.php\/2011\/07\/essai-kawasaki-kx-f-450-2012-kawasaki-place-la-barre-tres-haut\/\" \/>\n<meta property=\"og:site_name\" content=\"Motocross - Enduro - Supermoto | MotocrossMag\" \/>\n<meta property=\"article:published_time\" content=\"2011-07-14T21:24:17+00:00\" \/>\n<meta property=\"article:modified_time\" content=\"2011-07-17T16:37:41+00:00\" \/>\n<meta property=\"og:image\" content=\"http:\/\/fr.motocrossmag.be\/wp-content\/uploads\/2011\/07\/kx12_static.jpg\" \/>\n<meta name=\"author\" content=\"oliviere\" \/>\n<meta name=\"twitter:card\" content=\"summary_large_image\" \/>\n<meta name=\"twitter:label1\" content=\"\u00c9crit par\" \/>\n\t<meta name=\"twitter:data1\" content=\"oliviere\" \/>\n\t<meta name=\"twitter:label2\" content=\"Dur\u00e9e de lecture estim\u00e9e\" \/>\n\t<meta name=\"twitter:data2\" content=\"6 minutes\" \/>\n<script type=\"application\/ld+json\" class=\"yoast-schema-graph\">{\"@context\":\"https:\\\/\\\/schema.org\",\"@graph\":[{\"@type\":\"Article\",\"@id\":\"https:\\\/\\\/fr.motocrossmag.be\\\/index.php\\\/2011\\\/07\\\/essai-kawasaki-kx-f-450-2012-kawasaki-place-la-barre-tres-haut\\\/#article\",\"isPartOf\":{\"@id\":\"https:\\\/\\\/fr.motocrossmag.be\\\/index.php\\\/2011\\\/07\\\/essai-kawasaki-kx-f-450-2012-kawasaki-place-la-barre-tres-haut\\\/\"},\"author\":{\"name\":\"oliviere\",\"@id\":\"https:\\\/\\\/fr.motocrossmag.be\\\/#\\\/schema\\\/person\\\/11b47143d9f755babca2c9110e03235c\"},\"headline\":\"Essai Kawasaki KX-F 450 2012 | Kawasaki place la barre tr\u00e8s haut !\",\"datePublished\":\"2011-07-14T21:24:17+00:00\",\"dateModified\":\"2011-07-17T16:37:41+00:00\",\"mainEntityOfPage\":{\"@id\":\"https:\\\/\\\/fr.motocrossmag.be\\\/index.php\\\/2011\\\/07\\\/essai-kawasaki-kx-f-450-2012-kawasaki-place-la-barre-tres-haut\\\/\"},\"wordCount\":1224,\"commentCount\":0,\"image\":{\"@id\":\"https:\\\/\\\/fr.motocrossmag.be\\\/index.php\\\/2011\\\/07\\\/essai-kawasaki-kx-f-450-2012-kawasaki-place-la-barre-tres-haut\\\/#primaryimage\"},\"thumbnailUrl\":\"http:\\\/\\\/fr.motocrossmag.be\\\/wp-content\\\/uploads\\\/2011\\\/07\\\/kx12_static.jpg\",\"articleSection\":[\"Actualit\u00e9\",\"Essais\",\"Essais\",\"Motocross\",\"Slideshow\"],\"inLanguage\":\"fr-FR\",\"potentialAction\":[{\"@type\":\"CommentAction\",\"name\":\"Comment\",\"target\":[\"https:\\\/\\\/fr.motocrossmag.be\\\/index.php\\\/2011\\\/07\\\/essai-kawasaki-kx-f-450-2012-kawasaki-place-la-barre-tres-haut\\\/#respond\"]}]},{\"@type\":\"WebPage\",\"@id\":\"https:\\\/\\\/fr.motocrossmag.be\\\/index.php\\\/2011\\\/07\\\/essai-kawasaki-kx-f-450-2012-kawasaki-place-la-barre-tres-haut\\\/\",\"url\":\"https:\\\/\\\/fr.motocrossmag.be\\\/index.php\\\/2011\\\/07\\\/essai-kawasaki-kx-f-450-2012-kawasaki-place-la-barre-tres-haut\\\/\",\"name\":\"Essai Kawasaki KX-F 450 2012 | Kawasaki place la barre tr\u00e8s haut ! - Motocross - Enduro - Supermoto | MotocrossMag\",\"isPartOf\":{\"@id\":\"https:\\\/\\\/fr.motocrossmag.be\\\/#website\"},\"primaryImageOfPage\":{\"@id\":\"https:\\\/\\\/fr.motocrossmag.be\\\/index.php\\\/2011\\\/07\\\/essai-kawasaki-kx-f-450-2012-kawasaki-place-la-barre-tres-haut\\\/#primaryimage\"},\"image\":{\"@id\":\"https:\\\/\\\/fr.motocrossmag.be\\\/index.php\\\/2011\\\/07\\\/essai-kawasaki-kx-f-450-2012-kawasaki-place-la-barre-tres-haut\\\/#primaryimage\"},\"thumbnailUrl\":\"http:\\\/\\\/fr.motocrossmag.be\\\/wp-content\\\/uploads\\\/2011\\\/07\\\/kx12_static.jpg\",\"datePublished\":\"2011-07-14T21:24:17+00:00\",\"dateModified\":\"2011-07-17T16:37:41+00:00\",\"author\":{\"@id\":\"https:\\\/\\\/fr.motocrossmag.be\\\/#\\\/schema\\\/person\\\/11b47143d9f755babca2c9110e03235c\"},\"breadcrumb\":{\"@id\":\"https:\\\/\\\/fr.motocrossmag.be\\\/index.php\\\/2011\\\/07\\\/essai-kawasaki-kx-f-450-2012-kawasaki-place-la-barre-tres-haut\\\/#breadcrumb\"},\"inLanguage\":\"fr-FR\",\"potentialAction\":[{\"@type\":\"ReadAction\",\"target\":[\"https:\\\/\\\/fr.motocrossmag.be\\\/index.php\\\/2011\\\/07\\\/essai-kawasaki-kx-f-450-2012-kawasaki-place-la-barre-tres-haut\\\/\"]}]},{\"@type\":\"ImageObject\",\"inLanguage\":\"fr-FR\",\"@id\":\"https:\\\/\\\/fr.motocrossmag.be\\\/index.php\\\/2011\\\/07\\\/essai-kawasaki-kx-f-450-2012-kawasaki-place-la-barre-tres-haut\\\/#primaryimage\",\"url\":\"https:\\\/\\\/fr.motocrossmag.be\\\/wp-content\\\/uploads\\\/2011\\\/07\\\/kx12_static.jpg\",\"contentUrl\":\"https:\\\/\\\/fr.motocrossmag.be\\\/wp-content\\\/uploads\\\/2011\\\/07\\\/kx12_static.jpg\",\"width\":500,\"height\":333},{\"@type\":\"BreadcrumbList\",\"@id\":\"https:\\\/\\\/fr.motocrossmag.be\\\/index.php\\\/2011\\\/07\\\/essai-kawasaki-kx-f-450-2012-kawasaki-place-la-barre-tres-haut\\\/#breadcrumb\",\"itemListElement\":[{\"@type\":\"ListItem\",\"position\":1,\"name\":\"Accueil\",\"item\":\"https:\\\/\\\/fr.motocrossmag.be\\\/\"},{\"@type\":\"ListItem\",\"position\":2,\"name\":\"Essai Kawasaki KX-F 450 2012 | Kawasaki place la barre tr\u00e8s haut !\"}]},{\"@type\":\"WebSite\",\"@id\":\"https:\\\/\\\/fr.motocrossmag.be\\\/#website\",\"url\":\"https:\\\/\\\/fr.motocrossmag.be\\\/\",\"name\":\"Motocross - Enduro - Supermoto | MotocrossMag\",\"description\":\"L&#039;actualit\u00e9 du motocross, de l&#039;enduro et du Supermoto en ligne!\",\"potentialAction\":[{\"@type\":\"SearchAction\",\"target\":{\"@type\":\"EntryPoint\",\"urlTemplate\":\"https:\\\/\\\/fr.motocrossmag.be\\\/?s={search_term_string}\"},\"query-input\":{\"@type\":\"PropertyValueSpecification\",\"valueRequired\":true,\"valueName\":\"search_term_string\"}}],\"inLanguage\":\"fr-FR\"},{\"@type\":\"Person\",\"@id\":\"https:\\\/\\\/fr.motocrossmag.be\\\/#\\\/schema\\\/person\\\/11b47143d9f755babca2c9110e03235c\",\"name\":\"oliviere\",\"image\":{\"@type\":\"ImageObject\",\"inLanguage\":\"fr-FR\",\"@id\":\"https:\\\/\\\/secure.gravatar.com\\\/avatar\\\/907069e0b81d119452040469e4a7501da1100f54f7f80180ce77bfab718288f6?s=96&d=mm&r=g\",\"url\":\"https:\\\/\\\/secure.gravatar.com\\\/avatar\\\/907069e0b81d119452040469e4a7501da1100f54f7f80180ce77bfab718288f6?s=96&d=mm&r=g\",\"contentUrl\":\"https:\\\/\\\/secure.gravatar.com\\\/avatar\\\/907069e0b81d119452040469e4a7501da1100f54f7f80180ce77bfab718288f6?s=96&d=mm&r=g\",\"caption\":\"oliviere\"},\"sameAs\":[\"http:\\\/\\\/www.motocrossmag.be\"],\"url\":\"https:\\\/\\\/fr.motocrossmag.be\\\/index.php\\\/author\\\/oliviere\\\/\"}]}<\/script>\n<!-- \/ Yoast SEO plugin. -->","yoast_head_json":{"title":"Essai Kawasaki KX-F 450 2012 | Kawasaki place la barre tr\u00e8s haut ! - Motocross - Enduro - Supermoto | MotocrossMag","robots":{"index":"index","follow":"follow","max-snippet":"max-snippet:-1","max-image-preview":"max-image-preview:large","max-video-preview":"max-video-preview:-1"},"canonical":"https:\/\/fr.motocrossmag.be\/index.php\/2011\/07\/essai-kawasaki-kx-f-450-2012-kawasaki-place-la-barre-tres-haut\/","og_locale":"fr_FR","og_type":"article","og_title":"Essai Kawasaki KX-F 450 2012 | Kawasaki place la barre tr\u00e8s haut ! - Motocross - Enduro - Supermoto | MotocrossMag","og_description":"Kawasaki semble vouloir tourner la page du pr\u00eat-\u00e0\u00a0-porter. Avec sa nouvelle KX-F 450, le constructeur Japonais entre de plain pied dans l&rsquo;\u00e8re de la haute couture. Entendez par l\u00e0\u00a0 qu&rsquo;il [...]","og_url":"https:\/\/fr.motocrossmag.be\/index.php\/2011\/07\/essai-kawasaki-kx-f-450-2012-kawasaki-place-la-barre-tres-haut\/","og_site_name":"Motocross - Enduro - Supermoto | MotocrossMag","article_published_time":"2011-07-14T21:24:17+00:00","article_modified_time":"2011-07-17T16:37:41+00:00","og_image":[{"url":"http:\/\/fr.motocrossmag.be\/wp-content\/uploads\/2011\/07\/kx12_static.jpg","type":"","width":"","height":""}],"author":"oliviere","twitter_card":"summary_large_image","twitter_misc":{"\u00c9crit par":"oliviere","Dur\u00e9e de lecture estim\u00e9e":"6 minutes"},"schema":{"@context":"https:\/\/schema.org","@graph":[{"@type":"Article","@id":"https:\/\/fr.motocrossmag.be\/index.php\/2011\/07\/essai-kawasaki-kx-f-450-2012-kawasaki-place-la-barre-tres-haut\/#article","isPartOf":{"@id":"https:\/\/fr.motocrossmag.be\/index.php\/2011\/07\/essai-kawasaki-kx-f-450-2012-kawasaki-place-la-barre-tres-haut\/"},"author":{"name":"oliviere","@id":"https:\/\/fr.motocrossmag.be\/#\/schema\/person\/11b47143d9f755babca2c9110e03235c"},"headline":"Essai Kawasaki KX-F 450 2012 | Kawasaki place la barre tr\u00e8s haut !","datePublished":"2011-07-14T21:24:17+00:00","dateModified":"2011-07-17T16:37:41+00:00","mainEntityOfPage":{"@id":"https:\/\/fr.motocrossmag.be\/index.php\/2011\/07\/essai-kawasaki-kx-f-450-2012-kawasaki-place-la-barre-tres-haut\/"},"wordCount":1224,"commentCount":0,"image":{"@id":"https:\/\/fr.motocrossmag.be\/index.php\/2011\/07\/essai-kawasaki-kx-f-450-2012-kawasaki-place-la-barre-tres-haut\/#primaryimage"},"thumbnailUrl":"http:\/\/fr.motocrossmag.be\/wp-content\/uploads\/2011\/07\/kx12_static.jpg","articleSection":["Actualit\u00e9","Essais","Essais","Motocross","Slideshow"],"inLanguage":"fr-FR","potentialAction":[{"@type":"CommentAction","name":"Comment","target":["https:\/\/fr.motocrossmag.be\/index.php\/2011\/07\/essai-kawasaki-kx-f-450-2012-kawasaki-place-la-barre-tres-haut\/#respond"]}]},{"@type":"WebPage","@id":"https:\/\/fr.motocrossmag.be\/index.php\/2011\/07\/essai-kawasaki-kx-f-450-2012-kawasaki-place-la-barre-tres-haut\/","url":"https:\/\/fr.motocrossmag.be\/index.php\/2011\/07\/essai-kawasaki-kx-f-450-2012-kawasaki-place-la-barre-tres-haut\/","name":"Essai Kawasaki KX-F 450 2012 | Kawasaki place la barre tr\u00e8s haut ! - Motocross - Enduro - Supermoto | MotocrossMag","isPartOf":{"@id":"https:\/\/fr.motocrossmag.be\/#website"},"primaryImageOfPage":{"@id":"https:\/\/fr.motocrossmag.be\/index.php\/2011\/07\/essai-kawasaki-kx-f-450-2012-kawasaki-place-la-barre-tres-haut\/#primaryimage"},"image":{"@id":"https:\/\/fr.motocrossmag.be\/index.php\/2011\/07\/essai-kawasaki-kx-f-450-2012-kawasaki-place-la-barre-tres-haut\/#primaryimage"},"thumbnailUrl":"http:\/\/fr.motocrossmag.be\/wp-content\/uploads\/2011\/07\/kx12_static.jpg","datePublished":"2011-07-14T21:24:17+00:00","dateModified":"2011-07-17T16:37:41+00:00","author":{"@id":"https:\/\/fr.motocrossmag.be\/#\/schema\/person\/11b47143d9f755babca2c9110e03235c"},"breadcrumb":{"@id":"https:\/\/fr.motocrossmag.be\/index.php\/2011\/07\/essai-kawasaki-kx-f-450-2012-kawasaki-place-la-barre-tres-haut\/#breadcrumb"},"inLanguage":"fr-FR","potentialAction":[{"@type":"ReadAction","target":["https:\/\/fr.motocrossmag.be\/index.php\/2011\/07\/essai-kawasaki-kx-f-450-2012-kawasaki-place-la-barre-tres-haut\/"]}]},{"@type":"ImageObject","inLanguage":"fr-FR","@id":"https:\/\/fr.motocrossmag.be\/index.php\/2011\/07\/essai-kawasaki-kx-f-450-2012-kawasaki-place-la-barre-tres-haut\/#primaryimage","url":"https:\/\/fr.motocrossmag.be\/wp-content\/uploads\/2011\/07\/kx12_static.jpg","contentUrl":"https:\/\/fr.motocrossmag.be\/wp-content\/uploads\/2011\/07\/kx12_static.jpg","width":500,"height":333},{"@type":"BreadcrumbList","@id":"https:\/\/fr.motocrossmag.be\/index.php\/2011\/07\/essai-kawasaki-kx-f-450-2012-kawasaki-place-la-barre-tres-haut\/#breadcrumb","itemListElement":[{"@type":"ListItem","position":1,"name":"Accueil","item":"https:\/\/fr.motocrossmag.be\/"},{"@type":"ListItem","position":2,"name":"Essai Kawasaki KX-F 450 2012 | Kawasaki place la barre tr\u00e8s haut !"}]},{"@type":"WebSite","@id":"https:\/\/fr.motocrossmag.be\/#website","url":"https:\/\/fr.motocrossmag.be\/","name":"Motocross - Enduro - Supermoto | MotocrossMag","description":"L&#039;actualit\u00e9 du motocross, de l&#039;enduro et du Supermoto en ligne!","potentialAction":[{"@type":"SearchAction","target":{"@type":"EntryPoint","urlTemplate":"https:\/\/fr.motocrossmag.be\/?s={search_term_string}"},"query-input":{"@type":"PropertyValueSpecification","valueRequired":true,"valueName":"search_term_string"}}],"inLanguage":"fr-FR"},{"@type":"Person","@id":"https:\/\/fr.motocrossmag.be\/#\/schema\/person\/11b47143d9f755babca2c9110e03235c","name":"oliviere","image":{"@type":"ImageObject","inLanguage":"fr-FR","@id":"https:\/\/secure.gravatar.com\/avatar\/907069e0b81d119452040469e4a7501da1100f54f7f80180ce77bfab718288f6?s=96&d=mm&r=g","url":"https:\/\/secure.gravatar.com\/avatar\/907069e0b81d119452040469e4a7501da1100f54f7f80180ce77bfab718288f6?s=96&d=mm&r=g","contentUrl":"https:\/\/secure.gravatar.com\/avatar\/907069e0b81d119452040469e4a7501da1100f54f7f80180ce77bfab718288f6?s=96&d=mm&r=g","caption":"oliviere"},"sameAs":["http:\/\/www.motocrossmag.be"],"url":"https:\/\/fr.motocrossmag.be\/index.php\/author\/oliviere\/"}]}},"_links":{"self":[{"href":"https:\/\/fr.motocrossmag.be\/index.php\/wp-json\/wp\/v2\/posts\/11768","targetHints":{"allow":["GET"]}}],"collection":[{"href":"https:\/\/fr.motocrossmag.be\/index.php\/wp-json\/wp\/v2\/posts"}],"about":[{"href":"https:\/\/fr.motocrossmag.be\/index.php\/wp-json\/wp\/v2\/types\/post"}],"author":[{"embeddable":true,"href":"https:\/\/fr.motocrossmag.be\/index.php\/wp-json\/wp\/v2\/users\/932"}],"replies":[{"embeddable":true,"href":"https:\/\/fr.motocrossmag.be\/index.php\/wp-json\/wp\/v2\/comments?post=11768"}],"version-history":[{"count":0,"href":"https:\/\/fr.motocrossmag.be\/index.php\/wp-json\/wp\/v2\/posts\/11768\/revisions"}],"wp:attachment":[{"href":"https:\/\/fr.motocrossmag.be\/index.php\/wp-json\/wp\/v2\/media?parent=11768"}],"wp:term":[{"taxonomy":"category","embeddable":true,"href":"https:\/\/fr.motocrossmag.be\/index.php\/wp-json\/wp\/v2\/categories?post=11768"},{"taxonomy":"post_tag","embeddable":true,"href":"https:\/\/fr.motocrossmag.be\/index.php\/wp-json\/wp\/v2\/tags?post=11768"}],"curies":[{"name":"wp","href":"https:\/\/api.w.org\/{rel}","templated":true}]}}