{"id":117699,"date":"2022-05-18T11:40:15","date_gmt":"2022-05-18T09:40:15","guid":{"rendered":"http:\/\/fr.motocrossmag.be\/?p=117699"},"modified":"2022-05-18T11:40:24","modified_gmt":"2022-05-18T09:40:24","slug":"so-watts-e-motocross-lancement-reussi-a-cherain","status":"publish","type":"post","link":"https:\/\/fr.motocrossmag.be\/index.php\/2022\/05\/so-watts-e-motocross-lancement-reussi-a-cherain\/","title":{"rendered":"So Watts : E-Motocross : lancement r\u00e9ussi \u00e0 Cherain"},"content":{"rendered":"<p><strong>Le projet \u00ab\u00a0So Watts : E-motocross\u00a0\u00bb port\u00e9 par l&rsquo;asbl MotoDev en collaboration avec la FMWB a pris son envol le week-end dernier \u00e0 Cherain. Une premi\u00e8re r\u00e9ussie pour ce programme de promotion de la moto aupr\u00e8s des plus jeunes, \u00e0 travers une initiation encadr\u00e9e par des moniteurs agr\u00e9\u00e9s, dans un cadre adapt\u00e9 et sur des machines \u00e9lectriques dont les batteries sont recharg\u00e9es gr\u00e2ce \u00e0 l&rsquo;\u00e9nergie solaire.<\/strong><\/p>\n<p>\u00ab\u00a0Gr\u00e2ce au club de Cherain, nous avons pu b\u00e9n\u00e9ficier d\u2019un emplacement id\u00e9al entre le circuit et le parking pilote. Nous avions de quoi proposer aux pilotes un site s\u00e9curisant et s\u00e9curis\u00e9\u00a0\u00bb, commente Thierry Klutz, directeur technique de la FMWB. \u00ab\u00a0Le projet a \u00e9t\u00e9 un r\u00e9el succ\u00e8s le samedi et le dimanche. Le samedi, 58 pilotes diff\u00e9rents ont test\u00e9 les motos. Dans ces pilotes, 21 \u00e9taient non licenci\u00e9s. Dans ces 21 pilotes, il y a 8 enfants qui sont venus \u00e0 la suite de la publicit\u00e9 que nous avons effectu\u00e9e aupr\u00e8s des \u00e9coles locales (essai gratuit + entr\u00e9e gratuite pour l\u2019accompagnant) et les autres, ce sont des enfants de spectateurs ou fr\u00e8res ou s\u0153ur d\u2019enfants ou parents qui roulent d\u00e9j\u00e0.\u00a0\u00bb<\/p>\n<p>\u00ab\u00a0Le dimanche, ce sont quelque 65 pilotes diff\u00e9rents qui ont test\u00e9 les motos\u00a0\u00bb, poursuit Klutz. \u00ab\u00a0Dans ces 65 pilotes, 56 pilotes \u00e9taient des non licenci\u00e9s. Nous avons donc eu 117 pilotes diff\u00e9rents durant le week-end. A savoir que 32 d\u2019entre eux sont revenus rouler une seconde fois. Concernant le projet \u00ab\u00a0So Watts\u00a0: E-Motocross\u00a0\u00bb, notre but est donc rempli. Les pilotes des motos thermiques qui ont test\u00e9 la moto \u00e9lectrique ont \u00e9t\u00e9 enchant\u00e9s de la performance des motos, ce qui pourraient les orienter vers ce type de moto \u00e0 l\u2019avenir. Pour les autres qui n\u2019avaient jamais pratiqu\u00e9, ils adorent car l\u2019utilisation est simple. Un bouton pour d\u00e9marrer et pas de contraintes de vitesses \u00e0 changer.\u00a0\u00bb<\/p>\n<p><img decoding=\"async\" class=\"lazyload alignnone size-full wp-image-117701\" src=\"data:image\/svg+xml,%3Csvg%20xmlns%3D%27http%3A%2F%2Fwww.w3.org%2F2000%2Fsvg%27%20width%3D%27598%27%20height%3D%27560%27%20viewBox%3D%270%200%20598%20560%27%3E%3Crect%20width%3D%27598%27%20height%3D%27560%27%20fill-opacity%3D%220%22%2F%3E%3C%2Fsvg%3E\" data-orig-src=\"http:\/\/fr.motocrossmag.be\/wp-content\/uploads\/2022\/05\/So-Watts-Cherin-2022-05-9-e1652866787187.jpg\" alt=\"\" width=\"598\" height=\"560\" \/><\/p>\n<p>\u00ab\u00a0Il faut souligner que nous \u00e9tions totalement \u00ab\u00a0z\u00e9ro \u00e9mission de gaz \u00e0 effet de serre\u00a0\u00bb durant tout le week-end. En effet, gr\u00e2ce au soutien d\u2019un partenaire (Enersol), nous avons pu profiter d\u2019une remorque avec des batteries et des panneaux photovolta\u00efques qui nous permettaient de recharger les motos sans utiliser de groupe \u00e9lectrog\u00e8ne\u00a0\u00bb, explique encore Klutz avant d&rsquo;ajouter que \u00ab\u00a0de nombreux parents ont demand\u00e9 comment continuer \u00e0 pratiquer la discipline de mani\u00e8re cadr\u00e9e et avec mise \u00e0 disposition des motos. Il existe pour cela les stages adeps d\u2019initiation \u00e0 la moto\/multisport pour r\u00e9pondre \u00e0 une partie de cette demande. Ceux-ci se d\u00e9roulent pendant les vacances d\u2019\u00e9t\u00e9 (6 semaines au total\u00a0: <a href=\"http:\/\/www.adeps.be\" target=\"_blank\" rel=\"noopener\">www.adeps.be<\/a> onglet \u00ab\u00a0s\u2019inscrire \u00e0 un stage\u00a0\u00bb). Cependant, l\u2019offre de l\u2019adeps ne permet pas de r\u00e9pondre \u00e0 toute la demande, raison pour laquelle nous esp\u00e9rons que des clubs seront motiver de d\u00e9velopper, dans leur commune ou sur le circuit, des stages ponctuels ou des encadrements r\u00e9guliers de la moto tout-terrain \u00e9lectrique.\u00a0\u00bb<\/p>\n<p>La moto \u00e9lectrique, notamment parce qu&rsquo;elle ne n\u00e9cessite pas de permis d\u2019environnement pour son utilisation, reste une activit\u00e9 attractive pour les jeunes. Nous avons donc l\u00e0 un outil unique. C\u2019est gr\u00e2ce aux clubs qu\u2019une continuit\u00e9 \u00e0 notre projet \u00ab\u00a0So Watts\u00a0: E-Motocross\u00a0\u00bb peut \u00eatre envisag\u00e9e. Pour tous les clubs qui souhaiteraient lancer le projet, ils peuvent bien \u00e9videmment me contacter par mail \u00e0 <a href=\"mailto:dt@fmwb.be\">dt@fmwb.be<\/a> ou m\u2019appeler au 0477446735&Prime;, conclut le Li\u00e9geois.<\/p>\n<p>La prochaine organisation \u00ab\u00a0So Watts : E-motocross\u00a0\u00bb est programm\u00e9e les 6 et 7 ao\u00fbt \u00e0 Warsage, juste avant de s&rsquo;installer sur le site des 12 Heures de la Chinelle les 14 et 15 ao\u00fbt.<\/p>\n","protected":false},"excerpt":{"rendered":"<p>Le projet \u00ab\u00a0So Watts : E-motocross\u00a0\u00bb port\u00e9 par l&rsquo;asbl MotoDev en collaboration avec la FMWB a pris son envol le week-end dernier \u00e0 Cherain. Une premi\u00e8re r\u00e9ussie pour ce programme [&#8230;]<\/p>\n","protected":false},"author":932,"featured_media":117700,"comment_status":"open","ping_status":"closed","sticky":false,"template":"","format":"standard","meta":{"footnotes":""},"categories":[54,1077,44,4,5,45,55,65],"tags":[1175,947,981],"class_list":["post-117699","post","type-post","status-publish","format-standard","has-post-thumbnail","hentry","category-actualite","category-electrique","category-kids","category-motocross","category-news","category-news-kids","category-news-actualite","category-slideshow","tag-electrique","tag-motocross","tag-thierry-klutz"],"yoast_head":"<!-- This site is optimized with the Yoast SEO plugin v27.5 - https:\/\/yoast.com\/product\/yoast-seo-wordpress\/ -->\n<title>So Watts : E-Motocross : lancement r\u00e9ussi \u00e0 Cherain - Motocross - Enduro - Supermoto | MotocrossMag<\/title>\n<meta name=\"robots\" content=\"index, follow, max-snippet:-1, max-image-preview:large, max-video-preview:-1\" \/>\n<link rel=\"canonical\" href=\"https:\/\/fr.motocrossmag.be\/index.php\/2022\/05\/so-watts-e-motocross-lancement-reussi-a-cherain\/\" \/>\n<meta property=\"og:locale\" content=\"fr_FR\" \/>\n<meta property=\"og:type\" content=\"article\" \/>\n<meta property=\"og:title\" content=\"So Watts : E-Motocross : lancement r\u00e9ussi \u00e0 Cherain - Motocross - Enduro - Supermoto | MotocrossMag\" \/>\n<meta property=\"og:description\" content=\"Le projet \u00ab\u00a0So Watts : E-motocross\u00a0\u00bb port\u00e9 par l&rsquo;asbl MotoDev en collaboration avec la FMWB a pris son envol le week-end dernier \u00e0 Cherain. Une premi\u00e8re r\u00e9ussie pour ce programme [...]\" \/>\n<meta property=\"og:url\" content=\"https:\/\/fr.motocrossmag.be\/index.php\/2022\/05\/so-watts-e-motocross-lancement-reussi-a-cherain\/\" \/>\n<meta property=\"og:site_name\" content=\"Motocross - Enduro - Supermoto | MotocrossMag\" \/>\n<meta property=\"article:published_time\" content=\"2022-05-18T09:40:15+00:00\" \/>\n<meta property=\"article:modified_time\" content=\"2022-05-18T09:40:24+00:00\" \/>\n<meta property=\"og:image\" content=\"https:\/\/fr.motocrossmag.be\/wp-content\/uploads\/2022\/05\/So-Watts-Cherrain-2022.jpg\" \/>\n\t<meta property=\"og:image:width\" content=\"1000\" \/>\n\t<meta property=\"og:image:height\" content=\"721\" \/>\n\t<meta property=\"og:image:type\" content=\"image\/jpeg\" \/>\n<meta name=\"author\" content=\"oliviere\" \/>\n<meta name=\"twitter:card\" content=\"summary_large_image\" \/>\n<meta name=\"twitter:label1\" content=\"\u00c9crit par\" \/>\n\t<meta name=\"twitter:data1\" content=\"oliviere\" \/>\n\t<meta name=\"twitter:label2\" content=\"Dur\u00e9e de lecture estim\u00e9e\" \/>\n\t<meta name=\"twitter:data2\" content=\"3 minutes\" \/>\n<script type=\"application\/ld+json\" class=\"yoast-schema-graph\">{\"@context\":\"https:\\\/\\\/schema.org\",\"@graph\":[{\"@type\":\"Article\",\"@id\":\"https:\\\/\\\/fr.motocrossmag.be\\\/index.php\\\/2022\\\/05\\\/so-watts-e-motocross-lancement-reussi-a-cherain\\\/#article\",\"isPartOf\":{\"@id\":\"https:\\\/\\\/fr.motocrossmag.be\\\/index.php\\\/2022\\\/05\\\/so-watts-e-motocross-lancement-reussi-a-cherain\\\/\"},\"author\":{\"name\":\"oliviere\",\"@id\":\"https:\\\/\\\/fr.motocrossmag.be\\\/#\\\/schema\\\/person\\\/11b47143d9f755babca2c9110e03235c\"},\"headline\":\"So Watts : E-Motocross : lancement r\u00e9ussi \u00e0 Cherain\",\"datePublished\":\"2022-05-18T09:40:15+00:00\",\"dateModified\":\"2022-05-18T09:40:24+00:00\",\"mainEntityOfPage\":{\"@id\":\"https:\\\/\\\/fr.motocrossmag.be\\\/index.php\\\/2022\\\/05\\\/so-watts-e-motocross-lancement-reussi-a-cherain\\\/\"},\"wordCount\":609,\"commentCount\":0,\"image\":{\"@id\":\"https:\\\/\\\/fr.motocrossmag.be\\\/index.php\\\/2022\\\/05\\\/so-watts-e-motocross-lancement-reussi-a-cherain\\\/#primaryimage\"},\"thumbnailUrl\":\"https:\\\/\\\/fr.motocrossmag.be\\\/wp-content\\\/uploads\\\/2022\\\/05\\\/So-Watts-Cherrain-2022.jpg\",\"keywords\":[\"electrique\",\"Motocross\",\"thierry klutz\"],\"articleSection\":[\"Actualit\u00e9\",\"Electrique\",\"Kids\",\"Motocross\",\"News\",\"News\",\"News\",\"Slideshow\"],\"inLanguage\":\"fr-FR\",\"potentialAction\":[{\"@type\":\"CommentAction\",\"name\":\"Comment\",\"target\":[\"https:\\\/\\\/fr.motocrossmag.be\\\/index.php\\\/2022\\\/05\\\/so-watts-e-motocross-lancement-reussi-a-cherain\\\/#respond\"]}]},{\"@type\":\"WebPage\",\"@id\":\"https:\\\/\\\/fr.motocrossmag.be\\\/index.php\\\/2022\\\/05\\\/so-watts-e-motocross-lancement-reussi-a-cherain\\\/\",\"url\":\"https:\\\/\\\/fr.motocrossmag.be\\\/index.php\\\/2022\\\/05\\\/so-watts-e-motocross-lancement-reussi-a-cherain\\\/\",\"name\":\"So Watts : E-Motocross : lancement r\u00e9ussi \u00e0 Cherain - Motocross - Enduro - Supermoto | MotocrossMag\",\"isPartOf\":{\"@id\":\"https:\\\/\\\/fr.motocrossmag.be\\\/#website\"},\"primaryImageOfPage\":{\"@id\":\"https:\\\/\\\/fr.motocrossmag.be\\\/index.php\\\/2022\\\/05\\\/so-watts-e-motocross-lancement-reussi-a-cherain\\\/#primaryimage\"},\"image\":{\"@id\":\"https:\\\/\\\/fr.motocrossmag.be\\\/index.php\\\/2022\\\/05\\\/so-watts-e-motocross-lancement-reussi-a-cherain\\\/#primaryimage\"},\"thumbnailUrl\":\"https:\\\/\\\/fr.motocrossmag.be\\\/wp-content\\\/uploads\\\/2022\\\/05\\\/So-Watts-Cherrain-2022.jpg\",\"datePublished\":\"2022-05-18T09:40:15+00:00\",\"dateModified\":\"2022-05-18T09:40:24+00:00\",\"author\":{\"@id\":\"https:\\\/\\\/fr.motocrossmag.be\\\/#\\\/schema\\\/person\\\/11b47143d9f755babca2c9110e03235c\"},\"breadcrumb\":{\"@id\":\"https:\\\/\\\/fr.motocrossmag.be\\\/index.php\\\/2022\\\/05\\\/so-watts-e-motocross-lancement-reussi-a-cherain\\\/#breadcrumb\"},\"inLanguage\":\"fr-FR\",\"potentialAction\":[{\"@type\":\"ReadAction\",\"target\":[\"https:\\\/\\\/fr.motocrossmag.be\\\/index.php\\\/2022\\\/05\\\/so-watts-e-motocross-lancement-reussi-a-cherain\\\/\"]}]},{\"@type\":\"ImageObject\",\"inLanguage\":\"fr-FR\",\"@id\":\"https:\\\/\\\/fr.motocrossmag.be\\\/index.php\\\/2022\\\/05\\\/so-watts-e-motocross-lancement-reussi-a-cherain\\\/#primaryimage\",\"url\":\"https:\\\/\\\/fr.motocrossmag.be\\\/wp-content\\\/uploads\\\/2022\\\/05\\\/So-Watts-Cherrain-2022.jpg\",\"contentUrl\":\"https:\\\/\\\/fr.motocrossmag.be\\\/wp-content\\\/uploads\\\/2022\\\/05\\\/So-Watts-Cherrain-2022.jpg\",\"width\":\"1000\",\"height\":\"721\"},{\"@type\":\"BreadcrumbList\",\"@id\":\"https:\\\/\\\/fr.motocrossmag.be\\\/index.php\\\/2022\\\/05\\\/so-watts-e-motocross-lancement-reussi-a-cherain\\\/#breadcrumb\",\"itemListElement\":[{\"@type\":\"ListItem\",\"position\":1,\"name\":\"Accueil\",\"item\":\"https:\\\/\\\/fr.motocrossmag.be\\\/\"},{\"@type\":\"ListItem\",\"position\":2,\"name\":\"So Watts : E-Motocross : lancement r\u00e9ussi \u00e0 Cherain\"}]},{\"@type\":\"WebSite\",\"@id\":\"https:\\\/\\\/fr.motocrossmag.be\\\/#website\",\"url\":\"https:\\\/\\\/fr.motocrossmag.be\\\/\",\"name\":\"Motocross - Enduro - Supermoto | MotocrossMag\",\"description\":\"L&#039;actualit\u00e9 du motocross, de l&#039;enduro et du Supermoto en ligne!\",\"potentialAction\":[{\"@type\":\"SearchAction\",\"target\":{\"@type\":\"EntryPoint\",\"urlTemplate\":\"https:\\\/\\\/fr.motocrossmag.be\\\/?s={search_term_string}\"},\"query-input\":{\"@type\":\"PropertyValueSpecification\",\"valueRequired\":true,\"valueName\":\"search_term_string\"}}],\"inLanguage\":\"fr-FR\"},{\"@type\":\"Person\",\"@id\":\"https:\\\/\\\/fr.motocrossmag.be\\\/#\\\/schema\\\/person\\\/11b47143d9f755babca2c9110e03235c\",\"name\":\"oliviere\",\"image\":{\"@type\":\"ImageObject\",\"inLanguage\":\"fr-FR\",\"@id\":\"https:\\\/\\\/secure.gravatar.com\\\/avatar\\\/907069e0b81d119452040469e4a7501da1100f54f7f80180ce77bfab718288f6?s=96&d=mm&r=g\",\"url\":\"https:\\\/\\\/secure.gravatar.com\\\/avatar\\\/907069e0b81d119452040469e4a7501da1100f54f7f80180ce77bfab718288f6?s=96&d=mm&r=g\",\"contentUrl\":\"https:\\\/\\\/secure.gravatar.com\\\/avatar\\\/907069e0b81d119452040469e4a7501da1100f54f7f80180ce77bfab718288f6?s=96&d=mm&r=g\",\"caption\":\"oliviere\"},\"sameAs\":[\"http:\\\/\\\/www.motocrossmag.be\"],\"url\":\"https:\\\/\\\/fr.motocrossmag.be\\\/index.php\\\/author\\\/oliviere\\\/\"}]}<\/script>\n<!-- \/ Yoast SEO plugin. -->","yoast_head_json":{"title":"So Watts : E-Motocross : lancement r\u00e9ussi \u00e0 Cherain - Motocross - Enduro - Supermoto | MotocrossMag","robots":{"index":"index","follow":"follow","max-snippet":"max-snippet:-1","max-image-preview":"max-image-preview:large","max-video-preview":"max-video-preview:-1"},"canonical":"https:\/\/fr.motocrossmag.be\/index.php\/2022\/05\/so-watts-e-motocross-lancement-reussi-a-cherain\/","og_locale":"fr_FR","og_type":"article","og_title":"So Watts : E-Motocross : lancement r\u00e9ussi \u00e0 Cherain - Motocross - Enduro - Supermoto | MotocrossMag","og_description":"Le projet \u00ab\u00a0So Watts : E-motocross\u00a0\u00bb port\u00e9 par l&rsquo;asbl MotoDev en collaboration avec la FMWB a pris son envol le week-end dernier \u00e0 Cherain. Une premi\u00e8re r\u00e9ussie pour ce programme [...]","og_url":"https:\/\/fr.motocrossmag.be\/index.php\/2022\/05\/so-watts-e-motocross-lancement-reussi-a-cherain\/","og_site_name":"Motocross - Enduro - Supermoto | MotocrossMag","article_published_time":"2022-05-18T09:40:15+00:00","article_modified_time":"2022-05-18T09:40:24+00:00","og_image":[{"width":1000,"height":721,"url":"https:\/\/fr.motocrossmag.be\/wp-content\/uploads\/2022\/05\/So-Watts-Cherrain-2022.jpg","type":"image\/jpeg"}],"author":"oliviere","twitter_card":"summary_large_image","twitter_misc":{"\u00c9crit par":"oliviere","Dur\u00e9e de lecture estim\u00e9e":"3 minutes"},"schema":{"@context":"https:\/\/schema.org","@graph":[{"@type":"Article","@id":"https:\/\/fr.motocrossmag.be\/index.php\/2022\/05\/so-watts-e-motocross-lancement-reussi-a-cherain\/#article","isPartOf":{"@id":"https:\/\/fr.motocrossmag.be\/index.php\/2022\/05\/so-watts-e-motocross-lancement-reussi-a-cherain\/"},"author":{"name":"oliviere","@id":"https:\/\/fr.motocrossmag.be\/#\/schema\/person\/11b47143d9f755babca2c9110e03235c"},"headline":"So Watts : E-Motocross : lancement r\u00e9ussi \u00e0 Cherain","datePublished":"2022-05-18T09:40:15+00:00","dateModified":"2022-05-18T09:40:24+00:00","mainEntityOfPage":{"@id":"https:\/\/fr.motocrossmag.be\/index.php\/2022\/05\/so-watts-e-motocross-lancement-reussi-a-cherain\/"},"wordCount":609,"commentCount":0,"image":{"@id":"https:\/\/fr.motocrossmag.be\/index.php\/2022\/05\/so-watts-e-motocross-lancement-reussi-a-cherain\/#primaryimage"},"thumbnailUrl":"https:\/\/fr.motocrossmag.be\/wp-content\/uploads\/2022\/05\/So-Watts-Cherrain-2022.jpg","keywords":["electrique","Motocross","thierry klutz"],"articleSection":["Actualit\u00e9","Electrique","Kids","Motocross","News","News","News","Slideshow"],"inLanguage":"fr-FR","potentialAction":[{"@type":"CommentAction","name":"Comment","target":["https:\/\/fr.motocrossmag.be\/index.php\/2022\/05\/so-watts-e-motocross-lancement-reussi-a-cherain\/#respond"]}]},{"@type":"WebPage","@id":"https:\/\/fr.motocrossmag.be\/index.php\/2022\/05\/so-watts-e-motocross-lancement-reussi-a-cherain\/","url":"https:\/\/fr.motocrossmag.be\/index.php\/2022\/05\/so-watts-e-motocross-lancement-reussi-a-cherain\/","name":"So Watts : E-Motocross : lancement r\u00e9ussi \u00e0 Cherain - Motocross - Enduro - Supermoto | MotocrossMag","isPartOf":{"@id":"https:\/\/fr.motocrossmag.be\/#website"},"primaryImageOfPage":{"@id":"https:\/\/fr.motocrossmag.be\/index.php\/2022\/05\/so-watts-e-motocross-lancement-reussi-a-cherain\/#primaryimage"},"image":{"@id":"https:\/\/fr.motocrossmag.be\/index.php\/2022\/05\/so-watts-e-motocross-lancement-reussi-a-cherain\/#primaryimage"},"thumbnailUrl":"https:\/\/fr.motocrossmag.be\/wp-content\/uploads\/2022\/05\/So-Watts-Cherrain-2022.jpg","datePublished":"2022-05-18T09:40:15+00:00","dateModified":"2022-05-18T09:40:24+00:00","author":{"@id":"https:\/\/fr.motocrossmag.be\/#\/schema\/person\/11b47143d9f755babca2c9110e03235c"},"breadcrumb":{"@id":"https:\/\/fr.motocrossmag.be\/index.php\/2022\/05\/so-watts-e-motocross-lancement-reussi-a-cherain\/#breadcrumb"},"inLanguage":"fr-FR","potentialAction":[{"@type":"ReadAction","target":["https:\/\/fr.motocrossmag.be\/index.php\/2022\/05\/so-watts-e-motocross-lancement-reussi-a-cherain\/"]}]},{"@type":"ImageObject","inLanguage":"fr-FR","@id":"https:\/\/fr.motocrossmag.be\/index.php\/2022\/05\/so-watts-e-motocross-lancement-reussi-a-cherain\/#primaryimage","url":"https:\/\/fr.motocrossmag.be\/wp-content\/uploads\/2022\/05\/So-Watts-Cherrain-2022.jpg","contentUrl":"https:\/\/fr.motocrossmag.be\/wp-content\/uploads\/2022\/05\/So-Watts-Cherrain-2022.jpg","width":"1000","height":"721"},{"@type":"BreadcrumbList","@id":"https:\/\/fr.motocrossmag.be\/index.php\/2022\/05\/so-watts-e-motocross-lancement-reussi-a-cherain\/#breadcrumb","itemListElement":[{"@type":"ListItem","position":1,"name":"Accueil","item":"https:\/\/fr.motocrossmag.be\/"},{"@type":"ListItem","position":2,"name":"So Watts : E-Motocross : lancement r\u00e9ussi \u00e0 Cherain"}]},{"@type":"WebSite","@id":"https:\/\/fr.motocrossmag.be\/#website","url":"https:\/\/fr.motocrossmag.be\/","name":"Motocross - Enduro - Supermoto | MotocrossMag","description":"L&#039;actualit\u00e9 du motocross, de l&#039;enduro et du Supermoto en ligne!","potentialAction":[{"@type":"SearchAction","target":{"@type":"EntryPoint","urlTemplate":"https:\/\/fr.motocrossmag.be\/?s={search_term_string}"},"query-input":{"@type":"PropertyValueSpecification","valueRequired":true,"valueName":"search_term_string"}}],"inLanguage":"fr-FR"},{"@type":"Person","@id":"https:\/\/fr.motocrossmag.be\/#\/schema\/person\/11b47143d9f755babca2c9110e03235c","name":"oliviere","image":{"@type":"ImageObject","inLanguage":"fr-FR","@id":"https:\/\/secure.gravatar.com\/avatar\/907069e0b81d119452040469e4a7501da1100f54f7f80180ce77bfab718288f6?s=96&d=mm&r=g","url":"https:\/\/secure.gravatar.com\/avatar\/907069e0b81d119452040469e4a7501da1100f54f7f80180ce77bfab718288f6?s=96&d=mm&r=g","contentUrl":"https:\/\/secure.gravatar.com\/avatar\/907069e0b81d119452040469e4a7501da1100f54f7f80180ce77bfab718288f6?s=96&d=mm&r=g","caption":"oliviere"},"sameAs":["http:\/\/www.motocrossmag.be"],"url":"https:\/\/fr.motocrossmag.be\/index.php\/author\/oliviere\/"}]}},"_links":{"self":[{"href":"https:\/\/fr.motocrossmag.be\/index.php\/wp-json\/wp\/v2\/posts\/117699","targetHints":{"allow":["GET"]}}],"collection":[{"href":"https:\/\/fr.motocrossmag.be\/index.php\/wp-json\/wp\/v2\/posts"}],"about":[{"href":"https:\/\/fr.motocrossmag.be\/index.php\/wp-json\/wp\/v2\/types\/post"}],"author":[{"embeddable":true,"href":"https:\/\/fr.motocrossmag.be\/index.php\/wp-json\/wp\/v2\/users\/932"}],"replies":[{"embeddable":true,"href":"https:\/\/fr.motocrossmag.be\/index.php\/wp-json\/wp\/v2\/comments?post=117699"}],"version-history":[{"count":0,"href":"https:\/\/fr.motocrossmag.be\/index.php\/wp-json\/wp\/v2\/posts\/117699\/revisions"}],"wp:featuredmedia":[{"embeddable":true,"href":"https:\/\/fr.motocrossmag.be\/index.php\/wp-json\/wp\/v2\/media\/117700"}],"wp:attachment":[{"href":"https:\/\/fr.motocrossmag.be\/index.php\/wp-json\/wp\/v2\/media?parent=117699"}],"wp:term":[{"taxonomy":"category","embeddable":true,"href":"https:\/\/fr.motocrossmag.be\/index.php\/wp-json\/wp\/v2\/categories?post=117699"},{"taxonomy":"post_tag","embeddable":true,"href":"https:\/\/fr.motocrossmag.be\/index.php\/wp-json\/wp\/v2\/tags?post=117699"}],"curies":[{"name":"wp","href":"https:\/\/api.w.org\/{rel}","templated":true}]}}