{"id":11776,"date":"2011-07-06T13:07:53","date_gmt":"2011-07-06T12:07:53","guid":{"rendered":"http:\/\/fr.motocrossmag.be\/?p=11776"},"modified":"2011-07-06T13:07:53","modified_gmt":"2011-07-06T12:07:53","slug":"galerie-photos-mxgp-en-suede-les-photos","status":"publish","type":"post","link":"https:\/\/fr.motocrossmag.be\/index.php\/2011\/07\/galerie-photos-mxgp-en-suede-les-photos\/","title":{"rendered":"Galerie photos | MXGP en Su\u00e8de: les photos"},"content":{"rendered":"<p>Plus de 80 photos du GP d&rsquo;Uddevalla le week-end pass\u00e9, ramen\u00e9es par CDS, notre photographe \u00ab\u00a0maison\u00a0\u00bb. En Su\u00e8de, du spectacle sur la piste bien s\u00e0\u00bbr mais aussi tout autour, comme vous le constaterez dans cette galerie photos format XXL!<\/p>\n<p>Photos: CDS<\/p><div class=\"qkxyb6a9864bbd2dfa\" ><!-- \/91277017\/Inline-articles-mobile -->\n<div style=\"margin:auto; text-align:center !important\">\n<div id='div-gpt-ad-1784982661365-0' style='min-width: 250px; min-height: 75px;'>\n  <script>\n    googletag.cmd.push(function() { googletag.display('div-gpt-ad-1784982661365-0'); });\n  <\/script>\n<\/div><\/div><\/div><style type=\"text\/css\">\r\n.qkxyb6a9864bbd2dfa {\r\nmargin-bottom:30px;margin-top:20px\r\n}\r\n@media screen and (min-width: 1201px) {\r\n.qkxyb6a9864bbd2dfa {\r\ndisplay: block;\r\n}\r\n}\r\n@media screen and (min-width: 993px) and (max-width: 1200px) {\r\n.qkxyb6a9864bbd2dfa {\r\ndisplay: block;\r\n}\r\n}\r\n@media screen and (min-width: 769px) and (max-width: 992px) {\r\n.qkxyb6a9864bbd2dfa {\r\ndisplay: block;\r\n}\r\n}\r\n@media screen and (min-width: 768px) and (max-width: 768px) {\r\n.qkxyb6a9864bbd2dfa {\r\ndisplay: block;\r\n}\r\n}\r\n@media screen and (max-width: 767px) {\r\n.qkxyb6a9864bbd2dfa {\r\ndisplay: block;\r\n}\r\n}\r\n<\/style>\r\n\n<p><a rel=\"lightbox dia=1\" href=\"http:\/\/fr.motocrossmag.be\/wp-content\/uploads\/2011\/07\/_ds_1381.jpg\"><img decoding=\"async\" class=\"alignnone size-thumbnail wp-image-11861\" title=\"_ds_1381\" src=\"http:\/\/fr.motocrossmag.be\/wp-content\/uploads\/2011\/07\/_ds_1381-150x150.jpg\" alt=\"\" width=\"150\" height=\"150\" \/><\/a>\u00a0\u00a0 <a rel=\"lightbox dia=1\" href=\"http:\/\/fr.motocrossmag.be\/wp-content\/uploads\/2011\/07\/_ds_1383.jpg\"><img decoding=\"async\" class=\"alignnone size-thumbnail wp-image-11860\" title=\"_ds_1383\" src=\"http:\/\/fr.motocrossmag.be\/wp-content\/uploads\/2011\/07\/_ds_1383-150x150.jpg\" alt=\"\" width=\"150\" height=\"150\" \/><\/a>\u00a0\u00a0 <a rel=\"lightbox dia=1\" href=\"http:\/\/fr.motocrossmag.be\/wp-content\/uploads\/2011\/07\/_ds_1393.jpg\"><img decoding=\"async\" class=\"alignnone size-thumbnail wp-image-11859\" title=\"_ds_1393\" src=\"http:\/\/fr.motocrossmag.be\/wp-content\/uploads\/2011\/07\/_ds_1393-150x150.jpg\" alt=\"\" width=\"150\" height=\"150\" \/><\/a><br \/>\n<a rel=\"lightbox dia=1\" href=\"http:\/\/fr.motocrossmag.be\/wp-content\/uploads\/2011\/07\/_ds_1481.jpg\"><img decoding=\"async\" class=\"alignnone size-thumbnail wp-image-11858\" title=\"_ds_1481\" src=\"http:\/\/fr.motocrossmag.be\/wp-content\/uploads\/2011\/07\/_ds_1481-150x150.jpg\" alt=\"\" width=\"150\" height=\"150\" \/><\/a>\u00a0\u00a0 <a rel=\"lightbox dia=1\" href=\"http:\/\/fr.motocrossmag.be\/wp-content\/uploads\/2011\/07\/_ds_1586.jpg\"><img decoding=\"async\" class=\"alignnone size-thumbnail wp-image-11857\" title=\"_ds_1586\" src=\"http:\/\/fr.motocrossmag.be\/wp-content\/uploads\/2011\/07\/_ds_1586-150x150.jpg\" alt=\"\" width=\"150\" height=\"150\" \/><\/a>\u00a0\u00a0 <a rel=\"lightbox dia=1\" href=\"http:\/\/fr.motocrossmag.be\/wp-content\/uploads\/2011\/07\/_ds_1603.jpg\"><img decoding=\"async\" class=\"alignnone size-thumbnail wp-image-11856\" title=\"_ds_1603\" src=\"http:\/\/fr.motocrossmag.be\/wp-content\/uploads\/2011\/07\/_ds_1603-150x150.jpg\" alt=\"\" width=\"150\" height=\"150\" \/><\/a><br \/>\n<a rel=\"lightbox dia=1\" href=\"http:\/\/fr.motocrossmag.be\/wp-content\/uploads\/2011\/07\/_ds_1687.jpg\"><img decoding=\"async\" class=\"alignnone size-thumbnail wp-image-11855\" title=\"_ds_1687\" src=\"http:\/\/fr.motocrossmag.be\/wp-content\/uploads\/2011\/07\/_ds_1687-150x150.jpg\" alt=\"\" width=\"150\" height=\"150\" \/><\/a>\u00a0\u00a0 <a rel=\"lightbox dia=1\" href=\"http:\/\/fr.motocrossmag.be\/wp-content\/uploads\/2011\/07\/_ds_1691.jpg\"><img decoding=\"async\" class=\"alignnone size-thumbnail wp-image-11854\" title=\"_ds_1691\" src=\"http:\/\/fr.motocrossmag.be\/wp-content\/uploads\/2011\/07\/_ds_1691-150x150.jpg\" alt=\"\" width=\"150\" height=\"150\" \/><\/a>\u00a0\u00a0 <a rel=\"lightbox dia=1\" href=\"http:\/\/fr.motocrossmag.be\/wp-content\/uploads\/2011\/07\/_ds_1703.jpg\"><img decoding=\"async\" class=\"alignnone size-thumbnail wp-image-11853\" title=\"_ds_1703\" src=\"http:\/\/fr.motocrossmag.be\/wp-content\/uploads\/2011\/07\/_ds_1703-150x150.jpg\" alt=\"\" width=\"150\" height=\"150\" \/><\/a><br \/>\n<a rel=\"lightbox dia=1\" href=\"http:\/\/fr.motocrossmag.be\/wp-content\/uploads\/2011\/07\/_ds_1763.jpg\"><img decoding=\"async\" class=\"alignnone size-thumbnail wp-image-11852\" title=\"_ds_1763\" src=\"http:\/\/fr.motocrossmag.be\/wp-content\/uploads\/2011\/07\/_ds_1763-150x150.jpg\" alt=\"\" width=\"150\" height=\"150\" \/><\/a>\u00a0\u00a0 <a rel=\"lightbox dia=1\" href=\"http:\/\/fr.motocrossmag.be\/wp-content\/uploads\/2011\/07\/_ds_1789.jpg\"><img decoding=\"async\" class=\"alignnone size-thumbnail wp-image-11851\" title=\"_ds_1789\" src=\"http:\/\/fr.motocrossmag.be\/wp-content\/uploads\/2011\/07\/_ds_1789-150x150.jpg\" alt=\"\" width=\"150\" height=\"150\" \/><\/a>\u00a0\u00a0 <a rel=\"lightbox dia=1\" href=\"http:\/\/fr.motocrossmag.be\/wp-content\/uploads\/2011\/07\/_ds_1792.jpg\"><img decoding=\"async\" class=\"alignnone size-thumbnail wp-image-11850\" title=\"_ds_1792\" src=\"http:\/\/fr.motocrossmag.be\/wp-content\/uploads\/2011\/07\/_ds_1792-150x150.jpg\" alt=\"\" width=\"150\" height=\"150\" \/><\/a><br \/>\n<a rel=\"lightbox dia=1\" href=\"http:\/\/fr.motocrossmag.be\/wp-content\/uploads\/2011\/07\/_ds_1793.jpg\"><img decoding=\"async\" class=\"alignnone size-thumbnail wp-image-11849\" title=\"_ds_1793\" src=\"http:\/\/fr.motocrossmag.be\/wp-content\/uploads\/2011\/07\/_ds_1793-150x150.jpg\" alt=\"\" width=\"150\" height=\"150\" \/><\/a>\u00a0\u00a0 <a rel=\"lightbox dia=1\" href=\"http:\/\/fr.motocrossmag.be\/wp-content\/uploads\/2011\/07\/_ds_1797.jpg\"><img decoding=\"async\" class=\"alignnone size-thumbnail wp-image-11848\" title=\"_ds_1797\" src=\"http:\/\/fr.motocrossmag.be\/wp-content\/uploads\/2011\/07\/_ds_1797-150x150.jpg\" alt=\"\" width=\"150\" height=\"150\" \/><\/a>\u00a0\u00a0 <a rel=\"lightbox dia=1\" href=\"http:\/\/fr.motocrossmag.be\/wp-content\/uploads\/2011\/07\/_ds_1799.jpg\"><img decoding=\"async\" class=\"alignnone size-thumbnail wp-image-11847\" title=\"_ds_1799\" src=\"http:\/\/fr.motocrossmag.be\/wp-content\/uploads\/2011\/07\/_ds_1799-150x150.jpg\" alt=\"\" width=\"150\" height=\"150\" \/><\/a><br \/>\n<a rel=\"lightbox dia=1\" href=\"http:\/\/fr.motocrossmag.be\/wp-content\/uploads\/2011\/07\/_ds_1805.jpg\"><img decoding=\"async\" class=\"alignnone size-thumbnail wp-image-11846\" title=\"_ds_1805\" src=\"http:\/\/fr.motocrossmag.be\/wp-content\/uploads\/2011\/07\/_ds_1805-150x150.jpg\" alt=\"\" width=\"150\" height=\"150\" \/><\/a>\u00a0\u00a0 <a rel=\"lightbox dia=1\" href=\"http:\/\/fr.motocrossmag.be\/wp-content\/uploads\/2011\/07\/_ds_1807.jpg\"><img decoding=\"async\" class=\"alignnone size-thumbnail wp-image-11845\" title=\"_ds_1807\" src=\"http:\/\/fr.motocrossmag.be\/wp-content\/uploads\/2011\/07\/_ds_1807-150x150.jpg\" alt=\"\" width=\"150\" height=\"150\" \/><\/a>\u00a0\u00a0 <a rel=\"lightbox dia=1\" href=\"http:\/\/fr.motocrossmag.be\/wp-content\/uploads\/2011\/07\/_ds_1811.jpg\"><img decoding=\"async\" class=\"alignnone size-thumbnail wp-image-11844\" title=\"_ds_1811\" src=\"http:\/\/fr.motocrossmag.be\/wp-content\/uploads\/2011\/07\/_ds_1811-150x150.jpg\" alt=\"\" width=\"150\" height=\"150\" \/><\/a><br \/>\n<a rel=\"lightbox dia=1\" href=\"http:\/\/fr.motocrossmag.be\/wp-content\/uploads\/2011\/07\/_ds_1812.jpg\"><img decoding=\"async\" class=\"alignnone size-thumbnail wp-image-11843\" title=\"_ds_1812\" src=\"http:\/\/fr.motocrossmag.be\/wp-content\/uploads\/2011\/07\/_ds_1812-150x150.jpg\" alt=\"\" width=\"150\" height=\"150\" \/><\/a>\u00a0\u00a0 <a rel=\"lightbox dia=1\" href=\"http:\/\/fr.motocrossmag.be\/wp-content\/uploads\/2011\/07\/_ds_1815.jpg\"><img decoding=\"async\" class=\"alignnone size-thumbnail wp-image-11842\" title=\"_ds_1815\" src=\"http:\/\/fr.motocrossmag.be\/wp-content\/uploads\/2011\/07\/_ds_1815-150x150.jpg\" alt=\"\" width=\"150\" height=\"150\" \/><\/a>\u00a0\u00a0 <a rel=\"lightbox dia=1\" href=\"http:\/\/fr.motocrossmag.be\/wp-content\/uploads\/2011\/07\/_ds_1848.jpg\"><img decoding=\"async\" class=\"alignnone size-thumbnail wp-image-11841\" title=\"_ds_1848\" src=\"http:\/\/fr.motocrossmag.be\/wp-content\/uploads\/2011\/07\/_ds_1848-150x150.jpg\" alt=\"\" width=\"150\" height=\"150\" \/><\/a><br \/>\n<a rel=\"lightbox dia=1\" href=\"http:\/\/fr.motocrossmag.be\/wp-content\/uploads\/2011\/07\/_ds_1870.jpg\"><img decoding=\"async\" class=\"alignnone size-thumbnail wp-image-11840\" title=\"_ds_1870\" src=\"http:\/\/fr.motocrossmag.be\/wp-content\/uploads\/2011\/07\/_ds_1870-150x150.jpg\" alt=\"\" width=\"150\" height=\"150\" \/><\/a>\u00a0\u00a0 <a rel=\"lightbox dia=1\" href=\"http:\/\/fr.motocrossmag.be\/wp-content\/uploads\/2011\/07\/_ds_1898.jpg\"><img decoding=\"async\" class=\"alignnone size-thumbnail wp-image-11839\" title=\"_ds_1898\" src=\"http:\/\/fr.motocrossmag.be\/wp-content\/uploads\/2011\/07\/_ds_1898-150x150.jpg\" alt=\"\" width=\"150\" height=\"150\" \/><\/a>\u00a0\u00a0 <a rel=\"lightbox dia=1\" href=\"http:\/\/fr.motocrossmag.be\/wp-content\/uploads\/2011\/07\/_ds_1903.jpg\"><img decoding=\"async\" class=\"alignnone size-thumbnail wp-image-11838\" title=\"_ds_1903\" src=\"http:\/\/fr.motocrossmag.be\/wp-content\/uploads\/2011\/07\/_ds_1903-150x150.jpg\" alt=\"\" width=\"150\" height=\"150\" \/><\/a><br \/>\n<a rel=\"lightbox dia=1\" href=\"http:\/\/fr.motocrossmag.be\/wp-content\/uploads\/2011\/07\/_ds_2275.jpg\"><img decoding=\"async\" class=\"alignnone size-thumbnail wp-image-11837\" title=\"_ds_2275\" src=\"http:\/\/fr.motocrossmag.be\/wp-content\/uploads\/2011\/07\/_ds_2275-150x150.jpg\" alt=\"\" width=\"150\" height=\"150\" \/><\/a>\u00a0\u00a0 <a rel=\"lightbox dia=1\" href=\"http:\/\/fr.motocrossmag.be\/wp-content\/uploads\/2011\/07\/_ds_2276.jpg\"><img decoding=\"async\" class=\"alignnone size-thumbnail wp-image-11836\" title=\"_ds_2276\" src=\"http:\/\/fr.motocrossmag.be\/wp-content\/uploads\/2011\/07\/_ds_2276-150x150.jpg\" alt=\"\" width=\"150\" height=\"150\" \/><\/a>\u00a0\u00a0 <a rel=\"lightbox dia=1\" href=\"http:\/\/fr.motocrossmag.be\/wp-content\/uploads\/2011\/07\/_ds_2285.jpg\"><img decoding=\"async\" class=\"alignnone size-thumbnail wp-image-11835\" title=\"_ds_2285\" src=\"http:\/\/fr.motocrossmag.be\/wp-content\/uploads\/2011\/07\/_ds_2285-150x150.jpg\" alt=\"\" width=\"150\" height=\"150\" \/><\/a><br \/>\n<a rel=\"lightbox dia=1\" href=\"http:\/\/fr.motocrossmag.be\/wp-content\/uploads\/2011\/07\/_ds_2287.jpg\"><img decoding=\"async\" class=\"alignnone size-thumbnail wp-image-11834\" title=\"_ds_2287\" src=\"http:\/\/fr.motocrossmag.be\/wp-content\/uploads\/2011\/07\/_ds_2287-150x150.jpg\" alt=\"\" width=\"150\" height=\"150\" \/><\/a>\u00a0\u00a0 <a rel=\"lightbox dia=1\" href=\"http:\/\/fr.motocrossmag.be\/wp-content\/uploads\/2011\/07\/_ds_2294.jpg\"><img decoding=\"async\" class=\"alignnone size-thumbnail wp-image-11833\" title=\"_ds_2294\" src=\"http:\/\/fr.motocrossmag.be\/wp-content\/uploads\/2011\/07\/_ds_2294-150x150.jpg\" alt=\"\" width=\"150\" height=\"150\" \/><\/a>\u00a0\u00a0 <a rel=\"lightbox dia=1\" href=\"http:\/\/fr.motocrossmag.be\/wp-content\/uploads\/2011\/07\/_ds_2301.jpg\"><img decoding=\"async\" class=\"alignnone size-thumbnail wp-image-11832\" title=\"_ds_2301\" src=\"http:\/\/fr.motocrossmag.be\/wp-content\/uploads\/2011\/07\/_ds_2301-150x150.jpg\" alt=\"\" width=\"150\" height=\"150\" \/><\/a><br \/>\n<a rel=\"lightbox dia=1\" href=\"http:\/\/fr.motocrossmag.be\/wp-content\/uploads\/2011\/07\/_ds_2316.jpg\"><img decoding=\"async\" class=\"alignnone size-thumbnail wp-image-11831\" title=\"_ds_2316\" src=\"http:\/\/fr.motocrossmag.be\/wp-content\/uploads\/2011\/07\/_ds_2316-150x150.jpg\" alt=\"\" width=\"150\" height=\"150\" \/><\/a>\u00a0\u00a0 <a rel=\"lightbox dia=1\" href=\"http:\/\/fr.motocrossmag.be\/wp-content\/uploads\/2011\/07\/_ds_2320.jpg\"><img decoding=\"async\" class=\"alignnone size-thumbnail wp-image-11830\" title=\"_ds_2320\" src=\"http:\/\/fr.motocrossmag.be\/wp-content\/uploads\/2011\/07\/_ds_2320-150x150.jpg\" alt=\"\" width=\"150\" height=\"150\" \/><\/a>\u00a0\u00a0 <a rel=\"lightbox dia=1\" href=\"http:\/\/fr.motocrossmag.be\/wp-content\/uploads\/2011\/07\/_ds_2321.jpg\"><img decoding=\"async\" class=\"alignnone size-thumbnail wp-image-11829\" title=\"_ds_2321\" src=\"http:\/\/fr.motocrossmag.be\/wp-content\/uploads\/2011\/07\/_ds_2321-150x150.jpg\" alt=\"\" width=\"150\" height=\"150\" \/><\/a><br \/>\n<a rel=\"lightbox dia=1\" href=\"http:\/\/fr.motocrossmag.be\/wp-content\/uploads\/2011\/07\/_ds_2334.jpg\"><img decoding=\"async\" class=\"alignnone size-thumbnail wp-image-11828\" title=\"_ds_2334\" src=\"http:\/\/fr.motocrossmag.be\/wp-content\/uploads\/2011\/07\/_ds_2334-150x150.jpg\" alt=\"\" width=\"150\" height=\"150\" \/><\/a>\u00a0\u00a0 <a rel=\"lightbox dia=1\" href=\"http:\/\/fr.motocrossmag.be\/wp-content\/uploads\/2011\/07\/_ds_2342.jpg\"><img decoding=\"async\" class=\"alignnone size-thumbnail wp-image-11827\" title=\"_ds_2342\" src=\"http:\/\/fr.motocrossmag.be\/wp-content\/uploads\/2011\/07\/_ds_2342-150x150.jpg\" alt=\"\" width=\"150\" height=\"150\" \/><\/a>\u00a0\u00a0 <a rel=\"lightbox dia=1\" href=\"http:\/\/fr.motocrossmag.be\/wp-content\/uploads\/2011\/07\/_ds_2345.jpg\"><img decoding=\"async\" class=\"alignnone size-thumbnail wp-image-11826\" title=\"_ds_2345\" src=\"http:\/\/fr.motocrossmag.be\/wp-content\/uploads\/2011\/07\/_ds_2345-150x150.jpg\" alt=\"\" width=\"150\" height=\"150\" \/><\/a><br \/>\n<a rel=\"lightbox dia=1\" href=\"http:\/\/fr.motocrossmag.be\/wp-content\/uploads\/2011\/07\/_ds_2368.jpg\"><img decoding=\"async\" class=\"alignnone size-thumbnail wp-image-11825\" title=\"_ds_2368\" src=\"http:\/\/fr.motocrossmag.be\/wp-content\/uploads\/2011\/07\/_ds_2368-150x150.jpg\" alt=\"\" width=\"150\" height=\"150\" \/><\/a>\u00a0\u00a0 <a rel=\"lightbox dia=1\" href=\"http:\/\/fr.motocrossmag.be\/wp-content\/uploads\/2011\/07\/_ds_2436.jpg\"><img decoding=\"async\" class=\"alignnone size-thumbnail wp-image-11824\" title=\"_ds_2436\" src=\"http:\/\/fr.motocrossmag.be\/wp-content\/uploads\/2011\/07\/_ds_2436-150x150.jpg\" alt=\"\" width=\"150\" height=\"150\" \/><\/a>\u00a0\u00a0 <a rel=\"lightbox dia=1\" href=\"http:\/\/fr.motocrossmag.be\/wp-content\/uploads\/2011\/07\/_ds_2445.jpg\"><img decoding=\"async\" class=\"alignnone size-thumbnail wp-image-11823\" title=\"_ds_2445\" src=\"http:\/\/fr.motocrossmag.be\/wp-content\/uploads\/2011\/07\/_ds_2445-150x150.jpg\" alt=\"\" width=\"150\" height=\"150\" \/><\/a><br \/>\n<a rel=\"lightbox dia=1\" href=\"http:\/\/fr.motocrossmag.be\/wp-content\/uploads\/2011\/07\/_ds_2467.jpg\"><img decoding=\"async\" class=\"alignnone size-thumbnail wp-image-11822\" title=\"_ds_2467\" src=\"http:\/\/fr.motocrossmag.be\/wp-content\/uploads\/2011\/07\/_ds_2467-150x150.jpg\" alt=\"\" width=\"150\" height=\"150\" \/><\/a>\u00a0\u00a0 <a rel=\"lightbox dia=1\" href=\"http:\/\/fr.motocrossmag.be\/wp-content\/uploads\/2011\/07\/_ds_2516.jpg\"><img decoding=\"async\" class=\"alignnone size-thumbnail wp-image-11821\" title=\"_ds_2516\" src=\"http:\/\/fr.motocrossmag.be\/wp-content\/uploads\/2011\/07\/_ds_2516-150x150.jpg\" alt=\"\" width=\"150\" height=\"150\" \/><\/a>\u00a0\u00a0 <a rel=\"lightbox dia=1\" href=\"http:\/\/fr.motocrossmag.be\/wp-content\/uploads\/2011\/07\/_ds_2525.jpg\"><img decoding=\"async\" class=\"alignnone size-thumbnail wp-image-11820\" title=\"_ds_2525\" src=\"http:\/\/fr.motocrossmag.be\/wp-content\/uploads\/2011\/07\/_ds_2525-150x150.jpg\" alt=\"\" width=\"150\" height=\"150\" \/><\/a><br \/>\n<a rel=\"lightbox dia=1\" href=\"http:\/\/fr.motocrossmag.be\/wp-content\/uploads\/2011\/07\/_ds_2532.jpg\"><img decoding=\"async\" class=\"alignnone size-thumbnail wp-image-11819\" title=\"_ds_2532\" src=\"http:\/\/fr.motocrossmag.be\/wp-content\/uploads\/2011\/07\/_ds_2532-150x150.jpg\" alt=\"\" width=\"150\" height=\"150\" \/><\/a>\u00a0\u00a0 <a rel=\"lightbox dia=1\" href=\"http:\/\/fr.motocrossmag.be\/wp-content\/uploads\/2011\/07\/_ds_2556.jpg\"><img decoding=\"async\" class=\"alignnone size-thumbnail wp-image-11818\" title=\"_ds_2556\" src=\"http:\/\/fr.motocrossmag.be\/wp-content\/uploads\/2011\/07\/_ds_2556-150x150.jpg\" alt=\"\" width=\"150\" height=\"150\" \/><\/a>\u00a0\u00a0 <a rel=\"lightbox dia=1\" href=\"http:\/\/fr.motocrossmag.be\/wp-content\/uploads\/2011\/07\/_ds_2581.jpg\"><img decoding=\"async\" class=\"alignnone size-thumbnail wp-image-11817\" title=\"_ds_2581\" src=\"http:\/\/fr.motocrossmag.be\/wp-content\/uploads\/2011\/07\/_ds_2581-150x150.jpg\" alt=\"\" width=\"150\" height=\"150\" \/><\/a><br \/>\n<a rel=\"lightbox dia=1\" href=\"http:\/\/fr.motocrossmag.be\/wp-content\/uploads\/2011\/07\/_v7m0033.jpg\"><img decoding=\"async\" class=\"alignnone size-thumbnail wp-image-11816\" title=\"_v7m0033\" src=\"http:\/\/fr.motocrossmag.be\/wp-content\/uploads\/2011\/07\/_v7m0033-150x150.jpg\" alt=\"\" width=\"150\" height=\"150\" \/><\/a>\u00a0\u00a0 <a rel=\"lightbox dia=1\" href=\"http:\/\/fr.motocrossmag.be\/wp-content\/uploads\/2011\/07\/_v7m0081.jpg\"><img decoding=\"async\" class=\"alignnone size-thumbnail wp-image-11815\" title=\"_v7m0081\" src=\"http:\/\/fr.motocrossmag.be\/wp-content\/uploads\/2011\/07\/_v7m0081-150x150.jpg\" alt=\"\" width=\"150\" height=\"150\" \/><\/a>\u00a0\u00a0 <a rel=\"lightbox dia=1\" href=\"http:\/\/fr.motocrossmag.be\/wp-content\/uploads\/2011\/07\/_v7m0111.jpg\"><img decoding=\"async\" class=\"alignnone size-thumbnail wp-image-11814\" title=\"_v7m0111\" src=\"http:\/\/fr.motocrossmag.be\/wp-content\/uploads\/2011\/07\/_v7m0111-150x150.jpg\" alt=\"\" width=\"150\" height=\"150\" \/><\/a><br \/>\n<a rel=\"lightbox dia=1\" href=\"http:\/\/fr.motocrossmag.be\/wp-content\/uploads\/2011\/07\/_v7m0121.jpg\"><img decoding=\"async\" class=\"alignnone size-thumbnail wp-image-11813\" title=\"_v7m0121\" src=\"http:\/\/fr.motocrossmag.be\/wp-content\/uploads\/2011\/07\/_v7m0121-150x150.jpg\" alt=\"\" width=\"150\" height=\"150\" \/><\/a>\u00a0\u00a0 <a rel=\"lightbox dia=1\" href=\"http:\/\/fr.motocrossmag.be\/wp-content\/uploads\/2011\/07\/_v7m0140.jpg\"><img decoding=\"async\" class=\"alignnone size-thumbnail wp-image-11812\" title=\"_v7m0140\" src=\"http:\/\/fr.motocrossmag.be\/wp-content\/uploads\/2011\/07\/_v7m0140-150x150.jpg\" alt=\"\" width=\"150\" height=\"150\" \/><\/a>\u00a0\u00a0 <a rel=\"lightbox dia=1\" href=\"http:\/\/fr.motocrossmag.be\/wp-content\/uploads\/2011\/07\/_v7m0164.jpg\"><img decoding=\"async\" class=\"alignnone size-thumbnail wp-image-11811\" title=\"_v7m0164\" src=\"http:\/\/fr.motocrossmag.be\/wp-content\/uploads\/2011\/07\/_v7m0164-150x150.jpg\" alt=\"\" width=\"150\" height=\"150\" \/><\/a><br \/>\n<a rel=\"lightbox dia=1\" href=\"http:\/\/fr.motocrossmag.be\/wp-content\/uploads\/2011\/07\/_v7m0184.jpg\"><img decoding=\"async\" class=\"alignnone size-thumbnail wp-image-11810\" title=\"_v7m0184\" src=\"http:\/\/fr.motocrossmag.be\/wp-content\/uploads\/2011\/07\/_v7m0184-150x150.jpg\" alt=\"\" width=\"150\" height=\"150\" \/><\/a>\u00a0\u00a0 <a rel=\"lightbox dia=1\" href=\"http:\/\/fr.motocrossmag.be\/wp-content\/uploads\/2011\/07\/_v7m0191.jpg\"><img decoding=\"async\" class=\"alignnone size-thumbnail wp-image-11809\" title=\"_v7m0191\" src=\"http:\/\/fr.motocrossmag.be\/wp-content\/uploads\/2011\/07\/_v7m0191-150x150.jpg\" alt=\"\" width=\"150\" height=\"150\" \/><\/a>\u00a0\u00a0 <a rel=\"lightbox dia=1\" href=\"http:\/\/fr.motocrossmag.be\/wp-content\/uploads\/2011\/07\/_v7m0212.jpg\"><img decoding=\"async\" class=\"alignnone size-thumbnail wp-image-11808\" title=\"_v7m0212\" src=\"http:\/\/fr.motocrossmag.be\/wp-content\/uploads\/2011\/07\/_v7m0212-150x150.jpg\" alt=\"\" width=\"150\" height=\"150\" \/><\/a><br \/>\n<a rel=\"lightbox dia=1\" href=\"http:\/\/fr.motocrossmag.be\/wp-content\/uploads\/2011\/07\/_v7m0221.jpg\"><img decoding=\"async\" class=\"alignnone size-thumbnail wp-image-11807\" title=\"_v7m0221\" src=\"http:\/\/fr.motocrossmag.be\/wp-content\/uploads\/2011\/07\/_v7m0221-150x150.jpg\" alt=\"\" width=\"150\" height=\"150\" \/><\/a>\u00a0\u00a0 <a rel=\"lightbox dia=1\" href=\"http:\/\/fr.motocrossmag.be\/wp-content\/uploads\/2011\/07\/_v7m0229.jpg\"><img decoding=\"async\" class=\"alignnone size-thumbnail wp-image-11806\" title=\"_v7m0229\" src=\"http:\/\/fr.motocrossmag.be\/wp-content\/uploads\/2011\/07\/_v7m0229-150x150.jpg\" alt=\"\" width=\"150\" height=\"150\" \/><\/a>\u00a0\u00a0 <a rel=\"lightbox dia=1\" href=\"http:\/\/fr.motocrossmag.be\/wp-content\/uploads\/2011\/07\/_v7m0249.jpg\"><img decoding=\"async\" class=\"alignnone size-thumbnail wp-image-11805\" title=\"_v7m0249\" src=\"http:\/\/fr.motocrossmag.be\/wp-content\/uploads\/2011\/07\/_v7m0249-150x150.jpg\" alt=\"\" width=\"150\" height=\"150\" \/><\/a><br \/>\n<a rel=\"lightbox dia=1\" href=\"http:\/\/fr.motocrossmag.be\/wp-content\/uploads\/2011\/07\/_v7m0278.jpg\"><img decoding=\"async\" class=\"alignnone size-thumbnail wp-image-11804\" title=\"_v7m0278\" src=\"http:\/\/fr.motocrossmag.be\/wp-content\/uploads\/2011\/07\/_v7m0278-150x150.jpg\" alt=\"\" width=\"150\" height=\"150\" \/><\/a>\u00a0\u00a0 <a rel=\"lightbox dia=1\" href=\"http:\/\/fr.motocrossmag.be\/wp-content\/uploads\/2011\/07\/_v7m0331.jpg\"><img decoding=\"async\" class=\"alignnone size-thumbnail wp-image-11803\" title=\"_v7m0331\" src=\"http:\/\/fr.motocrossmag.be\/wp-content\/uploads\/2011\/07\/_v7m0331-150x150.jpg\" alt=\"\" width=\"150\" height=\"150\" \/><\/a>\u00a0\u00a0 <a rel=\"lightbox dia=1\" href=\"http:\/\/fr.motocrossmag.be\/wp-content\/uploads\/2011\/07\/_v7m0355.jpg\"><img decoding=\"async\" class=\"alignnone size-thumbnail wp-image-11802\" title=\"_v7m0355\" src=\"http:\/\/fr.motocrossmag.be\/wp-content\/uploads\/2011\/07\/_v7m0355-150x150.jpg\" alt=\"\" width=\"150\" height=\"150\" \/><\/a><br \/>\n<a rel=\"lightbox dia=1\" href=\"http:\/\/fr.motocrossmag.be\/wp-content\/uploads\/2011\/07\/_v7m0395.jpg\"><img decoding=\"async\" class=\"alignnone size-thumbnail wp-image-11801\" title=\"_v7m0395\" src=\"http:\/\/fr.motocrossmag.be\/wp-content\/uploads\/2011\/07\/_v7m0395-150x150.jpg\" alt=\"\" width=\"150\" height=\"150\" \/><\/a>\u00a0\u00a0 <a rel=\"lightbox dia=1\" href=\"http:\/\/fr.motocrossmag.be\/wp-content\/uploads\/2011\/07\/_v7m0411.jpg\"><img decoding=\"async\" class=\"alignnone size-thumbnail wp-image-11800\" title=\"_v7m0411\" src=\"http:\/\/fr.motocrossmag.be\/wp-content\/uploads\/2011\/07\/_v7m0411-150x150.jpg\" alt=\"\" width=\"150\" height=\"150\" \/><\/a>\u00a0\u00a0 <a rel=\"lightbox dia=1\" href=\"http:\/\/fr.motocrossmag.be\/wp-content\/uploads\/2011\/07\/_v7m0452.jpg\"><img decoding=\"async\" class=\"alignnone size-thumbnail wp-image-11799\" title=\"_v7m0452\" src=\"http:\/\/fr.motocrossmag.be\/wp-content\/uploads\/2011\/07\/_v7m0452-150x150.jpg\" alt=\"\" width=\"150\" height=\"150\" \/><\/a><br \/>\n<a rel=\"lightbox dia=1\" href=\"http:\/\/fr.motocrossmag.be\/wp-content\/uploads\/2011\/07\/_v7m0565.jpg\"><img decoding=\"async\" class=\"alignnone size-thumbnail wp-image-11798\" title=\"_v7m0565\" src=\"http:\/\/fr.motocrossmag.be\/wp-content\/uploads\/2011\/07\/_v7m0565-150x150.jpg\" alt=\"\" width=\"150\" height=\"150\" \/><\/a>\u00a0\u00a0 <a rel=\"lightbox dia=1\" href=\"http:\/\/fr.motocrossmag.be\/wp-content\/uploads\/2011\/07\/_v7m0644.jpg\"><img decoding=\"async\" class=\"alignnone size-thumbnail wp-image-11797\" title=\"_v7m0644\" src=\"http:\/\/fr.motocrossmag.be\/wp-content\/uploads\/2011\/07\/_v7m0644-150x150.jpg\" alt=\"\" width=\"150\" height=\"150\" \/><\/a>\u00a0\u00a0 <a rel=\"lightbox dia=1\" href=\"http:\/\/fr.motocrossmag.be\/wp-content\/uploads\/2011\/07\/_v7m0656.jpg\"><img decoding=\"async\" class=\"alignnone size-thumbnail wp-image-11796\" title=\"_v7m0656\" src=\"http:\/\/fr.motocrossmag.be\/wp-content\/uploads\/2011\/07\/_v7m0656-150x150.jpg\" alt=\"\" width=\"150\" height=\"150\" \/><\/a><br \/>\n<a rel=\"lightbox dia=1\" href=\"http:\/\/fr.motocrossmag.be\/wp-content\/uploads\/2011\/07\/_v7m0753.jpg\"><img decoding=\"async\" class=\"alignnone size-thumbnail wp-image-11795\" title=\"_v7m0753\" src=\"http:\/\/fr.motocrossmag.be\/wp-content\/uploads\/2011\/07\/_v7m0753-150x150.jpg\" alt=\"\" width=\"150\" height=\"150\" \/><\/a>\u00a0\u00a0 <a rel=\"lightbox dia=1\" href=\"http:\/\/fr.motocrossmag.be\/wp-content\/uploads\/2011\/07\/_v7m0785.jpg\"><img decoding=\"async\" class=\"alignnone size-thumbnail wp-image-11794\" title=\"_v7m0785\" src=\"http:\/\/fr.motocrossmag.be\/wp-content\/uploads\/2011\/07\/_v7m0785-150x150.jpg\" alt=\"\" width=\"150\" height=\"150\" \/><\/a>\u00a0\u00a0 <a rel=\"lightbox dia=1\" href=\"http:\/\/fr.motocrossmag.be\/wp-content\/uploads\/2011\/07\/_v7m1179.jpg\"><img decoding=\"async\" class=\"alignnone size-thumbnail wp-image-11793\" title=\"_v7m1179\" src=\"http:\/\/fr.motocrossmag.be\/wp-content\/uploads\/2011\/07\/_v7m1179-150x150.jpg\" alt=\"\" width=\"150\" height=\"150\" \/><\/a><br \/>\n<a rel=\"lightbox dia=1\" href=\"http:\/\/fr.motocrossmag.be\/wp-content\/uploads\/2011\/07\/_v7m1203.jpg\"><img decoding=\"async\" class=\"alignnone size-thumbnail wp-image-11792\" title=\"_v7m1203\" src=\"http:\/\/fr.motocrossmag.be\/wp-content\/uploads\/2011\/07\/_v7m1203-150x150.jpg\" alt=\"\" width=\"150\" height=\"150\" \/><\/a>\u00a0\u00a0 <a rel=\"lightbox dia=1\" href=\"http:\/\/fr.motocrossmag.be\/wp-content\/uploads\/2011\/07\/_v7m1239.jpg\"><img decoding=\"async\" class=\"alignnone size-thumbnail wp-image-11791\" title=\"_v7m1239\" src=\"http:\/\/fr.motocrossmag.be\/wp-content\/uploads\/2011\/07\/_v7m1239-150x150.jpg\" alt=\"\" width=\"150\" height=\"150\" \/><\/a>\u00a0\u00a0 <a rel=\"lightbox dia=1\" href=\"http:\/\/fr.motocrossmag.be\/wp-content\/uploads\/2011\/07\/_v7m1251.jpg\"><img decoding=\"async\" class=\"alignnone size-thumbnail wp-image-11790\" title=\"_v7m1251\" src=\"http:\/\/fr.motocrossmag.be\/wp-content\/uploads\/2011\/07\/_v7m1251-150x150.jpg\" alt=\"\" width=\"150\" height=\"150\" \/><\/a><br \/>\n<a rel=\"lightbox dia=1\" href=\"http:\/\/fr.motocrossmag.be\/wp-content\/uploads\/2011\/07\/_v7m1252.jpg\"><img decoding=\"async\" class=\"alignnone size-thumbnail wp-image-11789\" title=\"_v7m1252\" src=\"http:\/\/fr.motocrossmag.be\/wp-content\/uploads\/2011\/07\/_v7m1252-150x150.jpg\" alt=\"\" width=\"150\" height=\"150\" \/><\/a>\u00a0\u00a0 <a rel=\"lightbox dia=1\" href=\"http:\/\/fr.motocrossmag.be\/wp-content\/uploads\/2011\/07\/_v7m1286.jpg\"><img decoding=\"async\" class=\"alignnone size-thumbnail wp-image-11787\" title=\"_v7m1286\" src=\"http:\/\/fr.motocrossmag.be\/wp-content\/uploads\/2011\/07\/_v7m1286-150x150.jpg\" alt=\"\" width=\"150\" height=\"150\" \/><\/a>\u00a0\u00a0 <a rel=\"lightbox dia=1\" href=\"http:\/\/fr.motocrossmag.be\/wp-content\/uploads\/2011\/07\/_v7m1373.jpg\"><img decoding=\"async\" class=\"alignnone size-thumbnail wp-image-11786\" title=\"_v7m1373\" src=\"http:\/\/fr.motocrossmag.be\/wp-content\/uploads\/2011\/07\/_v7m1373-150x150.jpg\" alt=\"\" width=\"150\" height=\"150\" \/><\/a><br \/>\n<a rel=\"lightbox dia=1\" href=\"http:\/\/fr.motocrossmag.be\/wp-content\/uploads\/2011\/07\/_v7m1378.jpg\"><img decoding=\"async\" class=\"alignnone size-thumbnail wp-image-11785\" title=\"_v7m1378\" src=\"http:\/\/fr.motocrossmag.be\/wp-content\/uploads\/2011\/07\/_v7m1378-150x150.jpg\" alt=\"\" width=\"150\" height=\"150\" \/><\/a>\u00a0\u00a0 <a rel=\"lightbox dia=1\" href=\"http:\/\/fr.motocrossmag.be\/wp-content\/uploads\/2011\/07\/_v7m1389.jpg\"><img decoding=\"async\" class=\"alignnone size-thumbnail wp-image-11784\" title=\"_v7m1389\" src=\"http:\/\/fr.motocrossmag.be\/wp-content\/uploads\/2011\/07\/_v7m1389-150x150.jpg\" alt=\"\" width=\"150\" height=\"150\" \/><\/a>\u00a0\u00a0 <a rel=\"lightbox dia=1\" href=\"http:\/\/fr.motocrossmag.be\/wp-content\/uploads\/2011\/07\/_v7m1418.jpg\"><img decoding=\"async\" class=\"alignnone size-thumbnail wp-image-11783\" title=\"_v7m1418\" src=\"http:\/\/fr.motocrossmag.be\/wp-content\/uploads\/2011\/07\/_v7m1418-150x150.jpg\" alt=\"\" width=\"150\" height=\"150\" \/><\/a><br \/>\n<a rel=\"lightbox dia=1\" href=\"http:\/\/fr.motocrossmag.be\/wp-content\/uploads\/2011\/07\/_v7m1469.jpg\"><img decoding=\"async\" class=\"alignnone size-thumbnail wp-image-11782\" title=\"_v7m1469\" src=\"http:\/\/fr.motocrossmag.be\/wp-content\/uploads\/2011\/07\/_v7m1469-150x150.jpg\" alt=\"\" width=\"150\" height=\"150\" \/><\/a>\u00a0\u00a0 <a rel=\"lightbox dia=1\" href=\"http:\/\/fr.motocrossmag.be\/wp-content\/uploads\/2011\/07\/_v7m1492.jpg\"><img decoding=\"async\" class=\"alignnone size-thumbnail wp-image-11781\" title=\"_v7m1492\" src=\"http:\/\/fr.motocrossmag.be\/wp-content\/uploads\/2011\/07\/_v7m1492-150x150.jpg\" alt=\"\" width=\"150\" height=\"150\" \/><\/a>\u00a0\u00a0 <a rel=\"lightbox dia=1\" href=\"http:\/\/fr.motocrossmag.be\/wp-content\/uploads\/2011\/07\/_v7m9739.jpg\"><img decoding=\"async\" class=\"alignnone size-thumbnail wp-image-11780\" title=\"_v7m9739\" src=\"http:\/\/fr.motocrossmag.be\/wp-content\/uploads\/2011\/07\/_v7m9739-150x150.jpg\" alt=\"\" width=\"150\" height=\"150\" \/><\/a><br \/>\n<a rel=\"lightbox dia=1\" href=\"http:\/\/fr.motocrossmag.be\/wp-content\/uploads\/2011\/07\/_v7m9754.jpg\"><img decoding=\"async\" class=\"alignnone size-thumbnail wp-image-11779\" title=\"_v7m9754\" src=\"http:\/\/fr.motocrossmag.be\/wp-content\/uploads\/2011\/07\/_v7m9754-150x150.jpg\" alt=\"\" width=\"150\" height=\"150\" \/><\/a>\u00a0\u00a0 <a rel=\"lightbox dia=1\" href=\"http:\/\/fr.motocrossmag.be\/wp-content\/uploads\/2011\/07\/_v7m9780.jpg\"><img decoding=\"async\" class=\"alignnone size-thumbnail wp-image-11778\" title=\"_v7m9780\" src=\"http:\/\/fr.motocrossmag.be\/wp-content\/uploads\/2011\/07\/_v7m9780-150x150.jpg\" alt=\"\" width=\"150\" height=\"150\" \/><\/a>\u00a0\u00a0 <a rel=\"lightbox dia=1\" href=\"http:\/\/fr.motocrossmag.be\/wp-content\/uploads\/2011\/07\/_v7m9827.jpg\"><img decoding=\"async\" class=\"alignnone size-thumbnail wp-image-11777\" title=\"_v7m9827\" src=\"http:\/\/fr.motocrossmag.be\/wp-content\/uploads\/2011\/07\/_v7m9827-150x150.jpg\" alt=\"\" width=\"150\" height=\"150\" \/><\/a><br \/>\n<a rel=\"lightbox dia=1\" href=\"http:\/\/fr.motocrossmag.be\/wp-content\/uploads\/2011\/07\/_v7m9833.jpg\"><img decoding=\"async\" class=\"alignnone size-thumbnail wp-image-11775\" title=\"_v7m9833\" src=\"http:\/\/fr.motocrossmag.be\/wp-content\/uploads\/2011\/07\/_v7m9833-150x150.jpg\" alt=\"\" width=\"150\" height=\"150\" \/><\/a>\u00a0\u00a0 <a rel=\"lightbox dia=1\" href=\"http:\/\/fr.motocrossmag.be\/wp-content\/uploads\/2011\/07\/_v7m9840.jpg\"><img decoding=\"async\" class=\"alignnone size-thumbnail wp-image-11774\" title=\"_v7m9840\" src=\"http:\/\/fr.motocrossmag.be\/wp-content\/uploads\/2011\/07\/_v7m9840-150x150.jpg\" alt=\"\" width=\"150\" height=\"150\" \/><\/a>\u00a0\u00a0 <a rel=\"lightbox dia=1\" href=\"http:\/\/fr.motocrossmag.be\/wp-content\/uploads\/2011\/07\/_v7m9908.jpg\"><img decoding=\"async\" class=\"alignnone size-thumbnail wp-image-11773\" title=\"_v7m9908\" src=\"http:\/\/fr.motocrossmag.be\/wp-content\/uploads\/2011\/07\/_v7m9908-150x150.jpg\" alt=\"\" width=\"150\" height=\"150\" \/><\/a><br \/>\n<a rel=\"lightbox dia=1\" href=\"http:\/\/fr.motocrossmag.be\/wp-content\/uploads\/2011\/07\/_v7m9916.jpg\"><img decoding=\"async\" class=\"alignnone size-thumbnail wp-image-11772\" title=\"_v7m9916\" src=\"http:\/\/fr.motocrossmag.be\/wp-content\/uploads\/2011\/07\/_v7m9916-150x150.jpg\" alt=\"\" width=\"150\" height=\"150\" \/><\/a><\/p>\n","protected":false},"excerpt":{"rendered":"<p>Plus de 80 photos du GP d&rsquo;Uddevalla le week-end pass\u00e9, ramen\u00e9es par CDS, notre photographe \u00ab\u00a0maison\u00a0\u00bb. En Su\u00e8de, du spectacle sur la piste bien s\u00e0\u00bbr mais aussi tout autour, comme vous le constaterez dans cette galerie photos format XXL! Photos: CDS \u00a0\u00a0 \u00a0\u00a0 \u00a0\u00a0 \u00a0\u00a0 \u00a0\u00a0 \u00a0\u00a0 \u00a0\u00a0 \u00a0\u00a0 \u00a0\u00a0 \u00a0\u00a0 \u00a0\u00a0 \u00a0\u00a0 \u00a0\u00a0 \u00a0\u00a0 [&hellip;]<\/p>\n","protected":false},"author":932,"featured_media":0,"comment_status":"open","ping_status":"closed","sticky":false,"template":"","format":"standard","meta":{"tdm_status":"","tdm_grid_status":"","footnotes":""},"categories":[66],"tags":[],"class_list":["post-11776","post","type-post","status-publish","format-standard","category-photos"],"yoast_head":"<!-- This site is optimized with the Yoast SEO plugin v28.4 - https:\/\/yoast.com\/product\/yoast-seo-wordpress\/ -->\n<title>Galerie photos | MXGP en Su\u00e8de: les photos - Motocross - Enduro - Supermoto | MotocrossMag<\/title>\n<meta name=\"robots\" content=\"index, follow, max-snippet:-1, max-image-preview:large, max-video-preview:-1\" \/>\n<link rel=\"canonical\" href=\"https:\/\/fr.motocrossmag.be\/index.php\/2011\/07\/galerie-photos-mxgp-en-suede-les-photos\/\" \/>\n<meta property=\"og:locale\" content=\"fr_FR\" \/>\n<meta property=\"og:type\" content=\"article\" \/>\n<meta property=\"og:title\" content=\"Galerie photos | MXGP en Su\u00e8de: les photos - Motocross - Enduro - Supermoto | MotocrossMag\" \/>\n<meta property=\"og:description\" content=\"Plus de 80 photos du GP d&rsquo;Uddevalla le week-end pass\u00e9, ramen\u00e9es par CDS, notre photographe \u00ab\u00a0maison\u00a0\u00bb. En Su\u00e8de, du spectacle sur la piste bien s\u00e0\u00bbr mais aussi tout autour, comme vous le constaterez dans cette galerie photos format XXL! Photos: CDS \u00a0\u00a0 \u00a0\u00a0 \u00a0\u00a0 \u00a0\u00a0 \u00a0\u00a0 \u00a0\u00a0 \u00a0\u00a0 \u00a0\u00a0 \u00a0\u00a0 \u00a0\u00a0 \u00a0\u00a0 \u00a0\u00a0 \u00a0\u00a0 \u00a0\u00a0 [&hellip;]\" \/>\n<meta property=\"og:url\" content=\"https:\/\/fr.motocrossmag.be\/index.php\/2011\/07\/galerie-photos-mxgp-en-suede-les-photos\/\" \/>\n<meta property=\"og:site_name\" content=\"Motocross - Enduro - Supermoto | MotocrossMag\" \/>\n<meta property=\"article:published_time\" content=\"2011-07-06T12:07:53+00:00\" \/>\n<meta property=\"og:image\" content=\"http:\/\/fr.motocrossmag.be\/wp-content\/uploads\/2011\/07\/_ds_1381-150x150.jpg\" \/>\n<meta name=\"author\" content=\"oliviere\" \/>\n<meta name=\"twitter:card\" content=\"summary_large_image\" \/>\n<meta name=\"twitter:label1\" content=\"\u00c9crit par\" \/>\n\t<meta name=\"twitter:data1\" content=\"oliviere\" \/>\n<script type=\"application\/ld+json\" class=\"yoast-schema-graph\">{\"@context\":\"https:\\\/\\\/schema.org\",\"@graph\":[{\"@type\":\"Article\",\"@id\":\"https:\\\/\\\/fr.motocrossmag.be\\\/index.php\\\/2011\\\/07\\\/galerie-photos-mxgp-en-suede-les-photos\\\/#article\",\"isPartOf\":{\"@id\":\"https:\\\/\\\/fr.motocrossmag.be\\\/index.php\\\/2011\\\/07\\\/galerie-photos-mxgp-en-suede-les-photos\\\/\"},\"author\":{\"name\":\"oliviere\",\"@id\":\"https:\\\/\\\/fr.motocrossmag.be\\\/#\\\/schema\\\/person\\\/11b47143d9f755babca2c9110e03235c\"},\"headline\":\"Galerie photos | MXGP en Su\u00e8de: les photos\",\"datePublished\":\"2011-07-06T12:07:53+00:00\",\"mainEntityOfPage\":{\"@id\":\"https:\\\/\\\/fr.motocrossmag.be\\\/index.php\\\/2011\\\/07\\\/galerie-photos-mxgp-en-suede-les-photos\\\/\"},\"wordCount\":52,\"commentCount\":0,\"image\":{\"@id\":\"https:\\\/\\\/fr.motocrossmag.be\\\/index.php\\\/2011\\\/07\\\/galerie-photos-mxgp-en-suede-les-photos\\\/#primaryimage\"},\"thumbnailUrl\":\"http:\\\/\\\/fr.motocrossmag.be\\\/wp-content\\\/uploads\\\/2011\\\/07\\\/_ds_1381-150x150.jpg\",\"articleSection\":[\"Photos\"],\"inLanguage\":\"fr-FR\",\"potentialAction\":[{\"@type\":\"CommentAction\",\"name\":\"Comment\",\"target\":[\"https:\\\/\\\/fr.motocrossmag.be\\\/index.php\\\/2011\\\/07\\\/galerie-photos-mxgp-en-suede-les-photos\\\/#respond\"]}]},{\"@type\":\"WebPage\",\"@id\":\"https:\\\/\\\/fr.motocrossmag.be\\\/index.php\\\/2011\\\/07\\\/galerie-photos-mxgp-en-suede-les-photos\\\/\",\"url\":\"https:\\\/\\\/fr.motocrossmag.be\\\/index.php\\\/2011\\\/07\\\/galerie-photos-mxgp-en-suede-les-photos\\\/\",\"name\":\"Galerie photos | MXGP en Su\u00e8de: les photos - Motocross - Enduro - Supermoto | MotocrossMag\",\"isPartOf\":{\"@id\":\"https:\\\/\\\/fr.motocrossmag.be\\\/#website\"},\"primaryImageOfPage\":{\"@id\":\"https:\\\/\\\/fr.motocrossmag.be\\\/index.php\\\/2011\\\/07\\\/galerie-photos-mxgp-en-suede-les-photos\\\/#primaryimage\"},\"image\":{\"@id\":\"https:\\\/\\\/fr.motocrossmag.be\\\/index.php\\\/2011\\\/07\\\/galerie-photos-mxgp-en-suede-les-photos\\\/#primaryimage\"},\"thumbnailUrl\":\"http:\\\/\\\/fr.motocrossmag.be\\\/wp-content\\\/uploads\\\/2011\\\/07\\\/_ds_1381-150x150.jpg\",\"datePublished\":\"2011-07-06T12:07:53+00:00\",\"author\":{\"@id\":\"https:\\\/\\\/fr.motocrossmag.be\\\/#\\\/schema\\\/person\\\/11b47143d9f755babca2c9110e03235c\"},\"breadcrumb\":{\"@id\":\"https:\\\/\\\/fr.motocrossmag.be\\\/index.php\\\/2011\\\/07\\\/galerie-photos-mxgp-en-suede-les-photos\\\/#breadcrumb\"},\"inLanguage\":\"fr-FR\",\"potentialAction\":[{\"@type\":\"ReadAction\",\"target\":[\"https:\\\/\\\/fr.motocrossmag.be\\\/index.php\\\/2011\\\/07\\\/galerie-photos-mxgp-en-suede-les-photos\\\/\"]}]},{\"@type\":\"ImageObject\",\"inLanguage\":\"fr-FR\",\"@id\":\"https:\\\/\\\/fr.motocrossmag.be\\\/index.php\\\/2011\\\/07\\\/galerie-photos-mxgp-en-suede-les-photos\\\/#primaryimage\",\"url\":\"https:\\\/\\\/fr.motocrossmag.be\\\/wp-content\\\/uploads\\\/2011\\\/07\\\/_ds_1381.jpg\",\"contentUrl\":\"https:\\\/\\\/fr.motocrossmag.be\\\/wp-content\\\/uploads\\\/2011\\\/07\\\/_ds_1381.jpg\",\"width\":800,\"height\":533},{\"@type\":\"BreadcrumbList\",\"@id\":\"https:\\\/\\\/fr.motocrossmag.be\\\/index.php\\\/2011\\\/07\\\/galerie-photos-mxgp-en-suede-les-photos\\\/#breadcrumb\",\"itemListElement\":[{\"@type\":\"ListItem\",\"position\":1,\"name\":\"Accueil\",\"item\":\"https:\\\/\\\/fr.motocrossmag.be\\\/\"},{\"@type\":\"ListItem\",\"position\":2,\"name\":\"Galerie photos | MXGP en Su\u00e8de: les photos\"}]},{\"@type\":\"WebSite\",\"@id\":\"https:\\\/\\\/fr.motocrossmag.be\\\/#website\",\"url\":\"https:\\\/\\\/fr.motocrossmag.be\\\/\",\"name\":\"Motocross - Enduro - Supermoto | MotocrossMag\",\"description\":\"L&#039;actualit\u00e9 du motocross, de l&#039;enduro et du Supermoto en ligne!\",\"potentialAction\":[{\"@type\":\"SearchAction\",\"target\":{\"@type\":\"EntryPoint\",\"urlTemplate\":\"https:\\\/\\\/fr.motocrossmag.be\\\/?s={search_term_string}\"},\"query-input\":{\"@type\":\"PropertyValueSpecification\",\"valueRequired\":true,\"valueName\":\"search_term_string\"}}],\"inLanguage\":\"fr-FR\"},{\"@type\":\"Person\",\"@id\":\"https:\\\/\\\/fr.motocrossmag.be\\\/#\\\/schema\\\/person\\\/11b47143d9f755babca2c9110e03235c\",\"name\":\"oliviere\",\"image\":{\"@type\":\"ImageObject\",\"inLanguage\":\"fr-FR\",\"@id\":\"https:\\\/\\\/secure.gravatar.com\\\/avatar\\\/907069e0b81d119452040469e4a7501da1100f54f7f80180ce77bfab718288f6?s=96&d=mm&r=g\",\"url\":\"https:\\\/\\\/secure.gravatar.com\\\/avatar\\\/907069e0b81d119452040469e4a7501da1100f54f7f80180ce77bfab718288f6?s=96&d=mm&r=g\",\"contentUrl\":\"https:\\\/\\\/secure.gravatar.com\\\/avatar\\\/907069e0b81d119452040469e4a7501da1100f54f7f80180ce77bfab718288f6?s=96&d=mm&r=g\",\"caption\":\"oliviere\"},\"sameAs\":[\"http:\\\/\\\/www.motocrossmag.be\"],\"url\":\"https:\\\/\\\/fr.motocrossmag.be\\\/index.php\\\/author\\\/oliviere\\\/\"}]}<\/script>\n<!-- \/ Yoast SEO plugin. -->","yoast_head_json":{"title":"Galerie photos | MXGP en Su\u00e8de: les photos - Motocross - Enduro - Supermoto | MotocrossMag","robots":{"index":"index","follow":"follow","max-snippet":"max-snippet:-1","max-image-preview":"max-image-preview:large","max-video-preview":"max-video-preview:-1"},"canonical":"https:\/\/fr.motocrossmag.be\/index.php\/2011\/07\/galerie-photos-mxgp-en-suede-les-photos\/","og_locale":"fr_FR","og_type":"article","og_title":"Galerie photos | MXGP en Su\u00e8de: les photos - Motocross - Enduro - Supermoto | MotocrossMag","og_description":"Plus de 80 photos du GP d&rsquo;Uddevalla le week-end pass\u00e9, ramen\u00e9es par CDS, notre photographe \u00ab\u00a0maison\u00a0\u00bb. En Su\u00e8de, du spectacle sur la piste bien s\u00e0\u00bbr mais aussi tout autour, comme vous le constaterez dans cette galerie photos format XXL! Photos: CDS \u00a0\u00a0 \u00a0\u00a0 \u00a0\u00a0 \u00a0\u00a0 \u00a0\u00a0 \u00a0\u00a0 \u00a0\u00a0 \u00a0\u00a0 \u00a0\u00a0 \u00a0\u00a0 \u00a0\u00a0 \u00a0\u00a0 \u00a0\u00a0 \u00a0\u00a0 [&hellip;]","og_url":"https:\/\/fr.motocrossmag.be\/index.php\/2011\/07\/galerie-photos-mxgp-en-suede-les-photos\/","og_site_name":"Motocross - Enduro - Supermoto | MotocrossMag","article_published_time":"2011-07-06T12:07:53+00:00","og_image":[{"url":"http:\/\/fr.motocrossmag.be\/wp-content\/uploads\/2011\/07\/_ds_1381-150x150.jpg","type":"","width":"","height":""}],"author":"oliviere","twitter_card":"summary_large_image","twitter_misc":{"\u00c9crit par":"oliviere"},"schema":{"@context":"https:\/\/schema.org","@graph":[{"@type":"Article","@id":"https:\/\/fr.motocrossmag.be\/index.php\/2011\/07\/galerie-photos-mxgp-en-suede-les-photos\/#article","isPartOf":{"@id":"https:\/\/fr.motocrossmag.be\/index.php\/2011\/07\/galerie-photos-mxgp-en-suede-les-photos\/"},"author":{"name":"oliviere","@id":"https:\/\/fr.motocrossmag.be\/#\/schema\/person\/11b47143d9f755babca2c9110e03235c"},"headline":"Galerie photos | MXGP en Su\u00e8de: les photos","datePublished":"2011-07-06T12:07:53+00:00","mainEntityOfPage":{"@id":"https:\/\/fr.motocrossmag.be\/index.php\/2011\/07\/galerie-photos-mxgp-en-suede-les-photos\/"},"wordCount":52,"commentCount":0,"image":{"@id":"https:\/\/fr.motocrossmag.be\/index.php\/2011\/07\/galerie-photos-mxgp-en-suede-les-photos\/#primaryimage"},"thumbnailUrl":"http:\/\/fr.motocrossmag.be\/wp-content\/uploads\/2011\/07\/_ds_1381-150x150.jpg","articleSection":["Photos"],"inLanguage":"fr-FR","potentialAction":[{"@type":"CommentAction","name":"Comment","target":["https:\/\/fr.motocrossmag.be\/index.php\/2011\/07\/galerie-photos-mxgp-en-suede-les-photos\/#respond"]}]},{"@type":"WebPage","@id":"https:\/\/fr.motocrossmag.be\/index.php\/2011\/07\/galerie-photos-mxgp-en-suede-les-photos\/","url":"https:\/\/fr.motocrossmag.be\/index.php\/2011\/07\/galerie-photos-mxgp-en-suede-les-photos\/","name":"Galerie photos | MXGP en Su\u00e8de: les photos - Motocross - Enduro - Supermoto | MotocrossMag","isPartOf":{"@id":"https:\/\/fr.motocrossmag.be\/#website"},"primaryImageOfPage":{"@id":"https:\/\/fr.motocrossmag.be\/index.php\/2011\/07\/galerie-photos-mxgp-en-suede-les-photos\/#primaryimage"},"image":{"@id":"https:\/\/fr.motocrossmag.be\/index.php\/2011\/07\/galerie-photos-mxgp-en-suede-les-photos\/#primaryimage"},"thumbnailUrl":"http:\/\/fr.motocrossmag.be\/wp-content\/uploads\/2011\/07\/_ds_1381-150x150.jpg","datePublished":"2011-07-06T12:07:53+00:00","author":{"@id":"https:\/\/fr.motocrossmag.be\/#\/schema\/person\/11b47143d9f755babca2c9110e03235c"},"breadcrumb":{"@id":"https:\/\/fr.motocrossmag.be\/index.php\/2011\/07\/galerie-photos-mxgp-en-suede-les-photos\/#breadcrumb"},"inLanguage":"fr-FR","potentialAction":[{"@type":"ReadAction","target":["https:\/\/fr.motocrossmag.be\/index.php\/2011\/07\/galerie-photos-mxgp-en-suede-les-photos\/"]}]},{"@type":"ImageObject","inLanguage":"fr-FR","@id":"https:\/\/fr.motocrossmag.be\/index.php\/2011\/07\/galerie-photos-mxgp-en-suede-les-photos\/#primaryimage","url":"https:\/\/fr.motocrossmag.be\/wp-content\/uploads\/2011\/07\/_ds_1381.jpg","contentUrl":"https:\/\/fr.motocrossmag.be\/wp-content\/uploads\/2011\/07\/_ds_1381.jpg","width":800,"height":533},{"@type":"BreadcrumbList","@id":"https:\/\/fr.motocrossmag.be\/index.php\/2011\/07\/galerie-photos-mxgp-en-suede-les-photos\/#breadcrumb","itemListElement":[{"@type":"ListItem","position":1,"name":"Accueil","item":"https:\/\/fr.motocrossmag.be\/"},{"@type":"ListItem","position":2,"name":"Galerie photos | MXGP en Su\u00e8de: les photos"}]},{"@type":"WebSite","@id":"https:\/\/fr.motocrossmag.be\/#website","url":"https:\/\/fr.motocrossmag.be\/","name":"Motocross - Enduro - Supermoto | MotocrossMag","description":"L&#039;actualit\u00e9 du motocross, de l&#039;enduro et du Supermoto en ligne!","potentialAction":[{"@type":"SearchAction","target":{"@type":"EntryPoint","urlTemplate":"https:\/\/fr.motocrossmag.be\/?s={search_term_string}"},"query-input":{"@type":"PropertyValueSpecification","valueRequired":true,"valueName":"search_term_string"}}],"inLanguage":"fr-FR"},{"@type":"Person","@id":"https:\/\/fr.motocrossmag.be\/#\/schema\/person\/11b47143d9f755babca2c9110e03235c","name":"oliviere","image":{"@type":"ImageObject","inLanguage":"fr-FR","@id":"https:\/\/secure.gravatar.com\/avatar\/907069e0b81d119452040469e4a7501da1100f54f7f80180ce77bfab718288f6?s=96&d=mm&r=g","url":"https:\/\/secure.gravatar.com\/avatar\/907069e0b81d119452040469e4a7501da1100f54f7f80180ce77bfab718288f6?s=96&d=mm&r=g","contentUrl":"https:\/\/secure.gravatar.com\/avatar\/907069e0b81d119452040469e4a7501da1100f54f7f80180ce77bfab718288f6?s=96&d=mm&r=g","caption":"oliviere"},"sameAs":["http:\/\/www.motocrossmag.be"],"url":"https:\/\/fr.motocrossmag.be\/index.php\/author\/oliviere\/"}]}},"_links":{"self":[{"href":"https:\/\/fr.motocrossmag.be\/index.php\/wp-json\/wp\/v2\/posts\/11776","targetHints":{"allow":["GET"]}}],"collection":[{"href":"https:\/\/fr.motocrossmag.be\/index.php\/wp-json\/wp\/v2\/posts"}],"about":[{"href":"https:\/\/fr.motocrossmag.be\/index.php\/wp-json\/wp\/v2\/types\/post"}],"author":[{"embeddable":true,"href":"https:\/\/fr.motocrossmag.be\/index.php\/wp-json\/wp\/v2\/users\/932"}],"replies":[{"embeddable":true,"href":"https:\/\/fr.motocrossmag.be\/index.php\/wp-json\/wp\/v2\/comments?post=11776"}],"version-history":[{"count":0,"href":"https:\/\/fr.motocrossmag.be\/index.php\/wp-json\/wp\/v2\/posts\/11776\/revisions"}],"wp:attachment":[{"href":"https:\/\/fr.motocrossmag.be\/index.php\/wp-json\/wp\/v2\/media?parent=11776"}],"wp:term":[{"taxonomy":"category","embeddable":true,"href":"https:\/\/fr.motocrossmag.be\/index.php\/wp-json\/wp\/v2\/categories?post=11776"},{"taxonomy":"post_tag","embeddable":true,"href":"https:\/\/fr.motocrossmag.be\/index.php\/wp-json\/wp\/v2\/tags?post=11776"}],"curies":[{"name":"wp","href":"https:\/\/api.w.org\/{rel}","templated":true}]}}