{"id":117822,"date":"2022-05-25T11:50:45","date_gmt":"2022-05-25T09:50:45","guid":{"rendered":"http:\/\/fr.motocrossmag.be\/?p=117822"},"modified":"2022-05-25T11:50:45","modified_gmt":"2022-05-25T09:50:45","slug":"le-circuit-de-rognee-a-laube-dune-seconde-vie","status":"publish","type":"post","link":"https:\/\/fr.motocrossmag.be\/index.php\/2022\/05\/le-circuit-de-rognee-a-laube-dune-seconde-vie\/","title":{"rendered":"Le circuit de Rogn\u00e9e \u00e0 l&rsquo;aube d&rsquo;une seconde vie ?"},"content":{"rendered":"<p><strong>Le circuit \u00ab\u00a0Les Marni\u00e8res\u00a0\u00bb de Rogn\u00e9e avait ferm\u00e9 ses portes il y a une dizaine d&rsquo;ann\u00e9es. Depuis, l&rsquo;infrastructure est rest\u00e9e en place. Ses gestionnaires gardent d&rsquo;ailleurs toujours l&rsquo;espoir de le voir rouvrir ses portes. Les machines de cross pourraient d&rsquo;ailleurs bient\u00f4t retrouver le c\u00e9l\u00e8bre circuit situ\u00e9 dans la commune de Walcourt, en province de Namur.<\/strong><\/p>\n<p>Depuis la fermeture du circuit d&rsquo;H\u00e9l\u00e9cine, les motocrossmen wallons sont particuli\u00e8rement d\u00e9pourvus lorsqu&rsquo;il s&rsquo;agit de trouver une piste d&rsquo;entra\u00eenement \u00e0 une distance raisonnable de leur domicile. Dans ce contexte, les responsables de l\u2019ASBL Moto Cross Club de Rogn\u00e9e tentent de relancer l&rsquo;activit\u00e9 sur la piste \u00ab\u00a0Les Marni\u00e8res\u00a0\u00bb. Les contretemps se sont accumul\u00e9s et la pand\u00e9mie a encore retard\u00e9 le dossier de deux ann\u00e9es suppl\u00e9mentaires.<\/p>\n<p>A pr\u00e9sent, on ne parle plus de nouvelles infrastructures mais bien d&rsquo;une simple demande de r\u00e9ouverture. \u00ab\u00a0On pr\u00e9f\u00e8re se passer de tout subside et ne pas perdre des ann\u00e9es en d\u00e9marches administratives. Notre dossier est bien ficel\u00e9 et respecte toutes les nouvelles normes en vigueur\u00a0\u00bb, assure Concetta D\u2019Eletto.<\/p>\n<p>Une r\u00e9union d\u2019information, pr\u00e9alable \u00e0 l\u2019\u00e9tude d\u2019incidences sur l\u2019environnement, \u00e9tait organis\u00e9e ce lundi soir \u00e0 Walcourt. \u00ab\u00a0Notre objectif est de rouvrir le circuit de Rogn\u00e9e tel qu\u2019il \u00e9tait auparavant. Il n&rsquo;y aura pas de construction de b\u00e2timent. Des sorties seront ajout\u00e9es \u00e0 l\u2019arri\u00e8re du circuit\u00a0\u00bb, confirmait David Baratucci face aux riverains, parfois inquiets.<\/p>\n<p>Le programme d\u2019utilisation pr\u00e9voit quatre jours d\u2019ouverture par semaine, except\u00e9 le dimanche, ainsi qu&rsquo;une organisation de quatre jours cons\u00e9cutifs par mois, deux organisations de trois ou quatre jours d\u2019exploitation par an et aucune limite d\u2019exploitation pour les journ\u00e9es de conduite silencieuse.\u00a0 \u00ab\u00a0Le projet pr\u00e9voit de conserver le circuit d\u00e9di\u00e9s aux enfants et l\u2019am\u00e9nagement de zones r\u00e9serv\u00e9es \u00e0 la promenade, au VTT et aux v\u00e9hicules qui n&rsquo;\u00e9mettent pas de bruit\u00a0\u00bb, ajoutait David Baratucci.<\/p>\n","protected":false},"excerpt":{"rendered":"<p>Le circuit \u00ab\u00a0Les Marni\u00e8res\u00a0\u00bb de Rogn\u00e9e avait ferm\u00e9 ses portes il y a une dizaine d&rsquo;ann\u00e9es. Depuis, l&rsquo;infrastructure est rest\u00e9e en place. Ses gestionnaires gardent d&rsquo;ailleurs toujours l&rsquo;espoir de le [&#8230;]<\/p>\n","protected":false},"author":932,"featured_media":562,"comment_status":"open","ping_status":"closed","sticky":false,"template":"","format":"standard","meta":{"footnotes":""},"categories":[54,4,5,55,65],"tags":[1296,947],"class_list":["post-117822","post","type-post","status-publish","format-standard","has-post-thumbnail","hentry","category-actualite","category-motocross","category-news","category-news-actualite","category-slideshow","tag-circuits","tag-motocross"],"yoast_head":"<!-- This site is optimized with the Yoast SEO plugin v27.4 - https:\/\/yoast.com\/product\/yoast-seo-wordpress\/ -->\n<title>Le circuit de Rogn\u00e9e \u00e0 l&#039;aube d&#039;une seconde vie ? - Motocross - Enduro - Supermoto | MotocrossMag<\/title>\n<meta name=\"robots\" content=\"index, follow, max-snippet:-1, max-image-preview:large, max-video-preview:-1\" \/>\n<link rel=\"canonical\" href=\"https:\/\/fr.motocrossmag.be\/index.php\/2022\/05\/le-circuit-de-rognee-a-laube-dune-seconde-vie\/\" \/>\n<meta property=\"og:locale\" content=\"fr_FR\" \/>\n<meta property=\"og:type\" content=\"article\" \/>\n<meta property=\"og:title\" content=\"Le circuit de Rogn\u00e9e \u00e0 l&#039;aube d&#039;une seconde vie ? - Motocross - Enduro - Supermoto | MotocrossMag\" \/>\n<meta property=\"og:description\" content=\"Le circuit \u00ab\u00a0Les Marni\u00e8res\u00a0\u00bb de Rogn\u00e9e avait ferm\u00e9 ses portes il y a une dizaine d&rsquo;ann\u00e9es. Depuis, l&rsquo;infrastructure est rest\u00e9e en place. Ses gestionnaires gardent d&rsquo;ailleurs toujours l&rsquo;espoir de le [...]\" \/>\n<meta property=\"og:url\" content=\"https:\/\/fr.motocrossmag.be\/index.php\/2022\/05\/le-circuit-de-rognee-a-laube-dune-seconde-vie\/\" \/>\n<meta property=\"og:site_name\" content=\"Motocross - Enduro - Supermoto | MotocrossMag\" \/>\n<meta property=\"article:published_time\" content=\"2022-05-25T09:50:45+00:00\" \/>\n<meta property=\"og:image\" content=\"https:\/\/fr.motocrossmag.be\/wp-content\/uploads\/2008\/04\/rognee_start_esp.jpg\" \/>\n\t<meta property=\"og:image:width\" content=\"800\" \/>\n\t<meta property=\"og:image:height\" content=\"531\" \/>\n\t<meta property=\"og:image:type\" content=\"image\/jpeg\" \/>\n<meta name=\"author\" content=\"oliviere\" \/>\n<meta name=\"twitter:card\" content=\"summary_large_image\" \/>\n<meta name=\"twitter:label1\" content=\"\u00c9crit par\" \/>\n\t<meta name=\"twitter:data1\" content=\"oliviere\" \/>\n\t<meta name=\"twitter:label2\" content=\"Dur\u00e9e de lecture estim\u00e9e\" \/>\n\t<meta name=\"twitter:data2\" content=\"2 minutes\" \/>\n<script type=\"application\/ld+json\" class=\"yoast-schema-graph\">{\"@context\":\"https:\\\/\\\/schema.org\",\"@graph\":[{\"@type\":\"Article\",\"@id\":\"https:\\\/\\\/fr.motocrossmag.be\\\/index.php\\\/2022\\\/05\\\/le-circuit-de-rognee-a-laube-dune-seconde-vie\\\/#article\",\"isPartOf\":{\"@id\":\"https:\\\/\\\/fr.motocrossmag.be\\\/index.php\\\/2022\\\/05\\\/le-circuit-de-rognee-a-laube-dune-seconde-vie\\\/\"},\"author\":{\"name\":\"oliviere\",\"@id\":\"https:\\\/\\\/fr.motocrossmag.be\\\/#\\\/schema\\\/person\\\/11b47143d9f755babca2c9110e03235c\"},\"headline\":\"Le circuit de Rogn\u00e9e \u00e0 l&rsquo;aube d&rsquo;une seconde vie ?\",\"datePublished\":\"2022-05-25T09:50:45+00:00\",\"mainEntityOfPage\":{\"@id\":\"https:\\\/\\\/fr.motocrossmag.be\\\/index.php\\\/2022\\\/05\\\/le-circuit-de-rognee-a-laube-dune-seconde-vie\\\/\"},\"wordCount\":366,\"commentCount\":0,\"image\":{\"@id\":\"https:\\\/\\\/fr.motocrossmag.be\\\/index.php\\\/2022\\\/05\\\/le-circuit-de-rognee-a-laube-dune-seconde-vie\\\/#primaryimage\"},\"thumbnailUrl\":\"https:\\\/\\\/fr.motocrossmag.be\\\/wp-content\\\/uploads\\\/2008\\\/04\\\/rognee_start_esp.jpg\",\"keywords\":[\"circuits\",\"Motocross\"],\"articleSection\":[\"Actualit\u00e9\",\"Motocross\",\"News\",\"News\",\"Slideshow\"],\"inLanguage\":\"fr-FR\",\"potentialAction\":[{\"@type\":\"CommentAction\",\"name\":\"Comment\",\"target\":[\"https:\\\/\\\/fr.motocrossmag.be\\\/index.php\\\/2022\\\/05\\\/le-circuit-de-rognee-a-laube-dune-seconde-vie\\\/#respond\"]}]},{\"@type\":\"WebPage\",\"@id\":\"https:\\\/\\\/fr.motocrossmag.be\\\/index.php\\\/2022\\\/05\\\/le-circuit-de-rognee-a-laube-dune-seconde-vie\\\/\",\"url\":\"https:\\\/\\\/fr.motocrossmag.be\\\/index.php\\\/2022\\\/05\\\/le-circuit-de-rognee-a-laube-dune-seconde-vie\\\/\",\"name\":\"Le circuit de Rogn\u00e9e \u00e0 l'aube d'une seconde vie ? - Motocross - Enduro - Supermoto | MotocrossMag\",\"isPartOf\":{\"@id\":\"https:\\\/\\\/fr.motocrossmag.be\\\/#website\"},\"primaryImageOfPage\":{\"@id\":\"https:\\\/\\\/fr.motocrossmag.be\\\/index.php\\\/2022\\\/05\\\/le-circuit-de-rognee-a-laube-dune-seconde-vie\\\/#primaryimage\"},\"image\":{\"@id\":\"https:\\\/\\\/fr.motocrossmag.be\\\/index.php\\\/2022\\\/05\\\/le-circuit-de-rognee-a-laube-dune-seconde-vie\\\/#primaryimage\"},\"thumbnailUrl\":\"https:\\\/\\\/fr.motocrossmag.be\\\/wp-content\\\/uploads\\\/2008\\\/04\\\/rognee_start_esp.jpg\",\"datePublished\":\"2022-05-25T09:50:45+00:00\",\"author\":{\"@id\":\"https:\\\/\\\/fr.motocrossmag.be\\\/#\\\/schema\\\/person\\\/11b47143d9f755babca2c9110e03235c\"},\"breadcrumb\":{\"@id\":\"https:\\\/\\\/fr.motocrossmag.be\\\/index.php\\\/2022\\\/05\\\/le-circuit-de-rognee-a-laube-dune-seconde-vie\\\/#breadcrumb\"},\"inLanguage\":\"fr-FR\",\"potentialAction\":[{\"@type\":\"ReadAction\",\"target\":[\"https:\\\/\\\/fr.motocrossmag.be\\\/index.php\\\/2022\\\/05\\\/le-circuit-de-rognee-a-laube-dune-seconde-vie\\\/\"]}]},{\"@type\":\"ImageObject\",\"inLanguage\":\"fr-FR\",\"@id\":\"https:\\\/\\\/fr.motocrossmag.be\\\/index.php\\\/2022\\\/05\\\/le-circuit-de-rognee-a-laube-dune-seconde-vie\\\/#primaryimage\",\"url\":\"https:\\\/\\\/fr.motocrossmag.be\\\/wp-content\\\/uploads\\\/2008\\\/04\\\/rognee_start_esp.jpg\",\"contentUrl\":\"https:\\\/\\\/fr.motocrossmag.be\\\/wp-content\\\/uploads\\\/2008\\\/04\\\/rognee_start_esp.jpg\",\"width\":800,\"height\":531},{\"@type\":\"BreadcrumbList\",\"@id\":\"https:\\\/\\\/fr.motocrossmag.be\\\/index.php\\\/2022\\\/05\\\/le-circuit-de-rognee-a-laube-dune-seconde-vie\\\/#breadcrumb\",\"itemListElement\":[{\"@type\":\"ListItem\",\"position\":1,\"name\":\"Accueil\",\"item\":\"https:\\\/\\\/fr.motocrossmag.be\\\/\"},{\"@type\":\"ListItem\",\"position\":2,\"name\":\"Le circuit de Rogn\u00e9e \u00e0 l&rsquo;aube d&rsquo;une seconde vie ?\"}]},{\"@type\":\"WebSite\",\"@id\":\"https:\\\/\\\/fr.motocrossmag.be\\\/#website\",\"url\":\"https:\\\/\\\/fr.motocrossmag.be\\\/\",\"name\":\"Motocross - Enduro - Supermoto | MotocrossMag\",\"description\":\"L&#039;actualit\u00e9 du motocross, de l&#039;enduro et du Supermoto en ligne!\",\"potentialAction\":[{\"@type\":\"SearchAction\",\"target\":{\"@type\":\"EntryPoint\",\"urlTemplate\":\"https:\\\/\\\/fr.motocrossmag.be\\\/?s={search_term_string}\"},\"query-input\":{\"@type\":\"PropertyValueSpecification\",\"valueRequired\":true,\"valueName\":\"search_term_string\"}}],\"inLanguage\":\"fr-FR\"},{\"@type\":\"Person\",\"@id\":\"https:\\\/\\\/fr.motocrossmag.be\\\/#\\\/schema\\\/person\\\/11b47143d9f755babca2c9110e03235c\",\"name\":\"oliviere\",\"image\":{\"@type\":\"ImageObject\",\"inLanguage\":\"fr-FR\",\"@id\":\"https:\\\/\\\/secure.gravatar.com\\\/avatar\\\/907069e0b81d119452040469e4a7501da1100f54f7f80180ce77bfab718288f6?s=96&d=mm&r=g\",\"url\":\"https:\\\/\\\/secure.gravatar.com\\\/avatar\\\/907069e0b81d119452040469e4a7501da1100f54f7f80180ce77bfab718288f6?s=96&d=mm&r=g\",\"contentUrl\":\"https:\\\/\\\/secure.gravatar.com\\\/avatar\\\/907069e0b81d119452040469e4a7501da1100f54f7f80180ce77bfab718288f6?s=96&d=mm&r=g\",\"caption\":\"oliviere\"},\"sameAs\":[\"http:\\\/\\\/www.motocrossmag.be\"],\"url\":\"https:\\\/\\\/fr.motocrossmag.be\\\/index.php\\\/author\\\/oliviere\\\/\"}]}<\/script>\n<!-- \/ Yoast SEO plugin. -->","yoast_head_json":{"title":"Le circuit de Rogn\u00e9e \u00e0 l'aube d'une seconde vie ? - Motocross - Enduro - Supermoto | MotocrossMag","robots":{"index":"index","follow":"follow","max-snippet":"max-snippet:-1","max-image-preview":"max-image-preview:large","max-video-preview":"max-video-preview:-1"},"canonical":"https:\/\/fr.motocrossmag.be\/index.php\/2022\/05\/le-circuit-de-rognee-a-laube-dune-seconde-vie\/","og_locale":"fr_FR","og_type":"article","og_title":"Le circuit de Rogn\u00e9e \u00e0 l'aube d'une seconde vie ? - Motocross - Enduro - Supermoto | MotocrossMag","og_description":"Le circuit \u00ab\u00a0Les Marni\u00e8res\u00a0\u00bb de Rogn\u00e9e avait ferm\u00e9 ses portes il y a une dizaine d&rsquo;ann\u00e9es. Depuis, l&rsquo;infrastructure est rest\u00e9e en place. Ses gestionnaires gardent d&rsquo;ailleurs toujours l&rsquo;espoir de le [...]","og_url":"https:\/\/fr.motocrossmag.be\/index.php\/2022\/05\/le-circuit-de-rognee-a-laube-dune-seconde-vie\/","og_site_name":"Motocross - Enduro - Supermoto | MotocrossMag","article_published_time":"2022-05-25T09:50:45+00:00","og_image":[{"width":800,"height":531,"url":"https:\/\/fr.motocrossmag.be\/wp-content\/uploads\/2008\/04\/rognee_start_esp.jpg","type":"image\/jpeg"}],"author":"oliviere","twitter_card":"summary_large_image","twitter_misc":{"\u00c9crit par":"oliviere","Dur\u00e9e de lecture estim\u00e9e":"2 minutes"},"schema":{"@context":"https:\/\/schema.org","@graph":[{"@type":"Article","@id":"https:\/\/fr.motocrossmag.be\/index.php\/2022\/05\/le-circuit-de-rognee-a-laube-dune-seconde-vie\/#article","isPartOf":{"@id":"https:\/\/fr.motocrossmag.be\/index.php\/2022\/05\/le-circuit-de-rognee-a-laube-dune-seconde-vie\/"},"author":{"name":"oliviere","@id":"https:\/\/fr.motocrossmag.be\/#\/schema\/person\/11b47143d9f755babca2c9110e03235c"},"headline":"Le circuit de Rogn\u00e9e \u00e0 l&rsquo;aube d&rsquo;une seconde vie ?","datePublished":"2022-05-25T09:50:45+00:00","mainEntityOfPage":{"@id":"https:\/\/fr.motocrossmag.be\/index.php\/2022\/05\/le-circuit-de-rognee-a-laube-dune-seconde-vie\/"},"wordCount":366,"commentCount":0,"image":{"@id":"https:\/\/fr.motocrossmag.be\/index.php\/2022\/05\/le-circuit-de-rognee-a-laube-dune-seconde-vie\/#primaryimage"},"thumbnailUrl":"https:\/\/fr.motocrossmag.be\/wp-content\/uploads\/2008\/04\/rognee_start_esp.jpg","keywords":["circuits","Motocross"],"articleSection":["Actualit\u00e9","Motocross","News","News","Slideshow"],"inLanguage":"fr-FR","potentialAction":[{"@type":"CommentAction","name":"Comment","target":["https:\/\/fr.motocrossmag.be\/index.php\/2022\/05\/le-circuit-de-rognee-a-laube-dune-seconde-vie\/#respond"]}]},{"@type":"WebPage","@id":"https:\/\/fr.motocrossmag.be\/index.php\/2022\/05\/le-circuit-de-rognee-a-laube-dune-seconde-vie\/","url":"https:\/\/fr.motocrossmag.be\/index.php\/2022\/05\/le-circuit-de-rognee-a-laube-dune-seconde-vie\/","name":"Le circuit de Rogn\u00e9e \u00e0 l'aube d'une seconde vie ? - Motocross - Enduro - Supermoto | MotocrossMag","isPartOf":{"@id":"https:\/\/fr.motocrossmag.be\/#website"},"primaryImageOfPage":{"@id":"https:\/\/fr.motocrossmag.be\/index.php\/2022\/05\/le-circuit-de-rognee-a-laube-dune-seconde-vie\/#primaryimage"},"image":{"@id":"https:\/\/fr.motocrossmag.be\/index.php\/2022\/05\/le-circuit-de-rognee-a-laube-dune-seconde-vie\/#primaryimage"},"thumbnailUrl":"https:\/\/fr.motocrossmag.be\/wp-content\/uploads\/2008\/04\/rognee_start_esp.jpg","datePublished":"2022-05-25T09:50:45+00:00","author":{"@id":"https:\/\/fr.motocrossmag.be\/#\/schema\/person\/11b47143d9f755babca2c9110e03235c"},"breadcrumb":{"@id":"https:\/\/fr.motocrossmag.be\/index.php\/2022\/05\/le-circuit-de-rognee-a-laube-dune-seconde-vie\/#breadcrumb"},"inLanguage":"fr-FR","potentialAction":[{"@type":"ReadAction","target":["https:\/\/fr.motocrossmag.be\/index.php\/2022\/05\/le-circuit-de-rognee-a-laube-dune-seconde-vie\/"]}]},{"@type":"ImageObject","inLanguage":"fr-FR","@id":"https:\/\/fr.motocrossmag.be\/index.php\/2022\/05\/le-circuit-de-rognee-a-laube-dune-seconde-vie\/#primaryimage","url":"https:\/\/fr.motocrossmag.be\/wp-content\/uploads\/2008\/04\/rognee_start_esp.jpg","contentUrl":"https:\/\/fr.motocrossmag.be\/wp-content\/uploads\/2008\/04\/rognee_start_esp.jpg","width":800,"height":531},{"@type":"BreadcrumbList","@id":"https:\/\/fr.motocrossmag.be\/index.php\/2022\/05\/le-circuit-de-rognee-a-laube-dune-seconde-vie\/#breadcrumb","itemListElement":[{"@type":"ListItem","position":1,"name":"Accueil","item":"https:\/\/fr.motocrossmag.be\/"},{"@type":"ListItem","position":2,"name":"Le circuit de Rogn\u00e9e \u00e0 l&rsquo;aube d&rsquo;une seconde vie ?"}]},{"@type":"WebSite","@id":"https:\/\/fr.motocrossmag.be\/#website","url":"https:\/\/fr.motocrossmag.be\/","name":"Motocross - Enduro - Supermoto | MotocrossMag","description":"L&#039;actualit\u00e9 du motocross, de l&#039;enduro et du Supermoto en ligne!","potentialAction":[{"@type":"SearchAction","target":{"@type":"EntryPoint","urlTemplate":"https:\/\/fr.motocrossmag.be\/?s={search_term_string}"},"query-input":{"@type":"PropertyValueSpecification","valueRequired":true,"valueName":"search_term_string"}}],"inLanguage":"fr-FR"},{"@type":"Person","@id":"https:\/\/fr.motocrossmag.be\/#\/schema\/person\/11b47143d9f755babca2c9110e03235c","name":"oliviere","image":{"@type":"ImageObject","inLanguage":"fr-FR","@id":"https:\/\/secure.gravatar.com\/avatar\/907069e0b81d119452040469e4a7501da1100f54f7f80180ce77bfab718288f6?s=96&d=mm&r=g","url":"https:\/\/secure.gravatar.com\/avatar\/907069e0b81d119452040469e4a7501da1100f54f7f80180ce77bfab718288f6?s=96&d=mm&r=g","contentUrl":"https:\/\/secure.gravatar.com\/avatar\/907069e0b81d119452040469e4a7501da1100f54f7f80180ce77bfab718288f6?s=96&d=mm&r=g","caption":"oliviere"},"sameAs":["http:\/\/www.motocrossmag.be"],"url":"https:\/\/fr.motocrossmag.be\/index.php\/author\/oliviere\/"}]}},"_links":{"self":[{"href":"https:\/\/fr.motocrossmag.be\/index.php\/wp-json\/wp\/v2\/posts\/117822","targetHints":{"allow":["GET"]}}],"collection":[{"href":"https:\/\/fr.motocrossmag.be\/index.php\/wp-json\/wp\/v2\/posts"}],"about":[{"href":"https:\/\/fr.motocrossmag.be\/index.php\/wp-json\/wp\/v2\/types\/post"}],"author":[{"embeddable":true,"href":"https:\/\/fr.motocrossmag.be\/index.php\/wp-json\/wp\/v2\/users\/932"}],"replies":[{"embeddable":true,"href":"https:\/\/fr.motocrossmag.be\/index.php\/wp-json\/wp\/v2\/comments?post=117822"}],"version-history":[{"count":0,"href":"https:\/\/fr.motocrossmag.be\/index.php\/wp-json\/wp\/v2\/posts\/117822\/revisions"}],"wp:featuredmedia":[{"embeddable":true,"href":"https:\/\/fr.motocrossmag.be\/index.php\/wp-json\/wp\/v2\/media\/562"}],"wp:attachment":[{"href":"https:\/\/fr.motocrossmag.be\/index.php\/wp-json\/wp\/v2\/media?parent=117822"}],"wp:term":[{"taxonomy":"category","embeddable":true,"href":"https:\/\/fr.motocrossmag.be\/index.php\/wp-json\/wp\/v2\/categories?post=117822"},{"taxonomy":"post_tag","embeddable":true,"href":"https:\/\/fr.motocrossmag.be\/index.php\/wp-json\/wp\/v2\/tags?post=117822"}],"curies":[{"name":"wp","href":"https:\/\/api.w.org\/{rel}","templated":true}]}}