{"id":117862,"date":"2022-05-27T16:15:29","date_gmt":"2022-05-27T14:15:29","guid":{"rendered":"http:\/\/fr.motocrossmag.be\/?p=117862"},"modified":"2022-05-27T16:15:29","modified_gmt":"2022-05-27T14:15:29","slug":"standing-construct-ne-sera-plus-le-team-officiel-husqvarna-une-grande-claque-pour-toute-lequipe","status":"publish","type":"post","link":"https:\/\/fr.motocrossmag.be\/index.php\/2022\/05\/standing-construct-ne-sera-plus-le-team-officiel-husqvarna-une-grande-claque-pour-toute-lequipe\/","title":{"rendered":"Standing Construct ne sera plus le team officiel Husqvarna : \u00ab\u00a0une grande claque pour toute l&rsquo;\u00e9quipe\u00a0\u00bb"},"content":{"rendered":"<p><strong>Il y a quelques jours, le team Standing Construct apprenait qu&rsquo;il ne repr\u00e9senterait plus officiellement la marque Husqvarna en 2023. Une d\u00e9cision que le management du constructeur justifie par la crise \u00e9conomique que nous traversons actuellement. Une mauvaise surprise pour l&rsquo;\u00e9quipe belge manag\u00e9e par Tim Mathys.<\/strong><\/p>\n<p>Le team Standing Construct fait partie des \u00e9quipes en vue depuis plusieurs ann\u00e9es sur le championnat du monde MXGP. Cette saison, en tant que team officiel Husqvarna dans la cat\u00e9gorie reine du motocross mondial, elle joue les premiers r\u00f4les avec ses deux pilotes Brian Bogers et Pauls Jonass. Aussi, la d\u00e9cision aussi soudaine qu&rsquo;inattendue de la part du management du constructeur autrichien passe-t-elle d&rsquo;autant plus mal au sein de l&rsquo;\u00e9quipe belge.<\/p>\n<div id=\"attachment_114940\" style=\"width: 1010px\" class=\"wp-caption alignnone\"><img decoding=\"async\" aria-describedby=\"caption-attachment-114940\" class=\"lazyload size-full wp-image-114940\" src=\"http:\/\/fr.motocrossmag.be\/wp-content\/uploads\/2022\/02\/103441_Portrait_Husqvarna-Factory-MXGP_2022_Jonass_FullSpectrum_DSC_0524.jpg\" data-orig-src=\"http:\/\/fr.motocrossmag.be\/wp-content\/uploads\/2022\/02\/103441_Portrait_Husqvarna-Factory-MXGP_2022_Jonass_FullSpectrum_DSC_0524.jpg\" alt=\"\" width=\"1000\" height=\"666\" srcset=\"data:image\/svg+xml,%3Csvg%20xmlns%3D%27http%3A%2F%2Fwww.w3.org%2F2000%2Fsvg%27%20width%3D%271000%27%20height%3D%27666%27%20viewBox%3D%270%200%201000%20666%27%3E%3Crect%20width%3D%271000%27%20height%3D%27666%27%20fill-opacity%3D%220%22%2F%3E%3C%2Fsvg%3E\" data-srcset=\"https:\/\/fr.motocrossmag.be\/wp-content\/uploads\/2022\/02\/103441_Portrait_Husqvarna-Factory-MXGP_2022_Jonass_FullSpectrum_DSC_0524-650x433.jpg 650w, https:\/\/fr.motocrossmag.be\/wp-content\/uploads\/2022\/02\/103441_Portrait_Husqvarna-Factory-MXGP_2022_Jonass_FullSpectrum_DSC_0524-768x511.jpg 768w, https:\/\/fr.motocrossmag.be\/wp-content\/uploads\/2022\/02\/103441_Portrait_Husqvarna-Factory-MXGP_2022_Jonass_FullSpectrum_DSC_0524.jpg 1000w\" data-sizes=\"auto\" data-orig-sizes=\"(max-width: 1000px) 100vw, 1000px\" \/><p id=\"caption-attachment-114940\" class=\"wp-caption-text\">Pauls Jonass roule depuis 11 ans pour le groupe autrichien.<\/p><\/div>\n<p>\u00ab\u00a0Evidemment, c&rsquo;est une grande surprise, surtout apr\u00e8s les r\u00e9sultats que nous avons obtenus sur les derniers GP\u00a0\u00bb, explique le propri\u00e9taire du team Tim Mathys \u00e0 nos confr\u00e8res de <a href=\"http:\/\/Gatedrop.com\" target=\"_blank\" rel=\"noopener\">Gatedrop.com<\/a>. \u00ab\u00a0Nous avons beaucoup travaill\u00e9 ces derniers temps pour nous positionner comme l&rsquo;un des teams les plus forts du plateau MXGP, nous avons beaucoup travaill\u00e9 au d\u00e9veloppement de la moto. Aussi, cette annonce soudaine est une v\u00e9ritable claque pour moi-m\u00eame comme pour toute l&rsquo;\u00e9quipe.\u00a0\u00bb<\/p>\n<blockquote><p>\u00ab\u00a0On nous dit que l&rsquo;on s&rsquo;attend \u00e0 une p\u00e9riode difficile en mati\u00e8re de ventes de machines.\u00a0\u00bb<\/p><\/blockquote>\n<p>Une claque pour le team comme pour les pilotes, Pauls Jonass et Brian Bogers, qui apprennent par la m\u00eame occasion que leurs contrats ne seront quoi qu&rsquo;il arrive par reconduits \u00e0 la fin de la saison. \u00ab\u00a0Pauls \u00e9tait sous contrat avec le groupe KTM depuis 11 ans\u00a0\u00bb, poursuit Mathys, \u00ab\u00a0c&rsquo;est tr\u00e8s difficile pour lui aujourd&rsquo;hui d&rsquo;avoir \u00e0 affronter cette annonce. Chez Husqvarna, on nous dit que l&rsquo;on s&rsquo;attend \u00e0 une p\u00e9riode difficile en mati\u00e8re de ventes de motos, raison pour laquelle les contrats ne seront pas prolong\u00e9s.\u00a0\u00bb<\/p>\n<p>Si Tim Mathys ne peut pas encore \u00e0 ce stade pr\u00e9ciser de quoi le futur de son \u00e9quipe sera fait, il se dit cependant confiant en ses possibilit\u00e9s de rebondir. Quoi qu&rsquo;il en soit, cette d\u00e9cision brutale de la part de Husqvarna a de quoi inqui\u00e9ter pour le futur du championnat MXGP en lui-m\u00eame, tant on imagine, si la tendance se confirme, que d&rsquo;autres teams pourraient \u00eatre confront\u00e9s \u00e0 des d\u00e9cisions similaires.<\/p>\n<p>&nbsp;<\/p>\n","protected":false},"excerpt":{"rendered":"<p>Il y a quelques jours, le team Standing Construct apprenait qu&rsquo;il ne repr\u00e9senterait plus officiellement la marque Husqvarna en 2023. Une d\u00e9cision que le management du constructeur justifie par la [&#8230;]<\/p>\n","protected":false},"author":932,"featured_media":117863,"comment_status":"open","ping_status":"closed","sticky":false,"template":"","format":"standard","meta":{"footnotes":""},"categories":[54,4,6,5,55,65],"tags":[639,947,568,862,258,795],"class_list":["post-117862","post","type-post","status-publish","format-standard","has-post-thumbnail","hentry","category-actualite","category-motocross","category-mx1mx2","category-news","category-news-actualite","category-slideshow","tag-brian-bogers","tag-motocross","tag-mxgp","tag-pauls-jonass","tag-standing-construct","tag-tim-matthys"],"yoast_head":"<!-- This site is optimized with the Yoast SEO plugin v27.4 - https:\/\/yoast.com\/product\/yoast-seo-wordpress\/ -->\n<title>Standing Construct ne sera plus le team officiel Husqvarna : &quot;une grande claque pour toute l&#039;\u00e9quipe&quot; - Motocross - Enduro - Supermoto | MotocrossMag<\/title>\n<meta name=\"robots\" content=\"index, follow, max-snippet:-1, max-image-preview:large, max-video-preview:-1\" \/>\n<link rel=\"canonical\" href=\"https:\/\/fr.motocrossmag.be\/index.php\/2022\/05\/standing-construct-ne-sera-plus-le-team-officiel-husqvarna-une-grande-claque-pour-toute-lequipe\/\" \/>\n<meta property=\"og:locale\" content=\"fr_FR\" \/>\n<meta property=\"og:type\" content=\"article\" \/>\n<meta property=\"og:title\" content=\"Standing Construct ne sera plus le team officiel Husqvarna : &quot;une grande claque pour toute l&#039;\u00e9quipe&quot; - Motocross - Enduro - Supermoto | MotocrossMag\" \/>\n<meta property=\"og:description\" content=\"Il y a quelques jours, le team Standing Construct apprenait qu&rsquo;il ne repr\u00e9senterait plus officiellement la marque Husqvarna en 2023. Une d\u00e9cision que le management du constructeur justifie par la [...]\" \/>\n<meta property=\"og:url\" content=\"https:\/\/fr.motocrossmag.be\/index.php\/2022\/05\/standing-construct-ne-sera-plus-le-team-officiel-husqvarna-une-grande-claque-pour-toute-lequipe\/\" \/>\n<meta property=\"og:site_name\" content=\"Motocross - Enduro - Supermoto | MotocrossMag\" \/>\n<meta property=\"article:published_time\" content=\"2022-05-27T14:15:29+00:00\" \/>\n<meta property=\"og:image\" content=\"https:\/\/fr.motocrossmag.be\/wp-content\/uploads\/2022\/05\/standing-husqvarna.jpg\" \/>\n\t<meta property=\"og:image:width\" content=\"725\" \/>\n\t<meta property=\"og:image:height\" content=\"480\" \/>\n\t<meta property=\"og:image:type\" content=\"image\/jpeg\" \/>\n<meta name=\"author\" content=\"oliviere\" \/>\n<meta name=\"twitter:card\" content=\"summary_large_image\" \/>\n<meta name=\"twitter:label1\" content=\"\u00c9crit par\" \/>\n\t<meta name=\"twitter:data1\" content=\"oliviere\" \/>\n\t<meta name=\"twitter:label2\" content=\"Dur\u00e9e de lecture estim\u00e9e\" \/>\n\t<meta name=\"twitter:data2\" content=\"2 minutes\" \/>\n<script type=\"application\/ld+json\" class=\"yoast-schema-graph\">{\"@context\":\"https:\\\/\\\/schema.org\",\"@graph\":[{\"@type\":\"Article\",\"@id\":\"https:\\\/\\\/fr.motocrossmag.be\\\/index.php\\\/2022\\\/05\\\/standing-construct-ne-sera-plus-le-team-officiel-husqvarna-une-grande-claque-pour-toute-lequipe\\\/#article\",\"isPartOf\":{\"@id\":\"https:\\\/\\\/fr.motocrossmag.be\\\/index.php\\\/2022\\\/05\\\/standing-construct-ne-sera-plus-le-team-officiel-husqvarna-une-grande-claque-pour-toute-lequipe\\\/\"},\"author\":{\"name\":\"oliviere\",\"@id\":\"https:\\\/\\\/fr.motocrossmag.be\\\/#\\\/schema\\\/person\\\/11b47143d9f755babca2c9110e03235c\"},\"headline\":\"Standing Construct ne sera plus le team officiel Husqvarna : \u00ab\u00a0une grande claque pour toute l&rsquo;\u00e9quipe\u00a0\u00bb\",\"datePublished\":\"2022-05-27T14:15:29+00:00\",\"mainEntityOfPage\":{\"@id\":\"https:\\\/\\\/fr.motocrossmag.be\\\/index.php\\\/2022\\\/05\\\/standing-construct-ne-sera-plus-le-team-officiel-husqvarna-une-grande-claque-pour-toute-lequipe\\\/\"},\"wordCount\":435,\"commentCount\":0,\"image\":{\"@id\":\"https:\\\/\\\/fr.motocrossmag.be\\\/index.php\\\/2022\\\/05\\\/standing-construct-ne-sera-plus-le-team-officiel-husqvarna-une-grande-claque-pour-toute-lequipe\\\/#primaryimage\"},\"thumbnailUrl\":\"https:\\\/\\\/fr.motocrossmag.be\\\/wp-content\\\/uploads\\\/2022\\\/05\\\/standing-husqvarna.jpg\",\"keywords\":[\"brian bogers\",\"Motocross\",\"MXGP\",\"pauls jonass\",\"Standing Construct\",\"tim matthys\"],\"articleSection\":[\"Actualit\u00e9\",\"Motocross\",\"Motocross MXGP\",\"News\",\"News\",\"Slideshow\"],\"inLanguage\":\"fr-FR\",\"potentialAction\":[{\"@type\":\"CommentAction\",\"name\":\"Comment\",\"target\":[\"https:\\\/\\\/fr.motocrossmag.be\\\/index.php\\\/2022\\\/05\\\/standing-construct-ne-sera-plus-le-team-officiel-husqvarna-une-grande-claque-pour-toute-lequipe\\\/#respond\"]}]},{\"@type\":\"WebPage\",\"@id\":\"https:\\\/\\\/fr.motocrossmag.be\\\/index.php\\\/2022\\\/05\\\/standing-construct-ne-sera-plus-le-team-officiel-husqvarna-une-grande-claque-pour-toute-lequipe\\\/\",\"url\":\"https:\\\/\\\/fr.motocrossmag.be\\\/index.php\\\/2022\\\/05\\\/standing-construct-ne-sera-plus-le-team-officiel-husqvarna-une-grande-claque-pour-toute-lequipe\\\/\",\"name\":\"Standing Construct ne sera plus le team officiel Husqvarna : \\\"une grande claque pour toute l'\u00e9quipe\\\" - Motocross - Enduro - Supermoto | MotocrossMag\",\"isPartOf\":{\"@id\":\"https:\\\/\\\/fr.motocrossmag.be\\\/#website\"},\"primaryImageOfPage\":{\"@id\":\"https:\\\/\\\/fr.motocrossmag.be\\\/index.php\\\/2022\\\/05\\\/standing-construct-ne-sera-plus-le-team-officiel-husqvarna-une-grande-claque-pour-toute-lequipe\\\/#primaryimage\"},\"image\":{\"@id\":\"https:\\\/\\\/fr.motocrossmag.be\\\/index.php\\\/2022\\\/05\\\/standing-construct-ne-sera-plus-le-team-officiel-husqvarna-une-grande-claque-pour-toute-lequipe\\\/#primaryimage\"},\"thumbnailUrl\":\"https:\\\/\\\/fr.motocrossmag.be\\\/wp-content\\\/uploads\\\/2022\\\/05\\\/standing-husqvarna.jpg\",\"datePublished\":\"2022-05-27T14:15:29+00:00\",\"author\":{\"@id\":\"https:\\\/\\\/fr.motocrossmag.be\\\/#\\\/schema\\\/person\\\/11b47143d9f755babca2c9110e03235c\"},\"breadcrumb\":{\"@id\":\"https:\\\/\\\/fr.motocrossmag.be\\\/index.php\\\/2022\\\/05\\\/standing-construct-ne-sera-plus-le-team-officiel-husqvarna-une-grande-claque-pour-toute-lequipe\\\/#breadcrumb\"},\"inLanguage\":\"fr-FR\",\"potentialAction\":[{\"@type\":\"ReadAction\",\"target\":[\"https:\\\/\\\/fr.motocrossmag.be\\\/index.php\\\/2022\\\/05\\\/standing-construct-ne-sera-plus-le-team-officiel-husqvarna-une-grande-claque-pour-toute-lequipe\\\/\"]}]},{\"@type\":\"ImageObject\",\"inLanguage\":\"fr-FR\",\"@id\":\"https:\\\/\\\/fr.motocrossmag.be\\\/index.php\\\/2022\\\/05\\\/standing-construct-ne-sera-plus-le-team-officiel-husqvarna-une-grande-claque-pour-toute-lequipe\\\/#primaryimage\",\"url\":\"https:\\\/\\\/fr.motocrossmag.be\\\/wp-content\\\/uploads\\\/2022\\\/05\\\/standing-husqvarna.jpg\",\"contentUrl\":\"https:\\\/\\\/fr.motocrossmag.be\\\/wp-content\\\/uploads\\\/2022\\\/05\\\/standing-husqvarna.jpg\",\"width\":\"725\",\"height\":\"480\"},{\"@type\":\"BreadcrumbList\",\"@id\":\"https:\\\/\\\/fr.motocrossmag.be\\\/index.php\\\/2022\\\/05\\\/standing-construct-ne-sera-plus-le-team-officiel-husqvarna-une-grande-claque-pour-toute-lequipe\\\/#breadcrumb\",\"itemListElement\":[{\"@type\":\"ListItem\",\"position\":1,\"name\":\"Accueil\",\"item\":\"https:\\\/\\\/fr.motocrossmag.be\\\/\"},{\"@type\":\"ListItem\",\"position\":2,\"name\":\"Standing Construct ne sera plus le team officiel Husqvarna : \u00ab\u00a0une grande claque pour toute l&rsquo;\u00e9quipe\u00a0\u00bb\"}]},{\"@type\":\"WebSite\",\"@id\":\"https:\\\/\\\/fr.motocrossmag.be\\\/#website\",\"url\":\"https:\\\/\\\/fr.motocrossmag.be\\\/\",\"name\":\"Motocross - Enduro - Supermoto | MotocrossMag\",\"description\":\"L&#039;actualit\u00e9 du motocross, de l&#039;enduro et du Supermoto en ligne!\",\"potentialAction\":[{\"@type\":\"SearchAction\",\"target\":{\"@type\":\"EntryPoint\",\"urlTemplate\":\"https:\\\/\\\/fr.motocrossmag.be\\\/?s={search_term_string}\"},\"query-input\":{\"@type\":\"PropertyValueSpecification\",\"valueRequired\":true,\"valueName\":\"search_term_string\"}}],\"inLanguage\":\"fr-FR\"},{\"@type\":\"Person\",\"@id\":\"https:\\\/\\\/fr.motocrossmag.be\\\/#\\\/schema\\\/person\\\/11b47143d9f755babca2c9110e03235c\",\"name\":\"oliviere\",\"image\":{\"@type\":\"ImageObject\",\"inLanguage\":\"fr-FR\",\"@id\":\"https:\\\/\\\/secure.gravatar.com\\\/avatar\\\/907069e0b81d119452040469e4a7501da1100f54f7f80180ce77bfab718288f6?s=96&d=mm&r=g\",\"url\":\"https:\\\/\\\/secure.gravatar.com\\\/avatar\\\/907069e0b81d119452040469e4a7501da1100f54f7f80180ce77bfab718288f6?s=96&d=mm&r=g\",\"contentUrl\":\"https:\\\/\\\/secure.gravatar.com\\\/avatar\\\/907069e0b81d119452040469e4a7501da1100f54f7f80180ce77bfab718288f6?s=96&d=mm&r=g\",\"caption\":\"oliviere\"},\"sameAs\":[\"http:\\\/\\\/www.motocrossmag.be\"],\"url\":\"https:\\\/\\\/fr.motocrossmag.be\\\/index.php\\\/author\\\/oliviere\\\/\"}]}<\/script>\n<!-- \/ Yoast SEO plugin. -->","yoast_head_json":{"title":"Standing Construct ne sera plus le team officiel Husqvarna : \"une grande claque pour toute l'\u00e9quipe\" - Motocross - Enduro - Supermoto | MotocrossMag","robots":{"index":"index","follow":"follow","max-snippet":"max-snippet:-1","max-image-preview":"max-image-preview:large","max-video-preview":"max-video-preview:-1"},"canonical":"https:\/\/fr.motocrossmag.be\/index.php\/2022\/05\/standing-construct-ne-sera-plus-le-team-officiel-husqvarna-une-grande-claque-pour-toute-lequipe\/","og_locale":"fr_FR","og_type":"article","og_title":"Standing Construct ne sera plus le team officiel Husqvarna : \"une grande claque pour toute l'\u00e9quipe\" - Motocross - Enduro - Supermoto | MotocrossMag","og_description":"Il y a quelques jours, le team Standing Construct apprenait qu&rsquo;il ne repr\u00e9senterait plus officiellement la marque Husqvarna en 2023. Une d\u00e9cision que le management du constructeur justifie par la [...]","og_url":"https:\/\/fr.motocrossmag.be\/index.php\/2022\/05\/standing-construct-ne-sera-plus-le-team-officiel-husqvarna-une-grande-claque-pour-toute-lequipe\/","og_site_name":"Motocross - Enduro - Supermoto | MotocrossMag","article_published_time":"2022-05-27T14:15:29+00:00","og_image":[{"width":725,"height":480,"url":"https:\/\/fr.motocrossmag.be\/wp-content\/uploads\/2022\/05\/standing-husqvarna.jpg","type":"image\/jpeg"}],"author":"oliviere","twitter_card":"summary_large_image","twitter_misc":{"\u00c9crit par":"oliviere","Dur\u00e9e de lecture estim\u00e9e":"2 minutes"},"schema":{"@context":"https:\/\/schema.org","@graph":[{"@type":"Article","@id":"https:\/\/fr.motocrossmag.be\/index.php\/2022\/05\/standing-construct-ne-sera-plus-le-team-officiel-husqvarna-une-grande-claque-pour-toute-lequipe\/#article","isPartOf":{"@id":"https:\/\/fr.motocrossmag.be\/index.php\/2022\/05\/standing-construct-ne-sera-plus-le-team-officiel-husqvarna-une-grande-claque-pour-toute-lequipe\/"},"author":{"name":"oliviere","@id":"https:\/\/fr.motocrossmag.be\/#\/schema\/person\/11b47143d9f755babca2c9110e03235c"},"headline":"Standing Construct ne sera plus le team officiel Husqvarna : \u00ab\u00a0une grande claque pour toute l&rsquo;\u00e9quipe\u00a0\u00bb","datePublished":"2022-05-27T14:15:29+00:00","mainEntityOfPage":{"@id":"https:\/\/fr.motocrossmag.be\/index.php\/2022\/05\/standing-construct-ne-sera-plus-le-team-officiel-husqvarna-une-grande-claque-pour-toute-lequipe\/"},"wordCount":435,"commentCount":0,"image":{"@id":"https:\/\/fr.motocrossmag.be\/index.php\/2022\/05\/standing-construct-ne-sera-plus-le-team-officiel-husqvarna-une-grande-claque-pour-toute-lequipe\/#primaryimage"},"thumbnailUrl":"https:\/\/fr.motocrossmag.be\/wp-content\/uploads\/2022\/05\/standing-husqvarna.jpg","keywords":["brian bogers","Motocross","MXGP","pauls jonass","Standing Construct","tim matthys"],"articleSection":["Actualit\u00e9","Motocross","Motocross MXGP","News","News","Slideshow"],"inLanguage":"fr-FR","potentialAction":[{"@type":"CommentAction","name":"Comment","target":["https:\/\/fr.motocrossmag.be\/index.php\/2022\/05\/standing-construct-ne-sera-plus-le-team-officiel-husqvarna-une-grande-claque-pour-toute-lequipe\/#respond"]}]},{"@type":"WebPage","@id":"https:\/\/fr.motocrossmag.be\/index.php\/2022\/05\/standing-construct-ne-sera-plus-le-team-officiel-husqvarna-une-grande-claque-pour-toute-lequipe\/","url":"https:\/\/fr.motocrossmag.be\/index.php\/2022\/05\/standing-construct-ne-sera-plus-le-team-officiel-husqvarna-une-grande-claque-pour-toute-lequipe\/","name":"Standing Construct ne sera plus le team officiel Husqvarna : \"une grande claque pour toute l'\u00e9quipe\" - Motocross - Enduro - Supermoto | MotocrossMag","isPartOf":{"@id":"https:\/\/fr.motocrossmag.be\/#website"},"primaryImageOfPage":{"@id":"https:\/\/fr.motocrossmag.be\/index.php\/2022\/05\/standing-construct-ne-sera-plus-le-team-officiel-husqvarna-une-grande-claque-pour-toute-lequipe\/#primaryimage"},"image":{"@id":"https:\/\/fr.motocrossmag.be\/index.php\/2022\/05\/standing-construct-ne-sera-plus-le-team-officiel-husqvarna-une-grande-claque-pour-toute-lequipe\/#primaryimage"},"thumbnailUrl":"https:\/\/fr.motocrossmag.be\/wp-content\/uploads\/2022\/05\/standing-husqvarna.jpg","datePublished":"2022-05-27T14:15:29+00:00","author":{"@id":"https:\/\/fr.motocrossmag.be\/#\/schema\/person\/11b47143d9f755babca2c9110e03235c"},"breadcrumb":{"@id":"https:\/\/fr.motocrossmag.be\/index.php\/2022\/05\/standing-construct-ne-sera-plus-le-team-officiel-husqvarna-une-grande-claque-pour-toute-lequipe\/#breadcrumb"},"inLanguage":"fr-FR","potentialAction":[{"@type":"ReadAction","target":["https:\/\/fr.motocrossmag.be\/index.php\/2022\/05\/standing-construct-ne-sera-plus-le-team-officiel-husqvarna-une-grande-claque-pour-toute-lequipe\/"]}]},{"@type":"ImageObject","inLanguage":"fr-FR","@id":"https:\/\/fr.motocrossmag.be\/index.php\/2022\/05\/standing-construct-ne-sera-plus-le-team-officiel-husqvarna-une-grande-claque-pour-toute-lequipe\/#primaryimage","url":"https:\/\/fr.motocrossmag.be\/wp-content\/uploads\/2022\/05\/standing-husqvarna.jpg","contentUrl":"https:\/\/fr.motocrossmag.be\/wp-content\/uploads\/2022\/05\/standing-husqvarna.jpg","width":"725","height":"480"},{"@type":"BreadcrumbList","@id":"https:\/\/fr.motocrossmag.be\/index.php\/2022\/05\/standing-construct-ne-sera-plus-le-team-officiel-husqvarna-une-grande-claque-pour-toute-lequipe\/#breadcrumb","itemListElement":[{"@type":"ListItem","position":1,"name":"Accueil","item":"https:\/\/fr.motocrossmag.be\/"},{"@type":"ListItem","position":2,"name":"Standing Construct ne sera plus le team officiel Husqvarna : \u00ab\u00a0une grande claque pour toute l&rsquo;\u00e9quipe\u00a0\u00bb"}]},{"@type":"WebSite","@id":"https:\/\/fr.motocrossmag.be\/#website","url":"https:\/\/fr.motocrossmag.be\/","name":"Motocross - Enduro - Supermoto | MotocrossMag","description":"L&#039;actualit\u00e9 du motocross, de l&#039;enduro et du Supermoto en ligne!","potentialAction":[{"@type":"SearchAction","target":{"@type":"EntryPoint","urlTemplate":"https:\/\/fr.motocrossmag.be\/?s={search_term_string}"},"query-input":{"@type":"PropertyValueSpecification","valueRequired":true,"valueName":"search_term_string"}}],"inLanguage":"fr-FR"},{"@type":"Person","@id":"https:\/\/fr.motocrossmag.be\/#\/schema\/person\/11b47143d9f755babca2c9110e03235c","name":"oliviere","image":{"@type":"ImageObject","inLanguage":"fr-FR","@id":"https:\/\/secure.gravatar.com\/avatar\/907069e0b81d119452040469e4a7501da1100f54f7f80180ce77bfab718288f6?s=96&d=mm&r=g","url":"https:\/\/secure.gravatar.com\/avatar\/907069e0b81d119452040469e4a7501da1100f54f7f80180ce77bfab718288f6?s=96&d=mm&r=g","contentUrl":"https:\/\/secure.gravatar.com\/avatar\/907069e0b81d119452040469e4a7501da1100f54f7f80180ce77bfab718288f6?s=96&d=mm&r=g","caption":"oliviere"},"sameAs":["http:\/\/www.motocrossmag.be"],"url":"https:\/\/fr.motocrossmag.be\/index.php\/author\/oliviere\/"}]}},"_links":{"self":[{"href":"https:\/\/fr.motocrossmag.be\/index.php\/wp-json\/wp\/v2\/posts\/117862","targetHints":{"allow":["GET"]}}],"collection":[{"href":"https:\/\/fr.motocrossmag.be\/index.php\/wp-json\/wp\/v2\/posts"}],"about":[{"href":"https:\/\/fr.motocrossmag.be\/index.php\/wp-json\/wp\/v2\/types\/post"}],"author":[{"embeddable":true,"href":"https:\/\/fr.motocrossmag.be\/index.php\/wp-json\/wp\/v2\/users\/932"}],"replies":[{"embeddable":true,"href":"https:\/\/fr.motocrossmag.be\/index.php\/wp-json\/wp\/v2\/comments?post=117862"}],"version-history":[{"count":0,"href":"https:\/\/fr.motocrossmag.be\/index.php\/wp-json\/wp\/v2\/posts\/117862\/revisions"}],"wp:featuredmedia":[{"embeddable":true,"href":"https:\/\/fr.motocrossmag.be\/index.php\/wp-json\/wp\/v2\/media\/117863"}],"wp:attachment":[{"href":"https:\/\/fr.motocrossmag.be\/index.php\/wp-json\/wp\/v2\/media?parent=117862"}],"wp:term":[{"taxonomy":"category","embeddable":true,"href":"https:\/\/fr.motocrossmag.be\/index.php\/wp-json\/wp\/v2\/categories?post=117862"},{"taxonomy":"post_tag","embeddable":true,"href":"https:\/\/fr.motocrossmag.be\/index.php\/wp-json\/wp\/v2\/tags?post=117862"}],"curies":[{"name":"wp","href":"https:\/\/api.w.org\/{rel}","templated":true}]}}