{"id":117937,"date":"2022-05-30T12:01:39","date_gmt":"2022-05-30T10:01:39","guid":{"rendered":"http:\/\/fr.motocrossmag.be\/?p=117937"},"modified":"2022-05-30T12:01:39","modified_gmt":"2022-05-30T10:01:39","slug":"emx-125-ivano-van-erp-simpose-en-espagne","status":"publish","type":"post","link":"https:\/\/fr.motocrossmag.be\/index.php\/2022\/05\/emx-125-ivano-van-erp-simpose-en-espagne\/","title":{"rendered":"EMX 125 : Ivano Van Erp s&rsquo;impose en Espagne"},"content":{"rendered":"<p><strong>La 4\u00e8me \u00e9preuve comptant pour le championnat d&rsquo;Europe EMX125 a \u00e9t\u00e9 remport\u00e9e ce week-end en Espagne par le N\u00e9erlandais Ivano Van Erp.<\/strong><\/p>\n<p>Cinqui\u00e8me de la premi\u00e8re manche puis vainqueur de la seconde, le pilote Yamaha monte pour la premi\u00e8re fois cette saison sur la plus haute marche du podium. Il devance le Fran\u00e7ais Marc-Antoine Rossi (4+3) et le Letton Janis Martins Reisulis (3+4).<\/p>\n<p>Le leader du classement provisoire Cas Valk (2+5) termine au pied du podium alors que Karlis Alberts Reisulis (6+2) compl\u00e8te le top-5.<\/p>\n<p>Prochaine \u00e9preuve EMX125 d\u00e8s le week-end prochain \u00e0 Ern\u00e9e, dans le cadre du GP de France.<\/p>\n<p><span style=\"color: #800000;\"><strong>R\u00e9sultats<\/strong><\/span><\/p>\n<p>MANCHE 1<\/p>\n<p>1. Alexis Fueri (FRA, Fantic), 30:01.865;\u00a02. Cas Valk (NED, Fantic), +0:13.224;\u00a03. Janis Martins Reisulis (LAT, KTM), +0:20.531; 4. Marc-Antoine Rossi (FRA, KTM), +0:24.050;\u00a05. Ivano Van Erp (NED, Yamaha), +0:28.957;\u00a06. Karlis Alberts Reisulis (LAT, Yamaha), +0:33.360; 7. Mathis Valin (FRA, GASGAS), +0:38.859; 8. Julius Mikula (CZE, KTM), +0:41.130; 9. Francisco Garcia (ESP, Husqvarna), +0:42.167; 10. Elias Escandell (ESP, GASGAS), +0:49.898; 11. Edgar Canet (ESP, GASGAS), +1:01.236; 12. Antonio Gallego (ESP, GASGAS), +1:14.198; 13. Joe Brookes (GBR, KTM), +1:16.363; 14. Toni Giorgessi (FRA, GASGAS), +1:17.645; 15. Arnaud Colson (FRA, GASGAS), +1:17.902; 16. Maximilian Werner (GER, KTM), +1:23.985; 17. Adrien Petit (FRA, Yamaha), +1:25.271; 18. Vitezslav Marek (CZE, KTM), +1:26.606; 19. Mads Fredsoe (DEN, KTM), +1:29.651; 20. Alessandro Gaspari (ITA, Husqvarna), +1:31.705; 21. Nico Stenberg (FIN, KTM), +1:50.450; 22. Marco Alonso (ESP, GASGAS), +1:58.788; 23. Mauro Osinalde Mayrata (ESP, KTM), +2:00.127; 24. Noah Vampa (FRA, Yamaha), +2:01.424; 25. Simone Mancini (ITA, KTM), +2:08.574; 26. Ollie Colmer (GBR, KTM), -1 lap(s); 27. Jaka Peklaj (SLO, Husqvarna), -1 lap(s); 28. Francesco Gazzano (ITA, Yamaha), -1 lap(s); 29. Salvador Perez (ESP, Yamaha), -1 lap(s); 30. James Barker (GBR, KTM), -1 lap(s); 31. Giovanni Meneghello (ITA, GASGAS), -1 lap(s); 32. Tom Brunet (FRA, KTM), -1 lap(s);\u00a033. Lotte Van Drunen (NED, KTM), -1 lap(s);\u00a034. Manuel Lopez Carreras (ESP, GASGAS), -1 lap(s); 35. Ferruccio Zanchi (ITA, Yamaha), -1 lap(s); 36. Cole McCullough (GBR, KTM), -2 lap(s); 37. Carlos Prat (ESP, Yamaha), -3 lap(s); 38. Matteo Luigi Russi (ITA, KTM), -5 lap(s); 39. Unai Aguilo Azorin (ESP, Fantic), -13 lap(s);<\/p>\n<p>MANCHE 2<strong><br \/>\n<\/strong><br \/>\n1. Ivano Van Erp (NED, Yamaha), 30:25.264;\u00a02. Karlis Alberts Reisulis (LAT, Yamaha), +0:06.417; 3. Marc-Antoine Rossi (FRA, KTM), +0:10.928; 4. Janis Martins Reisulis (LAT, KTM), +0:14.443;\u00a05. Cas Valk (NED, Fantic), +0:14.837;\u00a06. Mathis Valin (FRA, GASGAS), +0:56.423; 7. Elias Escandell (ESP, GASGAS), +0:57.794; 8. Adrien Petit (FRA, Yamaha), +1:12.448; 9. Toni Giorgessi (FRA, GASGAS), +1:13.023; 10. Arnaud Colson (FRA, GASGAS), +1:18.415; 11. Francisco Garcia (ESP, Husqvarna), +1:24.802; 12. Alexis Fueri (FRA, Fantic), +1:37.882; 13. Tom Brunet (FRA, KTM), +1:45.089; 14. Vitezslav Marek (CZE, KTM), +1:48.352; 15. Ollie Colmer (GBR, KTM), +1:57.926; 16. Mads Fredsoe (DEN, KTM), +2:00.428; 17. Simone Mancini (ITA, KTM), +2:02.485; 18. Ferruccio Zanchi (ITA, Yamaha), +2:03.442; 19. Mauro Osinalde Mayrata (ESP, KTM), -1 lap(s); 20. Maximilian Werner (GER, KTM), -1 lap(s); 21. Alessandro Gaspari (ITA, Husqvarna), -1 lap(s); 22. Marco Alonso (ESP, GASGAS), -1 lap(s); 23. Noah Vampa (FRA, Yamaha), -1 lap(s); 24. Cole McCullough (GBR, KTM), -1 lap(s); 25. Carlos Prat (ESP, Yamaha), -1 lap(s); 26. Giovanni Meneghello (ITA, GASGAS), -1 lap(s); 27. Nico Stenberg (FIN, KTM), -1 lap(s); 28. Edgar Canet (ESP, GASGAS), -1 lap(s);\u00a029. Lotte Van Drunen (NED, KTM), -1 lap(s);\u00a030. Carlos Salvador (ESP, GASGAS), -1 lap(s); 31. Salvador Perez (ESP, Yamaha), -1 lap(s); 32. Jaka Peklaj (SLO, Husqvarna), -1 lap(s); 33. James Barker (GBR, KTM), -1 lap(s); 34. Joe Brookes (GBR, KTM), -1 lap(s); 35. Antonio Gallego (ESP, GASGAS), -1 lap(s); 36. Unai Aguilo Azorin (ESP, Fantic), -8 lap(s); 37. Julius Mikula (CZE, KTM), -11 lap(s); 38. Francesco Gazzano (ITA, Yamaha), -13 lap(s); 39. Matteo Luigi Russi (ITA, KTM), -14 lap(s); 40. Manuel Lopez Carreras (ESP, GASGAS), -15 lap(s);<\/p>\n<p>CLASSEMENT GENERAL EMX125<\/p>\n<p>1. Ivano Van Erp (NED, YAM), 41 points;\u00a02. Marc-Antoine Rossi (FRA, KTM), 38 p.; 3. Janis Martins Reisulis (LAT, KTM), 38 p.;\u00a04. Cas Valk (NED, FAN), 38 p.;\u00a05. Karlis Alberts Reisulis (LAT, YAM), 37 p.; 6. Alexis Fueri (FRA, FAN), 34 p.; 7. Mathis Valin (FRA, GAS), 29 p.; 8. Elias Escandell (ESP, GAS), 25 p.; 9. Francisco Garcia (ESP, HUS), 22 p.; 10. Toni Giorgessi (FRA, GAS), 19 p.; 11. Adrien Petit (FRA, YAM), 17 p.; 12. Arnaud Colson (FRA, GAS), 17 p.; 13. Julius Mikula (CZE, KTM), 13 p.; 14. Vitezslav Marek (CZE, KTM), 10 p.; 15. Edgar Canet (ESP, GAS), 10 p.; 16. Antonio Gallego (ESP, GAS), 9 p.; 17. Tom Brunet (FRA, KTM), 8 p.; 18. Joe Brookes (GBR, KTM), 8 p.; 19. Mads Fredsoe (DEN, KTM), 7 p.; 20. Ollie Colmer (GBR, KTM), 6 p.; 21. Maximilian Werner (GER, KTM), 6 p.; 22. Simone Mancini (ITA, KTM), 4 p.; 23. Ferruccio Zanchi (ITA, YAM), 3 p.; 24. Mauro Osinalde Mayrata (ESP, KTM), 2 p.; 25. Alessandro Gaspari (ITA, HUS), 1 p.; 26. Marco Alonso (ESP, GAS), 0 p.; 27. Noah Vampa (FRA, YAM), 0 p.; 28. Cole McCullough (GBR, KTM), 0 p.; 29. Carlos Prat (ESP, YAM), 0 p.; 30. Giovanni Meneghello (ITA, GAS), 0 p.; 31. Nico Stenberg (FIN, KTM), 0 p.;\u00a032. Lotte Van Drunen (NED, KTM), 0 p.;\u00a033. Carlos Salvador (ESP, GAS), 0 p.; 34. Salvador Perez (ESP, YAM), 0 p.; 35. Jaka Peklaj (SLO, HUS), 0 p.; 36. James Barker (GBR, KTM), 0 p.; 37. Unai Aguilo Azorin (ESP, FAN), 0 p.; 38. Francesco Gazzano (ITA, YAM), 0 p.; 39. Matteo Luigi Russi (ITA, KTM), 0 p.; 40. Manuel Lopez Carreras (ESP, GAS), 0 p.;<\/p>\n<div><\/div>\n<p>CLASSEMENT PROVISOIRE EMX125<strong><br \/>\n<\/strong><br \/>\n1. Cas Valk (NED, FAN), 165 points;\u00a02. Alexis Fueri (FRA, FAN), 138 p.; 3. Karlis Alberts Reisulis (LAT, YAM), 135 p.; 4. Janis Martins Reisulis (LAT, KTM), 121 p.;\u00a05. Ivano Van Erp (NED, YAM), 120 p.;\u00a06. Marc-Antoine Rossi (FRA, KTM), 98 p.; 7. Elias Escandell (ESP, GAS), 85 p.; 8. Julius Mikula (CZE, KTM), 81 p.; 9. Matteo Luigi Russi (ITA, KTM), 77 p.; 10. Ferruccio Zanchi (ITA, YAM), 76 p.; 11. Francisco Garcia (ESP, HUS), 67 p.; 12. Vitezslav Marek (CZE, KTM), 59 p.; 13. Adrien Petit (FRA, YAM), 58 p.; 14. Mathis Valin (FRA, GAS), 50 p.; 15. Arnaud Colson (FRA, GAS), 36 p.; 16. Antonio Gallego (ESP, GAS), 29 p.; 17. Charlie Heyman (GBR, KTM), 25 p.; 18. Laban Alm (SWE, HUS), 23 p.; 19. Maximilian Werner (GER, KTM), 23 p.; 20. Nicolai Skovbjerg (DEN, YAM), 21 p.; 21. Maximilian Ernecker (AUT, HUS), 20 p.; 22. Ollie Colmer (GBR, KTM), 20 p.; 23. Toni Giorgessi (FRA, GAS), 19 p.; 24. Nico Stenberg (FIN, KTM), 18 p.; 25. Uldis Freibergs (LAT, HUS), 17 p.; 26. Mattia Barbieri (ITA, GAS), 15 p.; 27. Ben Mustoe (GBR, KTM), 15 p.; 28. Jaka Peklaj (SLO, HUS), 15 p.; 29. Mads Fredsoe (DEN, KTM), 13 p.; 30. Brando Rispoli (ITA, HUS), 12 p.; 31. Edgar Canet (ESP, GAS), 10 p.; 32. Wal Beaney (GBR, KTM), 10 p.; 33. Maurizio Scollo (ITA, YAM), 9 p.; 34. Tom Brunet (FRA, KTM), 9 p.; 35. Kasimir Hindersson (FIN, KTM), 8 p.; 36. Joe Brookes (GBR, KTM), 8 p.; 37. Unai Aguilo Azorin (ESP, FAN), 8 p.; 38. Nicola Salvini (ITA, YAM), 8 p.; 39. Reece Jones (GBR, KTM), 7 p.; 40. Tomass Saicans (LAT, KTM), 7 p.; 41. August Frisk (SWE, KTM), 6 p.; 42. Tyla Hooley (GBR, GAS), 5 p.; 43. Simone Mancini (ITA, KTM), 4 p.; 44. Patrick Busatto (ITA, GAS), 4 p.; 45. Saku Mansikkam\u00e4ki (FIN, HUS), 4 p.; 46. Alessandro Gaspari (ITA, HUS), 3 p.; 47. Mauro Osinalde Mayrata (ESP, KTM), 2 p.; 48. Ofir Casey Tzemach (ISR, KTM), 2 p.;\u00a049. Lotte Van Drunen (NED, KTM), 1 p.;\u00a050. James Barker (GBR, KTM), 1 p.; 51. Holiver Brizio (ITA, HUS), 1 p.;<\/p>\n","protected":false},"excerpt":{"rendered":"<p>La 4\u00e8me \u00e9preuve comptant pour le championnat d&rsquo;Europe EMX125 a \u00e9t\u00e9 remport\u00e9e ce week-end en Espagne par le N\u00e9erlandais Ivano Van Erp. Cinqui\u00e8me de la premi\u00e8re manche puis vainqueur de [&#8230;]<\/p>\n","protected":false},"author":932,"featured_media":117938,"comment_status":"open","ping_status":"closed","sticky":false,"template":"","format":"standard","meta":{"footnotes":""},"categories":[54,128,4,5,55,56,65],"tags":[823,1826,1913,947],"class_list":["post-117937","post","type-post","status-publish","format-standard","has-post-thumbnail","hentry","category-actualite","category-emx-125-emx2","category-motocross","category-news","category-news-actualite","category-resultats","category-slideshow","tag-emx125","tag-intu-xanadu","tag-ivano-van-erp","tag-motocross"],"yoast_head":"<!-- This site is optimized with the Yoast SEO plugin v27.4 - https:\/\/yoast.com\/product\/yoast-seo-wordpress\/ -->\n<title>EMX 125 : Ivano Van Erp s&#039;impose en Espagne - Motocross - Enduro - Supermoto | MotocrossMag<\/title>\n<meta name=\"robots\" content=\"index, follow, max-snippet:-1, max-image-preview:large, max-video-preview:-1\" \/>\n<link rel=\"canonical\" href=\"https:\/\/fr.motocrossmag.be\/index.php\/2022\/05\/emx-125-ivano-van-erp-simpose-en-espagne\/\" \/>\n<meta property=\"og:locale\" content=\"fr_FR\" \/>\n<meta property=\"og:type\" content=\"article\" \/>\n<meta property=\"og:title\" content=\"EMX 125 : Ivano Van Erp s&#039;impose en Espagne - Motocross - Enduro - Supermoto | MotocrossMag\" \/>\n<meta property=\"og:description\" content=\"La 4\u00e8me \u00e9preuve comptant pour le championnat d&rsquo;Europe EMX125 a \u00e9t\u00e9 remport\u00e9e ce week-end en Espagne par le N\u00e9erlandais Ivano Van Erp. Cinqui\u00e8me de la premi\u00e8re manche puis vainqueur de [...]\" \/>\n<meta property=\"og:url\" content=\"https:\/\/fr.motocrossmag.be\/index.php\/2022\/05\/emx-125-ivano-van-erp-simpose-en-espagne\/\" \/>\n<meta property=\"og:site_name\" content=\"Motocross - Enduro - Supermoto | MotocrossMag\" \/>\n<meta property=\"article:published_time\" content=\"2022-05-30T10:01:39+00:00\" \/>\n<meta property=\"og:image\" content=\"https:\/\/fr.motocrossmag.be\/wp-content\/uploads\/2022\/05\/unnamed49.jpg\" \/>\n\t<meta property=\"og:image:width\" content=\"1000\" \/>\n\t<meta property=\"og:image:height\" content=\"666\" \/>\n\t<meta property=\"og:image:type\" content=\"image\/jpeg\" \/>\n<meta name=\"author\" content=\"oliviere\" \/>\n<meta name=\"twitter:card\" content=\"summary_large_image\" \/>\n<meta name=\"twitter:label1\" content=\"\u00c9crit par\" \/>\n\t<meta name=\"twitter:data1\" content=\"oliviere\" \/>\n\t<meta name=\"twitter:label2\" content=\"Dur\u00e9e de lecture estim\u00e9e\" \/>\n\t<meta name=\"twitter:data2\" content=\"5 minutes\" \/>\n<script type=\"application\/ld+json\" class=\"yoast-schema-graph\">{\"@context\":\"https:\\\/\\\/schema.org\",\"@graph\":[{\"@type\":\"Article\",\"@id\":\"https:\\\/\\\/fr.motocrossmag.be\\\/index.php\\\/2022\\\/05\\\/emx-125-ivano-van-erp-simpose-en-espagne\\\/#article\",\"isPartOf\":{\"@id\":\"https:\\\/\\\/fr.motocrossmag.be\\\/index.php\\\/2022\\\/05\\\/emx-125-ivano-van-erp-simpose-en-espagne\\\/\"},\"author\":{\"name\":\"oliviere\",\"@id\":\"https:\\\/\\\/fr.motocrossmag.be\\\/#\\\/schema\\\/person\\\/11b47143d9f755babca2c9110e03235c\"},\"headline\":\"EMX 125 : Ivano Van Erp s&rsquo;impose en Espagne\",\"datePublished\":\"2022-05-30T10:01:39+00:00\",\"mainEntityOfPage\":{\"@id\":\"https:\\\/\\\/fr.motocrossmag.be\\\/index.php\\\/2022\\\/05\\\/emx-125-ivano-van-erp-simpose-en-espagne\\\/\"},\"wordCount\":1036,\"commentCount\":0,\"image\":{\"@id\":\"https:\\\/\\\/fr.motocrossmag.be\\\/index.php\\\/2022\\\/05\\\/emx-125-ivano-van-erp-simpose-en-espagne\\\/#primaryimage\"},\"thumbnailUrl\":\"https:\\\/\\\/fr.motocrossmag.be\\\/wp-content\\\/uploads\\\/2022\\\/05\\\/unnamed49.jpg\",\"keywords\":[\"emx125\",\"intu xanadu\",\"ivano van erp\",\"Motocross\"],\"articleSection\":[\"Actualit\u00e9\",\"EMX\",\"Motocross\",\"News\",\"News\",\"R\u00e9sultats\",\"Slideshow\"],\"inLanguage\":\"fr-FR\",\"potentialAction\":[{\"@type\":\"CommentAction\",\"name\":\"Comment\",\"target\":[\"https:\\\/\\\/fr.motocrossmag.be\\\/index.php\\\/2022\\\/05\\\/emx-125-ivano-van-erp-simpose-en-espagne\\\/#respond\"]}]},{\"@type\":\"WebPage\",\"@id\":\"https:\\\/\\\/fr.motocrossmag.be\\\/index.php\\\/2022\\\/05\\\/emx-125-ivano-van-erp-simpose-en-espagne\\\/\",\"url\":\"https:\\\/\\\/fr.motocrossmag.be\\\/index.php\\\/2022\\\/05\\\/emx-125-ivano-van-erp-simpose-en-espagne\\\/\",\"name\":\"EMX 125 : Ivano Van Erp s'impose en Espagne - Motocross - Enduro - Supermoto | MotocrossMag\",\"isPartOf\":{\"@id\":\"https:\\\/\\\/fr.motocrossmag.be\\\/#website\"},\"primaryImageOfPage\":{\"@id\":\"https:\\\/\\\/fr.motocrossmag.be\\\/index.php\\\/2022\\\/05\\\/emx-125-ivano-van-erp-simpose-en-espagne\\\/#primaryimage\"},\"image\":{\"@id\":\"https:\\\/\\\/fr.motocrossmag.be\\\/index.php\\\/2022\\\/05\\\/emx-125-ivano-van-erp-simpose-en-espagne\\\/#primaryimage\"},\"thumbnailUrl\":\"https:\\\/\\\/fr.motocrossmag.be\\\/wp-content\\\/uploads\\\/2022\\\/05\\\/unnamed49.jpg\",\"datePublished\":\"2022-05-30T10:01:39+00:00\",\"author\":{\"@id\":\"https:\\\/\\\/fr.motocrossmag.be\\\/#\\\/schema\\\/person\\\/11b47143d9f755babca2c9110e03235c\"},\"breadcrumb\":{\"@id\":\"https:\\\/\\\/fr.motocrossmag.be\\\/index.php\\\/2022\\\/05\\\/emx-125-ivano-van-erp-simpose-en-espagne\\\/#breadcrumb\"},\"inLanguage\":\"fr-FR\",\"potentialAction\":[{\"@type\":\"ReadAction\",\"target\":[\"https:\\\/\\\/fr.motocrossmag.be\\\/index.php\\\/2022\\\/05\\\/emx-125-ivano-van-erp-simpose-en-espagne\\\/\"]}]},{\"@type\":\"ImageObject\",\"inLanguage\":\"fr-FR\",\"@id\":\"https:\\\/\\\/fr.motocrossmag.be\\\/index.php\\\/2022\\\/05\\\/emx-125-ivano-van-erp-simpose-en-espagne\\\/#primaryimage\",\"url\":\"https:\\\/\\\/fr.motocrossmag.be\\\/wp-content\\\/uploads\\\/2022\\\/05\\\/unnamed49.jpg\",\"contentUrl\":\"https:\\\/\\\/fr.motocrossmag.be\\\/wp-content\\\/uploads\\\/2022\\\/05\\\/unnamed49.jpg\",\"width\":\"1000\",\"height\":\"666\"},{\"@type\":\"BreadcrumbList\",\"@id\":\"https:\\\/\\\/fr.motocrossmag.be\\\/index.php\\\/2022\\\/05\\\/emx-125-ivano-van-erp-simpose-en-espagne\\\/#breadcrumb\",\"itemListElement\":[{\"@type\":\"ListItem\",\"position\":1,\"name\":\"Accueil\",\"item\":\"https:\\\/\\\/fr.motocrossmag.be\\\/\"},{\"@type\":\"ListItem\",\"position\":2,\"name\":\"EMX 125 : Ivano Van Erp s&rsquo;impose en Espagne\"}]},{\"@type\":\"WebSite\",\"@id\":\"https:\\\/\\\/fr.motocrossmag.be\\\/#website\",\"url\":\"https:\\\/\\\/fr.motocrossmag.be\\\/\",\"name\":\"Motocross - Enduro - Supermoto | MotocrossMag\",\"description\":\"L&#039;actualit\u00e9 du motocross, de l&#039;enduro et du Supermoto en ligne!\",\"potentialAction\":[{\"@type\":\"SearchAction\",\"target\":{\"@type\":\"EntryPoint\",\"urlTemplate\":\"https:\\\/\\\/fr.motocrossmag.be\\\/?s={search_term_string}\"},\"query-input\":{\"@type\":\"PropertyValueSpecification\",\"valueRequired\":true,\"valueName\":\"search_term_string\"}}],\"inLanguage\":\"fr-FR\"},{\"@type\":\"Person\",\"@id\":\"https:\\\/\\\/fr.motocrossmag.be\\\/#\\\/schema\\\/person\\\/11b47143d9f755babca2c9110e03235c\",\"name\":\"oliviere\",\"image\":{\"@type\":\"ImageObject\",\"inLanguage\":\"fr-FR\",\"@id\":\"https:\\\/\\\/secure.gravatar.com\\\/avatar\\\/907069e0b81d119452040469e4a7501da1100f54f7f80180ce77bfab718288f6?s=96&d=mm&r=g\",\"url\":\"https:\\\/\\\/secure.gravatar.com\\\/avatar\\\/907069e0b81d119452040469e4a7501da1100f54f7f80180ce77bfab718288f6?s=96&d=mm&r=g\",\"contentUrl\":\"https:\\\/\\\/secure.gravatar.com\\\/avatar\\\/907069e0b81d119452040469e4a7501da1100f54f7f80180ce77bfab718288f6?s=96&d=mm&r=g\",\"caption\":\"oliviere\"},\"sameAs\":[\"http:\\\/\\\/www.motocrossmag.be\"],\"url\":\"https:\\\/\\\/fr.motocrossmag.be\\\/index.php\\\/author\\\/oliviere\\\/\"}]}<\/script>\n<!-- \/ Yoast SEO plugin. -->","yoast_head_json":{"title":"EMX 125 : Ivano Van Erp s'impose en Espagne - Motocross - Enduro - Supermoto | MotocrossMag","robots":{"index":"index","follow":"follow","max-snippet":"max-snippet:-1","max-image-preview":"max-image-preview:large","max-video-preview":"max-video-preview:-1"},"canonical":"https:\/\/fr.motocrossmag.be\/index.php\/2022\/05\/emx-125-ivano-van-erp-simpose-en-espagne\/","og_locale":"fr_FR","og_type":"article","og_title":"EMX 125 : Ivano Van Erp s'impose en Espagne - Motocross - Enduro - Supermoto | MotocrossMag","og_description":"La 4\u00e8me \u00e9preuve comptant pour le championnat d&rsquo;Europe EMX125 a \u00e9t\u00e9 remport\u00e9e ce week-end en Espagne par le N\u00e9erlandais Ivano Van Erp. Cinqui\u00e8me de la premi\u00e8re manche puis vainqueur de [...]","og_url":"https:\/\/fr.motocrossmag.be\/index.php\/2022\/05\/emx-125-ivano-van-erp-simpose-en-espagne\/","og_site_name":"Motocross - Enduro - Supermoto | MotocrossMag","article_published_time":"2022-05-30T10:01:39+00:00","og_image":[{"width":1000,"height":666,"url":"https:\/\/fr.motocrossmag.be\/wp-content\/uploads\/2022\/05\/unnamed49.jpg","type":"image\/jpeg"}],"author":"oliviere","twitter_card":"summary_large_image","twitter_misc":{"\u00c9crit par":"oliviere","Dur\u00e9e de lecture estim\u00e9e":"5 minutes"},"schema":{"@context":"https:\/\/schema.org","@graph":[{"@type":"Article","@id":"https:\/\/fr.motocrossmag.be\/index.php\/2022\/05\/emx-125-ivano-van-erp-simpose-en-espagne\/#article","isPartOf":{"@id":"https:\/\/fr.motocrossmag.be\/index.php\/2022\/05\/emx-125-ivano-van-erp-simpose-en-espagne\/"},"author":{"name":"oliviere","@id":"https:\/\/fr.motocrossmag.be\/#\/schema\/person\/11b47143d9f755babca2c9110e03235c"},"headline":"EMX 125 : Ivano Van Erp s&rsquo;impose en Espagne","datePublished":"2022-05-30T10:01:39+00:00","mainEntityOfPage":{"@id":"https:\/\/fr.motocrossmag.be\/index.php\/2022\/05\/emx-125-ivano-van-erp-simpose-en-espagne\/"},"wordCount":1036,"commentCount":0,"image":{"@id":"https:\/\/fr.motocrossmag.be\/index.php\/2022\/05\/emx-125-ivano-van-erp-simpose-en-espagne\/#primaryimage"},"thumbnailUrl":"https:\/\/fr.motocrossmag.be\/wp-content\/uploads\/2022\/05\/unnamed49.jpg","keywords":["emx125","intu xanadu","ivano van erp","Motocross"],"articleSection":["Actualit\u00e9","EMX","Motocross","News","News","R\u00e9sultats","Slideshow"],"inLanguage":"fr-FR","potentialAction":[{"@type":"CommentAction","name":"Comment","target":["https:\/\/fr.motocrossmag.be\/index.php\/2022\/05\/emx-125-ivano-van-erp-simpose-en-espagne\/#respond"]}]},{"@type":"WebPage","@id":"https:\/\/fr.motocrossmag.be\/index.php\/2022\/05\/emx-125-ivano-van-erp-simpose-en-espagne\/","url":"https:\/\/fr.motocrossmag.be\/index.php\/2022\/05\/emx-125-ivano-van-erp-simpose-en-espagne\/","name":"EMX 125 : Ivano Van Erp s'impose en Espagne - Motocross - Enduro - Supermoto | MotocrossMag","isPartOf":{"@id":"https:\/\/fr.motocrossmag.be\/#website"},"primaryImageOfPage":{"@id":"https:\/\/fr.motocrossmag.be\/index.php\/2022\/05\/emx-125-ivano-van-erp-simpose-en-espagne\/#primaryimage"},"image":{"@id":"https:\/\/fr.motocrossmag.be\/index.php\/2022\/05\/emx-125-ivano-van-erp-simpose-en-espagne\/#primaryimage"},"thumbnailUrl":"https:\/\/fr.motocrossmag.be\/wp-content\/uploads\/2022\/05\/unnamed49.jpg","datePublished":"2022-05-30T10:01:39+00:00","author":{"@id":"https:\/\/fr.motocrossmag.be\/#\/schema\/person\/11b47143d9f755babca2c9110e03235c"},"breadcrumb":{"@id":"https:\/\/fr.motocrossmag.be\/index.php\/2022\/05\/emx-125-ivano-van-erp-simpose-en-espagne\/#breadcrumb"},"inLanguage":"fr-FR","potentialAction":[{"@type":"ReadAction","target":["https:\/\/fr.motocrossmag.be\/index.php\/2022\/05\/emx-125-ivano-van-erp-simpose-en-espagne\/"]}]},{"@type":"ImageObject","inLanguage":"fr-FR","@id":"https:\/\/fr.motocrossmag.be\/index.php\/2022\/05\/emx-125-ivano-van-erp-simpose-en-espagne\/#primaryimage","url":"https:\/\/fr.motocrossmag.be\/wp-content\/uploads\/2022\/05\/unnamed49.jpg","contentUrl":"https:\/\/fr.motocrossmag.be\/wp-content\/uploads\/2022\/05\/unnamed49.jpg","width":"1000","height":"666"},{"@type":"BreadcrumbList","@id":"https:\/\/fr.motocrossmag.be\/index.php\/2022\/05\/emx-125-ivano-van-erp-simpose-en-espagne\/#breadcrumb","itemListElement":[{"@type":"ListItem","position":1,"name":"Accueil","item":"https:\/\/fr.motocrossmag.be\/"},{"@type":"ListItem","position":2,"name":"EMX 125 : Ivano Van Erp s&rsquo;impose en Espagne"}]},{"@type":"WebSite","@id":"https:\/\/fr.motocrossmag.be\/#website","url":"https:\/\/fr.motocrossmag.be\/","name":"Motocross - Enduro - Supermoto | MotocrossMag","description":"L&#039;actualit\u00e9 du motocross, de l&#039;enduro et du Supermoto en ligne!","potentialAction":[{"@type":"SearchAction","target":{"@type":"EntryPoint","urlTemplate":"https:\/\/fr.motocrossmag.be\/?s={search_term_string}"},"query-input":{"@type":"PropertyValueSpecification","valueRequired":true,"valueName":"search_term_string"}}],"inLanguage":"fr-FR"},{"@type":"Person","@id":"https:\/\/fr.motocrossmag.be\/#\/schema\/person\/11b47143d9f755babca2c9110e03235c","name":"oliviere","image":{"@type":"ImageObject","inLanguage":"fr-FR","@id":"https:\/\/secure.gravatar.com\/avatar\/907069e0b81d119452040469e4a7501da1100f54f7f80180ce77bfab718288f6?s=96&d=mm&r=g","url":"https:\/\/secure.gravatar.com\/avatar\/907069e0b81d119452040469e4a7501da1100f54f7f80180ce77bfab718288f6?s=96&d=mm&r=g","contentUrl":"https:\/\/secure.gravatar.com\/avatar\/907069e0b81d119452040469e4a7501da1100f54f7f80180ce77bfab718288f6?s=96&d=mm&r=g","caption":"oliviere"},"sameAs":["http:\/\/www.motocrossmag.be"],"url":"https:\/\/fr.motocrossmag.be\/index.php\/author\/oliviere\/"}]}},"_links":{"self":[{"href":"https:\/\/fr.motocrossmag.be\/index.php\/wp-json\/wp\/v2\/posts\/117937","targetHints":{"allow":["GET"]}}],"collection":[{"href":"https:\/\/fr.motocrossmag.be\/index.php\/wp-json\/wp\/v2\/posts"}],"about":[{"href":"https:\/\/fr.motocrossmag.be\/index.php\/wp-json\/wp\/v2\/types\/post"}],"author":[{"embeddable":true,"href":"https:\/\/fr.motocrossmag.be\/index.php\/wp-json\/wp\/v2\/users\/932"}],"replies":[{"embeddable":true,"href":"https:\/\/fr.motocrossmag.be\/index.php\/wp-json\/wp\/v2\/comments?post=117937"}],"version-history":[{"count":0,"href":"https:\/\/fr.motocrossmag.be\/index.php\/wp-json\/wp\/v2\/posts\/117937\/revisions"}],"wp:featuredmedia":[{"embeddable":true,"href":"https:\/\/fr.motocrossmag.be\/index.php\/wp-json\/wp\/v2\/media\/117938"}],"wp:attachment":[{"href":"https:\/\/fr.motocrossmag.be\/index.php\/wp-json\/wp\/v2\/media?parent=117937"}],"wp:term":[{"taxonomy":"category","embeddable":true,"href":"https:\/\/fr.motocrossmag.be\/index.php\/wp-json\/wp\/v2\/categories?post=117937"},{"taxonomy":"post_tag","embeddable":true,"href":"https:\/\/fr.motocrossmag.be\/index.php\/wp-json\/wp\/v2\/tags?post=117937"}],"curies":[{"name":"wp","href":"https:\/\/api.w.org\/{rel}","templated":true}]}}