{"id":117939,"date":"2022-05-30T12:18:53","date_gmt":"2022-05-30T10:18:53","guid":{"rendered":"http:\/\/fr.motocrossmag.be\/?p=117939"},"modified":"2022-05-30T12:18:53","modified_gmt":"2022-05-30T10:18:53","slug":"wmx-nancy-van-de-ven-file-vers-un-premier-titre-mondial","status":"publish","type":"post","link":"https:\/\/fr.motocrossmag.be\/index.php\/2022\/05\/wmx-nancy-van-de-ven-file-vers-un-premier-titre-mondial\/","title":{"rendered":"WMX : Nancy Van de Ven file vers un premier titre mondial"},"content":{"rendered":"<p><strong>Le championnat du monde de motocross f\u00e9minin disputait d\u00e9j\u00e0 son avant-derni\u00e8re \u00e9preuve de la saison ce week-end \u00e0 Intu Xanadu. Avec une victoire en premi\u00e8re manche et une deuxi\u00e8me place dans la seconde, la N\u00e9o-Z\u00e9landaise Courtney Duncan s&rsquo;est impos\u00e9e devant la pilote locale Daniela Guillen et la Hollandaise Nancy Van de Ven.<\/strong><\/p>\n<p>Une troisi\u00e8me place qui permet \u00e0 Van De Ven de penser d\u00e9sormais s\u00e9rieusement \u00e0 un premier titre mondial. La pilote Yamaha compte en effet 25 points d&rsquo;avance au classement provisoire sur sa compatriote Lynn Valk, 6\u00e8me en Espagne. Si tout se passe comme pr\u00e9vu, la finale de la saison en Turquie les 3 et 4 septembre ne devrait donc \u00eatre qu&rsquo;une formalit\u00e9 pour la Hollandaise.<\/p>\n<p>Neuvi\u00e8me du GP espagnol, Amandine Verstappen cl\u00f4ture quant \u00e0 elle le top-5 du classement provisoire, \u00e0 30 points de la 4\u00e8me place de Larissa Papenmeier.<\/p>\n<p><span style=\"color: #800000;\"><strong>R\u00e9sultats<\/strong><\/span><\/p>\n<p>MANCHE 1<\/p>\n<p>1. Courtney Duncan (NZL, Kawasaki), 24:55.386;\u00a02. Nancy Van De Ven (NED, Yamaha), +0:04.241;\u00a03. Daniela Guillen (ESP, KTM), +0:07.797; 4. Larissa Papenmeier (GER, Yamaha), +0:16.116; 5. Giorgia Blasigh (ITA, Yamaha), +0:51.750; 6. Sara Andersen (DEN, KTM), +0:55.859; 7. Tahlia Jade O\u2019Hare (AUS, Honda), +1:01.647;\u00a08. Lynn Valk (NED, Yamaha), +1:05.898; 9. Shana van der Vlist (NED, KTM), +1:08.092;\u00a010. Mathea Seleboe (NOR, Yamaha), +1:11.259; 11. Martine Hughes (NOR, Honda), +1:14.958;\u00a0<strong>12. Amandine Verstappen (BEL, Kawasaki), +1:23.665<\/strong>; 13. Malou Jakobsen (DEN, KTM), +1:45.848;\u00a014. Britt Jans-Beken (NED, KTM), +2:00.817;\u00a015. Alicia Reitze (GER, Yamaha), +2:01.856; 16. Sandra Keller (SUI, Yamaha), +2:03.872; 17. Gabriela Seisdedos (ESP, KTM), +2:09.310; 18. Virginie Germond (SUI, KTM), +2:10.808;\u00a019. Danee Gelissen (NED, KTM), -1 lap(s); 20. Roma Edwards (NZL, Honda), -1 lap(s); 21. Fiona Hoppe (GER, GASGAS), -1 lap(s); 22. Natalia Rosado (ESP, Honda), -2 lap(s); 23. Mariona Valero (ESP, Husqvarna), -2 lap(s); 24. Jana Sanchez Nequi (ESP, Yamaha), -3 lap(s); 25. Alissa Harkin (CAN, Yamaha), -3 lap(s);<\/p>\n<p>MANCHE 2<\/p>\n<p>1. Daniela Guillen (ESP, KTM), 24:53.325; 2. Courtney Duncan (NZL, Kawasaki), +0:08.176;\u00a03. Nancy Van De Ven (NED, Yamaha), +0:14.630;\u00a04. Larissa Papenmeier (GER, Yamaha), +0:15.104;\u00a05. Lynn Valk (NED, Yamaha), +0:38.348;\u00a06. Sara Andersen (DEN, KTM), +0:42.774;\u00a0<strong>7. Amandine Verstappen (BEL, Kawasaki), +0:48.586<\/strong>;\u00a08. Tahlia Jade O\u2019Hare (AUS, Honda), +1:11.898; 9. Giorgia Blasigh (ITA, Yamaha), +1:22.495; 10. Malou Jakobsen (DEN, KTM), +1:24.737; 11. Gabriela Seisdedos (ESP, KTM), +1:32.740; 12. Mathea Seleboe (NOR, Yamaha), +1:46.403;\u00a013. Shana van der Vlist (NED, KTM), +1:49.767; 14. Jana Sanchez Nequi (ESP, Yamaha), +2:01.032;\u00a015. Britt Jans-Beken (NED, KTM), +2:04.923;\u00a016. Sandra Keller (SUI, Yamaha), +2:06.405; 17. Martine Hughes (NOR, Honda), +2:11.303; 18. Virginie Germond (SUI, KTM), +2:17.189; 19. Alicia Reitze (GER, Yamaha), -1 lap(s);\u00a020. Danee Gelissen (NED, KTM), -1 lap(s);\u00a021. Roma Edwards (NZL, Honda), -1 lap(s); 22. Fiona Hoppe (GER, GASGAS), -1 lap(s); 23. Natalia Rosado (ESP, Honda), -1 lap(s); 24. Mariona Valero (ESP, Husqvarna), -1 lap(s); 25. Alissa Harkin (CAN, Yamaha), -3 lap(s);<\/p>\n<p>CLASSEMENT GENERAL WMX<\/p>\n<p>1. Courtney Duncan (NZL, KAW), 47 points; 2. Daniela Guillen (ESP, KTM), 45 p.;\u00a03. Nancy Van De Ven (NED, YAM), 42 p.;\u00a04. Larissa Papenmeier (GER, YAM), 36 p.; 5. Sara Andersen (DEN, KTM), 30 p.;\u00a06. Lynn Valk (NED, YAM), 29 p.;\u00a07. Giorgia Blasigh (ITA, YAM), 28 p.; 8. Tahlia Jade O\u2019Hare (AUS, HON), 27 p.;\u00a0<strong>9. Amandine Verstappen (BEL, KAW), 23 p.<\/strong>;\u00a010. Mathea Seleboe (NOR, YAM), 20 p.;\u00a011. Shana van der Vlist (NED, KTM), 20 p.; 12. Malou Jakobsen (DEN, KTM), 19 p.; 13. Gabriela Seisdedos (ESP, KTM), 14 p.; 14. Martine Hughes (NOR, HON), 14 p.;\u00a015. Britt Jans-Beken (NED, KTM), 13 p.; 16. Sandra Keller (SUI, YAM), 10 p.; 17. Alicia Reitze (GER, YAM), 8 p.; 18. Jana Sanchez Nequi (ESP, YAM), 7 p.; 19. Virginie Germond (SUI, KTM), 6 p.; 20. Danee Gelissen (NED, KTM), 3 p.; 21. Roma Edwards (NZL, HON), 1 p.; 22. Fiona Hoppe (GER, GAS), 0 p.; 23. Natalia Rosado (ESP, HON), 0 p.; 24. Mariona Valero (ESP, HUS), 0 p.; 25. Alissa Harkin (CAN, YAM), 0 p.;<\/p>\n<p>CLASSEMENT PROVISOIRE WMX<\/p>\n<p>1. Nancy Van De Ven (NED, YAM), 173 points;\u00a02. Lynn Valk (NED, YAM), 148 p.; 3. Shana van der Vlist (NED, KTM), 135 p.;\u00a04. Larissa Papenmeier (GER, YAM), 132 p.;\u00a0<strong>5. Amandine Verstappen (BEL, KAW), 102 p.<\/strong>; 6. Sara Andersen (DEN, KTM), 100 p.; 7. Giorgia Blasigh (ITA, YAM), 96 p.; 8. Martine Hughes (NOR, HON), 95 p.; 9. Daniela Guillen (ESP, KTM), 85 p.; 10. Tahlia Jade O\u2019Hare (AUS, HON), 83 p.; 11. Courtney Duncan (NZL, KAW), 79 p.; 12. Malou Jakobsen (DEN, KTM), 76 p.;\u00a013. Britt Jans-Beken (NED, KTM), 73 p.;\u00a014. Mathea Seleboe (NOR, YAM), 72 p.; 15. Sandra Keller (SUI, YAM), 47 p.; 16. Virginie Germond (SUI, KTM), 42 p.; 17. Anne Borchers (GER, FAN), 35 p.; 18. Alicia Reitze (GER, YAM), 29 p.; 19. Gabriela Seisdedos (ESP, KTM), 26 p.;\u00a020. Danee Gelissen (NED, KTM), 25 p.;\u00a021. Elisa Galvagno (ITA, HUS), 21 p.; 22. Kim Irmgartz (GER, HON), 14 p.; 23. Avrie Berry (USA, HON), 12 p.; 24. Giorgia Montini (ITA, HUS), 10 p.; 25. Janina Lehmann (GER, HON), 8 p.; 26. Amber Simons (NED, KTM), 7 p.; 27. Jana Sanchez Nequi (ESP, YAM), 7 p.; 28. Jenitty Van der Beek (NED, KTM), 7 p.; 29. Gaia Franchi (ITA, HUS), 7 p.; 30. Barbara Aagaard Andersen (DEN, YAM), 6 p.; 31. Fiona Hoppe (GER, GAS), 6 p.; 32. Alissa Harkin (CAN, YAM), 2 p.; 33. Lea Chaput (FRA, GAS), 2 p.; 34. Giorgia Giudici (ITA, HUS), 2 p.; 35. Laura Raunkjaer (DEN, YAM), 2 p.; 36. Roma Edwards (NZL, HON), 1 p.; 37. Mia Ribic (CRO, GAS), 1 p.;<\/p>\n","protected":false},"excerpt":{"rendered":"<p>Le championnat du monde de motocross f\u00e9minin disputait d\u00e9j\u00e0 son avant-derni\u00e8re \u00e9preuve de la saison ce week-end \u00e0 Intu Xanadu. Avec une victoire en premi\u00e8re manche et une deuxi\u00e8me place [&#8230;]<\/p>\n","protected":false},"author":932,"featured_media":117940,"comment_status":"open","ping_status":"closed","sticky":false,"template":"","format":"standard","meta":{"footnotes":""},"categories":[54,4,5,55,56,65],"tags":[1272,1002,1003],"class_list":["post-117939","post","type-post","status-publish","format-standard","has-post-thumbnail","hentry","category-actualite","category-motocross","category-news","category-news-actualite","category-resultats","category-slideshow","tag-amandine-verstappen","tag-courtney-duncan","tag-nancy-van-de-ven"],"yoast_head":"<!-- This site is optimized with the Yoast SEO plugin v27.4 - https:\/\/yoast.com\/product\/yoast-seo-wordpress\/ -->\n<title>WMX : Nancy Van de Ven file vers un premier titre mondial - Motocross - Enduro - Supermoto | MotocrossMag<\/title>\n<meta name=\"robots\" content=\"index, follow, max-snippet:-1, max-image-preview:large, max-video-preview:-1\" \/>\n<link rel=\"canonical\" href=\"https:\/\/fr.motocrossmag.be\/index.php\/2022\/05\/wmx-nancy-van-de-ven-file-vers-un-premier-titre-mondial\/\" \/>\n<meta property=\"og:locale\" content=\"fr_FR\" \/>\n<meta property=\"og:type\" content=\"article\" \/>\n<meta property=\"og:title\" content=\"WMX : Nancy Van de Ven file vers un premier titre mondial - Motocross - Enduro - Supermoto | MotocrossMag\" \/>\n<meta property=\"og:description\" content=\"Le championnat du monde de motocross f\u00e9minin disputait d\u00e9j\u00e0 son avant-derni\u00e8re \u00e9preuve de la saison ce week-end \u00e0 Intu Xanadu. Avec une victoire en premi\u00e8re manche et une deuxi\u00e8me place [...]\" \/>\n<meta property=\"og:url\" content=\"https:\/\/fr.motocrossmag.be\/index.php\/2022\/05\/wmx-nancy-van-de-ven-file-vers-un-premier-titre-mondial\/\" \/>\n<meta property=\"og:site_name\" content=\"Motocross - Enduro - Supermoto | MotocrossMag\" \/>\n<meta property=\"article:published_time\" content=\"2022-05-30T10:18:53+00:00\" \/>\n<meta property=\"og:image\" content=\"https:\/\/fr.motocrossmag.be\/wp-content\/uploads\/2022\/05\/unnamed50.jpg\" \/>\n\t<meta property=\"og:image:width\" content=\"1000\" \/>\n\t<meta property=\"og:image:height\" content=\"666\" \/>\n\t<meta property=\"og:image:type\" content=\"image\/jpeg\" \/>\n<meta name=\"author\" content=\"oliviere\" \/>\n<meta name=\"twitter:card\" content=\"summary_large_image\" \/>\n<meta name=\"twitter:label1\" content=\"\u00c9crit par\" \/>\n\t<meta name=\"twitter:data1\" content=\"oliviere\" \/>\n\t<meta name=\"twitter:label2\" content=\"Dur\u00e9e de lecture estim\u00e9e\" \/>\n\t<meta name=\"twitter:data2\" content=\"4 minutes\" \/>\n<script type=\"application\/ld+json\" class=\"yoast-schema-graph\">{\"@context\":\"https:\\\/\\\/schema.org\",\"@graph\":[{\"@type\":\"Article\",\"@id\":\"https:\\\/\\\/fr.motocrossmag.be\\\/index.php\\\/2022\\\/05\\\/wmx-nancy-van-de-ven-file-vers-un-premier-titre-mondial\\\/#article\",\"isPartOf\":{\"@id\":\"https:\\\/\\\/fr.motocrossmag.be\\\/index.php\\\/2022\\\/05\\\/wmx-nancy-van-de-ven-file-vers-un-premier-titre-mondial\\\/\"},\"author\":{\"name\":\"oliviere\",\"@id\":\"https:\\\/\\\/fr.motocrossmag.be\\\/#\\\/schema\\\/person\\\/11b47143d9f755babca2c9110e03235c\"},\"headline\":\"WMX : Nancy Van de Ven file vers un premier titre mondial\",\"datePublished\":\"2022-05-30T10:18:53+00:00\",\"mainEntityOfPage\":{\"@id\":\"https:\\\/\\\/fr.motocrossmag.be\\\/index.php\\\/2022\\\/05\\\/wmx-nancy-van-de-ven-file-vers-un-premier-titre-mondial\\\/\"},\"wordCount\":754,\"commentCount\":0,\"image\":{\"@id\":\"https:\\\/\\\/fr.motocrossmag.be\\\/index.php\\\/2022\\\/05\\\/wmx-nancy-van-de-ven-file-vers-un-premier-titre-mondial\\\/#primaryimage\"},\"thumbnailUrl\":\"https:\\\/\\\/fr.motocrossmag.be\\\/wp-content\\\/uploads\\\/2022\\\/05\\\/unnamed50.jpg\",\"keywords\":[\"amandine verstappen\",\"courtney duncan\",\"nancy van de ven\"],\"articleSection\":[\"Actualit\u00e9\",\"Motocross\",\"News\",\"News\",\"R\u00e9sultats\",\"Slideshow\"],\"inLanguage\":\"fr-FR\",\"potentialAction\":[{\"@type\":\"CommentAction\",\"name\":\"Comment\",\"target\":[\"https:\\\/\\\/fr.motocrossmag.be\\\/index.php\\\/2022\\\/05\\\/wmx-nancy-van-de-ven-file-vers-un-premier-titre-mondial\\\/#respond\"]}]},{\"@type\":\"WebPage\",\"@id\":\"https:\\\/\\\/fr.motocrossmag.be\\\/index.php\\\/2022\\\/05\\\/wmx-nancy-van-de-ven-file-vers-un-premier-titre-mondial\\\/\",\"url\":\"https:\\\/\\\/fr.motocrossmag.be\\\/index.php\\\/2022\\\/05\\\/wmx-nancy-van-de-ven-file-vers-un-premier-titre-mondial\\\/\",\"name\":\"WMX : Nancy Van de Ven file vers un premier titre mondial - Motocross - Enduro - Supermoto | MotocrossMag\",\"isPartOf\":{\"@id\":\"https:\\\/\\\/fr.motocrossmag.be\\\/#website\"},\"primaryImageOfPage\":{\"@id\":\"https:\\\/\\\/fr.motocrossmag.be\\\/index.php\\\/2022\\\/05\\\/wmx-nancy-van-de-ven-file-vers-un-premier-titre-mondial\\\/#primaryimage\"},\"image\":{\"@id\":\"https:\\\/\\\/fr.motocrossmag.be\\\/index.php\\\/2022\\\/05\\\/wmx-nancy-van-de-ven-file-vers-un-premier-titre-mondial\\\/#primaryimage\"},\"thumbnailUrl\":\"https:\\\/\\\/fr.motocrossmag.be\\\/wp-content\\\/uploads\\\/2022\\\/05\\\/unnamed50.jpg\",\"datePublished\":\"2022-05-30T10:18:53+00:00\",\"author\":{\"@id\":\"https:\\\/\\\/fr.motocrossmag.be\\\/#\\\/schema\\\/person\\\/11b47143d9f755babca2c9110e03235c\"},\"breadcrumb\":{\"@id\":\"https:\\\/\\\/fr.motocrossmag.be\\\/index.php\\\/2022\\\/05\\\/wmx-nancy-van-de-ven-file-vers-un-premier-titre-mondial\\\/#breadcrumb\"},\"inLanguage\":\"fr-FR\",\"potentialAction\":[{\"@type\":\"ReadAction\",\"target\":[\"https:\\\/\\\/fr.motocrossmag.be\\\/index.php\\\/2022\\\/05\\\/wmx-nancy-van-de-ven-file-vers-un-premier-titre-mondial\\\/\"]}]},{\"@type\":\"ImageObject\",\"inLanguage\":\"fr-FR\",\"@id\":\"https:\\\/\\\/fr.motocrossmag.be\\\/index.php\\\/2022\\\/05\\\/wmx-nancy-van-de-ven-file-vers-un-premier-titre-mondial\\\/#primaryimage\",\"url\":\"https:\\\/\\\/fr.motocrossmag.be\\\/wp-content\\\/uploads\\\/2022\\\/05\\\/unnamed50.jpg\",\"contentUrl\":\"https:\\\/\\\/fr.motocrossmag.be\\\/wp-content\\\/uploads\\\/2022\\\/05\\\/unnamed50.jpg\",\"width\":\"1000\",\"height\":\"666\"},{\"@type\":\"BreadcrumbList\",\"@id\":\"https:\\\/\\\/fr.motocrossmag.be\\\/index.php\\\/2022\\\/05\\\/wmx-nancy-van-de-ven-file-vers-un-premier-titre-mondial\\\/#breadcrumb\",\"itemListElement\":[{\"@type\":\"ListItem\",\"position\":1,\"name\":\"Accueil\",\"item\":\"https:\\\/\\\/fr.motocrossmag.be\\\/\"},{\"@type\":\"ListItem\",\"position\":2,\"name\":\"WMX : Nancy Van de Ven file vers un premier titre mondial\"}]},{\"@type\":\"WebSite\",\"@id\":\"https:\\\/\\\/fr.motocrossmag.be\\\/#website\",\"url\":\"https:\\\/\\\/fr.motocrossmag.be\\\/\",\"name\":\"Motocross - Enduro - Supermoto | MotocrossMag\",\"description\":\"L&#039;actualit\u00e9 du motocross, de l&#039;enduro et du Supermoto en ligne!\",\"potentialAction\":[{\"@type\":\"SearchAction\",\"target\":{\"@type\":\"EntryPoint\",\"urlTemplate\":\"https:\\\/\\\/fr.motocrossmag.be\\\/?s={search_term_string}\"},\"query-input\":{\"@type\":\"PropertyValueSpecification\",\"valueRequired\":true,\"valueName\":\"search_term_string\"}}],\"inLanguage\":\"fr-FR\"},{\"@type\":\"Person\",\"@id\":\"https:\\\/\\\/fr.motocrossmag.be\\\/#\\\/schema\\\/person\\\/11b47143d9f755babca2c9110e03235c\",\"name\":\"oliviere\",\"image\":{\"@type\":\"ImageObject\",\"inLanguage\":\"fr-FR\",\"@id\":\"https:\\\/\\\/secure.gravatar.com\\\/avatar\\\/907069e0b81d119452040469e4a7501da1100f54f7f80180ce77bfab718288f6?s=96&d=mm&r=g\",\"url\":\"https:\\\/\\\/secure.gravatar.com\\\/avatar\\\/907069e0b81d119452040469e4a7501da1100f54f7f80180ce77bfab718288f6?s=96&d=mm&r=g\",\"contentUrl\":\"https:\\\/\\\/secure.gravatar.com\\\/avatar\\\/907069e0b81d119452040469e4a7501da1100f54f7f80180ce77bfab718288f6?s=96&d=mm&r=g\",\"caption\":\"oliviere\"},\"sameAs\":[\"http:\\\/\\\/www.motocrossmag.be\"],\"url\":\"https:\\\/\\\/fr.motocrossmag.be\\\/index.php\\\/author\\\/oliviere\\\/\"}]}<\/script>\n<!-- \/ Yoast SEO plugin. -->","yoast_head_json":{"title":"WMX : Nancy Van de Ven file vers un premier titre mondial - Motocross - Enduro - Supermoto | MotocrossMag","robots":{"index":"index","follow":"follow","max-snippet":"max-snippet:-1","max-image-preview":"max-image-preview:large","max-video-preview":"max-video-preview:-1"},"canonical":"https:\/\/fr.motocrossmag.be\/index.php\/2022\/05\/wmx-nancy-van-de-ven-file-vers-un-premier-titre-mondial\/","og_locale":"fr_FR","og_type":"article","og_title":"WMX : Nancy Van de Ven file vers un premier titre mondial - Motocross - Enduro - Supermoto | MotocrossMag","og_description":"Le championnat du monde de motocross f\u00e9minin disputait d\u00e9j\u00e0 son avant-derni\u00e8re \u00e9preuve de la saison ce week-end \u00e0 Intu Xanadu. Avec une victoire en premi\u00e8re manche et une deuxi\u00e8me place [...]","og_url":"https:\/\/fr.motocrossmag.be\/index.php\/2022\/05\/wmx-nancy-van-de-ven-file-vers-un-premier-titre-mondial\/","og_site_name":"Motocross - Enduro - Supermoto | MotocrossMag","article_published_time":"2022-05-30T10:18:53+00:00","og_image":[{"width":1000,"height":666,"url":"https:\/\/fr.motocrossmag.be\/wp-content\/uploads\/2022\/05\/unnamed50.jpg","type":"image\/jpeg"}],"author":"oliviere","twitter_card":"summary_large_image","twitter_misc":{"\u00c9crit par":"oliviere","Dur\u00e9e de lecture estim\u00e9e":"4 minutes"},"schema":{"@context":"https:\/\/schema.org","@graph":[{"@type":"Article","@id":"https:\/\/fr.motocrossmag.be\/index.php\/2022\/05\/wmx-nancy-van-de-ven-file-vers-un-premier-titre-mondial\/#article","isPartOf":{"@id":"https:\/\/fr.motocrossmag.be\/index.php\/2022\/05\/wmx-nancy-van-de-ven-file-vers-un-premier-titre-mondial\/"},"author":{"name":"oliviere","@id":"https:\/\/fr.motocrossmag.be\/#\/schema\/person\/11b47143d9f755babca2c9110e03235c"},"headline":"WMX : Nancy Van de Ven file vers un premier titre mondial","datePublished":"2022-05-30T10:18:53+00:00","mainEntityOfPage":{"@id":"https:\/\/fr.motocrossmag.be\/index.php\/2022\/05\/wmx-nancy-van-de-ven-file-vers-un-premier-titre-mondial\/"},"wordCount":754,"commentCount":0,"image":{"@id":"https:\/\/fr.motocrossmag.be\/index.php\/2022\/05\/wmx-nancy-van-de-ven-file-vers-un-premier-titre-mondial\/#primaryimage"},"thumbnailUrl":"https:\/\/fr.motocrossmag.be\/wp-content\/uploads\/2022\/05\/unnamed50.jpg","keywords":["amandine verstappen","courtney duncan","nancy van de ven"],"articleSection":["Actualit\u00e9","Motocross","News","News","R\u00e9sultats","Slideshow"],"inLanguage":"fr-FR","potentialAction":[{"@type":"CommentAction","name":"Comment","target":["https:\/\/fr.motocrossmag.be\/index.php\/2022\/05\/wmx-nancy-van-de-ven-file-vers-un-premier-titre-mondial\/#respond"]}]},{"@type":"WebPage","@id":"https:\/\/fr.motocrossmag.be\/index.php\/2022\/05\/wmx-nancy-van-de-ven-file-vers-un-premier-titre-mondial\/","url":"https:\/\/fr.motocrossmag.be\/index.php\/2022\/05\/wmx-nancy-van-de-ven-file-vers-un-premier-titre-mondial\/","name":"WMX : Nancy Van de Ven file vers un premier titre mondial - Motocross - Enduro - Supermoto | MotocrossMag","isPartOf":{"@id":"https:\/\/fr.motocrossmag.be\/#website"},"primaryImageOfPage":{"@id":"https:\/\/fr.motocrossmag.be\/index.php\/2022\/05\/wmx-nancy-van-de-ven-file-vers-un-premier-titre-mondial\/#primaryimage"},"image":{"@id":"https:\/\/fr.motocrossmag.be\/index.php\/2022\/05\/wmx-nancy-van-de-ven-file-vers-un-premier-titre-mondial\/#primaryimage"},"thumbnailUrl":"https:\/\/fr.motocrossmag.be\/wp-content\/uploads\/2022\/05\/unnamed50.jpg","datePublished":"2022-05-30T10:18:53+00:00","author":{"@id":"https:\/\/fr.motocrossmag.be\/#\/schema\/person\/11b47143d9f755babca2c9110e03235c"},"breadcrumb":{"@id":"https:\/\/fr.motocrossmag.be\/index.php\/2022\/05\/wmx-nancy-van-de-ven-file-vers-un-premier-titre-mondial\/#breadcrumb"},"inLanguage":"fr-FR","potentialAction":[{"@type":"ReadAction","target":["https:\/\/fr.motocrossmag.be\/index.php\/2022\/05\/wmx-nancy-van-de-ven-file-vers-un-premier-titre-mondial\/"]}]},{"@type":"ImageObject","inLanguage":"fr-FR","@id":"https:\/\/fr.motocrossmag.be\/index.php\/2022\/05\/wmx-nancy-van-de-ven-file-vers-un-premier-titre-mondial\/#primaryimage","url":"https:\/\/fr.motocrossmag.be\/wp-content\/uploads\/2022\/05\/unnamed50.jpg","contentUrl":"https:\/\/fr.motocrossmag.be\/wp-content\/uploads\/2022\/05\/unnamed50.jpg","width":"1000","height":"666"},{"@type":"BreadcrumbList","@id":"https:\/\/fr.motocrossmag.be\/index.php\/2022\/05\/wmx-nancy-van-de-ven-file-vers-un-premier-titre-mondial\/#breadcrumb","itemListElement":[{"@type":"ListItem","position":1,"name":"Accueil","item":"https:\/\/fr.motocrossmag.be\/"},{"@type":"ListItem","position":2,"name":"WMX : Nancy Van de Ven file vers un premier titre mondial"}]},{"@type":"WebSite","@id":"https:\/\/fr.motocrossmag.be\/#website","url":"https:\/\/fr.motocrossmag.be\/","name":"Motocross - Enduro - Supermoto | MotocrossMag","description":"L&#039;actualit\u00e9 du motocross, de l&#039;enduro et du Supermoto en ligne!","potentialAction":[{"@type":"SearchAction","target":{"@type":"EntryPoint","urlTemplate":"https:\/\/fr.motocrossmag.be\/?s={search_term_string}"},"query-input":{"@type":"PropertyValueSpecification","valueRequired":true,"valueName":"search_term_string"}}],"inLanguage":"fr-FR"},{"@type":"Person","@id":"https:\/\/fr.motocrossmag.be\/#\/schema\/person\/11b47143d9f755babca2c9110e03235c","name":"oliviere","image":{"@type":"ImageObject","inLanguage":"fr-FR","@id":"https:\/\/secure.gravatar.com\/avatar\/907069e0b81d119452040469e4a7501da1100f54f7f80180ce77bfab718288f6?s=96&d=mm&r=g","url":"https:\/\/secure.gravatar.com\/avatar\/907069e0b81d119452040469e4a7501da1100f54f7f80180ce77bfab718288f6?s=96&d=mm&r=g","contentUrl":"https:\/\/secure.gravatar.com\/avatar\/907069e0b81d119452040469e4a7501da1100f54f7f80180ce77bfab718288f6?s=96&d=mm&r=g","caption":"oliviere"},"sameAs":["http:\/\/www.motocrossmag.be"],"url":"https:\/\/fr.motocrossmag.be\/index.php\/author\/oliviere\/"}]}},"_links":{"self":[{"href":"https:\/\/fr.motocrossmag.be\/index.php\/wp-json\/wp\/v2\/posts\/117939","targetHints":{"allow":["GET"]}}],"collection":[{"href":"https:\/\/fr.motocrossmag.be\/index.php\/wp-json\/wp\/v2\/posts"}],"about":[{"href":"https:\/\/fr.motocrossmag.be\/index.php\/wp-json\/wp\/v2\/types\/post"}],"author":[{"embeddable":true,"href":"https:\/\/fr.motocrossmag.be\/index.php\/wp-json\/wp\/v2\/users\/932"}],"replies":[{"embeddable":true,"href":"https:\/\/fr.motocrossmag.be\/index.php\/wp-json\/wp\/v2\/comments?post=117939"}],"version-history":[{"count":0,"href":"https:\/\/fr.motocrossmag.be\/index.php\/wp-json\/wp\/v2\/posts\/117939\/revisions"}],"wp:featuredmedia":[{"embeddable":true,"href":"https:\/\/fr.motocrossmag.be\/index.php\/wp-json\/wp\/v2\/media\/117940"}],"wp:attachment":[{"href":"https:\/\/fr.motocrossmag.be\/index.php\/wp-json\/wp\/v2\/media?parent=117939"}],"wp:term":[{"taxonomy":"category","embeddable":true,"href":"https:\/\/fr.motocrossmag.be\/index.php\/wp-json\/wp\/v2\/categories?post=117939"},{"taxonomy":"post_tag","embeddable":true,"href":"https:\/\/fr.motocrossmag.be\/index.php\/wp-json\/wp\/v2\/tags?post=117939"}],"curies":[{"name":"wp","href":"https:\/\/api.w.org\/{rel}","templated":true}]}}