{"id":117958,"date":"2022-06-02T12:23:32","date_gmt":"2022-06-02T10:23:32","guid":{"rendered":"http:\/\/fr.motocrossmag.be\/?p=117958"},"modified":"2022-06-02T12:23:32","modified_gmt":"2022-06-02T10:23:32","slug":"debrief-ouverture-de-la-saison-us-de-motocross-a-pala","status":"publish","type":"post","link":"https:\/\/fr.motocrossmag.be\/index.php\/2022\/06\/debrief-ouverture-de-la-saison-us-de-motocross-a-pala\/","title":{"rendered":"Debrief : ouverture de la saison US de motocross \u00e0 Pala"},"content":{"rendered":"<p><strong>Ce que l&rsquo;on retient de l&rsquo;\u00e9preuve d&rsquo;ouverture de la saison US de motocross \u00e0 Pala :<\/strong><\/p>\n<ul>\n<li>2022 marque le cinquantenaire du championnat am\u00e9ricain de motocross.<\/li>\n<li>Doubl\u00e9 de Honda, qui f\u00eatait ses 50 ans en motocross, sur les deux cat\u00e9gories avec Sexton\/Roczen en 450 et les fr\u00e8res Jett et Hunter Lawrence en 250.<\/li>\n<li>De retour en piste, Justin Cooper signe le premier holeshot de la saison.<\/li>\n<li>Jalek Swoll et Cameron McAdoo semblent d\u00e9j\u00e0 sur la touche apr\u00e8s Pala.<\/li>\n<li>Les fr\u00e8res Lawrence sont sortis de la piste au m\u00eame endroit dans le m\u00eame tour de la premi\u00e8re manche.<\/li>\n<li>Comme attendu, Justin Cooper a accus\u00e9 le coup dans les deux manches (11\/13).<\/li>\n<li>Bonne premi\u00e8re manche de Jo Shimoda, parti en dehors du top 10 pour terminer quatri\u00e8me.<\/li>\n<li>Doubl\u00e9 imparable pour Jett Lawrence a Pala.<\/li>\n<li>Ryan Dungey (5\/5) a \u00e9tonn\u00e9 son monde en revenant \u00e0 la comp\u00e9tition apr\u00e8s avoir pris sa retraite il y a 5 ans d\u00e9j\u00e0.<\/li>\n<li>Nouveau champion SX250, Christian Craig (3\/3) compte bien montrer son potentiel avant son passage \u00e0 temps plein en 450 en 2023.<\/li>\n<li>Jason Anderson a d\u00fb cravacher en premi\u00e8re manche pour revenir \u00e0 la quatri\u00e8me position \u00a0mais \u00e9galement en seconde apr\u00e8s une chute au second virage avec Justin Barcia.<\/li>\n<li>La s\u00e9paration de Jo Shimoda et Yannig Kervella.<\/li>\n<li>Levi Kitchen part 27 et termine 8 en se o de manche.<\/li>\n<li>Chase Sexton roule avec les m\u00eames fourches que Tim Gajser.<\/li>\n<li>Deux europ\u00e9ens au d\u00e9part de Pala : Antonio Cairoli (10\/6) et Josh Guilbert (12\/14).<\/li>\n<\/ul>\n","protected":false},"excerpt":{"rendered":"<p>Ce que l&rsquo;on retient de l&rsquo;\u00e9preuve d&rsquo;ouverture de la saison US de motocross \u00e0 Pala : 2022 marque le cinquantenaire du championnat am\u00e9ricain de motocross. Doubl\u00e9 de Honda, qui f\u00eatait [&#8230;]<\/p>\n","protected":false},"author":932,"featured_media":117952,"comment_status":"open","ping_status":"closed","sticky":false,"template":"","format":"standard","meta":{"footnotes":""},"categories":[54,4,5,55,65],"tags":[147,947,529],"class_list":["post-117958","post","type-post","status-publish","format-standard","has-post-thumbnail","hentry","category-actualite","category-motocross","category-news","category-news-actualite","category-slideshow","tag-ama","tag-motocross","tag-pala-raceway"],"yoast_head":"<!-- This site is optimized with the Yoast SEO plugin v27.4 - https:\/\/yoast.com\/product\/yoast-seo-wordpress\/ -->\n<title>Debrief : ouverture de la saison US de motocross \u00e0 Pala - Motocross - Enduro - Supermoto | MotocrossMag<\/title>\n<meta name=\"robots\" content=\"index, follow, max-snippet:-1, max-image-preview:large, max-video-preview:-1\" \/>\n<link rel=\"canonical\" href=\"https:\/\/fr.motocrossmag.be\/index.php\/2022\/06\/debrief-ouverture-de-la-saison-us-de-motocross-a-pala\/\" \/>\n<meta property=\"og:locale\" content=\"fr_FR\" \/>\n<meta property=\"og:type\" content=\"article\" \/>\n<meta property=\"og:title\" content=\"Debrief : ouverture de la saison US de motocross \u00e0 Pala - Motocross - Enduro - Supermoto | MotocrossMag\" \/>\n<meta property=\"og:description\" content=\"Ce que l&rsquo;on retient de l&rsquo;\u00e9preuve d&rsquo;ouverture de la saison US de motocross \u00e0 Pala : 2022 marque le cinquantenaire du championnat am\u00e9ricain de motocross. Doubl\u00e9 de Honda, qui f\u00eatait [...]\" \/>\n<meta property=\"og:url\" content=\"https:\/\/fr.motocrossmag.be\/index.php\/2022\/06\/debrief-ouverture-de-la-saison-us-de-motocross-a-pala\/\" \/>\n<meta property=\"og:site_name\" content=\"Motocross - Enduro - Supermoto | MotocrossMag\" \/>\n<meta property=\"article:published_time\" content=\"2022-06-02T10:23:32+00:00\" \/>\n<meta property=\"og:image\" content=\"https:\/\/fr.motocrossmag.be\/wp-content\/uploads\/2022\/05\/crf-roczen-50years.jpg\" \/>\n\t<meta property=\"og:image:width\" content=\"800\" \/>\n\t<meta property=\"og:image:height\" content=\"533\" \/>\n\t<meta property=\"og:image:type\" content=\"image\/jpeg\" \/>\n<meta name=\"author\" content=\"oliviere\" \/>\n<meta name=\"twitter:card\" content=\"summary_large_image\" \/>\n<meta name=\"twitter:label1\" content=\"\u00c9crit par\" \/>\n\t<meta name=\"twitter:data1\" content=\"oliviere\" \/>\n\t<meta name=\"twitter:label2\" content=\"Dur\u00e9e de lecture estim\u00e9e\" \/>\n\t<meta name=\"twitter:data2\" content=\"1 minute\" \/>\n<script type=\"application\/ld+json\" class=\"yoast-schema-graph\">{\"@context\":\"https:\\\/\\\/schema.org\",\"@graph\":[{\"@type\":\"Article\",\"@id\":\"https:\\\/\\\/fr.motocrossmag.be\\\/index.php\\\/2022\\\/06\\\/debrief-ouverture-de-la-saison-us-de-motocross-a-pala\\\/#article\",\"isPartOf\":{\"@id\":\"https:\\\/\\\/fr.motocrossmag.be\\\/index.php\\\/2022\\\/06\\\/debrief-ouverture-de-la-saison-us-de-motocross-a-pala\\\/\"},\"author\":{\"name\":\"oliviere\",\"@id\":\"https:\\\/\\\/fr.motocrossmag.be\\\/#\\\/schema\\\/person\\\/11b47143d9f755babca2c9110e03235c\"},\"headline\":\"Debrief : ouverture de la saison US de motocross \u00e0 Pala\",\"datePublished\":\"2022-06-02T10:23:32+00:00\",\"mainEntityOfPage\":{\"@id\":\"https:\\\/\\\/fr.motocrossmag.be\\\/index.php\\\/2022\\\/06\\\/debrief-ouverture-de-la-saison-us-de-motocross-a-pala\\\/\"},\"wordCount\":260,\"commentCount\":0,\"image\":{\"@id\":\"https:\\\/\\\/fr.motocrossmag.be\\\/index.php\\\/2022\\\/06\\\/debrief-ouverture-de-la-saison-us-de-motocross-a-pala\\\/#primaryimage\"},\"thumbnailUrl\":\"https:\\\/\\\/fr.motocrossmag.be\\\/wp-content\\\/uploads\\\/2022\\\/05\\\/crf-roczen-50years.jpg\",\"keywords\":[\"AMA\",\"Motocross\",\"pala raceway\"],\"articleSection\":[\"Actualit\u00e9\",\"Motocross\",\"News\",\"News\",\"Slideshow\"],\"inLanguage\":\"fr-FR\",\"potentialAction\":[{\"@type\":\"CommentAction\",\"name\":\"Comment\",\"target\":[\"https:\\\/\\\/fr.motocrossmag.be\\\/index.php\\\/2022\\\/06\\\/debrief-ouverture-de-la-saison-us-de-motocross-a-pala\\\/#respond\"]}]},{\"@type\":\"WebPage\",\"@id\":\"https:\\\/\\\/fr.motocrossmag.be\\\/index.php\\\/2022\\\/06\\\/debrief-ouverture-de-la-saison-us-de-motocross-a-pala\\\/\",\"url\":\"https:\\\/\\\/fr.motocrossmag.be\\\/index.php\\\/2022\\\/06\\\/debrief-ouverture-de-la-saison-us-de-motocross-a-pala\\\/\",\"name\":\"Debrief : ouverture de la saison US de motocross \u00e0 Pala - Motocross - Enduro - Supermoto | MotocrossMag\",\"isPartOf\":{\"@id\":\"https:\\\/\\\/fr.motocrossmag.be\\\/#website\"},\"primaryImageOfPage\":{\"@id\":\"https:\\\/\\\/fr.motocrossmag.be\\\/index.php\\\/2022\\\/06\\\/debrief-ouverture-de-la-saison-us-de-motocross-a-pala\\\/#primaryimage\"},\"image\":{\"@id\":\"https:\\\/\\\/fr.motocrossmag.be\\\/index.php\\\/2022\\\/06\\\/debrief-ouverture-de-la-saison-us-de-motocross-a-pala\\\/#primaryimage\"},\"thumbnailUrl\":\"https:\\\/\\\/fr.motocrossmag.be\\\/wp-content\\\/uploads\\\/2022\\\/05\\\/crf-roczen-50years.jpg\",\"datePublished\":\"2022-06-02T10:23:32+00:00\",\"author\":{\"@id\":\"https:\\\/\\\/fr.motocrossmag.be\\\/#\\\/schema\\\/person\\\/11b47143d9f755babca2c9110e03235c\"},\"breadcrumb\":{\"@id\":\"https:\\\/\\\/fr.motocrossmag.be\\\/index.php\\\/2022\\\/06\\\/debrief-ouverture-de-la-saison-us-de-motocross-a-pala\\\/#breadcrumb\"},\"inLanguage\":\"fr-FR\",\"potentialAction\":[{\"@type\":\"ReadAction\",\"target\":[\"https:\\\/\\\/fr.motocrossmag.be\\\/index.php\\\/2022\\\/06\\\/debrief-ouverture-de-la-saison-us-de-motocross-a-pala\\\/\"]}]},{\"@type\":\"ImageObject\",\"inLanguage\":\"fr-FR\",\"@id\":\"https:\\\/\\\/fr.motocrossmag.be\\\/index.php\\\/2022\\\/06\\\/debrief-ouverture-de-la-saison-us-de-motocross-a-pala\\\/#primaryimage\",\"url\":\"https:\\\/\\\/fr.motocrossmag.be\\\/wp-content\\\/uploads\\\/2022\\\/05\\\/crf-roczen-50years.jpg\",\"contentUrl\":\"https:\\\/\\\/fr.motocrossmag.be\\\/wp-content\\\/uploads\\\/2022\\\/05\\\/crf-roczen-50years.jpg\",\"width\":\"800\",\"height\":\"533\"},{\"@type\":\"BreadcrumbList\",\"@id\":\"https:\\\/\\\/fr.motocrossmag.be\\\/index.php\\\/2022\\\/06\\\/debrief-ouverture-de-la-saison-us-de-motocross-a-pala\\\/#breadcrumb\",\"itemListElement\":[{\"@type\":\"ListItem\",\"position\":1,\"name\":\"Accueil\",\"item\":\"https:\\\/\\\/fr.motocrossmag.be\\\/\"},{\"@type\":\"ListItem\",\"position\":2,\"name\":\"Debrief : ouverture de la saison US de motocross \u00e0 Pala\"}]},{\"@type\":\"WebSite\",\"@id\":\"https:\\\/\\\/fr.motocrossmag.be\\\/#website\",\"url\":\"https:\\\/\\\/fr.motocrossmag.be\\\/\",\"name\":\"Motocross - Enduro - Supermoto | MotocrossMag\",\"description\":\"L&#039;actualit\u00e9 du motocross, de l&#039;enduro et du Supermoto en ligne!\",\"potentialAction\":[{\"@type\":\"SearchAction\",\"target\":{\"@type\":\"EntryPoint\",\"urlTemplate\":\"https:\\\/\\\/fr.motocrossmag.be\\\/?s={search_term_string}\"},\"query-input\":{\"@type\":\"PropertyValueSpecification\",\"valueRequired\":true,\"valueName\":\"search_term_string\"}}],\"inLanguage\":\"fr-FR\"},{\"@type\":\"Person\",\"@id\":\"https:\\\/\\\/fr.motocrossmag.be\\\/#\\\/schema\\\/person\\\/11b47143d9f755babca2c9110e03235c\",\"name\":\"oliviere\",\"image\":{\"@type\":\"ImageObject\",\"inLanguage\":\"fr-FR\",\"@id\":\"https:\\\/\\\/secure.gravatar.com\\\/avatar\\\/907069e0b81d119452040469e4a7501da1100f54f7f80180ce77bfab718288f6?s=96&d=mm&r=g\",\"url\":\"https:\\\/\\\/secure.gravatar.com\\\/avatar\\\/907069e0b81d119452040469e4a7501da1100f54f7f80180ce77bfab718288f6?s=96&d=mm&r=g\",\"contentUrl\":\"https:\\\/\\\/secure.gravatar.com\\\/avatar\\\/907069e0b81d119452040469e4a7501da1100f54f7f80180ce77bfab718288f6?s=96&d=mm&r=g\",\"caption\":\"oliviere\"},\"sameAs\":[\"http:\\\/\\\/www.motocrossmag.be\"],\"url\":\"https:\\\/\\\/fr.motocrossmag.be\\\/index.php\\\/author\\\/oliviere\\\/\"}]}<\/script>\n<!-- \/ Yoast SEO plugin. -->","yoast_head_json":{"title":"Debrief : ouverture de la saison US de motocross \u00e0 Pala - Motocross - Enduro - Supermoto | MotocrossMag","robots":{"index":"index","follow":"follow","max-snippet":"max-snippet:-1","max-image-preview":"max-image-preview:large","max-video-preview":"max-video-preview:-1"},"canonical":"https:\/\/fr.motocrossmag.be\/index.php\/2022\/06\/debrief-ouverture-de-la-saison-us-de-motocross-a-pala\/","og_locale":"fr_FR","og_type":"article","og_title":"Debrief : ouverture de la saison US de motocross \u00e0 Pala - Motocross - Enduro - Supermoto | MotocrossMag","og_description":"Ce que l&rsquo;on retient de l&rsquo;\u00e9preuve d&rsquo;ouverture de la saison US de motocross \u00e0 Pala : 2022 marque le cinquantenaire du championnat am\u00e9ricain de motocross. Doubl\u00e9 de Honda, qui f\u00eatait [...]","og_url":"https:\/\/fr.motocrossmag.be\/index.php\/2022\/06\/debrief-ouverture-de-la-saison-us-de-motocross-a-pala\/","og_site_name":"Motocross - Enduro - Supermoto | MotocrossMag","article_published_time":"2022-06-02T10:23:32+00:00","og_image":[{"width":800,"height":533,"url":"https:\/\/fr.motocrossmag.be\/wp-content\/uploads\/2022\/05\/crf-roczen-50years.jpg","type":"image\/jpeg"}],"author":"oliviere","twitter_card":"summary_large_image","twitter_misc":{"\u00c9crit par":"oliviere","Dur\u00e9e de lecture estim\u00e9e":"1 minute"},"schema":{"@context":"https:\/\/schema.org","@graph":[{"@type":"Article","@id":"https:\/\/fr.motocrossmag.be\/index.php\/2022\/06\/debrief-ouverture-de-la-saison-us-de-motocross-a-pala\/#article","isPartOf":{"@id":"https:\/\/fr.motocrossmag.be\/index.php\/2022\/06\/debrief-ouverture-de-la-saison-us-de-motocross-a-pala\/"},"author":{"name":"oliviere","@id":"https:\/\/fr.motocrossmag.be\/#\/schema\/person\/11b47143d9f755babca2c9110e03235c"},"headline":"Debrief : ouverture de la saison US de motocross \u00e0 Pala","datePublished":"2022-06-02T10:23:32+00:00","mainEntityOfPage":{"@id":"https:\/\/fr.motocrossmag.be\/index.php\/2022\/06\/debrief-ouverture-de-la-saison-us-de-motocross-a-pala\/"},"wordCount":260,"commentCount":0,"image":{"@id":"https:\/\/fr.motocrossmag.be\/index.php\/2022\/06\/debrief-ouverture-de-la-saison-us-de-motocross-a-pala\/#primaryimage"},"thumbnailUrl":"https:\/\/fr.motocrossmag.be\/wp-content\/uploads\/2022\/05\/crf-roczen-50years.jpg","keywords":["AMA","Motocross","pala raceway"],"articleSection":["Actualit\u00e9","Motocross","News","News","Slideshow"],"inLanguage":"fr-FR","potentialAction":[{"@type":"CommentAction","name":"Comment","target":["https:\/\/fr.motocrossmag.be\/index.php\/2022\/06\/debrief-ouverture-de-la-saison-us-de-motocross-a-pala\/#respond"]}]},{"@type":"WebPage","@id":"https:\/\/fr.motocrossmag.be\/index.php\/2022\/06\/debrief-ouverture-de-la-saison-us-de-motocross-a-pala\/","url":"https:\/\/fr.motocrossmag.be\/index.php\/2022\/06\/debrief-ouverture-de-la-saison-us-de-motocross-a-pala\/","name":"Debrief : ouverture de la saison US de motocross \u00e0 Pala - Motocross - Enduro - Supermoto | MotocrossMag","isPartOf":{"@id":"https:\/\/fr.motocrossmag.be\/#website"},"primaryImageOfPage":{"@id":"https:\/\/fr.motocrossmag.be\/index.php\/2022\/06\/debrief-ouverture-de-la-saison-us-de-motocross-a-pala\/#primaryimage"},"image":{"@id":"https:\/\/fr.motocrossmag.be\/index.php\/2022\/06\/debrief-ouverture-de-la-saison-us-de-motocross-a-pala\/#primaryimage"},"thumbnailUrl":"https:\/\/fr.motocrossmag.be\/wp-content\/uploads\/2022\/05\/crf-roczen-50years.jpg","datePublished":"2022-06-02T10:23:32+00:00","author":{"@id":"https:\/\/fr.motocrossmag.be\/#\/schema\/person\/11b47143d9f755babca2c9110e03235c"},"breadcrumb":{"@id":"https:\/\/fr.motocrossmag.be\/index.php\/2022\/06\/debrief-ouverture-de-la-saison-us-de-motocross-a-pala\/#breadcrumb"},"inLanguage":"fr-FR","potentialAction":[{"@type":"ReadAction","target":["https:\/\/fr.motocrossmag.be\/index.php\/2022\/06\/debrief-ouverture-de-la-saison-us-de-motocross-a-pala\/"]}]},{"@type":"ImageObject","inLanguage":"fr-FR","@id":"https:\/\/fr.motocrossmag.be\/index.php\/2022\/06\/debrief-ouverture-de-la-saison-us-de-motocross-a-pala\/#primaryimage","url":"https:\/\/fr.motocrossmag.be\/wp-content\/uploads\/2022\/05\/crf-roczen-50years.jpg","contentUrl":"https:\/\/fr.motocrossmag.be\/wp-content\/uploads\/2022\/05\/crf-roczen-50years.jpg","width":"800","height":"533"},{"@type":"BreadcrumbList","@id":"https:\/\/fr.motocrossmag.be\/index.php\/2022\/06\/debrief-ouverture-de-la-saison-us-de-motocross-a-pala\/#breadcrumb","itemListElement":[{"@type":"ListItem","position":1,"name":"Accueil","item":"https:\/\/fr.motocrossmag.be\/"},{"@type":"ListItem","position":2,"name":"Debrief : ouverture de la saison US de motocross \u00e0 Pala"}]},{"@type":"WebSite","@id":"https:\/\/fr.motocrossmag.be\/#website","url":"https:\/\/fr.motocrossmag.be\/","name":"Motocross - Enduro - Supermoto | MotocrossMag","description":"L&#039;actualit\u00e9 du motocross, de l&#039;enduro et du Supermoto en ligne!","potentialAction":[{"@type":"SearchAction","target":{"@type":"EntryPoint","urlTemplate":"https:\/\/fr.motocrossmag.be\/?s={search_term_string}"},"query-input":{"@type":"PropertyValueSpecification","valueRequired":true,"valueName":"search_term_string"}}],"inLanguage":"fr-FR"},{"@type":"Person","@id":"https:\/\/fr.motocrossmag.be\/#\/schema\/person\/11b47143d9f755babca2c9110e03235c","name":"oliviere","image":{"@type":"ImageObject","inLanguage":"fr-FR","@id":"https:\/\/secure.gravatar.com\/avatar\/907069e0b81d119452040469e4a7501da1100f54f7f80180ce77bfab718288f6?s=96&d=mm&r=g","url":"https:\/\/secure.gravatar.com\/avatar\/907069e0b81d119452040469e4a7501da1100f54f7f80180ce77bfab718288f6?s=96&d=mm&r=g","contentUrl":"https:\/\/secure.gravatar.com\/avatar\/907069e0b81d119452040469e4a7501da1100f54f7f80180ce77bfab718288f6?s=96&d=mm&r=g","caption":"oliviere"},"sameAs":["http:\/\/www.motocrossmag.be"],"url":"https:\/\/fr.motocrossmag.be\/index.php\/author\/oliviere\/"}]}},"_links":{"self":[{"href":"https:\/\/fr.motocrossmag.be\/index.php\/wp-json\/wp\/v2\/posts\/117958","targetHints":{"allow":["GET"]}}],"collection":[{"href":"https:\/\/fr.motocrossmag.be\/index.php\/wp-json\/wp\/v2\/posts"}],"about":[{"href":"https:\/\/fr.motocrossmag.be\/index.php\/wp-json\/wp\/v2\/types\/post"}],"author":[{"embeddable":true,"href":"https:\/\/fr.motocrossmag.be\/index.php\/wp-json\/wp\/v2\/users\/932"}],"replies":[{"embeddable":true,"href":"https:\/\/fr.motocrossmag.be\/index.php\/wp-json\/wp\/v2\/comments?post=117958"}],"version-history":[{"count":0,"href":"https:\/\/fr.motocrossmag.be\/index.php\/wp-json\/wp\/v2\/posts\/117958\/revisions"}],"wp:featuredmedia":[{"embeddable":true,"href":"https:\/\/fr.motocrossmag.be\/index.php\/wp-json\/wp\/v2\/media\/117952"}],"wp:attachment":[{"href":"https:\/\/fr.motocrossmag.be\/index.php\/wp-json\/wp\/v2\/media?parent=117958"}],"wp:term":[{"taxonomy":"category","embeddable":true,"href":"https:\/\/fr.motocrossmag.be\/index.php\/wp-json\/wp\/v2\/categories?post=117958"},{"taxonomy":"post_tag","embeddable":true,"href":"https:\/\/fr.motocrossmag.be\/index.php\/wp-json\/wp\/v2\/tags?post=117958"}],"curies":[{"name":"wp","href":"https:\/\/api.w.org\/{rel}","templated":true}]}}