{"id":117960,"date":"2022-06-02T16:46:34","date_gmt":"2022-06-02T14:46:34","guid":{"rendered":"http:\/\/fr.motocrossmag.be\/?p=117960"},"modified":"2022-06-02T16:46:34","modified_gmt":"2022-06-02T14:46:34","slug":"emx125emx250-pres-de-140-pilotes-inscrits-pour-le-gp-de-france","status":"publish","type":"post","link":"https:\/\/fr.motocrossmag.be\/index.php\/2022\/06\/emx125emx250-pres-de-140-pilotes-inscrits-pour-le-gp-de-france\/","title":{"rendered":"EMX125\/EMX250 : pr\u00e8s de 140 pilotes inscrits pour le GP de France"},"content":{"rendered":"<p><strong>Le circuit d&rsquo;Ern\u00e9e, en France, n&rsquo;a plus accueilli de GP depuis 2017. Cette ann\u00e9e, il marque l&rsquo;entr\u00e9e dans la seconde moiti\u00e9 de la saison MXGP, \u00e9tant le 10\u00e8me des 19 rendez-vous au calendrier.<\/strong><\/p>\n<p>Toujours tr\u00e8s populaire aupr\u00e8s du public, le circuit fran\u00e7ais l&rsquo;est aussi apr\u00e8s des pilotes. Dans les classes europ\u00e9ennes EMX125 et EMX250 en lice \u00e0 Ern\u00e9e ce week-end, pr\u00e8s de 140 pilotes sont ainsi inscrits. Parmi eux, les Belges Junior Bal et Wesly Dieudonn\u00e9 aux c\u00f4t\u00e9s des fr\u00e8res Coenen en EMX250 tandis que Troy Verbrugh, Tias Callens et Julius Raeymaekers portreront nos couleurs en EMX125.<\/p>\n<p><span style=\"color: #ff0000;\"><strong>Pilotes engag\u00e9s &#8211; Ern\u00e9e<\/strong><\/span><\/p>\n<p><strong>EMX250<\/strong><\/p>\n<p>3 Tuani Federico GASGAS ITA FMI SM ACTION<br \/>\n4 Congost Gerard KTM ESP RFME Jezyk Racing Team<br \/>\n7 Spies Maximilian KTM GER DMSB Schmicker Racing<br \/>\n8 Tomas Eric Yamaha ESP RFME Team Yamaha Ausio<br \/>\n10 Oliver Oriol KTM ESP RFME WZ RACING TEAM<br \/>\n16 Grimshaw Tom GASGAS GBR ACU<br \/>\n<strong>17 Bal Junior Husqvarna BEL FMB<\/strong><br \/>\n<strong>19 Coenen Sacha Husqvarna BEL FMB Jumbo Husqvarna BT<\/strong><br \/>\n24 Braceras David KTM ESP RFME Team VRT KTM Veritise<br \/>\n26 De Waal Miguel KTM RSA KNMV<br \/>\n27 Mills Christopher KTM GBR KNMV<br \/>\n28 Viano Andrea Husqvarna ITA FMI<br \/>\n32 Conijn Marcel KTM NED KNMV<br \/>\n35 Bonacorsi Andrea Yamaha ITA FMI Hutten Metaal Yamaha<br \/>\n38 Voxen Kleemann William Yamaha DEN DMU Riley Racing<br \/>\n44 Elzinga Rick Yamaha NED KNMV Hutten Metaal Yamaha<br \/>\n45 Razzini Pietro Husqvarna ITA FMI S11Motorsport DianaMx<br \/>\n51 Delaporte Jules Husqvarna FRA FFM<br \/>\n53 Lata Valerio KTM ITA FMI MRT Racing Team KTM<br \/>\n64 Ciabatti Lorenzo KTM ITA FMI<br \/>\n67 Martinez Yago KTM ESP RFME<br \/>\n71 Bennati Morgan Husqvarna ITA FMI<br \/>\n78 Louis Axel GASGAS FRA FFM<br \/>\n90 Trache Justin Yamaha GER DMSB Sturm STC Racing Team<br \/>\n<strong>93 Coenen Lucas Husqvarna BEL FMB Jumbo Husqvarna BT<\/strong><br \/>\n96 Alonso Rodilla Victor Yamaha ESP RFME Team Yamaha Ausio<br \/>\n99 Rathousky Petr KTM CZE ACCR JD GUNNEX KTM Racing Team<br \/>\n100 Verhaeghe Scotty KTM FRA FFM Team VHR KTM Racing<br \/>\n122 Mc Lellan Camden KTM RSA KNMV TBS Conversions Racing Team<br \/>\n131 Nickel Cato KTM GER DMSB WZ RACING TEAM<br \/>\n145 Jungmann Pascal Honda GER DMSB KMP HONDA RACING<br \/>\n184 Carpenter James KTM GBR ACU<br \/>\n207 Cazal Xavier KTM FRA FFM Team VHR KTM Racing<br \/>\n217 Wade Eddie Kawasaki ESP RFME 9MM Energy-BUD Racing-Kawasaki<br \/>\n228 Scuteri Emilio T M ITA FMI<br \/>\n237 Ramella Xylian KTM SUI FMS<br \/>\n241 Duhamel Nicolas KTM FRA FFM<br \/>\n242 Verbruggen Kjell KTM NED KNMV<br \/>\n261 Talviku Jorgen-Matthias KTM EST EMF Sahkar Racing<br \/>\n272 Carrico Andreas GASGAS FRA FFM<br \/>\n302 Toendel Cornelius Fantic NOR NMF Fantic Factory Team Maddii<br \/>\n312 Osterhagen Haakon Fantic NOR NMF Fantic Factory Team Maddii<br \/>\n319 Prugnieres Quentin Marc Kawasaki FRA FFM 9MM Energy-BUD Racing-Kawasaki<br \/>\n371 Maschio Paolo Kawasaki FRA FFM<br \/>\n401 Stauffer Marcel KTM AUT AMF WZ RACING TEAM<br \/>\n420 Rossi Andrea Husqvarna ITA FMI<br \/>\n440 Appelt Marnique KTM GER DMSB Raths Motorsports<br \/>\n444 Knuiman Jeremy KTM NED KNMV<br \/>\n484 Kooiker Dave Yamaha NED KNMV Hutten Metaal Yamaha Racing<br \/>\n489 Walvoort Jens KTM NED KNMV<br \/>\n499 Alberio Emanuele Husqvarna ITA FMI<br \/>\n505 L\u00fcning Arvid GASGAS SWE SVEMO<br \/>\n521 Blanken Boris GASGAS NED KNMV<br \/>\n<strong>563 Dieudonne Wesly KTM BEL FMB<\/strong><br \/>\n568 Palsson Max KTM SWE SVEMO Schmicker Racing<br \/>\n601 Gwyther Kelton KTM GBR KNMV Motor2000 KTM Racing Team<br \/>\n626 Elsener Joel KTM SUI FMS<br \/>\n651 Vettik Meico KTM EST EMF<br \/>\n669 Ruffini Luca GASGAS ITA FMI SM ACTION RACING TEAM YUASA Battery<br \/>\n696 Gwerder Mike KTM SUI FMS WZ RACING TEAM<br \/>\n717 Wagenknecht Jan Husqvarna CZE ACCR<br \/>\n744 Soulimani Saad KTM FRA FFM Team VHR KTM Racing<br \/>\n839 Voxen Kleemann Victor Honda DEN DMU KMP HONDA RACING<\/p>\n<p><strong>EMX125<\/strong><\/p>\n<p>4 Meneghello Giovanni GASGAS ITA FMI<br \/>\n5 Rodriguez Daniel GASGAS ESP RFME<br \/>\n6 Escandell Elias GASGAS ESP RFME RFME GASGAS MXJUNIOR TEAM<br \/>\n7 Mauresa Victor KTM FRA FFM<br \/>\n10 Macri Giorgio GASGAS ITA FMI<br \/>\n18 Gaspari Alessandro Husqvarna ITA FMI<br \/>\n21 Mariani Nathan KTM ITA FMI<br \/>\n23 Lochet Nathan KTM FRA FFM<br \/>\n27 Tzemach Ofir Casey KTM ISR HMS<br \/>\n30 de Ruyter Simon GASGAS FRA FFM<br \/>\n37 Conway Cuan GASGAS RSA FMB F4E GASGAS Racing Team<br \/>\n47 Reisulis Karlis Alberts Yamaha LAT LAMSF Yamaha Europe<br \/>\n55 Barthez Mathis Yamaha FRA FFM<br \/>\n73 Zanchi Ferruccio Yamaha ITA FMI Yamaha Europe EMX125 MJC<br \/>\n77 Melman Erez KTM ISR IMSF TBS Conversions Racing Team<br \/>\n88 Russi Matteo Luigi KTM ITA FMI Tech 32<br \/>\n89 Randall Jacob Yamaha GBR ACU<br \/>\n96 Osinalde Mayrata Mauro KTM ESP RFME Jezyk Racing Team<br \/>\n97 Mancini Simone KTM ITA FMI KTM RACESTORE MX2<br \/>\n100 Caneele Tom Yamaha FRA FFM<br \/>\n110 Paat Richard KTM EST EMF<br \/>\n111 Knuiman Damian KTM NED KNMV<br \/>\n123 Peklaj Jaka Husqvarna SLO AMZS SIXTYTWO Motosport Husqvarna Team<br \/>\n125 Barbieri Mattia GASGAS ITA FMI<br \/>\n<strong>155 Verburgh Troy GASGAS BEL FMB F4E GASGAS Racing Team<\/strong><br \/>\n172 Valk Cas Fantic NED KNMV Fantic Factory Team Maddii<br \/>\n204 Owens Liam Husqvarna AUS M A<br \/>\n217 Rispoli Brando Husqvarna ITA FMI<br \/>\n220 Giorgessi Toni GASGAS FRA FFM<br \/>\n232 Aguilo Azorin Unai Fantic ESP RFME<br \/>\n238 Brunet Tom KTM FRA FFM Team VRT KTM Veritise<br \/>\n253 Gazzano Francesco Yamaha ITA FMI<br \/>\n259 Bredesen Martin Yamaha NOR NMF<br \/>\n282 Rossi Marc-Antoine KTM FRA FFM Tech 32<br \/>\n300 Perez Salvador Yamaha ESP RFME<br \/>\n301 Vampa Noah Yamaha FRA FFM Team LF MOTORSPORT 301<br \/>\n305 Gallego Antonio GASGAS ESP RFME RFME GASGAS<br \/>\n311 Lobo Sandro Yamaha POR FMP<br \/>\n317 Valin Mathis GASGAS FRA FFM<br \/>\n321 Traversini Alessandro KTM ITA FMI<br \/>\n324 Salvador Carlos GASGAS ESP RFME<br \/>\n329 Scollo Maurizio Yamaha ITA FMI<br \/>\n337 Brizio Holiver Husqvarna ITA FMI<br \/>\n358 Stenberg Nico KTM FIN SML<br \/>\n362 Alonso Marco GASGAS ESP RFME<br \/>\n363 Reichl Lyonel Husqvarna SUI FMS<br \/>\n373 Canet Edgar GASGAS ESP RFME RFME GASGAS<br \/>\n386 Bouchereau Martin KTM FRA FFM<br \/>\n401 Van Drunen Lotte KTM NED KNMV<br \/>\n410 Barker James KTM GBR ACU<br \/>\n419 Brookes Joe KTM GBR ACU<br \/>\n428 Obenland Henry KTM GER DMSB KTM Kosak Team<br \/>\n432 Van Erp Ivano Yamaha NED KNMV Yamaha Europe<br \/>\n<strong>436 Callens Tias Husqvarna BEL FMB<\/strong><br \/>\n440 Brilli Andrea Yamaha ITA FMI<br \/>\n446 Petit Adrien Yamaha FRA FFM JK Racing Yamaha<br \/>\n451 Mikula Julius KTM CZE ACCR<br \/>\n456 Colmer Ollie KTM GBR ACU<br \/>\n461 Peippo Eero Husqvarna FIN SML<br \/>\n471 Gundersen Pelle Husqvarna NOR KNMV<br \/>\n478 Bolviken Adrian Yamaha NOR NMF<br \/>\n479 Marek Vitezslav KTM CZE ACCR<br \/>\n494 Werner Maximilian KTM GER DMSB KTM Kosak Team<br \/>\n555 McCullough Cole KTM GBR MCUI Hitachi KTM<br \/>\n684 Freibergs Uldis Husqvarna LAT LAMSF<br \/>\n712 Castan Pierrick KTM FRA FFM<br \/>\n714 Ozolins Markuss KTM LAT LAMSF WZ<br \/>\n717 Fueri Alexis Fantic FRA FFM Fantic Maddii<br \/>\n720 Werl\u00e9 Ilann KTM FRA FFM<br \/>\n772 Reisulis Janis Martins KTM LAT LAMSF<br \/>\n798 Colson Arnaud GASGAS FRA FFM<br \/>\n884 Bordini Leo KTM FRA FFM<br \/>\n919 Ernecker Maximilian Husqvarna AUT AMF<br \/>\n961 Frisk August KTM SWE SVEMO<br \/>\n<strong>972 Raeymaekers Julius Yamaha BEL FMB<\/strong><\/p>\n","protected":false},"excerpt":{"rendered":"<p>Le circuit d&rsquo;Ern\u00e9e, en France, n&rsquo;a plus accueilli de GP depuis 2017. Cette ann\u00e9e, il marque l&rsquo;entr\u00e9e dans la seconde moiti\u00e9 de la saison MXGP, \u00e9tant le 10\u00e8me des 19 [&#8230;]<\/p>\n","protected":false},"author":932,"featured_media":117961,"comment_status":"open","ping_status":"closed","sticky":false,"template":"","format":"standard","meta":{"footnotes":""},"categories":[54,128,4,5,55,65],"tags":[1165,559,947],"class_list":["post-117960","post","type-post","status-publish","format-standard","has-post-thumbnail","hentry","category-actualite","category-emx-125-emx2","category-motocross","category-news","category-news-actualite","category-slideshow","tag-emx","tag-ernee","tag-motocross"],"yoast_head":"<!-- This site is optimized with the Yoast SEO plugin v27.4 - https:\/\/yoast.com\/product\/yoast-seo-wordpress\/ -->\n<title>EMX125\/EMX250 : pr\u00e8s de 140 pilotes inscrits pour le GP de France - Motocross - Enduro - Supermoto | MotocrossMag<\/title>\n<meta name=\"robots\" content=\"index, follow, max-snippet:-1, max-image-preview:large, max-video-preview:-1\" \/>\n<link rel=\"canonical\" href=\"https:\/\/fr.motocrossmag.be\/index.php\/2022\/06\/emx125emx250-pres-de-140-pilotes-inscrits-pour-le-gp-de-france\/\" \/>\n<meta property=\"og:locale\" content=\"fr_FR\" \/>\n<meta property=\"og:type\" content=\"article\" \/>\n<meta property=\"og:title\" content=\"EMX125\/EMX250 : pr\u00e8s de 140 pilotes inscrits pour le GP de France - Motocross - Enduro - Supermoto | MotocrossMag\" \/>\n<meta property=\"og:description\" content=\"Le circuit d&rsquo;Ern\u00e9e, en France, n&rsquo;a plus accueilli de GP depuis 2017. Cette ann\u00e9e, il marque l&rsquo;entr\u00e9e dans la seconde moiti\u00e9 de la saison MXGP, \u00e9tant le 10\u00e8me des 19 [...]\" \/>\n<meta property=\"og:url\" content=\"https:\/\/fr.motocrossmag.be\/index.php\/2022\/06\/emx125emx250-pres-de-140-pilotes-inscrits-pour-le-gp-de-france\/\" \/>\n<meta property=\"og:site_name\" content=\"Motocross - Enduro - Supermoto | MotocrossMag\" \/>\n<meta property=\"article:published_time\" content=\"2022-06-02T14:46:34+00:00\" \/>\n<meta property=\"og:image\" content=\"https:\/\/fr.motocrossmag.be\/wp-content\/uploads\/2022\/06\/emx125-spain.jpg\" \/>\n\t<meta property=\"og:image:width\" content=\"1000\" \/>\n\t<meta property=\"og:image:height\" content=\"633\" \/>\n\t<meta property=\"og:image:type\" content=\"image\/jpeg\" \/>\n<meta name=\"author\" content=\"oliviere\" \/>\n<meta name=\"twitter:card\" content=\"summary_large_image\" \/>\n<meta name=\"twitter:label1\" content=\"\u00c9crit par\" \/>\n\t<meta name=\"twitter:data1\" content=\"oliviere\" \/>\n\t<meta name=\"twitter:label2\" content=\"Dur\u00e9e de lecture estim\u00e9e\" \/>\n\t<meta name=\"twitter:data2\" content=\"5 minutes\" \/>\n<script type=\"application\/ld+json\" class=\"yoast-schema-graph\">{\"@context\":\"https:\\\/\\\/schema.org\",\"@graph\":[{\"@type\":\"Article\",\"@id\":\"https:\\\/\\\/fr.motocrossmag.be\\\/index.php\\\/2022\\\/06\\\/emx125emx250-pres-de-140-pilotes-inscrits-pour-le-gp-de-france\\\/#article\",\"isPartOf\":{\"@id\":\"https:\\\/\\\/fr.motocrossmag.be\\\/index.php\\\/2022\\\/06\\\/emx125emx250-pres-de-140-pilotes-inscrits-pour-le-gp-de-france\\\/\"},\"author\":{\"name\":\"oliviere\",\"@id\":\"https:\\\/\\\/fr.motocrossmag.be\\\/#\\\/schema\\\/person\\\/11b47143d9f755babca2c9110e03235c\"},\"headline\":\"EMX125\\\/EMX250 : pr\u00e8s de 140 pilotes inscrits pour le GP de France\",\"datePublished\":\"2022-06-02T14:46:34+00:00\",\"mainEntityOfPage\":{\"@id\":\"https:\\\/\\\/fr.motocrossmag.be\\\/index.php\\\/2022\\\/06\\\/emx125emx250-pres-de-140-pilotes-inscrits-pour-le-gp-de-france\\\/\"},\"wordCount\":1020,\"commentCount\":0,\"image\":{\"@id\":\"https:\\\/\\\/fr.motocrossmag.be\\\/index.php\\\/2022\\\/06\\\/emx125emx250-pres-de-140-pilotes-inscrits-pour-le-gp-de-france\\\/#primaryimage\"},\"thumbnailUrl\":\"https:\\\/\\\/fr.motocrossmag.be\\\/wp-content\\\/uploads\\\/2022\\\/06\\\/emx125-spain.jpg\",\"keywords\":[\"EMX\",\"ernee\",\"Motocross\"],\"articleSection\":[\"Actualit\u00e9\",\"EMX\",\"Motocross\",\"News\",\"News\",\"Slideshow\"],\"inLanguage\":\"fr-FR\",\"potentialAction\":[{\"@type\":\"CommentAction\",\"name\":\"Comment\",\"target\":[\"https:\\\/\\\/fr.motocrossmag.be\\\/index.php\\\/2022\\\/06\\\/emx125emx250-pres-de-140-pilotes-inscrits-pour-le-gp-de-france\\\/#respond\"]}]},{\"@type\":\"WebPage\",\"@id\":\"https:\\\/\\\/fr.motocrossmag.be\\\/index.php\\\/2022\\\/06\\\/emx125emx250-pres-de-140-pilotes-inscrits-pour-le-gp-de-france\\\/\",\"url\":\"https:\\\/\\\/fr.motocrossmag.be\\\/index.php\\\/2022\\\/06\\\/emx125emx250-pres-de-140-pilotes-inscrits-pour-le-gp-de-france\\\/\",\"name\":\"EMX125\\\/EMX250 : pr\u00e8s de 140 pilotes inscrits pour le GP de France - Motocross - Enduro - Supermoto | MotocrossMag\",\"isPartOf\":{\"@id\":\"https:\\\/\\\/fr.motocrossmag.be\\\/#website\"},\"primaryImageOfPage\":{\"@id\":\"https:\\\/\\\/fr.motocrossmag.be\\\/index.php\\\/2022\\\/06\\\/emx125emx250-pres-de-140-pilotes-inscrits-pour-le-gp-de-france\\\/#primaryimage\"},\"image\":{\"@id\":\"https:\\\/\\\/fr.motocrossmag.be\\\/index.php\\\/2022\\\/06\\\/emx125emx250-pres-de-140-pilotes-inscrits-pour-le-gp-de-france\\\/#primaryimage\"},\"thumbnailUrl\":\"https:\\\/\\\/fr.motocrossmag.be\\\/wp-content\\\/uploads\\\/2022\\\/06\\\/emx125-spain.jpg\",\"datePublished\":\"2022-06-02T14:46:34+00:00\",\"author\":{\"@id\":\"https:\\\/\\\/fr.motocrossmag.be\\\/#\\\/schema\\\/person\\\/11b47143d9f755babca2c9110e03235c\"},\"breadcrumb\":{\"@id\":\"https:\\\/\\\/fr.motocrossmag.be\\\/index.php\\\/2022\\\/06\\\/emx125emx250-pres-de-140-pilotes-inscrits-pour-le-gp-de-france\\\/#breadcrumb\"},\"inLanguage\":\"fr-FR\",\"potentialAction\":[{\"@type\":\"ReadAction\",\"target\":[\"https:\\\/\\\/fr.motocrossmag.be\\\/index.php\\\/2022\\\/06\\\/emx125emx250-pres-de-140-pilotes-inscrits-pour-le-gp-de-france\\\/\"]}]},{\"@type\":\"ImageObject\",\"inLanguage\":\"fr-FR\",\"@id\":\"https:\\\/\\\/fr.motocrossmag.be\\\/index.php\\\/2022\\\/06\\\/emx125emx250-pres-de-140-pilotes-inscrits-pour-le-gp-de-france\\\/#primaryimage\",\"url\":\"https:\\\/\\\/fr.motocrossmag.be\\\/wp-content\\\/uploads\\\/2022\\\/06\\\/emx125-spain.jpg\",\"contentUrl\":\"https:\\\/\\\/fr.motocrossmag.be\\\/wp-content\\\/uploads\\\/2022\\\/06\\\/emx125-spain.jpg\",\"width\":\"1000\",\"height\":\"633\"},{\"@type\":\"BreadcrumbList\",\"@id\":\"https:\\\/\\\/fr.motocrossmag.be\\\/index.php\\\/2022\\\/06\\\/emx125emx250-pres-de-140-pilotes-inscrits-pour-le-gp-de-france\\\/#breadcrumb\",\"itemListElement\":[{\"@type\":\"ListItem\",\"position\":1,\"name\":\"Accueil\",\"item\":\"https:\\\/\\\/fr.motocrossmag.be\\\/\"},{\"@type\":\"ListItem\",\"position\":2,\"name\":\"EMX125\\\/EMX250 : pr\u00e8s de 140 pilotes inscrits pour le GP de France\"}]},{\"@type\":\"WebSite\",\"@id\":\"https:\\\/\\\/fr.motocrossmag.be\\\/#website\",\"url\":\"https:\\\/\\\/fr.motocrossmag.be\\\/\",\"name\":\"Motocross - Enduro - Supermoto | MotocrossMag\",\"description\":\"L&#039;actualit\u00e9 du motocross, de l&#039;enduro et du Supermoto en ligne!\",\"potentialAction\":[{\"@type\":\"SearchAction\",\"target\":{\"@type\":\"EntryPoint\",\"urlTemplate\":\"https:\\\/\\\/fr.motocrossmag.be\\\/?s={search_term_string}\"},\"query-input\":{\"@type\":\"PropertyValueSpecification\",\"valueRequired\":true,\"valueName\":\"search_term_string\"}}],\"inLanguage\":\"fr-FR\"},{\"@type\":\"Person\",\"@id\":\"https:\\\/\\\/fr.motocrossmag.be\\\/#\\\/schema\\\/person\\\/11b47143d9f755babca2c9110e03235c\",\"name\":\"oliviere\",\"image\":{\"@type\":\"ImageObject\",\"inLanguage\":\"fr-FR\",\"@id\":\"https:\\\/\\\/secure.gravatar.com\\\/avatar\\\/907069e0b81d119452040469e4a7501da1100f54f7f80180ce77bfab718288f6?s=96&d=mm&r=g\",\"url\":\"https:\\\/\\\/secure.gravatar.com\\\/avatar\\\/907069e0b81d119452040469e4a7501da1100f54f7f80180ce77bfab718288f6?s=96&d=mm&r=g\",\"contentUrl\":\"https:\\\/\\\/secure.gravatar.com\\\/avatar\\\/907069e0b81d119452040469e4a7501da1100f54f7f80180ce77bfab718288f6?s=96&d=mm&r=g\",\"caption\":\"oliviere\"},\"sameAs\":[\"http:\\\/\\\/www.motocrossmag.be\"],\"url\":\"https:\\\/\\\/fr.motocrossmag.be\\\/index.php\\\/author\\\/oliviere\\\/\"}]}<\/script>\n<!-- \/ Yoast SEO plugin. -->","yoast_head_json":{"title":"EMX125\/EMX250 : pr\u00e8s de 140 pilotes inscrits pour le GP de France - Motocross - Enduro - Supermoto | MotocrossMag","robots":{"index":"index","follow":"follow","max-snippet":"max-snippet:-1","max-image-preview":"max-image-preview:large","max-video-preview":"max-video-preview:-1"},"canonical":"https:\/\/fr.motocrossmag.be\/index.php\/2022\/06\/emx125emx250-pres-de-140-pilotes-inscrits-pour-le-gp-de-france\/","og_locale":"fr_FR","og_type":"article","og_title":"EMX125\/EMX250 : pr\u00e8s de 140 pilotes inscrits pour le GP de France - Motocross - Enduro - Supermoto | MotocrossMag","og_description":"Le circuit d&rsquo;Ern\u00e9e, en France, n&rsquo;a plus accueilli de GP depuis 2017. Cette ann\u00e9e, il marque l&rsquo;entr\u00e9e dans la seconde moiti\u00e9 de la saison MXGP, \u00e9tant le 10\u00e8me des 19 [...]","og_url":"https:\/\/fr.motocrossmag.be\/index.php\/2022\/06\/emx125emx250-pres-de-140-pilotes-inscrits-pour-le-gp-de-france\/","og_site_name":"Motocross - Enduro - Supermoto | MotocrossMag","article_published_time":"2022-06-02T14:46:34+00:00","og_image":[{"width":1000,"height":633,"url":"https:\/\/fr.motocrossmag.be\/wp-content\/uploads\/2022\/06\/emx125-spain.jpg","type":"image\/jpeg"}],"author":"oliviere","twitter_card":"summary_large_image","twitter_misc":{"\u00c9crit par":"oliviere","Dur\u00e9e de lecture estim\u00e9e":"5 minutes"},"schema":{"@context":"https:\/\/schema.org","@graph":[{"@type":"Article","@id":"https:\/\/fr.motocrossmag.be\/index.php\/2022\/06\/emx125emx250-pres-de-140-pilotes-inscrits-pour-le-gp-de-france\/#article","isPartOf":{"@id":"https:\/\/fr.motocrossmag.be\/index.php\/2022\/06\/emx125emx250-pres-de-140-pilotes-inscrits-pour-le-gp-de-france\/"},"author":{"name":"oliviere","@id":"https:\/\/fr.motocrossmag.be\/#\/schema\/person\/11b47143d9f755babca2c9110e03235c"},"headline":"EMX125\/EMX250 : pr\u00e8s de 140 pilotes inscrits pour le GP de France","datePublished":"2022-06-02T14:46:34+00:00","mainEntityOfPage":{"@id":"https:\/\/fr.motocrossmag.be\/index.php\/2022\/06\/emx125emx250-pres-de-140-pilotes-inscrits-pour-le-gp-de-france\/"},"wordCount":1020,"commentCount":0,"image":{"@id":"https:\/\/fr.motocrossmag.be\/index.php\/2022\/06\/emx125emx250-pres-de-140-pilotes-inscrits-pour-le-gp-de-france\/#primaryimage"},"thumbnailUrl":"https:\/\/fr.motocrossmag.be\/wp-content\/uploads\/2022\/06\/emx125-spain.jpg","keywords":["EMX","ernee","Motocross"],"articleSection":["Actualit\u00e9","EMX","Motocross","News","News","Slideshow"],"inLanguage":"fr-FR","potentialAction":[{"@type":"CommentAction","name":"Comment","target":["https:\/\/fr.motocrossmag.be\/index.php\/2022\/06\/emx125emx250-pres-de-140-pilotes-inscrits-pour-le-gp-de-france\/#respond"]}]},{"@type":"WebPage","@id":"https:\/\/fr.motocrossmag.be\/index.php\/2022\/06\/emx125emx250-pres-de-140-pilotes-inscrits-pour-le-gp-de-france\/","url":"https:\/\/fr.motocrossmag.be\/index.php\/2022\/06\/emx125emx250-pres-de-140-pilotes-inscrits-pour-le-gp-de-france\/","name":"EMX125\/EMX250 : pr\u00e8s de 140 pilotes inscrits pour le GP de France - Motocross - Enduro - Supermoto | MotocrossMag","isPartOf":{"@id":"https:\/\/fr.motocrossmag.be\/#website"},"primaryImageOfPage":{"@id":"https:\/\/fr.motocrossmag.be\/index.php\/2022\/06\/emx125emx250-pres-de-140-pilotes-inscrits-pour-le-gp-de-france\/#primaryimage"},"image":{"@id":"https:\/\/fr.motocrossmag.be\/index.php\/2022\/06\/emx125emx250-pres-de-140-pilotes-inscrits-pour-le-gp-de-france\/#primaryimage"},"thumbnailUrl":"https:\/\/fr.motocrossmag.be\/wp-content\/uploads\/2022\/06\/emx125-spain.jpg","datePublished":"2022-06-02T14:46:34+00:00","author":{"@id":"https:\/\/fr.motocrossmag.be\/#\/schema\/person\/11b47143d9f755babca2c9110e03235c"},"breadcrumb":{"@id":"https:\/\/fr.motocrossmag.be\/index.php\/2022\/06\/emx125emx250-pres-de-140-pilotes-inscrits-pour-le-gp-de-france\/#breadcrumb"},"inLanguage":"fr-FR","potentialAction":[{"@type":"ReadAction","target":["https:\/\/fr.motocrossmag.be\/index.php\/2022\/06\/emx125emx250-pres-de-140-pilotes-inscrits-pour-le-gp-de-france\/"]}]},{"@type":"ImageObject","inLanguage":"fr-FR","@id":"https:\/\/fr.motocrossmag.be\/index.php\/2022\/06\/emx125emx250-pres-de-140-pilotes-inscrits-pour-le-gp-de-france\/#primaryimage","url":"https:\/\/fr.motocrossmag.be\/wp-content\/uploads\/2022\/06\/emx125-spain.jpg","contentUrl":"https:\/\/fr.motocrossmag.be\/wp-content\/uploads\/2022\/06\/emx125-spain.jpg","width":"1000","height":"633"},{"@type":"BreadcrumbList","@id":"https:\/\/fr.motocrossmag.be\/index.php\/2022\/06\/emx125emx250-pres-de-140-pilotes-inscrits-pour-le-gp-de-france\/#breadcrumb","itemListElement":[{"@type":"ListItem","position":1,"name":"Accueil","item":"https:\/\/fr.motocrossmag.be\/"},{"@type":"ListItem","position":2,"name":"EMX125\/EMX250 : pr\u00e8s de 140 pilotes inscrits pour le GP de France"}]},{"@type":"WebSite","@id":"https:\/\/fr.motocrossmag.be\/#website","url":"https:\/\/fr.motocrossmag.be\/","name":"Motocross - Enduro - Supermoto | MotocrossMag","description":"L&#039;actualit\u00e9 du motocross, de l&#039;enduro et du Supermoto en ligne!","potentialAction":[{"@type":"SearchAction","target":{"@type":"EntryPoint","urlTemplate":"https:\/\/fr.motocrossmag.be\/?s={search_term_string}"},"query-input":{"@type":"PropertyValueSpecification","valueRequired":true,"valueName":"search_term_string"}}],"inLanguage":"fr-FR"},{"@type":"Person","@id":"https:\/\/fr.motocrossmag.be\/#\/schema\/person\/11b47143d9f755babca2c9110e03235c","name":"oliviere","image":{"@type":"ImageObject","inLanguage":"fr-FR","@id":"https:\/\/secure.gravatar.com\/avatar\/907069e0b81d119452040469e4a7501da1100f54f7f80180ce77bfab718288f6?s=96&d=mm&r=g","url":"https:\/\/secure.gravatar.com\/avatar\/907069e0b81d119452040469e4a7501da1100f54f7f80180ce77bfab718288f6?s=96&d=mm&r=g","contentUrl":"https:\/\/secure.gravatar.com\/avatar\/907069e0b81d119452040469e4a7501da1100f54f7f80180ce77bfab718288f6?s=96&d=mm&r=g","caption":"oliviere"},"sameAs":["http:\/\/www.motocrossmag.be"],"url":"https:\/\/fr.motocrossmag.be\/index.php\/author\/oliviere\/"}]}},"_links":{"self":[{"href":"https:\/\/fr.motocrossmag.be\/index.php\/wp-json\/wp\/v2\/posts\/117960","targetHints":{"allow":["GET"]}}],"collection":[{"href":"https:\/\/fr.motocrossmag.be\/index.php\/wp-json\/wp\/v2\/posts"}],"about":[{"href":"https:\/\/fr.motocrossmag.be\/index.php\/wp-json\/wp\/v2\/types\/post"}],"author":[{"embeddable":true,"href":"https:\/\/fr.motocrossmag.be\/index.php\/wp-json\/wp\/v2\/users\/932"}],"replies":[{"embeddable":true,"href":"https:\/\/fr.motocrossmag.be\/index.php\/wp-json\/wp\/v2\/comments?post=117960"}],"version-history":[{"count":0,"href":"https:\/\/fr.motocrossmag.be\/index.php\/wp-json\/wp\/v2\/posts\/117960\/revisions"}],"wp:featuredmedia":[{"embeddable":true,"href":"https:\/\/fr.motocrossmag.be\/index.php\/wp-json\/wp\/v2\/media\/117961"}],"wp:attachment":[{"href":"https:\/\/fr.motocrossmag.be\/index.php\/wp-json\/wp\/v2\/media?parent=117960"}],"wp:term":[{"taxonomy":"category","embeddable":true,"href":"https:\/\/fr.motocrossmag.be\/index.php\/wp-json\/wp\/v2\/categories?post=117960"},{"taxonomy":"post_tag","embeddable":true,"href":"https:\/\/fr.motocrossmag.be\/index.php\/wp-json\/wp\/v2\/tags?post=117960"}],"curies":[{"name":"wp","href":"https:\/\/api.w.org\/{rel}","templated":true}]}}