{"id":117971,"date":"2022-06-04T11:52:50","date_gmt":"2022-06-04T09:52:50","guid":{"rendered":"http:\/\/fr.motocrossmag.be\/?p=117971"},"modified":"2022-06-04T11:52:50","modified_gmt":"2022-06-04T09:52:50","slug":"le-motocross-de-retour-a-cassel-ce-lundi-6-juin","status":"publish","type":"post","link":"https:\/\/fr.motocrossmag.be\/index.php\/2022\/06\/le-motocross-de-retour-a-cassel-ce-lundi-6-juin\/","title":{"rendered":"Le motocross de retour \u00e0 Cassel ce lundi 6 juin"},"content":{"rendered":"<p><strong>Ce lundi de Pentec\u00f4te, le motocross fera son retour sur la piste de Cassel avec le c\u00e9l\u00e8bre \u00ab\u00a0Troph\u00e9e Timotei Potisek\u00a0\u00bb. Une fois de plus, les organisateurs pourront compter sur la pr\u00e9sence d&rsquo;un plateau de pilotes exceptionnel avec les meilleurs nordistes au rendez-vous, \u00e0 commencer \u00e9videmment par le leader du championnat de France Elite Milko Potisek, mais aussi une belle d\u00e9l\u00e9gation belge, emmen\u00e9e cette ann\u00e9e par Cyril Genot et Daymond Martens pour ne citer qu&rsquo;eux.<\/strong><\/p>\n<p>Un programme dense, des stars, de belles courses en perspectives et une piste panoramique pr\u00e9par\u00e9e comme toujours avec le plus grand soin, le tout \u00e0 deux pas de la fronti\u00e8re franco-belge, voil\u00e0 la recette qui fait le succ\u00e8s populaire du motocross de Cassel depuis des ann\u00e9es.<\/p>\n<p>Plus d&rsquo;infos : <a href=\"https:\/\/www.facebook.com\/MotocrossdeCassel\" target=\"_blank\" rel=\"noopener\">www.facebook.com\/MotocrossdeCassel<\/a><\/p>\n<p><img decoding=\"async\" class=\"lazyload alignnone size-full wp-image-118000\" src=\"data:image\/svg+xml,%3Csvg%20xmlns%3D%27http%3A%2F%2Fwww.w3.org%2F2000%2Fsvg%27%20width%3D%27565%27%20height%3D%27800%27%20viewBox%3D%270%200%20565%20800%27%3E%3Crect%20width%3D%27565%27%20height%3D%27800%27%20fill-opacity%3D%220%22%2F%3E%3C%2Fsvg%3E\" data-orig-src=\"http:\/\/fr.motocrossmag.be\/wp-content\/uploads\/2022\/06\/285199225_1830939623777781_8292495508766971967_n.jpg\" alt=\"\" width=\"565\" height=\"800\" \/><\/p>\n","protected":false},"excerpt":{"rendered":"<p>Ce lundi de Pentec\u00f4te, le motocross fera son retour sur la piste de Cassel avec le c\u00e9l\u00e8bre \u00ab\u00a0Troph\u00e9e Timotei Potisek\u00a0\u00bb. Une fois de plus, les organisateurs pourront compter sur la [&#8230;]<\/p>\n","protected":false},"author":932,"featured_media":46611,"comment_status":"open","ping_status":"closed","sticky":false,"template":"","format":"standard","meta":{"footnotes":""},"categories":[54,57,4,5,55,65],"tags":[1916,1361,1489,306,947],"class_list":["post-117971","post","type-post","status-publish","format-standard","has-post-thumbnail","hentry","category-actualite","category-calendriers","category-motocross","category-news","category-news-actualite","category-slideshow","tag-cassel","tag-cyril-genot","tag-daymond-martens","tag-milko-potisek","tag-motocross"],"yoast_head":"<!-- This site is optimized with the Yoast SEO plugin v27.4 - https:\/\/yoast.com\/product\/yoast-seo-wordpress\/ -->\n<title>Le motocross de retour \u00e0 Cassel ce lundi 6 juin - Motocross - Enduro - Supermoto | MotocrossMag<\/title>\n<meta name=\"robots\" content=\"index, follow, max-snippet:-1, max-image-preview:large, max-video-preview:-1\" \/>\n<link rel=\"canonical\" href=\"https:\/\/fr.motocrossmag.be\/index.php\/2022\/06\/le-motocross-de-retour-a-cassel-ce-lundi-6-juin\/\" \/>\n<meta property=\"og:locale\" content=\"fr_FR\" \/>\n<meta property=\"og:type\" content=\"article\" \/>\n<meta property=\"og:title\" content=\"Le motocross de retour \u00e0 Cassel ce lundi 6 juin - Motocross - Enduro - Supermoto | MotocrossMag\" \/>\n<meta property=\"og:description\" content=\"Ce lundi de Pentec\u00f4te, le motocross fera son retour sur la piste de Cassel avec le c\u00e9l\u00e8bre \u00ab\u00a0Troph\u00e9e Timotei Potisek\u00a0\u00bb. Une fois de plus, les organisateurs pourront compter sur la [...]\" \/>\n<meta property=\"og:url\" content=\"https:\/\/fr.motocrossmag.be\/index.php\/2022\/06\/le-motocross-de-retour-a-cassel-ce-lundi-6-juin\/\" \/>\n<meta property=\"og:site_name\" content=\"Motocross - Enduro - Supermoto | MotocrossMag\" \/>\n<meta property=\"article:published_time\" content=\"2022-06-04T09:52:50+00:00\" \/>\n<meta property=\"og:image\" content=\"https:\/\/fr.motocrossmag.be\/wp-content\/uploads\/2016\/05\/cassel_track_public.jpg\" \/>\n\t<meta property=\"og:image:width\" content=\"900\" \/>\n\t<meta property=\"og:image:height\" content=\"598\" \/>\n\t<meta property=\"og:image:type\" content=\"image\/jpeg\" \/>\n<meta name=\"author\" content=\"oliviere\" \/>\n<meta name=\"twitter:card\" content=\"summary_large_image\" \/>\n<meta name=\"twitter:label1\" content=\"\u00c9crit par\" \/>\n\t<meta name=\"twitter:data1\" content=\"oliviere\" \/>\n\t<meta name=\"twitter:label2\" content=\"Dur\u00e9e de lecture estim\u00e9e\" \/>\n\t<meta name=\"twitter:data2\" content=\"1 minute\" \/>\n<script type=\"application\/ld+json\" class=\"yoast-schema-graph\">{\"@context\":\"https:\\\/\\\/schema.org\",\"@graph\":[{\"@type\":\"Article\",\"@id\":\"https:\\\/\\\/fr.motocrossmag.be\\\/index.php\\\/2022\\\/06\\\/le-motocross-de-retour-a-cassel-ce-lundi-6-juin\\\/#article\",\"isPartOf\":{\"@id\":\"https:\\\/\\\/fr.motocrossmag.be\\\/index.php\\\/2022\\\/06\\\/le-motocross-de-retour-a-cassel-ce-lundi-6-juin\\\/\"},\"author\":{\"name\":\"oliviere\",\"@id\":\"https:\\\/\\\/fr.motocrossmag.be\\\/#\\\/schema\\\/person\\\/11b47143d9f755babca2c9110e03235c\"},\"headline\":\"Le motocross de retour \u00e0 Cassel ce lundi 6 juin\",\"datePublished\":\"2022-06-04T09:52:50+00:00\",\"mainEntityOfPage\":{\"@id\":\"https:\\\/\\\/fr.motocrossmag.be\\\/index.php\\\/2022\\\/06\\\/le-motocross-de-retour-a-cassel-ce-lundi-6-juin\\\/\"},\"wordCount\":149,\"commentCount\":0,\"image\":{\"@id\":\"https:\\\/\\\/fr.motocrossmag.be\\\/index.php\\\/2022\\\/06\\\/le-motocross-de-retour-a-cassel-ce-lundi-6-juin\\\/#primaryimage\"},\"thumbnailUrl\":\"https:\\\/\\\/fr.motocrossmag.be\\\/wp-content\\\/uploads\\\/2016\\\/05\\\/cassel_track_public.jpg\",\"keywords\":[\"cassel\",\"cyril genot\",\"daymond martens\",\"Milko Potisek\",\"Motocross\"],\"articleSection\":[\"Actualit\u00e9\",\"Calendriers\",\"Motocross\",\"News\",\"News\",\"Slideshow\"],\"inLanguage\":\"fr-FR\",\"potentialAction\":[{\"@type\":\"CommentAction\",\"name\":\"Comment\",\"target\":[\"https:\\\/\\\/fr.motocrossmag.be\\\/index.php\\\/2022\\\/06\\\/le-motocross-de-retour-a-cassel-ce-lundi-6-juin\\\/#respond\"]}]},{\"@type\":\"WebPage\",\"@id\":\"https:\\\/\\\/fr.motocrossmag.be\\\/index.php\\\/2022\\\/06\\\/le-motocross-de-retour-a-cassel-ce-lundi-6-juin\\\/\",\"url\":\"https:\\\/\\\/fr.motocrossmag.be\\\/index.php\\\/2022\\\/06\\\/le-motocross-de-retour-a-cassel-ce-lundi-6-juin\\\/\",\"name\":\"Le motocross de retour \u00e0 Cassel ce lundi 6 juin - Motocross - Enduro - Supermoto | MotocrossMag\",\"isPartOf\":{\"@id\":\"https:\\\/\\\/fr.motocrossmag.be\\\/#website\"},\"primaryImageOfPage\":{\"@id\":\"https:\\\/\\\/fr.motocrossmag.be\\\/index.php\\\/2022\\\/06\\\/le-motocross-de-retour-a-cassel-ce-lundi-6-juin\\\/#primaryimage\"},\"image\":{\"@id\":\"https:\\\/\\\/fr.motocrossmag.be\\\/index.php\\\/2022\\\/06\\\/le-motocross-de-retour-a-cassel-ce-lundi-6-juin\\\/#primaryimage\"},\"thumbnailUrl\":\"https:\\\/\\\/fr.motocrossmag.be\\\/wp-content\\\/uploads\\\/2016\\\/05\\\/cassel_track_public.jpg\",\"datePublished\":\"2022-06-04T09:52:50+00:00\",\"author\":{\"@id\":\"https:\\\/\\\/fr.motocrossmag.be\\\/#\\\/schema\\\/person\\\/11b47143d9f755babca2c9110e03235c\"},\"breadcrumb\":{\"@id\":\"https:\\\/\\\/fr.motocrossmag.be\\\/index.php\\\/2022\\\/06\\\/le-motocross-de-retour-a-cassel-ce-lundi-6-juin\\\/#breadcrumb\"},\"inLanguage\":\"fr-FR\",\"potentialAction\":[{\"@type\":\"ReadAction\",\"target\":[\"https:\\\/\\\/fr.motocrossmag.be\\\/index.php\\\/2022\\\/06\\\/le-motocross-de-retour-a-cassel-ce-lundi-6-juin\\\/\"]}]},{\"@type\":\"ImageObject\",\"inLanguage\":\"fr-FR\",\"@id\":\"https:\\\/\\\/fr.motocrossmag.be\\\/index.php\\\/2022\\\/06\\\/le-motocross-de-retour-a-cassel-ce-lundi-6-juin\\\/#primaryimage\",\"url\":\"https:\\\/\\\/fr.motocrossmag.be\\\/wp-content\\\/uploads\\\/2016\\\/05\\\/cassel_track_public.jpg\",\"contentUrl\":\"https:\\\/\\\/fr.motocrossmag.be\\\/wp-content\\\/uploads\\\/2016\\\/05\\\/cassel_track_public.jpg\",\"width\":900,\"height\":598},{\"@type\":\"BreadcrumbList\",\"@id\":\"https:\\\/\\\/fr.motocrossmag.be\\\/index.php\\\/2022\\\/06\\\/le-motocross-de-retour-a-cassel-ce-lundi-6-juin\\\/#breadcrumb\",\"itemListElement\":[{\"@type\":\"ListItem\",\"position\":1,\"name\":\"Accueil\",\"item\":\"https:\\\/\\\/fr.motocrossmag.be\\\/\"},{\"@type\":\"ListItem\",\"position\":2,\"name\":\"Le motocross de retour \u00e0 Cassel ce lundi 6 juin\"}]},{\"@type\":\"WebSite\",\"@id\":\"https:\\\/\\\/fr.motocrossmag.be\\\/#website\",\"url\":\"https:\\\/\\\/fr.motocrossmag.be\\\/\",\"name\":\"Motocross - Enduro - Supermoto | MotocrossMag\",\"description\":\"L&#039;actualit\u00e9 du motocross, de l&#039;enduro et du Supermoto en ligne!\",\"potentialAction\":[{\"@type\":\"SearchAction\",\"target\":{\"@type\":\"EntryPoint\",\"urlTemplate\":\"https:\\\/\\\/fr.motocrossmag.be\\\/?s={search_term_string}\"},\"query-input\":{\"@type\":\"PropertyValueSpecification\",\"valueRequired\":true,\"valueName\":\"search_term_string\"}}],\"inLanguage\":\"fr-FR\"},{\"@type\":\"Person\",\"@id\":\"https:\\\/\\\/fr.motocrossmag.be\\\/#\\\/schema\\\/person\\\/11b47143d9f755babca2c9110e03235c\",\"name\":\"oliviere\",\"image\":{\"@type\":\"ImageObject\",\"inLanguage\":\"fr-FR\",\"@id\":\"https:\\\/\\\/secure.gravatar.com\\\/avatar\\\/907069e0b81d119452040469e4a7501da1100f54f7f80180ce77bfab718288f6?s=96&d=mm&r=g\",\"url\":\"https:\\\/\\\/secure.gravatar.com\\\/avatar\\\/907069e0b81d119452040469e4a7501da1100f54f7f80180ce77bfab718288f6?s=96&d=mm&r=g\",\"contentUrl\":\"https:\\\/\\\/secure.gravatar.com\\\/avatar\\\/907069e0b81d119452040469e4a7501da1100f54f7f80180ce77bfab718288f6?s=96&d=mm&r=g\",\"caption\":\"oliviere\"},\"sameAs\":[\"http:\\\/\\\/www.motocrossmag.be\"],\"url\":\"https:\\\/\\\/fr.motocrossmag.be\\\/index.php\\\/author\\\/oliviere\\\/\"}]}<\/script>\n<!-- \/ Yoast SEO plugin. -->","yoast_head_json":{"title":"Le motocross de retour \u00e0 Cassel ce lundi 6 juin - Motocross - Enduro - Supermoto | MotocrossMag","robots":{"index":"index","follow":"follow","max-snippet":"max-snippet:-1","max-image-preview":"max-image-preview:large","max-video-preview":"max-video-preview:-1"},"canonical":"https:\/\/fr.motocrossmag.be\/index.php\/2022\/06\/le-motocross-de-retour-a-cassel-ce-lundi-6-juin\/","og_locale":"fr_FR","og_type":"article","og_title":"Le motocross de retour \u00e0 Cassel ce lundi 6 juin - Motocross - Enduro - Supermoto | MotocrossMag","og_description":"Ce lundi de Pentec\u00f4te, le motocross fera son retour sur la piste de Cassel avec le c\u00e9l\u00e8bre \u00ab\u00a0Troph\u00e9e Timotei Potisek\u00a0\u00bb. Une fois de plus, les organisateurs pourront compter sur la [...]","og_url":"https:\/\/fr.motocrossmag.be\/index.php\/2022\/06\/le-motocross-de-retour-a-cassel-ce-lundi-6-juin\/","og_site_name":"Motocross - Enduro - Supermoto | MotocrossMag","article_published_time":"2022-06-04T09:52:50+00:00","og_image":[{"width":900,"height":598,"url":"https:\/\/fr.motocrossmag.be\/wp-content\/uploads\/2016\/05\/cassel_track_public.jpg","type":"image\/jpeg"}],"author":"oliviere","twitter_card":"summary_large_image","twitter_misc":{"\u00c9crit par":"oliviere","Dur\u00e9e de lecture estim\u00e9e":"1 minute"},"schema":{"@context":"https:\/\/schema.org","@graph":[{"@type":"Article","@id":"https:\/\/fr.motocrossmag.be\/index.php\/2022\/06\/le-motocross-de-retour-a-cassel-ce-lundi-6-juin\/#article","isPartOf":{"@id":"https:\/\/fr.motocrossmag.be\/index.php\/2022\/06\/le-motocross-de-retour-a-cassel-ce-lundi-6-juin\/"},"author":{"name":"oliviere","@id":"https:\/\/fr.motocrossmag.be\/#\/schema\/person\/11b47143d9f755babca2c9110e03235c"},"headline":"Le motocross de retour \u00e0 Cassel ce lundi 6 juin","datePublished":"2022-06-04T09:52:50+00:00","mainEntityOfPage":{"@id":"https:\/\/fr.motocrossmag.be\/index.php\/2022\/06\/le-motocross-de-retour-a-cassel-ce-lundi-6-juin\/"},"wordCount":149,"commentCount":0,"image":{"@id":"https:\/\/fr.motocrossmag.be\/index.php\/2022\/06\/le-motocross-de-retour-a-cassel-ce-lundi-6-juin\/#primaryimage"},"thumbnailUrl":"https:\/\/fr.motocrossmag.be\/wp-content\/uploads\/2016\/05\/cassel_track_public.jpg","keywords":["cassel","cyril genot","daymond martens","Milko Potisek","Motocross"],"articleSection":["Actualit\u00e9","Calendriers","Motocross","News","News","Slideshow"],"inLanguage":"fr-FR","potentialAction":[{"@type":"CommentAction","name":"Comment","target":["https:\/\/fr.motocrossmag.be\/index.php\/2022\/06\/le-motocross-de-retour-a-cassel-ce-lundi-6-juin\/#respond"]}]},{"@type":"WebPage","@id":"https:\/\/fr.motocrossmag.be\/index.php\/2022\/06\/le-motocross-de-retour-a-cassel-ce-lundi-6-juin\/","url":"https:\/\/fr.motocrossmag.be\/index.php\/2022\/06\/le-motocross-de-retour-a-cassel-ce-lundi-6-juin\/","name":"Le motocross de retour \u00e0 Cassel ce lundi 6 juin - Motocross - Enduro - Supermoto | MotocrossMag","isPartOf":{"@id":"https:\/\/fr.motocrossmag.be\/#website"},"primaryImageOfPage":{"@id":"https:\/\/fr.motocrossmag.be\/index.php\/2022\/06\/le-motocross-de-retour-a-cassel-ce-lundi-6-juin\/#primaryimage"},"image":{"@id":"https:\/\/fr.motocrossmag.be\/index.php\/2022\/06\/le-motocross-de-retour-a-cassel-ce-lundi-6-juin\/#primaryimage"},"thumbnailUrl":"https:\/\/fr.motocrossmag.be\/wp-content\/uploads\/2016\/05\/cassel_track_public.jpg","datePublished":"2022-06-04T09:52:50+00:00","author":{"@id":"https:\/\/fr.motocrossmag.be\/#\/schema\/person\/11b47143d9f755babca2c9110e03235c"},"breadcrumb":{"@id":"https:\/\/fr.motocrossmag.be\/index.php\/2022\/06\/le-motocross-de-retour-a-cassel-ce-lundi-6-juin\/#breadcrumb"},"inLanguage":"fr-FR","potentialAction":[{"@type":"ReadAction","target":["https:\/\/fr.motocrossmag.be\/index.php\/2022\/06\/le-motocross-de-retour-a-cassel-ce-lundi-6-juin\/"]}]},{"@type":"ImageObject","inLanguage":"fr-FR","@id":"https:\/\/fr.motocrossmag.be\/index.php\/2022\/06\/le-motocross-de-retour-a-cassel-ce-lundi-6-juin\/#primaryimage","url":"https:\/\/fr.motocrossmag.be\/wp-content\/uploads\/2016\/05\/cassel_track_public.jpg","contentUrl":"https:\/\/fr.motocrossmag.be\/wp-content\/uploads\/2016\/05\/cassel_track_public.jpg","width":900,"height":598},{"@type":"BreadcrumbList","@id":"https:\/\/fr.motocrossmag.be\/index.php\/2022\/06\/le-motocross-de-retour-a-cassel-ce-lundi-6-juin\/#breadcrumb","itemListElement":[{"@type":"ListItem","position":1,"name":"Accueil","item":"https:\/\/fr.motocrossmag.be\/"},{"@type":"ListItem","position":2,"name":"Le motocross de retour \u00e0 Cassel ce lundi 6 juin"}]},{"@type":"WebSite","@id":"https:\/\/fr.motocrossmag.be\/#website","url":"https:\/\/fr.motocrossmag.be\/","name":"Motocross - Enduro - Supermoto | MotocrossMag","description":"L&#039;actualit\u00e9 du motocross, de l&#039;enduro et du Supermoto en ligne!","potentialAction":[{"@type":"SearchAction","target":{"@type":"EntryPoint","urlTemplate":"https:\/\/fr.motocrossmag.be\/?s={search_term_string}"},"query-input":{"@type":"PropertyValueSpecification","valueRequired":true,"valueName":"search_term_string"}}],"inLanguage":"fr-FR"},{"@type":"Person","@id":"https:\/\/fr.motocrossmag.be\/#\/schema\/person\/11b47143d9f755babca2c9110e03235c","name":"oliviere","image":{"@type":"ImageObject","inLanguage":"fr-FR","@id":"https:\/\/secure.gravatar.com\/avatar\/907069e0b81d119452040469e4a7501da1100f54f7f80180ce77bfab718288f6?s=96&d=mm&r=g","url":"https:\/\/secure.gravatar.com\/avatar\/907069e0b81d119452040469e4a7501da1100f54f7f80180ce77bfab718288f6?s=96&d=mm&r=g","contentUrl":"https:\/\/secure.gravatar.com\/avatar\/907069e0b81d119452040469e4a7501da1100f54f7f80180ce77bfab718288f6?s=96&d=mm&r=g","caption":"oliviere"},"sameAs":["http:\/\/www.motocrossmag.be"],"url":"https:\/\/fr.motocrossmag.be\/index.php\/author\/oliviere\/"}]}},"_links":{"self":[{"href":"https:\/\/fr.motocrossmag.be\/index.php\/wp-json\/wp\/v2\/posts\/117971","targetHints":{"allow":["GET"]}}],"collection":[{"href":"https:\/\/fr.motocrossmag.be\/index.php\/wp-json\/wp\/v2\/posts"}],"about":[{"href":"https:\/\/fr.motocrossmag.be\/index.php\/wp-json\/wp\/v2\/types\/post"}],"author":[{"embeddable":true,"href":"https:\/\/fr.motocrossmag.be\/index.php\/wp-json\/wp\/v2\/users\/932"}],"replies":[{"embeddable":true,"href":"https:\/\/fr.motocrossmag.be\/index.php\/wp-json\/wp\/v2\/comments?post=117971"}],"version-history":[{"count":0,"href":"https:\/\/fr.motocrossmag.be\/index.php\/wp-json\/wp\/v2\/posts\/117971\/revisions"}],"wp:featuredmedia":[{"embeddable":true,"href":"https:\/\/fr.motocrossmag.be\/index.php\/wp-json\/wp\/v2\/media\/46611"}],"wp:attachment":[{"href":"https:\/\/fr.motocrossmag.be\/index.php\/wp-json\/wp\/v2\/media?parent=117971"}],"wp:term":[{"taxonomy":"category","embeddable":true,"href":"https:\/\/fr.motocrossmag.be\/index.php\/wp-json\/wp\/v2\/categories?post=117971"},{"taxonomy":"post_tag","embeddable":true,"href":"https:\/\/fr.motocrossmag.be\/index.php\/wp-json\/wp\/v2\/tags?post=117971"}],"curies":[{"name":"wp","href":"https:\/\/api.w.org\/{rel}","templated":true}]}}