{"id":118027,"date":"2022-06-06T23:58:34","date_gmt":"2022-06-06T21:58:34","guid":{"rendered":"http:\/\/fr.motocrossmag.be\/?p=118027"},"modified":"2022-06-06T23:58:34","modified_gmt":"2022-06-06T21:58:34","slug":"emx125-cas-valk-le-plus-fort-dans-la-boue-dernee","status":"publish","type":"post","link":"https:\/\/fr.motocrossmag.be\/index.php\/2022\/06\/emx125-cas-valk-le-plus-fort-dans-la-boue-dernee\/","title":{"rendered":"EMX125 : Cas Valk le plus fort dans la boue d&rsquo;Ern\u00e9e"},"content":{"rendered":"<p><strong>Cas Valk s&rsquo;est impos\u00e9 ce week-end dans la boue d&rsquo;Ern\u00e9e, o\u00f9 se disputait le 5\u00e8me round du championnat d&rsquo;Europe EMX125.<\/strong><\/p>\n<p>Le N\u00e9erlandais a remport\u00e9 haut la main la premi\u00e8re manche le samedi avant de s&rsquo;incliner face au Letton Karlis Alberts Reisulis le lendemain.Valk remporte le classement g\u00e9n\u00e9ral du GP et prend deux points de plus \u00e0 son dauphin au classement provisoire du championnat. Le Fran\u00e7ais Alexis Fueri (2+4) compl\u00e8te le podium du jour.<\/p>\n<p>Le vainqueur du week-end pr\u00e9c\u00e9dent Ivano Van Erp (4+3) termine cette fois au pied du podium alors que le Fran\u00e7ais Mathis Valin (5+9) referme le top-5.<\/p>\n<p><strong><span style=\"color: #800000;\">R\u00e9sultats<\/span><\/strong><\/p>\n<p>MANCHE 1<\/p>\n<p>1. Cas Valk (NED, Fantic), 32:46.929;\u00a02. Alexis Fueri (FRA, Fantic), +0:27.086; 3. Karlis Alberts Reisulis (LAT, Yamaha), +0:51.347;\u00a04. Ivano Van Erp (NED, Yamaha), +1:36.145;\u00a05. Mathis Valin (FRA, GASGAS), +1:44.750; 6. Toni Giorgessi (FRA, GASGAS), +1:53.099; 7. Julius Mikula (CZE, KTM), +2:06.075; 8. Janis Martins Reisulis (LAT, KTM), +2:14.492; 9. Joe Brookes (GBR, KTM), +2:17.233; 10. Edgar Canet (ESP, GASGAS), +2:44.371; 11. Adrien Petit (FRA, Yamaha), +2:52.382; 12. Elias Escandell (ESP, GASGAS), -1 lap(s); 13. Mathis Barthez (FRA, Yamaha), -1 lap(s); 14. Marc-Antoine Rossi (FRA, KTM), -1 lap(s); 15. Unai Aguilo Azorin (ESP, Fantic), -1 lap(s); 16. Brando Rispoli (ITA, Husqvarna), -1 lap(s); 17. Arnaud Colson (FRA, GASGAS), -1 lap(s); 18. Simone Mancini (ITA, KTM), -1 lap(s); 19. Jaka Peklaj (SLO, Husqvarna), -1 lap(s); 20. Alessandro Gaspari (ITA, Husqvarna), -1 lap(s); 21. Uldis Freibergs (LAT, Husqvarna), -1 lap(s); 22. Tom Brunet (FRA, KTM), -1 lap(s); 23. Adrian Bolviken (NOR, Yamaha), -1 lap(s); 24. Noah Vampa (FRA, Yamaha), -1 lap(s); 25. Nico Stenberg (FIN, KTM), -2 lap(s); 26. Giovanni Meneghello (ITA, GASGAS), -2 lap(s); 27. Antonio Gallego (ESP, GASGAS), -2 lap(s); 28. Pierrick Castan (FRA, KTM), -2 lap(s); 29. Liam Owens (AUS, Husqvarna), -2 lap(s); 30. Marco Alonso (ESP, GASGAS), -2 lap(s); 31. August Frisk (SWE, KTM), -2 lap(s); 32. Vitezslav Marek (CZE, KTM), -4 lap(s); 33. Maximilian Ernecker (AUT, Husqvarna), -5 lap(s); 34. Mattia Barbieri (ITA, GASGAS), -5 lap(s); 35. Mauro Osinalde Mayrata (ESP, KTM), -7 lap(s); 36. Carlos Salvador (ESP, GASGAS), -7 lap(s); 37. Holiver Brizio (ITA, Husqvarna), -9 lap(s); 38. Matteo Luigi Russi (ITA, KTM), -10 lap(s); 39. Ollie Colmer (GBR, KTM), -10 lap(s); 40. Mads Fredsoe (DEN, KTM), -12 lap(s);<\/p>\n<p>MANCHE 2<\/p>\n<p>1. Karlis Alberts Reisulis (LAT, Yamaha), 31:42.799;\u00a02. Cas Valk (NED, Fantic), +0:02.980; 3. Ivano Van Erp (NED, Yamaha), +0:42.235;\u00a04. Alexis Fueri (FRA, Fantic), +0:52.292; 5. Marc-Antoine Rossi (FRA, KTM), +1:07.835; 6. Tom Brunet (FRA, KTM), +1:17.377; 7. Janis Martins Reisulis (LAT, KTM), +1:23.539; 8. Julius Mikula (CZE, KTM), +1:36.943; 9. Mathis Valin (FRA, GASGAS), +1:52.843; 10. Mads Fredsoe (DEN, KTM), +2:07.228; 11. Maximilian Ernecker (AUT, Husqvarna), -1 lap(s); 12. Ollie Colmer (GBR, KTM), -1 lap(s); 13. Alessandro Gaspari (ITA, Husqvarna), -1 lap(s); 14. Adrian Bolviken (NOR, Yamaha), -1 lap(s); 15. Adrien Petit (FRA, Yamaha), -1 lap(s); 16. August Frisk (SWE, KTM), -1 lap(s); 17. Nico Stenberg (FIN, KTM), -1 lap(s); 18. Elias Escandell (ESP, GASGAS), -1 lap(s); 19. Noah Vampa (FRA, Yamaha), -1 lap(s); 20. Brando Rispoli (ITA, Husqvarna), -1 lap(s); 21. Mathis Barthez (FRA, Yamaha), -1 lap(s); 22. Mattia Barbieri (ITA, GASGAS), -1 lap(s); 23. Jaka Peklaj (SLO, Husqvarna), -1 lap(s); 24. Vitezslav Marek (CZE, KTM), -1 lap(s); 25. Edgar Canet (ESP, GASGAS), -1 lap(s); 26. Giovanni Meneghello (ITA, GASGAS), -1 lap(s); 27. Mauro Osinalde Mayrata (ESP, KTM), -1 lap(s); 28. Unai Aguilo Azorin (ESP, Fantic), -1 lap(s); 29. Liam Owens (AUS, Husqvarna), -2 lap(s); 30. Holiver Brizio (ITA, Husqvarna), -2 lap(s); 31. Pierrick Castan (FRA, KTM), -2 lap(s); 32. Marco Alonso (ESP, GASGAS), -3 lap(s); 33. Simone Mancini (ITA, KTM), -5 lap(s); 34. Matteo Luigi Russi (ITA, KTM), -6 lap(s); 35. Arnaud Colson (FRA, GASGAS), -7 lap(s); 36. Carlos Salvador (ESP, GASGAS), -11 lap(s); 37. Toni Giorgessi (FRA, GASGAS), -13 lap(s); 38. Joe Brookes (GBR, KTM), -13 lap(s); 39. Antonio Gallego (ESP, GASGAS), -13 lap(s); 40. Uldis Freibergs (LAT, Husqvarna), -13 lap(s);<\/p>\n<p>CLASSEMENT GENERAL EMX125<\/p>\n<p>1. Cas Valk (NED, FAN), 47 points;\u00a02. Karlis Alberts Reisulis (LAT, YAM), 45 p.; 3. Alexis Fueri (FRA, FAN), 40 p.; 4. Ivano Van Erp (NED, YAM), 38 p.; 5. Mathis Valin (FRA, GAS), 28 p.; 6. Janis Martins Reisulis (LAT, KTM), 27 p.; 7. Julius Mikula (CZE, KTM), 27 p.; 8. Marc-Antoine Rossi (FRA, KTM), 23 p.; 9. Adrien Petit (FRA, YAM), 16 p.; 10. Tom Brunet (FRA, KTM), 15 p.; 11. Toni Giorgessi (FRA, GAS), 15 p.; 12. Elias Escandell (ESP, GAS), 12 p.; 13. Joe Brookes (GBR, KTM), 12 p.; 14. Mads Fredsoe (DEN, KTM), 11 p.; 15. Edgar Canet (ESP, GAS), 11 p.; 16. Maximilian Ernecker (AUT, HUS), 10 p.; 17. Ollie Colmer (GBR, KTM), 9 p.; 18. Alessandro Gaspari (ITA, HUS), 9 p.; 19. Mathis Barthez (FRA, YAM), 8 p.; 20. Adrian Bolviken (NOR, YAM), 7 p.; 21. Brando Rispoli (ITA, HUS), 6 p.; 22. Unai Aguilo Azorin (ESP, FAN), 6 p.; 23. August Frisk (SWE, KTM), 5 p.; 24. Nico Stenberg (FIN, KTM), 4 p.; 25. Arnaud Colson (FRA, GAS), 4 p.; 26. Simone Mancini (ITA, KTM), 3 p.; 27. Noah Vampa (FRA, YAM), 2 p.; 28. Jaka Peklaj (SLO, HUS), 2 p.; 29. Mattia Barbieri (ITA, GAS), 0 p.; 30. Vitezslav Marek (CZE, KTM), 0 p.; 31. Giovanni Meneghello (ITA, GAS), 0 p.; 32. Mauro Osinalde Mayrata (ESP, KTM), 0 p.; 33. Liam Owens (AUS, HUS), 0 p.; 34. Holiver Brizio (ITA, HUS), 0 p.; 35. Pierrick Castan (FRA, KTM), 0 p.; 36. Marco Alonso (ESP, GAS), 0 p.; 37. Matteo Luigi Russi (ITA, KTM), 0 p.; 38. Carlos Salvador (ESP, GAS), 0 p.; 39. Antonio Gallego (ESP, GAS), 0 p.; 40. Uldis Freibergs (LAT, HUS), 0 p.;<\/p>\n<p>CLASSEMENT PROVISOIRE EMX125<\/p>\n<p>1. Cas Valk (NED, FAN), 212 points;\u00a02. Karlis Alberts Reisulis (LAT, YAM), 180 p.; 3. Alexis Fueri (FRA, FAN), 178 p.;\u00a04. Ivano Van Erp (NED, YAM), 158 p.;\u00a05. Janis Martins Reisulis (LAT, KTM), 148 p.; 6. Marc-Antoine Rossi (FRA, KTM), 121 p.; 7. Julius Mikula (CZE, KTM), 108 p.; 8. Elias Escandell (ESP, GAS), 97 p.; 9. Mathis Valin (FRA, GAS), 78 p.; 10. Matteo Luigi Russi (ITA, KTM), 77 p.; 11. Ferruccio Zanchi (ITA, YAM), 76 p.; 12. Adrien Petit (FRA, YAM), 74 p.; 13. Francisco Garcia (ESP, HUS), 67 p.; 14. Vitezslav Marek (CZE, KTM), 59 p.; 15. Arnaud Colson (FRA, GAS), 40 p.; 16. Toni Giorgessi (FRA, GAS), 34 p.; 17. Maximilian Ernecker (AUT, HUS), 30 p.; 18. Antonio Gallego (ESP, GAS), 29 p.; 19. Ollie Colmer (GBR, KTM), 29 p.; 20. Charlie Heyman (GBR, KTM), 25 p.; 21. Tom Brunet (FRA, KTM), 24 p.; 22. Mads Fredsoe (DEN, KTM), 24 p.; 23. Laban Alm (SWE, HUS), 23 p.; 24. Maximilian Werner (GER, KTM), 23 p.; 25. Nico Stenberg (FIN, KTM), 22 p.; 26. Edgar Canet (ESP, GAS), 21 p.; 27. Nicolai Skovbjerg (DEN, YAM), 21 p.; 28. Joe Brookes (GBR, KTM), 20 p.; 29. Brando Rispoli (ITA, HUS), 18 p.; 30. Uldis Freibergs (LAT, HUS), 17 p.; 31. Jaka Peklaj (SLO, HUS), 17 p.; 32. Mattia Barbieri (ITA, GAS), 15 p.; 33. Ben Mustoe (GBR, KTM), 15 p.; 34. Unai Aguilo Azorin (ESP, FAN), 14 p.; 35. Alessandro Gaspari (ITA, HUS), 12 p.; 36. August Frisk (SWE, KTM), 11 p.; 37. Wal Beaney (GBR, KTM), 10 p.; 38. Maurizio Scollo (ITA, YAM), 9 p.; 39. Mathis Barthez (FRA, YAM), 8 p.; 40. Kasimir Hindersson (FIN, KTM), 8 p.; 41. Nicola Salvini (ITA, YAM), 8 p.; 42. Reece Jones (GBR, KTM), 7 p.; 43. Adrian Bolviken (NOR, YAM), 7 p.; 44. Simone Mancini (ITA, KTM), 7 p.; 45. Tomass Saicans (LAT, KTM), 7 p.; 46. Tyla Hooley (GBR, GAS), 5 p.; 47. Patrick Busatto (ITA, GAS), 4 p.; 48. Saku Mansikkam\u00e4ki (FIN, HUS), 4 p.; 49. Noah Vampa (FRA, YAM), 2 p.; 50. Mauro Osinalde Mayrata (ESP, KTM), 2 p.; 51. Ofir Casey Tzemach (ISR, KTM), 2 p.;\u00a052. Lotte Van Drunen (NED, KTM), 1 p.;\u00a053. James Barker (GBR, KTM), 1 p.; 54. Holiver Brizio (ITA, HUS), 1 p.;<\/p>\n","protected":false},"excerpt":{"rendered":"<p>Cas Valk s&rsquo;est impos\u00e9 ce week-end dans la boue d&rsquo;Ern\u00e9e, o\u00f9 se disputait le 5\u00e8me round du championnat d&rsquo;Europe EMX125. Le N\u00e9erlandais a remport\u00e9 haut la main la premi\u00e8re manche [&#8230;]<\/p>\n","protected":false},"author":932,"featured_media":118028,"comment_status":"open","ping_status":"closed","sticky":false,"template":"","format":"standard","meta":{"footnotes":""},"categories":[54,128,4,5,55,56,65],"tags":[559,1913,947],"class_list":["post-118027","post","type-post","status-publish","format-standard","has-post-thumbnail","hentry","category-actualite","category-emx-125-emx2","category-motocross","category-news","category-news-actualite","category-resultats","category-slideshow","tag-ernee","tag-ivano-van-erp","tag-motocross"],"yoast_head":"<!-- This site is optimized with the Yoast SEO plugin v27.4 - https:\/\/yoast.com\/product\/yoast-seo-wordpress\/ -->\n<title>EMX125 : Cas Valk le plus fort dans la boue d&#039;Ern\u00e9e - Motocross - Enduro - Supermoto | MotocrossMag<\/title>\n<meta name=\"robots\" content=\"index, follow, max-snippet:-1, max-image-preview:large, max-video-preview:-1\" \/>\n<link rel=\"canonical\" href=\"https:\/\/fr.motocrossmag.be\/index.php\/2022\/06\/emx125-cas-valk-le-plus-fort-dans-la-boue-dernee\/\" \/>\n<meta property=\"og:locale\" content=\"fr_FR\" \/>\n<meta property=\"og:type\" content=\"article\" \/>\n<meta property=\"og:title\" content=\"EMX125 : Cas Valk le plus fort dans la boue d&#039;Ern\u00e9e - Motocross - Enduro - Supermoto | MotocrossMag\" \/>\n<meta property=\"og:description\" content=\"Cas Valk s&rsquo;est impos\u00e9 ce week-end dans la boue d&rsquo;Ern\u00e9e, o\u00f9 se disputait le 5\u00e8me round du championnat d&rsquo;Europe EMX125. Le N\u00e9erlandais a remport\u00e9 haut la main la premi\u00e8re manche [...]\" \/>\n<meta property=\"og:url\" content=\"https:\/\/fr.motocrossmag.be\/index.php\/2022\/06\/emx125-cas-valk-le-plus-fort-dans-la-boue-dernee\/\" \/>\n<meta property=\"og:site_name\" content=\"Motocross - Enduro - Supermoto | MotocrossMag\" \/>\n<meta property=\"article:published_time\" content=\"2022-06-06T21:58:34+00:00\" \/>\n<meta property=\"og:image\" content=\"https:\/\/fr.motocrossmag.be\/wp-content\/uploads\/2022\/06\/unnamed55.jpg\" \/>\n\t<meta property=\"og:image:width\" content=\"1000\" \/>\n\t<meta property=\"og:image:height\" content=\"666\" \/>\n\t<meta property=\"og:image:type\" content=\"image\/jpeg\" \/>\n<meta name=\"author\" content=\"oliviere\" \/>\n<meta name=\"twitter:card\" content=\"summary_large_image\" \/>\n<meta name=\"twitter:label1\" content=\"\u00c9crit par\" \/>\n\t<meta name=\"twitter:data1\" content=\"oliviere\" \/>\n\t<meta name=\"twitter:label2\" content=\"Dur\u00e9e de lecture estim\u00e9e\" \/>\n\t<meta name=\"twitter:data2\" content=\"6 minutes\" \/>\n<script type=\"application\/ld+json\" class=\"yoast-schema-graph\">{\"@context\":\"https:\\\/\\\/schema.org\",\"@graph\":[{\"@type\":\"Article\",\"@id\":\"https:\\\/\\\/fr.motocrossmag.be\\\/index.php\\\/2022\\\/06\\\/emx125-cas-valk-le-plus-fort-dans-la-boue-dernee\\\/#article\",\"isPartOf\":{\"@id\":\"https:\\\/\\\/fr.motocrossmag.be\\\/index.php\\\/2022\\\/06\\\/emx125-cas-valk-le-plus-fort-dans-la-boue-dernee\\\/\"},\"author\":{\"name\":\"oliviere\",\"@id\":\"https:\\\/\\\/fr.motocrossmag.be\\\/#\\\/schema\\\/person\\\/11b47143d9f755babca2c9110e03235c\"},\"headline\":\"EMX125 : Cas Valk le plus fort dans la boue d&rsquo;Ern\u00e9e\",\"datePublished\":\"2022-06-06T21:58:34+00:00\",\"mainEntityOfPage\":{\"@id\":\"https:\\\/\\\/fr.motocrossmag.be\\\/index.php\\\/2022\\\/06\\\/emx125-cas-valk-le-plus-fort-dans-la-boue-dernee\\\/\"},\"wordCount\":1126,\"commentCount\":0,\"image\":{\"@id\":\"https:\\\/\\\/fr.motocrossmag.be\\\/index.php\\\/2022\\\/06\\\/emx125-cas-valk-le-plus-fort-dans-la-boue-dernee\\\/#primaryimage\"},\"thumbnailUrl\":\"https:\\\/\\\/fr.motocrossmag.be\\\/wp-content\\\/uploads\\\/2022\\\/06\\\/unnamed55.jpg\",\"keywords\":[\"ernee\",\"ivano van erp\",\"Motocross\"],\"articleSection\":[\"Actualit\u00e9\",\"EMX\",\"Motocross\",\"News\",\"News\",\"R\u00e9sultats\",\"Slideshow\"],\"inLanguage\":\"fr-FR\",\"potentialAction\":[{\"@type\":\"CommentAction\",\"name\":\"Comment\",\"target\":[\"https:\\\/\\\/fr.motocrossmag.be\\\/index.php\\\/2022\\\/06\\\/emx125-cas-valk-le-plus-fort-dans-la-boue-dernee\\\/#respond\"]}]},{\"@type\":\"WebPage\",\"@id\":\"https:\\\/\\\/fr.motocrossmag.be\\\/index.php\\\/2022\\\/06\\\/emx125-cas-valk-le-plus-fort-dans-la-boue-dernee\\\/\",\"url\":\"https:\\\/\\\/fr.motocrossmag.be\\\/index.php\\\/2022\\\/06\\\/emx125-cas-valk-le-plus-fort-dans-la-boue-dernee\\\/\",\"name\":\"EMX125 : Cas Valk le plus fort dans la boue d'Ern\u00e9e - Motocross - Enduro - Supermoto | MotocrossMag\",\"isPartOf\":{\"@id\":\"https:\\\/\\\/fr.motocrossmag.be\\\/#website\"},\"primaryImageOfPage\":{\"@id\":\"https:\\\/\\\/fr.motocrossmag.be\\\/index.php\\\/2022\\\/06\\\/emx125-cas-valk-le-plus-fort-dans-la-boue-dernee\\\/#primaryimage\"},\"image\":{\"@id\":\"https:\\\/\\\/fr.motocrossmag.be\\\/index.php\\\/2022\\\/06\\\/emx125-cas-valk-le-plus-fort-dans-la-boue-dernee\\\/#primaryimage\"},\"thumbnailUrl\":\"https:\\\/\\\/fr.motocrossmag.be\\\/wp-content\\\/uploads\\\/2022\\\/06\\\/unnamed55.jpg\",\"datePublished\":\"2022-06-06T21:58:34+00:00\",\"author\":{\"@id\":\"https:\\\/\\\/fr.motocrossmag.be\\\/#\\\/schema\\\/person\\\/11b47143d9f755babca2c9110e03235c\"},\"breadcrumb\":{\"@id\":\"https:\\\/\\\/fr.motocrossmag.be\\\/index.php\\\/2022\\\/06\\\/emx125-cas-valk-le-plus-fort-dans-la-boue-dernee\\\/#breadcrumb\"},\"inLanguage\":\"fr-FR\",\"potentialAction\":[{\"@type\":\"ReadAction\",\"target\":[\"https:\\\/\\\/fr.motocrossmag.be\\\/index.php\\\/2022\\\/06\\\/emx125-cas-valk-le-plus-fort-dans-la-boue-dernee\\\/\"]}]},{\"@type\":\"ImageObject\",\"inLanguage\":\"fr-FR\",\"@id\":\"https:\\\/\\\/fr.motocrossmag.be\\\/index.php\\\/2022\\\/06\\\/emx125-cas-valk-le-plus-fort-dans-la-boue-dernee\\\/#primaryimage\",\"url\":\"https:\\\/\\\/fr.motocrossmag.be\\\/wp-content\\\/uploads\\\/2022\\\/06\\\/unnamed55.jpg\",\"contentUrl\":\"https:\\\/\\\/fr.motocrossmag.be\\\/wp-content\\\/uploads\\\/2022\\\/06\\\/unnamed55.jpg\",\"width\":\"1000\",\"height\":\"666\"},{\"@type\":\"BreadcrumbList\",\"@id\":\"https:\\\/\\\/fr.motocrossmag.be\\\/index.php\\\/2022\\\/06\\\/emx125-cas-valk-le-plus-fort-dans-la-boue-dernee\\\/#breadcrumb\",\"itemListElement\":[{\"@type\":\"ListItem\",\"position\":1,\"name\":\"Accueil\",\"item\":\"https:\\\/\\\/fr.motocrossmag.be\\\/\"},{\"@type\":\"ListItem\",\"position\":2,\"name\":\"EMX125 : Cas Valk le plus fort dans la boue d&rsquo;Ern\u00e9e\"}]},{\"@type\":\"WebSite\",\"@id\":\"https:\\\/\\\/fr.motocrossmag.be\\\/#website\",\"url\":\"https:\\\/\\\/fr.motocrossmag.be\\\/\",\"name\":\"Motocross - Enduro - Supermoto | MotocrossMag\",\"description\":\"L&#039;actualit\u00e9 du motocross, de l&#039;enduro et du Supermoto en ligne!\",\"potentialAction\":[{\"@type\":\"SearchAction\",\"target\":{\"@type\":\"EntryPoint\",\"urlTemplate\":\"https:\\\/\\\/fr.motocrossmag.be\\\/?s={search_term_string}\"},\"query-input\":{\"@type\":\"PropertyValueSpecification\",\"valueRequired\":true,\"valueName\":\"search_term_string\"}}],\"inLanguage\":\"fr-FR\"},{\"@type\":\"Person\",\"@id\":\"https:\\\/\\\/fr.motocrossmag.be\\\/#\\\/schema\\\/person\\\/11b47143d9f755babca2c9110e03235c\",\"name\":\"oliviere\",\"image\":{\"@type\":\"ImageObject\",\"inLanguage\":\"fr-FR\",\"@id\":\"https:\\\/\\\/secure.gravatar.com\\\/avatar\\\/907069e0b81d119452040469e4a7501da1100f54f7f80180ce77bfab718288f6?s=96&d=mm&r=g\",\"url\":\"https:\\\/\\\/secure.gravatar.com\\\/avatar\\\/907069e0b81d119452040469e4a7501da1100f54f7f80180ce77bfab718288f6?s=96&d=mm&r=g\",\"contentUrl\":\"https:\\\/\\\/secure.gravatar.com\\\/avatar\\\/907069e0b81d119452040469e4a7501da1100f54f7f80180ce77bfab718288f6?s=96&d=mm&r=g\",\"caption\":\"oliviere\"},\"sameAs\":[\"http:\\\/\\\/www.motocrossmag.be\"],\"url\":\"https:\\\/\\\/fr.motocrossmag.be\\\/index.php\\\/author\\\/oliviere\\\/\"}]}<\/script>\n<!-- \/ Yoast SEO plugin. -->","yoast_head_json":{"title":"EMX125 : Cas Valk le plus fort dans la boue d'Ern\u00e9e - Motocross - Enduro - Supermoto | MotocrossMag","robots":{"index":"index","follow":"follow","max-snippet":"max-snippet:-1","max-image-preview":"max-image-preview:large","max-video-preview":"max-video-preview:-1"},"canonical":"https:\/\/fr.motocrossmag.be\/index.php\/2022\/06\/emx125-cas-valk-le-plus-fort-dans-la-boue-dernee\/","og_locale":"fr_FR","og_type":"article","og_title":"EMX125 : Cas Valk le plus fort dans la boue d'Ern\u00e9e - Motocross - Enduro - Supermoto | MotocrossMag","og_description":"Cas Valk s&rsquo;est impos\u00e9 ce week-end dans la boue d&rsquo;Ern\u00e9e, o\u00f9 se disputait le 5\u00e8me round du championnat d&rsquo;Europe EMX125. Le N\u00e9erlandais a remport\u00e9 haut la main la premi\u00e8re manche [...]","og_url":"https:\/\/fr.motocrossmag.be\/index.php\/2022\/06\/emx125-cas-valk-le-plus-fort-dans-la-boue-dernee\/","og_site_name":"Motocross - Enduro - Supermoto | MotocrossMag","article_published_time":"2022-06-06T21:58:34+00:00","og_image":[{"width":1000,"height":666,"url":"https:\/\/fr.motocrossmag.be\/wp-content\/uploads\/2022\/06\/unnamed55.jpg","type":"image\/jpeg"}],"author":"oliviere","twitter_card":"summary_large_image","twitter_misc":{"\u00c9crit par":"oliviere","Dur\u00e9e de lecture estim\u00e9e":"6 minutes"},"schema":{"@context":"https:\/\/schema.org","@graph":[{"@type":"Article","@id":"https:\/\/fr.motocrossmag.be\/index.php\/2022\/06\/emx125-cas-valk-le-plus-fort-dans-la-boue-dernee\/#article","isPartOf":{"@id":"https:\/\/fr.motocrossmag.be\/index.php\/2022\/06\/emx125-cas-valk-le-plus-fort-dans-la-boue-dernee\/"},"author":{"name":"oliviere","@id":"https:\/\/fr.motocrossmag.be\/#\/schema\/person\/11b47143d9f755babca2c9110e03235c"},"headline":"EMX125 : Cas Valk le plus fort dans la boue d&rsquo;Ern\u00e9e","datePublished":"2022-06-06T21:58:34+00:00","mainEntityOfPage":{"@id":"https:\/\/fr.motocrossmag.be\/index.php\/2022\/06\/emx125-cas-valk-le-plus-fort-dans-la-boue-dernee\/"},"wordCount":1126,"commentCount":0,"image":{"@id":"https:\/\/fr.motocrossmag.be\/index.php\/2022\/06\/emx125-cas-valk-le-plus-fort-dans-la-boue-dernee\/#primaryimage"},"thumbnailUrl":"https:\/\/fr.motocrossmag.be\/wp-content\/uploads\/2022\/06\/unnamed55.jpg","keywords":["ernee","ivano van erp","Motocross"],"articleSection":["Actualit\u00e9","EMX","Motocross","News","News","R\u00e9sultats","Slideshow"],"inLanguage":"fr-FR","potentialAction":[{"@type":"CommentAction","name":"Comment","target":["https:\/\/fr.motocrossmag.be\/index.php\/2022\/06\/emx125-cas-valk-le-plus-fort-dans-la-boue-dernee\/#respond"]}]},{"@type":"WebPage","@id":"https:\/\/fr.motocrossmag.be\/index.php\/2022\/06\/emx125-cas-valk-le-plus-fort-dans-la-boue-dernee\/","url":"https:\/\/fr.motocrossmag.be\/index.php\/2022\/06\/emx125-cas-valk-le-plus-fort-dans-la-boue-dernee\/","name":"EMX125 : Cas Valk le plus fort dans la boue d'Ern\u00e9e - Motocross - Enduro - Supermoto | MotocrossMag","isPartOf":{"@id":"https:\/\/fr.motocrossmag.be\/#website"},"primaryImageOfPage":{"@id":"https:\/\/fr.motocrossmag.be\/index.php\/2022\/06\/emx125-cas-valk-le-plus-fort-dans-la-boue-dernee\/#primaryimage"},"image":{"@id":"https:\/\/fr.motocrossmag.be\/index.php\/2022\/06\/emx125-cas-valk-le-plus-fort-dans-la-boue-dernee\/#primaryimage"},"thumbnailUrl":"https:\/\/fr.motocrossmag.be\/wp-content\/uploads\/2022\/06\/unnamed55.jpg","datePublished":"2022-06-06T21:58:34+00:00","author":{"@id":"https:\/\/fr.motocrossmag.be\/#\/schema\/person\/11b47143d9f755babca2c9110e03235c"},"breadcrumb":{"@id":"https:\/\/fr.motocrossmag.be\/index.php\/2022\/06\/emx125-cas-valk-le-plus-fort-dans-la-boue-dernee\/#breadcrumb"},"inLanguage":"fr-FR","potentialAction":[{"@type":"ReadAction","target":["https:\/\/fr.motocrossmag.be\/index.php\/2022\/06\/emx125-cas-valk-le-plus-fort-dans-la-boue-dernee\/"]}]},{"@type":"ImageObject","inLanguage":"fr-FR","@id":"https:\/\/fr.motocrossmag.be\/index.php\/2022\/06\/emx125-cas-valk-le-plus-fort-dans-la-boue-dernee\/#primaryimage","url":"https:\/\/fr.motocrossmag.be\/wp-content\/uploads\/2022\/06\/unnamed55.jpg","contentUrl":"https:\/\/fr.motocrossmag.be\/wp-content\/uploads\/2022\/06\/unnamed55.jpg","width":"1000","height":"666"},{"@type":"BreadcrumbList","@id":"https:\/\/fr.motocrossmag.be\/index.php\/2022\/06\/emx125-cas-valk-le-plus-fort-dans-la-boue-dernee\/#breadcrumb","itemListElement":[{"@type":"ListItem","position":1,"name":"Accueil","item":"https:\/\/fr.motocrossmag.be\/"},{"@type":"ListItem","position":2,"name":"EMX125 : Cas Valk le plus fort dans la boue d&rsquo;Ern\u00e9e"}]},{"@type":"WebSite","@id":"https:\/\/fr.motocrossmag.be\/#website","url":"https:\/\/fr.motocrossmag.be\/","name":"Motocross - Enduro - Supermoto | MotocrossMag","description":"L&#039;actualit\u00e9 du motocross, de l&#039;enduro et du Supermoto en ligne!","potentialAction":[{"@type":"SearchAction","target":{"@type":"EntryPoint","urlTemplate":"https:\/\/fr.motocrossmag.be\/?s={search_term_string}"},"query-input":{"@type":"PropertyValueSpecification","valueRequired":true,"valueName":"search_term_string"}}],"inLanguage":"fr-FR"},{"@type":"Person","@id":"https:\/\/fr.motocrossmag.be\/#\/schema\/person\/11b47143d9f755babca2c9110e03235c","name":"oliviere","image":{"@type":"ImageObject","inLanguage":"fr-FR","@id":"https:\/\/secure.gravatar.com\/avatar\/907069e0b81d119452040469e4a7501da1100f54f7f80180ce77bfab718288f6?s=96&d=mm&r=g","url":"https:\/\/secure.gravatar.com\/avatar\/907069e0b81d119452040469e4a7501da1100f54f7f80180ce77bfab718288f6?s=96&d=mm&r=g","contentUrl":"https:\/\/secure.gravatar.com\/avatar\/907069e0b81d119452040469e4a7501da1100f54f7f80180ce77bfab718288f6?s=96&d=mm&r=g","caption":"oliviere"},"sameAs":["http:\/\/www.motocrossmag.be"],"url":"https:\/\/fr.motocrossmag.be\/index.php\/author\/oliviere\/"}]}},"_links":{"self":[{"href":"https:\/\/fr.motocrossmag.be\/index.php\/wp-json\/wp\/v2\/posts\/118027","targetHints":{"allow":["GET"]}}],"collection":[{"href":"https:\/\/fr.motocrossmag.be\/index.php\/wp-json\/wp\/v2\/posts"}],"about":[{"href":"https:\/\/fr.motocrossmag.be\/index.php\/wp-json\/wp\/v2\/types\/post"}],"author":[{"embeddable":true,"href":"https:\/\/fr.motocrossmag.be\/index.php\/wp-json\/wp\/v2\/users\/932"}],"replies":[{"embeddable":true,"href":"https:\/\/fr.motocrossmag.be\/index.php\/wp-json\/wp\/v2\/comments?post=118027"}],"version-history":[{"count":0,"href":"https:\/\/fr.motocrossmag.be\/index.php\/wp-json\/wp\/v2\/posts\/118027\/revisions"}],"wp:featuredmedia":[{"embeddable":true,"href":"https:\/\/fr.motocrossmag.be\/index.php\/wp-json\/wp\/v2\/media\/118028"}],"wp:attachment":[{"href":"https:\/\/fr.motocrossmag.be\/index.php\/wp-json\/wp\/v2\/media?parent=118027"}],"wp:term":[{"taxonomy":"category","embeddable":true,"href":"https:\/\/fr.motocrossmag.be\/index.php\/wp-json\/wp\/v2\/categories?post=118027"},{"taxonomy":"post_tag","embeddable":true,"href":"https:\/\/fr.motocrossmag.be\/index.php\/wp-json\/wp\/v2\/tags?post=118027"}],"curies":[{"name":"wp","href":"https:\/\/api.w.org\/{rel}","templated":true}]}}