{"id":118030,"date":"2022-06-07T00:12:38","date_gmt":"2022-06-06T22:12:38","guid":{"rendered":"http:\/\/fr.motocrossmag.be\/?p=118030"},"modified":"2022-06-07T00:13:01","modified_gmt":"2022-06-06T22:13:01","slug":"emx250-rick-elzinga-reprend-la-tete-du-championnat","status":"publish","type":"post","link":"https:\/\/fr.motocrossmag.be\/index.php\/2022\/06\/emx250-rick-elzinga-reprend-la-tete-du-championnat\/","title":{"rendered":"EMX250 : Rick Elzinga reprend la t\u00eate du championnat"},"content":{"rendered":"<p><strong>Deuxi\u00e8me puis troisi\u00e8me dans les manches fran\u00e7aises, Rick Elzinga a remport\u00e9 dimanche la 5\u00e8me \u00e9preuve comptant pour le championnat d&rsquo;Europe EMX250. Le N\u00e9erlandais reprend ainsi la t\u00eate du classement provisoire alors que le cap de la mi-saison vient d&rsquo;\u00eatre franchi.<\/strong><\/p>\n<p>Yago Martinez (1+10) et Cornelius Toendel (9+1) ont chacun remport\u00e9 une manche ce week-end \u00e0 Ern\u00e9e mais les deux vainqueurs du week-end n&rsquo;ont pas brill\u00e9 par leur r\u00e9gularit\u00e9. Sans remporter de manche, Rick Elzinga a pour sa part fait preuve de beaucoup de constance pour remporter le g\u00e9n\u00e9ral avec 5 points de plus que Toendel et 6 de plus que Martinez. De quoi reprendre in extremis la plaque rouge perdu il y a quelques semaines des mains du pilote Fantic. Les deux hommes arriveront en Allemagne le week-end prochain s\u00e9par\u00e9s par un petit point seulement.<\/p>\n<p>C&rsquo;est cette fois Sacha, de retour de blessure, qui s&rsquo;est montr\u00e9 le plus fort des fr\u00e8res Coenen avec une 7\u00e8me et une 9\u00e8me places. Contraint \u00e0 l&rsquo;abandon le samedi apr\u00e8s avoir men\u00e9 les premiers tours de course, son fr\u00e8re Lucas termine dans la roue de Toendel le dimanche et sauve ainsi de gros points qui lui permettent de rester dans le top-5 du classement provisoire.<\/p>\n<p><span style=\"color: #800000;\"><strong>R\u00e9sultats<\/strong><\/span><\/p>\n<p>MANCHE 1<\/p>\n<p>1. Yago Martinez (ESP, KTM), 29:54.082;\u00a02. Rick Elzinga (NED, Yamaha), +0:02.075;\u00a03. Jorgen-Matthias Talviku (EST, KTM), +0:02.741; 4. Quentin Marc Prugnieres (FRA, Kawasaki), +0:06.166; 5. Andrea Bonacorsi (ITA, Yamaha), +0:19.113; 6. David Braceras (ESP, KTM), +0:29.150;\u00a0<strong>7. Sacha Coenen (BEL, Husqvarna), +0:30.174<\/strong>;\u00a08. Gerard Congost (ESP, KTM), +0:33.190; 9. Cornelius Toendel (NOR, Fantic), +0:37.459; 10. Mike Gwerder (SUI, KTM), +0:38.866; 11. Camden Mc Lellan (RSA, KTM), +0:44.829; 12. Scotty Verhaeghe (FRA, KTM), +0:46.274; 13. Emilio Scuteri (ITA, TM), +0:48.838; 14. Maximilian Spies (GER, KTM), +0:50.642; 15. Max Palsson (SWE, KTM), +0:52.457;\u00a016. Dave Kooiker (NED, Yamaha), +0:59.387;\u00a017. Eddie Wade (ESP, Kawasaki), +1:00.726; 18. Andrea Rossi (ITA, Husqvarna), +1:04.345; 19. Tom Grimshaw (GBR, GASGAS), +1:05.667; 20. James Carpenter (GBR, KTM), +1:08.336; 21. Jan Wagenknecht (CZE, Husqvarna), +1:16.643; 22. Federico Tuani (ITA, GASGAS), +1:25.337; 23. Lorenzo Ciabatti (ITA, KTM), +1:27.620; 24. Pietro Razzini (ITA, Husqvarna), +1:35.527; 25. Xavier Cazal (FRA, KTM), +1:43.852;\u00a0<strong>26. Wesly Dieudonne (BEL, KTM), +1:48.368<\/strong>;\u00a027. Luca Ruffini (ITA, GASGAS), +1:54.474; 28. Arvid L\u00fcning (SWE, GASGAS), +1:59.110; 29. Eric Tomas (ESP, Yamaha), +1:59.524; 30. Raul Sanchez (ESP, GASGAS), -1 lap(s); 31. Lorenzo Corti (ITA, Husqvarna), -1 lap(s); 32. Killian Vincent (FRA, KTM), -1 lap(s);\u00a033. Boris Blanken (NED, GASGAS), -1 lap(s); 34. Marcel Conijn (NED, KTM), -2 lap(s);\u00a035. Haakon Osterhagen (NOR, Fantic), -2 lap(s); 36. Kelton Gwyther (GBR, KTM), -2 lap(s); 37. Jules Delaporte (FRA, Husqvarna), -2 lap(s);\u00a0<strong>38. Lucas Coenen (BEL, Husqvarna), -7 lap(s);<\/strong><\/p>\n<p>MANCHE 2<\/p>\n<p>1. Cornelius Toendel (NOR, Fantic), 29:33.353;\u00a0<strong>2. Lucas Coenen (BEL, Husqvarna), +0:00.221;<\/strong> 3. Rick Elzinga (NED, Yamaha), +0:09.214;\u00a04. Haakon Osterhagen (NOR, Fantic), +0:12.209; 5. Maximilian Spies (GER, KTM), +0:13.888; 6. Quentin Marc Prugnieres (FRA, Kawasaki), +0:18.696; 7. Camden Mc Lellan (RSA, KTM), +0:28.469; 8. David Braceras (ESP, KTM), +0:41.640;\u00a0<strong>9. Sacha Coenen (BEL, Husqvarna), +0:45.080<\/strong>;\u00a010. Yago Martinez (ESP, KTM), +0:48.437; 11. Scotty Verhaeghe (FRA, KTM), +0:53.568; 12. Mike Gwerder (SUI, KTM), +0:55.828; 13. Eddie Wade (ESP, Kawasaki), +1:06.386; 14. Lorenzo Ciabatti (ITA, KTM), +1:08.061; 15. Andrea Bonacorsi (ITA, Yamaha), +1:19.534; 16. Emilio Scuteri (ITA, TM), +1:24.469; 17. Max Palsson (SWE, KTM), +1:26.260; 18. Andrea Rossi (ITA, Husqvarna), +1:27.303; 19. Pietro Razzini (ITA, Husqvarna), +1:28.722; 20. Tom Grimshaw (GBR, GASGAS), +1:49.804; 21. James Carpenter (GBR, KTM), +1:54.594; 22. Jan Wagenknecht (CZE, Husqvarna), +1:55.270; 23. Gerard Congost (ESP, KTM), +2:18.839;\u00a024. Boris Blanken (NED, GASGAS), -1 lap(s);\u00a025. Eric Tomas (ESP, Yamaha), -1 lap(s);\u00a026. Dave Kooiker (NED, Yamaha), -1 lap(s);\u00a027. Raul Sanchez (ESP, GASGAS), -1 lap(s); 28. Luca Ruffini (ITA, GASGAS), -1 lap(s);\u00a029. Marcel Conijn (NED, KTM), -1 lap(s);\u00a030. Xavier Cazal (FRA, KTM), -1 lap(s); 31. Arvid L\u00fcning (SWE, GASGAS), -1 lap(s); 32. Lorenzo Corti (ITA, Husqvarna), -1 lap(s); 33. Kelton Gwyther (GBR, KTM), -2 lap(s);\u00a0<strong>34. Wesly Dieudonne (BEL, KTM), -8 lap(s);<\/strong>\u00a035. Jules Delaporte (FRA, Husqvarna), -9 lap(s); 36. Federico Tuani (ITA, GASGAS), -12 lap(s); 37. Killian Vincent (FRA, KTM), -1 lap(s);<\/p>\n<p>CLASSEMENT GENERAL EMX250<\/p>\n<p>1. Rick Elzinga (NED, YAM), 42 points;\u00a02. Cornelius Toendel (NOR, FAN), 37 p.; 3. Yago Martinez (ESP, KTM), 36 p.; 4. Quentin Marc Prugnieres (FRA, KAW), 33 p.; 5. David Braceras (ESP, KTM), 28 p.;\u00a0<strong>6. Sacha Coenen (BEL, HUS), 26 p.<\/strong>;\u00a07. Camden Mc Lellan (RSA, KTM), 24 p.; 8. Maximilian Spies (GER, KTM), 23 p.;<strong>\u00a09. Lucas Coenen (BEL, HUS), 22 p.<\/strong>;\u00a010. Andrea Bonacorsi (ITA, YAM), 22 p.; 11. Mike Gwerder (SUI, KTM), 20 p.; 12. Jorgen-Matthias Talviku (EST, KTM), 20 p.; 13. Scotty Verhaeghe (FRA, KTM), 19 p.; 14. Haakon Osterhagen (NOR, FAN), 18 p.; 15. Emilio Scuteri (ITA, TM), 13 p.; 16. Gerard Congost (ESP, KTM), 13 p.; 17. Eddie Wade (ESP, KAW), 12 p.; 18. Max Palsson (SWE, KTM), 10 p.; 19. Lorenzo Ciabatti (ITA, KTM), 7 p.; 20. Andrea Rossi (ITA, HUS), 6 p.;\u00a021. Dave Kooiker (NED, YAM), 5 p.;\u00a022. Tom Grimshaw (GBR, GAS), 3 p.; 23. Pietro Razzini (ITA, HUS), 2 p.; 24. James Carpenter (GBR, KTM), 1 p.; 25. Jan Wagenknecht (CZE, HUS), 0 p.;\u00a026. Boris Blanken (NED, GAS), 0 p.;\u00a027. Eric Tomas (ESP, YAM), 0 p.; 28. Raul Sanchez (ESP, GAS), 0 p.; 29. Luca Ruffini (ITA, GAS), 0 p.;\u00a030. Marcel Conijn (NED, KTM), 0 p.;\u00a031. Xavier Cazal (FRA, KTM), 0 p.; 32. Arvid L\u00fcning (SWE, GAS), 0 p.; 33. Lorenzo Corti (ITA, HUS), 0 p.; 34. Kelton Gwyther (GBR, KTM), 0 p.;\u00a0<strong>35. Wesly Dieudonne (BEL, KTM), 0 p.;<\/strong>\u00a036. Jules Delaporte (FRA, HUS), 0 p.; 37. Federico Tuani (ITA, GAS), 0 p.; 38. Killian Vincent (FRA, KTM), 0 p.;<\/p>\n<p>CLASSEMENT PROVISOIRE EMX250<\/p>\n<p>1. Rick Elzinga (NED, YAM), 194 points;\u00a02. Cornelius Toendel (NOR, FAN), 193 p.; 3. Andrea Bonacorsi (ITA, YAM), 130 p.; 4. Haakon Osterhagen (NOR, FAN), 130 p.;\u00a0<strong>5. Lucas Coenen (BEL, HUS), 130 p.<\/strong>;\u00a06. Camden Mc Lellan (RSA, KTM), 124 p.; 7. Quentin Marc Prugnieres (FRA, KAW), 114 p.; 8. David Braceras (ESP, KTM), 113 p.; 9. Jorgen-Matthias Talviku (EST, KTM), 97 p.; 10. Yago Martinez (ESP, KTM), 90 p.; 11. Maximilian Spies (GER, KTM), 87 p.; 12. Mike Gwerder (SUI, KTM), 86 p.; 13. Meico Vettik (EST, KTM), 68 p.; 14. Oriol Oliver (ESP, KTM), 62 p.; 15.\u00a0Dave Kooiker (NED, YAM),\u00a060 p.; 16. Marcel Stauffer (AUT, KTM), 60 p.; 17. Paolo Lugana (ITA, KTM), 56 p.; 18. Eddie Wade (ESP, KAW), 52 p.; 19. Lorenzo Ciabatti (ITA, KTM), 43 p.; 20. Gerard Congost (ESP, KTM), 31 p.;\u00a021. Cas Valk (NED, FAN), 29 p.;\u00a022. Guillem Farres (ESP, GAS), 28 p.;\u00a0<strong>23. Sacha Coenen (BEL, HUS), 28 p.<\/strong>;\u00a024. Federico Tuani (ITA, GAS), 28 p.;\u00a025. Raf Meuwissen (NED, KTM), 28 p.;\u00a026. Andrea Rossi (ITA, HUS), 25 p.; 27. Max Palsson (SWE, KTM), 21 p.; 28. Scotty Verhaeghe (FRA, KTM), 19 p.;\u00a0<strong>29. Wesly Dieudonne (BEL, KTM), 16 p.;<\/strong>\u00a030. Emilio Scuteri (ITA, TM), 13 p.; 31. Joel Rizzi (GBR, YAM), 10 p.;\u00a032. Marcel Conijn (NED, KTM), 10 p.;\u00a033. Arvid L\u00fcning (SWE, GAS), 7 p.; 34. Sander Agard-Michelsen (NOR, YAM), 5 p.; 35. Mairis Pumpurs (LAT, YAM), 4 p.; 36. Valerio Lata (ITA, KTM), 3 p.; 37. Francesco Bassi (ITA, KTM), 3 p.; 38. Pietro Razzini (ITA, HUS), 3 p.; 39. Tom Grimshaw (GBR, GAS), 3 p.; 40. Mario Tamai (ITA, GAS), 2 p.; 41. Eugenio Barbaglia (ITA, KTM), 1 p.; 42. James Carpenter (GBR, KTM), 1 p.; 43. Andrea Viano (ITA, HUS), 1 p.;\u00a044. Jens Walvoort (NED, KTM), 1 p.;\u00a045. Tommaso Sarasso (ITA, KTM), 1 p.;<\/p>\n","protected":false},"excerpt":{"rendered":"<p>Deuxi\u00e8me puis troisi\u00e8me dans les manches fran\u00e7aises, Rick Elzinga a remport\u00e9 dimanche la 5\u00e8me \u00e9preuve comptant pour le championnat d&rsquo;Europe EMX250. Le N\u00e9erlandais reprend ainsi la t\u00eate du classement provisoire [&#8230;]<\/p>\n","protected":false},"author":932,"featured_media":118029,"comment_status":"open","ping_status":"closed","sticky":false,"template":"","format":"standard","meta":{"footnotes":""},"categories":[54,128,4,5,55,56,65],"tags":[1165,559,1265,947,1897,1471],"class_list":["post-118030","post","type-post","status-publish","format-standard","has-post-thumbnail","hentry","category-actualite","category-emx-125-emx2","category-motocross","category-news","category-news-actualite","category-resultats","category-slideshow","tag-emx","tag-ernee","tag-lucas-coenen","tag-motocross","tag-rick-elzinga","tag-sacha-coenen"],"yoast_head":"<!-- This site is optimized with the Yoast SEO plugin v27.4 - https:\/\/yoast.com\/product\/yoast-seo-wordpress\/ -->\n<title>EMX250 : Rick Elzinga reprend la t\u00eate du championnat - Motocross - Enduro - Supermoto | MotocrossMag<\/title>\n<meta name=\"robots\" content=\"index, follow, max-snippet:-1, max-image-preview:large, max-video-preview:-1\" \/>\n<link rel=\"canonical\" href=\"https:\/\/fr.motocrossmag.be\/index.php\/2022\/06\/emx250-rick-elzinga-reprend-la-tete-du-championnat\/\" \/>\n<meta property=\"og:locale\" content=\"fr_FR\" \/>\n<meta property=\"og:type\" content=\"article\" \/>\n<meta property=\"og:title\" content=\"EMX250 : Rick Elzinga reprend la t\u00eate du championnat - Motocross - Enduro - Supermoto | MotocrossMag\" \/>\n<meta property=\"og:description\" content=\"Deuxi\u00e8me puis troisi\u00e8me dans les manches fran\u00e7aises, Rick Elzinga a remport\u00e9 dimanche la 5\u00e8me \u00e9preuve comptant pour le championnat d&rsquo;Europe EMX250. Le N\u00e9erlandais reprend ainsi la t\u00eate du classement provisoire [...]\" \/>\n<meta property=\"og:url\" content=\"https:\/\/fr.motocrossmag.be\/index.php\/2022\/06\/emx250-rick-elzinga-reprend-la-tete-du-championnat\/\" \/>\n<meta property=\"og:site_name\" content=\"Motocross - Enduro - Supermoto | MotocrossMag\" \/>\n<meta property=\"article:published_time\" content=\"2022-06-06T22:12:38+00:00\" \/>\n<meta property=\"article:modified_time\" content=\"2022-06-06T22:13:01+00:00\" \/>\n<meta property=\"og:image\" content=\"https:\/\/fr.motocrossmag.be\/wp-content\/uploads\/2022\/06\/unnamed54.jpg\" \/>\n\t<meta property=\"og:image:width\" content=\"1000\" \/>\n\t<meta property=\"og:image:height\" content=\"666\" \/>\n\t<meta property=\"og:image:type\" content=\"image\/jpeg\" \/>\n<meta name=\"author\" content=\"oliviere\" \/>\n<meta name=\"twitter:card\" content=\"summary_large_image\" \/>\n<meta name=\"twitter:label1\" content=\"\u00c9crit par\" \/>\n\t<meta name=\"twitter:data1\" content=\"oliviere\" \/>\n\t<meta name=\"twitter:label2\" content=\"Dur\u00e9e de lecture estim\u00e9e\" \/>\n\t<meta name=\"twitter:data2\" content=\"5 minutes\" \/>\n<script type=\"application\/ld+json\" class=\"yoast-schema-graph\">{\"@context\":\"https:\\\/\\\/schema.org\",\"@graph\":[{\"@type\":\"Article\",\"@id\":\"https:\\\/\\\/fr.motocrossmag.be\\\/index.php\\\/2022\\\/06\\\/emx250-rick-elzinga-reprend-la-tete-du-championnat\\\/#article\",\"isPartOf\":{\"@id\":\"https:\\\/\\\/fr.motocrossmag.be\\\/index.php\\\/2022\\\/06\\\/emx250-rick-elzinga-reprend-la-tete-du-championnat\\\/\"},\"author\":{\"name\":\"oliviere\",\"@id\":\"https:\\\/\\\/fr.motocrossmag.be\\\/#\\\/schema\\\/person\\\/11b47143d9f755babca2c9110e03235c\"},\"headline\":\"EMX250 : Rick Elzinga reprend la t\u00eate du championnat\",\"datePublished\":\"2022-06-06T22:12:38+00:00\",\"dateModified\":\"2022-06-06T22:13:01+00:00\",\"mainEntityOfPage\":{\"@id\":\"https:\\\/\\\/fr.motocrossmag.be\\\/index.php\\\/2022\\\/06\\\/emx250-rick-elzinga-reprend-la-tete-du-championnat\\\/\"},\"wordCount\":1029,\"commentCount\":0,\"image\":{\"@id\":\"https:\\\/\\\/fr.motocrossmag.be\\\/index.php\\\/2022\\\/06\\\/emx250-rick-elzinga-reprend-la-tete-du-championnat\\\/#primaryimage\"},\"thumbnailUrl\":\"https:\\\/\\\/fr.motocrossmag.be\\\/wp-content\\\/uploads\\\/2022\\\/06\\\/unnamed54.jpg\",\"keywords\":[\"EMX\",\"ernee\",\"lucas coenen\",\"Motocross\",\"rick elzinga\",\"sacha coenen\"],\"articleSection\":[\"Actualit\u00e9\",\"EMX\",\"Motocross\",\"News\",\"News\",\"R\u00e9sultats\",\"Slideshow\"],\"inLanguage\":\"fr-FR\",\"potentialAction\":[{\"@type\":\"CommentAction\",\"name\":\"Comment\",\"target\":[\"https:\\\/\\\/fr.motocrossmag.be\\\/index.php\\\/2022\\\/06\\\/emx250-rick-elzinga-reprend-la-tete-du-championnat\\\/#respond\"]}]},{\"@type\":\"WebPage\",\"@id\":\"https:\\\/\\\/fr.motocrossmag.be\\\/index.php\\\/2022\\\/06\\\/emx250-rick-elzinga-reprend-la-tete-du-championnat\\\/\",\"url\":\"https:\\\/\\\/fr.motocrossmag.be\\\/index.php\\\/2022\\\/06\\\/emx250-rick-elzinga-reprend-la-tete-du-championnat\\\/\",\"name\":\"EMX250 : Rick Elzinga reprend la t\u00eate du championnat - Motocross - Enduro - Supermoto | MotocrossMag\",\"isPartOf\":{\"@id\":\"https:\\\/\\\/fr.motocrossmag.be\\\/#website\"},\"primaryImageOfPage\":{\"@id\":\"https:\\\/\\\/fr.motocrossmag.be\\\/index.php\\\/2022\\\/06\\\/emx250-rick-elzinga-reprend-la-tete-du-championnat\\\/#primaryimage\"},\"image\":{\"@id\":\"https:\\\/\\\/fr.motocrossmag.be\\\/index.php\\\/2022\\\/06\\\/emx250-rick-elzinga-reprend-la-tete-du-championnat\\\/#primaryimage\"},\"thumbnailUrl\":\"https:\\\/\\\/fr.motocrossmag.be\\\/wp-content\\\/uploads\\\/2022\\\/06\\\/unnamed54.jpg\",\"datePublished\":\"2022-06-06T22:12:38+00:00\",\"dateModified\":\"2022-06-06T22:13:01+00:00\",\"author\":{\"@id\":\"https:\\\/\\\/fr.motocrossmag.be\\\/#\\\/schema\\\/person\\\/11b47143d9f755babca2c9110e03235c\"},\"breadcrumb\":{\"@id\":\"https:\\\/\\\/fr.motocrossmag.be\\\/index.php\\\/2022\\\/06\\\/emx250-rick-elzinga-reprend-la-tete-du-championnat\\\/#breadcrumb\"},\"inLanguage\":\"fr-FR\",\"potentialAction\":[{\"@type\":\"ReadAction\",\"target\":[\"https:\\\/\\\/fr.motocrossmag.be\\\/index.php\\\/2022\\\/06\\\/emx250-rick-elzinga-reprend-la-tete-du-championnat\\\/\"]}]},{\"@type\":\"ImageObject\",\"inLanguage\":\"fr-FR\",\"@id\":\"https:\\\/\\\/fr.motocrossmag.be\\\/index.php\\\/2022\\\/06\\\/emx250-rick-elzinga-reprend-la-tete-du-championnat\\\/#primaryimage\",\"url\":\"https:\\\/\\\/fr.motocrossmag.be\\\/wp-content\\\/uploads\\\/2022\\\/06\\\/unnamed54.jpg\",\"contentUrl\":\"https:\\\/\\\/fr.motocrossmag.be\\\/wp-content\\\/uploads\\\/2022\\\/06\\\/unnamed54.jpg\",\"width\":\"1000\",\"height\":\"666\"},{\"@type\":\"BreadcrumbList\",\"@id\":\"https:\\\/\\\/fr.motocrossmag.be\\\/index.php\\\/2022\\\/06\\\/emx250-rick-elzinga-reprend-la-tete-du-championnat\\\/#breadcrumb\",\"itemListElement\":[{\"@type\":\"ListItem\",\"position\":1,\"name\":\"Accueil\",\"item\":\"https:\\\/\\\/fr.motocrossmag.be\\\/\"},{\"@type\":\"ListItem\",\"position\":2,\"name\":\"EMX250 : Rick Elzinga reprend la t\u00eate du championnat\"}]},{\"@type\":\"WebSite\",\"@id\":\"https:\\\/\\\/fr.motocrossmag.be\\\/#website\",\"url\":\"https:\\\/\\\/fr.motocrossmag.be\\\/\",\"name\":\"Motocross - Enduro - Supermoto | MotocrossMag\",\"description\":\"L&#039;actualit\u00e9 du motocross, de l&#039;enduro et du Supermoto en ligne!\",\"potentialAction\":[{\"@type\":\"SearchAction\",\"target\":{\"@type\":\"EntryPoint\",\"urlTemplate\":\"https:\\\/\\\/fr.motocrossmag.be\\\/?s={search_term_string}\"},\"query-input\":{\"@type\":\"PropertyValueSpecification\",\"valueRequired\":true,\"valueName\":\"search_term_string\"}}],\"inLanguage\":\"fr-FR\"},{\"@type\":\"Person\",\"@id\":\"https:\\\/\\\/fr.motocrossmag.be\\\/#\\\/schema\\\/person\\\/11b47143d9f755babca2c9110e03235c\",\"name\":\"oliviere\",\"image\":{\"@type\":\"ImageObject\",\"inLanguage\":\"fr-FR\",\"@id\":\"https:\\\/\\\/secure.gravatar.com\\\/avatar\\\/907069e0b81d119452040469e4a7501da1100f54f7f80180ce77bfab718288f6?s=96&d=mm&r=g\",\"url\":\"https:\\\/\\\/secure.gravatar.com\\\/avatar\\\/907069e0b81d119452040469e4a7501da1100f54f7f80180ce77bfab718288f6?s=96&d=mm&r=g\",\"contentUrl\":\"https:\\\/\\\/secure.gravatar.com\\\/avatar\\\/907069e0b81d119452040469e4a7501da1100f54f7f80180ce77bfab718288f6?s=96&d=mm&r=g\",\"caption\":\"oliviere\"},\"sameAs\":[\"http:\\\/\\\/www.motocrossmag.be\"],\"url\":\"https:\\\/\\\/fr.motocrossmag.be\\\/index.php\\\/author\\\/oliviere\\\/\"}]}<\/script>\n<!-- \/ Yoast SEO plugin. -->","yoast_head_json":{"title":"EMX250 : Rick Elzinga reprend la t\u00eate du championnat - Motocross - Enduro - Supermoto | MotocrossMag","robots":{"index":"index","follow":"follow","max-snippet":"max-snippet:-1","max-image-preview":"max-image-preview:large","max-video-preview":"max-video-preview:-1"},"canonical":"https:\/\/fr.motocrossmag.be\/index.php\/2022\/06\/emx250-rick-elzinga-reprend-la-tete-du-championnat\/","og_locale":"fr_FR","og_type":"article","og_title":"EMX250 : Rick Elzinga reprend la t\u00eate du championnat - Motocross - Enduro - Supermoto | MotocrossMag","og_description":"Deuxi\u00e8me puis troisi\u00e8me dans les manches fran\u00e7aises, Rick Elzinga a remport\u00e9 dimanche la 5\u00e8me \u00e9preuve comptant pour le championnat d&rsquo;Europe EMX250. Le N\u00e9erlandais reprend ainsi la t\u00eate du classement provisoire [...]","og_url":"https:\/\/fr.motocrossmag.be\/index.php\/2022\/06\/emx250-rick-elzinga-reprend-la-tete-du-championnat\/","og_site_name":"Motocross - Enduro - Supermoto | MotocrossMag","article_published_time":"2022-06-06T22:12:38+00:00","article_modified_time":"2022-06-06T22:13:01+00:00","og_image":[{"width":1000,"height":666,"url":"https:\/\/fr.motocrossmag.be\/wp-content\/uploads\/2022\/06\/unnamed54.jpg","type":"image\/jpeg"}],"author":"oliviere","twitter_card":"summary_large_image","twitter_misc":{"\u00c9crit par":"oliviere","Dur\u00e9e de lecture estim\u00e9e":"5 minutes"},"schema":{"@context":"https:\/\/schema.org","@graph":[{"@type":"Article","@id":"https:\/\/fr.motocrossmag.be\/index.php\/2022\/06\/emx250-rick-elzinga-reprend-la-tete-du-championnat\/#article","isPartOf":{"@id":"https:\/\/fr.motocrossmag.be\/index.php\/2022\/06\/emx250-rick-elzinga-reprend-la-tete-du-championnat\/"},"author":{"name":"oliviere","@id":"https:\/\/fr.motocrossmag.be\/#\/schema\/person\/11b47143d9f755babca2c9110e03235c"},"headline":"EMX250 : Rick Elzinga reprend la t\u00eate du championnat","datePublished":"2022-06-06T22:12:38+00:00","dateModified":"2022-06-06T22:13:01+00:00","mainEntityOfPage":{"@id":"https:\/\/fr.motocrossmag.be\/index.php\/2022\/06\/emx250-rick-elzinga-reprend-la-tete-du-championnat\/"},"wordCount":1029,"commentCount":0,"image":{"@id":"https:\/\/fr.motocrossmag.be\/index.php\/2022\/06\/emx250-rick-elzinga-reprend-la-tete-du-championnat\/#primaryimage"},"thumbnailUrl":"https:\/\/fr.motocrossmag.be\/wp-content\/uploads\/2022\/06\/unnamed54.jpg","keywords":["EMX","ernee","lucas coenen","Motocross","rick elzinga","sacha coenen"],"articleSection":["Actualit\u00e9","EMX","Motocross","News","News","R\u00e9sultats","Slideshow"],"inLanguage":"fr-FR","potentialAction":[{"@type":"CommentAction","name":"Comment","target":["https:\/\/fr.motocrossmag.be\/index.php\/2022\/06\/emx250-rick-elzinga-reprend-la-tete-du-championnat\/#respond"]}]},{"@type":"WebPage","@id":"https:\/\/fr.motocrossmag.be\/index.php\/2022\/06\/emx250-rick-elzinga-reprend-la-tete-du-championnat\/","url":"https:\/\/fr.motocrossmag.be\/index.php\/2022\/06\/emx250-rick-elzinga-reprend-la-tete-du-championnat\/","name":"EMX250 : Rick Elzinga reprend la t\u00eate du championnat - Motocross - Enduro - Supermoto | MotocrossMag","isPartOf":{"@id":"https:\/\/fr.motocrossmag.be\/#website"},"primaryImageOfPage":{"@id":"https:\/\/fr.motocrossmag.be\/index.php\/2022\/06\/emx250-rick-elzinga-reprend-la-tete-du-championnat\/#primaryimage"},"image":{"@id":"https:\/\/fr.motocrossmag.be\/index.php\/2022\/06\/emx250-rick-elzinga-reprend-la-tete-du-championnat\/#primaryimage"},"thumbnailUrl":"https:\/\/fr.motocrossmag.be\/wp-content\/uploads\/2022\/06\/unnamed54.jpg","datePublished":"2022-06-06T22:12:38+00:00","dateModified":"2022-06-06T22:13:01+00:00","author":{"@id":"https:\/\/fr.motocrossmag.be\/#\/schema\/person\/11b47143d9f755babca2c9110e03235c"},"breadcrumb":{"@id":"https:\/\/fr.motocrossmag.be\/index.php\/2022\/06\/emx250-rick-elzinga-reprend-la-tete-du-championnat\/#breadcrumb"},"inLanguage":"fr-FR","potentialAction":[{"@type":"ReadAction","target":["https:\/\/fr.motocrossmag.be\/index.php\/2022\/06\/emx250-rick-elzinga-reprend-la-tete-du-championnat\/"]}]},{"@type":"ImageObject","inLanguage":"fr-FR","@id":"https:\/\/fr.motocrossmag.be\/index.php\/2022\/06\/emx250-rick-elzinga-reprend-la-tete-du-championnat\/#primaryimage","url":"https:\/\/fr.motocrossmag.be\/wp-content\/uploads\/2022\/06\/unnamed54.jpg","contentUrl":"https:\/\/fr.motocrossmag.be\/wp-content\/uploads\/2022\/06\/unnamed54.jpg","width":"1000","height":"666"},{"@type":"BreadcrumbList","@id":"https:\/\/fr.motocrossmag.be\/index.php\/2022\/06\/emx250-rick-elzinga-reprend-la-tete-du-championnat\/#breadcrumb","itemListElement":[{"@type":"ListItem","position":1,"name":"Accueil","item":"https:\/\/fr.motocrossmag.be\/"},{"@type":"ListItem","position":2,"name":"EMX250 : Rick Elzinga reprend la t\u00eate du championnat"}]},{"@type":"WebSite","@id":"https:\/\/fr.motocrossmag.be\/#website","url":"https:\/\/fr.motocrossmag.be\/","name":"Motocross - Enduro - Supermoto | MotocrossMag","description":"L&#039;actualit\u00e9 du motocross, de l&#039;enduro et du Supermoto en ligne!","potentialAction":[{"@type":"SearchAction","target":{"@type":"EntryPoint","urlTemplate":"https:\/\/fr.motocrossmag.be\/?s={search_term_string}"},"query-input":{"@type":"PropertyValueSpecification","valueRequired":true,"valueName":"search_term_string"}}],"inLanguage":"fr-FR"},{"@type":"Person","@id":"https:\/\/fr.motocrossmag.be\/#\/schema\/person\/11b47143d9f755babca2c9110e03235c","name":"oliviere","image":{"@type":"ImageObject","inLanguage":"fr-FR","@id":"https:\/\/secure.gravatar.com\/avatar\/907069e0b81d119452040469e4a7501da1100f54f7f80180ce77bfab718288f6?s=96&d=mm&r=g","url":"https:\/\/secure.gravatar.com\/avatar\/907069e0b81d119452040469e4a7501da1100f54f7f80180ce77bfab718288f6?s=96&d=mm&r=g","contentUrl":"https:\/\/secure.gravatar.com\/avatar\/907069e0b81d119452040469e4a7501da1100f54f7f80180ce77bfab718288f6?s=96&d=mm&r=g","caption":"oliviere"},"sameAs":["http:\/\/www.motocrossmag.be"],"url":"https:\/\/fr.motocrossmag.be\/index.php\/author\/oliviere\/"}]}},"_links":{"self":[{"href":"https:\/\/fr.motocrossmag.be\/index.php\/wp-json\/wp\/v2\/posts\/118030","targetHints":{"allow":["GET"]}}],"collection":[{"href":"https:\/\/fr.motocrossmag.be\/index.php\/wp-json\/wp\/v2\/posts"}],"about":[{"href":"https:\/\/fr.motocrossmag.be\/index.php\/wp-json\/wp\/v2\/types\/post"}],"author":[{"embeddable":true,"href":"https:\/\/fr.motocrossmag.be\/index.php\/wp-json\/wp\/v2\/users\/932"}],"replies":[{"embeddable":true,"href":"https:\/\/fr.motocrossmag.be\/index.php\/wp-json\/wp\/v2\/comments?post=118030"}],"version-history":[{"count":0,"href":"https:\/\/fr.motocrossmag.be\/index.php\/wp-json\/wp\/v2\/posts\/118030\/revisions"}],"wp:featuredmedia":[{"embeddable":true,"href":"https:\/\/fr.motocrossmag.be\/index.php\/wp-json\/wp\/v2\/media\/118029"}],"wp:attachment":[{"href":"https:\/\/fr.motocrossmag.be\/index.php\/wp-json\/wp\/v2\/media?parent=118030"}],"wp:term":[{"taxonomy":"category","embeddable":true,"href":"https:\/\/fr.motocrossmag.be\/index.php\/wp-json\/wp\/v2\/categories?post=118030"},{"taxonomy":"post_tag","embeddable":true,"href":"https:\/\/fr.motocrossmag.be\/index.php\/wp-json\/wp\/v2\/tags?post=118030"}],"curies":[{"name":"wp","href":"https:\/\/api.w.org\/{rel}","templated":true}]}}