{"id":118035,"date":"2022-06-07T01:13:51","date_gmt":"2022-06-06T23:13:51","guid":{"rendered":"http:\/\/fr.motocrossmag.be\/?p=118035"},"modified":"2022-06-07T01:13:51","modified_gmt":"2022-06-06T23:13:51","slug":"cassel-milko-potisek-intouchable-face-a-son-public","status":"publish","type":"post","link":"https:\/\/fr.motocrossmag.be\/index.php\/2022\/06\/cassel-milko-potisek-intouchable-face-a-son-public\/","title":{"rendered":"Cassel : Milko Potisek intouchable face \u00e0 son public"},"content":{"rendered":"<p><strong>Apr\u00e8s avoir d\u00fb marquer une petite pause \u00e0 cause de la pand\u00e9mie, le motocross \u00e9tait de retour en ce lundi de Pentec\u00f4te \u00e0 Cassel. Une classique du calendrier fran\u00e7ais de motocross qui compte pour le championnat r\u00e9gional des Hauts de France et dans le cadre de laquelle se dispute le Troph\u00e9e Timote\u00ef Potisek. Cette ann\u00e9e, c&rsquo;est Milko Potisek qui inscrit son nom au prestigieux palmar\u00e8s du troph\u00e9e.<\/strong><\/p>\n<p>En 2019, c&rsquo;est Nathan Watson qui avait remport\u00e9 la 35\u00e8me \u00e9dition du motocross de Cassel. Une \u00e9dition qui marquait d\u00e9j\u00e0 le retour de l&rsquo;\u00e9preuve, annul\u00e9e en 2018 apr\u00e8s que l&rsquo;\u00e9dition 2017 se soit termin\u00e9e avec la tragique disparition de Steven Lenoir. A nouveau annul\u00e9e en 2020 et 2021, \u00e0 cause de la pand\u00e9mie de coronavirus cette fois, l&rsquo;\u00e9preuve vient donc de traverser une p\u00e9riode compliqu\u00e9e mais elle n&rsquo;a rien perdu de sa popularit\u00e9, tant aupr\u00e8s du public que des pilotes. Et cette \u00e9dition 2022 restera assur\u00e9ment comme un grand cru.<\/p>\n<p><img decoding=\"async\" class=\"lazyload alignnone size-full wp-image-118037\" src=\"http:\/\/fr.motocrossmag.be\/wp-content\/uploads\/2022\/06\/285266710_1835537503317993_5824866941316604459_n.jpg\" data-orig-src=\"http:\/\/fr.motocrossmag.be\/wp-content\/uploads\/2022\/06\/285266710_1835537503317993_5824866941316604459_n.jpg\" alt=\"\" width=\"1000\" height=\"750\" srcset=\"data:image\/svg+xml,%3Csvg%20xmlns%3D%27http%3A%2F%2Fwww.w3.org%2F2000%2Fsvg%27%20width%3D%271000%27%20height%3D%27750%27%20viewBox%3D%270%200%201000%20750%27%3E%3Crect%20width%3D%271000%27%20height%3D%27750%27%20fill-opacity%3D%220%22%2F%3E%3C%2Fsvg%3E\" data-srcset=\"https:\/\/fr.motocrossmag.be\/wp-content\/uploads\/2022\/06\/285266710_1835537503317993_5824866941316604459_n-650x488.jpg 650w, https:\/\/fr.motocrossmag.be\/wp-content\/uploads\/2022\/06\/285266710_1835537503317993_5824866941316604459_n-768x576.jpg 768w, https:\/\/fr.motocrossmag.be\/wp-content\/uploads\/2022\/06\/285266710_1835537503317993_5824866941316604459_n.jpg 1000w\" data-sizes=\"auto\" data-orig-sizes=\"(max-width: 1000px) 100vw, 1000px\" \/><\/p>\n<p>Sous le soleil et face \u00e0 un plateau de pilotes de premier ordre, Milko Potisek a brill\u00e9 face \u00e0 un public acquis \u00e0 la cause du pilote Yamaha. Le vainqueur de l&rsquo;Enduropale du Touquet, par ailleurs leader actuel du championnat de France de motocross Elite, a domin\u00e9 la journ\u00e9e de bout en bout. Finalement, seul Cyril Genot est parvenu \u00e0 lui voler la Superpole.<\/p>\n<p>Car dans les deux manches MX1 du jour, MP32 a dict\u00e9 sa loi. Avant d&rsquo;enfoncer d\u00e9finitivement le clou en fin d&rsquo;apr\u00e8s-midi en remportant la Superfinale devant David Herbreteau et C\u00e9dric Soubeyras, Cyril Genot et Xavier Boog compl\u00e9tant le top-5. C&rsquo;est donc le nordiste, litt\u00e9ralement intouchable ce dimanche sur le circuit familial de Cassel, qui succ\u00e8de \u00e0 Watson au palmar\u00e8s du Troph\u00e9e Tim Potisek.<\/p>\n","protected":false},"excerpt":{"rendered":"<p>Apr\u00e8s avoir d\u00fb marquer une petite pause \u00e0 cause de la pand\u00e9mie, le motocross \u00e9tait de retour en ce lundi de Pentec\u00f4te \u00e0 Cassel. Une classique du calendrier fran\u00e7ais de [&#8230;]<\/p>\n","protected":false},"author":932,"featured_media":118036,"comment_status":"open","ping_status":"closed","sticky":false,"template":"","format":"standard","meta":{"footnotes":""},"categories":[54,4,5,55,56,65],"tags":[1916,339,1361,1645,306,947,309],"class_list":["post-118035","post","type-post","status-publish","format-standard","has-post-thumbnail","hentry","category-actualite","category-motocross","category-news","category-news-actualite","category-resultats","category-slideshow","tag-cassel","tag-cedric-soubeyras","tag-cyril-genot","tag-david-herbreteau","tag-milko-potisek","tag-motocross","tag-xavier-boog"],"yoast_head":"<!-- This site is optimized with the Yoast SEO plugin v27.4 - https:\/\/yoast.com\/product\/yoast-seo-wordpress\/ -->\n<title>Cassel : Milko Potisek intouchable face \u00e0 son public - Motocross - Enduro - Supermoto | MotocrossMag<\/title>\n<meta name=\"robots\" content=\"index, follow, max-snippet:-1, max-image-preview:large, max-video-preview:-1\" \/>\n<link rel=\"canonical\" href=\"https:\/\/fr.motocrossmag.be\/index.php\/2022\/06\/cassel-milko-potisek-intouchable-face-a-son-public\/\" \/>\n<meta property=\"og:locale\" content=\"fr_FR\" \/>\n<meta property=\"og:type\" content=\"article\" \/>\n<meta property=\"og:title\" content=\"Cassel : Milko Potisek intouchable face \u00e0 son public - Motocross - Enduro - Supermoto | MotocrossMag\" \/>\n<meta property=\"og:description\" content=\"Apr\u00e8s avoir d\u00fb marquer une petite pause \u00e0 cause de la pand\u00e9mie, le motocross \u00e9tait de retour en ce lundi de Pentec\u00f4te \u00e0 Cassel. Une classique du calendrier fran\u00e7ais de [...]\" \/>\n<meta property=\"og:url\" content=\"https:\/\/fr.motocrossmag.be\/index.php\/2022\/06\/cassel-milko-potisek-intouchable-face-a-son-public\/\" \/>\n<meta property=\"og:site_name\" content=\"Motocross - Enduro - Supermoto | MotocrossMag\" \/>\n<meta property=\"article:published_time\" content=\"2022-06-06T23:13:51+00:00\" \/>\n<meta property=\"og:image\" content=\"https:\/\/fr.motocrossmag.be\/wp-content\/uploads\/2022\/06\/motocross-cassel.jpg\" \/>\n\t<meta property=\"og:image:width\" content=\"1000\" \/>\n\t<meta property=\"og:image:height\" content=\"750\" \/>\n\t<meta property=\"og:image:type\" content=\"image\/jpeg\" \/>\n<meta name=\"author\" content=\"oliviere\" \/>\n<meta name=\"twitter:card\" content=\"summary_large_image\" \/>\n<meta name=\"twitter:label1\" content=\"\u00c9crit par\" \/>\n\t<meta name=\"twitter:data1\" content=\"oliviere\" \/>\n\t<meta name=\"twitter:label2\" content=\"Dur\u00e9e de lecture estim\u00e9e\" \/>\n\t<meta name=\"twitter:data2\" content=\"2 minutes\" \/>\n<script type=\"application\/ld+json\" class=\"yoast-schema-graph\">{\"@context\":\"https:\\\/\\\/schema.org\",\"@graph\":[{\"@type\":\"Article\",\"@id\":\"https:\\\/\\\/fr.motocrossmag.be\\\/index.php\\\/2022\\\/06\\\/cassel-milko-potisek-intouchable-face-a-son-public\\\/#article\",\"isPartOf\":{\"@id\":\"https:\\\/\\\/fr.motocrossmag.be\\\/index.php\\\/2022\\\/06\\\/cassel-milko-potisek-intouchable-face-a-son-public\\\/\"},\"author\":{\"name\":\"oliviere\",\"@id\":\"https:\\\/\\\/fr.motocrossmag.be\\\/#\\\/schema\\\/person\\\/11b47143d9f755babca2c9110e03235c\"},\"headline\":\"Cassel : Milko Potisek intouchable face \u00e0 son public\",\"datePublished\":\"2022-06-06T23:13:51+00:00\",\"mainEntityOfPage\":{\"@id\":\"https:\\\/\\\/fr.motocrossmag.be\\\/index.php\\\/2022\\\/06\\\/cassel-milko-potisek-intouchable-face-a-son-public\\\/\"},\"wordCount\":315,\"commentCount\":0,\"image\":{\"@id\":\"https:\\\/\\\/fr.motocrossmag.be\\\/index.php\\\/2022\\\/06\\\/cassel-milko-potisek-intouchable-face-a-son-public\\\/#primaryimage\"},\"thumbnailUrl\":\"https:\\\/\\\/fr.motocrossmag.be\\\/wp-content\\\/uploads\\\/2022\\\/06\\\/motocross-cassel.jpg\",\"keywords\":[\"cassel\",\"cedric soubeyras\",\"cyril genot\",\"david herbreteau\",\"Milko Potisek\",\"Motocross\",\"Xavier Boog\"],\"articleSection\":[\"Actualit\u00e9\",\"Motocross\",\"News\",\"News\",\"R\u00e9sultats\",\"Slideshow\"],\"inLanguage\":\"fr-FR\",\"potentialAction\":[{\"@type\":\"CommentAction\",\"name\":\"Comment\",\"target\":[\"https:\\\/\\\/fr.motocrossmag.be\\\/index.php\\\/2022\\\/06\\\/cassel-milko-potisek-intouchable-face-a-son-public\\\/#respond\"]}]},{\"@type\":\"WebPage\",\"@id\":\"https:\\\/\\\/fr.motocrossmag.be\\\/index.php\\\/2022\\\/06\\\/cassel-milko-potisek-intouchable-face-a-son-public\\\/\",\"url\":\"https:\\\/\\\/fr.motocrossmag.be\\\/index.php\\\/2022\\\/06\\\/cassel-milko-potisek-intouchable-face-a-son-public\\\/\",\"name\":\"Cassel : Milko Potisek intouchable face \u00e0 son public - Motocross - Enduro - Supermoto | MotocrossMag\",\"isPartOf\":{\"@id\":\"https:\\\/\\\/fr.motocrossmag.be\\\/#website\"},\"primaryImageOfPage\":{\"@id\":\"https:\\\/\\\/fr.motocrossmag.be\\\/index.php\\\/2022\\\/06\\\/cassel-milko-potisek-intouchable-face-a-son-public\\\/#primaryimage\"},\"image\":{\"@id\":\"https:\\\/\\\/fr.motocrossmag.be\\\/index.php\\\/2022\\\/06\\\/cassel-milko-potisek-intouchable-face-a-son-public\\\/#primaryimage\"},\"thumbnailUrl\":\"https:\\\/\\\/fr.motocrossmag.be\\\/wp-content\\\/uploads\\\/2022\\\/06\\\/motocross-cassel.jpg\",\"datePublished\":\"2022-06-06T23:13:51+00:00\",\"author\":{\"@id\":\"https:\\\/\\\/fr.motocrossmag.be\\\/#\\\/schema\\\/person\\\/11b47143d9f755babca2c9110e03235c\"},\"breadcrumb\":{\"@id\":\"https:\\\/\\\/fr.motocrossmag.be\\\/index.php\\\/2022\\\/06\\\/cassel-milko-potisek-intouchable-face-a-son-public\\\/#breadcrumb\"},\"inLanguage\":\"fr-FR\",\"potentialAction\":[{\"@type\":\"ReadAction\",\"target\":[\"https:\\\/\\\/fr.motocrossmag.be\\\/index.php\\\/2022\\\/06\\\/cassel-milko-potisek-intouchable-face-a-son-public\\\/\"]}]},{\"@type\":\"ImageObject\",\"inLanguage\":\"fr-FR\",\"@id\":\"https:\\\/\\\/fr.motocrossmag.be\\\/index.php\\\/2022\\\/06\\\/cassel-milko-potisek-intouchable-face-a-son-public\\\/#primaryimage\",\"url\":\"https:\\\/\\\/fr.motocrossmag.be\\\/wp-content\\\/uploads\\\/2022\\\/06\\\/motocross-cassel.jpg\",\"contentUrl\":\"https:\\\/\\\/fr.motocrossmag.be\\\/wp-content\\\/uploads\\\/2022\\\/06\\\/motocross-cassel.jpg\",\"width\":\"1000\",\"height\":\"750\"},{\"@type\":\"BreadcrumbList\",\"@id\":\"https:\\\/\\\/fr.motocrossmag.be\\\/index.php\\\/2022\\\/06\\\/cassel-milko-potisek-intouchable-face-a-son-public\\\/#breadcrumb\",\"itemListElement\":[{\"@type\":\"ListItem\",\"position\":1,\"name\":\"Accueil\",\"item\":\"https:\\\/\\\/fr.motocrossmag.be\\\/\"},{\"@type\":\"ListItem\",\"position\":2,\"name\":\"Cassel : Milko Potisek intouchable face \u00e0 son public\"}]},{\"@type\":\"WebSite\",\"@id\":\"https:\\\/\\\/fr.motocrossmag.be\\\/#website\",\"url\":\"https:\\\/\\\/fr.motocrossmag.be\\\/\",\"name\":\"Motocross - Enduro - Supermoto | MotocrossMag\",\"description\":\"L&#039;actualit\u00e9 du motocross, de l&#039;enduro et du Supermoto en ligne!\",\"potentialAction\":[{\"@type\":\"SearchAction\",\"target\":{\"@type\":\"EntryPoint\",\"urlTemplate\":\"https:\\\/\\\/fr.motocrossmag.be\\\/?s={search_term_string}\"},\"query-input\":{\"@type\":\"PropertyValueSpecification\",\"valueRequired\":true,\"valueName\":\"search_term_string\"}}],\"inLanguage\":\"fr-FR\"},{\"@type\":\"Person\",\"@id\":\"https:\\\/\\\/fr.motocrossmag.be\\\/#\\\/schema\\\/person\\\/11b47143d9f755babca2c9110e03235c\",\"name\":\"oliviere\",\"image\":{\"@type\":\"ImageObject\",\"inLanguage\":\"fr-FR\",\"@id\":\"https:\\\/\\\/secure.gravatar.com\\\/avatar\\\/907069e0b81d119452040469e4a7501da1100f54f7f80180ce77bfab718288f6?s=96&d=mm&r=g\",\"url\":\"https:\\\/\\\/secure.gravatar.com\\\/avatar\\\/907069e0b81d119452040469e4a7501da1100f54f7f80180ce77bfab718288f6?s=96&d=mm&r=g\",\"contentUrl\":\"https:\\\/\\\/secure.gravatar.com\\\/avatar\\\/907069e0b81d119452040469e4a7501da1100f54f7f80180ce77bfab718288f6?s=96&d=mm&r=g\",\"caption\":\"oliviere\"},\"sameAs\":[\"http:\\\/\\\/www.motocrossmag.be\"],\"url\":\"https:\\\/\\\/fr.motocrossmag.be\\\/index.php\\\/author\\\/oliviere\\\/\"}]}<\/script>\n<!-- \/ Yoast SEO plugin. -->","yoast_head_json":{"title":"Cassel : Milko Potisek intouchable face \u00e0 son public - Motocross - Enduro - Supermoto | MotocrossMag","robots":{"index":"index","follow":"follow","max-snippet":"max-snippet:-1","max-image-preview":"max-image-preview:large","max-video-preview":"max-video-preview:-1"},"canonical":"https:\/\/fr.motocrossmag.be\/index.php\/2022\/06\/cassel-milko-potisek-intouchable-face-a-son-public\/","og_locale":"fr_FR","og_type":"article","og_title":"Cassel : Milko Potisek intouchable face \u00e0 son public - Motocross - Enduro - Supermoto | MotocrossMag","og_description":"Apr\u00e8s avoir d\u00fb marquer une petite pause \u00e0 cause de la pand\u00e9mie, le motocross \u00e9tait de retour en ce lundi de Pentec\u00f4te \u00e0 Cassel. Une classique du calendrier fran\u00e7ais de [...]","og_url":"https:\/\/fr.motocrossmag.be\/index.php\/2022\/06\/cassel-milko-potisek-intouchable-face-a-son-public\/","og_site_name":"Motocross - Enduro - Supermoto | MotocrossMag","article_published_time":"2022-06-06T23:13:51+00:00","og_image":[{"width":1000,"height":750,"url":"https:\/\/fr.motocrossmag.be\/wp-content\/uploads\/2022\/06\/motocross-cassel.jpg","type":"image\/jpeg"}],"author":"oliviere","twitter_card":"summary_large_image","twitter_misc":{"\u00c9crit par":"oliviere","Dur\u00e9e de lecture estim\u00e9e":"2 minutes"},"schema":{"@context":"https:\/\/schema.org","@graph":[{"@type":"Article","@id":"https:\/\/fr.motocrossmag.be\/index.php\/2022\/06\/cassel-milko-potisek-intouchable-face-a-son-public\/#article","isPartOf":{"@id":"https:\/\/fr.motocrossmag.be\/index.php\/2022\/06\/cassel-milko-potisek-intouchable-face-a-son-public\/"},"author":{"name":"oliviere","@id":"https:\/\/fr.motocrossmag.be\/#\/schema\/person\/11b47143d9f755babca2c9110e03235c"},"headline":"Cassel : Milko Potisek intouchable face \u00e0 son public","datePublished":"2022-06-06T23:13:51+00:00","mainEntityOfPage":{"@id":"https:\/\/fr.motocrossmag.be\/index.php\/2022\/06\/cassel-milko-potisek-intouchable-face-a-son-public\/"},"wordCount":315,"commentCount":0,"image":{"@id":"https:\/\/fr.motocrossmag.be\/index.php\/2022\/06\/cassel-milko-potisek-intouchable-face-a-son-public\/#primaryimage"},"thumbnailUrl":"https:\/\/fr.motocrossmag.be\/wp-content\/uploads\/2022\/06\/motocross-cassel.jpg","keywords":["cassel","cedric soubeyras","cyril genot","david herbreteau","Milko Potisek","Motocross","Xavier Boog"],"articleSection":["Actualit\u00e9","Motocross","News","News","R\u00e9sultats","Slideshow"],"inLanguage":"fr-FR","potentialAction":[{"@type":"CommentAction","name":"Comment","target":["https:\/\/fr.motocrossmag.be\/index.php\/2022\/06\/cassel-milko-potisek-intouchable-face-a-son-public\/#respond"]}]},{"@type":"WebPage","@id":"https:\/\/fr.motocrossmag.be\/index.php\/2022\/06\/cassel-milko-potisek-intouchable-face-a-son-public\/","url":"https:\/\/fr.motocrossmag.be\/index.php\/2022\/06\/cassel-milko-potisek-intouchable-face-a-son-public\/","name":"Cassel : Milko Potisek intouchable face \u00e0 son public - Motocross - Enduro - Supermoto | MotocrossMag","isPartOf":{"@id":"https:\/\/fr.motocrossmag.be\/#website"},"primaryImageOfPage":{"@id":"https:\/\/fr.motocrossmag.be\/index.php\/2022\/06\/cassel-milko-potisek-intouchable-face-a-son-public\/#primaryimage"},"image":{"@id":"https:\/\/fr.motocrossmag.be\/index.php\/2022\/06\/cassel-milko-potisek-intouchable-face-a-son-public\/#primaryimage"},"thumbnailUrl":"https:\/\/fr.motocrossmag.be\/wp-content\/uploads\/2022\/06\/motocross-cassel.jpg","datePublished":"2022-06-06T23:13:51+00:00","author":{"@id":"https:\/\/fr.motocrossmag.be\/#\/schema\/person\/11b47143d9f755babca2c9110e03235c"},"breadcrumb":{"@id":"https:\/\/fr.motocrossmag.be\/index.php\/2022\/06\/cassel-milko-potisek-intouchable-face-a-son-public\/#breadcrumb"},"inLanguage":"fr-FR","potentialAction":[{"@type":"ReadAction","target":["https:\/\/fr.motocrossmag.be\/index.php\/2022\/06\/cassel-milko-potisek-intouchable-face-a-son-public\/"]}]},{"@type":"ImageObject","inLanguage":"fr-FR","@id":"https:\/\/fr.motocrossmag.be\/index.php\/2022\/06\/cassel-milko-potisek-intouchable-face-a-son-public\/#primaryimage","url":"https:\/\/fr.motocrossmag.be\/wp-content\/uploads\/2022\/06\/motocross-cassel.jpg","contentUrl":"https:\/\/fr.motocrossmag.be\/wp-content\/uploads\/2022\/06\/motocross-cassel.jpg","width":"1000","height":"750"},{"@type":"BreadcrumbList","@id":"https:\/\/fr.motocrossmag.be\/index.php\/2022\/06\/cassel-milko-potisek-intouchable-face-a-son-public\/#breadcrumb","itemListElement":[{"@type":"ListItem","position":1,"name":"Accueil","item":"https:\/\/fr.motocrossmag.be\/"},{"@type":"ListItem","position":2,"name":"Cassel : Milko Potisek intouchable face \u00e0 son public"}]},{"@type":"WebSite","@id":"https:\/\/fr.motocrossmag.be\/#website","url":"https:\/\/fr.motocrossmag.be\/","name":"Motocross - Enduro - Supermoto | MotocrossMag","description":"L&#039;actualit\u00e9 du motocross, de l&#039;enduro et du Supermoto en ligne!","potentialAction":[{"@type":"SearchAction","target":{"@type":"EntryPoint","urlTemplate":"https:\/\/fr.motocrossmag.be\/?s={search_term_string}"},"query-input":{"@type":"PropertyValueSpecification","valueRequired":true,"valueName":"search_term_string"}}],"inLanguage":"fr-FR"},{"@type":"Person","@id":"https:\/\/fr.motocrossmag.be\/#\/schema\/person\/11b47143d9f755babca2c9110e03235c","name":"oliviere","image":{"@type":"ImageObject","inLanguage":"fr-FR","@id":"https:\/\/secure.gravatar.com\/avatar\/907069e0b81d119452040469e4a7501da1100f54f7f80180ce77bfab718288f6?s=96&d=mm&r=g","url":"https:\/\/secure.gravatar.com\/avatar\/907069e0b81d119452040469e4a7501da1100f54f7f80180ce77bfab718288f6?s=96&d=mm&r=g","contentUrl":"https:\/\/secure.gravatar.com\/avatar\/907069e0b81d119452040469e4a7501da1100f54f7f80180ce77bfab718288f6?s=96&d=mm&r=g","caption":"oliviere"},"sameAs":["http:\/\/www.motocrossmag.be"],"url":"https:\/\/fr.motocrossmag.be\/index.php\/author\/oliviere\/"}]}},"_links":{"self":[{"href":"https:\/\/fr.motocrossmag.be\/index.php\/wp-json\/wp\/v2\/posts\/118035","targetHints":{"allow":["GET"]}}],"collection":[{"href":"https:\/\/fr.motocrossmag.be\/index.php\/wp-json\/wp\/v2\/posts"}],"about":[{"href":"https:\/\/fr.motocrossmag.be\/index.php\/wp-json\/wp\/v2\/types\/post"}],"author":[{"embeddable":true,"href":"https:\/\/fr.motocrossmag.be\/index.php\/wp-json\/wp\/v2\/users\/932"}],"replies":[{"embeddable":true,"href":"https:\/\/fr.motocrossmag.be\/index.php\/wp-json\/wp\/v2\/comments?post=118035"}],"version-history":[{"count":0,"href":"https:\/\/fr.motocrossmag.be\/index.php\/wp-json\/wp\/v2\/posts\/118035\/revisions"}],"wp:featuredmedia":[{"embeddable":true,"href":"https:\/\/fr.motocrossmag.be\/index.php\/wp-json\/wp\/v2\/media\/118036"}],"wp:attachment":[{"href":"https:\/\/fr.motocrossmag.be\/index.php\/wp-json\/wp\/v2\/media?parent=118035"}],"wp:term":[{"taxonomy":"category","embeddable":true,"href":"https:\/\/fr.motocrossmag.be\/index.php\/wp-json\/wp\/v2\/categories?post=118035"},{"taxonomy":"post_tag","embeddable":true,"href":"https:\/\/fr.motocrossmag.be\/index.php\/wp-json\/wp\/v2\/tags?post=118035"}],"curies":[{"name":"wp","href":"https:\/\/api.w.org\/{rel}","templated":true}]}}