{"id":118162,"date":"2022-06-11T08:16:46","date_gmt":"2022-06-11T06:16:46","guid":{"rendered":"http:\/\/fr.motocrossmag.be\/?p=118162"},"modified":"2022-06-11T11:17:05","modified_gmt":"2022-06-11T09:17:05","slug":"supercross-tomac-et-les-freres-lawrence-seront-a-paris-cet-automne","status":"publish","type":"post","link":"https:\/\/fr.motocrossmag.be\/index.php\/2022\/06\/supercross-tomac-et-les-freres-lawrence-seront-a-paris-cet-automne\/","title":{"rendered":"Supercross : Tomac et les fr\u00e8res Lawrence seront \u00e0 Paris cet automne"},"content":{"rendered":"<p><strong>Pour la cinqui\u00e8me fois, c&rsquo;est le stade de Paris-La D\u00e9fense qui accueillera cet automne le plus prestigieux des Supercross europ\u00e9ens. L&rsquo;\u00e9preuve parisienne est de retour avec un format sur deux journ\u00e9es, le samedi 12 novembre en soir\u00e9e puis le dimanche 13 novembre apr\u00e8s-midi.<\/strong><\/p>\n<p>Comme toujours, les organisateurs font le maximum pour pr\u00e9senter un plateau qui oppose les meilleurs Fran\u00e7ais et Europ\u00e9ens de la discipline face \u00e0 une d\u00e9l\u00e9gation de pilotes US de premier ordre. Et cela se pr\u00e9sente plut\u00f4t bien puisque les premiers noms annonc\u00e9s c\u00f4t\u00e9 US ne sont autres que ceux d&rsquo;Eli Tomac et des fr\u00e8res Jett et Hunter Lawrence.<\/p>\n<p>Plus d&rsquo;infos et billetterie : <a href=\"http:\/\/www.supercrossparis.com\" target=\"_blank\" rel=\"noopener\">www.supercrossparis.com<\/a><\/p>\n<p>&nbsp;<\/p>\n<p><iframe class=\"lazyload\" title=\"YouTube video player\" src=\"data:image\/svg+xml,%3Csvg%20xmlns%3D%27http%3A%2F%2Fwww.w3.org%2F2000%2Fsvg%27%20width%3D%27650%27%20height%3D%27366%27%20viewBox%3D%270%200%20650%20366%27%3E%3Crect%20width%3D%27650%27%20height%3D%27366%27%20fill-opacity%3D%220%22%2F%3E%3C%2Fsvg%3E\" data-orig-src=\"https:\/\/www.youtube.com\/embed\/AQX3Wixia9I\" width=\"650\" height=\"366\" frameborder=\"0\" allowfullscreen=\"allowfullscreen\"><\/iframe><\/p>\n","protected":false},"excerpt":{"rendered":"<p>Pour la cinqui\u00e8me fois, c&rsquo;est le stade de Paris-La D\u00e9fense qui accueillera cet automne le plus prestigieux des Supercross europ\u00e9ens. L&rsquo;\u00e9preuve parisienne est de retour avec un format sur deux [&#8230;]<\/p>\n","protected":false},"author":932,"featured_media":114423,"comment_status":"open","ping_status":"closed","sticky":false,"template":"","format":"standard","meta":{"footnotes":""},"categories":[54,57,4,5,55,65],"tags":[155,1087,1494,348,116],"class_list":["post-118162","post","type-post","status-publish","format-standard","has-post-thumbnail","hentry","category-actualite","category-calendriers","category-motocross","category-news","category-news-actualite","category-slideshow","tag-eli-tomac","tag-hunter-lawrence","tag-jett-lawrence","tag-paris","tag-supercross"],"yoast_head":"<!-- This site is optimized with the Yoast SEO plugin v27.4 - https:\/\/yoast.com\/product\/yoast-seo-wordpress\/ -->\n<title>Supercross : Tomac et les fr\u00e8res Lawrence seront \u00e0 Paris cet automne - Motocross - Enduro - Supermoto | MotocrossMag<\/title>\n<meta name=\"robots\" content=\"index, follow, max-snippet:-1, max-image-preview:large, max-video-preview:-1\" \/>\n<link rel=\"canonical\" href=\"https:\/\/fr.motocrossmag.be\/index.php\/2022\/06\/supercross-tomac-et-les-freres-lawrence-seront-a-paris-cet-automne\/\" \/>\n<meta property=\"og:locale\" content=\"fr_FR\" \/>\n<meta property=\"og:type\" content=\"article\" \/>\n<meta property=\"og:title\" content=\"Supercross : Tomac et les fr\u00e8res Lawrence seront \u00e0 Paris cet automne - Motocross - Enduro - Supermoto | MotocrossMag\" \/>\n<meta property=\"og:description\" content=\"Pour la cinqui\u00e8me fois, c&rsquo;est le stade de Paris-La D\u00e9fense qui accueillera cet automne le plus prestigieux des Supercross europ\u00e9ens. L&rsquo;\u00e9preuve parisienne est de retour avec un format sur deux [...]\" \/>\n<meta property=\"og:url\" content=\"https:\/\/fr.motocrossmag.be\/index.php\/2022\/06\/supercross-tomac-et-les-freres-lawrence-seront-a-paris-cet-automne\/\" \/>\n<meta property=\"og:site_name\" content=\"Motocross - Enduro - Supermoto | MotocrossMag\" \/>\n<meta property=\"article:published_time\" content=\"2022-06-11T06:16:46+00:00\" \/>\n<meta property=\"article:modified_time\" content=\"2022-06-11T09:17:05+00:00\" \/>\n<meta property=\"og:image\" content=\"https:\/\/fr.motocrossmag.be\/wp-content\/uploads\/2021\/12\/elit-tomac-yamaha-2022.jpeg\" \/>\n\t<meta property=\"og:image:width\" content=\"1000\" \/>\n\t<meta property=\"og:image:height\" content=\"666\" \/>\n\t<meta property=\"og:image:type\" content=\"image\/jpeg\" \/>\n<meta name=\"author\" content=\"oliviere\" \/>\n<meta name=\"twitter:card\" content=\"summary_large_image\" \/>\n<meta name=\"twitter:label1\" content=\"\u00c9crit par\" \/>\n\t<meta name=\"twitter:data1\" content=\"oliviere\" \/>\n\t<meta name=\"twitter:label2\" content=\"Dur\u00e9e de lecture estim\u00e9e\" \/>\n\t<meta name=\"twitter:data2\" content=\"1 minute\" \/>\n<script type=\"application\/ld+json\" class=\"yoast-schema-graph\">{\"@context\":\"https:\\\/\\\/schema.org\",\"@graph\":[{\"@type\":\"Article\",\"@id\":\"https:\\\/\\\/fr.motocrossmag.be\\\/index.php\\\/2022\\\/06\\\/supercross-tomac-et-les-freres-lawrence-seront-a-paris-cet-automne\\\/#article\",\"isPartOf\":{\"@id\":\"https:\\\/\\\/fr.motocrossmag.be\\\/index.php\\\/2022\\\/06\\\/supercross-tomac-et-les-freres-lawrence-seront-a-paris-cet-automne\\\/\"},\"author\":{\"name\":\"oliviere\",\"@id\":\"https:\\\/\\\/fr.motocrossmag.be\\\/#\\\/schema\\\/person\\\/11b47143d9f755babca2c9110e03235c\"},\"headline\":\"Supercross : Tomac et les fr\u00e8res Lawrence seront \u00e0 Paris cet automne\",\"datePublished\":\"2022-06-11T06:16:46+00:00\",\"dateModified\":\"2022-06-11T09:17:05+00:00\",\"mainEntityOfPage\":{\"@id\":\"https:\\\/\\\/fr.motocrossmag.be\\\/index.php\\\/2022\\\/06\\\/supercross-tomac-et-les-freres-lawrence-seront-a-paris-cet-automne\\\/\"},\"wordCount\":137,\"commentCount\":0,\"image\":{\"@id\":\"https:\\\/\\\/fr.motocrossmag.be\\\/index.php\\\/2022\\\/06\\\/supercross-tomac-et-les-freres-lawrence-seront-a-paris-cet-automne\\\/#primaryimage\"},\"thumbnailUrl\":\"https:\\\/\\\/fr.motocrossmag.be\\\/wp-content\\\/uploads\\\/2021\\\/12\\\/elit-tomac-yamaha-2022.jpeg\",\"keywords\":[\"Eli Tomac\",\"Hunter Lawrence\",\"jett lawrence\",\"paris\",\"Supercross\"],\"articleSection\":[\"Actualit\u00e9\",\"Calendriers\",\"Motocross\",\"News\",\"News\",\"Slideshow\"],\"inLanguage\":\"fr-FR\",\"potentialAction\":[{\"@type\":\"CommentAction\",\"name\":\"Comment\",\"target\":[\"https:\\\/\\\/fr.motocrossmag.be\\\/index.php\\\/2022\\\/06\\\/supercross-tomac-et-les-freres-lawrence-seront-a-paris-cet-automne\\\/#respond\"]}]},{\"@type\":\"WebPage\",\"@id\":\"https:\\\/\\\/fr.motocrossmag.be\\\/index.php\\\/2022\\\/06\\\/supercross-tomac-et-les-freres-lawrence-seront-a-paris-cet-automne\\\/\",\"url\":\"https:\\\/\\\/fr.motocrossmag.be\\\/index.php\\\/2022\\\/06\\\/supercross-tomac-et-les-freres-lawrence-seront-a-paris-cet-automne\\\/\",\"name\":\"Supercross : Tomac et les fr\u00e8res Lawrence seront \u00e0 Paris cet automne - Motocross - Enduro - Supermoto | MotocrossMag\",\"isPartOf\":{\"@id\":\"https:\\\/\\\/fr.motocrossmag.be\\\/#website\"},\"primaryImageOfPage\":{\"@id\":\"https:\\\/\\\/fr.motocrossmag.be\\\/index.php\\\/2022\\\/06\\\/supercross-tomac-et-les-freres-lawrence-seront-a-paris-cet-automne\\\/#primaryimage\"},\"image\":{\"@id\":\"https:\\\/\\\/fr.motocrossmag.be\\\/index.php\\\/2022\\\/06\\\/supercross-tomac-et-les-freres-lawrence-seront-a-paris-cet-automne\\\/#primaryimage\"},\"thumbnailUrl\":\"https:\\\/\\\/fr.motocrossmag.be\\\/wp-content\\\/uploads\\\/2021\\\/12\\\/elit-tomac-yamaha-2022.jpeg\",\"datePublished\":\"2022-06-11T06:16:46+00:00\",\"dateModified\":\"2022-06-11T09:17:05+00:00\",\"author\":{\"@id\":\"https:\\\/\\\/fr.motocrossmag.be\\\/#\\\/schema\\\/person\\\/11b47143d9f755babca2c9110e03235c\"},\"breadcrumb\":{\"@id\":\"https:\\\/\\\/fr.motocrossmag.be\\\/index.php\\\/2022\\\/06\\\/supercross-tomac-et-les-freres-lawrence-seront-a-paris-cet-automne\\\/#breadcrumb\"},\"inLanguage\":\"fr-FR\",\"potentialAction\":[{\"@type\":\"ReadAction\",\"target\":[\"https:\\\/\\\/fr.motocrossmag.be\\\/index.php\\\/2022\\\/06\\\/supercross-tomac-et-les-freres-lawrence-seront-a-paris-cet-automne\\\/\"]}]},{\"@type\":\"ImageObject\",\"inLanguage\":\"fr-FR\",\"@id\":\"https:\\\/\\\/fr.motocrossmag.be\\\/index.php\\\/2022\\\/06\\\/supercross-tomac-et-les-freres-lawrence-seront-a-paris-cet-automne\\\/#primaryimage\",\"url\":\"https:\\\/\\\/fr.motocrossmag.be\\\/wp-content\\\/uploads\\\/2021\\\/12\\\/elit-tomac-yamaha-2022.jpeg\",\"contentUrl\":\"https:\\\/\\\/fr.motocrossmag.be\\\/wp-content\\\/uploads\\\/2021\\\/12\\\/elit-tomac-yamaha-2022.jpeg\",\"width\":1000,\"height\":666},{\"@type\":\"BreadcrumbList\",\"@id\":\"https:\\\/\\\/fr.motocrossmag.be\\\/index.php\\\/2022\\\/06\\\/supercross-tomac-et-les-freres-lawrence-seront-a-paris-cet-automne\\\/#breadcrumb\",\"itemListElement\":[{\"@type\":\"ListItem\",\"position\":1,\"name\":\"Accueil\",\"item\":\"https:\\\/\\\/fr.motocrossmag.be\\\/\"},{\"@type\":\"ListItem\",\"position\":2,\"name\":\"Supercross : Tomac et les fr\u00e8res Lawrence seront \u00e0 Paris cet automne\"}]},{\"@type\":\"WebSite\",\"@id\":\"https:\\\/\\\/fr.motocrossmag.be\\\/#website\",\"url\":\"https:\\\/\\\/fr.motocrossmag.be\\\/\",\"name\":\"Motocross - Enduro - Supermoto | MotocrossMag\",\"description\":\"L&#039;actualit\u00e9 du motocross, de l&#039;enduro et du Supermoto en ligne!\",\"potentialAction\":[{\"@type\":\"SearchAction\",\"target\":{\"@type\":\"EntryPoint\",\"urlTemplate\":\"https:\\\/\\\/fr.motocrossmag.be\\\/?s={search_term_string}\"},\"query-input\":{\"@type\":\"PropertyValueSpecification\",\"valueRequired\":true,\"valueName\":\"search_term_string\"}}],\"inLanguage\":\"fr-FR\"},{\"@type\":\"Person\",\"@id\":\"https:\\\/\\\/fr.motocrossmag.be\\\/#\\\/schema\\\/person\\\/11b47143d9f755babca2c9110e03235c\",\"name\":\"oliviere\",\"image\":{\"@type\":\"ImageObject\",\"inLanguage\":\"fr-FR\",\"@id\":\"https:\\\/\\\/secure.gravatar.com\\\/avatar\\\/907069e0b81d119452040469e4a7501da1100f54f7f80180ce77bfab718288f6?s=96&d=mm&r=g\",\"url\":\"https:\\\/\\\/secure.gravatar.com\\\/avatar\\\/907069e0b81d119452040469e4a7501da1100f54f7f80180ce77bfab718288f6?s=96&d=mm&r=g\",\"contentUrl\":\"https:\\\/\\\/secure.gravatar.com\\\/avatar\\\/907069e0b81d119452040469e4a7501da1100f54f7f80180ce77bfab718288f6?s=96&d=mm&r=g\",\"caption\":\"oliviere\"},\"sameAs\":[\"http:\\\/\\\/www.motocrossmag.be\"],\"url\":\"https:\\\/\\\/fr.motocrossmag.be\\\/index.php\\\/author\\\/oliviere\\\/\"}]}<\/script>\n<!-- \/ Yoast SEO plugin. -->","yoast_head_json":{"title":"Supercross : Tomac et les fr\u00e8res Lawrence seront \u00e0 Paris cet automne - Motocross - Enduro - Supermoto | MotocrossMag","robots":{"index":"index","follow":"follow","max-snippet":"max-snippet:-1","max-image-preview":"max-image-preview:large","max-video-preview":"max-video-preview:-1"},"canonical":"https:\/\/fr.motocrossmag.be\/index.php\/2022\/06\/supercross-tomac-et-les-freres-lawrence-seront-a-paris-cet-automne\/","og_locale":"fr_FR","og_type":"article","og_title":"Supercross : Tomac et les fr\u00e8res Lawrence seront \u00e0 Paris cet automne - Motocross - Enduro - Supermoto | MotocrossMag","og_description":"Pour la cinqui\u00e8me fois, c&rsquo;est le stade de Paris-La D\u00e9fense qui accueillera cet automne le plus prestigieux des Supercross europ\u00e9ens. L&rsquo;\u00e9preuve parisienne est de retour avec un format sur deux [...]","og_url":"https:\/\/fr.motocrossmag.be\/index.php\/2022\/06\/supercross-tomac-et-les-freres-lawrence-seront-a-paris-cet-automne\/","og_site_name":"Motocross - Enduro - Supermoto | MotocrossMag","article_published_time":"2022-06-11T06:16:46+00:00","article_modified_time":"2022-06-11T09:17:05+00:00","og_image":[{"width":1000,"height":666,"url":"https:\/\/fr.motocrossmag.be\/wp-content\/uploads\/2021\/12\/elit-tomac-yamaha-2022.jpeg","type":"image\/jpeg"}],"author":"oliviere","twitter_card":"summary_large_image","twitter_misc":{"\u00c9crit par":"oliviere","Dur\u00e9e de lecture estim\u00e9e":"1 minute"},"schema":{"@context":"https:\/\/schema.org","@graph":[{"@type":"Article","@id":"https:\/\/fr.motocrossmag.be\/index.php\/2022\/06\/supercross-tomac-et-les-freres-lawrence-seront-a-paris-cet-automne\/#article","isPartOf":{"@id":"https:\/\/fr.motocrossmag.be\/index.php\/2022\/06\/supercross-tomac-et-les-freres-lawrence-seront-a-paris-cet-automne\/"},"author":{"name":"oliviere","@id":"https:\/\/fr.motocrossmag.be\/#\/schema\/person\/11b47143d9f755babca2c9110e03235c"},"headline":"Supercross : Tomac et les fr\u00e8res Lawrence seront \u00e0 Paris cet automne","datePublished":"2022-06-11T06:16:46+00:00","dateModified":"2022-06-11T09:17:05+00:00","mainEntityOfPage":{"@id":"https:\/\/fr.motocrossmag.be\/index.php\/2022\/06\/supercross-tomac-et-les-freres-lawrence-seront-a-paris-cet-automne\/"},"wordCount":137,"commentCount":0,"image":{"@id":"https:\/\/fr.motocrossmag.be\/index.php\/2022\/06\/supercross-tomac-et-les-freres-lawrence-seront-a-paris-cet-automne\/#primaryimage"},"thumbnailUrl":"https:\/\/fr.motocrossmag.be\/wp-content\/uploads\/2021\/12\/elit-tomac-yamaha-2022.jpeg","keywords":["Eli Tomac","Hunter Lawrence","jett lawrence","paris","Supercross"],"articleSection":["Actualit\u00e9","Calendriers","Motocross","News","News","Slideshow"],"inLanguage":"fr-FR","potentialAction":[{"@type":"CommentAction","name":"Comment","target":["https:\/\/fr.motocrossmag.be\/index.php\/2022\/06\/supercross-tomac-et-les-freres-lawrence-seront-a-paris-cet-automne\/#respond"]}]},{"@type":"WebPage","@id":"https:\/\/fr.motocrossmag.be\/index.php\/2022\/06\/supercross-tomac-et-les-freres-lawrence-seront-a-paris-cet-automne\/","url":"https:\/\/fr.motocrossmag.be\/index.php\/2022\/06\/supercross-tomac-et-les-freres-lawrence-seront-a-paris-cet-automne\/","name":"Supercross : Tomac et les fr\u00e8res Lawrence seront \u00e0 Paris cet automne - Motocross - Enduro - Supermoto | MotocrossMag","isPartOf":{"@id":"https:\/\/fr.motocrossmag.be\/#website"},"primaryImageOfPage":{"@id":"https:\/\/fr.motocrossmag.be\/index.php\/2022\/06\/supercross-tomac-et-les-freres-lawrence-seront-a-paris-cet-automne\/#primaryimage"},"image":{"@id":"https:\/\/fr.motocrossmag.be\/index.php\/2022\/06\/supercross-tomac-et-les-freres-lawrence-seront-a-paris-cet-automne\/#primaryimage"},"thumbnailUrl":"https:\/\/fr.motocrossmag.be\/wp-content\/uploads\/2021\/12\/elit-tomac-yamaha-2022.jpeg","datePublished":"2022-06-11T06:16:46+00:00","dateModified":"2022-06-11T09:17:05+00:00","author":{"@id":"https:\/\/fr.motocrossmag.be\/#\/schema\/person\/11b47143d9f755babca2c9110e03235c"},"breadcrumb":{"@id":"https:\/\/fr.motocrossmag.be\/index.php\/2022\/06\/supercross-tomac-et-les-freres-lawrence-seront-a-paris-cet-automne\/#breadcrumb"},"inLanguage":"fr-FR","potentialAction":[{"@type":"ReadAction","target":["https:\/\/fr.motocrossmag.be\/index.php\/2022\/06\/supercross-tomac-et-les-freres-lawrence-seront-a-paris-cet-automne\/"]}]},{"@type":"ImageObject","inLanguage":"fr-FR","@id":"https:\/\/fr.motocrossmag.be\/index.php\/2022\/06\/supercross-tomac-et-les-freres-lawrence-seront-a-paris-cet-automne\/#primaryimage","url":"https:\/\/fr.motocrossmag.be\/wp-content\/uploads\/2021\/12\/elit-tomac-yamaha-2022.jpeg","contentUrl":"https:\/\/fr.motocrossmag.be\/wp-content\/uploads\/2021\/12\/elit-tomac-yamaha-2022.jpeg","width":1000,"height":666},{"@type":"BreadcrumbList","@id":"https:\/\/fr.motocrossmag.be\/index.php\/2022\/06\/supercross-tomac-et-les-freres-lawrence-seront-a-paris-cet-automne\/#breadcrumb","itemListElement":[{"@type":"ListItem","position":1,"name":"Accueil","item":"https:\/\/fr.motocrossmag.be\/"},{"@type":"ListItem","position":2,"name":"Supercross : Tomac et les fr\u00e8res Lawrence seront \u00e0 Paris cet automne"}]},{"@type":"WebSite","@id":"https:\/\/fr.motocrossmag.be\/#website","url":"https:\/\/fr.motocrossmag.be\/","name":"Motocross - Enduro - Supermoto | MotocrossMag","description":"L&#039;actualit\u00e9 du motocross, de l&#039;enduro et du Supermoto en ligne!","potentialAction":[{"@type":"SearchAction","target":{"@type":"EntryPoint","urlTemplate":"https:\/\/fr.motocrossmag.be\/?s={search_term_string}"},"query-input":{"@type":"PropertyValueSpecification","valueRequired":true,"valueName":"search_term_string"}}],"inLanguage":"fr-FR"},{"@type":"Person","@id":"https:\/\/fr.motocrossmag.be\/#\/schema\/person\/11b47143d9f755babca2c9110e03235c","name":"oliviere","image":{"@type":"ImageObject","inLanguage":"fr-FR","@id":"https:\/\/secure.gravatar.com\/avatar\/907069e0b81d119452040469e4a7501da1100f54f7f80180ce77bfab718288f6?s=96&d=mm&r=g","url":"https:\/\/secure.gravatar.com\/avatar\/907069e0b81d119452040469e4a7501da1100f54f7f80180ce77bfab718288f6?s=96&d=mm&r=g","contentUrl":"https:\/\/secure.gravatar.com\/avatar\/907069e0b81d119452040469e4a7501da1100f54f7f80180ce77bfab718288f6?s=96&d=mm&r=g","caption":"oliviere"},"sameAs":["http:\/\/www.motocrossmag.be"],"url":"https:\/\/fr.motocrossmag.be\/index.php\/author\/oliviere\/"}]}},"_links":{"self":[{"href":"https:\/\/fr.motocrossmag.be\/index.php\/wp-json\/wp\/v2\/posts\/118162","targetHints":{"allow":["GET"]}}],"collection":[{"href":"https:\/\/fr.motocrossmag.be\/index.php\/wp-json\/wp\/v2\/posts"}],"about":[{"href":"https:\/\/fr.motocrossmag.be\/index.php\/wp-json\/wp\/v2\/types\/post"}],"author":[{"embeddable":true,"href":"https:\/\/fr.motocrossmag.be\/index.php\/wp-json\/wp\/v2\/users\/932"}],"replies":[{"embeddable":true,"href":"https:\/\/fr.motocrossmag.be\/index.php\/wp-json\/wp\/v2\/comments?post=118162"}],"version-history":[{"count":0,"href":"https:\/\/fr.motocrossmag.be\/index.php\/wp-json\/wp\/v2\/posts\/118162\/revisions"}],"wp:featuredmedia":[{"embeddable":true,"href":"https:\/\/fr.motocrossmag.be\/index.php\/wp-json\/wp\/v2\/media\/114423"}],"wp:attachment":[{"href":"https:\/\/fr.motocrossmag.be\/index.php\/wp-json\/wp\/v2\/media?parent=118162"}],"wp:term":[{"taxonomy":"category","embeddable":true,"href":"https:\/\/fr.motocrossmag.be\/index.php\/wp-json\/wp\/v2\/categories?post=118162"},{"taxonomy":"post_tag","embeddable":true,"href":"https:\/\/fr.motocrossmag.be\/index.php\/wp-json\/wp\/v2\/tags?post=118162"}],"curies":[{"name":"wp","href":"https:\/\/api.w.org\/{rel}","templated":true}]}}