{"id":118188,"date":"2022-06-13T11:53:16","date_gmt":"2022-06-13T09:53:16","guid":{"rendered":"http:\/\/fr.motocrossmag.be\/?p=118188"},"modified":"2022-06-13T11:53:16","modified_gmt":"2022-06-13T09:53:16","slug":"emx250-rick-elzinga-conforte-son-avantage-sacha-coenen-tout-pres-de-sa-premiere-victoire-de-manche","status":"publish","type":"post","link":"https:\/\/fr.motocrossmag.be\/index.php\/2022\/06\/emx250-rick-elzinga-conforte-son-avantage-sacha-coenen-tout-pres-de-sa-premiere-victoire-de-manche\/","title":{"rendered":"EMX250 : Rick Elzinga conforte son avantage, Sacha Coenen tout pr\u00e8s de sa premi\u00e8re victoire de manche"},"content":{"rendered":"<p><strong>La sixi\u00e8me \u00e9preuve comptant pour le championnat d&rsquo;Europe EMX250 s&rsquo;est disput\u00e9e ce week-end dans le cadre du GP d&rsquo;Allemagne \u00e0 Teutschenthal.<\/strong><\/p>\n<p>Si le vainqueur du jour Rick Elzinga a profit\u00e9 du week-end en demi-teinte de son rival dans la course au titre Cornelius Toendel pour lui\u00a0 prendre 19 points et ainsi porter son avantage en t\u00eate du championnat, position reprise la semaine pass\u00e9e sur le GP de France, \u00e0 20 points, on retiendra aussi de ce GP allemand la tr\u00e8s belle vitesse de pointe affich\u00e9e par Sacha Coenen.<\/p>\n<p>Notre compatriote a d&rsquo;abord fait jeu \u00e9gal avec Elzinga durant les deux premiers tiers de la premi\u00e8re manche avant de chuter et d&rsquo;abandonner. Mieux encore dans la seconde puisqu&rsquo;il menait depuis les premiers instants et semblait avoir la course sous contr\u00f4le quand il chutait \u00e0 deux tours de la fin. Une chute synonyme d&rsquo;un nouvel abandon pour le pilote Husqvarna qui a pourtant touch\u00e9 du bout des doigts sa premi\u00e8re victoire de manche \u00e0 ce niveau de la comp\u00e9tition. Ce n&rsquo;est sans doute que partie remise pour notre jeune compatriote.<\/p>\n<p>Son fr\u00e8re Lucas termine pour sa part le week-end allemand \u00e0 la 7\u00e8me place apr\u00e8s avoir pris la 9\u00e8me puis la 5\u00e8me positions dans les manches. Autre Belge en piste dans la cat\u00e9gorie, Wesly Dieudonne prend la 16\u00e8me place en premi\u00e8re manche et ajoute ainsi 5 points \u00e0 son score personnel.<\/p>\n<p>Il faut maintenant attendre le dernier week-end de juillet et le GP de Belgique \u00e0 Lommel pour vivre la suite du championnat EMX250.<\/p>\n<p><span style=\"color: #800000;\"><strong>R\u00e9sultats<\/strong><\/span><\/p>\n<p>MANCHE 1<\/p>\n<p>1. Andrea Bonacorsi (ITA, Yamaha), 30:17.940;\u00a02. Rick Elzinga (NED, Yamaha), +0:01.630;\u00a03. Maxime Grau (FRA, Husqvarna), +0:02.974; 4. Quentin Marc Prugnieres (FRA, Kawasaki), +0:04.189; 5. David Braceras (ESP, KTM), +0:18.096; 6. Camden Mc Lellan (RSA, KTM), +0:26.014; 7. Cornelius Toendel (NOR, Fantic), +0:28.079; 8. Jorgen-Matthias Talviku (EST, KTM), +0:29.924;\u00a0<strong>9. Lucas Coenen (BEL, Husqvarna), +0:30.774<\/strong>;\u00a010. Mike Gwerder (SUI, KTM), +0:32.370; 11. Scotty Verhaeghe (FRA, KTM), +0:33.313; 12. Haakon Osterhagen (NOR, Fantic), +0:34.620; 13. Eddie Wade (ESP, Kawasaki), +0:38.884; 14. Maximilian Spies (GER, KTM), +0:40.052; 15. Dave Kooiker (NED, Yamaha), +0:43.181; <strong>16. Wesly Dieudonne (BEL, KTM), +0:53.594;<\/strong> 17. Lorenzo Ciabatti (ITA, KTM), +0:54.196; 18. Jan Wagenknecht (CZE, Husqvarna), +0:56.018; 19. Magnus Smith (DEN, Yamaha), +0:58.448; 20. Luca Ruffini (ITA, GASGAS), +1:00.031; 21. Gerard Congost (ESP, KTM), +1:01.150; 22. Tom Grimshaw (GBR, GASGAS), +1:13.764; 23. Cato Nickel (GER, KTM), +1:14.889; 24. Andrea Rossi (ITA, Husqvarna), +1:18.502; 25. Adam Dusek (CZE, GASGAS), +1:19.764; 26. Max Palsson (SWE, KTM), +1:21.555; 27. Valentin Kees (GER, KTM), +1:21.678; 28. Yago Martinez (ESP, KTM), +1:27.883; 29. Raul Sanchez (ESP, GASGAS), +1:31.713; 30. Paul Bloy (GER, KTM), +1:33.432; 31. Eric Tomas (ESP, Yamaha), +1:34.514; 32. Federico Tuani (ITA, GASGAS), +1:42.380;\u00a033. Marcel Conijn (NED, KTM), +1:44.849; 34. Boris Blanken (NED, GASGAS), +1:57.675;\u00a035. Xavier Cazal (FRA, KTM), +2:02.721; 36. Pietro Razzini (ITA, Husqvarna), -1 lap(s);\u00a0<strong>37. Sacha Coenen (BEL, Husqvarna), -6 lap(s<\/strong>);\u00a038. Arvid L\u00fcning (SWE, GASGAS), -7 lap(s); 39. Tom Schr\u00f6der (GER, Honda), -10 lap(s); 40. Emilio Scuteri (ITA, TM), -12 lap(s);<\/p>\n<p>MANCHE 2<\/p>\n<p>1. Rick Elzinga (NED, Yamaha), 29:41.052;\u00a02. Maxime Grau (FRA, Husqvarna), +0:06.148; 3. Camden Mc Lellan (RSA, KTM), +0:07.921; 4. David Braceras (ESP, KTM), +0:08.812;\u00a0<strong>5. Lucas Coenen (BEL, Husqvarna), +0:09.714;<\/strong>\u00a06. Eddie Wade (ESP, Kawasaki), +0:17.083; 7. Cornelius Toendel (NOR, Fantic), +0:21.345; 8. Quentin Marc Prugnieres (FRA, Kawasaki), +0:27.999; 9. Haakon Osterhagen (NOR, Fantic), +0:31.628; 10. Andrea Bonacorsi (ITA, Yamaha), +0:35.659;\u00a011. Dave Kooiker (NED, Yamaha), +0:38.596;\u00a012. Gerard Congost (ESP, KTM), +0:39.064; 13. Scotty Verhaeghe (FRA, KTM), +0:41.108; 14. Magnus Smith (DEN, Yamaha), +0:42.738; 15. Maximilian Spies (GER, KTM), +0:43.561; 16. Mike Gwerder (SUI, KTM), +0:53.237; 17. Jan Wagenknecht (CZE, Husqvarna), +0:54.433; 18. Jorgen-Matthias Talviku (EST, KTM), +0:56.388; 19. Lorenzo Ciabatti (ITA, KTM), +0:58.246; 20. Federico Tuani (ITA, GASGAS), +1:00.641;\u00a0<strong>21. Wesly Dieudonne (BEL, KTM), +1:01.955<\/strong>;\u00a022. Max Palsson (SWE, KTM), +1:03.641; 23. Tom Grimshaw (GBR, GASGAS), +1:04.305; 24. Arvid L\u00fcning (SWE, GASGAS), +1:07.927; 25. Cato Nickel (GER, KTM), +1:10.989; 26. Emilio Scuteri (ITA, TM), +1:12.450; 27. Andrea Rossi (ITA, Husqvarna), +1:16.783; 28. Adam Dusek (CZE, GASGAS), +1:21.578; 29. Paul Bloy (GER, KTM), +1:26.299; 30. Eric Tomas (ESP, Yamaha), +1:29.643; 31. Luca Ruffini (ITA, GASGAS), +1:33.988; 32. Xavier Cazal (FRA, KTM), +1:37.489;\u00a033. Marcel Conijn (NED, KTM), +1:39.476; 34. Boris Blanken (NED, GASGAS), +1:41.420;\u00a035. Pietro Razzini (ITA, Husqvarna), +1:44.228;\u00a0<strong>36. Sacha Coenen (BEL, Husqvarna), -2 lap(s);<\/strong>\u00a037. Raul Sanchez (ESP, GASGAS), -6 lap(s); 38. Valentin Kees (GER, KTM), -9 lap(s); 39. Yago Martinez (ESP, KTM), -12 lap(s); 40. Tom Schr\u00f6der (GER, Honda), -13 lap(s);<\/p>\n<p>CLASSEMENT GENERAL EMX250<\/p>\n<p>1. Rick Elzinga (NED, YAM), 47 points;\u00a02. Maxime Grau (FRA, HUS), 42 p.; 3. Andrea Bonacorsi (ITA, YAM), 36 p.; 4. Camden Mc Lellan (RSA, KTM), 35 p.; 5. David Braceras (ESP, KTM), 34 p.; 6. Quentin Marc Prugnieres (FRA, KAW), 31 p.; <strong>7. Lucas Coenen (BEL, HUS), 28 p.;<\/strong> 8. Cornelius Toendel (NOR, FAN), 28 p.; 9. Eddie Wade (ESP, KAW), 23 p.; 10. Haakon Osterhagen (NOR, FAN), 21 p.; 11. Scotty Verhaeghe (FRA, KTM), 18 p.; 12. Dave Kooiker (NED, YAM), 16 p.; 13. Mike Gwerder (SUI, KTM), 16 p.; 14. Jorgen-Matthias Talviku (EST, KTM), 16 p.; 15. Maximilian Spies (GER, KTM), 13 p.; 16. Gerard Congost (ESP, KTM), 9 p.; 17. Magnus Smith (DEN, YAM), 9 p.; 18. Jan Wagenknecht (CZE, HUS), 7 p.; 19. Lorenzo Ciabatti (ITA, KTM), 6 p.;\u00a0<strong>20. Wesly Dieudonne (BEL, KTM), 5 p.<\/strong>;\u00a021. Federico Tuani (ITA, GAS), 1 p.; 22. Luca Ruffini (ITA, GAS), 1 p.; 23. Max Palsson (SWE, KTM), 0 p.; 24. Tom Grimshaw (GBR, GAS), 0 p.; 25. Arvid L\u00fcning (SWE, GAS), 0 p.; 26. Cato Nickel (GER, KTM), 0 p.; 27. Emilio Scuteri (ITA, TM), 0 p.; 28. Andrea Rossi (ITA, HUS), 0 p.; 29. Adam Dusek (CZE, GAS), 0 p.; 30. Paul Bloy (GER, KTM), 0 p.; 31. Eric Tomas (ESP, YAM), 0 p.; 32. Xavier Cazal (FRA, KTM), 0 p.;\u00a033. Marcel Conijn (NED, KTM), 0 p.; 34. Boris Blanken (NED, GAS), 0 p.;\u00a035. Pietro Razzini (ITA, HUS), 0 p.;\u00a0<strong>36. Sacha Coenen (BEL, HUS), 0 p.;<\/strong>\u00a037. Raul Sanchez (ESP, GAS), 0 p.; 38. Valentin Kees (GER, KTM), 0 p.; 39. Yago Martinez (ESP, KTM), 0 p.; 40. Tom Schr\u00f6der (GER, HON), 0 p.;<\/p>\n<div><\/div>\n<p>CLASSEMENT PROVISOIRE EMX250<\/p>\n<p>1. Rick Elzinga (NED, YAM), 241 points;\u00a02. Cornelius Toendel (NOR, FAN), 221 p.; 3. Andrea Bonacorsi (ITA, YAM), 166 p.; 4. Camden Mc Lellan (RSA, KTM), 159 p.;\u00a0<strong>5. Lucas Coenen (BEL, HUS), 158 p.<\/strong>;\u00a06. Haakon Osterhagen (NOR, FAN), 151 p.; 7. David Braceras (ESP, KTM), 147 p.; 8. Quentin Marc Prugnieres (FRA, KAW), 145 p.; 9. Jorgen-Matthias Talviku (EST, KTM), 113 p.; 10. Mike Gwerder (SUI, KTM), 102 p.; 11. Maximilian Spies (GER, KTM), 100 p.; 12. Yago Martinez (ESP, KTM), 90 p.;\u00a013. Dave Kooiker (NED, YAM), 76 p.;\u00a014. Eddie Wade (ESP, KAW), 75 p.; 15. Meico Vettik (EST, KTM), 68 p.; 16. Oriol Oliver (ESP, KTM), 62 p.; 17. Marcel Stauffer (AUT, KTM), 60 p.; 18. Paolo Lugana (ITA, KTM), 56 p.; 19. Lorenzo Ciabatti (ITA, KTM), 49 p.; 20. Maxime Grau (FRA, HUS), 42 p.; 21. Gerard Congost (ESP, KTM), 40 p.; 22. Scotty Verhaeghe (FRA, KTM), 37 p.;\u00a023. Cas Valk (NED, FAN), 29 p.;\u00a024. Federico Tuani (ITA, GAS), 29 p.; 25. Guillem Farres (ESP, GAS), 28 p.;\u00a0<strong>26. Sacha Coenen (BEL, HUS), 28 p.;<\/strong> 27. Raf Meuwissen (NED, KTM), 28 p.;\u00a028. Andrea Rossi (ITA, HUS), 25 p.; 29. Max Palsson (SWE, KTM), 21 p.;\u00a0<strong>30. Wesly Dieudonne (BEL, KTM), 21 p.<\/strong>;\u00a031. Emilio Scuteri (ITA, TM), 13 p.; 32. Joel Rizzi (GBR, YAM), 10 p.; 33. Marcel Conijn (NED, KTM), 10 p.; 34. Magnus Smith (DEN, YAM), 9 p.; 35. Arvid L\u00fcning (SWE, GAS), 7 p.; 36. Jan Wagenknecht (CZE, HUS), 7 p.; 37. Sander Agard-Michelsen (NOR, YAM), 5 p.; 38. Mairis Pumpurs (LAT, YAM), 4 p.; 39. Valerio Lata (ITA, KTM), 3 p.; 40. Francesco Bassi (ITA, KTM), 3 p.; 41. Tom Grimshaw (GBR, GAS), 3 p.; 42. Pietro Razzini (ITA, HUS), 3 p.; 43. Mario Tamai (ITA, GAS), 2 p.; 44. Eugenio Barbaglia (ITA, KTM), 1 p.; 45. James Carpenter (GBR, KTM), 1 p.; 46. Andrea Viano (ITA, HUS), 1 p.;\u00a047. Jens Walvoort (NED, KTM), 1 p.;\u00a048. Tommaso Sarasso (ITA, KTM), 1 p.; 49. Luca Ruffini (ITA, GAS), 1 p.;<\/p>\n","protected":false},"excerpt":{"rendered":"<p>La sixi\u00e8me \u00e9preuve comptant pour le championnat d&rsquo;Europe EMX250 s&rsquo;est disput\u00e9e ce week-end dans le cadre du GP d&rsquo;Allemagne \u00e0 Teutschenthal. Si le vainqueur du jour Rick Elzinga a profit\u00e9 [&#8230;]<\/p>\n","protected":false},"author":932,"featured_media":118189,"comment_status":"open","ping_status":"closed","sticky":false,"template":"","format":"standard","meta":{"footnotes":""},"categories":[54,128,4,5,55,56,65],"tags":[1165,1265,947,295],"class_list":["post-118188","post","type-post","status-publish","format-standard","has-post-thumbnail","hentry","category-actualite","category-emx-125-emx2","category-motocross","category-news","category-news-actualite","category-resultats","category-slideshow","tag-emx","tag-lucas-coenen","tag-motocross","tag-teutschenthal"],"yoast_head":"<!-- This site is optimized with the Yoast SEO plugin v27.4 - https:\/\/yoast.com\/product\/yoast-seo-wordpress\/ -->\n<title>EMX250 : Rick Elzinga conforte son avantage, Sacha Coenen tout pr\u00e8s de sa premi\u00e8re victoire de manche - Motocross - Enduro - Supermoto | MotocrossMag<\/title>\n<meta name=\"robots\" content=\"index, follow, max-snippet:-1, max-image-preview:large, max-video-preview:-1\" \/>\n<link rel=\"canonical\" href=\"https:\/\/fr.motocrossmag.be\/index.php\/2022\/06\/emx250-rick-elzinga-conforte-son-avantage-sacha-coenen-tout-pres-de-sa-premiere-victoire-de-manche\/\" \/>\n<meta property=\"og:locale\" content=\"fr_FR\" \/>\n<meta property=\"og:type\" content=\"article\" \/>\n<meta property=\"og:title\" content=\"EMX250 : Rick Elzinga conforte son avantage, Sacha Coenen tout pr\u00e8s de sa premi\u00e8re victoire de manche - Motocross - Enduro - Supermoto | MotocrossMag\" \/>\n<meta property=\"og:description\" content=\"La sixi\u00e8me \u00e9preuve comptant pour le championnat d&rsquo;Europe EMX250 s&rsquo;est disput\u00e9e ce week-end dans le cadre du GP d&rsquo;Allemagne \u00e0 Teutschenthal. Si le vainqueur du jour Rick Elzinga a profit\u00e9 [...]\" \/>\n<meta property=\"og:url\" content=\"https:\/\/fr.motocrossmag.be\/index.php\/2022\/06\/emx250-rick-elzinga-conforte-son-avantage-sacha-coenen-tout-pres-de-sa-premiere-victoire-de-manche\/\" \/>\n<meta property=\"og:site_name\" content=\"Motocross - Enduro - Supermoto | MotocrossMag\" \/>\n<meta property=\"article:published_time\" content=\"2022-06-13T09:53:16+00:00\" \/>\n<meta property=\"og:image\" content=\"https:\/\/fr.motocrossmag.be\/wp-content\/uploads\/2022\/06\/rick-elzinga-allemagne.jpg\" \/>\n\t<meta property=\"og:image:width\" content=\"1000\" \/>\n\t<meta property=\"og:image:height\" content=\"666\" \/>\n\t<meta property=\"og:image:type\" content=\"image\/jpeg\" \/>\n<meta name=\"author\" content=\"oliviere\" \/>\n<meta name=\"twitter:card\" content=\"summary_large_image\" \/>\n<meta name=\"twitter:label1\" content=\"\u00c9crit par\" \/>\n\t<meta name=\"twitter:data1\" content=\"oliviere\" \/>\n\t<meta name=\"twitter:label2\" content=\"Dur\u00e9e de lecture estim\u00e9e\" \/>\n\t<meta name=\"twitter:data2\" content=\"5 minutes\" \/>\n<script type=\"application\/ld+json\" class=\"yoast-schema-graph\">{\"@context\":\"https:\\\/\\\/schema.org\",\"@graph\":[{\"@type\":\"Article\",\"@id\":\"https:\\\/\\\/fr.motocrossmag.be\\\/index.php\\\/2022\\\/06\\\/emx250-rick-elzinga-conforte-son-avantage-sacha-coenen-tout-pres-de-sa-premiere-victoire-de-manche\\\/#article\",\"isPartOf\":{\"@id\":\"https:\\\/\\\/fr.motocrossmag.be\\\/index.php\\\/2022\\\/06\\\/emx250-rick-elzinga-conforte-son-avantage-sacha-coenen-tout-pres-de-sa-premiere-victoire-de-manche\\\/\"},\"author\":{\"name\":\"oliviere\",\"@id\":\"https:\\\/\\\/fr.motocrossmag.be\\\/#\\\/schema\\\/person\\\/11b47143d9f755babca2c9110e03235c\"},\"headline\":\"EMX250 : Rick Elzinga conforte son avantage, Sacha Coenen tout pr\u00e8s de sa premi\u00e8re victoire de manche\",\"datePublished\":\"2022-06-13T09:53:16+00:00\",\"mainEntityOfPage\":{\"@id\":\"https:\\\/\\\/fr.motocrossmag.be\\\/index.php\\\/2022\\\/06\\\/emx250-rick-elzinga-conforte-son-avantage-sacha-coenen-tout-pres-de-sa-premiere-victoire-de-manche\\\/\"},\"wordCount\":1102,\"commentCount\":0,\"image\":{\"@id\":\"https:\\\/\\\/fr.motocrossmag.be\\\/index.php\\\/2022\\\/06\\\/emx250-rick-elzinga-conforte-son-avantage-sacha-coenen-tout-pres-de-sa-premiere-victoire-de-manche\\\/#primaryimage\"},\"thumbnailUrl\":\"https:\\\/\\\/fr.motocrossmag.be\\\/wp-content\\\/uploads\\\/2022\\\/06\\\/rick-elzinga-allemagne.jpg\",\"keywords\":[\"EMX\",\"lucas coenen\",\"Motocross\",\"Teutschenthal\"],\"articleSection\":[\"Actualit\u00e9\",\"EMX\",\"Motocross\",\"News\",\"News\",\"R\u00e9sultats\",\"Slideshow\"],\"inLanguage\":\"fr-FR\",\"potentialAction\":[{\"@type\":\"CommentAction\",\"name\":\"Comment\",\"target\":[\"https:\\\/\\\/fr.motocrossmag.be\\\/index.php\\\/2022\\\/06\\\/emx250-rick-elzinga-conforte-son-avantage-sacha-coenen-tout-pres-de-sa-premiere-victoire-de-manche\\\/#respond\"]}]},{\"@type\":\"WebPage\",\"@id\":\"https:\\\/\\\/fr.motocrossmag.be\\\/index.php\\\/2022\\\/06\\\/emx250-rick-elzinga-conforte-son-avantage-sacha-coenen-tout-pres-de-sa-premiere-victoire-de-manche\\\/\",\"url\":\"https:\\\/\\\/fr.motocrossmag.be\\\/index.php\\\/2022\\\/06\\\/emx250-rick-elzinga-conforte-son-avantage-sacha-coenen-tout-pres-de-sa-premiere-victoire-de-manche\\\/\",\"name\":\"EMX250 : Rick Elzinga conforte son avantage, Sacha Coenen tout pr\u00e8s de sa premi\u00e8re victoire de manche - Motocross - Enduro - Supermoto | MotocrossMag\",\"isPartOf\":{\"@id\":\"https:\\\/\\\/fr.motocrossmag.be\\\/#website\"},\"primaryImageOfPage\":{\"@id\":\"https:\\\/\\\/fr.motocrossmag.be\\\/index.php\\\/2022\\\/06\\\/emx250-rick-elzinga-conforte-son-avantage-sacha-coenen-tout-pres-de-sa-premiere-victoire-de-manche\\\/#primaryimage\"},\"image\":{\"@id\":\"https:\\\/\\\/fr.motocrossmag.be\\\/index.php\\\/2022\\\/06\\\/emx250-rick-elzinga-conforte-son-avantage-sacha-coenen-tout-pres-de-sa-premiere-victoire-de-manche\\\/#primaryimage\"},\"thumbnailUrl\":\"https:\\\/\\\/fr.motocrossmag.be\\\/wp-content\\\/uploads\\\/2022\\\/06\\\/rick-elzinga-allemagne.jpg\",\"datePublished\":\"2022-06-13T09:53:16+00:00\",\"author\":{\"@id\":\"https:\\\/\\\/fr.motocrossmag.be\\\/#\\\/schema\\\/person\\\/11b47143d9f755babca2c9110e03235c\"},\"breadcrumb\":{\"@id\":\"https:\\\/\\\/fr.motocrossmag.be\\\/index.php\\\/2022\\\/06\\\/emx250-rick-elzinga-conforte-son-avantage-sacha-coenen-tout-pres-de-sa-premiere-victoire-de-manche\\\/#breadcrumb\"},\"inLanguage\":\"fr-FR\",\"potentialAction\":[{\"@type\":\"ReadAction\",\"target\":[\"https:\\\/\\\/fr.motocrossmag.be\\\/index.php\\\/2022\\\/06\\\/emx250-rick-elzinga-conforte-son-avantage-sacha-coenen-tout-pres-de-sa-premiere-victoire-de-manche\\\/\"]}]},{\"@type\":\"ImageObject\",\"inLanguage\":\"fr-FR\",\"@id\":\"https:\\\/\\\/fr.motocrossmag.be\\\/index.php\\\/2022\\\/06\\\/emx250-rick-elzinga-conforte-son-avantage-sacha-coenen-tout-pres-de-sa-premiere-victoire-de-manche\\\/#primaryimage\",\"url\":\"https:\\\/\\\/fr.motocrossmag.be\\\/wp-content\\\/uploads\\\/2022\\\/06\\\/rick-elzinga-allemagne.jpg\",\"contentUrl\":\"https:\\\/\\\/fr.motocrossmag.be\\\/wp-content\\\/uploads\\\/2022\\\/06\\\/rick-elzinga-allemagne.jpg\",\"width\":\"1000\",\"height\":\"666\"},{\"@type\":\"BreadcrumbList\",\"@id\":\"https:\\\/\\\/fr.motocrossmag.be\\\/index.php\\\/2022\\\/06\\\/emx250-rick-elzinga-conforte-son-avantage-sacha-coenen-tout-pres-de-sa-premiere-victoire-de-manche\\\/#breadcrumb\",\"itemListElement\":[{\"@type\":\"ListItem\",\"position\":1,\"name\":\"Accueil\",\"item\":\"https:\\\/\\\/fr.motocrossmag.be\\\/\"},{\"@type\":\"ListItem\",\"position\":2,\"name\":\"EMX250 : Rick Elzinga conforte son avantage, Sacha Coenen tout pr\u00e8s de sa premi\u00e8re victoire de manche\"}]},{\"@type\":\"WebSite\",\"@id\":\"https:\\\/\\\/fr.motocrossmag.be\\\/#website\",\"url\":\"https:\\\/\\\/fr.motocrossmag.be\\\/\",\"name\":\"Motocross - Enduro - Supermoto | MotocrossMag\",\"description\":\"L&#039;actualit\u00e9 du motocross, de l&#039;enduro et du Supermoto en ligne!\",\"potentialAction\":[{\"@type\":\"SearchAction\",\"target\":{\"@type\":\"EntryPoint\",\"urlTemplate\":\"https:\\\/\\\/fr.motocrossmag.be\\\/?s={search_term_string}\"},\"query-input\":{\"@type\":\"PropertyValueSpecification\",\"valueRequired\":true,\"valueName\":\"search_term_string\"}}],\"inLanguage\":\"fr-FR\"},{\"@type\":\"Person\",\"@id\":\"https:\\\/\\\/fr.motocrossmag.be\\\/#\\\/schema\\\/person\\\/11b47143d9f755babca2c9110e03235c\",\"name\":\"oliviere\",\"image\":{\"@type\":\"ImageObject\",\"inLanguage\":\"fr-FR\",\"@id\":\"https:\\\/\\\/secure.gravatar.com\\\/avatar\\\/907069e0b81d119452040469e4a7501da1100f54f7f80180ce77bfab718288f6?s=96&d=mm&r=g\",\"url\":\"https:\\\/\\\/secure.gravatar.com\\\/avatar\\\/907069e0b81d119452040469e4a7501da1100f54f7f80180ce77bfab718288f6?s=96&d=mm&r=g\",\"contentUrl\":\"https:\\\/\\\/secure.gravatar.com\\\/avatar\\\/907069e0b81d119452040469e4a7501da1100f54f7f80180ce77bfab718288f6?s=96&d=mm&r=g\",\"caption\":\"oliviere\"},\"sameAs\":[\"http:\\\/\\\/www.motocrossmag.be\"],\"url\":\"https:\\\/\\\/fr.motocrossmag.be\\\/index.php\\\/author\\\/oliviere\\\/\"}]}<\/script>\n<!-- \/ Yoast SEO plugin. -->","yoast_head_json":{"title":"EMX250 : Rick Elzinga conforte son avantage, Sacha Coenen tout pr\u00e8s de sa premi\u00e8re victoire de manche - Motocross - Enduro - Supermoto | MotocrossMag","robots":{"index":"index","follow":"follow","max-snippet":"max-snippet:-1","max-image-preview":"max-image-preview:large","max-video-preview":"max-video-preview:-1"},"canonical":"https:\/\/fr.motocrossmag.be\/index.php\/2022\/06\/emx250-rick-elzinga-conforte-son-avantage-sacha-coenen-tout-pres-de-sa-premiere-victoire-de-manche\/","og_locale":"fr_FR","og_type":"article","og_title":"EMX250 : Rick Elzinga conforte son avantage, Sacha Coenen tout pr\u00e8s de sa premi\u00e8re victoire de manche - Motocross - Enduro - Supermoto | MotocrossMag","og_description":"La sixi\u00e8me \u00e9preuve comptant pour le championnat d&rsquo;Europe EMX250 s&rsquo;est disput\u00e9e ce week-end dans le cadre du GP d&rsquo;Allemagne \u00e0 Teutschenthal. Si le vainqueur du jour Rick Elzinga a profit\u00e9 [...]","og_url":"https:\/\/fr.motocrossmag.be\/index.php\/2022\/06\/emx250-rick-elzinga-conforte-son-avantage-sacha-coenen-tout-pres-de-sa-premiere-victoire-de-manche\/","og_site_name":"Motocross - Enduro - Supermoto | MotocrossMag","article_published_time":"2022-06-13T09:53:16+00:00","og_image":[{"width":1000,"height":666,"url":"https:\/\/fr.motocrossmag.be\/wp-content\/uploads\/2022\/06\/rick-elzinga-allemagne.jpg","type":"image\/jpeg"}],"author":"oliviere","twitter_card":"summary_large_image","twitter_misc":{"\u00c9crit par":"oliviere","Dur\u00e9e de lecture estim\u00e9e":"5 minutes"},"schema":{"@context":"https:\/\/schema.org","@graph":[{"@type":"Article","@id":"https:\/\/fr.motocrossmag.be\/index.php\/2022\/06\/emx250-rick-elzinga-conforte-son-avantage-sacha-coenen-tout-pres-de-sa-premiere-victoire-de-manche\/#article","isPartOf":{"@id":"https:\/\/fr.motocrossmag.be\/index.php\/2022\/06\/emx250-rick-elzinga-conforte-son-avantage-sacha-coenen-tout-pres-de-sa-premiere-victoire-de-manche\/"},"author":{"name":"oliviere","@id":"https:\/\/fr.motocrossmag.be\/#\/schema\/person\/11b47143d9f755babca2c9110e03235c"},"headline":"EMX250 : Rick Elzinga conforte son avantage, Sacha Coenen tout pr\u00e8s de sa premi\u00e8re victoire de manche","datePublished":"2022-06-13T09:53:16+00:00","mainEntityOfPage":{"@id":"https:\/\/fr.motocrossmag.be\/index.php\/2022\/06\/emx250-rick-elzinga-conforte-son-avantage-sacha-coenen-tout-pres-de-sa-premiere-victoire-de-manche\/"},"wordCount":1102,"commentCount":0,"image":{"@id":"https:\/\/fr.motocrossmag.be\/index.php\/2022\/06\/emx250-rick-elzinga-conforte-son-avantage-sacha-coenen-tout-pres-de-sa-premiere-victoire-de-manche\/#primaryimage"},"thumbnailUrl":"https:\/\/fr.motocrossmag.be\/wp-content\/uploads\/2022\/06\/rick-elzinga-allemagne.jpg","keywords":["EMX","lucas coenen","Motocross","Teutschenthal"],"articleSection":["Actualit\u00e9","EMX","Motocross","News","News","R\u00e9sultats","Slideshow"],"inLanguage":"fr-FR","potentialAction":[{"@type":"CommentAction","name":"Comment","target":["https:\/\/fr.motocrossmag.be\/index.php\/2022\/06\/emx250-rick-elzinga-conforte-son-avantage-sacha-coenen-tout-pres-de-sa-premiere-victoire-de-manche\/#respond"]}]},{"@type":"WebPage","@id":"https:\/\/fr.motocrossmag.be\/index.php\/2022\/06\/emx250-rick-elzinga-conforte-son-avantage-sacha-coenen-tout-pres-de-sa-premiere-victoire-de-manche\/","url":"https:\/\/fr.motocrossmag.be\/index.php\/2022\/06\/emx250-rick-elzinga-conforte-son-avantage-sacha-coenen-tout-pres-de-sa-premiere-victoire-de-manche\/","name":"EMX250 : Rick Elzinga conforte son avantage, Sacha Coenen tout pr\u00e8s de sa premi\u00e8re victoire de manche - Motocross - Enduro - Supermoto | MotocrossMag","isPartOf":{"@id":"https:\/\/fr.motocrossmag.be\/#website"},"primaryImageOfPage":{"@id":"https:\/\/fr.motocrossmag.be\/index.php\/2022\/06\/emx250-rick-elzinga-conforte-son-avantage-sacha-coenen-tout-pres-de-sa-premiere-victoire-de-manche\/#primaryimage"},"image":{"@id":"https:\/\/fr.motocrossmag.be\/index.php\/2022\/06\/emx250-rick-elzinga-conforte-son-avantage-sacha-coenen-tout-pres-de-sa-premiere-victoire-de-manche\/#primaryimage"},"thumbnailUrl":"https:\/\/fr.motocrossmag.be\/wp-content\/uploads\/2022\/06\/rick-elzinga-allemagne.jpg","datePublished":"2022-06-13T09:53:16+00:00","author":{"@id":"https:\/\/fr.motocrossmag.be\/#\/schema\/person\/11b47143d9f755babca2c9110e03235c"},"breadcrumb":{"@id":"https:\/\/fr.motocrossmag.be\/index.php\/2022\/06\/emx250-rick-elzinga-conforte-son-avantage-sacha-coenen-tout-pres-de-sa-premiere-victoire-de-manche\/#breadcrumb"},"inLanguage":"fr-FR","potentialAction":[{"@type":"ReadAction","target":["https:\/\/fr.motocrossmag.be\/index.php\/2022\/06\/emx250-rick-elzinga-conforte-son-avantage-sacha-coenen-tout-pres-de-sa-premiere-victoire-de-manche\/"]}]},{"@type":"ImageObject","inLanguage":"fr-FR","@id":"https:\/\/fr.motocrossmag.be\/index.php\/2022\/06\/emx250-rick-elzinga-conforte-son-avantage-sacha-coenen-tout-pres-de-sa-premiere-victoire-de-manche\/#primaryimage","url":"https:\/\/fr.motocrossmag.be\/wp-content\/uploads\/2022\/06\/rick-elzinga-allemagne.jpg","contentUrl":"https:\/\/fr.motocrossmag.be\/wp-content\/uploads\/2022\/06\/rick-elzinga-allemagne.jpg","width":"1000","height":"666"},{"@type":"BreadcrumbList","@id":"https:\/\/fr.motocrossmag.be\/index.php\/2022\/06\/emx250-rick-elzinga-conforte-son-avantage-sacha-coenen-tout-pres-de-sa-premiere-victoire-de-manche\/#breadcrumb","itemListElement":[{"@type":"ListItem","position":1,"name":"Accueil","item":"https:\/\/fr.motocrossmag.be\/"},{"@type":"ListItem","position":2,"name":"EMX250 : Rick Elzinga conforte son avantage, Sacha Coenen tout pr\u00e8s de sa premi\u00e8re victoire de manche"}]},{"@type":"WebSite","@id":"https:\/\/fr.motocrossmag.be\/#website","url":"https:\/\/fr.motocrossmag.be\/","name":"Motocross - Enduro - Supermoto | MotocrossMag","description":"L&#039;actualit\u00e9 du motocross, de l&#039;enduro et du Supermoto en ligne!","potentialAction":[{"@type":"SearchAction","target":{"@type":"EntryPoint","urlTemplate":"https:\/\/fr.motocrossmag.be\/?s={search_term_string}"},"query-input":{"@type":"PropertyValueSpecification","valueRequired":true,"valueName":"search_term_string"}}],"inLanguage":"fr-FR"},{"@type":"Person","@id":"https:\/\/fr.motocrossmag.be\/#\/schema\/person\/11b47143d9f755babca2c9110e03235c","name":"oliviere","image":{"@type":"ImageObject","inLanguage":"fr-FR","@id":"https:\/\/secure.gravatar.com\/avatar\/907069e0b81d119452040469e4a7501da1100f54f7f80180ce77bfab718288f6?s=96&d=mm&r=g","url":"https:\/\/secure.gravatar.com\/avatar\/907069e0b81d119452040469e4a7501da1100f54f7f80180ce77bfab718288f6?s=96&d=mm&r=g","contentUrl":"https:\/\/secure.gravatar.com\/avatar\/907069e0b81d119452040469e4a7501da1100f54f7f80180ce77bfab718288f6?s=96&d=mm&r=g","caption":"oliviere"},"sameAs":["http:\/\/www.motocrossmag.be"],"url":"https:\/\/fr.motocrossmag.be\/index.php\/author\/oliviere\/"}]}},"_links":{"self":[{"href":"https:\/\/fr.motocrossmag.be\/index.php\/wp-json\/wp\/v2\/posts\/118188","targetHints":{"allow":["GET"]}}],"collection":[{"href":"https:\/\/fr.motocrossmag.be\/index.php\/wp-json\/wp\/v2\/posts"}],"about":[{"href":"https:\/\/fr.motocrossmag.be\/index.php\/wp-json\/wp\/v2\/types\/post"}],"author":[{"embeddable":true,"href":"https:\/\/fr.motocrossmag.be\/index.php\/wp-json\/wp\/v2\/users\/932"}],"replies":[{"embeddable":true,"href":"https:\/\/fr.motocrossmag.be\/index.php\/wp-json\/wp\/v2\/comments?post=118188"}],"version-history":[{"count":0,"href":"https:\/\/fr.motocrossmag.be\/index.php\/wp-json\/wp\/v2\/posts\/118188\/revisions"}],"wp:featuredmedia":[{"embeddable":true,"href":"https:\/\/fr.motocrossmag.be\/index.php\/wp-json\/wp\/v2\/media\/118189"}],"wp:attachment":[{"href":"https:\/\/fr.motocrossmag.be\/index.php\/wp-json\/wp\/v2\/media?parent=118188"}],"wp:term":[{"taxonomy":"category","embeddable":true,"href":"https:\/\/fr.motocrossmag.be\/index.php\/wp-json\/wp\/v2\/categories?post=118188"},{"taxonomy":"post_tag","embeddable":true,"href":"https:\/\/fr.motocrossmag.be\/index.php\/wp-json\/wp\/v2\/tags?post=118188"}],"curies":[{"name":"wp","href":"https:\/\/api.w.org\/{rel}","templated":true}]}}