{"id":118233,"date":"2022-06-16T16:10:52","date_gmt":"2022-06-16T14:10:52","guid":{"rendered":"http:\/\/fr.motocrossmag.be\/?p=118233"},"modified":"2022-06-16T16:10:52","modified_gmt":"2022-06-16T14:10:52","slug":"honda-sunit-a-sony-pour-se-deployer-sur-les-solutions-de-mobilite-electrique","status":"publish","type":"post","link":"https:\/\/fr.motocrossmag.be\/index.php\/2022\/06\/honda-sunit-a-sony-pour-se-deployer-sur-les-solutions-de-mobilite-electrique\/","title":{"rendered":"Honda s&rsquo;unit \u00e0 Sony pour se d\u00e9ployer sur les solutions de mobilit\u00e9 \u00e9lectrique"},"content":{"rendered":"<p><strong>Sony Honda ont annonc\u00e9 ce jeudi avoir sign\u00e9 un accord de joint venture pour cr\u00e9er ensemble une nouvelle compagnie d\u00e9di\u00e9e au d\u00e9veloppement et \u00e0 la commercialisation de v\u00e9hicules \u00e9lectriques \u00e0 haute valeur ajout\u00e9e et \u00e0 la fourniture de services de mobilit\u00e9.\u00a0 Cet accord de coop\u00e9ration entre les deux g\u00e9ants japonais est l&rsquo;aboutissement d&rsquo;une longue r\u00e9flexion entre les deux groupes, au sujet de laquelle ils avaient d\u00e9j\u00e0 communiqu\u00e9 en mars dernier.<\/strong><\/p>\n<p>La nouvelles soci\u00e9t\u00e9, appel\u00e9e Sony Honda Mobility Inc. et bas\u00e9e \u00e0 Tokyo, entend combiner les domaines d&rsquo;expertise des deux entit\u00e9s, \u00e0 savoir le d\u00e9veloppement, la fabrication et la vente de v\u00e9hicules ainsi que la recherche et le d\u00e9veloppement en mati\u00e8re d&rsquo;environnement et de s\u00e9curit\u00e9 pour Honda, les technologies li\u00e9es \u00e0 la t\u00e9l\u00e9communication, aux capteurs, \u00e0 l&rsquo;imagerie et aux r\u00e9seaux pour Sony, dans un objectif commun de proposition d&rsquo;une nouvelle g\u00e9n\u00e9ration de v\u00e9hicules et de services li\u00e9s \u00e0 la mobilit\u00e9, centr\u00e9s sur les utilisateurs et l&rsquo;environnement.<\/p>\n<p>La nouvelle entit\u00e9 juridique ainsi cr\u00e9\u00e9e a \u00e9t\u00e9 capitalis\u00e9es \u00e0 hauteur d&rsquo;un peu plus de 70 millions d&rsquo;Euros, chacune des deux parties investissant \u00e0 concurrence de 50% du capital.<\/p>\n<p>&nbsp;<\/p>\n","protected":false},"excerpt":{"rendered":"<p>Sony Honda ont annonc\u00e9 ce jeudi avoir sign\u00e9 un accord de joint venture pour cr\u00e9er ensemble une nouvelle compagnie d\u00e9di\u00e9e au d\u00e9veloppement et \u00e0 la commercialisation de v\u00e9hicules \u00e9lectriques \u00e0 [&#8230;]<\/p>\n","protected":false},"author":932,"featured_media":80642,"comment_status":"open","ping_status":"closed","sticky":false,"template":"","format":"standard","meta":{"footnotes":""},"categories":[54,1077,4,5,55,65],"tags":[1175,124],"class_list":["post-118233","post","type-post","status-publish","format-standard","has-post-thumbnail","hentry","category-actualite","category-electrique","category-motocross","category-news","category-news-actualite","category-slideshow","tag-electrique","tag-honda"],"yoast_head":"<!-- This site is optimized with the Yoast SEO plugin v27.4 - https:\/\/yoast.com\/product\/yoast-seo-wordpress\/ -->\n<title>Honda s&#039;unit \u00e0 Sony pour se d\u00e9ployer sur les solutions de mobilit\u00e9 \u00e9lectrique - Motocross - Enduro - Supermoto | MotocrossMag<\/title>\n<meta name=\"robots\" content=\"index, follow, max-snippet:-1, max-image-preview:large, max-video-preview:-1\" \/>\n<link rel=\"canonical\" href=\"https:\/\/fr.motocrossmag.be\/index.php\/2022\/06\/honda-sunit-a-sony-pour-se-deployer-sur-les-solutions-de-mobilite-electrique\/\" \/>\n<meta property=\"og:locale\" content=\"fr_FR\" \/>\n<meta property=\"og:type\" content=\"article\" \/>\n<meta property=\"og:title\" content=\"Honda s&#039;unit \u00e0 Sony pour se d\u00e9ployer sur les solutions de mobilit\u00e9 \u00e9lectrique - Motocross - Enduro - Supermoto | MotocrossMag\" \/>\n<meta property=\"og:description\" content=\"Sony Honda ont annonc\u00e9 ce jeudi avoir sign\u00e9 un accord de joint venture pour cr\u00e9er ensemble une nouvelle compagnie d\u00e9di\u00e9e au d\u00e9veloppement et \u00e0 la commercialisation de v\u00e9hicules \u00e9lectriques \u00e0 [...]\" \/>\n<meta property=\"og:url\" content=\"https:\/\/fr.motocrossmag.be\/index.php\/2022\/06\/honda-sunit-a-sony-pour-se-deployer-sur-les-solutions-de-mobilite-electrique\/\" \/>\n<meta property=\"og:site_name\" content=\"Motocross - Enduro - Supermoto | MotocrossMag\" \/>\n<meta property=\"article:published_time\" content=\"2022-06-16T14:10:52+00:00\" \/>\n<meta property=\"og:image\" content=\"https:\/\/fr.motocrossmag.be\/wp-content\/uploads\/2018\/09\/Honda-MX-2019.jpg\" \/>\n\t<meta property=\"og:image:width\" content=\"1200\" \/>\n\t<meta property=\"og:image:height\" content=\"800\" \/>\n\t<meta property=\"og:image:type\" content=\"image\/jpeg\" \/>\n<meta name=\"author\" content=\"oliviere\" \/>\n<meta name=\"twitter:card\" content=\"summary_large_image\" \/>\n<meta name=\"twitter:label1\" content=\"\u00c9crit par\" \/>\n\t<meta name=\"twitter:data1\" content=\"oliviere\" \/>\n\t<meta name=\"twitter:label2\" content=\"Dur\u00e9e de lecture estim\u00e9e\" \/>\n\t<meta name=\"twitter:data2\" content=\"1 minute\" \/>\n<script type=\"application\/ld+json\" class=\"yoast-schema-graph\">{\"@context\":\"https:\\\/\\\/schema.org\",\"@graph\":[{\"@type\":\"Article\",\"@id\":\"https:\\\/\\\/fr.motocrossmag.be\\\/index.php\\\/2022\\\/06\\\/honda-sunit-a-sony-pour-se-deployer-sur-les-solutions-de-mobilite-electrique\\\/#article\",\"isPartOf\":{\"@id\":\"https:\\\/\\\/fr.motocrossmag.be\\\/index.php\\\/2022\\\/06\\\/honda-sunit-a-sony-pour-se-deployer-sur-les-solutions-de-mobilite-electrique\\\/\"},\"author\":{\"name\":\"oliviere\",\"@id\":\"https:\\\/\\\/fr.motocrossmag.be\\\/#\\\/schema\\\/person\\\/11b47143d9f755babca2c9110e03235c\"},\"headline\":\"Honda s&rsquo;unit \u00e0 Sony pour se d\u00e9ployer sur les solutions de mobilit\u00e9 \u00e9lectrique\",\"datePublished\":\"2022-06-16T14:10:52+00:00\",\"mainEntityOfPage\":{\"@id\":\"https:\\\/\\\/fr.motocrossmag.be\\\/index.php\\\/2022\\\/06\\\/honda-sunit-a-sony-pour-se-deployer-sur-les-solutions-de-mobilite-electrique\\\/\"},\"wordCount\":226,\"commentCount\":0,\"image\":{\"@id\":\"https:\\\/\\\/fr.motocrossmag.be\\\/index.php\\\/2022\\\/06\\\/honda-sunit-a-sony-pour-se-deployer-sur-les-solutions-de-mobilite-electrique\\\/#primaryimage\"},\"thumbnailUrl\":\"https:\\\/\\\/fr.motocrossmag.be\\\/wp-content\\\/uploads\\\/2018\\\/09\\\/Honda-MX-2019.jpg\",\"keywords\":[\"electrique\",\"honda\"],\"articleSection\":[\"Actualit\u00e9\",\"Electrique\",\"Motocross\",\"News\",\"News\",\"Slideshow\"],\"inLanguage\":\"fr-FR\",\"potentialAction\":[{\"@type\":\"CommentAction\",\"name\":\"Comment\",\"target\":[\"https:\\\/\\\/fr.motocrossmag.be\\\/index.php\\\/2022\\\/06\\\/honda-sunit-a-sony-pour-se-deployer-sur-les-solutions-de-mobilite-electrique\\\/#respond\"]}]},{\"@type\":\"WebPage\",\"@id\":\"https:\\\/\\\/fr.motocrossmag.be\\\/index.php\\\/2022\\\/06\\\/honda-sunit-a-sony-pour-se-deployer-sur-les-solutions-de-mobilite-electrique\\\/\",\"url\":\"https:\\\/\\\/fr.motocrossmag.be\\\/index.php\\\/2022\\\/06\\\/honda-sunit-a-sony-pour-se-deployer-sur-les-solutions-de-mobilite-electrique\\\/\",\"name\":\"Honda s'unit \u00e0 Sony pour se d\u00e9ployer sur les solutions de mobilit\u00e9 \u00e9lectrique - Motocross - Enduro - Supermoto | MotocrossMag\",\"isPartOf\":{\"@id\":\"https:\\\/\\\/fr.motocrossmag.be\\\/#website\"},\"primaryImageOfPage\":{\"@id\":\"https:\\\/\\\/fr.motocrossmag.be\\\/index.php\\\/2022\\\/06\\\/honda-sunit-a-sony-pour-se-deployer-sur-les-solutions-de-mobilite-electrique\\\/#primaryimage\"},\"image\":{\"@id\":\"https:\\\/\\\/fr.motocrossmag.be\\\/index.php\\\/2022\\\/06\\\/honda-sunit-a-sony-pour-se-deployer-sur-les-solutions-de-mobilite-electrique\\\/#primaryimage\"},\"thumbnailUrl\":\"https:\\\/\\\/fr.motocrossmag.be\\\/wp-content\\\/uploads\\\/2018\\\/09\\\/Honda-MX-2019.jpg\",\"datePublished\":\"2022-06-16T14:10:52+00:00\",\"author\":{\"@id\":\"https:\\\/\\\/fr.motocrossmag.be\\\/#\\\/schema\\\/person\\\/11b47143d9f755babca2c9110e03235c\"},\"breadcrumb\":{\"@id\":\"https:\\\/\\\/fr.motocrossmag.be\\\/index.php\\\/2022\\\/06\\\/honda-sunit-a-sony-pour-se-deployer-sur-les-solutions-de-mobilite-electrique\\\/#breadcrumb\"},\"inLanguage\":\"fr-FR\",\"potentialAction\":[{\"@type\":\"ReadAction\",\"target\":[\"https:\\\/\\\/fr.motocrossmag.be\\\/index.php\\\/2022\\\/06\\\/honda-sunit-a-sony-pour-se-deployer-sur-les-solutions-de-mobilite-electrique\\\/\"]}]},{\"@type\":\"ImageObject\",\"inLanguage\":\"fr-FR\",\"@id\":\"https:\\\/\\\/fr.motocrossmag.be\\\/index.php\\\/2022\\\/06\\\/honda-sunit-a-sony-pour-se-deployer-sur-les-solutions-de-mobilite-electrique\\\/#primaryimage\",\"url\":\"https:\\\/\\\/fr.motocrossmag.be\\\/wp-content\\\/uploads\\\/2018\\\/09\\\/Honda-MX-2019.jpg\",\"contentUrl\":\"https:\\\/\\\/fr.motocrossmag.be\\\/wp-content\\\/uploads\\\/2018\\\/09\\\/Honda-MX-2019.jpg\",\"width\":1200,\"height\":800},{\"@type\":\"BreadcrumbList\",\"@id\":\"https:\\\/\\\/fr.motocrossmag.be\\\/index.php\\\/2022\\\/06\\\/honda-sunit-a-sony-pour-se-deployer-sur-les-solutions-de-mobilite-electrique\\\/#breadcrumb\",\"itemListElement\":[{\"@type\":\"ListItem\",\"position\":1,\"name\":\"Accueil\",\"item\":\"https:\\\/\\\/fr.motocrossmag.be\\\/\"},{\"@type\":\"ListItem\",\"position\":2,\"name\":\"Honda s&rsquo;unit \u00e0 Sony pour se d\u00e9ployer sur les solutions de mobilit\u00e9 \u00e9lectrique\"}]},{\"@type\":\"WebSite\",\"@id\":\"https:\\\/\\\/fr.motocrossmag.be\\\/#website\",\"url\":\"https:\\\/\\\/fr.motocrossmag.be\\\/\",\"name\":\"Motocross - Enduro - Supermoto | MotocrossMag\",\"description\":\"L&#039;actualit\u00e9 du motocross, de l&#039;enduro et du Supermoto en ligne!\",\"potentialAction\":[{\"@type\":\"SearchAction\",\"target\":{\"@type\":\"EntryPoint\",\"urlTemplate\":\"https:\\\/\\\/fr.motocrossmag.be\\\/?s={search_term_string}\"},\"query-input\":{\"@type\":\"PropertyValueSpecification\",\"valueRequired\":true,\"valueName\":\"search_term_string\"}}],\"inLanguage\":\"fr-FR\"},{\"@type\":\"Person\",\"@id\":\"https:\\\/\\\/fr.motocrossmag.be\\\/#\\\/schema\\\/person\\\/11b47143d9f755babca2c9110e03235c\",\"name\":\"oliviere\",\"image\":{\"@type\":\"ImageObject\",\"inLanguage\":\"fr-FR\",\"@id\":\"https:\\\/\\\/secure.gravatar.com\\\/avatar\\\/907069e0b81d119452040469e4a7501da1100f54f7f80180ce77bfab718288f6?s=96&d=mm&r=g\",\"url\":\"https:\\\/\\\/secure.gravatar.com\\\/avatar\\\/907069e0b81d119452040469e4a7501da1100f54f7f80180ce77bfab718288f6?s=96&d=mm&r=g\",\"contentUrl\":\"https:\\\/\\\/secure.gravatar.com\\\/avatar\\\/907069e0b81d119452040469e4a7501da1100f54f7f80180ce77bfab718288f6?s=96&d=mm&r=g\",\"caption\":\"oliviere\"},\"sameAs\":[\"http:\\\/\\\/www.motocrossmag.be\"],\"url\":\"https:\\\/\\\/fr.motocrossmag.be\\\/index.php\\\/author\\\/oliviere\\\/\"}]}<\/script>\n<!-- \/ Yoast SEO plugin. -->","yoast_head_json":{"title":"Honda s'unit \u00e0 Sony pour se d\u00e9ployer sur les solutions de mobilit\u00e9 \u00e9lectrique - Motocross - Enduro - Supermoto | MotocrossMag","robots":{"index":"index","follow":"follow","max-snippet":"max-snippet:-1","max-image-preview":"max-image-preview:large","max-video-preview":"max-video-preview:-1"},"canonical":"https:\/\/fr.motocrossmag.be\/index.php\/2022\/06\/honda-sunit-a-sony-pour-se-deployer-sur-les-solutions-de-mobilite-electrique\/","og_locale":"fr_FR","og_type":"article","og_title":"Honda s'unit \u00e0 Sony pour se d\u00e9ployer sur les solutions de mobilit\u00e9 \u00e9lectrique - Motocross - Enduro - Supermoto | MotocrossMag","og_description":"Sony Honda ont annonc\u00e9 ce jeudi avoir sign\u00e9 un accord de joint venture pour cr\u00e9er ensemble une nouvelle compagnie d\u00e9di\u00e9e au d\u00e9veloppement et \u00e0 la commercialisation de v\u00e9hicules \u00e9lectriques \u00e0 [...]","og_url":"https:\/\/fr.motocrossmag.be\/index.php\/2022\/06\/honda-sunit-a-sony-pour-se-deployer-sur-les-solutions-de-mobilite-electrique\/","og_site_name":"Motocross - Enduro - Supermoto | MotocrossMag","article_published_time":"2022-06-16T14:10:52+00:00","og_image":[{"width":1200,"height":800,"url":"https:\/\/fr.motocrossmag.be\/wp-content\/uploads\/2018\/09\/Honda-MX-2019.jpg","type":"image\/jpeg"}],"author":"oliviere","twitter_card":"summary_large_image","twitter_misc":{"\u00c9crit par":"oliviere","Dur\u00e9e de lecture estim\u00e9e":"1 minute"},"schema":{"@context":"https:\/\/schema.org","@graph":[{"@type":"Article","@id":"https:\/\/fr.motocrossmag.be\/index.php\/2022\/06\/honda-sunit-a-sony-pour-se-deployer-sur-les-solutions-de-mobilite-electrique\/#article","isPartOf":{"@id":"https:\/\/fr.motocrossmag.be\/index.php\/2022\/06\/honda-sunit-a-sony-pour-se-deployer-sur-les-solutions-de-mobilite-electrique\/"},"author":{"name":"oliviere","@id":"https:\/\/fr.motocrossmag.be\/#\/schema\/person\/11b47143d9f755babca2c9110e03235c"},"headline":"Honda s&rsquo;unit \u00e0 Sony pour se d\u00e9ployer sur les solutions de mobilit\u00e9 \u00e9lectrique","datePublished":"2022-06-16T14:10:52+00:00","mainEntityOfPage":{"@id":"https:\/\/fr.motocrossmag.be\/index.php\/2022\/06\/honda-sunit-a-sony-pour-se-deployer-sur-les-solutions-de-mobilite-electrique\/"},"wordCount":226,"commentCount":0,"image":{"@id":"https:\/\/fr.motocrossmag.be\/index.php\/2022\/06\/honda-sunit-a-sony-pour-se-deployer-sur-les-solutions-de-mobilite-electrique\/#primaryimage"},"thumbnailUrl":"https:\/\/fr.motocrossmag.be\/wp-content\/uploads\/2018\/09\/Honda-MX-2019.jpg","keywords":["electrique","honda"],"articleSection":["Actualit\u00e9","Electrique","Motocross","News","News","Slideshow"],"inLanguage":"fr-FR","potentialAction":[{"@type":"CommentAction","name":"Comment","target":["https:\/\/fr.motocrossmag.be\/index.php\/2022\/06\/honda-sunit-a-sony-pour-se-deployer-sur-les-solutions-de-mobilite-electrique\/#respond"]}]},{"@type":"WebPage","@id":"https:\/\/fr.motocrossmag.be\/index.php\/2022\/06\/honda-sunit-a-sony-pour-se-deployer-sur-les-solutions-de-mobilite-electrique\/","url":"https:\/\/fr.motocrossmag.be\/index.php\/2022\/06\/honda-sunit-a-sony-pour-se-deployer-sur-les-solutions-de-mobilite-electrique\/","name":"Honda s'unit \u00e0 Sony pour se d\u00e9ployer sur les solutions de mobilit\u00e9 \u00e9lectrique - Motocross - Enduro - Supermoto | MotocrossMag","isPartOf":{"@id":"https:\/\/fr.motocrossmag.be\/#website"},"primaryImageOfPage":{"@id":"https:\/\/fr.motocrossmag.be\/index.php\/2022\/06\/honda-sunit-a-sony-pour-se-deployer-sur-les-solutions-de-mobilite-electrique\/#primaryimage"},"image":{"@id":"https:\/\/fr.motocrossmag.be\/index.php\/2022\/06\/honda-sunit-a-sony-pour-se-deployer-sur-les-solutions-de-mobilite-electrique\/#primaryimage"},"thumbnailUrl":"https:\/\/fr.motocrossmag.be\/wp-content\/uploads\/2018\/09\/Honda-MX-2019.jpg","datePublished":"2022-06-16T14:10:52+00:00","author":{"@id":"https:\/\/fr.motocrossmag.be\/#\/schema\/person\/11b47143d9f755babca2c9110e03235c"},"breadcrumb":{"@id":"https:\/\/fr.motocrossmag.be\/index.php\/2022\/06\/honda-sunit-a-sony-pour-se-deployer-sur-les-solutions-de-mobilite-electrique\/#breadcrumb"},"inLanguage":"fr-FR","potentialAction":[{"@type":"ReadAction","target":["https:\/\/fr.motocrossmag.be\/index.php\/2022\/06\/honda-sunit-a-sony-pour-se-deployer-sur-les-solutions-de-mobilite-electrique\/"]}]},{"@type":"ImageObject","inLanguage":"fr-FR","@id":"https:\/\/fr.motocrossmag.be\/index.php\/2022\/06\/honda-sunit-a-sony-pour-se-deployer-sur-les-solutions-de-mobilite-electrique\/#primaryimage","url":"https:\/\/fr.motocrossmag.be\/wp-content\/uploads\/2018\/09\/Honda-MX-2019.jpg","contentUrl":"https:\/\/fr.motocrossmag.be\/wp-content\/uploads\/2018\/09\/Honda-MX-2019.jpg","width":1200,"height":800},{"@type":"BreadcrumbList","@id":"https:\/\/fr.motocrossmag.be\/index.php\/2022\/06\/honda-sunit-a-sony-pour-se-deployer-sur-les-solutions-de-mobilite-electrique\/#breadcrumb","itemListElement":[{"@type":"ListItem","position":1,"name":"Accueil","item":"https:\/\/fr.motocrossmag.be\/"},{"@type":"ListItem","position":2,"name":"Honda s&rsquo;unit \u00e0 Sony pour se d\u00e9ployer sur les solutions de mobilit\u00e9 \u00e9lectrique"}]},{"@type":"WebSite","@id":"https:\/\/fr.motocrossmag.be\/#website","url":"https:\/\/fr.motocrossmag.be\/","name":"Motocross - Enduro - Supermoto | MotocrossMag","description":"L&#039;actualit\u00e9 du motocross, de l&#039;enduro et du Supermoto en ligne!","potentialAction":[{"@type":"SearchAction","target":{"@type":"EntryPoint","urlTemplate":"https:\/\/fr.motocrossmag.be\/?s={search_term_string}"},"query-input":{"@type":"PropertyValueSpecification","valueRequired":true,"valueName":"search_term_string"}}],"inLanguage":"fr-FR"},{"@type":"Person","@id":"https:\/\/fr.motocrossmag.be\/#\/schema\/person\/11b47143d9f755babca2c9110e03235c","name":"oliviere","image":{"@type":"ImageObject","inLanguage":"fr-FR","@id":"https:\/\/secure.gravatar.com\/avatar\/907069e0b81d119452040469e4a7501da1100f54f7f80180ce77bfab718288f6?s=96&d=mm&r=g","url":"https:\/\/secure.gravatar.com\/avatar\/907069e0b81d119452040469e4a7501da1100f54f7f80180ce77bfab718288f6?s=96&d=mm&r=g","contentUrl":"https:\/\/secure.gravatar.com\/avatar\/907069e0b81d119452040469e4a7501da1100f54f7f80180ce77bfab718288f6?s=96&d=mm&r=g","caption":"oliviere"},"sameAs":["http:\/\/www.motocrossmag.be"],"url":"https:\/\/fr.motocrossmag.be\/index.php\/author\/oliviere\/"}]}},"_links":{"self":[{"href":"https:\/\/fr.motocrossmag.be\/index.php\/wp-json\/wp\/v2\/posts\/118233","targetHints":{"allow":["GET"]}}],"collection":[{"href":"https:\/\/fr.motocrossmag.be\/index.php\/wp-json\/wp\/v2\/posts"}],"about":[{"href":"https:\/\/fr.motocrossmag.be\/index.php\/wp-json\/wp\/v2\/types\/post"}],"author":[{"embeddable":true,"href":"https:\/\/fr.motocrossmag.be\/index.php\/wp-json\/wp\/v2\/users\/932"}],"replies":[{"embeddable":true,"href":"https:\/\/fr.motocrossmag.be\/index.php\/wp-json\/wp\/v2\/comments?post=118233"}],"version-history":[{"count":0,"href":"https:\/\/fr.motocrossmag.be\/index.php\/wp-json\/wp\/v2\/posts\/118233\/revisions"}],"wp:featuredmedia":[{"embeddable":true,"href":"https:\/\/fr.motocrossmag.be\/index.php\/wp-json\/wp\/v2\/media\/80642"}],"wp:attachment":[{"href":"https:\/\/fr.motocrossmag.be\/index.php\/wp-json\/wp\/v2\/media?parent=118233"}],"wp:term":[{"taxonomy":"category","embeddable":true,"href":"https:\/\/fr.motocrossmag.be\/index.php\/wp-json\/wp\/v2\/categories?post=118233"},{"taxonomy":"post_tag","embeddable":true,"href":"https:\/\/fr.motocrossmag.be\/index.php\/wp-json\/wp\/v2\/tags?post=118233"}],"curies":[{"name":"wp","href":"https:\/\/api.w.org\/{rel}","templated":true}]}}