{"id":118282,"date":"2022-06-16T17:10:30","date_gmt":"2022-06-16T15:10:30","guid":{"rendered":"http:\/\/fr.motocrossmag.be\/?p=118282"},"modified":"2022-06-16T17:10:30","modified_gmt":"2022-06-16T15:10:30","slug":"romain-febvre-au-depart-de-lepreuve-hollandaise-de-rhenen-ce-week-end","status":"publish","type":"post","link":"https:\/\/fr.motocrossmag.be\/index.php\/2022\/06\/romain-febvre-au-depart-de-lepreuve-hollandaise-de-rhenen-ce-week-end\/","title":{"rendered":"Romain Febvre au d\u00e9part de l&rsquo;\u00e9preuve hollandaise de Rhenen ce week-end"},"content":{"rendered":"<p><strong>Ce samedi 18 juin, la finale du championnat hollandais Dutch Masters of Motocross se disputera sur la piste de Rhenen. Une \u00e9preuve rehauss\u00e9e par la pr\u00e9sence de Romain Febvre.<\/strong><\/p>\n<p>De retour \u00e0 la comp\u00e9tition le week-end pass\u00e9 \u00e0 l&rsquo;occasion du GP d&rsquo;Allemagne apr\u00e8s une convalescence longue de 6 mois, Romain Febvre a impressionn\u00e9 en rentrant d&#8217;embl\u00e9e dans le top-5 apr\u00e8s deux manches tr\u00e8s convaincantes. Gravement bless\u00e9 l&rsquo;automne dernier sur le Supercross de Paris, le vice-champion du monde MXGP est donc ind\u00e9niablement sur la bonne voie.<\/p>\n<p>Pour arriver au mieux sur les prochains GP, le pilote Kawasaki a d\u00e9cid\u00e9 de participer ce week-end \u00e0 la finale du championnat hollandais \u00e0 Rhenen. Une \u00e9preuve internationale sur laquelle il retrouvera plusieurs pilotes MXGP comme Calvin Vlaanderen, Glenn Coldenhoff, Brian Bogers ou encore Brent Van doninck.<\/p>\n<p>&nbsp;<\/p>\n<p>&nbsp;<\/p>\n","protected":false},"excerpt":{"rendered":"<p>Ce samedi 18 juin, la finale du championnat hollandais Dutch Masters of Motocross se disputera sur la piste de Rhenen. Une \u00e9preuve rehauss\u00e9e par la pr\u00e9sence de Romain Febvre. De [&#8230;]<\/p>\n","protected":false},"author":932,"featured_media":118050,"comment_status":"open","ping_status":"closed","sticky":false,"template":"","format":"standard","meta":{"footnotes":""},"categories":[54,4,5,55,65],"tags":[1169,456],"class_list":["post-118282","post","type-post","status-publish","format-standard","has-post-thumbnail","hentry","category-actualite","category-motocross","category-news","category-news-actualite","category-slideshow","tag-dmmx","tag-romain-febvre"],"yoast_head":"<!-- This site is optimized with the Yoast SEO plugin v27.4 - https:\/\/yoast.com\/product\/yoast-seo-wordpress\/ -->\n<title>Romain Febvre au d\u00e9part de l&#039;\u00e9preuve hollandaise de Rhenen ce week-end - Motocross - Enduro - Supermoto | MotocrossMag<\/title>\n<meta name=\"robots\" content=\"index, follow, max-snippet:-1, max-image-preview:large, max-video-preview:-1\" \/>\n<link rel=\"canonical\" href=\"https:\/\/fr.motocrossmag.be\/index.php\/2022\/06\/romain-febvre-au-depart-de-lepreuve-hollandaise-de-rhenen-ce-week-end\/\" \/>\n<meta property=\"og:locale\" content=\"fr_FR\" \/>\n<meta property=\"og:type\" content=\"article\" \/>\n<meta property=\"og:title\" content=\"Romain Febvre au d\u00e9part de l&#039;\u00e9preuve hollandaise de Rhenen ce week-end - Motocross - Enduro - Supermoto | MotocrossMag\" \/>\n<meta property=\"og:description\" content=\"Ce samedi 18 juin, la finale du championnat hollandais Dutch Masters of Motocross se disputera sur la piste de Rhenen. Une \u00e9preuve rehauss\u00e9e par la pr\u00e9sence de Romain Febvre. De [...]\" \/>\n<meta property=\"og:url\" content=\"https:\/\/fr.motocrossmag.be\/index.php\/2022\/06\/romain-febvre-au-depart-de-lepreuve-hollandaise-de-rhenen-ce-week-end\/\" \/>\n<meta property=\"og:site_name\" content=\"Motocross - Enduro - Supermoto | MotocrossMag\" \/>\n<meta property=\"article:published_time\" content=\"2022-06-16T15:10:30+00:00\" \/>\n<meta property=\"og:image\" content=\"https:\/\/fr.motocrossmag.be\/wp-content\/uploads\/2022\/06\/hi_Febvre_2022_FullSpectrum_BS_DSC_7236.jpg\" \/>\n\t<meta property=\"og:image:width\" content=\"1000\" \/>\n\t<meta property=\"og:image:height\" content=\"666\" \/>\n\t<meta property=\"og:image:type\" content=\"image\/jpeg\" \/>\n<meta name=\"author\" content=\"oliviere\" \/>\n<meta name=\"twitter:card\" content=\"summary_large_image\" \/>\n<meta name=\"twitter:label1\" content=\"\u00c9crit par\" \/>\n\t<meta name=\"twitter:data1\" content=\"oliviere\" \/>\n\t<meta name=\"twitter:label2\" content=\"Dur\u00e9e de lecture estim\u00e9e\" \/>\n\t<meta name=\"twitter:data2\" content=\"1 minute\" \/>\n<script type=\"application\/ld+json\" class=\"yoast-schema-graph\">{\"@context\":\"https:\\\/\\\/schema.org\",\"@graph\":[{\"@type\":\"Article\",\"@id\":\"https:\\\/\\\/fr.motocrossmag.be\\\/index.php\\\/2022\\\/06\\\/romain-febvre-au-depart-de-lepreuve-hollandaise-de-rhenen-ce-week-end\\\/#article\",\"isPartOf\":{\"@id\":\"https:\\\/\\\/fr.motocrossmag.be\\\/index.php\\\/2022\\\/06\\\/romain-febvre-au-depart-de-lepreuve-hollandaise-de-rhenen-ce-week-end\\\/\"},\"author\":{\"name\":\"oliviere\",\"@id\":\"https:\\\/\\\/fr.motocrossmag.be\\\/#\\\/schema\\\/person\\\/11b47143d9f755babca2c9110e03235c\"},\"headline\":\"Romain Febvre au d\u00e9part de l&rsquo;\u00e9preuve hollandaise de Rhenen ce week-end\",\"datePublished\":\"2022-06-16T15:10:30+00:00\",\"mainEntityOfPage\":{\"@id\":\"https:\\\/\\\/fr.motocrossmag.be\\\/index.php\\\/2022\\\/06\\\/romain-febvre-au-depart-de-lepreuve-hollandaise-de-rhenen-ce-week-end\\\/\"},\"wordCount\":154,\"commentCount\":0,\"image\":{\"@id\":\"https:\\\/\\\/fr.motocrossmag.be\\\/index.php\\\/2022\\\/06\\\/romain-febvre-au-depart-de-lepreuve-hollandaise-de-rhenen-ce-week-end\\\/#primaryimage\"},\"thumbnailUrl\":\"https:\\\/\\\/fr.motocrossmag.be\\\/wp-content\\\/uploads\\\/2022\\\/06\\\/hi_Febvre_2022_FullSpectrum_BS_DSC_7236.jpg\",\"keywords\":[\"dmmx\",\"romain febvre\"],\"articleSection\":[\"Actualit\u00e9\",\"Motocross\",\"News\",\"News\",\"Slideshow\"],\"inLanguage\":\"fr-FR\",\"potentialAction\":[{\"@type\":\"CommentAction\",\"name\":\"Comment\",\"target\":[\"https:\\\/\\\/fr.motocrossmag.be\\\/index.php\\\/2022\\\/06\\\/romain-febvre-au-depart-de-lepreuve-hollandaise-de-rhenen-ce-week-end\\\/#respond\"]}]},{\"@type\":\"WebPage\",\"@id\":\"https:\\\/\\\/fr.motocrossmag.be\\\/index.php\\\/2022\\\/06\\\/romain-febvre-au-depart-de-lepreuve-hollandaise-de-rhenen-ce-week-end\\\/\",\"url\":\"https:\\\/\\\/fr.motocrossmag.be\\\/index.php\\\/2022\\\/06\\\/romain-febvre-au-depart-de-lepreuve-hollandaise-de-rhenen-ce-week-end\\\/\",\"name\":\"Romain Febvre au d\u00e9part de l'\u00e9preuve hollandaise de Rhenen ce week-end - Motocross - Enduro - Supermoto | MotocrossMag\",\"isPartOf\":{\"@id\":\"https:\\\/\\\/fr.motocrossmag.be\\\/#website\"},\"primaryImageOfPage\":{\"@id\":\"https:\\\/\\\/fr.motocrossmag.be\\\/index.php\\\/2022\\\/06\\\/romain-febvre-au-depart-de-lepreuve-hollandaise-de-rhenen-ce-week-end\\\/#primaryimage\"},\"image\":{\"@id\":\"https:\\\/\\\/fr.motocrossmag.be\\\/index.php\\\/2022\\\/06\\\/romain-febvre-au-depart-de-lepreuve-hollandaise-de-rhenen-ce-week-end\\\/#primaryimage\"},\"thumbnailUrl\":\"https:\\\/\\\/fr.motocrossmag.be\\\/wp-content\\\/uploads\\\/2022\\\/06\\\/hi_Febvre_2022_FullSpectrum_BS_DSC_7236.jpg\",\"datePublished\":\"2022-06-16T15:10:30+00:00\",\"author\":{\"@id\":\"https:\\\/\\\/fr.motocrossmag.be\\\/#\\\/schema\\\/person\\\/11b47143d9f755babca2c9110e03235c\"},\"breadcrumb\":{\"@id\":\"https:\\\/\\\/fr.motocrossmag.be\\\/index.php\\\/2022\\\/06\\\/romain-febvre-au-depart-de-lepreuve-hollandaise-de-rhenen-ce-week-end\\\/#breadcrumb\"},\"inLanguage\":\"fr-FR\",\"potentialAction\":[{\"@type\":\"ReadAction\",\"target\":[\"https:\\\/\\\/fr.motocrossmag.be\\\/index.php\\\/2022\\\/06\\\/romain-febvre-au-depart-de-lepreuve-hollandaise-de-rhenen-ce-week-end\\\/\"]}]},{\"@type\":\"ImageObject\",\"inLanguage\":\"fr-FR\",\"@id\":\"https:\\\/\\\/fr.motocrossmag.be\\\/index.php\\\/2022\\\/06\\\/romain-febvre-au-depart-de-lepreuve-hollandaise-de-rhenen-ce-week-end\\\/#primaryimage\",\"url\":\"https:\\\/\\\/fr.motocrossmag.be\\\/wp-content\\\/uploads\\\/2022\\\/06\\\/hi_Febvre_2022_FullSpectrum_BS_DSC_7236.jpg\",\"contentUrl\":\"https:\\\/\\\/fr.motocrossmag.be\\\/wp-content\\\/uploads\\\/2022\\\/06\\\/hi_Febvre_2022_FullSpectrum_BS_DSC_7236.jpg\",\"width\":\"1000\",\"height\":\"666\"},{\"@type\":\"BreadcrumbList\",\"@id\":\"https:\\\/\\\/fr.motocrossmag.be\\\/index.php\\\/2022\\\/06\\\/romain-febvre-au-depart-de-lepreuve-hollandaise-de-rhenen-ce-week-end\\\/#breadcrumb\",\"itemListElement\":[{\"@type\":\"ListItem\",\"position\":1,\"name\":\"Accueil\",\"item\":\"https:\\\/\\\/fr.motocrossmag.be\\\/\"},{\"@type\":\"ListItem\",\"position\":2,\"name\":\"Romain Febvre au d\u00e9part de l&rsquo;\u00e9preuve hollandaise de Rhenen ce week-end\"}]},{\"@type\":\"WebSite\",\"@id\":\"https:\\\/\\\/fr.motocrossmag.be\\\/#website\",\"url\":\"https:\\\/\\\/fr.motocrossmag.be\\\/\",\"name\":\"Motocross - Enduro - Supermoto | MotocrossMag\",\"description\":\"L&#039;actualit\u00e9 du motocross, de l&#039;enduro et du Supermoto en ligne!\",\"potentialAction\":[{\"@type\":\"SearchAction\",\"target\":{\"@type\":\"EntryPoint\",\"urlTemplate\":\"https:\\\/\\\/fr.motocrossmag.be\\\/?s={search_term_string}\"},\"query-input\":{\"@type\":\"PropertyValueSpecification\",\"valueRequired\":true,\"valueName\":\"search_term_string\"}}],\"inLanguage\":\"fr-FR\"},{\"@type\":\"Person\",\"@id\":\"https:\\\/\\\/fr.motocrossmag.be\\\/#\\\/schema\\\/person\\\/11b47143d9f755babca2c9110e03235c\",\"name\":\"oliviere\",\"image\":{\"@type\":\"ImageObject\",\"inLanguage\":\"fr-FR\",\"@id\":\"https:\\\/\\\/secure.gravatar.com\\\/avatar\\\/907069e0b81d119452040469e4a7501da1100f54f7f80180ce77bfab718288f6?s=96&d=mm&r=g\",\"url\":\"https:\\\/\\\/secure.gravatar.com\\\/avatar\\\/907069e0b81d119452040469e4a7501da1100f54f7f80180ce77bfab718288f6?s=96&d=mm&r=g\",\"contentUrl\":\"https:\\\/\\\/secure.gravatar.com\\\/avatar\\\/907069e0b81d119452040469e4a7501da1100f54f7f80180ce77bfab718288f6?s=96&d=mm&r=g\",\"caption\":\"oliviere\"},\"sameAs\":[\"http:\\\/\\\/www.motocrossmag.be\"],\"url\":\"https:\\\/\\\/fr.motocrossmag.be\\\/index.php\\\/author\\\/oliviere\\\/\"}]}<\/script>\n<!-- \/ Yoast SEO plugin. -->","yoast_head_json":{"title":"Romain Febvre au d\u00e9part de l'\u00e9preuve hollandaise de Rhenen ce week-end - Motocross - Enduro - Supermoto | MotocrossMag","robots":{"index":"index","follow":"follow","max-snippet":"max-snippet:-1","max-image-preview":"max-image-preview:large","max-video-preview":"max-video-preview:-1"},"canonical":"https:\/\/fr.motocrossmag.be\/index.php\/2022\/06\/romain-febvre-au-depart-de-lepreuve-hollandaise-de-rhenen-ce-week-end\/","og_locale":"fr_FR","og_type":"article","og_title":"Romain Febvre au d\u00e9part de l'\u00e9preuve hollandaise de Rhenen ce week-end - Motocross - Enduro - Supermoto | MotocrossMag","og_description":"Ce samedi 18 juin, la finale du championnat hollandais Dutch Masters of Motocross se disputera sur la piste de Rhenen. Une \u00e9preuve rehauss\u00e9e par la pr\u00e9sence de Romain Febvre. De [...]","og_url":"https:\/\/fr.motocrossmag.be\/index.php\/2022\/06\/romain-febvre-au-depart-de-lepreuve-hollandaise-de-rhenen-ce-week-end\/","og_site_name":"Motocross - Enduro - Supermoto | MotocrossMag","article_published_time":"2022-06-16T15:10:30+00:00","og_image":[{"width":1000,"height":666,"url":"https:\/\/fr.motocrossmag.be\/wp-content\/uploads\/2022\/06\/hi_Febvre_2022_FullSpectrum_BS_DSC_7236.jpg","type":"image\/jpeg"}],"author":"oliviere","twitter_card":"summary_large_image","twitter_misc":{"\u00c9crit par":"oliviere","Dur\u00e9e de lecture estim\u00e9e":"1 minute"},"schema":{"@context":"https:\/\/schema.org","@graph":[{"@type":"Article","@id":"https:\/\/fr.motocrossmag.be\/index.php\/2022\/06\/romain-febvre-au-depart-de-lepreuve-hollandaise-de-rhenen-ce-week-end\/#article","isPartOf":{"@id":"https:\/\/fr.motocrossmag.be\/index.php\/2022\/06\/romain-febvre-au-depart-de-lepreuve-hollandaise-de-rhenen-ce-week-end\/"},"author":{"name":"oliviere","@id":"https:\/\/fr.motocrossmag.be\/#\/schema\/person\/11b47143d9f755babca2c9110e03235c"},"headline":"Romain Febvre au d\u00e9part de l&rsquo;\u00e9preuve hollandaise de Rhenen ce week-end","datePublished":"2022-06-16T15:10:30+00:00","mainEntityOfPage":{"@id":"https:\/\/fr.motocrossmag.be\/index.php\/2022\/06\/romain-febvre-au-depart-de-lepreuve-hollandaise-de-rhenen-ce-week-end\/"},"wordCount":154,"commentCount":0,"image":{"@id":"https:\/\/fr.motocrossmag.be\/index.php\/2022\/06\/romain-febvre-au-depart-de-lepreuve-hollandaise-de-rhenen-ce-week-end\/#primaryimage"},"thumbnailUrl":"https:\/\/fr.motocrossmag.be\/wp-content\/uploads\/2022\/06\/hi_Febvre_2022_FullSpectrum_BS_DSC_7236.jpg","keywords":["dmmx","romain febvre"],"articleSection":["Actualit\u00e9","Motocross","News","News","Slideshow"],"inLanguage":"fr-FR","potentialAction":[{"@type":"CommentAction","name":"Comment","target":["https:\/\/fr.motocrossmag.be\/index.php\/2022\/06\/romain-febvre-au-depart-de-lepreuve-hollandaise-de-rhenen-ce-week-end\/#respond"]}]},{"@type":"WebPage","@id":"https:\/\/fr.motocrossmag.be\/index.php\/2022\/06\/romain-febvre-au-depart-de-lepreuve-hollandaise-de-rhenen-ce-week-end\/","url":"https:\/\/fr.motocrossmag.be\/index.php\/2022\/06\/romain-febvre-au-depart-de-lepreuve-hollandaise-de-rhenen-ce-week-end\/","name":"Romain Febvre au d\u00e9part de l'\u00e9preuve hollandaise de Rhenen ce week-end - Motocross - Enduro - Supermoto | MotocrossMag","isPartOf":{"@id":"https:\/\/fr.motocrossmag.be\/#website"},"primaryImageOfPage":{"@id":"https:\/\/fr.motocrossmag.be\/index.php\/2022\/06\/romain-febvre-au-depart-de-lepreuve-hollandaise-de-rhenen-ce-week-end\/#primaryimage"},"image":{"@id":"https:\/\/fr.motocrossmag.be\/index.php\/2022\/06\/romain-febvre-au-depart-de-lepreuve-hollandaise-de-rhenen-ce-week-end\/#primaryimage"},"thumbnailUrl":"https:\/\/fr.motocrossmag.be\/wp-content\/uploads\/2022\/06\/hi_Febvre_2022_FullSpectrum_BS_DSC_7236.jpg","datePublished":"2022-06-16T15:10:30+00:00","author":{"@id":"https:\/\/fr.motocrossmag.be\/#\/schema\/person\/11b47143d9f755babca2c9110e03235c"},"breadcrumb":{"@id":"https:\/\/fr.motocrossmag.be\/index.php\/2022\/06\/romain-febvre-au-depart-de-lepreuve-hollandaise-de-rhenen-ce-week-end\/#breadcrumb"},"inLanguage":"fr-FR","potentialAction":[{"@type":"ReadAction","target":["https:\/\/fr.motocrossmag.be\/index.php\/2022\/06\/romain-febvre-au-depart-de-lepreuve-hollandaise-de-rhenen-ce-week-end\/"]}]},{"@type":"ImageObject","inLanguage":"fr-FR","@id":"https:\/\/fr.motocrossmag.be\/index.php\/2022\/06\/romain-febvre-au-depart-de-lepreuve-hollandaise-de-rhenen-ce-week-end\/#primaryimage","url":"https:\/\/fr.motocrossmag.be\/wp-content\/uploads\/2022\/06\/hi_Febvre_2022_FullSpectrum_BS_DSC_7236.jpg","contentUrl":"https:\/\/fr.motocrossmag.be\/wp-content\/uploads\/2022\/06\/hi_Febvre_2022_FullSpectrum_BS_DSC_7236.jpg","width":"1000","height":"666"},{"@type":"BreadcrumbList","@id":"https:\/\/fr.motocrossmag.be\/index.php\/2022\/06\/romain-febvre-au-depart-de-lepreuve-hollandaise-de-rhenen-ce-week-end\/#breadcrumb","itemListElement":[{"@type":"ListItem","position":1,"name":"Accueil","item":"https:\/\/fr.motocrossmag.be\/"},{"@type":"ListItem","position":2,"name":"Romain Febvre au d\u00e9part de l&rsquo;\u00e9preuve hollandaise de Rhenen ce week-end"}]},{"@type":"WebSite","@id":"https:\/\/fr.motocrossmag.be\/#website","url":"https:\/\/fr.motocrossmag.be\/","name":"Motocross - Enduro - Supermoto | MotocrossMag","description":"L&#039;actualit\u00e9 du motocross, de l&#039;enduro et du Supermoto en ligne!","potentialAction":[{"@type":"SearchAction","target":{"@type":"EntryPoint","urlTemplate":"https:\/\/fr.motocrossmag.be\/?s={search_term_string}"},"query-input":{"@type":"PropertyValueSpecification","valueRequired":true,"valueName":"search_term_string"}}],"inLanguage":"fr-FR"},{"@type":"Person","@id":"https:\/\/fr.motocrossmag.be\/#\/schema\/person\/11b47143d9f755babca2c9110e03235c","name":"oliviere","image":{"@type":"ImageObject","inLanguage":"fr-FR","@id":"https:\/\/secure.gravatar.com\/avatar\/907069e0b81d119452040469e4a7501da1100f54f7f80180ce77bfab718288f6?s=96&d=mm&r=g","url":"https:\/\/secure.gravatar.com\/avatar\/907069e0b81d119452040469e4a7501da1100f54f7f80180ce77bfab718288f6?s=96&d=mm&r=g","contentUrl":"https:\/\/secure.gravatar.com\/avatar\/907069e0b81d119452040469e4a7501da1100f54f7f80180ce77bfab718288f6?s=96&d=mm&r=g","caption":"oliviere"},"sameAs":["http:\/\/www.motocrossmag.be"],"url":"https:\/\/fr.motocrossmag.be\/index.php\/author\/oliviere\/"}]}},"_links":{"self":[{"href":"https:\/\/fr.motocrossmag.be\/index.php\/wp-json\/wp\/v2\/posts\/118282","targetHints":{"allow":["GET"]}}],"collection":[{"href":"https:\/\/fr.motocrossmag.be\/index.php\/wp-json\/wp\/v2\/posts"}],"about":[{"href":"https:\/\/fr.motocrossmag.be\/index.php\/wp-json\/wp\/v2\/types\/post"}],"author":[{"embeddable":true,"href":"https:\/\/fr.motocrossmag.be\/index.php\/wp-json\/wp\/v2\/users\/932"}],"replies":[{"embeddable":true,"href":"https:\/\/fr.motocrossmag.be\/index.php\/wp-json\/wp\/v2\/comments?post=118282"}],"version-history":[{"count":0,"href":"https:\/\/fr.motocrossmag.be\/index.php\/wp-json\/wp\/v2\/posts\/118282\/revisions"}],"wp:featuredmedia":[{"embeddable":true,"href":"https:\/\/fr.motocrossmag.be\/index.php\/wp-json\/wp\/v2\/media\/118050"}],"wp:attachment":[{"href":"https:\/\/fr.motocrossmag.be\/index.php\/wp-json\/wp\/v2\/media?parent=118282"}],"wp:term":[{"taxonomy":"category","embeddable":true,"href":"https:\/\/fr.motocrossmag.be\/index.php\/wp-json\/wp\/v2\/categories?post=118282"},{"taxonomy":"post_tag","embeddable":true,"href":"https:\/\/fr.motocrossmag.be\/index.php\/wp-json\/wp\/v2\/tags?post=118282"}],"curies":[{"name":"wp","href":"https:\/\/api.w.org\/{rel}","templated":true}]}}