{"id":118292,"date":"2022-06-19T09:33:44","date_gmt":"2022-06-19T07:33:44","guid":{"rendered":"http:\/\/fr.motocrossmag.be\/?p=118292"},"modified":"2022-06-19T09:33:44","modified_gmt":"2022-06-19T07:33:44","slug":"mano-faure-champion-de-france-espoir","status":"publish","type":"post","link":"https:\/\/fr.motocrossmag.be\/index.php\/2022\/06\/mano-faure-champion-de-france-espoir\/","title":{"rendered":"Mano Faure champion de France Espoir"},"content":{"rendered":"<p><strong>Si la canicule s\u2019est abattue sur une grande partie de l\u2019Hexagone ce samedi, elle a heureusement \u00e9pargn\u00e9 le Calvados o\u00f9 a d\u00e9but\u00e9 la derni\u00e8re \u00e9preuve du 24MX Tour 2022. Pour leur premi\u00e8re r\u00e9ception de cette comp\u00e9tition, les \u00e9quipes du MC Basly ont profit\u00e9 de conditions excellentes, avec des temp\u00e9ratures \u00e9lev\u00e9es mais un air respirable. Sur une piste technique et exigeante, le pilote de l\u2019\u00c9quipe de France 85cc Mano Faure n\u2019a pas trembl\u00e9 pour succ\u00e9der \u00e0 Mathis Valin au palmar\u00e8s du championnat Espoir.<\/strong><\/p>\n<p>&nbsp;<\/p>\n<p>Arriv\u00e9 dans le Calvados avec le plein de confiance suite \u00e0 ses doubl\u00e9s sur les deux derni\u00e8res \u00e9preuves, Mano Faure n\u2019a pas trembl\u00e9 pour conqu\u00e9rir le titre de Champion de France Espoir. Pourtant son principal rival Amaury Maindru (KTM) avait mis la pression en r\u00e9alisant le meilleur chrono matinal. Mais, du haut de ses 13 ans, le Gersois s\u2019est plac\u00e9 dans des conditions id\u00e9ales en r\u00e9alisant le holeshot de la premi\u00e8re manche. Mieux, il a rapidement eu le champ d\u00e9gag\u00e9 suite aux chutes d\u00e8s le premier tour d\u2019Oppliger (KTM) puis de Maindru. Faure a g\u00e9r\u00e9 sa course pour franchir la ligne avec quelques secondes d\u2019avance sur un Maho Simo (GasGas) qui a termin\u00e9 fort. Avec Maindru seulement cinqui\u00e8me, le team GT Racing KTM pouvait alors exulter, Faure \u00e9tait titr\u00e9 sans attendre la seconde course.<\/p>\n<p>Malgr\u00e9 tout, le nouveau roi de la cat\u00e9gorie a mis un point d\u2019honneur \u00e0 remporter l\u2019\u00e9preuve. Arborant un magnifique casque dor\u00e9, le Champion a de nouveau pris les commandes de l\u2019ultime manche. Il a limit\u00e9 les risques, offrant peu de r\u00e9sistance aux attaques d\u2019Oppliger puis de Maindru en fin de temps r\u00e9glementaire. Il franchit la ligne \u00e0 une troisi\u00e8me place qui lui permet n\u00e9anmoins de remporter la journ\u00e9e.<\/p>\n<p><img decoding=\"async\" class=\"lazyload alignnone size-full wp-image-118294\" src=\"http:\/\/fr.motocrossmag.be\/wp-content\/uploads\/2022\/06\/IL_4958-700x467.jpg\" data-orig-src=\"http:\/\/fr.motocrossmag.be\/wp-content\/uploads\/2022\/06\/IL_4958-700x467.jpg\" alt=\"\" width=\"700\" height=\"467\" srcset=\"data:image\/svg+xml,%3Csvg%20xmlns%3D%27http%3A%2F%2Fwww.w3.org%2F2000%2Fsvg%27%20width%3D%27700%27%20height%3D%27467%27%20viewBox%3D%270%200%20700%20467%27%3E%3Crect%20width%3D%27700%27%20height%3D%27467%27%20fill-opacity%3D%220%22%2F%3E%3C%2Fsvg%3E\" data-srcset=\"https:\/\/fr.motocrossmag.be\/wp-content\/uploads\/2022\/06\/IL_4958-700x467-650x434.jpg 650w, https:\/\/fr.motocrossmag.be\/wp-content\/uploads\/2022\/06\/IL_4958-700x467.jpg 700w\" data-sizes=\"auto\" data-orig-sizes=\"(max-width: 700px) 100vw, 700px\" \/><\/p>\n<p>Le Suisse Ryan Oppliger (KTM) se classe deuxi\u00e8me de l\u2019\u00e9preuve en remportant la derni\u00e8re course. Tr\u00e8s performant, il \u00e9tait revenu quatri\u00e8me apr\u00e8s sa chute en d\u00e9but de premi\u00e8re manche quand il \u00e9tait deuxi\u00e8me. Il signe son meilleur r\u00e9sultat de l\u2019ann\u00e9e, devan\u00e7ant Maho Simo de trois points. Ce dernier a eu une premi\u00e8re sortie de grille un peu d\u00e9licate qui l\u2019a vu se placer tout juste dans le Top 10 apr\u00e8s quelques virages. Il a mis beaucoup de c\u0153ur pour remonter jusqu\u2019en deuxi\u00e8me position, en se d\u00e9faisant de surprenants Liam Bruneau (KTM \u2013 3-7) et F\u00e9lix Cardineau (Husqvarna -6-8).<\/p>\n<p>Le licenci\u00e9 au MC Cogolin a d\u00fb laisser beaucoup d\u2019\u00e9nergie dans la bataille, se classant quatri\u00e8me de l\u2019ultime course alors qu\u2019il avait r\u00e9alis\u00e9 un d\u00e9part dans le Top 5. Simo r\u00e9alise n\u00e9anmoins une bonne op\u00e9ration puisqu\u2019il d\u00e9passe au Championnat Basile Pigois (GasGas \u2013 7-6), s\u2019offrant ainsi la troisi\u00e8me marche du podium de l\u2019ann\u00e9e. C\u2019est Amaury Maindru qui termine sur la seconde marche du podium du Championnat. Un peu \u00e0 l\u2019image de sa saison, il a commis des petites erreurs qui co\u00fbtent cher, comme cette chute en premi\u00e8re manche qui lui enl\u00e8ve tout espoir. Sa deuxi\u00e8me place dans le dernier opus restera anecdotique mais lui offre la quatri\u00e8me place de la journ\u00e9e devant un tr\u00e8s bon Liam Bruneau.<\/p>\n","protected":false},"excerpt":{"rendered":"<p>Si la canicule s\u2019est abattue sur une grande partie de l\u2019Hexagone ce samedi, elle a heureusement \u00e9pargn\u00e9 le Calvados o\u00f9 a d\u00e9but\u00e9 la derni\u00e8re \u00e9preuve du 24MX Tour 2022. Pour [&#8230;]<\/p>\n","protected":false},"author":932,"featured_media":118293,"comment_status":"open","ping_status":"closed","sticky":false,"template":"","format":"standard","meta":{"footnotes":""},"categories":[54,44,4,5,45,55,56,65],"tags":[1877,1918,1900,947],"class_list":["post-118292","post","type-post","status-publish","format-standard","has-post-thumbnail","hentry","category-actualite","category-kids","category-motocross","category-news","category-news-kids","category-news-actualite","category-resultats","category-slideshow","tag-24mx-tour","tag-basly","tag-mano-faure","tag-motocross"],"yoast_head":"<!-- This site is optimized with the Yoast SEO plugin v27.4 - https:\/\/yoast.com\/product\/yoast-seo-wordpress\/ -->\n<title>Mano Faure champion de France Espoir - Motocross - Enduro - Supermoto | MotocrossMag<\/title>\n<meta name=\"robots\" content=\"index, follow, max-snippet:-1, max-image-preview:large, max-video-preview:-1\" \/>\n<link rel=\"canonical\" href=\"https:\/\/fr.motocrossmag.be\/index.php\/2022\/06\/mano-faure-champion-de-france-espoir\/\" \/>\n<meta property=\"og:locale\" content=\"fr_FR\" \/>\n<meta property=\"og:type\" content=\"article\" \/>\n<meta property=\"og:title\" content=\"Mano Faure champion de France Espoir - Motocross - Enduro - Supermoto | MotocrossMag\" \/>\n<meta property=\"og:description\" content=\"Si la canicule s\u2019est abattue sur une grande partie de l\u2019Hexagone ce samedi, elle a heureusement \u00e9pargn\u00e9 le Calvados o\u00f9 a d\u00e9but\u00e9 la derni\u00e8re \u00e9preuve du 24MX Tour 2022. Pour [...]\" \/>\n<meta property=\"og:url\" content=\"https:\/\/fr.motocrossmag.be\/index.php\/2022\/06\/mano-faure-champion-de-france-espoir\/\" \/>\n<meta property=\"og:site_name\" content=\"Motocross - Enduro - Supermoto | MotocrossMag\" \/>\n<meta property=\"article:published_time\" content=\"2022-06-19T07:33:44+00:00\" \/>\n<meta property=\"og:image\" content=\"https:\/\/fr.motocrossmag.be\/wp-content\/uploads\/2022\/06\/mano-faure-champion-85-france.jpg\" \/>\n\t<meta property=\"og:image:width\" content=\"1000\" \/>\n\t<meta property=\"og:image:height\" content=\"666\" \/>\n\t<meta property=\"og:image:type\" content=\"image\/jpeg\" \/>\n<meta name=\"author\" content=\"oliviere\" \/>\n<meta name=\"twitter:card\" content=\"summary_large_image\" \/>\n<meta name=\"twitter:label1\" content=\"\u00c9crit par\" \/>\n\t<meta name=\"twitter:data1\" content=\"oliviere\" \/>\n\t<meta name=\"twitter:label2\" content=\"Dur\u00e9e de lecture estim\u00e9e\" \/>\n\t<meta name=\"twitter:data2\" content=\"3 minutes\" \/>\n<script type=\"application\/ld+json\" class=\"yoast-schema-graph\">{\"@context\":\"https:\\\/\\\/schema.org\",\"@graph\":[{\"@type\":\"Article\",\"@id\":\"https:\\\/\\\/fr.motocrossmag.be\\\/index.php\\\/2022\\\/06\\\/mano-faure-champion-de-france-espoir\\\/#article\",\"isPartOf\":{\"@id\":\"https:\\\/\\\/fr.motocrossmag.be\\\/index.php\\\/2022\\\/06\\\/mano-faure-champion-de-france-espoir\\\/\"},\"author\":{\"name\":\"oliviere\",\"@id\":\"https:\\\/\\\/fr.motocrossmag.be\\\/#\\\/schema\\\/person\\\/11b47143d9f755babca2c9110e03235c\"},\"headline\":\"Mano Faure champion de France Espoir\",\"datePublished\":\"2022-06-19T07:33:44+00:00\",\"mainEntityOfPage\":{\"@id\":\"https:\\\/\\\/fr.motocrossmag.be\\\/index.php\\\/2022\\\/06\\\/mano-faure-champion-de-france-espoir\\\/\"},\"wordCount\":580,\"commentCount\":0,\"image\":{\"@id\":\"https:\\\/\\\/fr.motocrossmag.be\\\/index.php\\\/2022\\\/06\\\/mano-faure-champion-de-france-espoir\\\/#primaryimage\"},\"thumbnailUrl\":\"https:\\\/\\\/fr.motocrossmag.be\\\/wp-content\\\/uploads\\\/2022\\\/06\\\/mano-faure-champion-85-france.jpg\",\"keywords\":[\"24MX tour\",\"basly\",\"mano faure\",\"Motocross\"],\"articleSection\":[\"Actualit\u00e9\",\"Kids\",\"Motocross\",\"News\",\"News\",\"News\",\"R\u00e9sultats\",\"Slideshow\"],\"inLanguage\":\"fr-FR\",\"potentialAction\":[{\"@type\":\"CommentAction\",\"name\":\"Comment\",\"target\":[\"https:\\\/\\\/fr.motocrossmag.be\\\/index.php\\\/2022\\\/06\\\/mano-faure-champion-de-france-espoir\\\/#respond\"]}]},{\"@type\":\"WebPage\",\"@id\":\"https:\\\/\\\/fr.motocrossmag.be\\\/index.php\\\/2022\\\/06\\\/mano-faure-champion-de-france-espoir\\\/\",\"url\":\"https:\\\/\\\/fr.motocrossmag.be\\\/index.php\\\/2022\\\/06\\\/mano-faure-champion-de-france-espoir\\\/\",\"name\":\"Mano Faure champion de France Espoir - Motocross - Enduro - Supermoto | MotocrossMag\",\"isPartOf\":{\"@id\":\"https:\\\/\\\/fr.motocrossmag.be\\\/#website\"},\"primaryImageOfPage\":{\"@id\":\"https:\\\/\\\/fr.motocrossmag.be\\\/index.php\\\/2022\\\/06\\\/mano-faure-champion-de-france-espoir\\\/#primaryimage\"},\"image\":{\"@id\":\"https:\\\/\\\/fr.motocrossmag.be\\\/index.php\\\/2022\\\/06\\\/mano-faure-champion-de-france-espoir\\\/#primaryimage\"},\"thumbnailUrl\":\"https:\\\/\\\/fr.motocrossmag.be\\\/wp-content\\\/uploads\\\/2022\\\/06\\\/mano-faure-champion-85-france.jpg\",\"datePublished\":\"2022-06-19T07:33:44+00:00\",\"author\":{\"@id\":\"https:\\\/\\\/fr.motocrossmag.be\\\/#\\\/schema\\\/person\\\/11b47143d9f755babca2c9110e03235c\"},\"breadcrumb\":{\"@id\":\"https:\\\/\\\/fr.motocrossmag.be\\\/index.php\\\/2022\\\/06\\\/mano-faure-champion-de-france-espoir\\\/#breadcrumb\"},\"inLanguage\":\"fr-FR\",\"potentialAction\":[{\"@type\":\"ReadAction\",\"target\":[\"https:\\\/\\\/fr.motocrossmag.be\\\/index.php\\\/2022\\\/06\\\/mano-faure-champion-de-france-espoir\\\/\"]}]},{\"@type\":\"ImageObject\",\"inLanguage\":\"fr-FR\",\"@id\":\"https:\\\/\\\/fr.motocrossmag.be\\\/index.php\\\/2022\\\/06\\\/mano-faure-champion-de-france-espoir\\\/#primaryimage\",\"url\":\"https:\\\/\\\/fr.motocrossmag.be\\\/wp-content\\\/uploads\\\/2022\\\/06\\\/mano-faure-champion-85-france.jpg\",\"contentUrl\":\"https:\\\/\\\/fr.motocrossmag.be\\\/wp-content\\\/uploads\\\/2022\\\/06\\\/mano-faure-champion-85-france.jpg\",\"width\":\"1000\",\"height\":\"666\"},{\"@type\":\"BreadcrumbList\",\"@id\":\"https:\\\/\\\/fr.motocrossmag.be\\\/index.php\\\/2022\\\/06\\\/mano-faure-champion-de-france-espoir\\\/#breadcrumb\",\"itemListElement\":[{\"@type\":\"ListItem\",\"position\":1,\"name\":\"Accueil\",\"item\":\"https:\\\/\\\/fr.motocrossmag.be\\\/\"},{\"@type\":\"ListItem\",\"position\":2,\"name\":\"Mano Faure champion de France Espoir\"}]},{\"@type\":\"WebSite\",\"@id\":\"https:\\\/\\\/fr.motocrossmag.be\\\/#website\",\"url\":\"https:\\\/\\\/fr.motocrossmag.be\\\/\",\"name\":\"Motocross - Enduro - Supermoto | MotocrossMag\",\"description\":\"L&#039;actualit\u00e9 du motocross, de l&#039;enduro et du Supermoto en ligne!\",\"potentialAction\":[{\"@type\":\"SearchAction\",\"target\":{\"@type\":\"EntryPoint\",\"urlTemplate\":\"https:\\\/\\\/fr.motocrossmag.be\\\/?s={search_term_string}\"},\"query-input\":{\"@type\":\"PropertyValueSpecification\",\"valueRequired\":true,\"valueName\":\"search_term_string\"}}],\"inLanguage\":\"fr-FR\"},{\"@type\":\"Person\",\"@id\":\"https:\\\/\\\/fr.motocrossmag.be\\\/#\\\/schema\\\/person\\\/11b47143d9f755babca2c9110e03235c\",\"name\":\"oliviere\",\"image\":{\"@type\":\"ImageObject\",\"inLanguage\":\"fr-FR\",\"@id\":\"https:\\\/\\\/secure.gravatar.com\\\/avatar\\\/907069e0b81d119452040469e4a7501da1100f54f7f80180ce77bfab718288f6?s=96&d=mm&r=g\",\"url\":\"https:\\\/\\\/secure.gravatar.com\\\/avatar\\\/907069e0b81d119452040469e4a7501da1100f54f7f80180ce77bfab718288f6?s=96&d=mm&r=g\",\"contentUrl\":\"https:\\\/\\\/secure.gravatar.com\\\/avatar\\\/907069e0b81d119452040469e4a7501da1100f54f7f80180ce77bfab718288f6?s=96&d=mm&r=g\",\"caption\":\"oliviere\"},\"sameAs\":[\"http:\\\/\\\/www.motocrossmag.be\"],\"url\":\"https:\\\/\\\/fr.motocrossmag.be\\\/index.php\\\/author\\\/oliviere\\\/\"}]}<\/script>\n<!-- \/ Yoast SEO plugin. -->","yoast_head_json":{"title":"Mano Faure champion de France Espoir - Motocross - Enduro - Supermoto | MotocrossMag","robots":{"index":"index","follow":"follow","max-snippet":"max-snippet:-1","max-image-preview":"max-image-preview:large","max-video-preview":"max-video-preview:-1"},"canonical":"https:\/\/fr.motocrossmag.be\/index.php\/2022\/06\/mano-faure-champion-de-france-espoir\/","og_locale":"fr_FR","og_type":"article","og_title":"Mano Faure champion de France Espoir - Motocross - Enduro - Supermoto | MotocrossMag","og_description":"Si la canicule s\u2019est abattue sur une grande partie de l\u2019Hexagone ce samedi, elle a heureusement \u00e9pargn\u00e9 le Calvados o\u00f9 a d\u00e9but\u00e9 la derni\u00e8re \u00e9preuve du 24MX Tour 2022. Pour [...]","og_url":"https:\/\/fr.motocrossmag.be\/index.php\/2022\/06\/mano-faure-champion-de-france-espoir\/","og_site_name":"Motocross - Enduro - Supermoto | MotocrossMag","article_published_time":"2022-06-19T07:33:44+00:00","og_image":[{"width":1000,"height":666,"url":"https:\/\/fr.motocrossmag.be\/wp-content\/uploads\/2022\/06\/mano-faure-champion-85-france.jpg","type":"image\/jpeg"}],"author":"oliviere","twitter_card":"summary_large_image","twitter_misc":{"\u00c9crit par":"oliviere","Dur\u00e9e de lecture estim\u00e9e":"3 minutes"},"schema":{"@context":"https:\/\/schema.org","@graph":[{"@type":"Article","@id":"https:\/\/fr.motocrossmag.be\/index.php\/2022\/06\/mano-faure-champion-de-france-espoir\/#article","isPartOf":{"@id":"https:\/\/fr.motocrossmag.be\/index.php\/2022\/06\/mano-faure-champion-de-france-espoir\/"},"author":{"name":"oliviere","@id":"https:\/\/fr.motocrossmag.be\/#\/schema\/person\/11b47143d9f755babca2c9110e03235c"},"headline":"Mano Faure champion de France Espoir","datePublished":"2022-06-19T07:33:44+00:00","mainEntityOfPage":{"@id":"https:\/\/fr.motocrossmag.be\/index.php\/2022\/06\/mano-faure-champion-de-france-espoir\/"},"wordCount":580,"commentCount":0,"image":{"@id":"https:\/\/fr.motocrossmag.be\/index.php\/2022\/06\/mano-faure-champion-de-france-espoir\/#primaryimage"},"thumbnailUrl":"https:\/\/fr.motocrossmag.be\/wp-content\/uploads\/2022\/06\/mano-faure-champion-85-france.jpg","keywords":["24MX tour","basly","mano faure","Motocross"],"articleSection":["Actualit\u00e9","Kids","Motocross","News","News","News","R\u00e9sultats","Slideshow"],"inLanguage":"fr-FR","potentialAction":[{"@type":"CommentAction","name":"Comment","target":["https:\/\/fr.motocrossmag.be\/index.php\/2022\/06\/mano-faure-champion-de-france-espoir\/#respond"]}]},{"@type":"WebPage","@id":"https:\/\/fr.motocrossmag.be\/index.php\/2022\/06\/mano-faure-champion-de-france-espoir\/","url":"https:\/\/fr.motocrossmag.be\/index.php\/2022\/06\/mano-faure-champion-de-france-espoir\/","name":"Mano Faure champion de France Espoir - Motocross - Enduro - Supermoto | MotocrossMag","isPartOf":{"@id":"https:\/\/fr.motocrossmag.be\/#website"},"primaryImageOfPage":{"@id":"https:\/\/fr.motocrossmag.be\/index.php\/2022\/06\/mano-faure-champion-de-france-espoir\/#primaryimage"},"image":{"@id":"https:\/\/fr.motocrossmag.be\/index.php\/2022\/06\/mano-faure-champion-de-france-espoir\/#primaryimage"},"thumbnailUrl":"https:\/\/fr.motocrossmag.be\/wp-content\/uploads\/2022\/06\/mano-faure-champion-85-france.jpg","datePublished":"2022-06-19T07:33:44+00:00","author":{"@id":"https:\/\/fr.motocrossmag.be\/#\/schema\/person\/11b47143d9f755babca2c9110e03235c"},"breadcrumb":{"@id":"https:\/\/fr.motocrossmag.be\/index.php\/2022\/06\/mano-faure-champion-de-france-espoir\/#breadcrumb"},"inLanguage":"fr-FR","potentialAction":[{"@type":"ReadAction","target":["https:\/\/fr.motocrossmag.be\/index.php\/2022\/06\/mano-faure-champion-de-france-espoir\/"]}]},{"@type":"ImageObject","inLanguage":"fr-FR","@id":"https:\/\/fr.motocrossmag.be\/index.php\/2022\/06\/mano-faure-champion-de-france-espoir\/#primaryimage","url":"https:\/\/fr.motocrossmag.be\/wp-content\/uploads\/2022\/06\/mano-faure-champion-85-france.jpg","contentUrl":"https:\/\/fr.motocrossmag.be\/wp-content\/uploads\/2022\/06\/mano-faure-champion-85-france.jpg","width":"1000","height":"666"},{"@type":"BreadcrumbList","@id":"https:\/\/fr.motocrossmag.be\/index.php\/2022\/06\/mano-faure-champion-de-france-espoir\/#breadcrumb","itemListElement":[{"@type":"ListItem","position":1,"name":"Accueil","item":"https:\/\/fr.motocrossmag.be\/"},{"@type":"ListItem","position":2,"name":"Mano Faure champion de France Espoir"}]},{"@type":"WebSite","@id":"https:\/\/fr.motocrossmag.be\/#website","url":"https:\/\/fr.motocrossmag.be\/","name":"Motocross - Enduro - Supermoto | MotocrossMag","description":"L&#039;actualit\u00e9 du motocross, de l&#039;enduro et du Supermoto en ligne!","potentialAction":[{"@type":"SearchAction","target":{"@type":"EntryPoint","urlTemplate":"https:\/\/fr.motocrossmag.be\/?s={search_term_string}"},"query-input":{"@type":"PropertyValueSpecification","valueRequired":true,"valueName":"search_term_string"}}],"inLanguage":"fr-FR"},{"@type":"Person","@id":"https:\/\/fr.motocrossmag.be\/#\/schema\/person\/11b47143d9f755babca2c9110e03235c","name":"oliviere","image":{"@type":"ImageObject","inLanguage":"fr-FR","@id":"https:\/\/secure.gravatar.com\/avatar\/907069e0b81d119452040469e4a7501da1100f54f7f80180ce77bfab718288f6?s=96&d=mm&r=g","url":"https:\/\/secure.gravatar.com\/avatar\/907069e0b81d119452040469e4a7501da1100f54f7f80180ce77bfab718288f6?s=96&d=mm&r=g","contentUrl":"https:\/\/secure.gravatar.com\/avatar\/907069e0b81d119452040469e4a7501da1100f54f7f80180ce77bfab718288f6?s=96&d=mm&r=g","caption":"oliviere"},"sameAs":["http:\/\/www.motocrossmag.be"],"url":"https:\/\/fr.motocrossmag.be\/index.php\/author\/oliviere\/"}]}},"_links":{"self":[{"href":"https:\/\/fr.motocrossmag.be\/index.php\/wp-json\/wp\/v2\/posts\/118292","targetHints":{"allow":["GET"]}}],"collection":[{"href":"https:\/\/fr.motocrossmag.be\/index.php\/wp-json\/wp\/v2\/posts"}],"about":[{"href":"https:\/\/fr.motocrossmag.be\/index.php\/wp-json\/wp\/v2\/types\/post"}],"author":[{"embeddable":true,"href":"https:\/\/fr.motocrossmag.be\/index.php\/wp-json\/wp\/v2\/users\/932"}],"replies":[{"embeddable":true,"href":"https:\/\/fr.motocrossmag.be\/index.php\/wp-json\/wp\/v2\/comments?post=118292"}],"version-history":[{"count":0,"href":"https:\/\/fr.motocrossmag.be\/index.php\/wp-json\/wp\/v2\/posts\/118292\/revisions"}],"wp:featuredmedia":[{"embeddable":true,"href":"https:\/\/fr.motocrossmag.be\/index.php\/wp-json\/wp\/v2\/media\/118293"}],"wp:attachment":[{"href":"https:\/\/fr.motocrossmag.be\/index.php\/wp-json\/wp\/v2\/media?parent=118292"}],"wp:term":[{"taxonomy":"category","embeddable":true,"href":"https:\/\/fr.motocrossmag.be\/index.php\/wp-json\/wp\/v2\/categories?post=118292"},{"taxonomy":"post_tag","embeddable":true,"href":"https:\/\/fr.motocrossmag.be\/index.php\/wp-json\/wp\/v2\/tags?post=118292"}],"curies":[{"name":"wp","href":"https:\/\/api.w.org\/{rel}","templated":true}]}}