{"id":118308,"date":"2022-06-20T10:14:49","date_gmt":"2022-06-20T08:14:49","guid":{"rendered":"http:\/\/fr.motocrossmag.be\/?p=118308"},"modified":"2022-06-20T10:14:49","modified_gmt":"2022-06-20T08:14:49","slug":"lucas-coenen-remporte-la-finale-du-24mx-tour-a-basly","status":"publish","type":"post","link":"https:\/\/fr.motocrossmag.be\/index.php\/2022\/06\/lucas-coenen-remporte-la-finale-du-24mx-tour-a-basly\/","title":{"rendered":"Lucas Coenen remporte la finale du 24MX Tour \u00e0 Basly"},"content":{"rendered":"<p><strong>Il y avait du beau monde sur la piste de Basly en MX2 ce dimanche. Plusieurs pilotes disputant les championnats du Monde et d\u2019Europe \u00e9taient en effet derri\u00e8re la grille de la finale du championnat de France Elite de motocross. Parmi eux, notre compatriote Lucas Coenen, vainqueur du g\u00e9n\u00e9ral avec une 3\u00e8me place puis une victoire dans les manches, mais aussi notamment Pako Destercq ou encore Wesley Dieudonne.<br \/>\n<\/strong><\/p>\n<p>La confrontation avec un Pierre Goupillon fra\u00eechement aur\u00e9ol\u00e9 d\u2019un second titre de champion de France cons\u00e9cutif \u00e9tait attendue. Elle a tourn\u00e9 \u00e0 l\u2019avantage des pilotes \u00ab internationaux \u00bb \u00e0 cause de deux mauvaises sorties de grille de Goupillon qui l\u2019ont emp\u00each\u00e9 de faire mieux que deux quatri\u00e8mes places. Le Breton termine donc la journ\u00e9e derri\u00e8re, dans l\u2019ordre, Lucas Coenen (Jumbo Husqvarna), Tom Guyon et Quentin-Marc Prugni\u00e8res. Lors de la premi\u00e8re course, Guyon a pris le meilleur d\u00e9part devant Coenen. Le pilote VRT KTM Veritise a r\u00e9alis\u00e9 un cavalier seul sur une piste compl\u00e8tement d\u00e9tremp\u00e9e. Derri\u00e8re, Coenen est parti \u00e0 la faute sous la pression de Prugni\u00e8res mais a n\u00e9anmoins r\u00e9ussi \u00e0 rester dans le Top3.<\/p>\n<p><strong>Coenen intouchable en seconde manche<\/strong><\/p>\n<p>Lors du second d\u00e9part, c\u2019est le jeune Belge champion de France Espoir l\u2019an dernier qui est parti devant. Personne n\u2019a pu suivre son rythme, il a men\u00e9 la manche de bout en bout pour s\u2019imposer au classement journ\u00e9e. Prugni\u00e8res \u00e9tait quant \u00e0 lui parti dans la roue de son co\u00e9quipier 9 mm Energy Drink Bud Racing Kawasaki Eddie Jay Wade. Apr\u00e8s un mano \u00e0 mano avec Guyon dans le premier tour, il est parvenu \u00e0 acc\u00e9l\u00e9rer pour prendre le meilleur sur l\u2019Anglais. Il n\u2019a plus \u00e9t\u00e9 inqui\u00e9t\u00e9, Guyon peinant \u00e0 trouver les bonnes traces pour recoller apr\u00e8s un d\u00e9but de course d\u00e9licat.<\/p>\n<p>C\u00f4t\u00e9 Championnat de France, Fonvieille, Krajewski et Aubin \u00e9taient \u00e0 la lutte pour le podium. Le local de l\u2019\u00e9tape (DNF-7) a vite \u00e9t\u00e9 hors course apr\u00e8s un d\u00e9but d\u2019\u00e9preuve poussif conclu par un abandon. Malgr\u00e9 une chute en premi\u00e8re manche, Bogdan Krajewski (9-8) termine septi\u00e8me de l\u2019\u00e9preuve, juste devant Calvin Fonvielle. Il reprend un point \u00e0 son rival, insuffisant pour lui chiper la deuxi\u00e8me place du Championnat. Fonvieille (7-11) signe donc un r\u00e9sultat qu\u2019il qualifie lui m\u00eame \u00ab d\u2019inesp\u00e9r\u00e9 \u00bb apr\u00e8s sa blessure \u00e0 l\u2019\u00e9paule qui lui a fait manquer l\u2019\u00e9tape de Bitche. Sur la troisi\u00e8me marche du podium du Championnat, Krajewski r\u00e9alise sa meilleure performance en 250cc.<\/p>\n<p><span style=\"color: #800000;\"><strong>R\u00e9sultats<\/strong><\/span><\/p>\n<p><strong>1 COENEN Lucas Husqvarna 20+25<\/strong>; 2 GUYON Tom KTM 25+20; 3 PRUGNIERES Quentin-Marc Kawasaki 22+22; 4 GOUPILLON Pierre KTM 18+18; 5 WADE Eddie Jay Kawasaki 16+16; 6 VERHAEGHE Scotty KTM 15+15; 7 KRAJEWSKI Bogdan KTM 12+13; 8 FONVIEILLE Calvin KTM 14+10; 9 JAMET Germain Yamaha 11+12; 10 CAZAL Xavier KTM 9+9; 11 VINCENT Killian KTM 13+5; <strong>12 DESTERCQ Pako Yamaha 7+8<\/strong>; 13 POLIAS Enzo Husqvarna 8+7; 14 AUBIN Arnaud Husqvarna 0+14; <strong>15 DIEUDONNE Wesley KTM 0+11<\/strong>;&#8230;<\/p>\n","protected":false},"excerpt":{"rendered":"<p>Il y avait du beau monde sur la piste de Basly en MX2 ce dimanche. Plusieurs pilotes disputant les championnats du Monde et d\u2019Europe \u00e9taient en effet derri\u00e8re la grille [&#8230;]<\/p>\n","protected":false},"author":932,"featured_media":118309,"comment_status":"open","ping_status":"closed","sticky":false,"template":"","format":"standard","meta":{"footnotes":""},"categories":[54,4,5,55,56,65],"tags":[1877,1265,947],"class_list":["post-118308","post","type-post","status-publish","format-standard","has-post-thumbnail","hentry","category-actualite","category-motocross","category-news","category-news-actualite","category-resultats","category-slideshow","tag-24mx-tour","tag-lucas-coenen","tag-motocross"],"yoast_head":"<!-- This site is optimized with the Yoast SEO plugin v27.4 - https:\/\/yoast.com\/product\/yoast-seo-wordpress\/ -->\n<title>Lucas Coenen remporte la finale du 24MX Tour \u00e0 Basly - Motocross - Enduro - Supermoto | MotocrossMag<\/title>\n<meta name=\"robots\" content=\"index, follow, max-snippet:-1, max-image-preview:large, max-video-preview:-1\" \/>\n<link rel=\"canonical\" href=\"https:\/\/fr.motocrossmag.be\/index.php\/2022\/06\/lucas-coenen-remporte-la-finale-du-24mx-tour-a-basly\/\" \/>\n<meta property=\"og:locale\" content=\"fr_FR\" \/>\n<meta property=\"og:type\" content=\"article\" \/>\n<meta property=\"og:title\" content=\"Lucas Coenen remporte la finale du 24MX Tour \u00e0 Basly - Motocross - Enduro - Supermoto | MotocrossMag\" \/>\n<meta property=\"og:description\" content=\"Il y avait du beau monde sur la piste de Basly en MX2 ce dimanche. Plusieurs pilotes disputant les championnats du Monde et d\u2019Europe \u00e9taient en effet derri\u00e8re la grille [...]\" \/>\n<meta property=\"og:url\" content=\"https:\/\/fr.motocrossmag.be\/index.php\/2022\/06\/lucas-coenen-remporte-la-finale-du-24mx-tour-a-basly\/\" \/>\n<meta property=\"og:site_name\" content=\"Motocross - Enduro - Supermoto | MotocrossMag\" \/>\n<meta property=\"article:published_time\" content=\"2022-06-20T08:14:49+00:00\" \/>\n<meta property=\"og:image\" content=\"https:\/\/fr.motocrossmag.be\/wp-content\/uploads\/2022\/06\/lucasc-coenen-elite-france.jpg\" \/>\n\t<meta property=\"og:image:width\" content=\"1000\" \/>\n\t<meta property=\"og:image:height\" content=\"666\" \/>\n\t<meta property=\"og:image:type\" content=\"image\/jpeg\" \/>\n<meta name=\"author\" content=\"oliviere\" \/>\n<meta name=\"twitter:card\" content=\"summary_large_image\" \/>\n<meta name=\"twitter:label1\" content=\"\u00c9crit par\" \/>\n\t<meta name=\"twitter:data1\" content=\"oliviere\" \/>\n\t<meta name=\"twitter:label2\" content=\"Dur\u00e9e de lecture estim\u00e9e\" \/>\n\t<meta name=\"twitter:data2\" content=\"2 minutes\" \/>\n<script type=\"application\/ld+json\" class=\"yoast-schema-graph\">{\"@context\":\"https:\\\/\\\/schema.org\",\"@graph\":[{\"@type\":\"Article\",\"@id\":\"https:\\\/\\\/fr.motocrossmag.be\\\/index.php\\\/2022\\\/06\\\/lucas-coenen-remporte-la-finale-du-24mx-tour-a-basly\\\/#article\",\"isPartOf\":{\"@id\":\"https:\\\/\\\/fr.motocrossmag.be\\\/index.php\\\/2022\\\/06\\\/lucas-coenen-remporte-la-finale-du-24mx-tour-a-basly\\\/\"},\"author\":{\"name\":\"oliviere\",\"@id\":\"https:\\\/\\\/fr.motocrossmag.be\\\/#\\\/schema\\\/person\\\/11b47143d9f755babca2c9110e03235c\"},\"headline\":\"Lucas Coenen remporte la finale du 24MX Tour \u00e0 Basly\",\"datePublished\":\"2022-06-20T08:14:49+00:00\",\"mainEntityOfPage\":{\"@id\":\"https:\\\/\\\/fr.motocrossmag.be\\\/index.php\\\/2022\\\/06\\\/lucas-coenen-remporte-la-finale-du-24mx-tour-a-basly\\\/\"},\"wordCount\":501,\"commentCount\":0,\"image\":{\"@id\":\"https:\\\/\\\/fr.motocrossmag.be\\\/index.php\\\/2022\\\/06\\\/lucas-coenen-remporte-la-finale-du-24mx-tour-a-basly\\\/#primaryimage\"},\"thumbnailUrl\":\"https:\\\/\\\/fr.motocrossmag.be\\\/wp-content\\\/uploads\\\/2022\\\/06\\\/lucasc-coenen-elite-france.jpg\",\"keywords\":[\"24MX tour\",\"lucas coenen\",\"Motocross\"],\"articleSection\":[\"Actualit\u00e9\",\"Motocross\",\"News\",\"News\",\"R\u00e9sultats\",\"Slideshow\"],\"inLanguage\":\"fr-FR\",\"potentialAction\":[{\"@type\":\"CommentAction\",\"name\":\"Comment\",\"target\":[\"https:\\\/\\\/fr.motocrossmag.be\\\/index.php\\\/2022\\\/06\\\/lucas-coenen-remporte-la-finale-du-24mx-tour-a-basly\\\/#respond\"]}]},{\"@type\":\"WebPage\",\"@id\":\"https:\\\/\\\/fr.motocrossmag.be\\\/index.php\\\/2022\\\/06\\\/lucas-coenen-remporte-la-finale-du-24mx-tour-a-basly\\\/\",\"url\":\"https:\\\/\\\/fr.motocrossmag.be\\\/index.php\\\/2022\\\/06\\\/lucas-coenen-remporte-la-finale-du-24mx-tour-a-basly\\\/\",\"name\":\"Lucas Coenen remporte la finale du 24MX Tour \u00e0 Basly - Motocross - Enduro - Supermoto | MotocrossMag\",\"isPartOf\":{\"@id\":\"https:\\\/\\\/fr.motocrossmag.be\\\/#website\"},\"primaryImageOfPage\":{\"@id\":\"https:\\\/\\\/fr.motocrossmag.be\\\/index.php\\\/2022\\\/06\\\/lucas-coenen-remporte-la-finale-du-24mx-tour-a-basly\\\/#primaryimage\"},\"image\":{\"@id\":\"https:\\\/\\\/fr.motocrossmag.be\\\/index.php\\\/2022\\\/06\\\/lucas-coenen-remporte-la-finale-du-24mx-tour-a-basly\\\/#primaryimage\"},\"thumbnailUrl\":\"https:\\\/\\\/fr.motocrossmag.be\\\/wp-content\\\/uploads\\\/2022\\\/06\\\/lucasc-coenen-elite-france.jpg\",\"datePublished\":\"2022-06-20T08:14:49+00:00\",\"author\":{\"@id\":\"https:\\\/\\\/fr.motocrossmag.be\\\/#\\\/schema\\\/person\\\/11b47143d9f755babca2c9110e03235c\"},\"breadcrumb\":{\"@id\":\"https:\\\/\\\/fr.motocrossmag.be\\\/index.php\\\/2022\\\/06\\\/lucas-coenen-remporte-la-finale-du-24mx-tour-a-basly\\\/#breadcrumb\"},\"inLanguage\":\"fr-FR\",\"potentialAction\":[{\"@type\":\"ReadAction\",\"target\":[\"https:\\\/\\\/fr.motocrossmag.be\\\/index.php\\\/2022\\\/06\\\/lucas-coenen-remporte-la-finale-du-24mx-tour-a-basly\\\/\"]}]},{\"@type\":\"ImageObject\",\"inLanguage\":\"fr-FR\",\"@id\":\"https:\\\/\\\/fr.motocrossmag.be\\\/index.php\\\/2022\\\/06\\\/lucas-coenen-remporte-la-finale-du-24mx-tour-a-basly\\\/#primaryimage\",\"url\":\"https:\\\/\\\/fr.motocrossmag.be\\\/wp-content\\\/uploads\\\/2022\\\/06\\\/lucasc-coenen-elite-france.jpg\",\"contentUrl\":\"https:\\\/\\\/fr.motocrossmag.be\\\/wp-content\\\/uploads\\\/2022\\\/06\\\/lucasc-coenen-elite-france.jpg\",\"width\":\"1000\",\"height\":\"666\"},{\"@type\":\"BreadcrumbList\",\"@id\":\"https:\\\/\\\/fr.motocrossmag.be\\\/index.php\\\/2022\\\/06\\\/lucas-coenen-remporte-la-finale-du-24mx-tour-a-basly\\\/#breadcrumb\",\"itemListElement\":[{\"@type\":\"ListItem\",\"position\":1,\"name\":\"Accueil\",\"item\":\"https:\\\/\\\/fr.motocrossmag.be\\\/\"},{\"@type\":\"ListItem\",\"position\":2,\"name\":\"Lucas Coenen remporte la finale du 24MX Tour \u00e0 Basly\"}]},{\"@type\":\"WebSite\",\"@id\":\"https:\\\/\\\/fr.motocrossmag.be\\\/#website\",\"url\":\"https:\\\/\\\/fr.motocrossmag.be\\\/\",\"name\":\"Motocross - Enduro - Supermoto | MotocrossMag\",\"description\":\"L&#039;actualit\u00e9 du motocross, de l&#039;enduro et du Supermoto en ligne!\",\"potentialAction\":[{\"@type\":\"SearchAction\",\"target\":{\"@type\":\"EntryPoint\",\"urlTemplate\":\"https:\\\/\\\/fr.motocrossmag.be\\\/?s={search_term_string}\"},\"query-input\":{\"@type\":\"PropertyValueSpecification\",\"valueRequired\":true,\"valueName\":\"search_term_string\"}}],\"inLanguage\":\"fr-FR\"},{\"@type\":\"Person\",\"@id\":\"https:\\\/\\\/fr.motocrossmag.be\\\/#\\\/schema\\\/person\\\/11b47143d9f755babca2c9110e03235c\",\"name\":\"oliviere\",\"image\":{\"@type\":\"ImageObject\",\"inLanguage\":\"fr-FR\",\"@id\":\"https:\\\/\\\/secure.gravatar.com\\\/avatar\\\/907069e0b81d119452040469e4a7501da1100f54f7f80180ce77bfab718288f6?s=96&d=mm&r=g\",\"url\":\"https:\\\/\\\/secure.gravatar.com\\\/avatar\\\/907069e0b81d119452040469e4a7501da1100f54f7f80180ce77bfab718288f6?s=96&d=mm&r=g\",\"contentUrl\":\"https:\\\/\\\/secure.gravatar.com\\\/avatar\\\/907069e0b81d119452040469e4a7501da1100f54f7f80180ce77bfab718288f6?s=96&d=mm&r=g\",\"caption\":\"oliviere\"},\"sameAs\":[\"http:\\\/\\\/www.motocrossmag.be\"],\"url\":\"https:\\\/\\\/fr.motocrossmag.be\\\/index.php\\\/author\\\/oliviere\\\/\"}]}<\/script>\n<!-- \/ Yoast SEO plugin. -->","yoast_head_json":{"title":"Lucas Coenen remporte la finale du 24MX Tour \u00e0 Basly - Motocross - Enduro - Supermoto | MotocrossMag","robots":{"index":"index","follow":"follow","max-snippet":"max-snippet:-1","max-image-preview":"max-image-preview:large","max-video-preview":"max-video-preview:-1"},"canonical":"https:\/\/fr.motocrossmag.be\/index.php\/2022\/06\/lucas-coenen-remporte-la-finale-du-24mx-tour-a-basly\/","og_locale":"fr_FR","og_type":"article","og_title":"Lucas Coenen remporte la finale du 24MX Tour \u00e0 Basly - Motocross - Enduro - Supermoto | MotocrossMag","og_description":"Il y avait du beau monde sur la piste de Basly en MX2 ce dimanche. Plusieurs pilotes disputant les championnats du Monde et d\u2019Europe \u00e9taient en effet derri\u00e8re la grille [...]","og_url":"https:\/\/fr.motocrossmag.be\/index.php\/2022\/06\/lucas-coenen-remporte-la-finale-du-24mx-tour-a-basly\/","og_site_name":"Motocross - Enduro - Supermoto | MotocrossMag","article_published_time":"2022-06-20T08:14:49+00:00","og_image":[{"width":1000,"height":666,"url":"https:\/\/fr.motocrossmag.be\/wp-content\/uploads\/2022\/06\/lucasc-coenen-elite-france.jpg","type":"image\/jpeg"}],"author":"oliviere","twitter_card":"summary_large_image","twitter_misc":{"\u00c9crit par":"oliviere","Dur\u00e9e de lecture estim\u00e9e":"2 minutes"},"schema":{"@context":"https:\/\/schema.org","@graph":[{"@type":"Article","@id":"https:\/\/fr.motocrossmag.be\/index.php\/2022\/06\/lucas-coenen-remporte-la-finale-du-24mx-tour-a-basly\/#article","isPartOf":{"@id":"https:\/\/fr.motocrossmag.be\/index.php\/2022\/06\/lucas-coenen-remporte-la-finale-du-24mx-tour-a-basly\/"},"author":{"name":"oliviere","@id":"https:\/\/fr.motocrossmag.be\/#\/schema\/person\/11b47143d9f755babca2c9110e03235c"},"headline":"Lucas Coenen remporte la finale du 24MX Tour \u00e0 Basly","datePublished":"2022-06-20T08:14:49+00:00","mainEntityOfPage":{"@id":"https:\/\/fr.motocrossmag.be\/index.php\/2022\/06\/lucas-coenen-remporte-la-finale-du-24mx-tour-a-basly\/"},"wordCount":501,"commentCount":0,"image":{"@id":"https:\/\/fr.motocrossmag.be\/index.php\/2022\/06\/lucas-coenen-remporte-la-finale-du-24mx-tour-a-basly\/#primaryimage"},"thumbnailUrl":"https:\/\/fr.motocrossmag.be\/wp-content\/uploads\/2022\/06\/lucasc-coenen-elite-france.jpg","keywords":["24MX tour","lucas coenen","Motocross"],"articleSection":["Actualit\u00e9","Motocross","News","News","R\u00e9sultats","Slideshow"],"inLanguage":"fr-FR","potentialAction":[{"@type":"CommentAction","name":"Comment","target":["https:\/\/fr.motocrossmag.be\/index.php\/2022\/06\/lucas-coenen-remporte-la-finale-du-24mx-tour-a-basly\/#respond"]}]},{"@type":"WebPage","@id":"https:\/\/fr.motocrossmag.be\/index.php\/2022\/06\/lucas-coenen-remporte-la-finale-du-24mx-tour-a-basly\/","url":"https:\/\/fr.motocrossmag.be\/index.php\/2022\/06\/lucas-coenen-remporte-la-finale-du-24mx-tour-a-basly\/","name":"Lucas Coenen remporte la finale du 24MX Tour \u00e0 Basly - Motocross - Enduro - Supermoto | MotocrossMag","isPartOf":{"@id":"https:\/\/fr.motocrossmag.be\/#website"},"primaryImageOfPage":{"@id":"https:\/\/fr.motocrossmag.be\/index.php\/2022\/06\/lucas-coenen-remporte-la-finale-du-24mx-tour-a-basly\/#primaryimage"},"image":{"@id":"https:\/\/fr.motocrossmag.be\/index.php\/2022\/06\/lucas-coenen-remporte-la-finale-du-24mx-tour-a-basly\/#primaryimage"},"thumbnailUrl":"https:\/\/fr.motocrossmag.be\/wp-content\/uploads\/2022\/06\/lucasc-coenen-elite-france.jpg","datePublished":"2022-06-20T08:14:49+00:00","author":{"@id":"https:\/\/fr.motocrossmag.be\/#\/schema\/person\/11b47143d9f755babca2c9110e03235c"},"breadcrumb":{"@id":"https:\/\/fr.motocrossmag.be\/index.php\/2022\/06\/lucas-coenen-remporte-la-finale-du-24mx-tour-a-basly\/#breadcrumb"},"inLanguage":"fr-FR","potentialAction":[{"@type":"ReadAction","target":["https:\/\/fr.motocrossmag.be\/index.php\/2022\/06\/lucas-coenen-remporte-la-finale-du-24mx-tour-a-basly\/"]}]},{"@type":"ImageObject","inLanguage":"fr-FR","@id":"https:\/\/fr.motocrossmag.be\/index.php\/2022\/06\/lucas-coenen-remporte-la-finale-du-24mx-tour-a-basly\/#primaryimage","url":"https:\/\/fr.motocrossmag.be\/wp-content\/uploads\/2022\/06\/lucasc-coenen-elite-france.jpg","contentUrl":"https:\/\/fr.motocrossmag.be\/wp-content\/uploads\/2022\/06\/lucasc-coenen-elite-france.jpg","width":"1000","height":"666"},{"@type":"BreadcrumbList","@id":"https:\/\/fr.motocrossmag.be\/index.php\/2022\/06\/lucas-coenen-remporte-la-finale-du-24mx-tour-a-basly\/#breadcrumb","itemListElement":[{"@type":"ListItem","position":1,"name":"Accueil","item":"https:\/\/fr.motocrossmag.be\/"},{"@type":"ListItem","position":2,"name":"Lucas Coenen remporte la finale du 24MX Tour \u00e0 Basly"}]},{"@type":"WebSite","@id":"https:\/\/fr.motocrossmag.be\/#website","url":"https:\/\/fr.motocrossmag.be\/","name":"Motocross - Enduro - Supermoto | MotocrossMag","description":"L&#039;actualit\u00e9 du motocross, de l&#039;enduro et du Supermoto en ligne!","potentialAction":[{"@type":"SearchAction","target":{"@type":"EntryPoint","urlTemplate":"https:\/\/fr.motocrossmag.be\/?s={search_term_string}"},"query-input":{"@type":"PropertyValueSpecification","valueRequired":true,"valueName":"search_term_string"}}],"inLanguage":"fr-FR"},{"@type":"Person","@id":"https:\/\/fr.motocrossmag.be\/#\/schema\/person\/11b47143d9f755babca2c9110e03235c","name":"oliviere","image":{"@type":"ImageObject","inLanguage":"fr-FR","@id":"https:\/\/secure.gravatar.com\/avatar\/907069e0b81d119452040469e4a7501da1100f54f7f80180ce77bfab718288f6?s=96&d=mm&r=g","url":"https:\/\/secure.gravatar.com\/avatar\/907069e0b81d119452040469e4a7501da1100f54f7f80180ce77bfab718288f6?s=96&d=mm&r=g","contentUrl":"https:\/\/secure.gravatar.com\/avatar\/907069e0b81d119452040469e4a7501da1100f54f7f80180ce77bfab718288f6?s=96&d=mm&r=g","caption":"oliviere"},"sameAs":["http:\/\/www.motocrossmag.be"],"url":"https:\/\/fr.motocrossmag.be\/index.php\/author\/oliviere\/"}]}},"_links":{"self":[{"href":"https:\/\/fr.motocrossmag.be\/index.php\/wp-json\/wp\/v2\/posts\/118308","targetHints":{"allow":["GET"]}}],"collection":[{"href":"https:\/\/fr.motocrossmag.be\/index.php\/wp-json\/wp\/v2\/posts"}],"about":[{"href":"https:\/\/fr.motocrossmag.be\/index.php\/wp-json\/wp\/v2\/types\/post"}],"author":[{"embeddable":true,"href":"https:\/\/fr.motocrossmag.be\/index.php\/wp-json\/wp\/v2\/users\/932"}],"replies":[{"embeddable":true,"href":"https:\/\/fr.motocrossmag.be\/index.php\/wp-json\/wp\/v2\/comments?post=118308"}],"version-history":[{"count":0,"href":"https:\/\/fr.motocrossmag.be\/index.php\/wp-json\/wp\/v2\/posts\/118308\/revisions"}],"wp:featuredmedia":[{"embeddable":true,"href":"https:\/\/fr.motocrossmag.be\/index.php\/wp-json\/wp\/v2\/media\/118309"}],"wp:attachment":[{"href":"https:\/\/fr.motocrossmag.be\/index.php\/wp-json\/wp\/v2\/media?parent=118308"}],"wp:term":[{"taxonomy":"category","embeddable":true,"href":"https:\/\/fr.motocrossmag.be\/index.php\/wp-json\/wp\/v2\/categories?post=118308"},{"taxonomy":"post_tag","embeddable":true,"href":"https:\/\/fr.motocrossmag.be\/index.php\/wp-json\/wp\/v2\/tags?post=118308"}],"curies":[{"name":"wp","href":"https:\/\/api.w.org\/{rel}","templated":true}]}}