{"id":118310,"date":"2022-06-22T11:09:16","date_gmt":"2022-06-22T09:09:16","guid":{"rendered":"http:\/\/fr.motocrossmag.be\/?p=118310"},"modified":"2022-06-22T11:09:16","modified_gmt":"2022-06-22T09:09:16","slug":"adrien-petit-arrache-le-titre-junior-francais-au-terme-dune-finale-a-suspense","status":"publish","type":"post","link":"https:\/\/fr.motocrossmag.be\/index.php\/2022\/06\/adrien-petit-arrache-le-titre-junior-francais-au-terme-dune-finale-a-suspense\/","title":{"rendered":"Adrien Petit arrache le titre Junior fran\u00e7ais au terme d&rsquo;une finale \u00e0 suspense"},"content":{"rendered":"<p><strong>Arriv\u00e9 sur la finale du 24MX Tour \u00e0 Basly avec un point d\u2019avance sur l\u2019Italien Math\u00e9o Russi, Adrien Petit est parvenu \u00e0 remporter le titre en 125 cc au bout du suspense. Psychologiquement, le Picard a \u00e9t\u00e9 tr\u00e8s fort !<\/strong><\/p>\n<p>Cinqui\u00e8me d\u2019une premi\u00e8re manche matinale disput\u00e9e sous une pluie battante, il s\u2019est retrouv\u00e9 distanc\u00e9 de trois points au classement puisque Russi avait termin\u00e9 troisi\u00e8me. Alors qu\u2019il avait r\u00e9alis\u00e9 une tr\u00e8s mauvaise premi\u00e8re sortie de grille, Petit est parvenu \u00e0 signer le hosleshot de la deuxi\u00e8me manche pour prendre la t\u00eate de la course. Bien parti en troisi\u00e8me position, l\u2019Italien s\u2019est rapidement d\u00e9fait de Valin et pointait alors \u00e0 5 secondes environ. Mais ensuite, le pilote Tech32 KTM est parvenu \u00e0 acc\u00e9l\u00e9rer. Alors qu\u2019il revenait dans la roue de Petit, Russi est parti \u00e0 la faute dans une orni\u00e8re dans le dixi\u00e8me tour. La messe \u00e9tait dite, Petit pouvait savourer, bien qu\u2019il se classe \u00ab seulement \u00bb deuxi\u00e8me de l\u2019\u00e9preuve.<\/p>\n<p>Celle-ci est en effet remport\u00e9e par le pilote de l\u2019Equipe de France 125cc Mathis Valin. Le Vend\u00e9en, Champion de France Espoir l\u2019an dernier, signe sa premi\u00e8re victoire d\u2019\u00e9preuve gr\u00e2ce \u00e0 une premi\u00e8re manche splendide, men\u00e9e de main de ma\u00eetre dans des conditions pourtant extr\u00eames. Sa deuxi\u00e8me course a \u00e9galement \u00e9t\u00e9 tr\u00e8s propre. Il se classe dans le Top3 apr\u00e8s un excellent d\u00e9part, bien qu\u2019il n\u2019ai pu tenir le rythme des leaders.<\/p>\n<p>Le pilote 737 Performance GasGas Oxmoto termine quatri\u00e8me du Championnat juste derri\u00e8re Toni Giorgessi (GasGAs). L\u2019Aquitain r\u00e9alise une nouvelle fois une bonne performance \u00e0 la troisi\u00e8me place de l\u2019\u00e9preuve.Tr\u00e8s solide en premi\u00e8re manche, il a franchi la ligne \u00e0 la deuxi\u00e8me place.Il a ensuite d\u00fb cravacher pour revenir du milieu de classement jusqu\u2019en 4\u00e8me position, et s\u2019offir ce podium sur la sc\u00e8ne nationale.<\/p>\n","protected":false},"excerpt":{"rendered":"<p>Arriv\u00e9 sur la finale du 24MX Tour \u00e0 Basly avec un point d\u2019avance sur l\u2019Italien Math\u00e9o Russi, Adrien Petit est parvenu \u00e0 remporter le titre en 125 cc au bout [&#8230;]<\/p>\n","protected":false},"author":932,"featured_media":118311,"comment_status":"open","ping_status":"closed","sticky":false,"template":"","format":"standard","meta":{"footnotes":""},"categories":[54,44,4,5,45,55,56,65],"tags":[1877,1879,947],"class_list":["post-118310","post","type-post","status-publish","format-standard","has-post-thumbnail","hentry","category-actualite","category-kids","category-motocross","category-news","category-news-kids","category-news-actualite","category-resultats","category-slideshow","tag-24mx-tour","tag-adrien-petit","tag-motocross"],"yoast_head":"<!-- This site is optimized with the Yoast SEO plugin v27.4 - https:\/\/yoast.com\/product\/yoast-seo-wordpress\/ -->\n<title>Adrien Petit arrache le titre Junior fran\u00e7ais au terme d&#039;une finale \u00e0 suspense - Motocross - Enduro - Supermoto | MotocrossMag<\/title>\n<meta name=\"robots\" content=\"index, follow, max-snippet:-1, max-image-preview:large, max-video-preview:-1\" \/>\n<link rel=\"canonical\" href=\"https:\/\/fr.motocrossmag.be\/index.php\/2022\/06\/adrien-petit-arrache-le-titre-junior-francais-au-terme-dune-finale-a-suspense\/\" \/>\n<meta property=\"og:locale\" content=\"fr_FR\" \/>\n<meta property=\"og:type\" content=\"article\" \/>\n<meta property=\"og:title\" content=\"Adrien Petit arrache le titre Junior fran\u00e7ais au terme d&#039;une finale \u00e0 suspense - Motocross - Enduro - Supermoto | MotocrossMag\" \/>\n<meta property=\"og:description\" content=\"Arriv\u00e9 sur la finale du 24MX Tour \u00e0 Basly avec un point d\u2019avance sur l\u2019Italien Math\u00e9o Russi, Adrien Petit est parvenu \u00e0 remporter le titre en 125 cc au bout [...]\" \/>\n<meta property=\"og:url\" content=\"https:\/\/fr.motocrossmag.be\/index.php\/2022\/06\/adrien-petit-arrache-le-titre-junior-francais-au-terme-dune-finale-a-suspense\/\" \/>\n<meta property=\"og:site_name\" content=\"Motocross - Enduro - Supermoto | MotocrossMag\" \/>\n<meta property=\"article:published_time\" content=\"2022-06-22T09:09:16+00:00\" \/>\n<meta property=\"og:image\" content=\"https:\/\/fr.motocrossmag.be\/wp-content\/uploads\/2022\/06\/adrien-petit-junior-champion-france.jpg\" \/>\n\t<meta property=\"og:image:width\" content=\"1000\" \/>\n\t<meta property=\"og:image:height\" content=\"666\" \/>\n\t<meta property=\"og:image:type\" content=\"image\/jpeg\" \/>\n<meta name=\"author\" content=\"oliviere\" \/>\n<meta name=\"twitter:card\" content=\"summary_large_image\" \/>\n<meta name=\"twitter:label1\" content=\"\u00c9crit par\" \/>\n\t<meta name=\"twitter:data1\" content=\"oliviere\" \/>\n\t<meta name=\"twitter:label2\" content=\"Dur\u00e9e de lecture estim\u00e9e\" \/>\n\t<meta name=\"twitter:data2\" content=\"2 minutes\" \/>\n<script type=\"application\/ld+json\" class=\"yoast-schema-graph\">{\"@context\":\"https:\\\/\\\/schema.org\",\"@graph\":[{\"@type\":\"Article\",\"@id\":\"https:\\\/\\\/fr.motocrossmag.be\\\/index.php\\\/2022\\\/06\\\/adrien-petit-arrache-le-titre-junior-francais-au-terme-dune-finale-a-suspense\\\/#article\",\"isPartOf\":{\"@id\":\"https:\\\/\\\/fr.motocrossmag.be\\\/index.php\\\/2022\\\/06\\\/adrien-petit-arrache-le-titre-junior-francais-au-terme-dune-finale-a-suspense\\\/\"},\"author\":{\"name\":\"oliviere\",\"@id\":\"https:\\\/\\\/fr.motocrossmag.be\\\/#\\\/schema\\\/person\\\/11b47143d9f755babca2c9110e03235c\"},\"headline\":\"Adrien Petit arrache le titre Junior fran\u00e7ais au terme d&rsquo;une finale \u00e0 suspense\",\"datePublished\":\"2022-06-22T09:09:16+00:00\",\"mainEntityOfPage\":{\"@id\":\"https:\\\/\\\/fr.motocrossmag.be\\\/index.php\\\/2022\\\/06\\\/adrien-petit-arrache-le-titre-junior-francais-au-terme-dune-finale-a-suspense\\\/\"},\"wordCount\":351,\"commentCount\":0,\"image\":{\"@id\":\"https:\\\/\\\/fr.motocrossmag.be\\\/index.php\\\/2022\\\/06\\\/adrien-petit-arrache-le-titre-junior-francais-au-terme-dune-finale-a-suspense\\\/#primaryimage\"},\"thumbnailUrl\":\"https:\\\/\\\/fr.motocrossmag.be\\\/wp-content\\\/uploads\\\/2022\\\/06\\\/adrien-petit-junior-champion-france.jpg\",\"keywords\":[\"24MX tour\",\"adrien petit\",\"Motocross\"],\"articleSection\":[\"Actualit\u00e9\",\"Kids\",\"Motocross\",\"News\",\"News\",\"News\",\"R\u00e9sultats\",\"Slideshow\"],\"inLanguage\":\"fr-FR\",\"potentialAction\":[{\"@type\":\"CommentAction\",\"name\":\"Comment\",\"target\":[\"https:\\\/\\\/fr.motocrossmag.be\\\/index.php\\\/2022\\\/06\\\/adrien-petit-arrache-le-titre-junior-francais-au-terme-dune-finale-a-suspense\\\/#respond\"]}]},{\"@type\":\"WebPage\",\"@id\":\"https:\\\/\\\/fr.motocrossmag.be\\\/index.php\\\/2022\\\/06\\\/adrien-petit-arrache-le-titre-junior-francais-au-terme-dune-finale-a-suspense\\\/\",\"url\":\"https:\\\/\\\/fr.motocrossmag.be\\\/index.php\\\/2022\\\/06\\\/adrien-petit-arrache-le-titre-junior-francais-au-terme-dune-finale-a-suspense\\\/\",\"name\":\"Adrien Petit arrache le titre Junior fran\u00e7ais au terme d'une finale \u00e0 suspense - Motocross - Enduro - Supermoto | MotocrossMag\",\"isPartOf\":{\"@id\":\"https:\\\/\\\/fr.motocrossmag.be\\\/#website\"},\"primaryImageOfPage\":{\"@id\":\"https:\\\/\\\/fr.motocrossmag.be\\\/index.php\\\/2022\\\/06\\\/adrien-petit-arrache-le-titre-junior-francais-au-terme-dune-finale-a-suspense\\\/#primaryimage\"},\"image\":{\"@id\":\"https:\\\/\\\/fr.motocrossmag.be\\\/index.php\\\/2022\\\/06\\\/adrien-petit-arrache-le-titre-junior-francais-au-terme-dune-finale-a-suspense\\\/#primaryimage\"},\"thumbnailUrl\":\"https:\\\/\\\/fr.motocrossmag.be\\\/wp-content\\\/uploads\\\/2022\\\/06\\\/adrien-petit-junior-champion-france.jpg\",\"datePublished\":\"2022-06-22T09:09:16+00:00\",\"author\":{\"@id\":\"https:\\\/\\\/fr.motocrossmag.be\\\/#\\\/schema\\\/person\\\/11b47143d9f755babca2c9110e03235c\"},\"breadcrumb\":{\"@id\":\"https:\\\/\\\/fr.motocrossmag.be\\\/index.php\\\/2022\\\/06\\\/adrien-petit-arrache-le-titre-junior-francais-au-terme-dune-finale-a-suspense\\\/#breadcrumb\"},\"inLanguage\":\"fr-FR\",\"potentialAction\":[{\"@type\":\"ReadAction\",\"target\":[\"https:\\\/\\\/fr.motocrossmag.be\\\/index.php\\\/2022\\\/06\\\/adrien-petit-arrache-le-titre-junior-francais-au-terme-dune-finale-a-suspense\\\/\"]}]},{\"@type\":\"ImageObject\",\"inLanguage\":\"fr-FR\",\"@id\":\"https:\\\/\\\/fr.motocrossmag.be\\\/index.php\\\/2022\\\/06\\\/adrien-petit-arrache-le-titre-junior-francais-au-terme-dune-finale-a-suspense\\\/#primaryimage\",\"url\":\"https:\\\/\\\/fr.motocrossmag.be\\\/wp-content\\\/uploads\\\/2022\\\/06\\\/adrien-petit-junior-champion-france.jpg\",\"contentUrl\":\"https:\\\/\\\/fr.motocrossmag.be\\\/wp-content\\\/uploads\\\/2022\\\/06\\\/adrien-petit-junior-champion-france.jpg\",\"width\":\"1000\",\"height\":\"666\"},{\"@type\":\"BreadcrumbList\",\"@id\":\"https:\\\/\\\/fr.motocrossmag.be\\\/index.php\\\/2022\\\/06\\\/adrien-petit-arrache-le-titre-junior-francais-au-terme-dune-finale-a-suspense\\\/#breadcrumb\",\"itemListElement\":[{\"@type\":\"ListItem\",\"position\":1,\"name\":\"Accueil\",\"item\":\"https:\\\/\\\/fr.motocrossmag.be\\\/\"},{\"@type\":\"ListItem\",\"position\":2,\"name\":\"Adrien Petit arrache le titre Junior fran\u00e7ais au terme d&rsquo;une finale \u00e0 suspense\"}]},{\"@type\":\"WebSite\",\"@id\":\"https:\\\/\\\/fr.motocrossmag.be\\\/#website\",\"url\":\"https:\\\/\\\/fr.motocrossmag.be\\\/\",\"name\":\"Motocross - Enduro - Supermoto | MotocrossMag\",\"description\":\"L&#039;actualit\u00e9 du motocross, de l&#039;enduro et du Supermoto en ligne!\",\"potentialAction\":[{\"@type\":\"SearchAction\",\"target\":{\"@type\":\"EntryPoint\",\"urlTemplate\":\"https:\\\/\\\/fr.motocrossmag.be\\\/?s={search_term_string}\"},\"query-input\":{\"@type\":\"PropertyValueSpecification\",\"valueRequired\":true,\"valueName\":\"search_term_string\"}}],\"inLanguage\":\"fr-FR\"},{\"@type\":\"Person\",\"@id\":\"https:\\\/\\\/fr.motocrossmag.be\\\/#\\\/schema\\\/person\\\/11b47143d9f755babca2c9110e03235c\",\"name\":\"oliviere\",\"image\":{\"@type\":\"ImageObject\",\"inLanguage\":\"fr-FR\",\"@id\":\"https:\\\/\\\/secure.gravatar.com\\\/avatar\\\/907069e0b81d119452040469e4a7501da1100f54f7f80180ce77bfab718288f6?s=96&d=mm&r=g\",\"url\":\"https:\\\/\\\/secure.gravatar.com\\\/avatar\\\/907069e0b81d119452040469e4a7501da1100f54f7f80180ce77bfab718288f6?s=96&d=mm&r=g\",\"contentUrl\":\"https:\\\/\\\/secure.gravatar.com\\\/avatar\\\/907069e0b81d119452040469e4a7501da1100f54f7f80180ce77bfab718288f6?s=96&d=mm&r=g\",\"caption\":\"oliviere\"},\"sameAs\":[\"http:\\\/\\\/www.motocrossmag.be\"],\"url\":\"https:\\\/\\\/fr.motocrossmag.be\\\/index.php\\\/author\\\/oliviere\\\/\"}]}<\/script>\n<!-- \/ Yoast SEO plugin. -->","yoast_head_json":{"title":"Adrien Petit arrache le titre Junior fran\u00e7ais au terme d'une finale \u00e0 suspense - Motocross - Enduro - Supermoto | MotocrossMag","robots":{"index":"index","follow":"follow","max-snippet":"max-snippet:-1","max-image-preview":"max-image-preview:large","max-video-preview":"max-video-preview:-1"},"canonical":"https:\/\/fr.motocrossmag.be\/index.php\/2022\/06\/adrien-petit-arrache-le-titre-junior-francais-au-terme-dune-finale-a-suspense\/","og_locale":"fr_FR","og_type":"article","og_title":"Adrien Petit arrache le titre Junior fran\u00e7ais au terme d'une finale \u00e0 suspense - Motocross - Enduro - Supermoto | MotocrossMag","og_description":"Arriv\u00e9 sur la finale du 24MX Tour \u00e0 Basly avec un point d\u2019avance sur l\u2019Italien Math\u00e9o Russi, Adrien Petit est parvenu \u00e0 remporter le titre en 125 cc au bout [...]","og_url":"https:\/\/fr.motocrossmag.be\/index.php\/2022\/06\/adrien-petit-arrache-le-titre-junior-francais-au-terme-dune-finale-a-suspense\/","og_site_name":"Motocross - Enduro - Supermoto | MotocrossMag","article_published_time":"2022-06-22T09:09:16+00:00","og_image":[{"width":1000,"height":666,"url":"https:\/\/fr.motocrossmag.be\/wp-content\/uploads\/2022\/06\/adrien-petit-junior-champion-france.jpg","type":"image\/jpeg"}],"author":"oliviere","twitter_card":"summary_large_image","twitter_misc":{"\u00c9crit par":"oliviere","Dur\u00e9e de lecture estim\u00e9e":"2 minutes"},"schema":{"@context":"https:\/\/schema.org","@graph":[{"@type":"Article","@id":"https:\/\/fr.motocrossmag.be\/index.php\/2022\/06\/adrien-petit-arrache-le-titre-junior-francais-au-terme-dune-finale-a-suspense\/#article","isPartOf":{"@id":"https:\/\/fr.motocrossmag.be\/index.php\/2022\/06\/adrien-petit-arrache-le-titre-junior-francais-au-terme-dune-finale-a-suspense\/"},"author":{"name":"oliviere","@id":"https:\/\/fr.motocrossmag.be\/#\/schema\/person\/11b47143d9f755babca2c9110e03235c"},"headline":"Adrien Petit arrache le titre Junior fran\u00e7ais au terme d&rsquo;une finale \u00e0 suspense","datePublished":"2022-06-22T09:09:16+00:00","mainEntityOfPage":{"@id":"https:\/\/fr.motocrossmag.be\/index.php\/2022\/06\/adrien-petit-arrache-le-titre-junior-francais-au-terme-dune-finale-a-suspense\/"},"wordCount":351,"commentCount":0,"image":{"@id":"https:\/\/fr.motocrossmag.be\/index.php\/2022\/06\/adrien-petit-arrache-le-titre-junior-francais-au-terme-dune-finale-a-suspense\/#primaryimage"},"thumbnailUrl":"https:\/\/fr.motocrossmag.be\/wp-content\/uploads\/2022\/06\/adrien-petit-junior-champion-france.jpg","keywords":["24MX tour","adrien petit","Motocross"],"articleSection":["Actualit\u00e9","Kids","Motocross","News","News","News","R\u00e9sultats","Slideshow"],"inLanguage":"fr-FR","potentialAction":[{"@type":"CommentAction","name":"Comment","target":["https:\/\/fr.motocrossmag.be\/index.php\/2022\/06\/adrien-petit-arrache-le-titre-junior-francais-au-terme-dune-finale-a-suspense\/#respond"]}]},{"@type":"WebPage","@id":"https:\/\/fr.motocrossmag.be\/index.php\/2022\/06\/adrien-petit-arrache-le-titre-junior-francais-au-terme-dune-finale-a-suspense\/","url":"https:\/\/fr.motocrossmag.be\/index.php\/2022\/06\/adrien-petit-arrache-le-titre-junior-francais-au-terme-dune-finale-a-suspense\/","name":"Adrien Petit arrache le titre Junior fran\u00e7ais au terme d'une finale \u00e0 suspense - Motocross - Enduro - Supermoto | MotocrossMag","isPartOf":{"@id":"https:\/\/fr.motocrossmag.be\/#website"},"primaryImageOfPage":{"@id":"https:\/\/fr.motocrossmag.be\/index.php\/2022\/06\/adrien-petit-arrache-le-titre-junior-francais-au-terme-dune-finale-a-suspense\/#primaryimage"},"image":{"@id":"https:\/\/fr.motocrossmag.be\/index.php\/2022\/06\/adrien-petit-arrache-le-titre-junior-francais-au-terme-dune-finale-a-suspense\/#primaryimage"},"thumbnailUrl":"https:\/\/fr.motocrossmag.be\/wp-content\/uploads\/2022\/06\/adrien-petit-junior-champion-france.jpg","datePublished":"2022-06-22T09:09:16+00:00","author":{"@id":"https:\/\/fr.motocrossmag.be\/#\/schema\/person\/11b47143d9f755babca2c9110e03235c"},"breadcrumb":{"@id":"https:\/\/fr.motocrossmag.be\/index.php\/2022\/06\/adrien-petit-arrache-le-titre-junior-francais-au-terme-dune-finale-a-suspense\/#breadcrumb"},"inLanguage":"fr-FR","potentialAction":[{"@type":"ReadAction","target":["https:\/\/fr.motocrossmag.be\/index.php\/2022\/06\/adrien-petit-arrache-le-titre-junior-francais-au-terme-dune-finale-a-suspense\/"]}]},{"@type":"ImageObject","inLanguage":"fr-FR","@id":"https:\/\/fr.motocrossmag.be\/index.php\/2022\/06\/adrien-petit-arrache-le-titre-junior-francais-au-terme-dune-finale-a-suspense\/#primaryimage","url":"https:\/\/fr.motocrossmag.be\/wp-content\/uploads\/2022\/06\/adrien-petit-junior-champion-france.jpg","contentUrl":"https:\/\/fr.motocrossmag.be\/wp-content\/uploads\/2022\/06\/adrien-petit-junior-champion-france.jpg","width":"1000","height":"666"},{"@type":"BreadcrumbList","@id":"https:\/\/fr.motocrossmag.be\/index.php\/2022\/06\/adrien-petit-arrache-le-titre-junior-francais-au-terme-dune-finale-a-suspense\/#breadcrumb","itemListElement":[{"@type":"ListItem","position":1,"name":"Accueil","item":"https:\/\/fr.motocrossmag.be\/"},{"@type":"ListItem","position":2,"name":"Adrien Petit arrache le titre Junior fran\u00e7ais au terme d&rsquo;une finale \u00e0 suspense"}]},{"@type":"WebSite","@id":"https:\/\/fr.motocrossmag.be\/#website","url":"https:\/\/fr.motocrossmag.be\/","name":"Motocross - Enduro - Supermoto | MotocrossMag","description":"L&#039;actualit\u00e9 du motocross, de l&#039;enduro et du Supermoto en ligne!","potentialAction":[{"@type":"SearchAction","target":{"@type":"EntryPoint","urlTemplate":"https:\/\/fr.motocrossmag.be\/?s={search_term_string}"},"query-input":{"@type":"PropertyValueSpecification","valueRequired":true,"valueName":"search_term_string"}}],"inLanguage":"fr-FR"},{"@type":"Person","@id":"https:\/\/fr.motocrossmag.be\/#\/schema\/person\/11b47143d9f755babca2c9110e03235c","name":"oliviere","image":{"@type":"ImageObject","inLanguage":"fr-FR","@id":"https:\/\/secure.gravatar.com\/avatar\/907069e0b81d119452040469e4a7501da1100f54f7f80180ce77bfab718288f6?s=96&d=mm&r=g","url":"https:\/\/secure.gravatar.com\/avatar\/907069e0b81d119452040469e4a7501da1100f54f7f80180ce77bfab718288f6?s=96&d=mm&r=g","contentUrl":"https:\/\/secure.gravatar.com\/avatar\/907069e0b81d119452040469e4a7501da1100f54f7f80180ce77bfab718288f6?s=96&d=mm&r=g","caption":"oliviere"},"sameAs":["http:\/\/www.motocrossmag.be"],"url":"https:\/\/fr.motocrossmag.be\/index.php\/author\/oliviere\/"}]}},"_links":{"self":[{"href":"https:\/\/fr.motocrossmag.be\/index.php\/wp-json\/wp\/v2\/posts\/118310","targetHints":{"allow":["GET"]}}],"collection":[{"href":"https:\/\/fr.motocrossmag.be\/index.php\/wp-json\/wp\/v2\/posts"}],"about":[{"href":"https:\/\/fr.motocrossmag.be\/index.php\/wp-json\/wp\/v2\/types\/post"}],"author":[{"embeddable":true,"href":"https:\/\/fr.motocrossmag.be\/index.php\/wp-json\/wp\/v2\/users\/932"}],"replies":[{"embeddable":true,"href":"https:\/\/fr.motocrossmag.be\/index.php\/wp-json\/wp\/v2\/comments?post=118310"}],"version-history":[{"count":0,"href":"https:\/\/fr.motocrossmag.be\/index.php\/wp-json\/wp\/v2\/posts\/118310\/revisions"}],"wp:featuredmedia":[{"embeddable":true,"href":"https:\/\/fr.motocrossmag.be\/index.php\/wp-json\/wp\/v2\/media\/118311"}],"wp:attachment":[{"href":"https:\/\/fr.motocrossmag.be\/index.php\/wp-json\/wp\/v2\/media?parent=118310"}],"wp:term":[{"taxonomy":"category","embeddable":true,"href":"https:\/\/fr.motocrossmag.be\/index.php\/wp-json\/wp\/v2\/categories?post=118310"},{"taxonomy":"post_tag","embeddable":true,"href":"https:\/\/fr.motocrossmag.be\/index.php\/wp-json\/wp\/v2\/tags?post=118310"}],"curies":[{"name":"wp","href":"https:\/\/api.w.org\/{rel}","templated":true}]}}