{"id":118440,"date":"2022-07-01T12:13:18","date_gmt":"2022-07-01T10:13:18","guid":{"rendered":"http:\/\/fr.motocrossmag.be\/?p=118440"},"modified":"2022-07-01T12:13:38","modified_gmt":"2022-07-01T10:13:38","slug":"ken-roczen-et-eli-tomac-confirmes-sur-le-mondial-de-supercross","status":"publish","type":"post","link":"https:\/\/fr.motocrossmag.be\/index.php\/2022\/07\/ken-roczen-et-eli-tomac-confirmes-sur-le-mondial-de-supercross\/","title":{"rendered":"Ken Roczen et Eli Tomac confirm\u00e9s sur le mondial de Supercross"},"content":{"rendered":"<p><strong>Le premier championnat du monde de Supercross est sur le rails. Cette nouvelle s\u00e9rie est cette ann\u00e9e dans une saison test qui se d\u00e9roulera sur trois \u00e9preuves seulement, avant de s&rsquo;\u00e9tendre d\u00e8s 2023 \u00e0 un calendrier de 10 \u00e9v\u00e9nements \u00e0 travers le monde.<\/strong><\/p>\n<p>On sait \u00e0 pr\u00e9sent que c&rsquo;est le \u00ab\u00a0Principality Stadium\u00a0\u00bb de Cardiff, au Pays de Galles, un stade de quelque 75 000 places, qui accueillera le samedi 8 octobre la toute premi\u00e8re \u00e9preuve de ce nouveau championnat reconnu par la FIM.<\/p>\n<p>Du c\u00f4t\u00e9 des pilotes engag\u00e9s, les choses se pr\u00e9cisent \u00e9galement puisque le promoteur et la FIM ont confirm\u00e9 ces derniers jours les participations de Ken Roczen et du champion US SX450 en titre Eli Tomac sur la s\u00e9rie. De quoi assur\u00e9ment donner le cr\u00e9dit n\u00e9cessaire \u00e0 ce nouveau championnat.<\/p>\n<p><strong>&gt; <\/strong><a href=\"http:\/\/fr.motocrossmag.be\/index.php\/2022\/06\/wsx-un-vrai-championnat-du-monde-de-supercross-250-000-dollars-de-prize-money-par-round\/\"><strong>En savoir plus sur le mondial de Supercross<\/strong><\/a><\/p>\n","protected":false},"excerpt":{"rendered":"<p>Le premier championnat du monde de Supercross est sur le rails. Cette nouvelle s\u00e9rie est cette ann\u00e9e dans une saison test qui se d\u00e9roulera sur trois \u00e9preuves seulement, avant de [&#8230;]<\/p>\n","protected":false},"author":932,"featured_media":118441,"comment_status":"open","ping_status":"closed","sticky":false,"template":"","format":"standard","meta":{"footnotes":""},"categories":[54,4,5,55,65,1922],"tags":[141,1919],"class_list":["post-118440","post","type-post","status-publish","format-standard","has-post-thumbnail","hentry","category-actualite","category-motocross","category-news","category-news-actualite","category-slideshow","category-world-supercross","tag-ken-roczen","tag-wsx"],"yoast_head":"<!-- This site is optimized with the Yoast SEO plugin v27.4 - https:\/\/yoast.com\/product\/yoast-seo-wordpress\/ -->\n<title>Ken Roczen et Eli Tomac confirm\u00e9s sur le mondial de Supercross - Motocross - Enduro - Supermoto | MotocrossMag<\/title>\n<meta name=\"robots\" content=\"index, follow, max-snippet:-1, max-image-preview:large, max-video-preview:-1\" \/>\n<link rel=\"canonical\" href=\"https:\/\/fr.motocrossmag.be\/index.php\/2022\/07\/ken-roczen-et-eli-tomac-confirmes-sur-le-mondial-de-supercross\/\" \/>\n<meta property=\"og:locale\" content=\"fr_FR\" \/>\n<meta property=\"og:type\" content=\"article\" \/>\n<meta property=\"og:title\" content=\"Ken Roczen et Eli Tomac confirm\u00e9s sur le mondial de Supercross - Motocross - Enduro - Supermoto | MotocrossMag\" \/>\n<meta property=\"og:description\" content=\"Le premier championnat du monde de Supercross est sur le rails. Cette nouvelle s\u00e9rie est cette ann\u00e9e dans une saison test qui se d\u00e9roulera sur trois \u00e9preuves seulement, avant de [...]\" \/>\n<meta property=\"og:url\" content=\"https:\/\/fr.motocrossmag.be\/index.php\/2022\/07\/ken-roczen-et-eli-tomac-confirmes-sur-le-mondial-de-supercross\/\" \/>\n<meta property=\"og:site_name\" content=\"Motocross - Enduro - Supermoto | MotocrossMag\" \/>\n<meta property=\"article:published_time\" content=\"2022-07-01T10:13:18+00:00\" \/>\n<meta property=\"article:modified_time\" content=\"2022-07-01T10:13:38+00:00\" \/>\n<meta property=\"og:image\" content=\"https:\/\/fr.motocrossmag.be\/wp-content\/uploads\/2022\/07\/ken-roczen-action-motocross.jpg\" \/>\n\t<meta property=\"og:image:width\" content=\"800\" \/>\n\t<meta property=\"og:image:height\" content=\"533\" \/>\n\t<meta property=\"og:image:type\" content=\"image\/jpeg\" \/>\n<meta name=\"author\" content=\"oliviere\" \/>\n<meta name=\"twitter:card\" content=\"summary_large_image\" \/>\n<meta name=\"twitter:label1\" content=\"\u00c9crit par\" \/>\n\t<meta name=\"twitter:data1\" content=\"oliviere\" \/>\n\t<meta name=\"twitter:label2\" content=\"Dur\u00e9e de lecture estim\u00e9e\" \/>\n\t<meta name=\"twitter:data2\" content=\"1 minute\" \/>\n<script type=\"application\/ld+json\" class=\"yoast-schema-graph\">{\"@context\":\"https:\\\/\\\/schema.org\",\"@graph\":[{\"@type\":\"Article\",\"@id\":\"https:\\\/\\\/fr.motocrossmag.be\\\/index.php\\\/2022\\\/07\\\/ken-roczen-et-eli-tomac-confirmes-sur-le-mondial-de-supercross\\\/#article\",\"isPartOf\":{\"@id\":\"https:\\\/\\\/fr.motocrossmag.be\\\/index.php\\\/2022\\\/07\\\/ken-roczen-et-eli-tomac-confirmes-sur-le-mondial-de-supercross\\\/\"},\"author\":{\"name\":\"oliviere\",\"@id\":\"https:\\\/\\\/fr.motocrossmag.be\\\/#\\\/schema\\\/person\\\/11b47143d9f755babca2c9110e03235c\"},\"headline\":\"Ken Roczen et Eli Tomac confirm\u00e9s sur le mondial de Supercross\",\"datePublished\":\"2022-07-01T10:13:18+00:00\",\"dateModified\":\"2022-07-01T10:13:38+00:00\",\"mainEntityOfPage\":{\"@id\":\"https:\\\/\\\/fr.motocrossmag.be\\\/index.php\\\/2022\\\/07\\\/ken-roczen-et-eli-tomac-confirmes-sur-le-mondial-de-supercross\\\/\"},\"wordCount\":160,\"commentCount\":0,\"image\":{\"@id\":\"https:\\\/\\\/fr.motocrossmag.be\\\/index.php\\\/2022\\\/07\\\/ken-roczen-et-eli-tomac-confirmes-sur-le-mondial-de-supercross\\\/#primaryimage\"},\"thumbnailUrl\":\"https:\\\/\\\/fr.motocrossmag.be\\\/wp-content\\\/uploads\\\/2022\\\/07\\\/ken-roczen-action-motocross.jpg\",\"keywords\":[\"ken roczen\",\"wsx\"],\"articleSection\":[\"Actualit\u00e9\",\"Motocross\",\"News\",\"News\",\"Slideshow\",\"World Supercross\"],\"inLanguage\":\"fr-FR\",\"potentialAction\":[{\"@type\":\"CommentAction\",\"name\":\"Comment\",\"target\":[\"https:\\\/\\\/fr.motocrossmag.be\\\/index.php\\\/2022\\\/07\\\/ken-roczen-et-eli-tomac-confirmes-sur-le-mondial-de-supercross\\\/#respond\"]}]},{\"@type\":\"WebPage\",\"@id\":\"https:\\\/\\\/fr.motocrossmag.be\\\/index.php\\\/2022\\\/07\\\/ken-roczen-et-eli-tomac-confirmes-sur-le-mondial-de-supercross\\\/\",\"url\":\"https:\\\/\\\/fr.motocrossmag.be\\\/index.php\\\/2022\\\/07\\\/ken-roczen-et-eli-tomac-confirmes-sur-le-mondial-de-supercross\\\/\",\"name\":\"Ken Roczen et Eli Tomac confirm\u00e9s sur le mondial de Supercross - Motocross - Enduro - Supermoto | MotocrossMag\",\"isPartOf\":{\"@id\":\"https:\\\/\\\/fr.motocrossmag.be\\\/#website\"},\"primaryImageOfPage\":{\"@id\":\"https:\\\/\\\/fr.motocrossmag.be\\\/index.php\\\/2022\\\/07\\\/ken-roczen-et-eli-tomac-confirmes-sur-le-mondial-de-supercross\\\/#primaryimage\"},\"image\":{\"@id\":\"https:\\\/\\\/fr.motocrossmag.be\\\/index.php\\\/2022\\\/07\\\/ken-roczen-et-eli-tomac-confirmes-sur-le-mondial-de-supercross\\\/#primaryimage\"},\"thumbnailUrl\":\"https:\\\/\\\/fr.motocrossmag.be\\\/wp-content\\\/uploads\\\/2022\\\/07\\\/ken-roczen-action-motocross.jpg\",\"datePublished\":\"2022-07-01T10:13:18+00:00\",\"dateModified\":\"2022-07-01T10:13:38+00:00\",\"author\":{\"@id\":\"https:\\\/\\\/fr.motocrossmag.be\\\/#\\\/schema\\\/person\\\/11b47143d9f755babca2c9110e03235c\"},\"breadcrumb\":{\"@id\":\"https:\\\/\\\/fr.motocrossmag.be\\\/index.php\\\/2022\\\/07\\\/ken-roczen-et-eli-tomac-confirmes-sur-le-mondial-de-supercross\\\/#breadcrumb\"},\"inLanguage\":\"fr-FR\",\"potentialAction\":[{\"@type\":\"ReadAction\",\"target\":[\"https:\\\/\\\/fr.motocrossmag.be\\\/index.php\\\/2022\\\/07\\\/ken-roczen-et-eli-tomac-confirmes-sur-le-mondial-de-supercross\\\/\"]}]},{\"@type\":\"ImageObject\",\"inLanguage\":\"fr-FR\",\"@id\":\"https:\\\/\\\/fr.motocrossmag.be\\\/index.php\\\/2022\\\/07\\\/ken-roczen-et-eli-tomac-confirmes-sur-le-mondial-de-supercross\\\/#primaryimage\",\"url\":\"https:\\\/\\\/fr.motocrossmag.be\\\/wp-content\\\/uploads\\\/2022\\\/07\\\/ken-roczen-action-motocross.jpg\",\"contentUrl\":\"https:\\\/\\\/fr.motocrossmag.be\\\/wp-content\\\/uploads\\\/2022\\\/07\\\/ken-roczen-action-motocross.jpg\",\"width\":\"800\",\"height\":\"533\"},{\"@type\":\"BreadcrumbList\",\"@id\":\"https:\\\/\\\/fr.motocrossmag.be\\\/index.php\\\/2022\\\/07\\\/ken-roczen-et-eli-tomac-confirmes-sur-le-mondial-de-supercross\\\/#breadcrumb\",\"itemListElement\":[{\"@type\":\"ListItem\",\"position\":1,\"name\":\"Accueil\",\"item\":\"https:\\\/\\\/fr.motocrossmag.be\\\/\"},{\"@type\":\"ListItem\",\"position\":2,\"name\":\"Ken Roczen et Eli Tomac confirm\u00e9s sur le mondial de Supercross\"}]},{\"@type\":\"WebSite\",\"@id\":\"https:\\\/\\\/fr.motocrossmag.be\\\/#website\",\"url\":\"https:\\\/\\\/fr.motocrossmag.be\\\/\",\"name\":\"Motocross - Enduro - Supermoto | MotocrossMag\",\"description\":\"L&#039;actualit\u00e9 du motocross, de l&#039;enduro et du Supermoto en ligne!\",\"potentialAction\":[{\"@type\":\"SearchAction\",\"target\":{\"@type\":\"EntryPoint\",\"urlTemplate\":\"https:\\\/\\\/fr.motocrossmag.be\\\/?s={search_term_string}\"},\"query-input\":{\"@type\":\"PropertyValueSpecification\",\"valueRequired\":true,\"valueName\":\"search_term_string\"}}],\"inLanguage\":\"fr-FR\"},{\"@type\":\"Person\",\"@id\":\"https:\\\/\\\/fr.motocrossmag.be\\\/#\\\/schema\\\/person\\\/11b47143d9f755babca2c9110e03235c\",\"name\":\"oliviere\",\"image\":{\"@type\":\"ImageObject\",\"inLanguage\":\"fr-FR\",\"@id\":\"https:\\\/\\\/secure.gravatar.com\\\/avatar\\\/907069e0b81d119452040469e4a7501da1100f54f7f80180ce77bfab718288f6?s=96&d=mm&r=g\",\"url\":\"https:\\\/\\\/secure.gravatar.com\\\/avatar\\\/907069e0b81d119452040469e4a7501da1100f54f7f80180ce77bfab718288f6?s=96&d=mm&r=g\",\"contentUrl\":\"https:\\\/\\\/secure.gravatar.com\\\/avatar\\\/907069e0b81d119452040469e4a7501da1100f54f7f80180ce77bfab718288f6?s=96&d=mm&r=g\",\"caption\":\"oliviere\"},\"sameAs\":[\"http:\\\/\\\/www.motocrossmag.be\"],\"url\":\"https:\\\/\\\/fr.motocrossmag.be\\\/index.php\\\/author\\\/oliviere\\\/\"}]}<\/script>\n<!-- \/ Yoast SEO plugin. -->","yoast_head_json":{"title":"Ken Roczen et Eli Tomac confirm\u00e9s sur le mondial de Supercross - Motocross - Enduro - Supermoto | MotocrossMag","robots":{"index":"index","follow":"follow","max-snippet":"max-snippet:-1","max-image-preview":"max-image-preview:large","max-video-preview":"max-video-preview:-1"},"canonical":"https:\/\/fr.motocrossmag.be\/index.php\/2022\/07\/ken-roczen-et-eli-tomac-confirmes-sur-le-mondial-de-supercross\/","og_locale":"fr_FR","og_type":"article","og_title":"Ken Roczen et Eli Tomac confirm\u00e9s sur le mondial de Supercross - Motocross - Enduro - Supermoto | MotocrossMag","og_description":"Le premier championnat du monde de Supercross est sur le rails. Cette nouvelle s\u00e9rie est cette ann\u00e9e dans une saison test qui se d\u00e9roulera sur trois \u00e9preuves seulement, avant de [...]","og_url":"https:\/\/fr.motocrossmag.be\/index.php\/2022\/07\/ken-roczen-et-eli-tomac-confirmes-sur-le-mondial-de-supercross\/","og_site_name":"Motocross - Enduro - Supermoto | MotocrossMag","article_published_time":"2022-07-01T10:13:18+00:00","article_modified_time":"2022-07-01T10:13:38+00:00","og_image":[{"width":800,"height":533,"url":"https:\/\/fr.motocrossmag.be\/wp-content\/uploads\/2022\/07\/ken-roczen-action-motocross.jpg","type":"image\/jpeg"}],"author":"oliviere","twitter_card":"summary_large_image","twitter_misc":{"\u00c9crit par":"oliviere","Dur\u00e9e de lecture estim\u00e9e":"1 minute"},"schema":{"@context":"https:\/\/schema.org","@graph":[{"@type":"Article","@id":"https:\/\/fr.motocrossmag.be\/index.php\/2022\/07\/ken-roczen-et-eli-tomac-confirmes-sur-le-mondial-de-supercross\/#article","isPartOf":{"@id":"https:\/\/fr.motocrossmag.be\/index.php\/2022\/07\/ken-roczen-et-eli-tomac-confirmes-sur-le-mondial-de-supercross\/"},"author":{"name":"oliviere","@id":"https:\/\/fr.motocrossmag.be\/#\/schema\/person\/11b47143d9f755babca2c9110e03235c"},"headline":"Ken Roczen et Eli Tomac confirm\u00e9s sur le mondial de Supercross","datePublished":"2022-07-01T10:13:18+00:00","dateModified":"2022-07-01T10:13:38+00:00","mainEntityOfPage":{"@id":"https:\/\/fr.motocrossmag.be\/index.php\/2022\/07\/ken-roczen-et-eli-tomac-confirmes-sur-le-mondial-de-supercross\/"},"wordCount":160,"commentCount":0,"image":{"@id":"https:\/\/fr.motocrossmag.be\/index.php\/2022\/07\/ken-roczen-et-eli-tomac-confirmes-sur-le-mondial-de-supercross\/#primaryimage"},"thumbnailUrl":"https:\/\/fr.motocrossmag.be\/wp-content\/uploads\/2022\/07\/ken-roczen-action-motocross.jpg","keywords":["ken roczen","wsx"],"articleSection":["Actualit\u00e9","Motocross","News","News","Slideshow","World Supercross"],"inLanguage":"fr-FR","potentialAction":[{"@type":"CommentAction","name":"Comment","target":["https:\/\/fr.motocrossmag.be\/index.php\/2022\/07\/ken-roczen-et-eli-tomac-confirmes-sur-le-mondial-de-supercross\/#respond"]}]},{"@type":"WebPage","@id":"https:\/\/fr.motocrossmag.be\/index.php\/2022\/07\/ken-roczen-et-eli-tomac-confirmes-sur-le-mondial-de-supercross\/","url":"https:\/\/fr.motocrossmag.be\/index.php\/2022\/07\/ken-roczen-et-eli-tomac-confirmes-sur-le-mondial-de-supercross\/","name":"Ken Roczen et Eli Tomac confirm\u00e9s sur le mondial de Supercross - Motocross - Enduro - Supermoto | MotocrossMag","isPartOf":{"@id":"https:\/\/fr.motocrossmag.be\/#website"},"primaryImageOfPage":{"@id":"https:\/\/fr.motocrossmag.be\/index.php\/2022\/07\/ken-roczen-et-eli-tomac-confirmes-sur-le-mondial-de-supercross\/#primaryimage"},"image":{"@id":"https:\/\/fr.motocrossmag.be\/index.php\/2022\/07\/ken-roczen-et-eli-tomac-confirmes-sur-le-mondial-de-supercross\/#primaryimage"},"thumbnailUrl":"https:\/\/fr.motocrossmag.be\/wp-content\/uploads\/2022\/07\/ken-roczen-action-motocross.jpg","datePublished":"2022-07-01T10:13:18+00:00","dateModified":"2022-07-01T10:13:38+00:00","author":{"@id":"https:\/\/fr.motocrossmag.be\/#\/schema\/person\/11b47143d9f755babca2c9110e03235c"},"breadcrumb":{"@id":"https:\/\/fr.motocrossmag.be\/index.php\/2022\/07\/ken-roczen-et-eli-tomac-confirmes-sur-le-mondial-de-supercross\/#breadcrumb"},"inLanguage":"fr-FR","potentialAction":[{"@type":"ReadAction","target":["https:\/\/fr.motocrossmag.be\/index.php\/2022\/07\/ken-roczen-et-eli-tomac-confirmes-sur-le-mondial-de-supercross\/"]}]},{"@type":"ImageObject","inLanguage":"fr-FR","@id":"https:\/\/fr.motocrossmag.be\/index.php\/2022\/07\/ken-roczen-et-eli-tomac-confirmes-sur-le-mondial-de-supercross\/#primaryimage","url":"https:\/\/fr.motocrossmag.be\/wp-content\/uploads\/2022\/07\/ken-roczen-action-motocross.jpg","contentUrl":"https:\/\/fr.motocrossmag.be\/wp-content\/uploads\/2022\/07\/ken-roczen-action-motocross.jpg","width":"800","height":"533"},{"@type":"BreadcrumbList","@id":"https:\/\/fr.motocrossmag.be\/index.php\/2022\/07\/ken-roczen-et-eli-tomac-confirmes-sur-le-mondial-de-supercross\/#breadcrumb","itemListElement":[{"@type":"ListItem","position":1,"name":"Accueil","item":"https:\/\/fr.motocrossmag.be\/"},{"@type":"ListItem","position":2,"name":"Ken Roczen et Eli Tomac confirm\u00e9s sur le mondial de Supercross"}]},{"@type":"WebSite","@id":"https:\/\/fr.motocrossmag.be\/#website","url":"https:\/\/fr.motocrossmag.be\/","name":"Motocross - Enduro - Supermoto | MotocrossMag","description":"L&#039;actualit\u00e9 du motocross, de l&#039;enduro et du Supermoto en ligne!","potentialAction":[{"@type":"SearchAction","target":{"@type":"EntryPoint","urlTemplate":"https:\/\/fr.motocrossmag.be\/?s={search_term_string}"},"query-input":{"@type":"PropertyValueSpecification","valueRequired":true,"valueName":"search_term_string"}}],"inLanguage":"fr-FR"},{"@type":"Person","@id":"https:\/\/fr.motocrossmag.be\/#\/schema\/person\/11b47143d9f755babca2c9110e03235c","name":"oliviere","image":{"@type":"ImageObject","inLanguage":"fr-FR","@id":"https:\/\/secure.gravatar.com\/avatar\/907069e0b81d119452040469e4a7501da1100f54f7f80180ce77bfab718288f6?s=96&d=mm&r=g","url":"https:\/\/secure.gravatar.com\/avatar\/907069e0b81d119452040469e4a7501da1100f54f7f80180ce77bfab718288f6?s=96&d=mm&r=g","contentUrl":"https:\/\/secure.gravatar.com\/avatar\/907069e0b81d119452040469e4a7501da1100f54f7f80180ce77bfab718288f6?s=96&d=mm&r=g","caption":"oliviere"},"sameAs":["http:\/\/www.motocrossmag.be"],"url":"https:\/\/fr.motocrossmag.be\/index.php\/author\/oliviere\/"}]}},"_links":{"self":[{"href":"https:\/\/fr.motocrossmag.be\/index.php\/wp-json\/wp\/v2\/posts\/118440","targetHints":{"allow":["GET"]}}],"collection":[{"href":"https:\/\/fr.motocrossmag.be\/index.php\/wp-json\/wp\/v2\/posts"}],"about":[{"href":"https:\/\/fr.motocrossmag.be\/index.php\/wp-json\/wp\/v2\/types\/post"}],"author":[{"embeddable":true,"href":"https:\/\/fr.motocrossmag.be\/index.php\/wp-json\/wp\/v2\/users\/932"}],"replies":[{"embeddable":true,"href":"https:\/\/fr.motocrossmag.be\/index.php\/wp-json\/wp\/v2\/comments?post=118440"}],"version-history":[{"count":0,"href":"https:\/\/fr.motocrossmag.be\/index.php\/wp-json\/wp\/v2\/posts\/118440\/revisions"}],"wp:featuredmedia":[{"embeddable":true,"href":"https:\/\/fr.motocrossmag.be\/index.php\/wp-json\/wp\/v2\/media\/118441"}],"wp:attachment":[{"href":"https:\/\/fr.motocrossmag.be\/index.php\/wp-json\/wp\/v2\/media?parent=118440"}],"wp:term":[{"taxonomy":"category","embeddable":true,"href":"https:\/\/fr.motocrossmag.be\/index.php\/wp-json\/wp\/v2\/categories?post=118440"},{"taxonomy":"post_tag","embeddable":true,"href":"https:\/\/fr.motocrossmag.be\/index.php\/wp-json\/wp\/v2\/tags?post=118440"}],"curies":[{"name":"wp","href":"https:\/\/api.w.org\/{rel}","templated":true}]}}