{"id":118506,"date":"2022-07-10T01:53:56","date_gmt":"2022-07-09T23:53:56","guid":{"rendered":"http:\/\/fr.motocrossmag.be\/?p=118506"},"modified":"2022-07-10T01:53:56","modified_gmt":"2022-07-09T23:53:56","slug":"six-belges-qualifies-pour-la-finale-des-championnats-emx65-et-85-a-loket","status":"publish","type":"post","link":"https:\/\/fr.motocrossmag.be\/index.php\/2022\/07\/six-belges-qualifies-pour-la-finale-des-championnats-emx65-et-85-a-loket\/","title":{"rendered":"Six Belges qualifi\u00e9s pour la finale des championnats EMX65 et 85 \u00e0 Loket"},"content":{"rendered":"<p><strong>Le championnat de qualification pour la finale des championnats d&rsquo;Europe EMX65 et 85 termin\u00e9 pour chacune des 4 zones europ\u00e9ennes, on conna\u00eet donc \u00e0 pr\u00e9sent les noms de ceux qui seront au d\u00e9part \u00e0 Loket le week-end prochain pour tenter d&rsquo;y conqu\u00e9rir un titre europ\u00e9en.<\/strong><\/p>\n<p>La Belgique s&rsquo;en sort bien puisque ce ne sont pas moins de 5 de nos jeunes compatriotes qui se sont qualifi\u00e9s en 85cc via le championnat de la zone nord-ouest. En 65cc, Torre Van Mechgelen a finalement obtenu une invitation et sera donc \u00e0 Loket notre seul repr\u00e9sentant dans la cat\u00e9gorie.<\/p>\n<p>&nbsp;<\/p>\n<p><span style=\"color: #ff0000;\"><strong>Pilote qualifi\u00e9s<\/strong><\/span><\/p>\n<p>Sud-Est 85cc<br \/>\n1 96 Dani CANKOV BG BMF Yamaha 177<br \/>\n2 77 Tudor STEFANESCU ROU FRM KTM, Yamaha 140<br \/>\n3 8 Vencislav TOSHEV BG BMF Husqvarna 135<br \/>\n4 19 Stefan MRCHKOVIC NMK Husqvarna 121<br \/>\n5 22 Ioan CHIUJDEA ROU FRM Yamaha 118<br \/>\n6 40 Ferenc ORLOV HUN Husqvarna 76<br \/>\n7 17 Airon KATONA HUN MAMS 50<br \/>\n8 58 Nasip Emir ABAY TUR TMF KTM 32<\/p>\n<p>Sud-Est 65cc<br \/>\n1 21 Sami DUMITRU ROU FRM KTM 190<br \/>\n2 24 Georgi GINOV BG BMF Husqvarna 169<br \/>\n3 112 Efe OKUR TUR TMF KTM 140<br \/>\n4 28 Mark Eross SZOKE ROU FRM Husqvarna 129<br \/>\n5 110 Tudor Andrei BALABAN ROU FRM Yamaha 128<br \/>\n6 10 Hasan H\u00fcseyin BAS TUR TMF KTM 115<br \/>\n7 6 Alexandar TASEV BG BMF Yamaha 104<br \/>\n8 64 Simeon TODOROV BG BMF Yamaha 83<\/p>\n<p>Sud-Ouest 85cc<br \/>\n1 317 Niccolo MANNINI ITA FMI KTM 198<br \/>\n2 221 Filippo MANTOVANI ITA FMI GasGas 185<br \/>\n3 310 Amaury MAINDRU FRA FFM KTM 155<br \/>\n4 211 Riccardo PINI ITA FMI KTM 148<br \/>\n5 217 Yannis LOPEZ FRA FFM GasGas 141<br \/>\n6 259 Felix CARDINEAU FRA FFM Husqvarna 138<br \/>\n7 228 Gennaro UTECH ITA FMI GasGas 136<br \/>\n8 352 Miha VRH SLO AMZS Husqvarna, 121<\/p>\n<p>Sud-Ouest 65cc<br \/>\n1 298 Ricardo BAUER AUT OAMTC KTM 232<br \/>\n2 391 Carlos Martin JIMENEZ ESP RFME KTM 169<br \/>\n3 265 Francesco ASSINI ITA FMI GasGas 141<br \/>\n4 224 Pau CAUDET ESP RFME KTM 128<br \/>\n5 397 Alex NOVAK SLO AMZS KTM 127<br \/>\n6 300 Trent VALSECCHI RSA MSA KTM 124<br \/>\n7 315 Rafael MENNILLO FRA FFM KTM 120<br \/>\n8 200 Louis MORETTE FRA FFM Husqvarna 114<\/p>\n<p>Nord-Est 85cc<br \/>\n1 740 Travis LEOK EST EMF Husqvarna 178<br \/>\n2 601 Emils SOLOVJEVS LAT LAMFS Husqvarna 139<br \/>\n3 719 Raivo LAICANS LAT LAMFS Husqvarna 127<br \/>\n4 732 Tristen MARDO EST EMF Husqvarna 127<br \/>\n5 793 Gregor KUUSK EST EMF Husqvarna 123<br \/>\n6 623 Eimantas ?EPULIS LTU LMSF KTM 119<br \/>\n7 751 Dawid ZAREMBA POL PZM KTM 116<br \/>\n8 729 Micha? PSIUK POL PZM KTM 109<\/p>\n<p>Nord-Est 65cc<br \/>\n1 611 Lucas LEOK EST EMF Husqvarna 200<br \/>\n2 742 Enri LUSTUS EST EMF Husqvarna 136<br \/>\n3 602 Aston ALLAS EST EMF KTM 128<br \/>\n4 722 Jekabs HUDOLEJS LAT LAMSF Yamaha 124<br \/>\n5 775 Marten RAUD EST EMF Husqvarna 117<br \/>\n6 720 Leslie PULLER EST EMF Husqvarna, KTM 105<br \/>\n7 709 Gregor LOOTUS EST EMF KTM 98<br \/>\n8 771 Patriks CIRULIS LAT LAMSF Husqvarna 98<\/p>\n<p>Nord-Ouest 85cc<br \/>\n1 574 Gyan DOENSEN NED KNMV Husqvarna 255<br \/>\n2 592 Freddie BARTLETT SWE SVEMO KTM 218<br \/>\n<strong>3 474 Ian AMPOORTER BEL FMB KTM 180<\/strong><br \/>\n4 424 Dean GREGOIRE NED KNMV KTM 176<br \/>\n<strong>5 589 Tyla VAN DE POEL BEL FMB KTM 160<\/strong><br \/>\n<strong>6 529 Maxime LUCAS BEL FMB KTM 158<\/strong><br \/>\n<strong>7 503 Jarne BERVOETS BEL FMB KTM 158<\/strong><br \/>\n<strong>8 518 Douwe VAN MECHGELEN BEL FMB Husqvarna 157<\/strong><\/p>\n<p>Nord-Ouest 65cc<br \/>\n1 480 Teunis SPIJKERMAN NED KMNV GasGas 219<br \/>\n2 598 Harry DALE GBR KNMV KTM 205<br \/>\n3 520 Maxim ZIMMERMANN SVK SMF Husqvarna 192<br \/>\n4 510 Eeka LAAKSONEN FIN SML GasGas 158<br \/>\n5 578 Neo NINDELT GER DMSB Yamaha 154<br \/>\n6 404 Kenzo JASPERS NED KNMV KTM 153<br \/>\n7 464 Bertram THORIUS DEN DMU Yamaha 153<br \/>\n8 521 Mauno KESKIKALLIO FIN SML KTM 144<\/p>\n","protected":false},"excerpt":{"rendered":"<p>Le championnat de qualification pour la finale des championnats d&rsquo;Europe EMX65 et 85 termin\u00e9 pour chacune des 4 zones europ\u00e9ennes, on conna\u00eet donc \u00e0 pr\u00e9sent les noms de ceux qui [&#8230;]<\/p>\n","protected":false},"author":932,"featured_media":117219,"comment_status":"open","ping_status":"closed","sticky":false,"template":"","format":"standard","meta":{"footnotes":""},"categories":[54,128,44,4,5,45,55,65],"tags":[1165,200,1896,947],"class_list":["post-118506","post","type-post","status-publish","format-standard","has-post-thumbnail","hentry","category-actualite","category-emx-125-emx2","category-kids","category-motocross","category-news","category-news-kids","category-news-actualite","category-slideshow","tag-emx","tag-loket","tag-maxime-lucas","tag-motocross"],"yoast_head":"<!-- This site is optimized with the Yoast SEO plugin v27.4 - https:\/\/yoast.com\/product\/yoast-seo-wordpress\/ -->\n<title>Six Belges qualifi\u00e9s pour la finale des championnats EMX65 et 85 \u00e0 Loket - Motocross - Enduro - Supermoto | MotocrossMag<\/title>\n<meta name=\"robots\" content=\"index, follow, max-snippet:-1, max-image-preview:large, max-video-preview:-1\" \/>\n<link rel=\"canonical\" href=\"https:\/\/fr.motocrossmag.be\/index.php\/2022\/07\/six-belges-qualifies-pour-la-finale-des-championnats-emx65-et-85-a-loket\/\" \/>\n<meta property=\"og:locale\" content=\"fr_FR\" \/>\n<meta property=\"og:type\" content=\"article\" \/>\n<meta property=\"og:title\" content=\"Six Belges qualifi\u00e9s pour la finale des championnats EMX65 et 85 \u00e0 Loket - Motocross - Enduro - Supermoto | MotocrossMag\" \/>\n<meta property=\"og:description\" content=\"Le championnat de qualification pour la finale des championnats d&rsquo;Europe EMX65 et 85 termin\u00e9 pour chacune des 4 zones europ\u00e9ennes, on conna\u00eet donc \u00e0 pr\u00e9sent les noms de ceux qui [...]\" \/>\n<meta property=\"og:url\" content=\"https:\/\/fr.motocrossmag.be\/index.php\/2022\/07\/six-belges-qualifies-pour-la-finale-des-championnats-emx65-et-85-a-loket\/\" \/>\n<meta property=\"og:site_name\" content=\"Motocross - Enduro - Supermoto | MotocrossMag\" \/>\n<meta property=\"article:published_time\" content=\"2022-07-09T23:53:56+00:00\" \/>\n<meta property=\"og:image\" content=\"https:\/\/fr.motocrossmag.be\/wp-content\/uploads\/2022\/05\/maxime-lucas-dam-racing.jpg\" \/>\n\t<meta property=\"og:image:width\" content=\"908\" \/>\n\t<meta property=\"og:image:height\" content=\"600\" \/>\n\t<meta property=\"og:image:type\" content=\"image\/jpeg\" \/>\n<meta name=\"author\" content=\"oliviere\" \/>\n<meta name=\"twitter:card\" content=\"summary_large_image\" \/>\n<meta name=\"twitter:label1\" content=\"\u00c9crit par\" \/>\n\t<meta name=\"twitter:data1\" content=\"oliviere\" \/>\n\t<meta name=\"twitter:label2\" content=\"Dur\u00e9e de lecture estim\u00e9e\" \/>\n\t<meta name=\"twitter:data2\" content=\"2 minutes\" \/>\n<script type=\"application\/ld+json\" class=\"yoast-schema-graph\">{\"@context\":\"https:\\\/\\\/schema.org\",\"@graph\":[{\"@type\":\"Article\",\"@id\":\"https:\\\/\\\/fr.motocrossmag.be\\\/index.php\\\/2022\\\/07\\\/six-belges-qualifies-pour-la-finale-des-championnats-emx65-et-85-a-loket\\\/#article\",\"isPartOf\":{\"@id\":\"https:\\\/\\\/fr.motocrossmag.be\\\/index.php\\\/2022\\\/07\\\/six-belges-qualifies-pour-la-finale-des-championnats-emx65-et-85-a-loket\\\/\"},\"author\":{\"name\":\"oliviere\",\"@id\":\"https:\\\/\\\/fr.motocrossmag.be\\\/#\\\/schema\\\/person\\\/11b47143d9f755babca2c9110e03235c\"},\"headline\":\"Six Belges qualifi\u00e9s pour la finale des championnats EMX65 et 85 \u00e0 Loket\",\"datePublished\":\"2022-07-09T23:53:56+00:00\",\"mainEntityOfPage\":{\"@id\":\"https:\\\/\\\/fr.motocrossmag.be\\\/index.php\\\/2022\\\/07\\\/six-belges-qualifies-pour-la-finale-des-championnats-emx65-et-85-a-loket\\\/\"},\"wordCount\":462,\"commentCount\":0,\"image\":{\"@id\":\"https:\\\/\\\/fr.motocrossmag.be\\\/index.php\\\/2022\\\/07\\\/six-belges-qualifies-pour-la-finale-des-championnats-emx65-et-85-a-loket\\\/#primaryimage\"},\"thumbnailUrl\":\"https:\\\/\\\/fr.motocrossmag.be\\\/wp-content\\\/uploads\\\/2022\\\/05\\\/maxime-lucas-dam-racing.jpg\",\"keywords\":[\"EMX\",\"Loket\",\"maxime lucas\",\"Motocross\"],\"articleSection\":[\"Actualit\u00e9\",\"EMX\",\"Kids\",\"Motocross\",\"News\",\"News\",\"News\",\"Slideshow\"],\"inLanguage\":\"fr-FR\",\"potentialAction\":[{\"@type\":\"CommentAction\",\"name\":\"Comment\",\"target\":[\"https:\\\/\\\/fr.motocrossmag.be\\\/index.php\\\/2022\\\/07\\\/six-belges-qualifies-pour-la-finale-des-championnats-emx65-et-85-a-loket\\\/#respond\"]}]},{\"@type\":\"WebPage\",\"@id\":\"https:\\\/\\\/fr.motocrossmag.be\\\/index.php\\\/2022\\\/07\\\/six-belges-qualifies-pour-la-finale-des-championnats-emx65-et-85-a-loket\\\/\",\"url\":\"https:\\\/\\\/fr.motocrossmag.be\\\/index.php\\\/2022\\\/07\\\/six-belges-qualifies-pour-la-finale-des-championnats-emx65-et-85-a-loket\\\/\",\"name\":\"Six Belges qualifi\u00e9s pour la finale des championnats EMX65 et 85 \u00e0 Loket - Motocross - Enduro - Supermoto | MotocrossMag\",\"isPartOf\":{\"@id\":\"https:\\\/\\\/fr.motocrossmag.be\\\/#website\"},\"primaryImageOfPage\":{\"@id\":\"https:\\\/\\\/fr.motocrossmag.be\\\/index.php\\\/2022\\\/07\\\/six-belges-qualifies-pour-la-finale-des-championnats-emx65-et-85-a-loket\\\/#primaryimage\"},\"image\":{\"@id\":\"https:\\\/\\\/fr.motocrossmag.be\\\/index.php\\\/2022\\\/07\\\/six-belges-qualifies-pour-la-finale-des-championnats-emx65-et-85-a-loket\\\/#primaryimage\"},\"thumbnailUrl\":\"https:\\\/\\\/fr.motocrossmag.be\\\/wp-content\\\/uploads\\\/2022\\\/05\\\/maxime-lucas-dam-racing.jpg\",\"datePublished\":\"2022-07-09T23:53:56+00:00\",\"author\":{\"@id\":\"https:\\\/\\\/fr.motocrossmag.be\\\/#\\\/schema\\\/person\\\/11b47143d9f755babca2c9110e03235c\"},\"breadcrumb\":{\"@id\":\"https:\\\/\\\/fr.motocrossmag.be\\\/index.php\\\/2022\\\/07\\\/six-belges-qualifies-pour-la-finale-des-championnats-emx65-et-85-a-loket\\\/#breadcrumb\"},\"inLanguage\":\"fr-FR\",\"potentialAction\":[{\"@type\":\"ReadAction\",\"target\":[\"https:\\\/\\\/fr.motocrossmag.be\\\/index.php\\\/2022\\\/07\\\/six-belges-qualifies-pour-la-finale-des-championnats-emx65-et-85-a-loket\\\/\"]}]},{\"@type\":\"ImageObject\",\"inLanguage\":\"fr-FR\",\"@id\":\"https:\\\/\\\/fr.motocrossmag.be\\\/index.php\\\/2022\\\/07\\\/six-belges-qualifies-pour-la-finale-des-championnats-emx65-et-85-a-loket\\\/#primaryimage\",\"url\":\"https:\\\/\\\/fr.motocrossmag.be\\\/wp-content\\\/uploads\\\/2022\\\/05\\\/maxime-lucas-dam-racing.jpg\",\"contentUrl\":\"https:\\\/\\\/fr.motocrossmag.be\\\/wp-content\\\/uploads\\\/2022\\\/05\\\/maxime-lucas-dam-racing.jpg\",\"width\":\"908\",\"height\":\"600\"},{\"@type\":\"BreadcrumbList\",\"@id\":\"https:\\\/\\\/fr.motocrossmag.be\\\/index.php\\\/2022\\\/07\\\/six-belges-qualifies-pour-la-finale-des-championnats-emx65-et-85-a-loket\\\/#breadcrumb\",\"itemListElement\":[{\"@type\":\"ListItem\",\"position\":1,\"name\":\"Accueil\",\"item\":\"https:\\\/\\\/fr.motocrossmag.be\\\/\"},{\"@type\":\"ListItem\",\"position\":2,\"name\":\"Six Belges qualifi\u00e9s pour la finale des championnats EMX65 et 85 \u00e0 Loket\"}]},{\"@type\":\"WebSite\",\"@id\":\"https:\\\/\\\/fr.motocrossmag.be\\\/#website\",\"url\":\"https:\\\/\\\/fr.motocrossmag.be\\\/\",\"name\":\"Motocross - Enduro - Supermoto | MotocrossMag\",\"description\":\"L&#039;actualit\u00e9 du motocross, de l&#039;enduro et du Supermoto en ligne!\",\"potentialAction\":[{\"@type\":\"SearchAction\",\"target\":{\"@type\":\"EntryPoint\",\"urlTemplate\":\"https:\\\/\\\/fr.motocrossmag.be\\\/?s={search_term_string}\"},\"query-input\":{\"@type\":\"PropertyValueSpecification\",\"valueRequired\":true,\"valueName\":\"search_term_string\"}}],\"inLanguage\":\"fr-FR\"},{\"@type\":\"Person\",\"@id\":\"https:\\\/\\\/fr.motocrossmag.be\\\/#\\\/schema\\\/person\\\/11b47143d9f755babca2c9110e03235c\",\"name\":\"oliviere\",\"image\":{\"@type\":\"ImageObject\",\"inLanguage\":\"fr-FR\",\"@id\":\"https:\\\/\\\/secure.gravatar.com\\\/avatar\\\/907069e0b81d119452040469e4a7501da1100f54f7f80180ce77bfab718288f6?s=96&d=mm&r=g\",\"url\":\"https:\\\/\\\/secure.gravatar.com\\\/avatar\\\/907069e0b81d119452040469e4a7501da1100f54f7f80180ce77bfab718288f6?s=96&d=mm&r=g\",\"contentUrl\":\"https:\\\/\\\/secure.gravatar.com\\\/avatar\\\/907069e0b81d119452040469e4a7501da1100f54f7f80180ce77bfab718288f6?s=96&d=mm&r=g\",\"caption\":\"oliviere\"},\"sameAs\":[\"http:\\\/\\\/www.motocrossmag.be\"],\"url\":\"https:\\\/\\\/fr.motocrossmag.be\\\/index.php\\\/author\\\/oliviere\\\/\"}]}<\/script>\n<!-- \/ Yoast SEO plugin. -->","yoast_head_json":{"title":"Six Belges qualifi\u00e9s pour la finale des championnats EMX65 et 85 \u00e0 Loket - Motocross - Enduro - Supermoto | MotocrossMag","robots":{"index":"index","follow":"follow","max-snippet":"max-snippet:-1","max-image-preview":"max-image-preview:large","max-video-preview":"max-video-preview:-1"},"canonical":"https:\/\/fr.motocrossmag.be\/index.php\/2022\/07\/six-belges-qualifies-pour-la-finale-des-championnats-emx65-et-85-a-loket\/","og_locale":"fr_FR","og_type":"article","og_title":"Six Belges qualifi\u00e9s pour la finale des championnats EMX65 et 85 \u00e0 Loket - Motocross - Enduro - Supermoto | MotocrossMag","og_description":"Le championnat de qualification pour la finale des championnats d&rsquo;Europe EMX65 et 85 termin\u00e9 pour chacune des 4 zones europ\u00e9ennes, on conna\u00eet donc \u00e0 pr\u00e9sent les noms de ceux qui [...]","og_url":"https:\/\/fr.motocrossmag.be\/index.php\/2022\/07\/six-belges-qualifies-pour-la-finale-des-championnats-emx65-et-85-a-loket\/","og_site_name":"Motocross - Enduro - Supermoto | MotocrossMag","article_published_time":"2022-07-09T23:53:56+00:00","og_image":[{"width":908,"height":600,"url":"https:\/\/fr.motocrossmag.be\/wp-content\/uploads\/2022\/05\/maxime-lucas-dam-racing.jpg","type":"image\/jpeg"}],"author":"oliviere","twitter_card":"summary_large_image","twitter_misc":{"\u00c9crit par":"oliviere","Dur\u00e9e de lecture estim\u00e9e":"2 minutes"},"schema":{"@context":"https:\/\/schema.org","@graph":[{"@type":"Article","@id":"https:\/\/fr.motocrossmag.be\/index.php\/2022\/07\/six-belges-qualifies-pour-la-finale-des-championnats-emx65-et-85-a-loket\/#article","isPartOf":{"@id":"https:\/\/fr.motocrossmag.be\/index.php\/2022\/07\/six-belges-qualifies-pour-la-finale-des-championnats-emx65-et-85-a-loket\/"},"author":{"name":"oliviere","@id":"https:\/\/fr.motocrossmag.be\/#\/schema\/person\/11b47143d9f755babca2c9110e03235c"},"headline":"Six Belges qualifi\u00e9s pour la finale des championnats EMX65 et 85 \u00e0 Loket","datePublished":"2022-07-09T23:53:56+00:00","mainEntityOfPage":{"@id":"https:\/\/fr.motocrossmag.be\/index.php\/2022\/07\/six-belges-qualifies-pour-la-finale-des-championnats-emx65-et-85-a-loket\/"},"wordCount":462,"commentCount":0,"image":{"@id":"https:\/\/fr.motocrossmag.be\/index.php\/2022\/07\/six-belges-qualifies-pour-la-finale-des-championnats-emx65-et-85-a-loket\/#primaryimage"},"thumbnailUrl":"https:\/\/fr.motocrossmag.be\/wp-content\/uploads\/2022\/05\/maxime-lucas-dam-racing.jpg","keywords":["EMX","Loket","maxime lucas","Motocross"],"articleSection":["Actualit\u00e9","EMX","Kids","Motocross","News","News","News","Slideshow"],"inLanguage":"fr-FR","potentialAction":[{"@type":"CommentAction","name":"Comment","target":["https:\/\/fr.motocrossmag.be\/index.php\/2022\/07\/six-belges-qualifies-pour-la-finale-des-championnats-emx65-et-85-a-loket\/#respond"]}]},{"@type":"WebPage","@id":"https:\/\/fr.motocrossmag.be\/index.php\/2022\/07\/six-belges-qualifies-pour-la-finale-des-championnats-emx65-et-85-a-loket\/","url":"https:\/\/fr.motocrossmag.be\/index.php\/2022\/07\/six-belges-qualifies-pour-la-finale-des-championnats-emx65-et-85-a-loket\/","name":"Six Belges qualifi\u00e9s pour la finale des championnats EMX65 et 85 \u00e0 Loket - Motocross - Enduro - Supermoto | MotocrossMag","isPartOf":{"@id":"https:\/\/fr.motocrossmag.be\/#website"},"primaryImageOfPage":{"@id":"https:\/\/fr.motocrossmag.be\/index.php\/2022\/07\/six-belges-qualifies-pour-la-finale-des-championnats-emx65-et-85-a-loket\/#primaryimage"},"image":{"@id":"https:\/\/fr.motocrossmag.be\/index.php\/2022\/07\/six-belges-qualifies-pour-la-finale-des-championnats-emx65-et-85-a-loket\/#primaryimage"},"thumbnailUrl":"https:\/\/fr.motocrossmag.be\/wp-content\/uploads\/2022\/05\/maxime-lucas-dam-racing.jpg","datePublished":"2022-07-09T23:53:56+00:00","author":{"@id":"https:\/\/fr.motocrossmag.be\/#\/schema\/person\/11b47143d9f755babca2c9110e03235c"},"breadcrumb":{"@id":"https:\/\/fr.motocrossmag.be\/index.php\/2022\/07\/six-belges-qualifies-pour-la-finale-des-championnats-emx65-et-85-a-loket\/#breadcrumb"},"inLanguage":"fr-FR","potentialAction":[{"@type":"ReadAction","target":["https:\/\/fr.motocrossmag.be\/index.php\/2022\/07\/six-belges-qualifies-pour-la-finale-des-championnats-emx65-et-85-a-loket\/"]}]},{"@type":"ImageObject","inLanguage":"fr-FR","@id":"https:\/\/fr.motocrossmag.be\/index.php\/2022\/07\/six-belges-qualifies-pour-la-finale-des-championnats-emx65-et-85-a-loket\/#primaryimage","url":"https:\/\/fr.motocrossmag.be\/wp-content\/uploads\/2022\/05\/maxime-lucas-dam-racing.jpg","contentUrl":"https:\/\/fr.motocrossmag.be\/wp-content\/uploads\/2022\/05\/maxime-lucas-dam-racing.jpg","width":"908","height":"600"},{"@type":"BreadcrumbList","@id":"https:\/\/fr.motocrossmag.be\/index.php\/2022\/07\/six-belges-qualifies-pour-la-finale-des-championnats-emx65-et-85-a-loket\/#breadcrumb","itemListElement":[{"@type":"ListItem","position":1,"name":"Accueil","item":"https:\/\/fr.motocrossmag.be\/"},{"@type":"ListItem","position":2,"name":"Six Belges qualifi\u00e9s pour la finale des championnats EMX65 et 85 \u00e0 Loket"}]},{"@type":"WebSite","@id":"https:\/\/fr.motocrossmag.be\/#website","url":"https:\/\/fr.motocrossmag.be\/","name":"Motocross - Enduro - Supermoto | MotocrossMag","description":"L&#039;actualit\u00e9 du motocross, de l&#039;enduro et du Supermoto en ligne!","potentialAction":[{"@type":"SearchAction","target":{"@type":"EntryPoint","urlTemplate":"https:\/\/fr.motocrossmag.be\/?s={search_term_string}"},"query-input":{"@type":"PropertyValueSpecification","valueRequired":true,"valueName":"search_term_string"}}],"inLanguage":"fr-FR"},{"@type":"Person","@id":"https:\/\/fr.motocrossmag.be\/#\/schema\/person\/11b47143d9f755babca2c9110e03235c","name":"oliviere","image":{"@type":"ImageObject","inLanguage":"fr-FR","@id":"https:\/\/secure.gravatar.com\/avatar\/907069e0b81d119452040469e4a7501da1100f54f7f80180ce77bfab718288f6?s=96&d=mm&r=g","url":"https:\/\/secure.gravatar.com\/avatar\/907069e0b81d119452040469e4a7501da1100f54f7f80180ce77bfab718288f6?s=96&d=mm&r=g","contentUrl":"https:\/\/secure.gravatar.com\/avatar\/907069e0b81d119452040469e4a7501da1100f54f7f80180ce77bfab718288f6?s=96&d=mm&r=g","caption":"oliviere"},"sameAs":["http:\/\/www.motocrossmag.be"],"url":"https:\/\/fr.motocrossmag.be\/index.php\/author\/oliviere\/"}]}},"_links":{"self":[{"href":"https:\/\/fr.motocrossmag.be\/index.php\/wp-json\/wp\/v2\/posts\/118506","targetHints":{"allow":["GET"]}}],"collection":[{"href":"https:\/\/fr.motocrossmag.be\/index.php\/wp-json\/wp\/v2\/posts"}],"about":[{"href":"https:\/\/fr.motocrossmag.be\/index.php\/wp-json\/wp\/v2\/types\/post"}],"author":[{"embeddable":true,"href":"https:\/\/fr.motocrossmag.be\/index.php\/wp-json\/wp\/v2\/users\/932"}],"replies":[{"embeddable":true,"href":"https:\/\/fr.motocrossmag.be\/index.php\/wp-json\/wp\/v2\/comments?post=118506"}],"version-history":[{"count":0,"href":"https:\/\/fr.motocrossmag.be\/index.php\/wp-json\/wp\/v2\/posts\/118506\/revisions"}],"wp:featuredmedia":[{"embeddable":true,"href":"https:\/\/fr.motocrossmag.be\/index.php\/wp-json\/wp\/v2\/media\/117219"}],"wp:attachment":[{"href":"https:\/\/fr.motocrossmag.be\/index.php\/wp-json\/wp\/v2\/media?parent=118506"}],"wp:term":[{"taxonomy":"category","embeddable":true,"href":"https:\/\/fr.motocrossmag.be\/index.php\/wp-json\/wp\/v2\/categories?post=118506"},{"taxonomy":"post_tag","embeddable":true,"href":"https:\/\/fr.motocrossmag.be\/index.php\/wp-json\/wp\/v2\/tags?post=118506"}],"curies":[{"name":"wp","href":"https:\/\/api.w.org\/{rel}","templated":true}]}}