{"id":118548,"date":"2022-07-12T18:30:12","date_gmt":"2022-07-12T16:30:12","guid":{"rendered":"http:\/\/fr.motocrossmag.be\/?p=118548"},"modified":"2022-07-12T18:45:24","modified_gmt":"2022-07-12T16:45:24","slug":"double-pour-tom-dukerts-a-rozoy-sur-serre","status":"publish","type":"post","link":"https:\/\/fr.motocrossmag.be\/index.php\/2022\/07\/double-pour-tom-dukerts-a-rozoy-sur-serre\/","title":{"rendered":"Doubl\u00e9 pour Tom Dukerts \u00e0 Rozoy-sur-Serre"},"content":{"rendered":"<p><strong>Tom Dukert a sign\u00e9 le week-end parfait \u00e0 Rozoy-sur-Serre. Face \u00e0 un plateau de 38 pilotes inscrits en 85cc, notre jeune compatriote, actuellement en t\u00eate du championnat, a sign\u00e9 le meilleur chrono matinal avant de s&rsquo;imposer dans les deux manches.\u00a0<\/strong><\/p>\n<p>Et c&rsquo;est avec la mani\u00e8re que le pilote GasGas s&rsquo;est impos\u00e9 sur la tr\u00e8s belle piste du MC Rozoy. Dans la premi\u00e8re manche, il part dans le top-10 avant de venir s&rsquo;installer en t\u00eate d\u00e8s le 3\u00e8me tour pour ne plus quitter cette place de choix. La seconde manche lui demandera davantage d&rsquo;effort puisqu&rsquo;un probl\u00e8me d&#8217;embrayage lui faisait manquer son envol\u00e9e. Point\u00e9 25\u00e8me en d\u00e9but de course, il sortait le grand jeu sur un circuit d\u00e9fonc\u00e9 et truff\u00e9 d&rsquo;orni\u00e8re pour remonter un \u00e0 un ses concurrents jusqu&rsquo;\u00e0 passer en t\u00eate \u00e0 4 tours du drapeau \u00e0 damiers.<\/p>\n<p>Tom repr\u00e9sentera par ailleurs les Hauts-de-France sur la Coupe des R\u00e9gions \u00e0 la fin du mois d&rsquo;ao\u00fbt. :Autre Belge s\u00e9lectionn\u00e9e pour l&rsquo;\u00e9v\u00e9nement, Amandine Verstappen y sera \u00e9galement.<\/p>\n<p>Photo : Julien Caneele<\/p>\n<p>&nbsp;<\/p>\n","protected":false},"excerpt":{"rendered":"<p>Tom Dukert a sign\u00e9 le week-end parfait \u00e0 Rozoy-sur-Serre. Face \u00e0 un plateau de 38 pilotes inscrits en 85cc, notre jeune compatriote, actuellement en t\u00eate du championnat, a sign\u00e9 le [&#8230;]<\/p>\n","protected":false},"author":932,"featured_media":118591,"comment_status":"open","ping_status":"closed","sticky":false,"template":"","format":"standard","meta":{"footnotes":""},"categories":[54,44,4,5,45,55,65],"tags":[947,1571,1726],"class_list":["post-118548","post","type-post","status-publish","format-standard","has-post-thumbnail","hentry","category-actualite","category-kids","category-motocross","category-news","category-news-kids","category-news-actualite","category-slideshow","tag-motocross","tag-rozoy","tag-tom-dukerts"],"yoast_head":"<!-- This site is optimized with the Yoast SEO plugin v27.4 - https:\/\/yoast.com\/product\/yoast-seo-wordpress\/ -->\n<title>Doubl\u00e9 pour Tom Dukerts \u00e0 Rozoy-sur-Serre - Motocross - Enduro - Supermoto | MotocrossMag<\/title>\n<meta name=\"robots\" content=\"index, follow, max-snippet:-1, max-image-preview:large, max-video-preview:-1\" \/>\n<link rel=\"canonical\" href=\"https:\/\/fr.motocrossmag.be\/index.php\/2022\/07\/double-pour-tom-dukerts-a-rozoy-sur-serre\/\" \/>\n<meta property=\"og:locale\" content=\"fr_FR\" \/>\n<meta property=\"og:type\" content=\"article\" \/>\n<meta property=\"og:title\" content=\"Doubl\u00e9 pour Tom Dukerts \u00e0 Rozoy-sur-Serre - Motocross - Enduro - Supermoto | MotocrossMag\" \/>\n<meta property=\"og:description\" content=\"Tom Dukert a sign\u00e9 le week-end parfait \u00e0 Rozoy-sur-Serre. Face \u00e0 un plateau de 38 pilotes inscrits en 85cc, notre jeune compatriote, actuellement en t\u00eate du championnat, a sign\u00e9 le [...]\" \/>\n<meta property=\"og:url\" content=\"https:\/\/fr.motocrossmag.be\/index.php\/2022\/07\/double-pour-tom-dukerts-a-rozoy-sur-serre\/\" \/>\n<meta property=\"og:site_name\" content=\"Motocross - Enduro - Supermoto | MotocrossMag\" \/>\n<meta property=\"article:published_time\" content=\"2022-07-12T16:30:12+00:00\" \/>\n<meta property=\"article:modified_time\" content=\"2022-07-12T16:45:24+00:00\" \/>\n<meta property=\"og:image\" content=\"https:\/\/fr.motocrossmag.be\/wp-content\/uploads\/2022\/07\/289027635_3455435924762919_4049572492718544401_n.jpg\" \/>\n\t<meta property=\"og:image:width\" content=\"1000\" \/>\n\t<meta property=\"og:image:height\" content=\"667\" \/>\n\t<meta property=\"og:image:type\" content=\"image\/jpeg\" \/>\n<meta name=\"author\" content=\"oliviere\" \/>\n<meta name=\"twitter:card\" content=\"summary_large_image\" \/>\n<meta name=\"twitter:label1\" content=\"\u00c9crit par\" \/>\n\t<meta name=\"twitter:data1\" content=\"oliviere\" \/>\n\t<meta name=\"twitter:label2\" content=\"Dur\u00e9e de lecture estim\u00e9e\" \/>\n\t<meta name=\"twitter:data2\" content=\"1 minute\" \/>\n<script type=\"application\/ld+json\" class=\"yoast-schema-graph\">{\"@context\":\"https:\\\/\\\/schema.org\",\"@graph\":[{\"@type\":\"Article\",\"@id\":\"https:\\\/\\\/fr.motocrossmag.be\\\/index.php\\\/2022\\\/07\\\/double-pour-tom-dukerts-a-rozoy-sur-serre\\\/#article\",\"isPartOf\":{\"@id\":\"https:\\\/\\\/fr.motocrossmag.be\\\/index.php\\\/2022\\\/07\\\/double-pour-tom-dukerts-a-rozoy-sur-serre\\\/\"},\"author\":{\"name\":\"oliviere\",\"@id\":\"https:\\\/\\\/fr.motocrossmag.be\\\/#\\\/schema\\\/person\\\/11b47143d9f755babca2c9110e03235c\"},\"headline\":\"Doubl\u00e9 pour Tom Dukerts \u00e0 Rozoy-sur-Serre\",\"datePublished\":\"2022-07-12T16:30:12+00:00\",\"dateModified\":\"2022-07-12T16:45:24+00:00\",\"mainEntityOfPage\":{\"@id\":\"https:\\\/\\\/fr.motocrossmag.be\\\/index.php\\\/2022\\\/07\\\/double-pour-tom-dukerts-a-rozoy-sur-serre\\\/\"},\"wordCount\":193,\"commentCount\":0,\"image\":{\"@id\":\"https:\\\/\\\/fr.motocrossmag.be\\\/index.php\\\/2022\\\/07\\\/double-pour-tom-dukerts-a-rozoy-sur-serre\\\/#primaryimage\"},\"thumbnailUrl\":\"https:\\\/\\\/fr.motocrossmag.be\\\/wp-content\\\/uploads\\\/2022\\\/07\\\/289027635_3455435924762919_4049572492718544401_n.jpg\",\"keywords\":[\"Motocross\",\"rozoy\",\"tom dukerts\"],\"articleSection\":[\"Actualit\u00e9\",\"Kids\",\"Motocross\",\"News\",\"News\",\"News\",\"Slideshow\"],\"inLanguage\":\"fr-FR\",\"potentialAction\":[{\"@type\":\"CommentAction\",\"name\":\"Comment\",\"target\":[\"https:\\\/\\\/fr.motocrossmag.be\\\/index.php\\\/2022\\\/07\\\/double-pour-tom-dukerts-a-rozoy-sur-serre\\\/#respond\"]}]},{\"@type\":\"WebPage\",\"@id\":\"https:\\\/\\\/fr.motocrossmag.be\\\/index.php\\\/2022\\\/07\\\/double-pour-tom-dukerts-a-rozoy-sur-serre\\\/\",\"url\":\"https:\\\/\\\/fr.motocrossmag.be\\\/index.php\\\/2022\\\/07\\\/double-pour-tom-dukerts-a-rozoy-sur-serre\\\/\",\"name\":\"Doubl\u00e9 pour Tom Dukerts \u00e0 Rozoy-sur-Serre - Motocross - Enduro - Supermoto | MotocrossMag\",\"isPartOf\":{\"@id\":\"https:\\\/\\\/fr.motocrossmag.be\\\/#website\"},\"primaryImageOfPage\":{\"@id\":\"https:\\\/\\\/fr.motocrossmag.be\\\/index.php\\\/2022\\\/07\\\/double-pour-tom-dukerts-a-rozoy-sur-serre\\\/#primaryimage\"},\"image\":{\"@id\":\"https:\\\/\\\/fr.motocrossmag.be\\\/index.php\\\/2022\\\/07\\\/double-pour-tom-dukerts-a-rozoy-sur-serre\\\/#primaryimage\"},\"thumbnailUrl\":\"https:\\\/\\\/fr.motocrossmag.be\\\/wp-content\\\/uploads\\\/2022\\\/07\\\/289027635_3455435924762919_4049572492718544401_n.jpg\",\"datePublished\":\"2022-07-12T16:30:12+00:00\",\"dateModified\":\"2022-07-12T16:45:24+00:00\",\"author\":{\"@id\":\"https:\\\/\\\/fr.motocrossmag.be\\\/#\\\/schema\\\/person\\\/11b47143d9f755babca2c9110e03235c\"},\"breadcrumb\":{\"@id\":\"https:\\\/\\\/fr.motocrossmag.be\\\/index.php\\\/2022\\\/07\\\/double-pour-tom-dukerts-a-rozoy-sur-serre\\\/#breadcrumb\"},\"inLanguage\":\"fr-FR\",\"potentialAction\":[{\"@type\":\"ReadAction\",\"target\":[\"https:\\\/\\\/fr.motocrossmag.be\\\/index.php\\\/2022\\\/07\\\/double-pour-tom-dukerts-a-rozoy-sur-serre\\\/\"]}]},{\"@type\":\"ImageObject\",\"inLanguage\":\"fr-FR\",\"@id\":\"https:\\\/\\\/fr.motocrossmag.be\\\/index.php\\\/2022\\\/07\\\/double-pour-tom-dukerts-a-rozoy-sur-serre\\\/#primaryimage\",\"url\":\"https:\\\/\\\/fr.motocrossmag.be\\\/wp-content\\\/uploads\\\/2022\\\/07\\\/289027635_3455435924762919_4049572492718544401_n.jpg\",\"contentUrl\":\"https:\\\/\\\/fr.motocrossmag.be\\\/wp-content\\\/uploads\\\/2022\\\/07\\\/289027635_3455435924762919_4049572492718544401_n.jpg\",\"width\":\"1000\",\"height\":\"667\"},{\"@type\":\"BreadcrumbList\",\"@id\":\"https:\\\/\\\/fr.motocrossmag.be\\\/index.php\\\/2022\\\/07\\\/double-pour-tom-dukerts-a-rozoy-sur-serre\\\/#breadcrumb\",\"itemListElement\":[{\"@type\":\"ListItem\",\"position\":1,\"name\":\"Accueil\",\"item\":\"https:\\\/\\\/fr.motocrossmag.be\\\/\"},{\"@type\":\"ListItem\",\"position\":2,\"name\":\"Doubl\u00e9 pour Tom Dukerts \u00e0 Rozoy-sur-Serre\"}]},{\"@type\":\"WebSite\",\"@id\":\"https:\\\/\\\/fr.motocrossmag.be\\\/#website\",\"url\":\"https:\\\/\\\/fr.motocrossmag.be\\\/\",\"name\":\"Motocross - Enduro - Supermoto | MotocrossMag\",\"description\":\"L&#039;actualit\u00e9 du motocross, de l&#039;enduro et du Supermoto en ligne!\",\"potentialAction\":[{\"@type\":\"SearchAction\",\"target\":{\"@type\":\"EntryPoint\",\"urlTemplate\":\"https:\\\/\\\/fr.motocrossmag.be\\\/?s={search_term_string}\"},\"query-input\":{\"@type\":\"PropertyValueSpecification\",\"valueRequired\":true,\"valueName\":\"search_term_string\"}}],\"inLanguage\":\"fr-FR\"},{\"@type\":\"Person\",\"@id\":\"https:\\\/\\\/fr.motocrossmag.be\\\/#\\\/schema\\\/person\\\/11b47143d9f755babca2c9110e03235c\",\"name\":\"oliviere\",\"image\":{\"@type\":\"ImageObject\",\"inLanguage\":\"fr-FR\",\"@id\":\"https:\\\/\\\/secure.gravatar.com\\\/avatar\\\/907069e0b81d119452040469e4a7501da1100f54f7f80180ce77bfab718288f6?s=96&d=mm&r=g\",\"url\":\"https:\\\/\\\/secure.gravatar.com\\\/avatar\\\/907069e0b81d119452040469e4a7501da1100f54f7f80180ce77bfab718288f6?s=96&d=mm&r=g\",\"contentUrl\":\"https:\\\/\\\/secure.gravatar.com\\\/avatar\\\/907069e0b81d119452040469e4a7501da1100f54f7f80180ce77bfab718288f6?s=96&d=mm&r=g\",\"caption\":\"oliviere\"},\"sameAs\":[\"http:\\\/\\\/www.motocrossmag.be\"],\"url\":\"https:\\\/\\\/fr.motocrossmag.be\\\/index.php\\\/author\\\/oliviere\\\/\"}]}<\/script>\n<!-- \/ Yoast SEO plugin. -->","yoast_head_json":{"title":"Doubl\u00e9 pour Tom Dukerts \u00e0 Rozoy-sur-Serre - Motocross - Enduro - Supermoto | MotocrossMag","robots":{"index":"index","follow":"follow","max-snippet":"max-snippet:-1","max-image-preview":"max-image-preview:large","max-video-preview":"max-video-preview:-1"},"canonical":"https:\/\/fr.motocrossmag.be\/index.php\/2022\/07\/double-pour-tom-dukerts-a-rozoy-sur-serre\/","og_locale":"fr_FR","og_type":"article","og_title":"Doubl\u00e9 pour Tom Dukerts \u00e0 Rozoy-sur-Serre - Motocross - Enduro - Supermoto | MotocrossMag","og_description":"Tom Dukert a sign\u00e9 le week-end parfait \u00e0 Rozoy-sur-Serre. Face \u00e0 un plateau de 38 pilotes inscrits en 85cc, notre jeune compatriote, actuellement en t\u00eate du championnat, a sign\u00e9 le [...]","og_url":"https:\/\/fr.motocrossmag.be\/index.php\/2022\/07\/double-pour-tom-dukerts-a-rozoy-sur-serre\/","og_site_name":"Motocross - Enduro - Supermoto | MotocrossMag","article_published_time":"2022-07-12T16:30:12+00:00","article_modified_time":"2022-07-12T16:45:24+00:00","og_image":[{"width":1000,"height":667,"url":"https:\/\/fr.motocrossmag.be\/wp-content\/uploads\/2022\/07\/289027635_3455435924762919_4049572492718544401_n.jpg","type":"image\/jpeg"}],"author":"oliviere","twitter_card":"summary_large_image","twitter_misc":{"\u00c9crit par":"oliviere","Dur\u00e9e de lecture estim\u00e9e":"1 minute"},"schema":{"@context":"https:\/\/schema.org","@graph":[{"@type":"Article","@id":"https:\/\/fr.motocrossmag.be\/index.php\/2022\/07\/double-pour-tom-dukerts-a-rozoy-sur-serre\/#article","isPartOf":{"@id":"https:\/\/fr.motocrossmag.be\/index.php\/2022\/07\/double-pour-tom-dukerts-a-rozoy-sur-serre\/"},"author":{"name":"oliviere","@id":"https:\/\/fr.motocrossmag.be\/#\/schema\/person\/11b47143d9f755babca2c9110e03235c"},"headline":"Doubl\u00e9 pour Tom Dukerts \u00e0 Rozoy-sur-Serre","datePublished":"2022-07-12T16:30:12+00:00","dateModified":"2022-07-12T16:45:24+00:00","mainEntityOfPage":{"@id":"https:\/\/fr.motocrossmag.be\/index.php\/2022\/07\/double-pour-tom-dukerts-a-rozoy-sur-serre\/"},"wordCount":193,"commentCount":0,"image":{"@id":"https:\/\/fr.motocrossmag.be\/index.php\/2022\/07\/double-pour-tom-dukerts-a-rozoy-sur-serre\/#primaryimage"},"thumbnailUrl":"https:\/\/fr.motocrossmag.be\/wp-content\/uploads\/2022\/07\/289027635_3455435924762919_4049572492718544401_n.jpg","keywords":["Motocross","rozoy","tom dukerts"],"articleSection":["Actualit\u00e9","Kids","Motocross","News","News","News","Slideshow"],"inLanguage":"fr-FR","potentialAction":[{"@type":"CommentAction","name":"Comment","target":["https:\/\/fr.motocrossmag.be\/index.php\/2022\/07\/double-pour-tom-dukerts-a-rozoy-sur-serre\/#respond"]}]},{"@type":"WebPage","@id":"https:\/\/fr.motocrossmag.be\/index.php\/2022\/07\/double-pour-tom-dukerts-a-rozoy-sur-serre\/","url":"https:\/\/fr.motocrossmag.be\/index.php\/2022\/07\/double-pour-tom-dukerts-a-rozoy-sur-serre\/","name":"Doubl\u00e9 pour Tom Dukerts \u00e0 Rozoy-sur-Serre - Motocross - Enduro - Supermoto | MotocrossMag","isPartOf":{"@id":"https:\/\/fr.motocrossmag.be\/#website"},"primaryImageOfPage":{"@id":"https:\/\/fr.motocrossmag.be\/index.php\/2022\/07\/double-pour-tom-dukerts-a-rozoy-sur-serre\/#primaryimage"},"image":{"@id":"https:\/\/fr.motocrossmag.be\/index.php\/2022\/07\/double-pour-tom-dukerts-a-rozoy-sur-serre\/#primaryimage"},"thumbnailUrl":"https:\/\/fr.motocrossmag.be\/wp-content\/uploads\/2022\/07\/289027635_3455435924762919_4049572492718544401_n.jpg","datePublished":"2022-07-12T16:30:12+00:00","dateModified":"2022-07-12T16:45:24+00:00","author":{"@id":"https:\/\/fr.motocrossmag.be\/#\/schema\/person\/11b47143d9f755babca2c9110e03235c"},"breadcrumb":{"@id":"https:\/\/fr.motocrossmag.be\/index.php\/2022\/07\/double-pour-tom-dukerts-a-rozoy-sur-serre\/#breadcrumb"},"inLanguage":"fr-FR","potentialAction":[{"@type":"ReadAction","target":["https:\/\/fr.motocrossmag.be\/index.php\/2022\/07\/double-pour-tom-dukerts-a-rozoy-sur-serre\/"]}]},{"@type":"ImageObject","inLanguage":"fr-FR","@id":"https:\/\/fr.motocrossmag.be\/index.php\/2022\/07\/double-pour-tom-dukerts-a-rozoy-sur-serre\/#primaryimage","url":"https:\/\/fr.motocrossmag.be\/wp-content\/uploads\/2022\/07\/289027635_3455435924762919_4049572492718544401_n.jpg","contentUrl":"https:\/\/fr.motocrossmag.be\/wp-content\/uploads\/2022\/07\/289027635_3455435924762919_4049572492718544401_n.jpg","width":"1000","height":"667"},{"@type":"BreadcrumbList","@id":"https:\/\/fr.motocrossmag.be\/index.php\/2022\/07\/double-pour-tom-dukerts-a-rozoy-sur-serre\/#breadcrumb","itemListElement":[{"@type":"ListItem","position":1,"name":"Accueil","item":"https:\/\/fr.motocrossmag.be\/"},{"@type":"ListItem","position":2,"name":"Doubl\u00e9 pour Tom Dukerts \u00e0 Rozoy-sur-Serre"}]},{"@type":"WebSite","@id":"https:\/\/fr.motocrossmag.be\/#website","url":"https:\/\/fr.motocrossmag.be\/","name":"Motocross - Enduro - Supermoto | MotocrossMag","description":"L&#039;actualit\u00e9 du motocross, de l&#039;enduro et du Supermoto en ligne!","potentialAction":[{"@type":"SearchAction","target":{"@type":"EntryPoint","urlTemplate":"https:\/\/fr.motocrossmag.be\/?s={search_term_string}"},"query-input":{"@type":"PropertyValueSpecification","valueRequired":true,"valueName":"search_term_string"}}],"inLanguage":"fr-FR"},{"@type":"Person","@id":"https:\/\/fr.motocrossmag.be\/#\/schema\/person\/11b47143d9f755babca2c9110e03235c","name":"oliviere","image":{"@type":"ImageObject","inLanguage":"fr-FR","@id":"https:\/\/secure.gravatar.com\/avatar\/907069e0b81d119452040469e4a7501da1100f54f7f80180ce77bfab718288f6?s=96&d=mm&r=g","url":"https:\/\/secure.gravatar.com\/avatar\/907069e0b81d119452040469e4a7501da1100f54f7f80180ce77bfab718288f6?s=96&d=mm&r=g","contentUrl":"https:\/\/secure.gravatar.com\/avatar\/907069e0b81d119452040469e4a7501da1100f54f7f80180ce77bfab718288f6?s=96&d=mm&r=g","caption":"oliviere"},"sameAs":["http:\/\/www.motocrossmag.be"],"url":"https:\/\/fr.motocrossmag.be\/index.php\/author\/oliviere\/"}]}},"_links":{"self":[{"href":"https:\/\/fr.motocrossmag.be\/index.php\/wp-json\/wp\/v2\/posts\/118548","targetHints":{"allow":["GET"]}}],"collection":[{"href":"https:\/\/fr.motocrossmag.be\/index.php\/wp-json\/wp\/v2\/posts"}],"about":[{"href":"https:\/\/fr.motocrossmag.be\/index.php\/wp-json\/wp\/v2\/types\/post"}],"author":[{"embeddable":true,"href":"https:\/\/fr.motocrossmag.be\/index.php\/wp-json\/wp\/v2\/users\/932"}],"replies":[{"embeddable":true,"href":"https:\/\/fr.motocrossmag.be\/index.php\/wp-json\/wp\/v2\/comments?post=118548"}],"version-history":[{"count":0,"href":"https:\/\/fr.motocrossmag.be\/index.php\/wp-json\/wp\/v2\/posts\/118548\/revisions"}],"wp:featuredmedia":[{"embeddable":true,"href":"https:\/\/fr.motocrossmag.be\/index.php\/wp-json\/wp\/v2\/media\/118591"}],"wp:attachment":[{"href":"https:\/\/fr.motocrossmag.be\/index.php\/wp-json\/wp\/v2\/media?parent=118548"}],"wp:term":[{"taxonomy":"category","embeddable":true,"href":"https:\/\/fr.motocrossmag.be\/index.php\/wp-json\/wp\/v2\/categories?post=118548"},{"taxonomy":"post_tag","embeddable":true,"href":"https:\/\/fr.motocrossmag.be\/index.php\/wp-json\/wp\/v2\/tags?post=118548"}],"curies":[{"name":"wp","href":"https:\/\/api.w.org\/{rel}","templated":true}]}}