{"id":118588,"date":"2022-07-13T07:34:58","date_gmt":"2022-07-13T05:34:58","guid":{"rendered":"http:\/\/fr.motocrossmag.be\/?p=118588"},"modified":"2022-07-13T13:11:52","modified_gmt":"2022-07-13T11:11:52","slug":"solre-saint-gery-benjamin-doneux-et-bryan-boulard-vainqueurs","status":"publish","type":"post","link":"https:\/\/fr.motocrossmag.be\/index.php\/2022\/07\/solre-saint-gery-benjamin-doneux-et-bryan-boulard-vainqueurs\/","title":{"rendered":"Solre-Saint-G\u00e9ry : Benjamin Doneux et Bryan Boulard vainqueurs"},"content":{"rendered":"<p><strong>Quelques semaines apr\u00e8s son lancement \u00e0 Cherain, le championnat de Wallonie de motocross s&rsquo;est poursuivi le week-end dernier en province de Hainaut, \u00e0 Solre-Saint-G\u00e9ry, dans la commune de Beaumont.<\/strong><\/p>\n<p>Dans la foul\u00e9e de sa victoire \u00e0 Cherain, Benjamin Doneux s&rsquo;est \u00e0 nouveau impos\u00e9 chez les Inters MX1. Vainqueur des deux manches, le pilote AMPL devance Florent Lambillon et Lucas Derycke sur le podium du jour.<\/p>\n<p><img decoding=\"async\" class=\"lazyload alignnone size-full wp-image-118594\" src=\"http:\/\/fr.motocrossmag.be\/wp-content\/uploads\/2022\/07\/IMG_7634.jpg\" data-orig-src=\"http:\/\/fr.motocrossmag.be\/wp-content\/uploads\/2022\/07\/IMG_7634.jpg\" alt=\"\" width=\"1000\" height=\"666\" srcset=\"data:image\/svg+xml,%3Csvg%20xmlns%3D%27http%3A%2F%2Fwww.w3.org%2F2000%2Fsvg%27%20width%3D%271000%27%20height%3D%27666%27%20viewBox%3D%270%200%201000%20666%27%3E%3Crect%20width%3D%271000%27%20height%3D%27666%27%20fill-opacity%3D%220%22%2F%3E%3C%2Fsvg%3E\" data-srcset=\"https:\/\/fr.motocrossmag.be\/wp-content\/uploads\/2022\/07\/IMG_7634-650x433.jpg 650w, https:\/\/fr.motocrossmag.be\/wp-content\/uploads\/2022\/07\/IMG_7634-768x511.jpg 768w, https:\/\/fr.motocrossmag.be\/wp-content\/uploads\/2022\/07\/IMG_7634.jpg 1000w\" data-sizes=\"auto\" data-orig-sizes=\"(max-width: 1000px) 100vw, 1000px\" \/><\/p>\n<p>En MX2, ce sont Bryan Boulard et Romain Delbrassinne qui se sont partag\u00e9 les victoires tandis que Noa Denil (5+3) accompagne les deux hommes sue le podium.<\/p>\n<p>Photos : Anyssa Laurent<\/p>\n<p><span style=\"color: #800000;\"><strong>R\u00e9sultats<\/strong><\/span><\/p>\n<p><strong>AUTOMATIQUES<\/strong><\/p>\n<p>1 JONVAL Liam 25+25; 2 LEROY Tyler 22+22;\u00a0 3 RONDEAUX Jean 20+20; 4 DE JAEGER Louis 18+16; 5 LAMBILLON Johan 15+18; 6 COLLARD William 16+15; 7 CORNANT Lywen 13+14; 8 COTE Maxime 14+13; 9 PLEVOETS Liam 12+12; 10 PETIT DELISSE 10+11; 11DUMALIN MASON 11+10; 12 HENAUT Florie\u00a0 8+9;&#8230;<\/p>\n<p><strong>65CC<\/strong><\/p>\n<p>1 MOHRING Tim\u00e9o 25+25; 2 BOGERS Diego\u00a0 20+20; 3 RISTUCCIA Leny 22+18;\u00a0 4 MOHRING Matis 13+22;\u00a05 COLLARD Cyril 18+15; 6 TAHERE Youness 16+16;\u00a0 7 DOLFINI Lana 15+14; 8 MONTREUX Arthur\u00a0 14+11;; 9 DETHIER Luis 10+12; 10 JACQUES Diego 7+10;&#8230;<\/p>\n<p><strong>85CC<\/strong><\/p>\n<p>1 PANSAERTS Emerick 22+25; 2 PLEVOETS Louan 25+20; 3 BROUIR Tyler 20+22; 4 DOLFINI Tom 18+18;\u00a0 5 GALVAN Antoine 16+16; 6 JENARD Achile 15+15; 7 IGNATIEFF Roby 12+14; 8 POLOSKEI Liam 13+13; 9 WETTEREN Antoine 14+10;\u00a0 10 BILS Martin 11+12;&#8230;<\/p>\n<p><strong>ESPOIRS<\/strong><\/p>\n<p>1 ADAM Matis 25+25;\u00a0 2 Stiennes Hugo 18+22; 3\u00a0 DEBOUTEZ Noah 20+20; 4 HANART Jonas 22+16; 5 SEEL Harry 16+18; 6 FRANCOIS Baptiste 15+15; 7 DENUIT Nathan 14+13; 8 HERMAN Louis 12+14; 9 LIESSENS Romain 13+12; 10 RICHARD Hugo\u00a0 8+11;&#8230;<\/p>\n<table style=\"margin: auto; font-size: 14px;\" width=\"95%\">\n<tbody>\n<tr>\n<td width=\"80\"><\/td>\n<td width=\"166\"><strong>DEB + ESPOIRS 250 4T<br \/>\n<\/strong><\/td>\n<td width=\"80\"><\/td>\n<td width=\"80\"><\/td>\n<\/tr>\n<tr>\n<td><\/td>\n<td><\/td>\n<td><\/td>\n<td><\/td>\n<\/tr>\n<tr>\n<td>1<\/td>\n<td>MARTIN Florian<\/td>\n<td>25<\/td>\n<td>25<\/td>\n<\/tr>\n<tr>\n<td>2<\/td>\n<td>Jamar Thomas<\/td>\n<td>20<\/td>\n<td>22<\/td>\n<\/tr>\n<tr>\n<td>3<\/td>\n<td>BAUDAUX Tom<\/td>\n<td>22<\/td>\n<td>18<\/td>\n<\/tr>\n<tr>\n<td>4<\/td>\n<td>Mayne Hugo<\/td>\n<td>13<\/td>\n<td>20<\/td>\n<\/tr>\n<tr>\n<td>5<\/td>\n<td>ANTOINE Sean<\/td>\n<td>18<\/td>\n<td>15<\/td>\n<\/tr>\n<tr>\n<td>6<\/td>\n<td>CAUTAERTS Robbe<\/td>\n<td>16<\/td>\n<td>16<\/td>\n<\/tr>\n<tr>\n<td>7<\/td>\n<td>LEGROS Romain<\/td>\n<td>15<\/td>\n<td>13<\/td>\n<\/tr>\n<tr>\n<td>8<\/td>\n<td>Namur Batiste<\/td>\n<td>12<\/td>\n<td>14<\/td>\n<\/tr>\n<tr>\n<td>9<\/td>\n<td>Simon Amadeo<\/td>\n<td>10<\/td>\n<td>11<\/td>\n<\/tr>\n<tr>\n<td>10<\/td>\n<td>VANDERMISSEN Alan<\/td>\n<td>8<\/td>\n<td>12<\/td>\n<\/tr>\n<tr>\n<td>11<\/td>\n<td>PATTYN Nathan<\/td>\n<td>11<\/td>\n<td>9<\/td>\n<\/tr>\n<tr>\n<td>12<\/td>\n<td>Chapelle Patrick<\/td>\n<td>14<\/td>\n<td>6<\/td>\n<\/tr>\n<tr>\n<td>13<\/td>\n<td>LEGROS Alexandre<\/td>\n<td>7<\/td>\n<td>10<\/td>\n<\/tr>\n<tr>\n<td>14<\/td>\n<td>SCHOLTES Dimitri<\/td>\n<td>9<\/td>\n<td>8<\/td>\n<\/tr>\n<tr>\n<td>15<\/td>\n<td>Cornet Gaetan<\/td>\n<td>6<\/td>\n<td>7<\/td>\n<\/tr>\n<tr>\n<td>16<\/td>\n<td>Deguel Julian<\/td>\n<td>5<\/td>\n<td>5<\/td>\n<\/tr>\n<tr>\n<td>17<\/td>\n<td>Thermol Tristan<\/td>\n<td>3<\/td>\n<td>4<\/td>\n<\/tr>\n<tr>\n<td>18<\/td>\n<td>FAYT Leon<\/td>\n<td>4<\/td>\n<td>&#8212;<\/td>\n<\/tr>\n<tr>\n<td>19<\/td>\n<td>BAAR Johan<\/td>\n<td>2<\/td>\n<td>2<\/td>\n<\/tr>\n<tr>\n<td>20<\/td>\n<td>AERTS Alain<\/td>\n<td>0<\/td>\n<td>3<\/td>\n<\/tr>\n<tr>\n<td>21<\/td>\n<td>DEBEHOGNE David<\/td>\n<td>1<\/td>\n<td>1<\/td>\n<\/tr>\n<tr>\n<td><\/td>\n<td><\/td>\n<td><\/td>\n<td><\/td>\n<\/tr>\n<tr>\n<td><\/td>\n<td><strong>JUNIORS<\/strong><\/td>\n<td><\/td>\n<td><\/td>\n<\/tr>\n<tr>\n<td><\/td>\n<td><\/td>\n<td><\/td>\n<td><\/td>\n<\/tr>\n<tr>\n<td>1<\/td>\n<td>Bronkart Kenny<\/td>\n<td>22<\/td>\n<td>22<\/td>\n<\/tr>\n<tr>\n<td>2<\/td>\n<td>Chapelle Adrien<\/td>\n<td>25<\/td>\n<td>16<\/td>\n<\/tr>\n<tr>\n<td>3<\/td>\n<td>BEAUDOUL Kylian<\/td>\n<td>15<\/td>\n<td>25<\/td>\n<\/tr>\n<tr>\n<td>4<\/td>\n<td>FAVRESSE Lucas<\/td>\n<td>16<\/td>\n<td>18<\/td>\n<\/tr>\n<tr>\n<td>5<\/td>\n<td>Sbaiz Corentin<\/td>\n<td>20<\/td>\n<td>14<\/td>\n<\/tr>\n<tr>\n<td>6<\/td>\n<td>Nakab Mathias<\/td>\n<td>18<\/td>\n<td>15<\/td>\n<\/tr>\n<tr>\n<td>7<\/td>\n<td>DEPRIESTER Memphis<\/td>\n<td>5<\/td>\n<td>20<\/td>\n<\/tr>\n<tr>\n<td>8<\/td>\n<td>Mouton Adrien<\/td>\n<td>10<\/td>\n<td>13<\/td>\n<\/tr>\n<tr>\n<td>9<\/td>\n<td>MASSET Maxime<\/td>\n<td>11<\/td>\n<td>11<\/td>\n<\/tr>\n<tr>\n<td>10<\/td>\n<td>Vanhoute Mathieu<\/td>\n<td>13<\/td>\n<td>9<\/td>\n<\/tr>\n<tr>\n<td>11<\/td>\n<td>GENDEBIEN Tom<\/td>\n<td>12<\/td>\n<td>8<\/td>\n<\/tr>\n<tr>\n<td>12<\/td>\n<td>PESIN Marvin<\/td>\n<td>14<\/td>\n<td>4<\/td>\n<\/tr>\n<tr>\n<td>13<\/td>\n<td>Dupont Yanys<\/td>\n<td>7<\/td>\n<td>10<\/td>\n<\/tr>\n<tr>\n<td>14<\/td>\n<td>HAUSSY Jordan<\/td>\n<td>4<\/td>\n<td>12<\/td>\n<\/tr>\n<tr>\n<td>15<\/td>\n<td>Brevers Mathys<\/td>\n<td>8<\/td>\n<td>7<\/td>\n<\/tr>\n<tr>\n<td>16<\/td>\n<td>Bertrand Loris<\/td>\n<td>9<\/td>\n<td>5<\/td>\n<\/tr>\n<tr>\n<td>17<\/td>\n<td>Labie Dylan<\/td>\n<td>3<\/td>\n<td>6<\/td>\n<\/tr>\n<tr>\n<td>18<\/td>\n<td>Dewalque Nathan<\/td>\n<td>6<\/td>\n<td>3<\/td>\n<\/tr>\n<tr>\n<td>19<\/td>\n<td>Baes Jonathan<\/td>\n<td>2<\/td>\n<td>1<\/td>\n<\/tr>\n<tr>\n<td>20<\/td>\n<td>Nothomb Marvin<\/td>\n<td>0<\/td>\n<td>2<\/td>\n<\/tr>\n<tr>\n<td>21<\/td>\n<td>Baes Logan<\/td>\n<td>1<\/td>\n<td>&#8212;<\/td>\n<\/tr>\n<tr>\n<td>22<\/td>\n<td>VAN THIELEN Jordan<\/td>\n<td>0<\/td>\n<td>0<\/td>\n<\/tr>\n<tr>\n<td>23<\/td>\n<td>LIBERT Philippe<\/td>\n<td>0<\/td>\n<td>0<\/td>\n<\/tr>\n<tr>\n<td><\/td>\n<td><\/td>\n<td><\/td>\n<td><\/td>\n<\/tr>\n<tr>\n<td><\/td>\n<td><strong>EXP + AMAT B<\/strong><\/td>\n<td><\/td>\n<td><\/td>\n<\/tr>\n<tr>\n<td><\/td>\n<td><\/td>\n<td><\/td>\n<td><\/td>\n<\/tr>\n<tr>\n<td>1<\/td>\n<td>LACASSE Laurent<\/td>\n<td>25<\/td>\n<td>25<\/td>\n<\/tr>\n<tr>\n<td>2<\/td>\n<td>DEBROUX Patrick<\/td>\n<td>22<\/td>\n<td>22<\/td>\n<\/tr>\n<tr>\n<td>3<\/td>\n<td>Herman Mike<\/td>\n<td>20<\/td>\n<td>20<\/td>\n<\/tr>\n<tr>\n<td>4<\/td>\n<td>LEGREVE Pascal<\/td>\n<td>18<\/td>\n<td>18<\/td>\n<\/tr>\n<tr>\n<td>5<\/td>\n<td>Taverne Rudy<\/td>\n<td>16<\/td>\n<td>16<\/td>\n<\/tr>\n<tr>\n<td>6<\/td>\n<td>TAVERNE Michel<\/td>\n<td>14<\/td>\n<td>15<\/td>\n<\/tr>\n<tr>\n<td>7<\/td>\n<td>HOSLET Frederic<\/td>\n<td>15<\/td>\n<td>14<\/td>\n<\/tr>\n<tr>\n<td>8<\/td>\n<td>Vilain Geoffrey<\/td>\n<td>13<\/td>\n<td>11<\/td>\n<\/tr>\n<tr>\n<td>9<\/td>\n<td>POLOSKEI Andy<\/td>\n<td>11<\/td>\n<td>12<\/td>\n<\/tr>\n<tr>\n<td>10<\/td>\n<td>Lambillon Laurent<\/td>\n<td>9<\/td>\n<td>13<\/td>\n<\/tr>\n<tr>\n<td>11<\/td>\n<td>LABIE Dominique<\/td>\n<td>12<\/td>\n<td>9<\/td>\n<\/tr>\n<tr>\n<td>12<\/td>\n<td>Cabu Michael<\/td>\n<td>10<\/td>\n<td>10<\/td>\n<\/tr>\n<tr>\n<td>13<\/td>\n<td>BORENZSTEYN Didier<\/td>\n<td>8<\/td>\n<td>8<\/td>\n<\/tr>\n<tr>\n<td>14<\/td>\n<td>BEAUJEAN Nicolas<\/td>\n<td>6<\/td>\n<td>7<\/td>\n<\/tr>\n<tr>\n<td>15<\/td>\n<td>PAYEN Jean-Marie<\/td>\n<td>7<\/td>\n<td>5<\/td>\n<\/tr>\n<tr>\n<td>16<\/td>\n<td>DAIX Olivier<\/td>\n<td>5<\/td>\n<td>6<\/td>\n<\/tr>\n<tr>\n<td>17<\/td>\n<td>LEMOINE<\/td>\n<td>3<\/td>\n<td>4<\/td>\n<\/tr>\n<tr>\n<td>18<\/td>\n<td>RENSON Fabian<\/td>\n<td>4<\/td>\n<td>&#8212;<\/td>\n<\/tr>\n<tr>\n<td>19<\/td>\n<td>ANSART MARCEL<\/td>\n<td>1<\/td>\n<td>3<\/td>\n<\/tr>\n<tr>\n<td>20<\/td>\n<td>NAMUR Patric<\/td>\n<td>2<\/td>\n<td>1<\/td>\n<\/tr>\n<tr>\n<td>21<\/td>\n<td>VAN DER BORGHT David<\/td>\n<td>0<\/td>\n<td>2<\/td>\n<\/tr>\n<tr>\n<td><\/td>\n<td><\/td>\n<td><\/td>\n<td><\/td>\n<\/tr>\n<tr>\n<td><\/td>\n<td><strong>SENIORS + AMAT A<\/strong><\/td>\n<td><\/td>\n<td><\/td>\n<\/tr>\n<tr>\n<td><\/td>\n<td><\/td>\n<td><\/td>\n<td><\/td>\n<\/tr>\n<tr>\n<td>1<\/td>\n<td>ANCIAUX Nigel<\/td>\n<td>30<\/td>\n<td>30<\/td>\n<\/tr>\n<tr>\n<td>2<\/td>\n<td>LEGEVRE Dean<\/td>\n<td>24<\/td>\n<td>24<\/td>\n<\/tr>\n<tr>\n<td>3<\/td>\n<td>GOIS Mathieu<\/td>\n<td>18<\/td>\n<td>20<\/td>\n<\/tr>\n<tr>\n<td>4<\/td>\n<td>VAN THIELEN Kevin<\/td>\n<td>20<\/td>\n<td>16<\/td>\n<\/tr>\n<tr>\n<td>5<\/td>\n<td>Wirtz Franck<\/td>\n<td>16<\/td>\n<td>18<\/td>\n<\/tr>\n<tr>\n<td>6<\/td>\n<td>DEJARDIN Bertrand<\/td>\n<td>15<\/td>\n<td>15<\/td>\n<\/tr>\n<tr>\n<td>7<\/td>\n<td>Dubois Raphael<\/td>\n<td>14<\/td>\n<td>14<\/td>\n<\/tr>\n<tr>\n<td>8<\/td>\n<td>TEIXEIRA MOURA Miguel<\/td>\n<td>12<\/td>\n<td>13<\/td>\n<\/tr>\n<tr>\n<td>9<\/td>\n<td>VERSTRAETEN Martin<\/td>\n<td>13<\/td>\n<td>12<\/td>\n<\/tr>\n<tr>\n<td>10<\/td>\n<td>Rouyr Florent<\/td>\n<td>11<\/td>\n<td>11<\/td>\n<\/tr>\n<tr>\n<td>11<\/td>\n<td>DUBART John-William<\/td>\n<td>9<\/td>\n<td>10<\/td>\n<\/tr>\n<tr>\n<td>12<\/td>\n<td>ORBAN Kevin<\/td>\n<td>10<\/td>\n<td>9<\/td>\n<\/tr>\n<tr>\n<td>13<\/td>\n<td>LEMAITRE Christopher<\/td>\n<td>8<\/td>\n<td>8<\/td>\n<\/tr>\n<tr>\n<td>14<\/td>\n<td>DUPONT Lorenz<\/td>\n<td>0<\/td>\n<td>0<\/td>\n<\/tr>\n<tr>\n<td><\/td>\n<td><\/td>\n<td><\/td>\n<td><\/td>\n<\/tr>\n<tr>\n<td><\/td>\n<td><strong>INTERS + ELITE MX2<\/strong><\/td>\n<td><\/td>\n<td><\/td>\n<\/tr>\n<tr>\n<td><\/td>\n<td><\/td>\n<td><\/td>\n<td><\/td>\n<\/tr>\n<tr>\n<td>1<\/td>\n<td>Boulard Bryan<\/td>\n<td>22<\/td>\n<td>25<\/td>\n<\/tr>\n<tr>\n<td>2<\/td>\n<td>Delbrassinne Romain<\/td>\n<td>25<\/td>\n<td>22<\/td>\n<\/tr>\n<tr>\n<td>3<\/td>\n<td>Denil Noa<\/td>\n<td>16<\/td>\n<td>20<\/td>\n<\/tr>\n<tr>\n<td>4<\/td>\n<td>Guillaume Logan<\/td>\n<td>18<\/td>\n<td>18<\/td>\n<\/tr>\n<tr>\n<td>5<\/td>\n<td>Jordant Sam<\/td>\n<td>20<\/td>\n<td>16<\/td>\n<\/tr>\n<tr>\n<td>6<\/td>\n<td>Ligot Tom<\/td>\n<td>15<\/td>\n<td>15<\/td>\n<\/tr>\n<tr>\n<td>7<\/td>\n<td>VAN HOOFF David<\/td>\n<td>14<\/td>\n<td>14<\/td>\n<\/tr>\n<tr>\n<td><\/td>\n<td><\/td>\n<td><\/td>\n<td><\/td>\n<\/tr>\n<tr>\n<td><\/td>\n<td><strong>INTERS + ELITE MX1<\/strong><\/td>\n<td><\/td>\n<td><\/td>\n<\/tr>\n<tr>\n<td><\/td>\n<td><\/td>\n<td><\/td>\n<td><\/td>\n<\/tr>\n<tr>\n<td>1<\/td>\n<td>Doneux Benjamin<\/td>\n<td>25<\/td>\n<td>25<\/td>\n<\/tr>\n<tr>\n<td>2<\/td>\n<td>Lambillon Florent<\/td>\n<td>22<\/td>\n<td>22<\/td>\n<\/tr>\n<tr>\n<td>3<\/td>\n<td>DERYCKE Lucas<\/td>\n<td>20<\/td>\n<td>20<\/td>\n<\/tr>\n<tr>\n<td>4<\/td>\n<td>ROUGRAFF Franck<\/td>\n<td>18<\/td>\n<td>18<\/td>\n<\/tr>\n<tr>\n<td>5<\/td>\n<td>Cogolludo Quentin<\/td>\n<td>15<\/td>\n<td>16<\/td>\n<\/tr>\n<tr>\n<td>6<\/td>\n<td>VOETS Dorian<\/td>\n<td>13<\/td>\n<td>14<\/td>\n<\/tr>\n<tr>\n<td>7<\/td>\n<td>Henrard Johan<\/td>\n<td>11<\/td>\n<td>15<\/td>\n<\/tr>\n<tr>\n<td>8<\/td>\n<td>Javaux William<\/td>\n<td>14<\/td>\n<td>11<\/td>\n<\/tr>\n<tr>\n<td>9<\/td>\n<td>LEGROS Ludovic<\/td>\n<td>12<\/td>\n<td>12<\/td>\n<\/tr>\n<tr>\n<td>10<\/td>\n<td>Ghaye Didier<\/td>\n<td>10<\/td>\n<td>13<\/td>\n<\/tr>\n<tr>\n<td>11<\/td>\n<td>HENAUT Jean-Michel<\/td>\n<td>16<\/td>\n<td>0<\/td>\n<\/tr>\n<\/tbody>\n<\/table>\n<p>&nbsp;<\/p>\n","protected":false},"excerpt":{"rendered":"<p>Quelques semaines apr\u00e8s son lancement \u00e0 Cherain, le championnat de Wallonie de motocross s&rsquo;est poursuivi le week-end dernier en province de Hainaut, \u00e0 Solre-Saint-G\u00e9ry, dans la commune de Beaumont. Dans [&#8230;]<\/p>\n","protected":false},"author":932,"featured_media":118593,"comment_status":"open","ping_status":"closed","sticky":false,"template":"","format":"standard","meta":{"footnotes":""},"categories":[54,44,4,45,55,56,65],"tags":[1559,1504,947,1926],"class_list":["post-118588","post","type-post","status-publish","format-standard","has-post-thumbnail","hentry","category-actualite","category-kids","category-motocross","category-news-kids","category-news-actualite","category-resultats","category-slideshow","tag-benjamin-doneux","tag-bryan-boulard","tag-motocross","tag-quentin-delbrassinne"],"yoast_head":"<!-- This site is optimized with the Yoast SEO plugin v27.4 - https:\/\/yoast.com\/product\/yoast-seo-wordpress\/ -->\n<title>Solre-Saint-G\u00e9ry : Benjamin Doneux et Bryan Boulard vainqueurs - Motocross - Enduro - Supermoto | MotocrossMag<\/title>\n<meta name=\"robots\" content=\"index, follow, max-snippet:-1, max-image-preview:large, max-video-preview:-1\" \/>\n<link rel=\"canonical\" href=\"https:\/\/fr.motocrossmag.be\/index.php\/2022\/07\/solre-saint-gery-benjamin-doneux-et-bryan-boulard-vainqueurs\/\" \/>\n<meta property=\"og:locale\" content=\"fr_FR\" \/>\n<meta property=\"og:type\" content=\"article\" \/>\n<meta property=\"og:title\" content=\"Solre-Saint-G\u00e9ry : Benjamin Doneux et Bryan Boulard vainqueurs - Motocross - Enduro - Supermoto | MotocrossMag\" \/>\n<meta property=\"og:description\" content=\"Quelques semaines apr\u00e8s son lancement \u00e0 Cherain, le championnat de Wallonie de motocross s&rsquo;est poursuivi le week-end dernier en province de Hainaut, \u00e0 Solre-Saint-G\u00e9ry, dans la commune de Beaumont. Dans [...]\" \/>\n<meta property=\"og:url\" content=\"https:\/\/fr.motocrossmag.be\/index.php\/2022\/07\/solre-saint-gery-benjamin-doneux-et-bryan-boulard-vainqueurs\/\" \/>\n<meta property=\"og:site_name\" content=\"Motocross - Enduro - Supermoto | MotocrossMag\" \/>\n<meta property=\"article:published_time\" content=\"2022-07-13T05:34:58+00:00\" \/>\n<meta property=\"article:modified_time\" content=\"2022-07-13T11:11:52+00:00\" \/>\n<meta property=\"og:image\" content=\"https:\/\/fr.motocrossmag.be\/wp-content\/uploads\/2022\/07\/IMG_7752.jpg\" \/>\n\t<meta property=\"og:image:width\" content=\"1000\" \/>\n\t<meta property=\"og:image:height\" content=\"666\" \/>\n\t<meta property=\"og:image:type\" content=\"image\/jpeg\" \/>\n<meta name=\"author\" content=\"oliviere\" \/>\n<meta name=\"twitter:card\" content=\"summary_large_image\" \/>\n<meta name=\"twitter:label1\" content=\"\u00c9crit par\" \/>\n\t<meta name=\"twitter:data1\" content=\"oliviere\" \/>\n\t<meta name=\"twitter:label2\" content=\"Dur\u00e9e de lecture estim\u00e9e\" \/>\n\t<meta name=\"twitter:data2\" content=\"2 minutes\" \/>\n<script type=\"application\/ld+json\" class=\"yoast-schema-graph\">{\"@context\":\"https:\\\/\\\/schema.org\",\"@graph\":[{\"@type\":\"Article\",\"@id\":\"https:\\\/\\\/fr.motocrossmag.be\\\/index.php\\\/2022\\\/07\\\/solre-saint-gery-benjamin-doneux-et-bryan-boulard-vainqueurs\\\/#article\",\"isPartOf\":{\"@id\":\"https:\\\/\\\/fr.motocrossmag.be\\\/index.php\\\/2022\\\/07\\\/solre-saint-gery-benjamin-doneux-et-bryan-boulard-vainqueurs\\\/\"},\"author\":{\"name\":\"oliviere\",\"@id\":\"https:\\\/\\\/fr.motocrossmag.be\\\/#\\\/schema\\\/person\\\/11b47143d9f755babca2c9110e03235c\"},\"headline\":\"Solre-Saint-G\u00e9ry : Benjamin Doneux et Bryan Boulard vainqueurs\",\"datePublished\":\"2022-07-13T05:34:58+00:00\",\"dateModified\":\"2022-07-13T11:11:52+00:00\",\"mainEntityOfPage\":{\"@id\":\"https:\\\/\\\/fr.motocrossmag.be\\\/index.php\\\/2022\\\/07\\\/solre-saint-gery-benjamin-doneux-et-bryan-boulard-vainqueurs\\\/\"},\"wordCount\":414,\"commentCount\":0,\"image\":{\"@id\":\"https:\\\/\\\/fr.motocrossmag.be\\\/index.php\\\/2022\\\/07\\\/solre-saint-gery-benjamin-doneux-et-bryan-boulard-vainqueurs\\\/#primaryimage\"},\"thumbnailUrl\":\"https:\\\/\\\/fr.motocrossmag.be\\\/wp-content\\\/uploads\\\/2022\\\/07\\\/IMG_7752.jpg\",\"keywords\":[\"benjamin doneux\",\"bryan boulard\",\"Motocross\",\"quentin delbrassinne\"],\"articleSection\":[\"Actualit\u00e9\",\"Kids\",\"Motocross\",\"News\",\"News\",\"R\u00e9sultats\",\"Slideshow\"],\"inLanguage\":\"fr-FR\",\"potentialAction\":[{\"@type\":\"CommentAction\",\"name\":\"Comment\",\"target\":[\"https:\\\/\\\/fr.motocrossmag.be\\\/index.php\\\/2022\\\/07\\\/solre-saint-gery-benjamin-doneux-et-bryan-boulard-vainqueurs\\\/#respond\"]}]},{\"@type\":\"WebPage\",\"@id\":\"https:\\\/\\\/fr.motocrossmag.be\\\/index.php\\\/2022\\\/07\\\/solre-saint-gery-benjamin-doneux-et-bryan-boulard-vainqueurs\\\/\",\"url\":\"https:\\\/\\\/fr.motocrossmag.be\\\/index.php\\\/2022\\\/07\\\/solre-saint-gery-benjamin-doneux-et-bryan-boulard-vainqueurs\\\/\",\"name\":\"Solre-Saint-G\u00e9ry : Benjamin Doneux et Bryan Boulard vainqueurs - Motocross - Enduro - Supermoto | MotocrossMag\",\"isPartOf\":{\"@id\":\"https:\\\/\\\/fr.motocrossmag.be\\\/#website\"},\"primaryImageOfPage\":{\"@id\":\"https:\\\/\\\/fr.motocrossmag.be\\\/index.php\\\/2022\\\/07\\\/solre-saint-gery-benjamin-doneux-et-bryan-boulard-vainqueurs\\\/#primaryimage\"},\"image\":{\"@id\":\"https:\\\/\\\/fr.motocrossmag.be\\\/index.php\\\/2022\\\/07\\\/solre-saint-gery-benjamin-doneux-et-bryan-boulard-vainqueurs\\\/#primaryimage\"},\"thumbnailUrl\":\"https:\\\/\\\/fr.motocrossmag.be\\\/wp-content\\\/uploads\\\/2022\\\/07\\\/IMG_7752.jpg\",\"datePublished\":\"2022-07-13T05:34:58+00:00\",\"dateModified\":\"2022-07-13T11:11:52+00:00\",\"author\":{\"@id\":\"https:\\\/\\\/fr.motocrossmag.be\\\/#\\\/schema\\\/person\\\/11b47143d9f755babca2c9110e03235c\"},\"breadcrumb\":{\"@id\":\"https:\\\/\\\/fr.motocrossmag.be\\\/index.php\\\/2022\\\/07\\\/solre-saint-gery-benjamin-doneux-et-bryan-boulard-vainqueurs\\\/#breadcrumb\"},\"inLanguage\":\"fr-FR\",\"potentialAction\":[{\"@type\":\"ReadAction\",\"target\":[\"https:\\\/\\\/fr.motocrossmag.be\\\/index.php\\\/2022\\\/07\\\/solre-saint-gery-benjamin-doneux-et-bryan-boulard-vainqueurs\\\/\"]}]},{\"@type\":\"ImageObject\",\"inLanguage\":\"fr-FR\",\"@id\":\"https:\\\/\\\/fr.motocrossmag.be\\\/index.php\\\/2022\\\/07\\\/solre-saint-gery-benjamin-doneux-et-bryan-boulard-vainqueurs\\\/#primaryimage\",\"url\":\"https:\\\/\\\/fr.motocrossmag.be\\\/wp-content\\\/uploads\\\/2022\\\/07\\\/IMG_7752.jpg\",\"contentUrl\":\"https:\\\/\\\/fr.motocrossmag.be\\\/wp-content\\\/uploads\\\/2022\\\/07\\\/IMG_7752.jpg\",\"width\":\"1000\",\"height\":\"666\"},{\"@type\":\"BreadcrumbList\",\"@id\":\"https:\\\/\\\/fr.motocrossmag.be\\\/index.php\\\/2022\\\/07\\\/solre-saint-gery-benjamin-doneux-et-bryan-boulard-vainqueurs\\\/#breadcrumb\",\"itemListElement\":[{\"@type\":\"ListItem\",\"position\":1,\"name\":\"Accueil\",\"item\":\"https:\\\/\\\/fr.motocrossmag.be\\\/\"},{\"@type\":\"ListItem\",\"position\":2,\"name\":\"Solre-Saint-G\u00e9ry : Benjamin Doneux et Bryan Boulard vainqueurs\"}]},{\"@type\":\"WebSite\",\"@id\":\"https:\\\/\\\/fr.motocrossmag.be\\\/#website\",\"url\":\"https:\\\/\\\/fr.motocrossmag.be\\\/\",\"name\":\"Motocross - Enduro - Supermoto | MotocrossMag\",\"description\":\"L&#039;actualit\u00e9 du motocross, de l&#039;enduro et du Supermoto en ligne!\",\"potentialAction\":[{\"@type\":\"SearchAction\",\"target\":{\"@type\":\"EntryPoint\",\"urlTemplate\":\"https:\\\/\\\/fr.motocrossmag.be\\\/?s={search_term_string}\"},\"query-input\":{\"@type\":\"PropertyValueSpecification\",\"valueRequired\":true,\"valueName\":\"search_term_string\"}}],\"inLanguage\":\"fr-FR\"},{\"@type\":\"Person\",\"@id\":\"https:\\\/\\\/fr.motocrossmag.be\\\/#\\\/schema\\\/person\\\/11b47143d9f755babca2c9110e03235c\",\"name\":\"oliviere\",\"image\":{\"@type\":\"ImageObject\",\"inLanguage\":\"fr-FR\",\"@id\":\"https:\\\/\\\/secure.gravatar.com\\\/avatar\\\/907069e0b81d119452040469e4a7501da1100f54f7f80180ce77bfab718288f6?s=96&d=mm&r=g\",\"url\":\"https:\\\/\\\/secure.gravatar.com\\\/avatar\\\/907069e0b81d119452040469e4a7501da1100f54f7f80180ce77bfab718288f6?s=96&d=mm&r=g\",\"contentUrl\":\"https:\\\/\\\/secure.gravatar.com\\\/avatar\\\/907069e0b81d119452040469e4a7501da1100f54f7f80180ce77bfab718288f6?s=96&d=mm&r=g\",\"caption\":\"oliviere\"},\"sameAs\":[\"http:\\\/\\\/www.motocrossmag.be\"],\"url\":\"https:\\\/\\\/fr.motocrossmag.be\\\/index.php\\\/author\\\/oliviere\\\/\"}]}<\/script>\n<!-- \/ Yoast SEO plugin. -->","yoast_head_json":{"title":"Solre-Saint-G\u00e9ry : Benjamin Doneux et Bryan Boulard vainqueurs - Motocross - Enduro - Supermoto | MotocrossMag","robots":{"index":"index","follow":"follow","max-snippet":"max-snippet:-1","max-image-preview":"max-image-preview:large","max-video-preview":"max-video-preview:-1"},"canonical":"https:\/\/fr.motocrossmag.be\/index.php\/2022\/07\/solre-saint-gery-benjamin-doneux-et-bryan-boulard-vainqueurs\/","og_locale":"fr_FR","og_type":"article","og_title":"Solre-Saint-G\u00e9ry : Benjamin Doneux et Bryan Boulard vainqueurs - Motocross - Enduro - Supermoto | MotocrossMag","og_description":"Quelques semaines apr\u00e8s son lancement \u00e0 Cherain, le championnat de Wallonie de motocross s&rsquo;est poursuivi le week-end dernier en province de Hainaut, \u00e0 Solre-Saint-G\u00e9ry, dans la commune de Beaumont. Dans [...]","og_url":"https:\/\/fr.motocrossmag.be\/index.php\/2022\/07\/solre-saint-gery-benjamin-doneux-et-bryan-boulard-vainqueurs\/","og_site_name":"Motocross - Enduro - Supermoto | MotocrossMag","article_published_time":"2022-07-13T05:34:58+00:00","article_modified_time":"2022-07-13T11:11:52+00:00","og_image":[{"width":1000,"height":666,"url":"https:\/\/fr.motocrossmag.be\/wp-content\/uploads\/2022\/07\/IMG_7752.jpg","type":"image\/jpeg"}],"author":"oliviere","twitter_card":"summary_large_image","twitter_misc":{"\u00c9crit par":"oliviere","Dur\u00e9e de lecture estim\u00e9e":"2 minutes"},"schema":{"@context":"https:\/\/schema.org","@graph":[{"@type":"Article","@id":"https:\/\/fr.motocrossmag.be\/index.php\/2022\/07\/solre-saint-gery-benjamin-doneux-et-bryan-boulard-vainqueurs\/#article","isPartOf":{"@id":"https:\/\/fr.motocrossmag.be\/index.php\/2022\/07\/solre-saint-gery-benjamin-doneux-et-bryan-boulard-vainqueurs\/"},"author":{"name":"oliviere","@id":"https:\/\/fr.motocrossmag.be\/#\/schema\/person\/11b47143d9f755babca2c9110e03235c"},"headline":"Solre-Saint-G\u00e9ry : Benjamin Doneux et Bryan Boulard vainqueurs","datePublished":"2022-07-13T05:34:58+00:00","dateModified":"2022-07-13T11:11:52+00:00","mainEntityOfPage":{"@id":"https:\/\/fr.motocrossmag.be\/index.php\/2022\/07\/solre-saint-gery-benjamin-doneux-et-bryan-boulard-vainqueurs\/"},"wordCount":414,"commentCount":0,"image":{"@id":"https:\/\/fr.motocrossmag.be\/index.php\/2022\/07\/solre-saint-gery-benjamin-doneux-et-bryan-boulard-vainqueurs\/#primaryimage"},"thumbnailUrl":"https:\/\/fr.motocrossmag.be\/wp-content\/uploads\/2022\/07\/IMG_7752.jpg","keywords":["benjamin doneux","bryan boulard","Motocross","quentin delbrassinne"],"articleSection":["Actualit\u00e9","Kids","Motocross","News","News","R\u00e9sultats","Slideshow"],"inLanguage":"fr-FR","potentialAction":[{"@type":"CommentAction","name":"Comment","target":["https:\/\/fr.motocrossmag.be\/index.php\/2022\/07\/solre-saint-gery-benjamin-doneux-et-bryan-boulard-vainqueurs\/#respond"]}]},{"@type":"WebPage","@id":"https:\/\/fr.motocrossmag.be\/index.php\/2022\/07\/solre-saint-gery-benjamin-doneux-et-bryan-boulard-vainqueurs\/","url":"https:\/\/fr.motocrossmag.be\/index.php\/2022\/07\/solre-saint-gery-benjamin-doneux-et-bryan-boulard-vainqueurs\/","name":"Solre-Saint-G\u00e9ry : Benjamin Doneux et Bryan Boulard vainqueurs - Motocross - Enduro - Supermoto | MotocrossMag","isPartOf":{"@id":"https:\/\/fr.motocrossmag.be\/#website"},"primaryImageOfPage":{"@id":"https:\/\/fr.motocrossmag.be\/index.php\/2022\/07\/solre-saint-gery-benjamin-doneux-et-bryan-boulard-vainqueurs\/#primaryimage"},"image":{"@id":"https:\/\/fr.motocrossmag.be\/index.php\/2022\/07\/solre-saint-gery-benjamin-doneux-et-bryan-boulard-vainqueurs\/#primaryimage"},"thumbnailUrl":"https:\/\/fr.motocrossmag.be\/wp-content\/uploads\/2022\/07\/IMG_7752.jpg","datePublished":"2022-07-13T05:34:58+00:00","dateModified":"2022-07-13T11:11:52+00:00","author":{"@id":"https:\/\/fr.motocrossmag.be\/#\/schema\/person\/11b47143d9f755babca2c9110e03235c"},"breadcrumb":{"@id":"https:\/\/fr.motocrossmag.be\/index.php\/2022\/07\/solre-saint-gery-benjamin-doneux-et-bryan-boulard-vainqueurs\/#breadcrumb"},"inLanguage":"fr-FR","potentialAction":[{"@type":"ReadAction","target":["https:\/\/fr.motocrossmag.be\/index.php\/2022\/07\/solre-saint-gery-benjamin-doneux-et-bryan-boulard-vainqueurs\/"]}]},{"@type":"ImageObject","inLanguage":"fr-FR","@id":"https:\/\/fr.motocrossmag.be\/index.php\/2022\/07\/solre-saint-gery-benjamin-doneux-et-bryan-boulard-vainqueurs\/#primaryimage","url":"https:\/\/fr.motocrossmag.be\/wp-content\/uploads\/2022\/07\/IMG_7752.jpg","contentUrl":"https:\/\/fr.motocrossmag.be\/wp-content\/uploads\/2022\/07\/IMG_7752.jpg","width":"1000","height":"666"},{"@type":"BreadcrumbList","@id":"https:\/\/fr.motocrossmag.be\/index.php\/2022\/07\/solre-saint-gery-benjamin-doneux-et-bryan-boulard-vainqueurs\/#breadcrumb","itemListElement":[{"@type":"ListItem","position":1,"name":"Accueil","item":"https:\/\/fr.motocrossmag.be\/"},{"@type":"ListItem","position":2,"name":"Solre-Saint-G\u00e9ry : Benjamin Doneux et Bryan Boulard vainqueurs"}]},{"@type":"WebSite","@id":"https:\/\/fr.motocrossmag.be\/#website","url":"https:\/\/fr.motocrossmag.be\/","name":"Motocross - Enduro - Supermoto | MotocrossMag","description":"L&#039;actualit\u00e9 du motocross, de l&#039;enduro et du Supermoto en ligne!","potentialAction":[{"@type":"SearchAction","target":{"@type":"EntryPoint","urlTemplate":"https:\/\/fr.motocrossmag.be\/?s={search_term_string}"},"query-input":{"@type":"PropertyValueSpecification","valueRequired":true,"valueName":"search_term_string"}}],"inLanguage":"fr-FR"},{"@type":"Person","@id":"https:\/\/fr.motocrossmag.be\/#\/schema\/person\/11b47143d9f755babca2c9110e03235c","name":"oliviere","image":{"@type":"ImageObject","inLanguage":"fr-FR","@id":"https:\/\/secure.gravatar.com\/avatar\/907069e0b81d119452040469e4a7501da1100f54f7f80180ce77bfab718288f6?s=96&d=mm&r=g","url":"https:\/\/secure.gravatar.com\/avatar\/907069e0b81d119452040469e4a7501da1100f54f7f80180ce77bfab718288f6?s=96&d=mm&r=g","contentUrl":"https:\/\/secure.gravatar.com\/avatar\/907069e0b81d119452040469e4a7501da1100f54f7f80180ce77bfab718288f6?s=96&d=mm&r=g","caption":"oliviere"},"sameAs":["http:\/\/www.motocrossmag.be"],"url":"https:\/\/fr.motocrossmag.be\/index.php\/author\/oliviere\/"}]}},"_links":{"self":[{"href":"https:\/\/fr.motocrossmag.be\/index.php\/wp-json\/wp\/v2\/posts\/118588","targetHints":{"allow":["GET"]}}],"collection":[{"href":"https:\/\/fr.motocrossmag.be\/index.php\/wp-json\/wp\/v2\/posts"}],"about":[{"href":"https:\/\/fr.motocrossmag.be\/index.php\/wp-json\/wp\/v2\/types\/post"}],"author":[{"embeddable":true,"href":"https:\/\/fr.motocrossmag.be\/index.php\/wp-json\/wp\/v2\/users\/932"}],"replies":[{"embeddable":true,"href":"https:\/\/fr.motocrossmag.be\/index.php\/wp-json\/wp\/v2\/comments?post=118588"}],"version-history":[{"count":1,"href":"https:\/\/fr.motocrossmag.be\/index.php\/wp-json\/wp\/v2\/posts\/118588\/revisions"}],"predecessor-version":[{"id":118595,"href":"https:\/\/fr.motocrossmag.be\/index.php\/wp-json\/wp\/v2\/posts\/118588\/revisions\/118595"}],"wp:featuredmedia":[{"embeddable":true,"href":"https:\/\/fr.motocrossmag.be\/index.php\/wp-json\/wp\/v2\/media\/118593"}],"wp:attachment":[{"href":"https:\/\/fr.motocrossmag.be\/index.php\/wp-json\/wp\/v2\/media?parent=118588"}],"wp:term":[{"taxonomy":"category","embeddable":true,"href":"https:\/\/fr.motocrossmag.be\/index.php\/wp-json\/wp\/v2\/categories?post=118588"},{"taxonomy":"post_tag","embeddable":true,"href":"https:\/\/fr.motocrossmag.be\/index.php\/wp-json\/wp\/v2\/tags?post=118588"}],"curies":[{"name":"wp","href":"https:\/\/api.w.org\/{rel}","templated":true}]}}